{"id":228084,"date":"2024-06-18T08:15:57","date_gmt":"2024-06-18T12:15:57","guid":{"rendered":"https:\/\/www.eldiario.net\/portal\/?p=228084"},"modified":"2024-06-18T08:18:29","modified_gmt":"2024-06-18T12:18:29","slug":"argentina-realizo-su-segundo-entrenamiento-de-cara-a-la-copa-america","status":"publish","type":"post","link":"https:\/\/www.eldiario.net\/portal\/2024\/06\/18\/argentina-realizo-su-segundo-entrenamiento-de-cara-a-la-copa-america\/","title":{"rendered":"Argentina realiz\u00f3 su segundo entrenamiento de cara a la Copa Am\u00e9rica"},"content":{"rendered":"<p>La\u00a0selecci\u00f3n argentina\u00a0sigue calentando motores\u00a0para el debut del jueves, a las 21, frente a\u00a0Canad\u00e1.\u00a0La defensa del t\u00edtulo de la\u00a0Copa Am\u00e9rica\u00a0alimenta la ambici\u00f3n de un plantel que no se relaja. Otra vez con el calor como protagonista, la selecci\u00f3n empez\u00f3 su segundo entrenamiento, esta vez a puertas abiertas, al menos por un rato. Minutos antes de las 18 (hora local) el micro lleg\u00f3 desde el hotel de la capital de Georgia al campus de la\u00a0Kennesaw State University.<\/p>\n<p>El lugar hab\u00eda sido acondicionado por el grupo de colaboradores, encabezado por el preparador f\u00edsico, Luis Martin. Pero antes de entrar a la cancha, los jugadores fueron a una sesi\u00f3n de gimnasio y se hicieron esperar. El entrenamiento estaba previsto para las 17:30 HB pero se retras\u00f3. Ayer, Scaloni hab\u00eda dilatado la pr\u00e1ctica para evitar el agotamiento por las altas temperaturas.<\/p>\n<p>Pasadas las 18:37 (hora local) el equipo apareci\u00f3. La conducci\u00f3n t\u00e9cnica, con Scaloni, Aimar, Ayala y Samuel, hicieron reconocimiento del campo de juego. Mc Allister y Mart\u00ednez Quarta encabezaron la salida al c\u00e9sped, que luc\u00eda como un billar. Carboni (la incorporaci\u00f3n), Nico Gonz\u00e1lez y Pezzella los siguieron.<\/p>\n<p>Un minuto despu\u00e9s y juntos salieron Di Maria, Messi, Lo Celso y De Paul, la guardia pretoriana de la selecci\u00f3n.\u00a0A ellos y a Otamendi se los vio hablando con el preparador f\u00edsico. El resto de los jugadores armaron una ronda y practicaron con la pelota.<\/p>\n","protected":false},"excerpt":{"rendered":"<p>La\u00a0selecci\u00f3n argentina\u00a0sigue calentando motores\u00a0para el debut del jueves, a las 21, frente a\u00a0Canad\u00e1.\u00a0La defensa del t\u00edtulo de la\u00a0Copa Am\u00e9rica\u00a0alimenta la ambici\u00f3n de un plantel que no se relaja. Otra vez con el calor como protagonista, la selecci\u00f3n empez\u00f3 su segundo entrenamiento, esta vez a puertas abiertas, al menos por un rato. Minutos antes de las [&hellip;]<\/p>\n","protected":false},"author":2,"featured_media":228085,"comment_status":"open","ping_status":"open","sticky":false,"template":"","format":"standard","meta":{"_acf_changed":false,"footnotes":""},"categories":[6],"tags":[],"class_list":["post-228084","post","type-post","status-publish","format-standard","has-post-thumbnail","category-deportes"],"acf":{"antetitulo":""},"yoast_head":"<!-- This site is optimized with the Yoast SEO plugin v28.3 - https:\/\/yoast.com\/product\/yoast-seo-wordpress\/ -->\n<title>Argentina realiz\u00f3 su segundo entrenamiento de cara a la Copa Am\u00e9rica - El Diario - Bolivia<\/title>\n<meta name=\"robots\" content=\"index, follow, max-snippet:-1, max-image-preview:large, max-video-preview:-1\" \/>\n<link rel=\"canonical\" href=\"https:\/\/www.eldiario.net\/portal\/2024\/06\/18\/argentina-realizo-su-segundo-entrenamiento-de-cara-a-la-copa-america\/\" \/>\n<meta property=\"og:locale\" content=\"es_ES\" \/>\n<meta property=\"og:type\" content=\"article\" \/>\n<meta property=\"og:title\" content=\"Argentina realiz\u00f3 su segundo entrenamiento de cara a la Copa Am\u00e9rica - El Diario - Bolivia\" \/>\n<meta property=\"og:description\" content=\"La\u00a0selecci\u00f3n argentina\u00a0sigue calentando motores\u00a0para el debut del jueves, a las 21, frente a\u00a0Canad\u00e1.\u00a0La defensa del t\u00edtulo de la\u00a0Copa Am\u00e9rica\u00a0alimenta la ambici\u00f3n de un plantel que no se relaja. Otra vez con el calor como protagonista, la selecci\u00f3n empez\u00f3 su segundo entrenamiento, esta vez a puertas abiertas, al menos por un rato. Minutos antes de las [&hellip;]\" \/>\n<meta property=\"og:url\" content=\"https:\/\/www.eldiario.net\/portal\/2024\/06\/18\/argentina-realizo-su-segundo-entrenamiento-de-cara-a-la-copa-america\/\" \/>\n<meta property=\"og:site_name\" content=\"El Diario - Bolivia\" \/>\n<meta property=\"article:publisher\" content=\"https:\/\/www.facebook.com\/eldiario.bolivia\/\" \/>\n<meta property=\"article:published_time\" content=\"2024-06-18T12:15:57+00:00\" \/>\n<meta property=\"article:modified_time\" content=\"2024-06-18T12:18:29+00:00\" \/>\n<meta property=\"og:image\" content=\"https:\/\/www.eldiario.net\/portal\/wp-content\/uploads\/2024\/06\/arg.jpg\" \/>\n\t<meta property=\"og:image:width\" content=\"721\" \/>\n\t<meta property=\"og:image:height\" content=\"494\" \/>\n\t<meta property=\"og:image:type\" content=\"image\/jpeg\" \/>\n<meta name=\"author\" content=\"luis Camacho\" \/>\n<meta name=\"twitter:card\" content=\"summary_large_image\" \/>\n<meta name=\"twitter:creator\" content=\"@eldiario_net\" \/>\n<meta name=\"twitter:site\" content=\"@eldiario_net\" \/>\n<meta name=\"twitter:label1\" content=\"Escrito por\" \/>\n\t<meta name=\"twitter:data1\" content=\"luis Camacho\" \/>\n\t<meta name=\"twitter:label2\" content=\"Tiempo de lectura\" \/>\n\t<meta name=\"twitter:data2\" content=\"2 minutos\" \/>\n<script type=\"application\/ld+json\" class=\"yoast-schema-graph\">{\"@context\":\"https:\\\/\\\/schema.org\",\"@graph\":[{\"@type\":\"Article\",\"@id\":\"https:\\\/\\\/www.eldiario.net\\\/portal\\\/2024\\\/06\\\/18\\\/argentina-realizo-su-segundo-entrenamiento-de-cara-a-la-copa-america\\\/#article\",\"isPartOf\":{\"@id\":\"https:\\\/\\\/www.eldiario.net\\\/portal\\\/2024\\\/06\\\/18\\\/argentina-realizo-su-segundo-entrenamiento-de-cara-a-la-copa-america\\\/\"},\"author\":{\"name\":\"luis Camacho\",\"@id\":\"https:\\\/\\\/www.eldiario.net\\\/portal\\\/#\\\/schema\\\/person\\\/cab1ae4db27e5f008a62cbffb05fbfee\"},\"headline\":\"Argentina realiz\u00f3 su segundo entrenamiento de cara a la Copa Am\u00e9rica\",\"datePublished\":\"2024-06-18T12:15:57+00:00\",\"dateModified\":\"2024-06-18T12:18:29+00:00\",\"mainEntityOfPage\":{\"@id\":\"https:\\\/\\\/www.eldiario.net\\\/portal\\\/2024\\\/06\\\/18\\\/argentina-realizo-su-segundo-entrenamiento-de-cara-a-la-copa-america\\\/\"},\"wordCount\":265,\"commentCount\":0,\"publisher\":{\"@id\":\"https:\\\/\\\/www.eldiario.net\\\/portal\\\/#organization\"},\"image\":{\"@id\":\"https:\\\/\\\/www.eldiario.net\\\/portal\\\/2024\\\/06\\\/18\\\/argentina-realizo-su-segundo-entrenamiento-de-cara-a-la-copa-america\\\/#primaryimage\"},\"thumbnailUrl\":\"https:\\\/\\\/www.eldiario.net\\\/portal\\\/wp-content\\\/uploads\\\/2024\\\/06\\\/arg.jpg\",\"articleSection\":[\"Deportes\"],\"inLanguage\":\"es\",\"potentialAction\":[{\"@type\":\"CommentAction\",\"name\":\"Comment\",\"target\":[\"https:\\\/\\\/www.eldiario.net\\\/portal\\\/2024\\\/06\\\/18\\\/argentina-realizo-su-segundo-entrenamiento-de-cara-a-la-copa-america\\\/#respond\"]}]},{\"@type\":\"WebPage\",\"@id\":\"https:\\\/\\\/www.eldiario.net\\\/portal\\\/2024\\\/06\\\/18\\\/argentina-realizo-su-segundo-entrenamiento-de-cara-a-la-copa-america\\\/\",\"url\":\"https:\\\/\\\/www.eldiario.net\\\/portal\\\/2024\\\/06\\\/18\\\/argentina-realizo-su-segundo-entrenamiento-de-cara-a-la-copa-america\\\/\",\"name\":\"Argentina realiz\u00f3 su segundo entrenamiento de cara a la Copa Am\u00e9rica - El Diario - Bolivia\",\"isPartOf\":{\"@id\":\"https:\\\/\\\/www.eldiario.net\\\/portal\\\/#website\"},\"primaryImageOfPage\":{\"@id\":\"https:\\\/\\\/www.eldiario.net\\\/portal\\\/2024\\\/06\\\/18\\\/argentina-realizo-su-segundo-entrenamiento-de-cara-a-la-copa-america\\\/#primaryimage\"},\"image\":{\"@id\":\"https:\\\/\\\/www.eldiario.net\\\/portal\\\/2024\\\/06\\\/18\\\/argentina-realizo-su-segundo-entrenamiento-de-cara-a-la-copa-america\\\/#primaryimage\"},\"thumbnailUrl\":\"https:\\\/\\\/www.eldiario.net\\\/portal\\\/wp-content\\\/uploads\\\/2024\\\/06\\\/arg.jpg\",\"datePublished\":\"2024-06-18T12:15:57+00:00\",\"dateModified\":\"2024-06-18T12:18:29+00:00\",\"breadcrumb\":{\"@id\":\"https:\\\/\\\/www.eldiario.net\\\/portal\\\/2024\\\/06\\\/18\\\/argentina-realizo-su-segundo-entrenamiento-de-cara-a-la-copa-america\\\/#breadcrumb\"},\"inLanguage\":\"es\",\"potentialAction\":[{\"@type\":\"ReadAction\",\"target\":[\"https:\\\/\\\/www.eldiario.net\\\/portal\\\/2024\\\/06\\\/18\\\/argentina-realizo-su-segundo-entrenamiento-de-cara-a-la-copa-america\\\/\"]}]},{\"@type\":\"ImageObject\",\"inLanguage\":\"es\",\"@id\":\"https:\\\/\\\/www.eldiario.net\\\/portal\\\/2024\\\/06\\\/18\\\/argentina-realizo-su-segundo-entrenamiento-de-cara-a-la-copa-america\\\/#primaryimage\",\"url\":\"https:\\\/\\\/www.eldiario.net\\\/portal\\\/wp-content\\\/uploads\\\/2024\\\/06\\\/arg.jpg\",\"contentUrl\":\"https:\\\/\\\/www.eldiario.net\\\/portal\\\/wp-content\\\/uploads\\\/2024\\\/06\\\/arg.jpg\",\"width\":721,\"height\":494},{\"@type\":\"BreadcrumbList\",\"@id\":\"https:\\\/\\\/www.eldiario.net\\\/portal\\\/2024\\\/06\\\/18\\\/argentina-realizo-su-segundo-entrenamiento-de-cara-a-la-copa-america\\\/#breadcrumb\",\"itemListElement\":[{\"@type\":\"ListItem\",\"position\":1,\"name\":\"Portada\",\"item\":\"https:\\\/\\\/www.eldiario.net\\\/portal\\\/\"},{\"@type\":\"ListItem\",\"position\":2,\"name\":\"Argentina realiz\u00f3 su segundo entrenamiento de cara a la Copa Am\u00e9rica\"}]},{\"@type\":\"WebSite\",\"@id\":\"https:\\\/\\\/www.eldiario.net\\\/portal\\\/#website\",\"url\":\"https:\\\/\\\/www.eldiario.net\\\/portal\\\/\",\"name\":\"El Diario - Decano de la prensa nacional\",\"description\":\"El Diario - Decano de la prensa nacional\",\"publisher\":{\"@id\":\"https:\\\/\\\/www.eldiario.net\\\/portal\\\/#organization\"},\"potentialAction\":[{\"@type\":\"SearchAction\",\"target\":{\"@type\":\"EntryPoint\",\"urlTemplate\":\"https:\\\/\\\/www.eldiario.net\\\/portal\\\/?s={search_term_string}\"},\"query-input\":{\"@type\":\"PropertyValueSpecification\",\"valueRequired\":true,\"valueName\":\"search_term_string\"}}],\"inLanguage\":\"es\"},{\"@type\":\"Organization\",\"@id\":\"https:\\\/\\\/www.eldiario.net\\\/portal\\\/#organization\",\"name\":\"El Diario - Decano de la prensa nacional\",\"url\":\"https:\\\/\\\/www.eldiario.net\\\/portal\\\/\",\"logo\":{\"@type\":\"ImageObject\",\"inLanguage\":\"es\",\"@id\":\"https:\\\/\\\/www.eldiario.net\\\/portal\\\/#\\\/schema\\\/logo\\\/image\\\/\",\"url\":\"https:\\\/\\\/www.eldiario.net\\\/portal\\\/wp-content\\\/uploads\\\/2023\\\/07\\\/logo_ED.jpg\",\"contentUrl\":\"https:\\\/\\\/www.eldiario.net\\\/portal\\\/wp-content\\\/uploads\\\/2023\\\/07\\\/logo_ED.jpg\",\"width\":272,\"height\":52,\"caption\":\"El Diario - Decano de la prensa nacional\"},\"image\":{\"@id\":\"https:\\\/\\\/www.eldiario.net\\\/portal\\\/#\\\/schema\\\/logo\\\/image\\\/\"},\"sameAs\":[\"https:\\\/\\\/www.facebook.com\\\/eldiario.bolivia\\\/\",\"https:\\\/\\\/x.com\\\/eldiario_net\"]},{\"@type\":\"Person\",\"@id\":\"https:\\\/\\\/www.eldiario.net\\\/portal\\\/#\\\/schema\\\/person\\\/cab1ae4db27e5f008a62cbffb05fbfee\",\"name\":\"luis Camacho\",\"image\":{\"@type\":\"ImageObject\",\"inLanguage\":\"es\",\"@id\":\"https:\\\/\\\/secure.gravatar.com\\\/avatar\\\/69ecb836b3826d5a2501bf06ab2a2f2c8ab211cc846758f395df21684cb38313?s=96&d=mm&r=g\",\"url\":\"https:\\\/\\\/secure.gravatar.com\\\/avatar\\\/69ecb836b3826d5a2501bf06ab2a2f2c8ab211cc846758f395df21684cb38313?s=96&d=mm&r=g\",\"contentUrl\":\"https:\\\/\\\/secure.gravatar.com\\\/avatar\\\/69ecb836b3826d5a2501bf06ab2a2f2c8ab211cc846758f395df21684cb38313?s=96&d=mm&r=g\",\"caption\":\"luis Camacho\"},\"url\":\"https:\\\/\\\/www.eldiario.net\\\/portal\\\/author\\\/luis\\\/\"}]}<\/script>\n<!-- \/ Yoast SEO plugin. -->","yoast_head_json":{"title":"Argentina realiz\u00f3 su segundo entrenamiento de cara a la Copa Am\u00e9rica - El Diario - Bolivia","robots":{"index":"index","follow":"follow","max-snippet":"max-snippet:-1","max-image-preview":"max-image-preview:large","max-video-preview":"max-video-preview:-1"},"canonical":"https:\/\/www.eldiario.net\/portal\/2024\/06\/18\/argentina-realizo-su-segundo-entrenamiento-de-cara-a-la-copa-america\/","og_locale":"es_ES","og_type":"article","og_title":"Argentina realiz\u00f3 su segundo entrenamiento de cara a la Copa Am\u00e9rica - El Diario - Bolivia","og_description":"La\u00a0selecci\u00f3n argentina\u00a0sigue calentando motores\u00a0para el debut del jueves, a las 21, frente a\u00a0Canad\u00e1.\u00a0La defensa del t\u00edtulo de la\u00a0Copa Am\u00e9rica\u00a0alimenta la ambici\u00f3n de un plantel que no se relaja. Otra vez con el calor como protagonista, la selecci\u00f3n empez\u00f3 su segundo entrenamiento, esta vez a puertas abiertas, al menos por un rato. Minutos antes de las [&hellip;]","og_url":"https:\/\/www.eldiario.net\/portal\/2024\/06\/18\/argentina-realizo-su-segundo-entrenamiento-de-cara-a-la-copa-america\/","og_site_name":"El Diario - Bolivia","article_publisher":"https:\/\/www.facebook.com\/eldiario.bolivia\/","article_published_time":"2024-06-18T12:15:57+00:00","article_modified_time":"2024-06-18T12:18:29+00:00","og_image":[{"width":721,"height":494,"url":"https:\/\/www.eldiario.net\/portal\/wp-content\/uploads\/2024\/06\/arg.jpg","type":"image\/jpeg"}],"author":"luis Camacho","twitter_card":"summary_large_image","twitter_creator":"@eldiario_net","twitter_site":"@eldiario_net","twitter_misc":{"Escrito por":"luis Camacho","Tiempo de lectura":"2 minutos"},"schema":{"@context":"https:\/\/schema.org","@graph":[{"@type":"Article","@id":"https:\/\/www.eldiario.net\/portal\/2024\/06\/18\/argentina-realizo-su-segundo-entrenamiento-de-cara-a-la-copa-america\/#article","isPartOf":{"@id":"https:\/\/www.eldiario.net\/portal\/2024\/06\/18\/argentina-realizo-su-segundo-entrenamiento-de-cara-a-la-copa-america\/"},"author":{"name":"luis Camacho","@id":"https:\/\/www.eldiario.net\/portal\/#\/schema\/person\/cab1ae4db27e5f008a62cbffb05fbfee"},"headline":"Argentina realiz\u00f3 su segundo entrenamiento de cara a la Copa Am\u00e9rica","datePublished":"2024-06-18T12:15:57+00:00","dateModified":"2024-06-18T12:18:29+00:00","mainEntityOfPage":{"@id":"https:\/\/www.eldiario.net\/portal\/2024\/06\/18\/argentina-realizo-su-segundo-entrenamiento-de-cara-a-la-copa-america\/"},"wordCount":265,"commentCount":0,"publisher":{"@id":"https:\/\/www.eldiario.net\/portal\/#organization"},"image":{"@id":"https:\/\/www.eldiario.net\/portal\/2024\/06\/18\/argentina-realizo-su-segundo-entrenamiento-de-cara-a-la-copa-america\/#primaryimage"},"thumbnailUrl":"https:\/\/www.eldiario.net\/portal\/wp-content\/uploads\/2024\/06\/arg.jpg","articleSection":["Deportes"],"inLanguage":"es","potentialAction":[{"@type":"CommentAction","name":"Comment","target":["https:\/\/www.eldiario.net\/portal\/2024\/06\/18\/argentina-realizo-su-segundo-entrenamiento-de-cara-a-la-copa-america\/#respond"]}]},{"@type":"WebPage","@id":"https:\/\/www.eldiario.net\/portal\/2024\/06\/18\/argentina-realizo-su-segundo-entrenamiento-de-cara-a-la-copa-america\/","url":"https:\/\/www.eldiario.net\/portal\/2024\/06\/18\/argentina-realizo-su-segundo-entrenamiento-de-cara-a-la-copa-america\/","name":"Argentina realiz\u00f3 su segundo entrenamiento de cara a la Copa Am\u00e9rica - El Diario - Bolivia","isPartOf":{"@id":"https:\/\/www.eldiario.net\/portal\/#website"},"primaryImageOfPage":{"@id":"https:\/\/www.eldiario.net\/portal\/2024\/06\/18\/argentina-realizo-su-segundo-entrenamiento-de-cara-a-la-copa-america\/#primaryimage"},"image":{"@id":"https:\/\/www.eldiario.net\/portal\/2024\/06\/18\/argentina-realizo-su-segundo-entrenamiento-de-cara-a-la-copa-america\/#primaryimage"},"thumbnailUrl":"https:\/\/www.eldiario.net\/portal\/wp-content\/uploads\/2024\/06\/arg.jpg","datePublished":"2024-06-18T12:15:57+00:00","dateModified":"2024-06-18T12:18:29+00:00","breadcrumb":{"@id":"https:\/\/www.eldiario.net\/portal\/2024\/06\/18\/argentina-realizo-su-segundo-entrenamiento-de-cara-a-la-copa-america\/#breadcrumb"},"inLanguage":"es","potentialAction":[{"@type":"ReadAction","target":["https:\/\/www.eldiario.net\/portal\/2024\/06\/18\/argentina-realizo-su-segundo-entrenamiento-de-cara-a-la-copa-america\/"]}]},{"@type":"ImageObject","inLanguage":"es","@id":"https:\/\/www.eldiario.net\/portal\/2024\/06\/18\/argentina-realizo-su-segundo-entrenamiento-de-cara-a-la-copa-america\/#primaryimage","url":"https:\/\/www.eldiario.net\/portal\/wp-content\/uploads\/2024\/06\/arg.jpg","contentUrl":"https:\/\/www.eldiario.net\/portal\/wp-content\/uploads\/2024\/06\/arg.jpg","width":721,"height":494},{"@type":"BreadcrumbList","@id":"https:\/\/www.eldiario.net\/portal\/2024\/06\/18\/argentina-realizo-su-segundo-entrenamiento-de-cara-a-la-copa-america\/#breadcrumb","itemListElement":[{"@type":"ListItem","position":1,"name":"Portada","item":"https:\/\/www.eldiario.net\/portal\/"},{"@type":"ListItem","position":2,"name":"Argentina realiz\u00f3 su segundo entrenamiento de cara a la Copa Am\u00e9rica"}]},{"@type":"WebSite","@id":"https:\/\/www.eldiario.net\/portal\/#website","url":"https:\/\/www.eldiario.net\/portal\/","name":"El Diario - Decano de la prensa nacional","description":"El Diario - Decano de la prensa nacional","publisher":{"@id":"https:\/\/www.eldiario.net\/portal\/#organization"},"potentialAction":[{"@type":"SearchAction","target":{"@type":"EntryPoint","urlTemplate":"https:\/\/www.eldiario.net\/portal\/?s={search_term_string}"},"query-input":{"@type":"PropertyValueSpecification","valueRequired":true,"valueName":"search_term_string"}}],"inLanguage":"es"},{"@type":"Organization","@id":"https:\/\/www.eldiario.net\/portal\/#organization","name":"El Diario - Decano de la prensa nacional","url":"https:\/\/www.eldiario.net\/portal\/","logo":{"@type":"ImageObject","inLanguage":"es","@id":"https:\/\/www.eldiario.net\/portal\/#\/schema\/logo\/image\/","url":"https:\/\/www.eldiario.net\/portal\/wp-content\/uploads\/2023\/07\/logo_ED.jpg","contentUrl":"https:\/\/www.eldiario.net\/portal\/wp-content\/uploads\/2023\/07\/logo_ED.jpg","width":272,"height":52,"caption":"El Diario - Decano de la prensa nacional"},"image":{"@id":"https:\/\/www.eldiario.net\/portal\/#\/schema\/logo\/image\/"},"sameAs":["https:\/\/www.facebook.com\/eldiario.bolivia\/","https:\/\/x.com\/eldiario_net"]},{"@type":"Person","@id":"https:\/\/www.eldiario.net\/portal\/#\/schema\/person\/cab1ae4db27e5f008a62cbffb05fbfee","name":"luis Camacho","image":{"@type":"ImageObject","inLanguage":"es","@id":"https:\/\/secure.gravatar.com\/avatar\/69ecb836b3826d5a2501bf06ab2a2f2c8ab211cc846758f395df21684cb38313?s=96&d=mm&r=g","url":"https:\/\/secure.gravatar.com\/avatar\/69ecb836b3826d5a2501bf06ab2a2f2c8ab211cc846758f395df21684cb38313?s=96&d=mm&r=g","contentUrl":"https:\/\/secure.gravatar.com\/avatar\/69ecb836b3826d5a2501bf06ab2a2f2c8ab211cc846758f395df21684cb38313?s=96&d=mm&r=g","caption":"luis Camacho"},"url":"https:\/\/www.eldiario.net\/portal\/author\/luis\/"}]}},"_links":{"self":[{"href":"https:\/\/www.eldiario.net\/portal\/wp-json\/wp\/v2\/posts\/228084","targetHints":{"allow":["GET"]}}],"collection":[{"href":"https:\/\/www.eldiario.net\/portal\/wp-json\/wp\/v2\/posts"}],"about":[{"href":"https:\/\/www.eldiario.net\/portal\/wp-json\/wp\/v2\/types\/post"}],"author":[{"embeddable":true,"href":"https:\/\/www.eldiario.net\/portal\/wp-json\/wp\/v2\/users\/2"}],"replies":[{"embeddable":true,"href":"https:\/\/www.eldiario.net\/portal\/wp-json\/wp\/v2\/comments?post=228084"}],"version-history":[{"count":2,"href":"https:\/\/www.eldiario.net\/portal\/wp-json\/wp\/v2\/posts\/228084\/revisions"}],"predecessor-version":[{"id":228090,"href":"https:\/\/www.eldiario.net\/portal\/wp-json\/wp\/v2\/posts\/228084\/revisions\/228090"}],"wp:featuredmedia":[{"embeddable":true,"href":"https:\/\/www.eldiario.net\/portal\/wp-json\/wp\/v2\/media\/228085"}],"wp:attachment":[{"href":"https:\/\/www.eldiario.net\/portal\/wp-json\/wp\/v2\/media?parent=228084"}],"wp:term":[{"taxonomy":"category","embeddable":true,"href":"https:\/\/www.eldiario.net\/portal\/wp-json\/wp\/v2\/categories?post=228084"},{"taxonomy":"post_tag","embeddable":true,"href":"https:\/\/www.eldiario.net\/portal\/wp-json\/wp\/v2\/tags?post=228084"}],"curies":[{"name":"wp","href":"https:\/\/api.w.org\/{rel}","templated":true}]}}