{"id":228063,"date":"2024-06-18T01:18:30","date_gmt":"2024-06-18T05:18:30","guid":{"rendered":"https:\/\/www.eldiario.net\/portal\/?p=228063"},"modified":"2024-06-17T23:19:12","modified_gmt":"2024-06-18T03:19:12","slug":"filipinas-acusa-a-china-de-embestir-a-sus-barcos","status":"publish","type":"post","link":"https:\/\/www.eldiario.net\/portal\/2024\/06\/18\/filipinas-acusa-a-china-de-embestir-a-sus-barcos\/","title":{"rendered":"Filipinas acusa a China de  embestir a sus barcos"},"content":{"rendered":"<p>Buques filipinos y chinos colisionaron ayer cerca del banco de arena de Ayungin (Second Thomas Shoal, en ingl\u00e9s) en el mar de China Meridional, y ambas partes se acusaron mutuamente de ser las culpables del incidente.<\/p>\n<p>Conocido en chino como Arrecife de Ren\u2019ai, en los \u00faltimos meses se produjo un creciente n\u00famero de enfrentamientos entre buques chinos y filipinos en este banco de arena, a medida que Beijing intensificaba sus esfuerzos por imponer sus reivindicaciones en la zona en disputa.<\/p>\n<p>A menudo se produjeron durante los intentos filipinos de abastecer a una guarnici\u00f3n de tropas filipinas en un buque de la marina varado, el Sierra Madre, que sirve para hacer valer las reivindicaciones de Manila sobre el arrecife.<\/p>\n<p>El Second Thomas Shoal se encuentra a unos 200 kil\u00f3metros de la isla occidental filipina de Palawan y a m\u00e1s de 1.000 kil\u00f3metros de la masa continental m\u00e1s cercana a China, la isla de Hainan.<\/p>\n<p>La guardia costera china declar\u00f3 que un barco de reabastecimiento filipino que se encontraba en la zona hab\u00eda \u201cignorado muchas advertencias solemnes de la parte china\u201d.<\/p>\n<p>Se \u201cacerc\u00f3 al buque chino de forma poco profesional, lo que provoc\u00f3 una colisi\u00f3n\u201d, declar\u00f3 Beijing, acusando al barco de haber \u201cirrumpido ilegalmente en el mar cerca del arrecife de Ren\u2019ai\u201d.<\/p>\n<p>\u201cLa Guardia Costera china tom\u00f3 medidas de control contra el barco filipino de acuerdo con la ley\u201d, a\u00f1adi\u00f3.<\/p>\n<p>Pero las fuerzas armadas filipinas calificaron de \u201cenga\u00f1osa\u201d la versi\u00f3n china de los hechos, denunciando \u201cla presencia y acciones ilegales de buques chinos dentro de la zona econ\u00f3mica exclusiva de Filipinas\u201d.<\/p>\n<p>El grupo de trabajo nacional de Manila sobre el Mar de Filipinas Occidental declar\u00f3 posteriormente que los buques chinos hab\u00edan realizado maniobras peligrosas, incluidas embestidas y remolcadas\u201d.<\/p>\n<p>\u201cSus acciones pusieron en peligro la vida de nuestro personal y da\u00f1aron nuestras embarcaciones\u201d.<\/p>\n<p>El comunicado del gobierno filipino no precis\u00f3 qu\u00e9 barcos fueron embestidos ni el alcance de los da\u00f1os.<\/p>\n<p>Por su parte, el secretario de Defensa filipino, Gilberto C. Teodoro, se comprometi\u00f3 a defender la soberan\u00eda de su pa\u00eds, afirmando que el peligroso e imprudente comportamiento de China en el Mar de Filipinas Occidental ser\u00e1 resistido.<\/p>\n<p>\u201cAhora debe quedar claro para la comunidad internacional que las acciones de China son los verdaderos obst\u00e1culos para la paz y la estabilidad en el Mar de China Meridional\u201d, a\u00f1adi\u00f3.<\/p>\n<p>REIVINDICACIONES EXPANSIVAS<\/p>\n<p>Beijing reclama casi la totalidad del mar de China Meridional, haciendo caso omiso de las reivindicaciones de varios pa\u00edses del sudeste asi\u00e1tico, entre ellos Filipinas, y de una sentencia internacional que considera que su postura carece de base jur\u00eddica.<\/p>\n<p>Despliega barcos guardacostas y de otro tipo para patrullar las aguas y convirti\u00f3 varios arrecifes en islas artificiales militarizadas.<\/p>\n<p>En los \u00faltimos meses intensific\u00f3 sus acciones contra los barcos filipinos en la zona pr\u00f3xima a Second Thomas Shoal.<\/p>\n<p>Este mes, Manila acus\u00f3 a barcos chinos de apoderarse ilegalmente de alimentos y medicinas enviados desde el aire al puesto de avanzada filipino en la zona.<\/p>\n<p>Era la primera vez que se incautaban suministros, seg\u00fan el ej\u00e9rcito.<\/p>\n<p>El personal chino de las embarcaciones arroj\u00f3 posteriormente los art\u00edculos al agua, declar\u00f3 el portavoz de la Marina filipina para el Mar de Filipinas Occidental, comodoro Roy Vincent Trinidad.<\/p>\n<p>No estaba claro si pertenec\u00edan a la guardia costera o a la armada china, seg\u00fan el ej\u00e9rcito.<\/p>\n<p>China respondi\u00f3 insistiendo en que el Sierra Madre hab\u00eda encallado ilegalmente en el arrecife e inst\u00f3 a Filipinas a dejar de crear problemas.<\/p>\n<p>INCURSIONES PELIGROSAS<\/p>\n<p>El s\u00e1bado entraron en vigor las nuevas normas de los guardacostas chinos, en virtud de las cuales pueden detener a extranjeros por supuesta intrusi\u00f3n en el mar en disputa.<\/p>\n<p>Filipinas acus\u00f3 a los guardacostas chinos de comportamiento b\u00e1rbaro e inhumano contra sus barcos, y el Presidente Ferdinand Marcos ha calificado las nuevas normas de escalada muy preocupante.<\/p>\n<p>China defendi\u00f3 sus nuevas normas de guardacostas. Un portavoz del Ministerio de Asuntos Exteriores declar\u00f3 el mes pasado que su objetivo era mantener mejor el orden en el mar.<\/p>\n<p>Los buques guardacostas chinos utilizaron ca\u00f1ones de agua contra embarcaciones filipinas en m\u00faltiples ocasiones, y se produjeron colisiones en las que resultaron heridas tropas filipinas.<\/p>\n<p>El bloque del Grupo de los Siete critic\u00f3 el viernes lo que calific\u00f3 de incursiones \u201cpeligrosas\u201d de China en el Mar de China Meridional.<\/p>\n<p>Los enfrentamientos entre China y Filipinas hicieron temer un conflicto m\u00e1s amplio por el mar que podr\u00eda implicar a Estados Unidos y otros aliados.<\/p>\n<p>Por el mar de China Meridional transitan anualmente miles de millones de d\u00f3lares en comercio mar\u00edtimo, y se cree que bajo su lecho marino yacen enormes yacimientos de petr\u00f3leo y gas sin explotar, aunque las estimaciones var\u00edan enormemente. (Infobae\/Afp)<\/p>\n","protected":false},"excerpt":{"rendered":"<p>Buques filipinos y chinos colisionaron ayer cerca del banco de arena de Ayungin (Second Thomas Shoal, en ingl\u00e9s) en el mar de China Meridional, y ambas partes se acusaron mutuamente de ser las culpables del incidente. Conocido en chino como Arrecife de Ren\u2019ai, en los \u00faltimos meses se produjo un creciente n\u00famero de enfrentamientos entre [&hellip;]<\/p>\n","protected":false},"author":1,"featured_media":228064,"comment_status":"open","ping_status":"open","sticky":false,"template":"","format":"standard","meta":{"_acf_changed":false,"footnotes":""},"categories":[3],"tags":[],"class_list":["post-228063","post","type-post","status-publish","format-standard","has-post-thumbnail","category-internacional"],"acf":{"antetitulo":"Tensi\u00f3n en el Mar Meridional "},"yoast_head":"<!-- This site is optimized with the Yoast SEO plugin v28.3 - https:\/\/yoast.com\/product\/yoast-seo-wordpress\/ -->\n<title>Filipinas acusa a China de embestir a sus barcos - El Diario - Bolivia<\/title>\n<meta name=\"robots\" content=\"index, follow, max-snippet:-1, max-image-preview:large, max-video-preview:-1\" \/>\n<link rel=\"canonical\" href=\"https:\/\/www.eldiario.net\/portal\/2024\/06\/18\/filipinas-acusa-a-china-de-embestir-a-sus-barcos\/\" \/>\n<meta property=\"og:locale\" content=\"es_ES\" \/>\n<meta property=\"og:type\" content=\"article\" \/>\n<meta property=\"og:title\" content=\"Filipinas acusa a China de embestir a sus barcos - El Diario - Bolivia\" \/>\n<meta property=\"og:description\" content=\"Buques filipinos y chinos colisionaron ayer cerca del banco de arena de Ayungin (Second Thomas Shoal, en ingl\u00e9s) en el mar de China Meridional, y ambas partes se acusaron mutuamente de ser las culpables del incidente. Conocido en chino como Arrecife de Ren\u2019ai, en los \u00faltimos meses se produjo un creciente n\u00famero de enfrentamientos entre [&hellip;]\" \/>\n<meta property=\"og:url\" content=\"https:\/\/www.eldiario.net\/portal\/2024\/06\/18\/filipinas-acusa-a-china-de-embestir-a-sus-barcos\/\" \/>\n<meta property=\"og:site_name\" content=\"El Diario - Bolivia\" \/>\n<meta property=\"article:publisher\" content=\"https:\/\/www.facebook.com\/eldiario.bolivia\/\" \/>\n<meta property=\"article:published_time\" content=\"2024-06-18T05:18:30+00:00\" \/>\n<meta property=\"og:image\" content=\"https:\/\/www.eldiario.net\/portal\/wp-content\/uploads\/2024\/06\/BARCOS-FOTO.jpg\" \/>\n\t<meta property=\"og:image:width\" content=\"992\" \/>\n\t<meta property=\"og:image:height\" content=\"661\" \/>\n\t<meta property=\"og:image:type\" content=\"image\/jpeg\" \/>\n<meta name=\"author\" content=\"Jeanette\" \/>\n<meta name=\"twitter:card\" content=\"summary_large_image\" \/>\n<meta name=\"twitter:creator\" content=\"@eldiario_net\" \/>\n<meta name=\"twitter:site\" content=\"@eldiario_net\" \/>\n<meta name=\"twitter:label1\" content=\"Escrito por\" \/>\n\t<meta name=\"twitter:data1\" content=\"Jeanette\" \/>\n\t<meta name=\"twitter:label2\" content=\"Tiempo de lectura\" \/>\n\t<meta name=\"twitter:data2\" content=\"4 minutos\" \/>\n<script type=\"application\/ld+json\" class=\"yoast-schema-graph\">{\"@context\":\"https:\\\/\\\/schema.org\",\"@graph\":[{\"@type\":\"Article\",\"@id\":\"https:\\\/\\\/www.eldiario.net\\\/portal\\\/2024\\\/06\\\/18\\\/filipinas-acusa-a-china-de-embestir-a-sus-barcos\\\/#article\",\"isPartOf\":{\"@id\":\"https:\\\/\\\/www.eldiario.net\\\/portal\\\/2024\\\/06\\\/18\\\/filipinas-acusa-a-china-de-embestir-a-sus-barcos\\\/\"},\"author\":{\"name\":\"Jeanette\",\"@id\":\"https:\\\/\\\/www.eldiario.net\\\/portal\\\/#\\\/schema\\\/person\\\/f46445640444750d7d753ccd04ae01b7\"},\"headline\":\"Filipinas acusa a China de embestir a sus barcos\",\"datePublished\":\"2024-06-18T05:18:30+00:00\",\"mainEntityOfPage\":{\"@id\":\"https:\\\/\\\/www.eldiario.net\\\/portal\\\/2024\\\/06\\\/18\\\/filipinas-acusa-a-china-de-embestir-a-sus-barcos\\\/\"},\"wordCount\":821,\"commentCount\":0,\"publisher\":{\"@id\":\"https:\\\/\\\/www.eldiario.net\\\/portal\\\/#organization\"},\"image\":{\"@id\":\"https:\\\/\\\/www.eldiario.net\\\/portal\\\/2024\\\/06\\\/18\\\/filipinas-acusa-a-china-de-embestir-a-sus-barcos\\\/#primaryimage\"},\"thumbnailUrl\":\"https:\\\/\\\/www.eldiario.net\\\/portal\\\/wp-content\\\/uploads\\\/2024\\\/06\\\/BARCOS-FOTO.jpg\",\"articleSection\":[\"Internacional\"],\"inLanguage\":\"es\",\"potentialAction\":[{\"@type\":\"CommentAction\",\"name\":\"Comment\",\"target\":[\"https:\\\/\\\/www.eldiario.net\\\/portal\\\/2024\\\/06\\\/18\\\/filipinas-acusa-a-china-de-embestir-a-sus-barcos\\\/#respond\"]}]},{\"@type\":\"WebPage\",\"@id\":\"https:\\\/\\\/www.eldiario.net\\\/portal\\\/2024\\\/06\\\/18\\\/filipinas-acusa-a-china-de-embestir-a-sus-barcos\\\/\",\"url\":\"https:\\\/\\\/www.eldiario.net\\\/portal\\\/2024\\\/06\\\/18\\\/filipinas-acusa-a-china-de-embestir-a-sus-barcos\\\/\",\"name\":\"Filipinas acusa a China de embestir a sus barcos - El Diario - Bolivia\",\"isPartOf\":{\"@id\":\"https:\\\/\\\/www.eldiario.net\\\/portal\\\/#website\"},\"primaryImageOfPage\":{\"@id\":\"https:\\\/\\\/www.eldiario.net\\\/portal\\\/2024\\\/06\\\/18\\\/filipinas-acusa-a-china-de-embestir-a-sus-barcos\\\/#primaryimage\"},\"image\":{\"@id\":\"https:\\\/\\\/www.eldiario.net\\\/portal\\\/2024\\\/06\\\/18\\\/filipinas-acusa-a-china-de-embestir-a-sus-barcos\\\/#primaryimage\"},\"thumbnailUrl\":\"https:\\\/\\\/www.eldiario.net\\\/portal\\\/wp-content\\\/uploads\\\/2024\\\/06\\\/BARCOS-FOTO.jpg\",\"datePublished\":\"2024-06-18T05:18:30+00:00\",\"breadcrumb\":{\"@id\":\"https:\\\/\\\/www.eldiario.net\\\/portal\\\/2024\\\/06\\\/18\\\/filipinas-acusa-a-china-de-embestir-a-sus-barcos\\\/#breadcrumb\"},\"inLanguage\":\"es\",\"potentialAction\":[{\"@type\":\"ReadAction\",\"target\":[\"https:\\\/\\\/www.eldiario.net\\\/portal\\\/2024\\\/06\\\/18\\\/filipinas-acusa-a-china-de-embestir-a-sus-barcos\\\/\"]}]},{\"@type\":\"ImageObject\",\"inLanguage\":\"es\",\"@id\":\"https:\\\/\\\/www.eldiario.net\\\/portal\\\/2024\\\/06\\\/18\\\/filipinas-acusa-a-china-de-embestir-a-sus-barcos\\\/#primaryimage\",\"url\":\"https:\\\/\\\/www.eldiario.net\\\/portal\\\/wp-content\\\/uploads\\\/2024\\\/06\\\/BARCOS-FOTO.jpg\",\"contentUrl\":\"https:\\\/\\\/www.eldiario.net\\\/portal\\\/wp-content\\\/uploads\\\/2024\\\/06\\\/BARCOS-FOTO.jpg\",\"width\":992,\"height\":661,\"caption\":\"UN BARCO DE LA GUARDIA COSTERA CHINA BLOQUEA A BUQUE DE ABASTECIMIENTO FILIPINO. FOTO: Reuters\"},{\"@type\":\"BreadcrumbList\",\"@id\":\"https:\\\/\\\/www.eldiario.net\\\/portal\\\/2024\\\/06\\\/18\\\/filipinas-acusa-a-china-de-embestir-a-sus-barcos\\\/#breadcrumb\",\"itemListElement\":[{\"@type\":\"ListItem\",\"position\":1,\"name\":\"Portada\",\"item\":\"https:\\\/\\\/www.eldiario.net\\\/portal\\\/\"},{\"@type\":\"ListItem\",\"position\":2,\"name\":\"Filipinas acusa a China de embestir a sus barcos\"}]},{\"@type\":\"WebSite\",\"@id\":\"https:\\\/\\\/www.eldiario.net\\\/portal\\\/#website\",\"url\":\"https:\\\/\\\/www.eldiario.net\\\/portal\\\/\",\"name\":\"El Diario - Decano de la prensa nacional\",\"description\":\"El Diario - Decano de la prensa nacional\",\"publisher\":{\"@id\":\"https:\\\/\\\/www.eldiario.net\\\/portal\\\/#organization\"},\"potentialAction\":[{\"@type\":\"SearchAction\",\"target\":{\"@type\":\"EntryPoint\",\"urlTemplate\":\"https:\\\/\\\/www.eldiario.net\\\/portal\\\/?s={search_term_string}\"},\"query-input\":{\"@type\":\"PropertyValueSpecification\",\"valueRequired\":true,\"valueName\":\"search_term_string\"}}],\"inLanguage\":\"es\"},{\"@type\":\"Organization\",\"@id\":\"https:\\\/\\\/www.eldiario.net\\\/portal\\\/#organization\",\"name\":\"El Diario - Decano de la prensa nacional\",\"url\":\"https:\\\/\\\/www.eldiario.net\\\/portal\\\/\",\"logo\":{\"@type\":\"ImageObject\",\"inLanguage\":\"es\",\"@id\":\"https:\\\/\\\/www.eldiario.net\\\/portal\\\/#\\\/schema\\\/logo\\\/image\\\/\",\"url\":\"https:\\\/\\\/www.eldiario.net\\\/portal\\\/wp-content\\\/uploads\\\/2023\\\/07\\\/logo_ED.jpg\",\"contentUrl\":\"https:\\\/\\\/www.eldiario.net\\\/portal\\\/wp-content\\\/uploads\\\/2023\\\/07\\\/logo_ED.jpg\",\"width\":272,\"height\":52,\"caption\":\"El Diario - Decano de la prensa nacional\"},\"image\":{\"@id\":\"https:\\\/\\\/www.eldiario.net\\\/portal\\\/#\\\/schema\\\/logo\\\/image\\\/\"},\"sameAs\":[\"https:\\\/\\\/www.facebook.com\\\/eldiario.bolivia\\\/\",\"https:\\\/\\\/x.com\\\/eldiario_net\"]},{\"@type\":\"Person\",\"@id\":\"https:\\\/\\\/www.eldiario.net\\\/portal\\\/#\\\/schema\\\/person\\\/f46445640444750d7d753ccd04ae01b7\",\"name\":\"Jeanette\",\"image\":{\"@type\":\"ImageObject\",\"inLanguage\":\"es\",\"@id\":\"https:\\\/\\\/secure.gravatar.com\\\/avatar\\\/3ea2118a5f7dad2b7138b1187a6b7ee55f160b9968b66013c3a3ef39dd7e5798?s=96&d=mm&r=g\",\"url\":\"https:\\\/\\\/secure.gravatar.com\\\/avatar\\\/3ea2118a5f7dad2b7138b1187a6b7ee55f160b9968b66013c3a3ef39dd7e5798?s=96&d=mm&r=g\",\"contentUrl\":\"https:\\\/\\\/secure.gravatar.com\\\/avatar\\\/3ea2118a5f7dad2b7138b1187a6b7ee55f160b9968b66013c3a3ef39dd7e5798?s=96&d=mm&r=g\",\"caption\":\"Jeanette\"},\"sameAs\":[\"https:\\\/\\\/www.eldiario.net\\\/portal\"],\"url\":\"https:\\\/\\\/www.eldiario.net\\\/portal\\\/author\\\/jeanette\\\/\"}]}<\/script>\n<!-- \/ Yoast SEO plugin. -->","yoast_head_json":{"title":"Filipinas acusa a China de embestir a sus barcos - El Diario - Bolivia","robots":{"index":"index","follow":"follow","max-snippet":"max-snippet:-1","max-image-preview":"max-image-preview:large","max-video-preview":"max-video-preview:-1"},"canonical":"https:\/\/www.eldiario.net\/portal\/2024\/06\/18\/filipinas-acusa-a-china-de-embestir-a-sus-barcos\/","og_locale":"es_ES","og_type":"article","og_title":"Filipinas acusa a China de embestir a sus barcos - El Diario - Bolivia","og_description":"Buques filipinos y chinos colisionaron ayer cerca del banco de arena de Ayungin (Second Thomas Shoal, en ingl\u00e9s) en el mar de China Meridional, y ambas partes se acusaron mutuamente de ser las culpables del incidente. Conocido en chino como Arrecife de Ren\u2019ai, en los \u00faltimos meses se produjo un creciente n\u00famero de enfrentamientos entre [&hellip;]","og_url":"https:\/\/www.eldiario.net\/portal\/2024\/06\/18\/filipinas-acusa-a-china-de-embestir-a-sus-barcos\/","og_site_name":"El Diario - Bolivia","article_publisher":"https:\/\/www.facebook.com\/eldiario.bolivia\/","article_published_time":"2024-06-18T05:18:30+00:00","og_image":[{"width":992,"height":661,"url":"https:\/\/www.eldiario.net\/portal\/wp-content\/uploads\/2024\/06\/BARCOS-FOTO.jpg","type":"image\/jpeg"}],"author":"Jeanette","twitter_card":"summary_large_image","twitter_creator":"@eldiario_net","twitter_site":"@eldiario_net","twitter_misc":{"Escrito por":"Jeanette","Tiempo de lectura":"4 minutos"},"schema":{"@context":"https:\/\/schema.org","@graph":[{"@type":"Article","@id":"https:\/\/www.eldiario.net\/portal\/2024\/06\/18\/filipinas-acusa-a-china-de-embestir-a-sus-barcos\/#article","isPartOf":{"@id":"https:\/\/www.eldiario.net\/portal\/2024\/06\/18\/filipinas-acusa-a-china-de-embestir-a-sus-barcos\/"},"author":{"name":"Jeanette","@id":"https:\/\/www.eldiario.net\/portal\/#\/schema\/person\/f46445640444750d7d753ccd04ae01b7"},"headline":"Filipinas acusa a China de embestir a sus barcos","datePublished":"2024-06-18T05:18:30+00:00","mainEntityOfPage":{"@id":"https:\/\/www.eldiario.net\/portal\/2024\/06\/18\/filipinas-acusa-a-china-de-embestir-a-sus-barcos\/"},"wordCount":821,"commentCount":0,"publisher":{"@id":"https:\/\/www.eldiario.net\/portal\/#organization"},"image":{"@id":"https:\/\/www.eldiario.net\/portal\/2024\/06\/18\/filipinas-acusa-a-china-de-embestir-a-sus-barcos\/#primaryimage"},"thumbnailUrl":"https:\/\/www.eldiario.net\/portal\/wp-content\/uploads\/2024\/06\/BARCOS-FOTO.jpg","articleSection":["Internacional"],"inLanguage":"es","potentialAction":[{"@type":"CommentAction","name":"Comment","target":["https:\/\/www.eldiario.net\/portal\/2024\/06\/18\/filipinas-acusa-a-china-de-embestir-a-sus-barcos\/#respond"]}]},{"@type":"WebPage","@id":"https:\/\/www.eldiario.net\/portal\/2024\/06\/18\/filipinas-acusa-a-china-de-embestir-a-sus-barcos\/","url":"https:\/\/www.eldiario.net\/portal\/2024\/06\/18\/filipinas-acusa-a-china-de-embestir-a-sus-barcos\/","name":"Filipinas acusa a China de embestir a sus barcos - El Diario - Bolivia","isPartOf":{"@id":"https:\/\/www.eldiario.net\/portal\/#website"},"primaryImageOfPage":{"@id":"https:\/\/www.eldiario.net\/portal\/2024\/06\/18\/filipinas-acusa-a-china-de-embestir-a-sus-barcos\/#primaryimage"},"image":{"@id":"https:\/\/www.eldiario.net\/portal\/2024\/06\/18\/filipinas-acusa-a-china-de-embestir-a-sus-barcos\/#primaryimage"},"thumbnailUrl":"https:\/\/www.eldiario.net\/portal\/wp-content\/uploads\/2024\/06\/BARCOS-FOTO.jpg","datePublished":"2024-06-18T05:18:30+00:00","breadcrumb":{"@id":"https:\/\/www.eldiario.net\/portal\/2024\/06\/18\/filipinas-acusa-a-china-de-embestir-a-sus-barcos\/#breadcrumb"},"inLanguage":"es","potentialAction":[{"@type":"ReadAction","target":["https:\/\/www.eldiario.net\/portal\/2024\/06\/18\/filipinas-acusa-a-china-de-embestir-a-sus-barcos\/"]}]},{"@type":"ImageObject","inLanguage":"es","@id":"https:\/\/www.eldiario.net\/portal\/2024\/06\/18\/filipinas-acusa-a-china-de-embestir-a-sus-barcos\/#primaryimage","url":"https:\/\/www.eldiario.net\/portal\/wp-content\/uploads\/2024\/06\/BARCOS-FOTO.jpg","contentUrl":"https:\/\/www.eldiario.net\/portal\/wp-content\/uploads\/2024\/06\/BARCOS-FOTO.jpg","width":992,"height":661,"caption":"UN BARCO DE LA GUARDIA COSTERA CHINA BLOQUEA A BUQUE DE ABASTECIMIENTO FILIPINO. FOTO: Reuters"},{"@type":"BreadcrumbList","@id":"https:\/\/www.eldiario.net\/portal\/2024\/06\/18\/filipinas-acusa-a-china-de-embestir-a-sus-barcos\/#breadcrumb","itemListElement":[{"@type":"ListItem","position":1,"name":"Portada","item":"https:\/\/www.eldiario.net\/portal\/"},{"@type":"ListItem","position":2,"name":"Filipinas acusa a China de embestir a sus barcos"}]},{"@type":"WebSite","@id":"https:\/\/www.eldiario.net\/portal\/#website","url":"https:\/\/www.eldiario.net\/portal\/","name":"El Diario - Decano de la prensa nacional","description":"El Diario - Decano de la prensa nacional","publisher":{"@id":"https:\/\/www.eldiario.net\/portal\/#organization"},"potentialAction":[{"@type":"SearchAction","target":{"@type":"EntryPoint","urlTemplate":"https:\/\/www.eldiario.net\/portal\/?s={search_term_string}"},"query-input":{"@type":"PropertyValueSpecification","valueRequired":true,"valueName":"search_term_string"}}],"inLanguage":"es"},{"@type":"Organization","@id":"https:\/\/www.eldiario.net\/portal\/#organization","name":"El Diario - Decano de la prensa nacional","url":"https:\/\/www.eldiario.net\/portal\/","logo":{"@type":"ImageObject","inLanguage":"es","@id":"https:\/\/www.eldiario.net\/portal\/#\/schema\/logo\/image\/","url":"https:\/\/www.eldiario.net\/portal\/wp-content\/uploads\/2023\/07\/logo_ED.jpg","contentUrl":"https:\/\/www.eldiario.net\/portal\/wp-content\/uploads\/2023\/07\/logo_ED.jpg","width":272,"height":52,"caption":"El Diario - Decano de la prensa nacional"},"image":{"@id":"https:\/\/www.eldiario.net\/portal\/#\/schema\/logo\/image\/"},"sameAs":["https:\/\/www.facebook.com\/eldiario.bolivia\/","https:\/\/x.com\/eldiario_net"]},{"@type":"Person","@id":"https:\/\/www.eldiario.net\/portal\/#\/schema\/person\/f46445640444750d7d753ccd04ae01b7","name":"Jeanette","image":{"@type":"ImageObject","inLanguage":"es","@id":"https:\/\/secure.gravatar.com\/avatar\/3ea2118a5f7dad2b7138b1187a6b7ee55f160b9968b66013c3a3ef39dd7e5798?s=96&d=mm&r=g","url":"https:\/\/secure.gravatar.com\/avatar\/3ea2118a5f7dad2b7138b1187a6b7ee55f160b9968b66013c3a3ef39dd7e5798?s=96&d=mm&r=g","contentUrl":"https:\/\/secure.gravatar.com\/avatar\/3ea2118a5f7dad2b7138b1187a6b7ee55f160b9968b66013c3a3ef39dd7e5798?s=96&d=mm&r=g","caption":"Jeanette"},"sameAs":["https:\/\/www.eldiario.net\/portal"],"url":"https:\/\/www.eldiario.net\/portal\/author\/jeanette\/"}]}},"_links":{"self":[{"href":"https:\/\/www.eldiario.net\/portal\/wp-json\/wp\/v2\/posts\/228063","targetHints":{"allow":["GET"]}}],"collection":[{"href":"https:\/\/www.eldiario.net\/portal\/wp-json\/wp\/v2\/posts"}],"about":[{"href":"https:\/\/www.eldiario.net\/portal\/wp-json\/wp\/v2\/types\/post"}],"author":[{"embeddable":true,"href":"https:\/\/www.eldiario.net\/portal\/wp-json\/wp\/v2\/users\/1"}],"replies":[{"embeddable":true,"href":"https:\/\/www.eldiario.net\/portal\/wp-json\/wp\/v2\/comments?post=228063"}],"version-history":[{"count":1,"href":"https:\/\/www.eldiario.net\/portal\/wp-json\/wp\/v2\/posts\/228063\/revisions"}],"predecessor-version":[{"id":228065,"href":"https:\/\/www.eldiario.net\/portal\/wp-json\/wp\/v2\/posts\/228063\/revisions\/228065"}],"wp:featuredmedia":[{"embeddable":true,"href":"https:\/\/www.eldiario.net\/portal\/wp-json\/wp\/v2\/media\/228064"}],"wp:attachment":[{"href":"https:\/\/www.eldiario.net\/portal\/wp-json\/wp\/v2\/media?parent=228063"}],"wp:term":[{"taxonomy":"category","embeddable":true,"href":"https:\/\/www.eldiario.net\/portal\/wp-json\/wp\/v2\/categories?post=228063"},{"taxonomy":"post_tag","embeddable":true,"href":"https:\/\/www.eldiario.net\/portal\/wp-json\/wp\/v2\/tags?post=228063"}],"curies":[{"name":"wp","href":"https:\/\/api.w.org\/{rel}","templated":true}]}}