{"id":228060,"date":"2024-06-18T01:17:08","date_gmt":"2024-06-18T05:17:08","guid":{"rendered":"https:\/\/www.eldiario.net\/portal\/?p=228060"},"modified":"2024-06-17T23:18:11","modified_gmt":"2024-06-18T03:18:11","slug":"rusia-y-estados-unidos-confirman-posible-intercambio-de-presos","status":"publish","type":"post","link":"https:\/\/www.eldiario.net\/portal\/2024\/06\/18\/rusia-y-estados-unidos-confirman-posible-intercambio-de-presos\/","title":{"rendered":"Rusia y Estados Unidos confirman  posible intercambio de presos"},"content":{"rendered":"<p>El Kremlin confirm\u00f3 ayer la existencia de contactos con Estados Unidos en torno a un posible intercambio de prisioneros que incluya al periodista Evan Gershkovich, que trabaja para el diario &#8216;The Wall Street Journal&#8217;, que fue acusado de haber espiado para la Agencia Central de Inteligencia de Estados Unidos (CIA) sobre las actividades de una empresa militar rusa.<br \/>\n\u00abExisten este tipo de contactos, pero tienen lugar en un silencio informativo total\u00bb, dijo el portavoz de la Presidencia rusa, Dimitri Peskov, sin dar m\u00e1s detalles, seg\u00fan inform\u00f3 la agencia rusa de noticias Interfax. Las autoridades de Estados Unidos no se pronunciaron por el momento sobre este extremo.<br \/>\n\u00abQuiero recordar la reciente conversaci\u00f3n entre el presidente (ruso, Vladimir Putin) y los jefes de las agencias de noticias en San Petersburgo, cuando confirm\u00f3 que estos contactos existen\u00bb, manifest\u00f3, antes de insistir en que \u00abno pueden presentarse anuncios, comunicados o informaci\u00f3n nueva sobre este tema\u00bb.<br \/>\nLas palabras de Peskov llegaron horas despu\u00e9s de que el Tribunal Regional de Ekaterimburgo confirmara que el juicio contra Gershkovich, detenido a finales de marzo de 2023 &#8211;convirti\u00e9ndose as\u00ed en el primer periodista estadounidense detenido en Rusia desde el final de la Guerra Fr\u00eda, arrancar\u00e1 el 26 de junio a puerta cerrada. Peskov, tambi\u00e9n recalc\u00f3 que Mosc\u00fa no se va a pronunciar sobre el tema, dado que es una decisi\u00f3n de un tribunal.<br \/>\nEl propio Putin asegur\u00f3 en febrero en una entrevista con el periodista estadounidense Tucker Carlson que exist\u00eda la posibilidad de liberar al Gershkovich, siempre y cuando observe pasos rec\u00edprocos por parte de las autoridades norteamericanas. Washington y Mosc\u00fa, acordaron en el pasado varios canjes de presos. (Europa Press)<\/p>\n","protected":false},"excerpt":{"rendered":"<p>El Kremlin confirm\u00f3 ayer la existencia de contactos con Estados Unidos en torno a un posible intercambio de prisioneros que incluya al periodista Evan Gershkovich, que trabaja para el diario &#8216;The Wall Street Journal&#8217;, que fue acusado de haber espiado para la Agencia Central de Inteligencia de Estados Unidos (CIA) sobre las actividades de una [&hellip;]<\/p>\n","protected":false},"author":1,"featured_media":228061,"comment_status":"open","ping_status":"open","sticky":false,"template":"","format":"standard","meta":{"_acf_changed":false,"footnotes":""},"categories":[3],"tags":[],"class_list":["post-228060","post","type-post","status-publish","format-standard","has-post-thumbnail","category-internacional"],"acf":{"antetitulo":"Incluye a periodista Evan Gershkovich"},"yoast_head":"<!-- This site is optimized with the Yoast SEO plugin v28.3 - https:\/\/yoast.com\/product\/yoast-seo-wordpress\/ -->\n<title>Rusia y Estados Unidos confirman posible intercambio de presos - El Diario - Bolivia<\/title>\n<meta name=\"robots\" content=\"index, follow, max-snippet:-1, max-image-preview:large, max-video-preview:-1\" \/>\n<link rel=\"canonical\" href=\"https:\/\/www.eldiario.net\/portal\/2024\/06\/18\/rusia-y-estados-unidos-confirman-posible-intercambio-de-presos\/\" \/>\n<meta property=\"og:locale\" content=\"es_ES\" \/>\n<meta property=\"og:type\" content=\"article\" \/>\n<meta property=\"og:title\" content=\"Rusia y Estados Unidos confirman posible intercambio de presos - El Diario - Bolivia\" \/>\n<meta property=\"og:description\" content=\"El Kremlin confirm\u00f3 ayer la existencia de contactos con Estados Unidos en torno a un posible intercambio de prisioneros que incluya al periodista Evan Gershkovich, que trabaja para el diario &#8216;The Wall Street Journal&#8217;, que fue acusado de haber espiado para la Agencia Central de Inteligencia de Estados Unidos (CIA) sobre las actividades de una [&hellip;]\" \/>\n<meta property=\"og:url\" content=\"https:\/\/www.eldiario.net\/portal\/2024\/06\/18\/rusia-y-estados-unidos-confirman-posible-intercambio-de-presos\/\" \/>\n<meta property=\"og:site_name\" content=\"El Diario - Bolivia\" \/>\n<meta property=\"article:publisher\" content=\"https:\/\/www.facebook.com\/eldiario.bolivia\/\" \/>\n<meta property=\"article:published_time\" content=\"2024-06-18T05:17:08+00:00\" \/>\n<meta property=\"og:image\" content=\"https:\/\/www.eldiario.net\/portal\/wp-content\/uploads\/2024\/06\/CONFIRMAN-FOTO.jpg\" \/>\n\t<meta property=\"og:image:width\" content=\"1200\" \/>\n\t<meta property=\"og:image:height\" content=\"784\" \/>\n\t<meta property=\"og:image:type\" content=\"image\/jpeg\" \/>\n<meta name=\"author\" content=\"Jeanette\" \/>\n<meta name=\"twitter:card\" content=\"summary_large_image\" \/>\n<meta name=\"twitter:creator\" content=\"@eldiario_net\" \/>\n<meta name=\"twitter:site\" content=\"@eldiario_net\" \/>\n<meta name=\"twitter:label1\" content=\"Escrito por\" \/>\n\t<meta name=\"twitter:data1\" content=\"Jeanette\" \/>\n\t<meta name=\"twitter:label2\" content=\"Tiempo de lectura\" \/>\n\t<meta name=\"twitter:data2\" content=\"2 minutos\" \/>\n<script type=\"application\/ld+json\" class=\"yoast-schema-graph\">{\"@context\":\"https:\\\/\\\/schema.org\",\"@graph\":[{\"@type\":\"Article\",\"@id\":\"https:\\\/\\\/www.eldiario.net\\\/portal\\\/2024\\\/06\\\/18\\\/rusia-y-estados-unidos-confirman-posible-intercambio-de-presos\\\/#article\",\"isPartOf\":{\"@id\":\"https:\\\/\\\/www.eldiario.net\\\/portal\\\/2024\\\/06\\\/18\\\/rusia-y-estados-unidos-confirman-posible-intercambio-de-presos\\\/\"},\"author\":{\"name\":\"Jeanette\",\"@id\":\"https:\\\/\\\/www.eldiario.net\\\/portal\\\/#\\\/schema\\\/person\\\/f46445640444750d7d753ccd04ae01b7\"},\"headline\":\"Rusia y Estados Unidos confirman posible intercambio de presos\",\"datePublished\":\"2024-06-18T05:17:08+00:00\",\"mainEntityOfPage\":{\"@id\":\"https:\\\/\\\/www.eldiario.net\\\/portal\\\/2024\\\/06\\\/18\\\/rusia-y-estados-unidos-confirman-posible-intercambio-de-presos\\\/\"},\"wordCount\":290,\"commentCount\":0,\"publisher\":{\"@id\":\"https:\\\/\\\/www.eldiario.net\\\/portal\\\/#organization\"},\"image\":{\"@id\":\"https:\\\/\\\/www.eldiario.net\\\/portal\\\/2024\\\/06\\\/18\\\/rusia-y-estados-unidos-confirman-posible-intercambio-de-presos\\\/#primaryimage\"},\"thumbnailUrl\":\"https:\\\/\\\/www.eldiario.net\\\/portal\\\/wp-content\\\/uploads\\\/2024\\\/06\\\/CONFIRMAN-FOTO.jpg\",\"articleSection\":[\"Internacional\"],\"inLanguage\":\"es\",\"potentialAction\":[{\"@type\":\"CommentAction\",\"name\":\"Comment\",\"target\":[\"https:\\\/\\\/www.eldiario.net\\\/portal\\\/2024\\\/06\\\/18\\\/rusia-y-estados-unidos-confirman-posible-intercambio-de-presos\\\/#respond\"]}]},{\"@type\":\"WebPage\",\"@id\":\"https:\\\/\\\/www.eldiario.net\\\/portal\\\/2024\\\/06\\\/18\\\/rusia-y-estados-unidos-confirman-posible-intercambio-de-presos\\\/\",\"url\":\"https:\\\/\\\/www.eldiario.net\\\/portal\\\/2024\\\/06\\\/18\\\/rusia-y-estados-unidos-confirman-posible-intercambio-de-presos\\\/\",\"name\":\"Rusia y Estados Unidos confirman posible intercambio de presos - El Diario - Bolivia\",\"isPartOf\":{\"@id\":\"https:\\\/\\\/www.eldiario.net\\\/portal\\\/#website\"},\"primaryImageOfPage\":{\"@id\":\"https:\\\/\\\/www.eldiario.net\\\/portal\\\/2024\\\/06\\\/18\\\/rusia-y-estados-unidos-confirman-posible-intercambio-de-presos\\\/#primaryimage\"},\"image\":{\"@id\":\"https:\\\/\\\/www.eldiario.net\\\/portal\\\/2024\\\/06\\\/18\\\/rusia-y-estados-unidos-confirman-posible-intercambio-de-presos\\\/#primaryimage\"},\"thumbnailUrl\":\"https:\\\/\\\/www.eldiario.net\\\/portal\\\/wp-content\\\/uploads\\\/2024\\\/06\\\/CONFIRMAN-FOTO.jpg\",\"datePublished\":\"2024-06-18T05:17:08+00:00\",\"breadcrumb\":{\"@id\":\"https:\\\/\\\/www.eldiario.net\\\/portal\\\/2024\\\/06\\\/18\\\/rusia-y-estados-unidos-confirman-posible-intercambio-de-presos\\\/#breadcrumb\"},\"inLanguage\":\"es\",\"potentialAction\":[{\"@type\":\"ReadAction\",\"target\":[\"https:\\\/\\\/www.eldiario.net\\\/portal\\\/2024\\\/06\\\/18\\\/rusia-y-estados-unidos-confirman-posible-intercambio-de-presos\\\/\"]}]},{\"@type\":\"ImageObject\",\"inLanguage\":\"es\",\"@id\":\"https:\\\/\\\/www.eldiario.net\\\/portal\\\/2024\\\/06\\\/18\\\/rusia-y-estados-unidos-confirman-posible-intercambio-de-presos\\\/#primaryimage\",\"url\":\"https:\\\/\\\/www.eldiario.net\\\/portal\\\/wp-content\\\/uploads\\\/2024\\\/06\\\/CONFIRMAN-FOTO.jpg\",\"contentUrl\":\"https:\\\/\\\/www.eldiario.net\\\/portal\\\/wp-content\\\/uploads\\\/2024\\\/06\\\/CONFIRMAN-FOTO.jpg\",\"width\":1200,\"height\":784,\"caption\":\"EL PERIODISTA ESTADOUNIDENSE EVAN GERSHKOVICH FUE DETENIDO EN MARZO DE 2023. FOTO: Infobae\"},{\"@type\":\"BreadcrumbList\",\"@id\":\"https:\\\/\\\/www.eldiario.net\\\/portal\\\/2024\\\/06\\\/18\\\/rusia-y-estados-unidos-confirman-posible-intercambio-de-presos\\\/#breadcrumb\",\"itemListElement\":[{\"@type\":\"ListItem\",\"position\":1,\"name\":\"Portada\",\"item\":\"https:\\\/\\\/www.eldiario.net\\\/portal\\\/\"},{\"@type\":\"ListItem\",\"position\":2,\"name\":\"Rusia y Estados Unidos confirman posible intercambio de presos\"}]},{\"@type\":\"WebSite\",\"@id\":\"https:\\\/\\\/www.eldiario.net\\\/portal\\\/#website\",\"url\":\"https:\\\/\\\/www.eldiario.net\\\/portal\\\/\",\"name\":\"El Diario - Decano de la prensa nacional\",\"description\":\"El Diario - Decano de la prensa nacional\",\"publisher\":{\"@id\":\"https:\\\/\\\/www.eldiario.net\\\/portal\\\/#organization\"},\"potentialAction\":[{\"@type\":\"SearchAction\",\"target\":{\"@type\":\"EntryPoint\",\"urlTemplate\":\"https:\\\/\\\/www.eldiario.net\\\/portal\\\/?s={search_term_string}\"},\"query-input\":{\"@type\":\"PropertyValueSpecification\",\"valueRequired\":true,\"valueName\":\"search_term_string\"}}],\"inLanguage\":\"es\"},{\"@type\":\"Organization\",\"@id\":\"https:\\\/\\\/www.eldiario.net\\\/portal\\\/#organization\",\"name\":\"El Diario - Decano de la prensa nacional\",\"url\":\"https:\\\/\\\/www.eldiario.net\\\/portal\\\/\",\"logo\":{\"@type\":\"ImageObject\",\"inLanguage\":\"es\",\"@id\":\"https:\\\/\\\/www.eldiario.net\\\/portal\\\/#\\\/schema\\\/logo\\\/image\\\/\",\"url\":\"https:\\\/\\\/www.eldiario.net\\\/portal\\\/wp-content\\\/uploads\\\/2023\\\/07\\\/logo_ED.jpg\",\"contentUrl\":\"https:\\\/\\\/www.eldiario.net\\\/portal\\\/wp-content\\\/uploads\\\/2023\\\/07\\\/logo_ED.jpg\",\"width\":272,\"height\":52,\"caption\":\"El Diario - Decano de la prensa nacional\"},\"image\":{\"@id\":\"https:\\\/\\\/www.eldiario.net\\\/portal\\\/#\\\/schema\\\/logo\\\/image\\\/\"},\"sameAs\":[\"https:\\\/\\\/www.facebook.com\\\/eldiario.bolivia\\\/\",\"https:\\\/\\\/x.com\\\/eldiario_net\"]},{\"@type\":\"Person\",\"@id\":\"https:\\\/\\\/www.eldiario.net\\\/portal\\\/#\\\/schema\\\/person\\\/f46445640444750d7d753ccd04ae01b7\",\"name\":\"Jeanette\",\"image\":{\"@type\":\"ImageObject\",\"inLanguage\":\"es\",\"@id\":\"https:\\\/\\\/secure.gravatar.com\\\/avatar\\\/3ea2118a5f7dad2b7138b1187a6b7ee55f160b9968b66013c3a3ef39dd7e5798?s=96&d=mm&r=g\",\"url\":\"https:\\\/\\\/secure.gravatar.com\\\/avatar\\\/3ea2118a5f7dad2b7138b1187a6b7ee55f160b9968b66013c3a3ef39dd7e5798?s=96&d=mm&r=g\",\"contentUrl\":\"https:\\\/\\\/secure.gravatar.com\\\/avatar\\\/3ea2118a5f7dad2b7138b1187a6b7ee55f160b9968b66013c3a3ef39dd7e5798?s=96&d=mm&r=g\",\"caption\":\"Jeanette\"},\"sameAs\":[\"https:\\\/\\\/www.eldiario.net\\\/portal\"],\"url\":\"https:\\\/\\\/www.eldiario.net\\\/portal\\\/author\\\/jeanette\\\/\"}]}<\/script>\n<!-- \/ Yoast SEO plugin. -->","yoast_head_json":{"title":"Rusia y Estados Unidos confirman posible intercambio de presos - El Diario - Bolivia","robots":{"index":"index","follow":"follow","max-snippet":"max-snippet:-1","max-image-preview":"max-image-preview:large","max-video-preview":"max-video-preview:-1"},"canonical":"https:\/\/www.eldiario.net\/portal\/2024\/06\/18\/rusia-y-estados-unidos-confirman-posible-intercambio-de-presos\/","og_locale":"es_ES","og_type":"article","og_title":"Rusia y Estados Unidos confirman posible intercambio de presos - El Diario - Bolivia","og_description":"El Kremlin confirm\u00f3 ayer la existencia de contactos con Estados Unidos en torno a un posible intercambio de prisioneros que incluya al periodista Evan Gershkovich, que trabaja para el diario &#8216;The Wall Street Journal&#8217;, que fue acusado de haber espiado para la Agencia Central de Inteligencia de Estados Unidos (CIA) sobre las actividades de una [&hellip;]","og_url":"https:\/\/www.eldiario.net\/portal\/2024\/06\/18\/rusia-y-estados-unidos-confirman-posible-intercambio-de-presos\/","og_site_name":"El Diario - Bolivia","article_publisher":"https:\/\/www.facebook.com\/eldiario.bolivia\/","article_published_time":"2024-06-18T05:17:08+00:00","og_image":[{"width":1200,"height":784,"url":"https:\/\/www.eldiario.net\/portal\/wp-content\/uploads\/2024\/06\/CONFIRMAN-FOTO.jpg","type":"image\/jpeg"}],"author":"Jeanette","twitter_card":"summary_large_image","twitter_creator":"@eldiario_net","twitter_site":"@eldiario_net","twitter_misc":{"Escrito por":"Jeanette","Tiempo de lectura":"2 minutos"},"schema":{"@context":"https:\/\/schema.org","@graph":[{"@type":"Article","@id":"https:\/\/www.eldiario.net\/portal\/2024\/06\/18\/rusia-y-estados-unidos-confirman-posible-intercambio-de-presos\/#article","isPartOf":{"@id":"https:\/\/www.eldiario.net\/portal\/2024\/06\/18\/rusia-y-estados-unidos-confirman-posible-intercambio-de-presos\/"},"author":{"name":"Jeanette","@id":"https:\/\/www.eldiario.net\/portal\/#\/schema\/person\/f46445640444750d7d753ccd04ae01b7"},"headline":"Rusia y Estados Unidos confirman posible intercambio de presos","datePublished":"2024-06-18T05:17:08+00:00","mainEntityOfPage":{"@id":"https:\/\/www.eldiario.net\/portal\/2024\/06\/18\/rusia-y-estados-unidos-confirman-posible-intercambio-de-presos\/"},"wordCount":290,"commentCount":0,"publisher":{"@id":"https:\/\/www.eldiario.net\/portal\/#organization"},"image":{"@id":"https:\/\/www.eldiario.net\/portal\/2024\/06\/18\/rusia-y-estados-unidos-confirman-posible-intercambio-de-presos\/#primaryimage"},"thumbnailUrl":"https:\/\/www.eldiario.net\/portal\/wp-content\/uploads\/2024\/06\/CONFIRMAN-FOTO.jpg","articleSection":["Internacional"],"inLanguage":"es","potentialAction":[{"@type":"CommentAction","name":"Comment","target":["https:\/\/www.eldiario.net\/portal\/2024\/06\/18\/rusia-y-estados-unidos-confirman-posible-intercambio-de-presos\/#respond"]}]},{"@type":"WebPage","@id":"https:\/\/www.eldiario.net\/portal\/2024\/06\/18\/rusia-y-estados-unidos-confirman-posible-intercambio-de-presos\/","url":"https:\/\/www.eldiario.net\/portal\/2024\/06\/18\/rusia-y-estados-unidos-confirman-posible-intercambio-de-presos\/","name":"Rusia y Estados Unidos confirman posible intercambio de presos - El Diario - Bolivia","isPartOf":{"@id":"https:\/\/www.eldiario.net\/portal\/#website"},"primaryImageOfPage":{"@id":"https:\/\/www.eldiario.net\/portal\/2024\/06\/18\/rusia-y-estados-unidos-confirman-posible-intercambio-de-presos\/#primaryimage"},"image":{"@id":"https:\/\/www.eldiario.net\/portal\/2024\/06\/18\/rusia-y-estados-unidos-confirman-posible-intercambio-de-presos\/#primaryimage"},"thumbnailUrl":"https:\/\/www.eldiario.net\/portal\/wp-content\/uploads\/2024\/06\/CONFIRMAN-FOTO.jpg","datePublished":"2024-06-18T05:17:08+00:00","breadcrumb":{"@id":"https:\/\/www.eldiario.net\/portal\/2024\/06\/18\/rusia-y-estados-unidos-confirman-posible-intercambio-de-presos\/#breadcrumb"},"inLanguage":"es","potentialAction":[{"@type":"ReadAction","target":["https:\/\/www.eldiario.net\/portal\/2024\/06\/18\/rusia-y-estados-unidos-confirman-posible-intercambio-de-presos\/"]}]},{"@type":"ImageObject","inLanguage":"es","@id":"https:\/\/www.eldiario.net\/portal\/2024\/06\/18\/rusia-y-estados-unidos-confirman-posible-intercambio-de-presos\/#primaryimage","url":"https:\/\/www.eldiario.net\/portal\/wp-content\/uploads\/2024\/06\/CONFIRMAN-FOTO.jpg","contentUrl":"https:\/\/www.eldiario.net\/portal\/wp-content\/uploads\/2024\/06\/CONFIRMAN-FOTO.jpg","width":1200,"height":784,"caption":"EL PERIODISTA ESTADOUNIDENSE EVAN GERSHKOVICH FUE DETENIDO EN MARZO DE 2023. FOTO: Infobae"},{"@type":"BreadcrumbList","@id":"https:\/\/www.eldiario.net\/portal\/2024\/06\/18\/rusia-y-estados-unidos-confirman-posible-intercambio-de-presos\/#breadcrumb","itemListElement":[{"@type":"ListItem","position":1,"name":"Portada","item":"https:\/\/www.eldiario.net\/portal\/"},{"@type":"ListItem","position":2,"name":"Rusia y Estados Unidos confirman posible intercambio de presos"}]},{"@type":"WebSite","@id":"https:\/\/www.eldiario.net\/portal\/#website","url":"https:\/\/www.eldiario.net\/portal\/","name":"El Diario - Decano de la prensa nacional","description":"El Diario - Decano de la prensa nacional","publisher":{"@id":"https:\/\/www.eldiario.net\/portal\/#organization"},"potentialAction":[{"@type":"SearchAction","target":{"@type":"EntryPoint","urlTemplate":"https:\/\/www.eldiario.net\/portal\/?s={search_term_string}"},"query-input":{"@type":"PropertyValueSpecification","valueRequired":true,"valueName":"search_term_string"}}],"inLanguage":"es"},{"@type":"Organization","@id":"https:\/\/www.eldiario.net\/portal\/#organization","name":"El Diario - Decano de la prensa nacional","url":"https:\/\/www.eldiario.net\/portal\/","logo":{"@type":"ImageObject","inLanguage":"es","@id":"https:\/\/www.eldiario.net\/portal\/#\/schema\/logo\/image\/","url":"https:\/\/www.eldiario.net\/portal\/wp-content\/uploads\/2023\/07\/logo_ED.jpg","contentUrl":"https:\/\/www.eldiario.net\/portal\/wp-content\/uploads\/2023\/07\/logo_ED.jpg","width":272,"height":52,"caption":"El Diario - Decano de la prensa nacional"},"image":{"@id":"https:\/\/www.eldiario.net\/portal\/#\/schema\/logo\/image\/"},"sameAs":["https:\/\/www.facebook.com\/eldiario.bolivia\/","https:\/\/x.com\/eldiario_net"]},{"@type":"Person","@id":"https:\/\/www.eldiario.net\/portal\/#\/schema\/person\/f46445640444750d7d753ccd04ae01b7","name":"Jeanette","image":{"@type":"ImageObject","inLanguage":"es","@id":"https:\/\/secure.gravatar.com\/avatar\/3ea2118a5f7dad2b7138b1187a6b7ee55f160b9968b66013c3a3ef39dd7e5798?s=96&d=mm&r=g","url":"https:\/\/secure.gravatar.com\/avatar\/3ea2118a5f7dad2b7138b1187a6b7ee55f160b9968b66013c3a3ef39dd7e5798?s=96&d=mm&r=g","contentUrl":"https:\/\/secure.gravatar.com\/avatar\/3ea2118a5f7dad2b7138b1187a6b7ee55f160b9968b66013c3a3ef39dd7e5798?s=96&d=mm&r=g","caption":"Jeanette"},"sameAs":["https:\/\/www.eldiario.net\/portal"],"url":"https:\/\/www.eldiario.net\/portal\/author\/jeanette\/"}]}},"_links":{"self":[{"href":"https:\/\/www.eldiario.net\/portal\/wp-json\/wp\/v2\/posts\/228060","targetHints":{"allow":["GET"]}}],"collection":[{"href":"https:\/\/www.eldiario.net\/portal\/wp-json\/wp\/v2\/posts"}],"about":[{"href":"https:\/\/www.eldiario.net\/portal\/wp-json\/wp\/v2\/types\/post"}],"author":[{"embeddable":true,"href":"https:\/\/www.eldiario.net\/portal\/wp-json\/wp\/v2\/users\/1"}],"replies":[{"embeddable":true,"href":"https:\/\/www.eldiario.net\/portal\/wp-json\/wp\/v2\/comments?post=228060"}],"version-history":[{"count":1,"href":"https:\/\/www.eldiario.net\/portal\/wp-json\/wp\/v2\/posts\/228060\/revisions"}],"predecessor-version":[{"id":228062,"href":"https:\/\/www.eldiario.net\/portal\/wp-json\/wp\/v2\/posts\/228060\/revisions\/228062"}],"wp:featuredmedia":[{"embeddable":true,"href":"https:\/\/www.eldiario.net\/portal\/wp-json\/wp\/v2\/media\/228061"}],"wp:attachment":[{"href":"https:\/\/www.eldiario.net\/portal\/wp-json\/wp\/v2\/media?parent=228060"}],"wp:term":[{"taxonomy":"category","embeddable":true,"href":"https:\/\/www.eldiario.net\/portal\/wp-json\/wp\/v2\/categories?post=228060"},{"taxonomy":"post_tag","embeddable":true,"href":"https:\/\/www.eldiario.net\/portal\/wp-json\/wp\/v2\/tags?post=228060"}],"curies":[{"name":"wp","href":"https:\/\/api.w.org\/{rel}","templated":true}]}}