{"id":228057,"date":"2024-06-18T01:16:20","date_gmt":"2024-06-18T05:16:20","guid":{"rendered":"https:\/\/www.eldiario.net\/portal\/?p=228057"},"modified":"2024-06-17T23:17:02","modified_gmt":"2024-06-18T03:17:02","slug":"deciden-dar-luz-verde-a-ley-de-biodiversidad","status":"publish","type":"post","link":"https:\/\/www.eldiario.net\/portal\/2024\/06\/18\/deciden-dar-luz-verde-a-ley-de-biodiversidad\/","title":{"rendered":"Deciden dar luz verde  a ley de biodiversidad"},"content":{"rendered":"<p>Los Veintisiete adoptaron ayer la ley de restauraci\u00f3n de la naturaleza, que busca recuperar al menos el 20% de las zonas terrestres y marinas para 2030, que llevaba meses estancada en el Consejo, tras el cambio de posici\u00f3n de Austria, que respald\u00f3 la norma.<\/p>\n<p>La primera ley europea de biodiversidad sali\u00f3 adelante con el voto a favor de 20 Estados miembro, la abstenci\u00f3n de B\u00e9lgica y el rechazo de Finlandia, Italia, Hungr\u00eda, Pa\u00edses Bajos, Polonia y Suecia, que aleg\u00f3 su elevado gasto y su posible impacto sobre el sector agr\u00edcola.<\/p>\n<p>La regulaci\u00f3n, que fue acordada por el Consejo y el Parlamento Europeo en noviembre de 2023, depend\u00eda ahora de la adopci\u00f3n final por parte de los Estados miembro despu\u00e9s de que el pleno de la Euroc\u00e1mara la aprobase el pasado febrero en una ajustada votaci\u00f3n y tras convertirse en un s\u00edmbolo de divisi\u00f3n que enfrento a los defensores del Pacto Verde y del sector agr\u00edcola.<\/p>\n<p>La presidencia belga del Consejo agend\u00f3 ayer un nuevo debate al respecto y su posterior votaci\u00f3n despu\u00e9s de constatar el pasado 22 de marzo que la ley no contaba con la mayor\u00eda necesaria ya que Austria, B\u00e9lgica, Finlandia, Italia, Pa\u00edses Bajos, Polonia y Suecia expresaron reparos, a los que se uni\u00f3 adem\u00e1s Hungr\u00eda, en principio defensora del \u00abs\u00ed\u00bb, en un giro que desequilibr\u00f3 la balanza a favor de la minor\u00eda de bloqueo y amenaza con encallar el reglamento.<\/p>\n<p>Sin embargo, el cambio de posici\u00f3n de Austria, que ya anunci\u00f3 en redes su ministra de Medio Ambiente, Leonore Gewessler, restableci\u00f3 el equilibrio a favor del \u00abs\u00ed\u00bb pese a las desavenencias en el gobierno de coalici\u00f3n, pues el canciller austriaco, Karl Nehammer, solicit\u00f3 que se ignore el voto de su ministra porque el respaldo a la ley es contrario a la postura del propio Nehammer.<\/p>\n<p>Esta votaci\u00f3n supon\u00eda el paso final para que la ley entrase en vigor y era tambi\u00e9n la \u00faltima oportunidad de la presidencia belga de apuntarse el tanto, pese a haberse abstenido en la votaci\u00f3n debido tambi\u00e9n a reparos internos.<\/p>\n<p>\u00abEsta es la decisi\u00f3n correcta y lo que los ciudadanos, los cient\u00edficos y la industria segu\u00edan pidiendo. Todav\u00eda estamos en camino de revertir la p\u00e9rdida de biodiversidad, comencemos ahora a trabajar juntos y demostremos que la UE sigue liderando el camino\u00bb, destaco el comisario europeo de Medio Ambiente, Oc\u00e9anos y Pesca, Virginijus Sinkevicius.<\/p>\n<p>La adopci\u00f3n de la ley, fue ampliamente celebrada entre los defensores del Pacto Verde de Bruselas, como fue el caso de la presidenta del grupo de los Verdes en la Euroc\u00e1mara, Terry Reintke, que valor\u00f3 el \u00abfin del bloqueo\u00bb de una regulaci\u00f3n que considera \u00abcrucial\u00bb para que la UE alcance el objetivo clim\u00e1tico de Par\u00eds.<\/p>\n<p>Tambi\u00e9n la ONG Greenpeace festej\u00f3 la noticia a pesar del debilitamiento de la ley, pues considera que este acuerdo ofrece un rayo de esperanza para la naturaleza de Europa, las generaciones futuras y los medios de vida de las comunidades rurales. (Europa Press)<\/p>\n","protected":false},"excerpt":{"rendered":"<p>Los Veintisiete adoptaron ayer la ley de restauraci\u00f3n de la naturaleza, que busca recuperar al menos el 20% de las zonas terrestres y marinas para 2030, que llevaba meses estancada en el Consejo, tras el cambio de posici\u00f3n de Austria, que respald\u00f3 la norma. La primera ley europea de biodiversidad sali\u00f3 adelante con el voto [&hellip;]<\/p>\n","protected":false},"author":1,"featured_media":228058,"comment_status":"open","ping_status":"open","sticky":false,"template":"","format":"standard","meta":{"_acf_changed":false,"footnotes":""},"categories":[3],"tags":[],"class_list":["post-228057","post","type-post","status-publish","format-standard","has-post-thumbnail","category-internacional"],"acf":{"antetitulo":"Tras el cambio de posici\u00f3n de Austria"},"yoast_head":"<!-- This site is optimized with the Yoast SEO plugin v28.3 - https:\/\/yoast.com\/product\/yoast-seo-wordpress\/ -->\n<title>Deciden dar luz verde a ley de biodiversidad - El Diario - Bolivia<\/title>\n<meta name=\"robots\" content=\"index, follow, max-snippet:-1, max-image-preview:large, max-video-preview:-1\" \/>\n<link rel=\"canonical\" href=\"https:\/\/www.eldiario.net\/portal\/2024\/06\/18\/deciden-dar-luz-verde-a-ley-de-biodiversidad\/\" \/>\n<meta property=\"og:locale\" content=\"es_ES\" \/>\n<meta property=\"og:type\" content=\"article\" \/>\n<meta property=\"og:title\" content=\"Deciden dar luz verde a ley de biodiversidad - El Diario - Bolivia\" \/>\n<meta property=\"og:description\" content=\"Los Veintisiete adoptaron ayer la ley de restauraci\u00f3n de la naturaleza, que busca recuperar al menos el 20% de las zonas terrestres y marinas para 2030, que llevaba meses estancada en el Consejo, tras el cambio de posici\u00f3n de Austria, que respald\u00f3 la norma. La primera ley europea de biodiversidad sali\u00f3 adelante con el voto [&hellip;]\" \/>\n<meta property=\"og:url\" content=\"https:\/\/www.eldiario.net\/portal\/2024\/06\/18\/deciden-dar-luz-verde-a-ley-de-biodiversidad\/\" \/>\n<meta property=\"og:site_name\" content=\"El Diario - Bolivia\" \/>\n<meta property=\"article:publisher\" content=\"https:\/\/www.facebook.com\/eldiario.bolivia\/\" \/>\n<meta property=\"article:published_time\" content=\"2024-06-18T05:16:20+00:00\" \/>\n<meta property=\"og:image\" content=\"https:\/\/www.eldiario.net\/portal\/wp-content\/uploads\/2024\/06\/DAR-FOTO.jpg\" \/>\n\t<meta property=\"og:image:width\" content=\"1000\" \/>\n\t<meta property=\"og:image:height\" content=\"762\" \/>\n\t<meta property=\"og:image:type\" content=\"image\/jpeg\" \/>\n<meta name=\"author\" content=\"Jeanette\" \/>\n<meta name=\"twitter:card\" content=\"summary_large_image\" \/>\n<meta name=\"twitter:creator\" content=\"@eldiario_net\" \/>\n<meta name=\"twitter:site\" content=\"@eldiario_net\" \/>\n<meta name=\"twitter:label1\" content=\"Escrito por\" \/>\n\t<meta name=\"twitter:data1\" content=\"Jeanette\" \/>\n\t<meta name=\"twitter:label2\" content=\"Tiempo de lectura\" \/>\n\t<meta name=\"twitter:data2\" content=\"3 minutos\" \/>\n<script type=\"application\/ld+json\" class=\"yoast-schema-graph\">{\"@context\":\"https:\\\/\\\/schema.org\",\"@graph\":[{\"@type\":\"Article\",\"@id\":\"https:\\\/\\\/www.eldiario.net\\\/portal\\\/2024\\\/06\\\/18\\\/deciden-dar-luz-verde-a-ley-de-biodiversidad\\\/#article\",\"isPartOf\":{\"@id\":\"https:\\\/\\\/www.eldiario.net\\\/portal\\\/2024\\\/06\\\/18\\\/deciden-dar-luz-verde-a-ley-de-biodiversidad\\\/\"},\"author\":{\"name\":\"Jeanette\",\"@id\":\"https:\\\/\\\/www.eldiario.net\\\/portal\\\/#\\\/schema\\\/person\\\/f46445640444750d7d753ccd04ae01b7\"},\"headline\":\"Deciden dar luz verde a ley de biodiversidad\",\"datePublished\":\"2024-06-18T05:16:20+00:00\",\"mainEntityOfPage\":{\"@id\":\"https:\\\/\\\/www.eldiario.net\\\/portal\\\/2024\\\/06\\\/18\\\/deciden-dar-luz-verde-a-ley-de-biodiversidad\\\/\"},\"wordCount\":534,\"commentCount\":0,\"publisher\":{\"@id\":\"https:\\\/\\\/www.eldiario.net\\\/portal\\\/#organization\"},\"image\":{\"@id\":\"https:\\\/\\\/www.eldiario.net\\\/portal\\\/2024\\\/06\\\/18\\\/deciden-dar-luz-verde-a-ley-de-biodiversidad\\\/#primaryimage\"},\"thumbnailUrl\":\"https:\\\/\\\/www.eldiario.net\\\/portal\\\/wp-content\\\/uploads\\\/2024\\\/06\\\/DAR-FOTO.jpg\",\"articleSection\":[\"Internacional\"],\"inLanguage\":\"es\",\"potentialAction\":[{\"@type\":\"CommentAction\",\"name\":\"Comment\",\"target\":[\"https:\\\/\\\/www.eldiario.net\\\/portal\\\/2024\\\/06\\\/18\\\/deciden-dar-luz-verde-a-ley-de-biodiversidad\\\/#respond\"]}]},{\"@type\":\"WebPage\",\"@id\":\"https:\\\/\\\/www.eldiario.net\\\/portal\\\/2024\\\/06\\\/18\\\/deciden-dar-luz-verde-a-ley-de-biodiversidad\\\/\",\"url\":\"https:\\\/\\\/www.eldiario.net\\\/portal\\\/2024\\\/06\\\/18\\\/deciden-dar-luz-verde-a-ley-de-biodiversidad\\\/\",\"name\":\"Deciden dar luz verde a ley de biodiversidad - El Diario - Bolivia\",\"isPartOf\":{\"@id\":\"https:\\\/\\\/www.eldiario.net\\\/portal\\\/#website\"},\"primaryImageOfPage\":{\"@id\":\"https:\\\/\\\/www.eldiario.net\\\/portal\\\/2024\\\/06\\\/18\\\/deciden-dar-luz-verde-a-ley-de-biodiversidad\\\/#primaryimage\"},\"image\":{\"@id\":\"https:\\\/\\\/www.eldiario.net\\\/portal\\\/2024\\\/06\\\/18\\\/deciden-dar-luz-verde-a-ley-de-biodiversidad\\\/#primaryimage\"},\"thumbnailUrl\":\"https:\\\/\\\/www.eldiario.net\\\/portal\\\/wp-content\\\/uploads\\\/2024\\\/06\\\/DAR-FOTO.jpg\",\"datePublished\":\"2024-06-18T05:16:20+00:00\",\"breadcrumb\":{\"@id\":\"https:\\\/\\\/www.eldiario.net\\\/portal\\\/2024\\\/06\\\/18\\\/deciden-dar-luz-verde-a-ley-de-biodiversidad\\\/#breadcrumb\"},\"inLanguage\":\"es\",\"potentialAction\":[{\"@type\":\"ReadAction\",\"target\":[\"https:\\\/\\\/www.eldiario.net\\\/portal\\\/2024\\\/06\\\/18\\\/deciden-dar-luz-verde-a-ley-de-biodiversidad\\\/\"]}]},{\"@type\":\"ImageObject\",\"inLanguage\":\"es\",\"@id\":\"https:\\\/\\\/www.eldiario.net\\\/portal\\\/2024\\\/06\\\/18\\\/deciden-dar-luz-verde-a-ley-de-biodiversidad\\\/#primaryimage\",\"url\":\"https:\\\/\\\/www.eldiario.net\\\/portal\\\/wp-content\\\/uploads\\\/2024\\\/06\\\/DAR-FOTO.jpg\",\"contentUrl\":\"https:\\\/\\\/www.eldiario.net\\\/portal\\\/wp-content\\\/uploads\\\/2024\\\/06\\\/DAR-FOTO.jpg\",\"width\":1000,\"height\":762,\"caption\":\"LA PRIMERA LEY EUROPEA DE BIODIVERSIDAD FUE APROBADA CON VOTO DE 20 ESTADOS. FOTO: Europa Press\"},{\"@type\":\"BreadcrumbList\",\"@id\":\"https:\\\/\\\/www.eldiario.net\\\/portal\\\/2024\\\/06\\\/18\\\/deciden-dar-luz-verde-a-ley-de-biodiversidad\\\/#breadcrumb\",\"itemListElement\":[{\"@type\":\"ListItem\",\"position\":1,\"name\":\"Portada\",\"item\":\"https:\\\/\\\/www.eldiario.net\\\/portal\\\/\"},{\"@type\":\"ListItem\",\"position\":2,\"name\":\"Deciden dar luz verde a ley de biodiversidad\"}]},{\"@type\":\"WebSite\",\"@id\":\"https:\\\/\\\/www.eldiario.net\\\/portal\\\/#website\",\"url\":\"https:\\\/\\\/www.eldiario.net\\\/portal\\\/\",\"name\":\"El Diario - Decano de la prensa nacional\",\"description\":\"El Diario - Decano de la prensa nacional\",\"publisher\":{\"@id\":\"https:\\\/\\\/www.eldiario.net\\\/portal\\\/#organization\"},\"potentialAction\":[{\"@type\":\"SearchAction\",\"target\":{\"@type\":\"EntryPoint\",\"urlTemplate\":\"https:\\\/\\\/www.eldiario.net\\\/portal\\\/?s={search_term_string}\"},\"query-input\":{\"@type\":\"PropertyValueSpecification\",\"valueRequired\":true,\"valueName\":\"search_term_string\"}}],\"inLanguage\":\"es\"},{\"@type\":\"Organization\",\"@id\":\"https:\\\/\\\/www.eldiario.net\\\/portal\\\/#organization\",\"name\":\"El Diario - Decano de la prensa nacional\",\"url\":\"https:\\\/\\\/www.eldiario.net\\\/portal\\\/\",\"logo\":{\"@type\":\"ImageObject\",\"inLanguage\":\"es\",\"@id\":\"https:\\\/\\\/www.eldiario.net\\\/portal\\\/#\\\/schema\\\/logo\\\/image\\\/\",\"url\":\"https:\\\/\\\/www.eldiario.net\\\/portal\\\/wp-content\\\/uploads\\\/2023\\\/07\\\/logo_ED.jpg\",\"contentUrl\":\"https:\\\/\\\/www.eldiario.net\\\/portal\\\/wp-content\\\/uploads\\\/2023\\\/07\\\/logo_ED.jpg\",\"width\":272,\"height\":52,\"caption\":\"El Diario - Decano de la prensa nacional\"},\"image\":{\"@id\":\"https:\\\/\\\/www.eldiario.net\\\/portal\\\/#\\\/schema\\\/logo\\\/image\\\/\"},\"sameAs\":[\"https:\\\/\\\/www.facebook.com\\\/eldiario.bolivia\\\/\",\"https:\\\/\\\/x.com\\\/eldiario_net\"]},{\"@type\":\"Person\",\"@id\":\"https:\\\/\\\/www.eldiario.net\\\/portal\\\/#\\\/schema\\\/person\\\/f46445640444750d7d753ccd04ae01b7\",\"name\":\"Jeanette\",\"image\":{\"@type\":\"ImageObject\",\"inLanguage\":\"es\",\"@id\":\"https:\\\/\\\/secure.gravatar.com\\\/avatar\\\/3ea2118a5f7dad2b7138b1187a6b7ee55f160b9968b66013c3a3ef39dd7e5798?s=96&d=mm&r=g\",\"url\":\"https:\\\/\\\/secure.gravatar.com\\\/avatar\\\/3ea2118a5f7dad2b7138b1187a6b7ee55f160b9968b66013c3a3ef39dd7e5798?s=96&d=mm&r=g\",\"contentUrl\":\"https:\\\/\\\/secure.gravatar.com\\\/avatar\\\/3ea2118a5f7dad2b7138b1187a6b7ee55f160b9968b66013c3a3ef39dd7e5798?s=96&d=mm&r=g\",\"caption\":\"Jeanette\"},\"sameAs\":[\"https:\\\/\\\/www.eldiario.net\\\/portal\"],\"url\":\"https:\\\/\\\/www.eldiario.net\\\/portal\\\/author\\\/jeanette\\\/\"}]}<\/script>\n<!-- \/ Yoast SEO plugin. -->","yoast_head_json":{"title":"Deciden dar luz verde a ley de biodiversidad - El Diario - Bolivia","robots":{"index":"index","follow":"follow","max-snippet":"max-snippet:-1","max-image-preview":"max-image-preview:large","max-video-preview":"max-video-preview:-1"},"canonical":"https:\/\/www.eldiario.net\/portal\/2024\/06\/18\/deciden-dar-luz-verde-a-ley-de-biodiversidad\/","og_locale":"es_ES","og_type":"article","og_title":"Deciden dar luz verde a ley de biodiversidad - El Diario - Bolivia","og_description":"Los Veintisiete adoptaron ayer la ley de restauraci\u00f3n de la naturaleza, que busca recuperar al menos el 20% de las zonas terrestres y marinas para 2030, que llevaba meses estancada en el Consejo, tras el cambio de posici\u00f3n de Austria, que respald\u00f3 la norma. La primera ley europea de biodiversidad sali\u00f3 adelante con el voto [&hellip;]","og_url":"https:\/\/www.eldiario.net\/portal\/2024\/06\/18\/deciden-dar-luz-verde-a-ley-de-biodiversidad\/","og_site_name":"El Diario - Bolivia","article_publisher":"https:\/\/www.facebook.com\/eldiario.bolivia\/","article_published_time":"2024-06-18T05:16:20+00:00","og_image":[{"width":1000,"height":762,"url":"https:\/\/www.eldiario.net\/portal\/wp-content\/uploads\/2024\/06\/DAR-FOTO.jpg","type":"image\/jpeg"}],"author":"Jeanette","twitter_card":"summary_large_image","twitter_creator":"@eldiario_net","twitter_site":"@eldiario_net","twitter_misc":{"Escrito por":"Jeanette","Tiempo de lectura":"3 minutos"},"schema":{"@context":"https:\/\/schema.org","@graph":[{"@type":"Article","@id":"https:\/\/www.eldiario.net\/portal\/2024\/06\/18\/deciden-dar-luz-verde-a-ley-de-biodiversidad\/#article","isPartOf":{"@id":"https:\/\/www.eldiario.net\/portal\/2024\/06\/18\/deciden-dar-luz-verde-a-ley-de-biodiversidad\/"},"author":{"name":"Jeanette","@id":"https:\/\/www.eldiario.net\/portal\/#\/schema\/person\/f46445640444750d7d753ccd04ae01b7"},"headline":"Deciden dar luz verde a ley de biodiversidad","datePublished":"2024-06-18T05:16:20+00:00","mainEntityOfPage":{"@id":"https:\/\/www.eldiario.net\/portal\/2024\/06\/18\/deciden-dar-luz-verde-a-ley-de-biodiversidad\/"},"wordCount":534,"commentCount":0,"publisher":{"@id":"https:\/\/www.eldiario.net\/portal\/#organization"},"image":{"@id":"https:\/\/www.eldiario.net\/portal\/2024\/06\/18\/deciden-dar-luz-verde-a-ley-de-biodiversidad\/#primaryimage"},"thumbnailUrl":"https:\/\/www.eldiario.net\/portal\/wp-content\/uploads\/2024\/06\/DAR-FOTO.jpg","articleSection":["Internacional"],"inLanguage":"es","potentialAction":[{"@type":"CommentAction","name":"Comment","target":["https:\/\/www.eldiario.net\/portal\/2024\/06\/18\/deciden-dar-luz-verde-a-ley-de-biodiversidad\/#respond"]}]},{"@type":"WebPage","@id":"https:\/\/www.eldiario.net\/portal\/2024\/06\/18\/deciden-dar-luz-verde-a-ley-de-biodiversidad\/","url":"https:\/\/www.eldiario.net\/portal\/2024\/06\/18\/deciden-dar-luz-verde-a-ley-de-biodiversidad\/","name":"Deciden dar luz verde a ley de biodiversidad - El Diario - Bolivia","isPartOf":{"@id":"https:\/\/www.eldiario.net\/portal\/#website"},"primaryImageOfPage":{"@id":"https:\/\/www.eldiario.net\/portal\/2024\/06\/18\/deciden-dar-luz-verde-a-ley-de-biodiversidad\/#primaryimage"},"image":{"@id":"https:\/\/www.eldiario.net\/portal\/2024\/06\/18\/deciden-dar-luz-verde-a-ley-de-biodiversidad\/#primaryimage"},"thumbnailUrl":"https:\/\/www.eldiario.net\/portal\/wp-content\/uploads\/2024\/06\/DAR-FOTO.jpg","datePublished":"2024-06-18T05:16:20+00:00","breadcrumb":{"@id":"https:\/\/www.eldiario.net\/portal\/2024\/06\/18\/deciden-dar-luz-verde-a-ley-de-biodiversidad\/#breadcrumb"},"inLanguage":"es","potentialAction":[{"@type":"ReadAction","target":["https:\/\/www.eldiario.net\/portal\/2024\/06\/18\/deciden-dar-luz-verde-a-ley-de-biodiversidad\/"]}]},{"@type":"ImageObject","inLanguage":"es","@id":"https:\/\/www.eldiario.net\/portal\/2024\/06\/18\/deciden-dar-luz-verde-a-ley-de-biodiversidad\/#primaryimage","url":"https:\/\/www.eldiario.net\/portal\/wp-content\/uploads\/2024\/06\/DAR-FOTO.jpg","contentUrl":"https:\/\/www.eldiario.net\/portal\/wp-content\/uploads\/2024\/06\/DAR-FOTO.jpg","width":1000,"height":762,"caption":"LA PRIMERA LEY EUROPEA DE BIODIVERSIDAD FUE APROBADA CON VOTO DE 20 ESTADOS. FOTO: Europa Press"},{"@type":"BreadcrumbList","@id":"https:\/\/www.eldiario.net\/portal\/2024\/06\/18\/deciden-dar-luz-verde-a-ley-de-biodiversidad\/#breadcrumb","itemListElement":[{"@type":"ListItem","position":1,"name":"Portada","item":"https:\/\/www.eldiario.net\/portal\/"},{"@type":"ListItem","position":2,"name":"Deciden dar luz verde a ley de biodiversidad"}]},{"@type":"WebSite","@id":"https:\/\/www.eldiario.net\/portal\/#website","url":"https:\/\/www.eldiario.net\/portal\/","name":"El Diario - Decano de la prensa nacional","description":"El Diario - Decano de la prensa nacional","publisher":{"@id":"https:\/\/www.eldiario.net\/portal\/#organization"},"potentialAction":[{"@type":"SearchAction","target":{"@type":"EntryPoint","urlTemplate":"https:\/\/www.eldiario.net\/portal\/?s={search_term_string}"},"query-input":{"@type":"PropertyValueSpecification","valueRequired":true,"valueName":"search_term_string"}}],"inLanguage":"es"},{"@type":"Organization","@id":"https:\/\/www.eldiario.net\/portal\/#organization","name":"El Diario - Decano de la prensa nacional","url":"https:\/\/www.eldiario.net\/portal\/","logo":{"@type":"ImageObject","inLanguage":"es","@id":"https:\/\/www.eldiario.net\/portal\/#\/schema\/logo\/image\/","url":"https:\/\/www.eldiario.net\/portal\/wp-content\/uploads\/2023\/07\/logo_ED.jpg","contentUrl":"https:\/\/www.eldiario.net\/portal\/wp-content\/uploads\/2023\/07\/logo_ED.jpg","width":272,"height":52,"caption":"El Diario - Decano de la prensa nacional"},"image":{"@id":"https:\/\/www.eldiario.net\/portal\/#\/schema\/logo\/image\/"},"sameAs":["https:\/\/www.facebook.com\/eldiario.bolivia\/","https:\/\/x.com\/eldiario_net"]},{"@type":"Person","@id":"https:\/\/www.eldiario.net\/portal\/#\/schema\/person\/f46445640444750d7d753ccd04ae01b7","name":"Jeanette","image":{"@type":"ImageObject","inLanguage":"es","@id":"https:\/\/secure.gravatar.com\/avatar\/3ea2118a5f7dad2b7138b1187a6b7ee55f160b9968b66013c3a3ef39dd7e5798?s=96&d=mm&r=g","url":"https:\/\/secure.gravatar.com\/avatar\/3ea2118a5f7dad2b7138b1187a6b7ee55f160b9968b66013c3a3ef39dd7e5798?s=96&d=mm&r=g","contentUrl":"https:\/\/secure.gravatar.com\/avatar\/3ea2118a5f7dad2b7138b1187a6b7ee55f160b9968b66013c3a3ef39dd7e5798?s=96&d=mm&r=g","caption":"Jeanette"},"sameAs":["https:\/\/www.eldiario.net\/portal"],"url":"https:\/\/www.eldiario.net\/portal\/author\/jeanette\/"}]}},"_links":{"self":[{"href":"https:\/\/www.eldiario.net\/portal\/wp-json\/wp\/v2\/posts\/228057","targetHints":{"allow":["GET"]}}],"collection":[{"href":"https:\/\/www.eldiario.net\/portal\/wp-json\/wp\/v2\/posts"}],"about":[{"href":"https:\/\/www.eldiario.net\/portal\/wp-json\/wp\/v2\/types\/post"}],"author":[{"embeddable":true,"href":"https:\/\/www.eldiario.net\/portal\/wp-json\/wp\/v2\/users\/1"}],"replies":[{"embeddable":true,"href":"https:\/\/www.eldiario.net\/portal\/wp-json\/wp\/v2\/comments?post=228057"}],"version-history":[{"count":1,"href":"https:\/\/www.eldiario.net\/portal\/wp-json\/wp\/v2\/posts\/228057\/revisions"}],"predecessor-version":[{"id":228059,"href":"https:\/\/www.eldiario.net\/portal\/wp-json\/wp\/v2\/posts\/228057\/revisions\/228059"}],"wp:featuredmedia":[{"embeddable":true,"href":"https:\/\/www.eldiario.net\/portal\/wp-json\/wp\/v2\/media\/228058"}],"wp:attachment":[{"href":"https:\/\/www.eldiario.net\/portal\/wp-json\/wp\/v2\/media?parent=228057"}],"wp:term":[{"taxonomy":"category","embeddable":true,"href":"https:\/\/www.eldiario.net\/portal\/wp-json\/wp\/v2\/categories?post=228057"},{"taxonomy":"post_tag","embeddable":true,"href":"https:\/\/www.eldiario.net\/portal\/wp-json\/wp\/v2\/tags?post=228057"}],"curies":[{"name":"wp","href":"https:\/\/api.w.org\/{rel}","templated":true}]}}