{"id":228054,"date":"2024-06-18T01:12:15","date_gmt":"2024-06-18T05:12:15","guid":{"rendered":"https:\/\/www.eldiario.net\/portal\/?p=228054"},"modified":"2024-06-17T23:12:49","modified_gmt":"2024-06-18T03:12:49","slug":"benjamin-netanyahu-disuelve-gabinete-de-guerra-de-israel","status":"publish","type":"post","link":"https:\/\/www.eldiario.net\/portal\/2024\/06\/18\/benjamin-netanyahu-disuelve-gabinete-de-guerra-de-israel\/","title":{"rendered":"Benjam\u00edn Netanyahu disuelve  Gabinete de Guerra de Israel"},"content":{"rendered":"<p>El primer Ministro de Israel, Benjam\u00edn Netanyahu, disolvi\u00f3 el Gabinete de Guerra, el mecanismo creado el 11 de octubre para tomar las decisiones sobre la operaci\u00f3n militar en la Franja de Gaza a ra\u00edz del ataque de Ham\u00e1s unos d\u00edas antes.<\/p>\n<p>La informaci\u00f3n fue confirmada por fuentes oficiales israel\u00edes a medios locales y agencias internacionales. La disoluci\u00f3n del Gabinete de Guerra llega apenas una semana despu\u00e9s de que el l\u00edder de Unidad Nacional, el ex general Benny Gantz, y su socio Gadi Eisenkot lo abandonaran por sus desacuerdos con Netanyahu; plazas que ahora reclamaba la extrema derecha.<\/p>\n<p>Las decisiones sensibles sobre la guerra se tomar\u00e1n en un foro de consulta m\u00e1s reducido en el que participar\u00e1n el ministro de Defensa, Yoav Gallant; el de Asuntos Estrat\u00e9gicos, Ron Dermer; el jefe del Consejo de Seguridad Nacional, Tzachi Hanegbi, y el l\u00edder ultraortodoxo del partido Shas, Arieh Deri, del c\u00edrculo de confianza de Netanyahu<\/p>\n<p>El nuevo sistema evita la entrada en el c\u00edrculo de poder de la guerra de los dos socios de gobierno de Netanyahu del ala ultraderechista, el ministro de Seguridad Nacional, Itamar Ben Gvir, y el titular de Finanzas, Bezalel Smotrich.<\/p>\n<p>\u201cHa llegado el momento de tomar decisiones valientes, lograr una disuasi\u00f3n real y brindar seguridad a los residentes del norte, del sur y de Israel en su conjunto\u201d, escribi\u00f3 en una carta posterior a la dimisi\u00f3n de Gantz Ben Gvir, con la intenci\u00f3n de entrar al gabinete.<\/p>\n<p>El ministro apoya, entre otros, volver a instaurar asentamientos en la Franja de Gaza o la entrada de las tropas israel\u00edes en el L\u00edbano a ra\u00edz de la escalada de violencia que viven con Hizbul\u00e1 desde el 8 de octubre.<\/p>\n<p>Las voces cr\u00edticas dicen que las decisiones de Netanyahu durante la contienda se vieron influidas por estos ultranacionalistas de su gobierno. Netanyahu neg\u00f3 las acusaciones y dijo que decide en funci\u00f3n de los intereses del pa\u00eds.<\/p>\n<p>Netanyahu, Gallant y Gantz eran los \u00fanicos con voto en el reci\u00e9n disuelto Gabinete de Guerra, mientras que Eisenkot, Deri y Dermer eran simplemente miembros observadores.<\/p>\n<p>Con la salida de Gantz y Eisenkot, el gabinete qued\u00f3 abocado a esta disoluci\u00f3n, que lleva la gesti\u00f3n de la guerra a un sistema de toma de decisiones como el instaurado en Israel los d\u00edas posteriores al ataque de Ham\u00e1s, en el que murieron 1.200 personas.<\/p>\n<p>Gantz y Eisenkot, ambos ex jefes del Estado Mayor, integran el partido de centro-derecha Unidad Nacional, que se uni\u00f3 desde la oposici\u00f3n al gobierno de emergencia creado por Netanyahu a ra\u00edz de la guerra, pero que abandon\u00f3 ese Ejecutivo la semana pasada por desavenencias con el primer ministro sobre su gesti\u00f3n de la crisis, especialmente la ausencia de un plan de postguerra para Gaza. (Infobae\/Efe\/Ap)<\/p>\n","protected":false},"excerpt":{"rendered":"<p>El primer Ministro de Israel, Benjam\u00edn Netanyahu, disolvi\u00f3 el Gabinete de Guerra, el mecanismo creado el 11 de octubre para tomar las decisiones sobre la operaci\u00f3n militar en la Franja de Gaza a ra\u00edz del ataque de Ham\u00e1s unos d\u00edas antes. La informaci\u00f3n fue confirmada por fuentes oficiales israel\u00edes a medios locales y agencias internacionales. [&hellip;]<\/p>\n","protected":false},"author":1,"featured_media":228055,"comment_status":"open","ping_status":"open","sticky":false,"template":"","format":"standard","meta":{"_acf_changed":false,"footnotes":""},"categories":[3],"tags":[],"class_list":["post-228054","post","type-post","status-publish","format-standard","has-post-thumbnail","category-internacional"],"acf":{"antetitulo":""},"yoast_head":"<!-- This site is optimized with the Yoast SEO plugin v28.3 - https:\/\/yoast.com\/product\/yoast-seo-wordpress\/ -->\n<title>Benjam\u00edn Netanyahu disuelve Gabinete de Guerra de Israel - El Diario - Bolivia<\/title>\n<meta name=\"robots\" content=\"index, follow, max-snippet:-1, max-image-preview:large, max-video-preview:-1\" \/>\n<link rel=\"canonical\" href=\"https:\/\/www.eldiario.net\/portal\/2024\/06\/18\/benjamin-netanyahu-disuelve-gabinete-de-guerra-de-israel\/\" \/>\n<meta property=\"og:locale\" content=\"es_ES\" \/>\n<meta property=\"og:type\" content=\"article\" \/>\n<meta property=\"og:title\" content=\"Benjam\u00edn Netanyahu disuelve Gabinete de Guerra de Israel - El Diario - Bolivia\" \/>\n<meta property=\"og:description\" content=\"El primer Ministro de Israel, Benjam\u00edn Netanyahu, disolvi\u00f3 el Gabinete de Guerra, el mecanismo creado el 11 de octubre para tomar las decisiones sobre la operaci\u00f3n militar en la Franja de Gaza a ra\u00edz del ataque de Ham\u00e1s unos d\u00edas antes. La informaci\u00f3n fue confirmada por fuentes oficiales israel\u00edes a medios locales y agencias internacionales. [&hellip;]\" \/>\n<meta property=\"og:url\" content=\"https:\/\/www.eldiario.net\/portal\/2024\/06\/18\/benjamin-netanyahu-disuelve-gabinete-de-guerra-de-israel\/\" \/>\n<meta property=\"og:site_name\" content=\"El Diario - Bolivia\" \/>\n<meta property=\"article:publisher\" content=\"https:\/\/www.facebook.com\/eldiario.bolivia\/\" \/>\n<meta property=\"article:published_time\" content=\"2024-06-18T05:12:15+00:00\" \/>\n<meta property=\"og:image\" content=\"https:\/\/www.eldiario.net\/portal\/wp-content\/uploads\/2024\/06\/GABINETE-FOTO.jpg\" \/>\n\t<meta property=\"og:image:width\" content=\"992\" \/>\n\t<meta property=\"og:image:height\" content=\"661\" \/>\n\t<meta property=\"og:image:type\" content=\"image\/jpeg\" \/>\n<meta name=\"author\" content=\"Jeanette\" \/>\n<meta name=\"twitter:card\" content=\"summary_large_image\" \/>\n<meta name=\"twitter:creator\" content=\"@eldiario_net\" \/>\n<meta name=\"twitter:site\" content=\"@eldiario_net\" \/>\n<meta name=\"twitter:label1\" content=\"Escrito por\" \/>\n\t<meta name=\"twitter:data1\" content=\"Jeanette\" \/>\n\t<meta name=\"twitter:label2\" content=\"Tiempo de lectura\" \/>\n\t<meta name=\"twitter:data2\" content=\"3 minutos\" \/>\n<script type=\"application\/ld+json\" class=\"yoast-schema-graph\">{\"@context\":\"https:\\\/\\\/schema.org\",\"@graph\":[{\"@type\":\"Article\",\"@id\":\"https:\\\/\\\/www.eldiario.net\\\/portal\\\/2024\\\/06\\\/18\\\/benjamin-netanyahu-disuelve-gabinete-de-guerra-de-israel\\\/#article\",\"isPartOf\":{\"@id\":\"https:\\\/\\\/www.eldiario.net\\\/portal\\\/2024\\\/06\\\/18\\\/benjamin-netanyahu-disuelve-gabinete-de-guerra-de-israel\\\/\"},\"author\":{\"name\":\"Jeanette\",\"@id\":\"https:\\\/\\\/www.eldiario.net\\\/portal\\\/#\\\/schema\\\/person\\\/f46445640444750d7d753ccd04ae01b7\"},\"headline\":\"Benjam\u00edn Netanyahu disuelve Gabinete de Guerra de Israel\",\"datePublished\":\"2024-06-18T05:12:15+00:00\",\"mainEntityOfPage\":{\"@id\":\"https:\\\/\\\/www.eldiario.net\\\/portal\\\/2024\\\/06\\\/18\\\/benjamin-netanyahu-disuelve-gabinete-de-guerra-de-israel\\\/\"},\"wordCount\":494,\"commentCount\":0,\"publisher\":{\"@id\":\"https:\\\/\\\/www.eldiario.net\\\/portal\\\/#organization\"},\"image\":{\"@id\":\"https:\\\/\\\/www.eldiario.net\\\/portal\\\/2024\\\/06\\\/18\\\/benjamin-netanyahu-disuelve-gabinete-de-guerra-de-israel\\\/#primaryimage\"},\"thumbnailUrl\":\"https:\\\/\\\/www.eldiario.net\\\/portal\\\/wp-content\\\/uploads\\\/2024\\\/06\\\/GABINETE-FOTO.jpg\",\"articleSection\":[\"Internacional\"],\"inLanguage\":\"es\",\"potentialAction\":[{\"@type\":\"CommentAction\",\"name\":\"Comment\",\"target\":[\"https:\\\/\\\/www.eldiario.net\\\/portal\\\/2024\\\/06\\\/18\\\/benjamin-netanyahu-disuelve-gabinete-de-guerra-de-israel\\\/#respond\"]}]},{\"@type\":\"WebPage\",\"@id\":\"https:\\\/\\\/www.eldiario.net\\\/portal\\\/2024\\\/06\\\/18\\\/benjamin-netanyahu-disuelve-gabinete-de-guerra-de-israel\\\/\",\"url\":\"https:\\\/\\\/www.eldiario.net\\\/portal\\\/2024\\\/06\\\/18\\\/benjamin-netanyahu-disuelve-gabinete-de-guerra-de-israel\\\/\",\"name\":\"Benjam\u00edn Netanyahu disuelve Gabinete de Guerra de Israel - El Diario - Bolivia\",\"isPartOf\":{\"@id\":\"https:\\\/\\\/www.eldiario.net\\\/portal\\\/#website\"},\"primaryImageOfPage\":{\"@id\":\"https:\\\/\\\/www.eldiario.net\\\/portal\\\/2024\\\/06\\\/18\\\/benjamin-netanyahu-disuelve-gabinete-de-guerra-de-israel\\\/#primaryimage\"},\"image\":{\"@id\":\"https:\\\/\\\/www.eldiario.net\\\/portal\\\/2024\\\/06\\\/18\\\/benjamin-netanyahu-disuelve-gabinete-de-guerra-de-israel\\\/#primaryimage\"},\"thumbnailUrl\":\"https:\\\/\\\/www.eldiario.net\\\/portal\\\/wp-content\\\/uploads\\\/2024\\\/06\\\/GABINETE-FOTO.jpg\",\"datePublished\":\"2024-06-18T05:12:15+00:00\",\"breadcrumb\":{\"@id\":\"https:\\\/\\\/www.eldiario.net\\\/portal\\\/2024\\\/06\\\/18\\\/benjamin-netanyahu-disuelve-gabinete-de-guerra-de-israel\\\/#breadcrumb\"},\"inLanguage\":\"es\",\"potentialAction\":[{\"@type\":\"ReadAction\",\"target\":[\"https:\\\/\\\/www.eldiario.net\\\/portal\\\/2024\\\/06\\\/18\\\/benjamin-netanyahu-disuelve-gabinete-de-guerra-de-israel\\\/\"]}]},{\"@type\":\"ImageObject\",\"inLanguage\":\"es\",\"@id\":\"https:\\\/\\\/www.eldiario.net\\\/portal\\\/2024\\\/06\\\/18\\\/benjamin-netanyahu-disuelve-gabinete-de-guerra-de-israel\\\/#primaryimage\",\"url\":\"https:\\\/\\\/www.eldiario.net\\\/portal\\\/wp-content\\\/uploads\\\/2024\\\/06\\\/GABINETE-FOTO.jpg\",\"contentUrl\":\"https:\\\/\\\/www.eldiario.net\\\/portal\\\/wp-content\\\/uploads\\\/2024\\\/06\\\/GABINETE-FOTO.jpg\",\"width\":992,\"height\":661,\"caption\":\"BENJAM\u00cdN NETANYAHU JUNTO A OTRAS AUTORIDADES, LOS \u00daNICOS CON VOTO EN EL DISUELTO GABINETE. FOTO: AP\"},{\"@type\":\"BreadcrumbList\",\"@id\":\"https:\\\/\\\/www.eldiario.net\\\/portal\\\/2024\\\/06\\\/18\\\/benjamin-netanyahu-disuelve-gabinete-de-guerra-de-israel\\\/#breadcrumb\",\"itemListElement\":[{\"@type\":\"ListItem\",\"position\":1,\"name\":\"Portada\",\"item\":\"https:\\\/\\\/www.eldiario.net\\\/portal\\\/\"},{\"@type\":\"ListItem\",\"position\":2,\"name\":\"Benjam\u00edn Netanyahu disuelve Gabinete de Guerra de Israel\"}]},{\"@type\":\"WebSite\",\"@id\":\"https:\\\/\\\/www.eldiario.net\\\/portal\\\/#website\",\"url\":\"https:\\\/\\\/www.eldiario.net\\\/portal\\\/\",\"name\":\"El Diario - Decano de la prensa nacional\",\"description\":\"El Diario - Decano de la prensa nacional\",\"publisher\":{\"@id\":\"https:\\\/\\\/www.eldiario.net\\\/portal\\\/#organization\"},\"potentialAction\":[{\"@type\":\"SearchAction\",\"target\":{\"@type\":\"EntryPoint\",\"urlTemplate\":\"https:\\\/\\\/www.eldiario.net\\\/portal\\\/?s={search_term_string}\"},\"query-input\":{\"@type\":\"PropertyValueSpecification\",\"valueRequired\":true,\"valueName\":\"search_term_string\"}}],\"inLanguage\":\"es\"},{\"@type\":\"Organization\",\"@id\":\"https:\\\/\\\/www.eldiario.net\\\/portal\\\/#organization\",\"name\":\"El Diario - Decano de la prensa nacional\",\"url\":\"https:\\\/\\\/www.eldiario.net\\\/portal\\\/\",\"logo\":{\"@type\":\"ImageObject\",\"inLanguage\":\"es\",\"@id\":\"https:\\\/\\\/www.eldiario.net\\\/portal\\\/#\\\/schema\\\/logo\\\/image\\\/\",\"url\":\"https:\\\/\\\/www.eldiario.net\\\/portal\\\/wp-content\\\/uploads\\\/2023\\\/07\\\/logo_ED.jpg\",\"contentUrl\":\"https:\\\/\\\/www.eldiario.net\\\/portal\\\/wp-content\\\/uploads\\\/2023\\\/07\\\/logo_ED.jpg\",\"width\":272,\"height\":52,\"caption\":\"El Diario - Decano de la prensa nacional\"},\"image\":{\"@id\":\"https:\\\/\\\/www.eldiario.net\\\/portal\\\/#\\\/schema\\\/logo\\\/image\\\/\"},\"sameAs\":[\"https:\\\/\\\/www.facebook.com\\\/eldiario.bolivia\\\/\",\"https:\\\/\\\/x.com\\\/eldiario_net\"]},{\"@type\":\"Person\",\"@id\":\"https:\\\/\\\/www.eldiario.net\\\/portal\\\/#\\\/schema\\\/person\\\/f46445640444750d7d753ccd04ae01b7\",\"name\":\"Jeanette\",\"image\":{\"@type\":\"ImageObject\",\"inLanguage\":\"es\",\"@id\":\"https:\\\/\\\/secure.gravatar.com\\\/avatar\\\/3ea2118a5f7dad2b7138b1187a6b7ee55f160b9968b66013c3a3ef39dd7e5798?s=96&d=mm&r=g\",\"url\":\"https:\\\/\\\/secure.gravatar.com\\\/avatar\\\/3ea2118a5f7dad2b7138b1187a6b7ee55f160b9968b66013c3a3ef39dd7e5798?s=96&d=mm&r=g\",\"contentUrl\":\"https:\\\/\\\/secure.gravatar.com\\\/avatar\\\/3ea2118a5f7dad2b7138b1187a6b7ee55f160b9968b66013c3a3ef39dd7e5798?s=96&d=mm&r=g\",\"caption\":\"Jeanette\"},\"sameAs\":[\"https:\\\/\\\/www.eldiario.net\\\/portal\"],\"url\":\"https:\\\/\\\/www.eldiario.net\\\/portal\\\/author\\\/jeanette\\\/\"}]}<\/script>\n<!-- \/ Yoast SEO plugin. -->","yoast_head_json":{"title":"Benjam\u00edn Netanyahu disuelve Gabinete de Guerra de Israel - El Diario - Bolivia","robots":{"index":"index","follow":"follow","max-snippet":"max-snippet:-1","max-image-preview":"max-image-preview:large","max-video-preview":"max-video-preview:-1"},"canonical":"https:\/\/www.eldiario.net\/portal\/2024\/06\/18\/benjamin-netanyahu-disuelve-gabinete-de-guerra-de-israel\/","og_locale":"es_ES","og_type":"article","og_title":"Benjam\u00edn Netanyahu disuelve Gabinete de Guerra de Israel - El Diario - Bolivia","og_description":"El primer Ministro de Israel, Benjam\u00edn Netanyahu, disolvi\u00f3 el Gabinete de Guerra, el mecanismo creado el 11 de octubre para tomar las decisiones sobre la operaci\u00f3n militar en la Franja de Gaza a ra\u00edz del ataque de Ham\u00e1s unos d\u00edas antes. La informaci\u00f3n fue confirmada por fuentes oficiales israel\u00edes a medios locales y agencias internacionales. [&hellip;]","og_url":"https:\/\/www.eldiario.net\/portal\/2024\/06\/18\/benjamin-netanyahu-disuelve-gabinete-de-guerra-de-israel\/","og_site_name":"El Diario - Bolivia","article_publisher":"https:\/\/www.facebook.com\/eldiario.bolivia\/","article_published_time":"2024-06-18T05:12:15+00:00","og_image":[{"width":992,"height":661,"url":"https:\/\/www.eldiario.net\/portal\/wp-content\/uploads\/2024\/06\/GABINETE-FOTO.jpg","type":"image\/jpeg"}],"author":"Jeanette","twitter_card":"summary_large_image","twitter_creator":"@eldiario_net","twitter_site":"@eldiario_net","twitter_misc":{"Escrito por":"Jeanette","Tiempo de lectura":"3 minutos"},"schema":{"@context":"https:\/\/schema.org","@graph":[{"@type":"Article","@id":"https:\/\/www.eldiario.net\/portal\/2024\/06\/18\/benjamin-netanyahu-disuelve-gabinete-de-guerra-de-israel\/#article","isPartOf":{"@id":"https:\/\/www.eldiario.net\/portal\/2024\/06\/18\/benjamin-netanyahu-disuelve-gabinete-de-guerra-de-israel\/"},"author":{"name":"Jeanette","@id":"https:\/\/www.eldiario.net\/portal\/#\/schema\/person\/f46445640444750d7d753ccd04ae01b7"},"headline":"Benjam\u00edn Netanyahu disuelve Gabinete de Guerra de Israel","datePublished":"2024-06-18T05:12:15+00:00","mainEntityOfPage":{"@id":"https:\/\/www.eldiario.net\/portal\/2024\/06\/18\/benjamin-netanyahu-disuelve-gabinete-de-guerra-de-israel\/"},"wordCount":494,"commentCount":0,"publisher":{"@id":"https:\/\/www.eldiario.net\/portal\/#organization"},"image":{"@id":"https:\/\/www.eldiario.net\/portal\/2024\/06\/18\/benjamin-netanyahu-disuelve-gabinete-de-guerra-de-israel\/#primaryimage"},"thumbnailUrl":"https:\/\/www.eldiario.net\/portal\/wp-content\/uploads\/2024\/06\/GABINETE-FOTO.jpg","articleSection":["Internacional"],"inLanguage":"es","potentialAction":[{"@type":"CommentAction","name":"Comment","target":["https:\/\/www.eldiario.net\/portal\/2024\/06\/18\/benjamin-netanyahu-disuelve-gabinete-de-guerra-de-israel\/#respond"]}]},{"@type":"WebPage","@id":"https:\/\/www.eldiario.net\/portal\/2024\/06\/18\/benjamin-netanyahu-disuelve-gabinete-de-guerra-de-israel\/","url":"https:\/\/www.eldiario.net\/portal\/2024\/06\/18\/benjamin-netanyahu-disuelve-gabinete-de-guerra-de-israel\/","name":"Benjam\u00edn Netanyahu disuelve Gabinete de Guerra de Israel - El Diario - Bolivia","isPartOf":{"@id":"https:\/\/www.eldiario.net\/portal\/#website"},"primaryImageOfPage":{"@id":"https:\/\/www.eldiario.net\/portal\/2024\/06\/18\/benjamin-netanyahu-disuelve-gabinete-de-guerra-de-israel\/#primaryimage"},"image":{"@id":"https:\/\/www.eldiario.net\/portal\/2024\/06\/18\/benjamin-netanyahu-disuelve-gabinete-de-guerra-de-israel\/#primaryimage"},"thumbnailUrl":"https:\/\/www.eldiario.net\/portal\/wp-content\/uploads\/2024\/06\/GABINETE-FOTO.jpg","datePublished":"2024-06-18T05:12:15+00:00","breadcrumb":{"@id":"https:\/\/www.eldiario.net\/portal\/2024\/06\/18\/benjamin-netanyahu-disuelve-gabinete-de-guerra-de-israel\/#breadcrumb"},"inLanguage":"es","potentialAction":[{"@type":"ReadAction","target":["https:\/\/www.eldiario.net\/portal\/2024\/06\/18\/benjamin-netanyahu-disuelve-gabinete-de-guerra-de-israel\/"]}]},{"@type":"ImageObject","inLanguage":"es","@id":"https:\/\/www.eldiario.net\/portal\/2024\/06\/18\/benjamin-netanyahu-disuelve-gabinete-de-guerra-de-israel\/#primaryimage","url":"https:\/\/www.eldiario.net\/portal\/wp-content\/uploads\/2024\/06\/GABINETE-FOTO.jpg","contentUrl":"https:\/\/www.eldiario.net\/portal\/wp-content\/uploads\/2024\/06\/GABINETE-FOTO.jpg","width":992,"height":661,"caption":"BENJAM\u00cdN NETANYAHU JUNTO A OTRAS AUTORIDADES, LOS \u00daNICOS CON VOTO EN EL DISUELTO GABINETE. FOTO: AP"},{"@type":"BreadcrumbList","@id":"https:\/\/www.eldiario.net\/portal\/2024\/06\/18\/benjamin-netanyahu-disuelve-gabinete-de-guerra-de-israel\/#breadcrumb","itemListElement":[{"@type":"ListItem","position":1,"name":"Portada","item":"https:\/\/www.eldiario.net\/portal\/"},{"@type":"ListItem","position":2,"name":"Benjam\u00edn Netanyahu disuelve Gabinete de Guerra de Israel"}]},{"@type":"WebSite","@id":"https:\/\/www.eldiario.net\/portal\/#website","url":"https:\/\/www.eldiario.net\/portal\/","name":"El Diario - Decano de la prensa nacional","description":"El Diario - Decano de la prensa nacional","publisher":{"@id":"https:\/\/www.eldiario.net\/portal\/#organization"},"potentialAction":[{"@type":"SearchAction","target":{"@type":"EntryPoint","urlTemplate":"https:\/\/www.eldiario.net\/portal\/?s={search_term_string}"},"query-input":{"@type":"PropertyValueSpecification","valueRequired":true,"valueName":"search_term_string"}}],"inLanguage":"es"},{"@type":"Organization","@id":"https:\/\/www.eldiario.net\/portal\/#organization","name":"El Diario - Decano de la prensa nacional","url":"https:\/\/www.eldiario.net\/portal\/","logo":{"@type":"ImageObject","inLanguage":"es","@id":"https:\/\/www.eldiario.net\/portal\/#\/schema\/logo\/image\/","url":"https:\/\/www.eldiario.net\/portal\/wp-content\/uploads\/2023\/07\/logo_ED.jpg","contentUrl":"https:\/\/www.eldiario.net\/portal\/wp-content\/uploads\/2023\/07\/logo_ED.jpg","width":272,"height":52,"caption":"El Diario - Decano de la prensa nacional"},"image":{"@id":"https:\/\/www.eldiario.net\/portal\/#\/schema\/logo\/image\/"},"sameAs":["https:\/\/www.facebook.com\/eldiario.bolivia\/","https:\/\/x.com\/eldiario_net"]},{"@type":"Person","@id":"https:\/\/www.eldiario.net\/portal\/#\/schema\/person\/f46445640444750d7d753ccd04ae01b7","name":"Jeanette","image":{"@type":"ImageObject","inLanguage":"es","@id":"https:\/\/secure.gravatar.com\/avatar\/3ea2118a5f7dad2b7138b1187a6b7ee55f160b9968b66013c3a3ef39dd7e5798?s=96&d=mm&r=g","url":"https:\/\/secure.gravatar.com\/avatar\/3ea2118a5f7dad2b7138b1187a6b7ee55f160b9968b66013c3a3ef39dd7e5798?s=96&d=mm&r=g","contentUrl":"https:\/\/secure.gravatar.com\/avatar\/3ea2118a5f7dad2b7138b1187a6b7ee55f160b9968b66013c3a3ef39dd7e5798?s=96&d=mm&r=g","caption":"Jeanette"},"sameAs":["https:\/\/www.eldiario.net\/portal"],"url":"https:\/\/www.eldiario.net\/portal\/author\/jeanette\/"}]}},"_links":{"self":[{"href":"https:\/\/www.eldiario.net\/portal\/wp-json\/wp\/v2\/posts\/228054","targetHints":{"allow":["GET"]}}],"collection":[{"href":"https:\/\/www.eldiario.net\/portal\/wp-json\/wp\/v2\/posts"}],"about":[{"href":"https:\/\/www.eldiario.net\/portal\/wp-json\/wp\/v2\/types\/post"}],"author":[{"embeddable":true,"href":"https:\/\/www.eldiario.net\/portal\/wp-json\/wp\/v2\/users\/1"}],"replies":[{"embeddable":true,"href":"https:\/\/www.eldiario.net\/portal\/wp-json\/wp\/v2\/comments?post=228054"}],"version-history":[{"count":1,"href":"https:\/\/www.eldiario.net\/portal\/wp-json\/wp\/v2\/posts\/228054\/revisions"}],"predecessor-version":[{"id":228056,"href":"https:\/\/www.eldiario.net\/portal\/wp-json\/wp\/v2\/posts\/228054\/revisions\/228056"}],"wp:featuredmedia":[{"embeddable":true,"href":"https:\/\/www.eldiario.net\/portal\/wp-json\/wp\/v2\/media\/228055"}],"wp:attachment":[{"href":"https:\/\/www.eldiario.net\/portal\/wp-json\/wp\/v2\/media?parent=228054"}],"wp:term":[{"taxonomy":"category","embeddable":true,"href":"https:\/\/www.eldiario.net\/portal\/wp-json\/wp\/v2\/categories?post=228054"},{"taxonomy":"post_tag","embeddable":true,"href":"https:\/\/www.eldiario.net\/portal\/wp-json\/wp\/v2\/tags?post=228054"}],"curies":[{"name":"wp","href":"https:\/\/api.w.org\/{rel}","templated":true}]}}