{"id":228051,"date":"2024-06-18T01:09:50","date_gmt":"2024-06-18T05:09:50","guid":{"rendered":"https:\/\/www.eldiario.net\/portal\/?p=228051"},"modified":"2024-06-17T23:12:05","modified_gmt":"2024-06-18T03:12:05","slug":"parlamento-de-el-salvador-dicta-emergencia-por-fuertes-lluvias","status":"publish","type":"post","link":"https:\/\/www.eldiario.net\/portal\/2024\/06\/18\/parlamento-de-el-salvador-dicta-emergencia-por-fuertes-lluvias\/","title":{"rendered":"Parlamento de El Salvador dicta  emergencia por fuertes lluvias"},"content":{"rendered":"<p>La Asamblea Legislativa de El Salvador decret\u00f3 el estado de emergencia durante un periodo de 15 d\u00edas en todo el pa\u00eds por las fuertes lluvias registradas durante los \u00faltimos d\u00edas, que result\u00f3 hasta el momento con dos muertos y amenazan con provocar inundaciones y el desborde de r\u00edos.<\/p>\n<p>El decreto, que sali\u00f3 adelante con 59 votos a favor, busca prevenir y mitigar los desastres y fue aprobado tras la solicitud del presidente salvadore\u00f1o, Nayib Bukele. El texto establece que existe una \u00abemergencia nacional por la zona de convergencia intertropical y campo depresionario sobre Centroam\u00e9rica\u00bb.<\/p>\n<p>La medida se mantendr\u00e1 durante dos semanas ante la \u00abimperiosa necesidad de realizar las acciones que se demandan del Estado para salvaguardar la vida y salud de la poblaci\u00f3n a ra\u00edz de la situaci\u00f3n climatol\u00f3gica\u00bb<\/p>\n<p>De acuerdo con la ley, el estado de emergencia debe ser ratificado por la Asamblea Legislativa despu\u00e9s de la emisi\u00f3n de un decreto por parte del presidente del pa\u00eds. La intensidad de las lluvias durante el fin de semana llev\u00f3 tambi\u00e9n a la Direcci\u00f3n General de Protecci\u00f3n Civil a decretar la alerta roja el domingo en todo El Salvador.<\/p>\n<p>El documento establece medidas inmediatas para garantizar la seguridad alimentaria y nutricional de la poblaci\u00f3n y las personas afectadas por las lluvias, as\u00ed como para generar las condiciones para trasladar a albergues a la poblaci\u00f3n en riesgo de manera preventiva o por p\u00e9rdida de su vivienda.<\/p>\n<p>Asimismo, establece condiciones que permitan la reestructuraci\u00f3n de caminos, carreteras, puentes, viviendas y otras infraestructuras afectadas por este fen\u00f3meno natural, adem\u00e1s como prevenir los impactos negativos en la producci\u00f3n nacional, particularmente en la agricultura, la agroindustria y la ganader\u00eda, seg\u00fan recoge el documento.<\/p>\n<p>Tambi\u00e9n instruye a los Ministerios de Salud, Obras P\u00fablicas y otros, (&#8230;) a adoptar las medidas para proteger a la poblaci\u00f3n y sus propiedades cuando las familias sean evacuadas, medida de protecci\u00f3n de car\u00e1cter obligatorio para las personas en zonas de riesgo. (Europa Press)<\/p>\n","protected":false},"excerpt":{"rendered":"<p>La Asamblea Legislativa de El Salvador decret\u00f3 el estado de emergencia durante un periodo de 15 d\u00edas en todo el pa\u00eds por las fuertes lluvias registradas durante los \u00faltimos d\u00edas, que result\u00f3 hasta el momento con dos muertos y amenazan con provocar inundaciones y el desborde de r\u00edos. El decreto, que sali\u00f3 adelante con 59 [&hellip;]<\/p>\n","protected":false},"author":1,"featured_media":228052,"comment_status":"open","ping_status":"open","sticky":false,"template":"","format":"standard","meta":{"_acf_changed":false,"footnotes":""},"categories":[3],"tags":[],"class_list":["post-228051","post","type-post","status-publish","format-standard","has-post-thumbnail","category-internacional"],"acf":{"antetitulo":"Existen dos fallecidos"},"yoast_head":"<!-- This site is optimized with the Yoast SEO plugin v28.3 - https:\/\/yoast.com\/product\/yoast-seo-wordpress\/ -->\n<title>Parlamento de El Salvador dicta emergencia por fuertes lluvias - El Diario - Bolivia<\/title>\n<meta name=\"robots\" content=\"index, follow, max-snippet:-1, max-image-preview:large, max-video-preview:-1\" \/>\n<link rel=\"canonical\" href=\"https:\/\/www.eldiario.net\/portal\/2024\/06\/18\/parlamento-de-el-salvador-dicta-emergencia-por-fuertes-lluvias\/\" \/>\n<meta property=\"og:locale\" content=\"es_ES\" \/>\n<meta property=\"og:type\" content=\"article\" \/>\n<meta property=\"og:title\" content=\"Parlamento de El Salvador dicta emergencia por fuertes lluvias - El Diario - Bolivia\" \/>\n<meta property=\"og:description\" content=\"La Asamblea Legislativa de El Salvador decret\u00f3 el estado de emergencia durante un periodo de 15 d\u00edas en todo el pa\u00eds por las fuertes lluvias registradas durante los \u00faltimos d\u00edas, que result\u00f3 hasta el momento con dos muertos y amenazan con provocar inundaciones y el desborde de r\u00edos. El decreto, que sali\u00f3 adelante con 59 [&hellip;]\" \/>\n<meta property=\"og:url\" content=\"https:\/\/www.eldiario.net\/portal\/2024\/06\/18\/parlamento-de-el-salvador-dicta-emergencia-por-fuertes-lluvias\/\" \/>\n<meta property=\"og:site_name\" content=\"El Diario - Bolivia\" \/>\n<meta property=\"article:publisher\" content=\"https:\/\/www.facebook.com\/eldiario.bolivia\/\" \/>\n<meta property=\"article:published_time\" content=\"2024-06-18T05:09:50+00:00\" \/>\n<meta property=\"og:image\" content=\"https:\/\/www.eldiario.net\/portal\/wp-content\/uploads\/2024\/06\/SALVA-FOTO.jpg\" \/>\n\t<meta property=\"og:image:width\" content=\"690\" \/>\n\t<meta property=\"og:image:height\" content=\"460\" \/>\n\t<meta property=\"og:image:type\" content=\"image\/jpeg\" \/>\n<meta name=\"author\" content=\"Jeanette\" \/>\n<meta name=\"twitter:card\" content=\"summary_large_image\" \/>\n<meta name=\"twitter:creator\" content=\"@eldiario_net\" \/>\n<meta name=\"twitter:site\" content=\"@eldiario_net\" \/>\n<meta name=\"twitter:label1\" content=\"Escrito por\" \/>\n\t<meta name=\"twitter:data1\" content=\"Jeanette\" \/>\n\t<meta name=\"twitter:label2\" content=\"Tiempo de lectura\" \/>\n\t<meta name=\"twitter:data2\" content=\"2 minutos\" \/>\n<script type=\"application\/ld+json\" class=\"yoast-schema-graph\">{\"@context\":\"https:\\\/\\\/schema.org\",\"@graph\":[{\"@type\":\"Article\",\"@id\":\"https:\\\/\\\/www.eldiario.net\\\/portal\\\/2024\\\/06\\\/18\\\/parlamento-de-el-salvador-dicta-emergencia-por-fuertes-lluvias\\\/#article\",\"isPartOf\":{\"@id\":\"https:\\\/\\\/www.eldiario.net\\\/portal\\\/2024\\\/06\\\/18\\\/parlamento-de-el-salvador-dicta-emergencia-por-fuertes-lluvias\\\/\"},\"author\":{\"name\":\"Jeanette\",\"@id\":\"https:\\\/\\\/www.eldiario.net\\\/portal\\\/#\\\/schema\\\/person\\\/f46445640444750d7d753ccd04ae01b7\"},\"headline\":\"Parlamento de El Salvador dicta emergencia por fuertes lluvias\",\"datePublished\":\"2024-06-18T05:09:50+00:00\",\"mainEntityOfPage\":{\"@id\":\"https:\\\/\\\/www.eldiario.net\\\/portal\\\/2024\\\/06\\\/18\\\/parlamento-de-el-salvador-dicta-emergencia-por-fuertes-lluvias\\\/\"},\"wordCount\":357,\"commentCount\":0,\"publisher\":{\"@id\":\"https:\\\/\\\/www.eldiario.net\\\/portal\\\/#organization\"},\"image\":{\"@id\":\"https:\\\/\\\/www.eldiario.net\\\/portal\\\/2024\\\/06\\\/18\\\/parlamento-de-el-salvador-dicta-emergencia-por-fuertes-lluvias\\\/#primaryimage\"},\"thumbnailUrl\":\"https:\\\/\\\/www.eldiario.net\\\/portal\\\/wp-content\\\/uploads\\\/2024\\\/06\\\/SALVA-FOTO.jpg\",\"articleSection\":[\"Internacional\"],\"inLanguage\":\"es\",\"potentialAction\":[{\"@type\":\"CommentAction\",\"name\":\"Comment\",\"target\":[\"https:\\\/\\\/www.eldiario.net\\\/portal\\\/2024\\\/06\\\/18\\\/parlamento-de-el-salvador-dicta-emergencia-por-fuertes-lluvias\\\/#respond\"]}]},{\"@type\":\"WebPage\",\"@id\":\"https:\\\/\\\/www.eldiario.net\\\/portal\\\/2024\\\/06\\\/18\\\/parlamento-de-el-salvador-dicta-emergencia-por-fuertes-lluvias\\\/\",\"url\":\"https:\\\/\\\/www.eldiario.net\\\/portal\\\/2024\\\/06\\\/18\\\/parlamento-de-el-salvador-dicta-emergencia-por-fuertes-lluvias\\\/\",\"name\":\"Parlamento de El Salvador dicta emergencia por fuertes lluvias - El Diario - Bolivia\",\"isPartOf\":{\"@id\":\"https:\\\/\\\/www.eldiario.net\\\/portal\\\/#website\"},\"primaryImageOfPage\":{\"@id\":\"https:\\\/\\\/www.eldiario.net\\\/portal\\\/2024\\\/06\\\/18\\\/parlamento-de-el-salvador-dicta-emergencia-por-fuertes-lluvias\\\/#primaryimage\"},\"image\":{\"@id\":\"https:\\\/\\\/www.eldiario.net\\\/portal\\\/2024\\\/06\\\/18\\\/parlamento-de-el-salvador-dicta-emergencia-por-fuertes-lluvias\\\/#primaryimage\"},\"thumbnailUrl\":\"https:\\\/\\\/www.eldiario.net\\\/portal\\\/wp-content\\\/uploads\\\/2024\\\/06\\\/SALVA-FOTO.jpg\",\"datePublished\":\"2024-06-18T05:09:50+00:00\",\"breadcrumb\":{\"@id\":\"https:\\\/\\\/www.eldiario.net\\\/portal\\\/2024\\\/06\\\/18\\\/parlamento-de-el-salvador-dicta-emergencia-por-fuertes-lluvias\\\/#breadcrumb\"},\"inLanguage\":\"es\",\"potentialAction\":[{\"@type\":\"ReadAction\",\"target\":[\"https:\\\/\\\/www.eldiario.net\\\/portal\\\/2024\\\/06\\\/18\\\/parlamento-de-el-salvador-dicta-emergencia-por-fuertes-lluvias\\\/\"]}]},{\"@type\":\"ImageObject\",\"inLanguage\":\"es\",\"@id\":\"https:\\\/\\\/www.eldiario.net\\\/portal\\\/2024\\\/06\\\/18\\\/parlamento-de-el-salvador-dicta-emergencia-por-fuertes-lluvias\\\/#primaryimage\",\"url\":\"https:\\\/\\\/www.eldiario.net\\\/portal\\\/wp-content\\\/uploads\\\/2024\\\/06\\\/SALVA-FOTO.jpg\",\"contentUrl\":\"https:\\\/\\\/www.eldiario.net\\\/portal\\\/wp-content\\\/uploads\\\/2024\\\/06\\\/SALVA-FOTO.jpg\",\"width\":690,\"height\":460,\"caption\":\"LA EMERGENCIA NACIONAL PREV\u00c9 EL APOYO A LOS AFECTADOS. FOTO: Europa Press\"},{\"@type\":\"BreadcrumbList\",\"@id\":\"https:\\\/\\\/www.eldiario.net\\\/portal\\\/2024\\\/06\\\/18\\\/parlamento-de-el-salvador-dicta-emergencia-por-fuertes-lluvias\\\/#breadcrumb\",\"itemListElement\":[{\"@type\":\"ListItem\",\"position\":1,\"name\":\"Portada\",\"item\":\"https:\\\/\\\/www.eldiario.net\\\/portal\\\/\"},{\"@type\":\"ListItem\",\"position\":2,\"name\":\"Parlamento de El Salvador dicta emergencia por fuertes lluvias\"}]},{\"@type\":\"WebSite\",\"@id\":\"https:\\\/\\\/www.eldiario.net\\\/portal\\\/#website\",\"url\":\"https:\\\/\\\/www.eldiario.net\\\/portal\\\/\",\"name\":\"El Diario - Decano de la prensa nacional\",\"description\":\"El Diario - Decano de la prensa nacional\",\"publisher\":{\"@id\":\"https:\\\/\\\/www.eldiario.net\\\/portal\\\/#organization\"},\"potentialAction\":[{\"@type\":\"SearchAction\",\"target\":{\"@type\":\"EntryPoint\",\"urlTemplate\":\"https:\\\/\\\/www.eldiario.net\\\/portal\\\/?s={search_term_string}\"},\"query-input\":{\"@type\":\"PropertyValueSpecification\",\"valueRequired\":true,\"valueName\":\"search_term_string\"}}],\"inLanguage\":\"es\"},{\"@type\":\"Organization\",\"@id\":\"https:\\\/\\\/www.eldiario.net\\\/portal\\\/#organization\",\"name\":\"El Diario - Decano de la prensa nacional\",\"url\":\"https:\\\/\\\/www.eldiario.net\\\/portal\\\/\",\"logo\":{\"@type\":\"ImageObject\",\"inLanguage\":\"es\",\"@id\":\"https:\\\/\\\/www.eldiario.net\\\/portal\\\/#\\\/schema\\\/logo\\\/image\\\/\",\"url\":\"https:\\\/\\\/www.eldiario.net\\\/portal\\\/wp-content\\\/uploads\\\/2023\\\/07\\\/logo_ED.jpg\",\"contentUrl\":\"https:\\\/\\\/www.eldiario.net\\\/portal\\\/wp-content\\\/uploads\\\/2023\\\/07\\\/logo_ED.jpg\",\"width\":272,\"height\":52,\"caption\":\"El Diario - Decano de la prensa nacional\"},\"image\":{\"@id\":\"https:\\\/\\\/www.eldiario.net\\\/portal\\\/#\\\/schema\\\/logo\\\/image\\\/\"},\"sameAs\":[\"https:\\\/\\\/www.facebook.com\\\/eldiario.bolivia\\\/\",\"https:\\\/\\\/x.com\\\/eldiario_net\"]},{\"@type\":\"Person\",\"@id\":\"https:\\\/\\\/www.eldiario.net\\\/portal\\\/#\\\/schema\\\/person\\\/f46445640444750d7d753ccd04ae01b7\",\"name\":\"Jeanette\",\"image\":{\"@type\":\"ImageObject\",\"inLanguage\":\"es\",\"@id\":\"https:\\\/\\\/secure.gravatar.com\\\/avatar\\\/3ea2118a5f7dad2b7138b1187a6b7ee55f160b9968b66013c3a3ef39dd7e5798?s=96&d=mm&r=g\",\"url\":\"https:\\\/\\\/secure.gravatar.com\\\/avatar\\\/3ea2118a5f7dad2b7138b1187a6b7ee55f160b9968b66013c3a3ef39dd7e5798?s=96&d=mm&r=g\",\"contentUrl\":\"https:\\\/\\\/secure.gravatar.com\\\/avatar\\\/3ea2118a5f7dad2b7138b1187a6b7ee55f160b9968b66013c3a3ef39dd7e5798?s=96&d=mm&r=g\",\"caption\":\"Jeanette\"},\"sameAs\":[\"https:\\\/\\\/www.eldiario.net\\\/portal\"],\"url\":\"https:\\\/\\\/www.eldiario.net\\\/portal\\\/author\\\/jeanette\\\/\"}]}<\/script>\n<!-- \/ Yoast SEO plugin. -->","yoast_head_json":{"title":"Parlamento de El Salvador dicta emergencia por fuertes lluvias - El Diario - Bolivia","robots":{"index":"index","follow":"follow","max-snippet":"max-snippet:-1","max-image-preview":"max-image-preview:large","max-video-preview":"max-video-preview:-1"},"canonical":"https:\/\/www.eldiario.net\/portal\/2024\/06\/18\/parlamento-de-el-salvador-dicta-emergencia-por-fuertes-lluvias\/","og_locale":"es_ES","og_type":"article","og_title":"Parlamento de El Salvador dicta emergencia por fuertes lluvias - El Diario - Bolivia","og_description":"La Asamblea Legislativa de El Salvador decret\u00f3 el estado de emergencia durante un periodo de 15 d\u00edas en todo el pa\u00eds por las fuertes lluvias registradas durante los \u00faltimos d\u00edas, que result\u00f3 hasta el momento con dos muertos y amenazan con provocar inundaciones y el desborde de r\u00edos. El decreto, que sali\u00f3 adelante con 59 [&hellip;]","og_url":"https:\/\/www.eldiario.net\/portal\/2024\/06\/18\/parlamento-de-el-salvador-dicta-emergencia-por-fuertes-lluvias\/","og_site_name":"El Diario - Bolivia","article_publisher":"https:\/\/www.facebook.com\/eldiario.bolivia\/","article_published_time":"2024-06-18T05:09:50+00:00","og_image":[{"width":690,"height":460,"url":"https:\/\/www.eldiario.net\/portal\/wp-content\/uploads\/2024\/06\/SALVA-FOTO.jpg","type":"image\/jpeg"}],"author":"Jeanette","twitter_card":"summary_large_image","twitter_creator":"@eldiario_net","twitter_site":"@eldiario_net","twitter_misc":{"Escrito por":"Jeanette","Tiempo de lectura":"2 minutos"},"schema":{"@context":"https:\/\/schema.org","@graph":[{"@type":"Article","@id":"https:\/\/www.eldiario.net\/portal\/2024\/06\/18\/parlamento-de-el-salvador-dicta-emergencia-por-fuertes-lluvias\/#article","isPartOf":{"@id":"https:\/\/www.eldiario.net\/portal\/2024\/06\/18\/parlamento-de-el-salvador-dicta-emergencia-por-fuertes-lluvias\/"},"author":{"name":"Jeanette","@id":"https:\/\/www.eldiario.net\/portal\/#\/schema\/person\/f46445640444750d7d753ccd04ae01b7"},"headline":"Parlamento de El Salvador dicta emergencia por fuertes lluvias","datePublished":"2024-06-18T05:09:50+00:00","mainEntityOfPage":{"@id":"https:\/\/www.eldiario.net\/portal\/2024\/06\/18\/parlamento-de-el-salvador-dicta-emergencia-por-fuertes-lluvias\/"},"wordCount":357,"commentCount":0,"publisher":{"@id":"https:\/\/www.eldiario.net\/portal\/#organization"},"image":{"@id":"https:\/\/www.eldiario.net\/portal\/2024\/06\/18\/parlamento-de-el-salvador-dicta-emergencia-por-fuertes-lluvias\/#primaryimage"},"thumbnailUrl":"https:\/\/www.eldiario.net\/portal\/wp-content\/uploads\/2024\/06\/SALVA-FOTO.jpg","articleSection":["Internacional"],"inLanguage":"es","potentialAction":[{"@type":"CommentAction","name":"Comment","target":["https:\/\/www.eldiario.net\/portal\/2024\/06\/18\/parlamento-de-el-salvador-dicta-emergencia-por-fuertes-lluvias\/#respond"]}]},{"@type":"WebPage","@id":"https:\/\/www.eldiario.net\/portal\/2024\/06\/18\/parlamento-de-el-salvador-dicta-emergencia-por-fuertes-lluvias\/","url":"https:\/\/www.eldiario.net\/portal\/2024\/06\/18\/parlamento-de-el-salvador-dicta-emergencia-por-fuertes-lluvias\/","name":"Parlamento de El Salvador dicta emergencia por fuertes lluvias - El Diario - Bolivia","isPartOf":{"@id":"https:\/\/www.eldiario.net\/portal\/#website"},"primaryImageOfPage":{"@id":"https:\/\/www.eldiario.net\/portal\/2024\/06\/18\/parlamento-de-el-salvador-dicta-emergencia-por-fuertes-lluvias\/#primaryimage"},"image":{"@id":"https:\/\/www.eldiario.net\/portal\/2024\/06\/18\/parlamento-de-el-salvador-dicta-emergencia-por-fuertes-lluvias\/#primaryimage"},"thumbnailUrl":"https:\/\/www.eldiario.net\/portal\/wp-content\/uploads\/2024\/06\/SALVA-FOTO.jpg","datePublished":"2024-06-18T05:09:50+00:00","breadcrumb":{"@id":"https:\/\/www.eldiario.net\/portal\/2024\/06\/18\/parlamento-de-el-salvador-dicta-emergencia-por-fuertes-lluvias\/#breadcrumb"},"inLanguage":"es","potentialAction":[{"@type":"ReadAction","target":["https:\/\/www.eldiario.net\/portal\/2024\/06\/18\/parlamento-de-el-salvador-dicta-emergencia-por-fuertes-lluvias\/"]}]},{"@type":"ImageObject","inLanguage":"es","@id":"https:\/\/www.eldiario.net\/portal\/2024\/06\/18\/parlamento-de-el-salvador-dicta-emergencia-por-fuertes-lluvias\/#primaryimage","url":"https:\/\/www.eldiario.net\/portal\/wp-content\/uploads\/2024\/06\/SALVA-FOTO.jpg","contentUrl":"https:\/\/www.eldiario.net\/portal\/wp-content\/uploads\/2024\/06\/SALVA-FOTO.jpg","width":690,"height":460,"caption":"LA EMERGENCIA NACIONAL PREV\u00c9 EL APOYO A LOS AFECTADOS. FOTO: Europa Press"},{"@type":"BreadcrumbList","@id":"https:\/\/www.eldiario.net\/portal\/2024\/06\/18\/parlamento-de-el-salvador-dicta-emergencia-por-fuertes-lluvias\/#breadcrumb","itemListElement":[{"@type":"ListItem","position":1,"name":"Portada","item":"https:\/\/www.eldiario.net\/portal\/"},{"@type":"ListItem","position":2,"name":"Parlamento de El Salvador dicta emergencia por fuertes lluvias"}]},{"@type":"WebSite","@id":"https:\/\/www.eldiario.net\/portal\/#website","url":"https:\/\/www.eldiario.net\/portal\/","name":"El Diario - Decano de la prensa nacional","description":"El Diario - Decano de la prensa nacional","publisher":{"@id":"https:\/\/www.eldiario.net\/portal\/#organization"},"potentialAction":[{"@type":"SearchAction","target":{"@type":"EntryPoint","urlTemplate":"https:\/\/www.eldiario.net\/portal\/?s={search_term_string}"},"query-input":{"@type":"PropertyValueSpecification","valueRequired":true,"valueName":"search_term_string"}}],"inLanguage":"es"},{"@type":"Organization","@id":"https:\/\/www.eldiario.net\/portal\/#organization","name":"El Diario - Decano de la prensa nacional","url":"https:\/\/www.eldiario.net\/portal\/","logo":{"@type":"ImageObject","inLanguage":"es","@id":"https:\/\/www.eldiario.net\/portal\/#\/schema\/logo\/image\/","url":"https:\/\/www.eldiario.net\/portal\/wp-content\/uploads\/2023\/07\/logo_ED.jpg","contentUrl":"https:\/\/www.eldiario.net\/portal\/wp-content\/uploads\/2023\/07\/logo_ED.jpg","width":272,"height":52,"caption":"El Diario - Decano de la prensa nacional"},"image":{"@id":"https:\/\/www.eldiario.net\/portal\/#\/schema\/logo\/image\/"},"sameAs":["https:\/\/www.facebook.com\/eldiario.bolivia\/","https:\/\/x.com\/eldiario_net"]},{"@type":"Person","@id":"https:\/\/www.eldiario.net\/portal\/#\/schema\/person\/f46445640444750d7d753ccd04ae01b7","name":"Jeanette","image":{"@type":"ImageObject","inLanguage":"es","@id":"https:\/\/secure.gravatar.com\/avatar\/3ea2118a5f7dad2b7138b1187a6b7ee55f160b9968b66013c3a3ef39dd7e5798?s=96&d=mm&r=g","url":"https:\/\/secure.gravatar.com\/avatar\/3ea2118a5f7dad2b7138b1187a6b7ee55f160b9968b66013c3a3ef39dd7e5798?s=96&d=mm&r=g","contentUrl":"https:\/\/secure.gravatar.com\/avatar\/3ea2118a5f7dad2b7138b1187a6b7ee55f160b9968b66013c3a3ef39dd7e5798?s=96&d=mm&r=g","caption":"Jeanette"},"sameAs":["https:\/\/www.eldiario.net\/portal"],"url":"https:\/\/www.eldiario.net\/portal\/author\/jeanette\/"}]}},"_links":{"self":[{"href":"https:\/\/www.eldiario.net\/portal\/wp-json\/wp\/v2\/posts\/228051","targetHints":{"allow":["GET"]}}],"collection":[{"href":"https:\/\/www.eldiario.net\/portal\/wp-json\/wp\/v2\/posts"}],"about":[{"href":"https:\/\/www.eldiario.net\/portal\/wp-json\/wp\/v2\/types\/post"}],"author":[{"embeddable":true,"href":"https:\/\/www.eldiario.net\/portal\/wp-json\/wp\/v2\/users\/1"}],"replies":[{"embeddable":true,"href":"https:\/\/www.eldiario.net\/portal\/wp-json\/wp\/v2\/comments?post=228051"}],"version-history":[{"count":1,"href":"https:\/\/www.eldiario.net\/portal\/wp-json\/wp\/v2\/posts\/228051\/revisions"}],"predecessor-version":[{"id":228053,"href":"https:\/\/www.eldiario.net\/portal\/wp-json\/wp\/v2\/posts\/228051\/revisions\/228053"}],"wp:featuredmedia":[{"embeddable":true,"href":"https:\/\/www.eldiario.net\/portal\/wp-json\/wp\/v2\/media\/228052"}],"wp:attachment":[{"href":"https:\/\/www.eldiario.net\/portal\/wp-json\/wp\/v2\/media?parent=228051"}],"wp:term":[{"taxonomy":"category","embeddable":true,"href":"https:\/\/www.eldiario.net\/portal\/wp-json\/wp\/v2\/categories?post=228051"},{"taxonomy":"post_tag","embeddable":true,"href":"https:\/\/www.eldiario.net\/portal\/wp-json\/wp\/v2\/tags?post=228051"}],"curies":[{"name":"wp","href":"https:\/\/api.w.org\/{rel}","templated":true}]}}