{"id":228048,"date":"2024-06-18T01:08:21","date_gmt":"2024-06-18T05:08:21","guid":{"rendered":"https:\/\/www.eldiario.net\/portal\/?p=228048"},"modified":"2024-06-17T23:09:26","modified_gmt":"2024-06-18T03:09:26","slug":"bolivia-impulsa-resiliencia-climatica-vial-con-apoyo-del-banco-mundial","status":"publish","type":"post","link":"https:\/\/www.eldiario.net\/portal\/2024\/06\/18\/bolivia-impulsa-resiliencia-climatica-vial-con-apoyo-del-banco-mundial\/","title":{"rendered":"Bolivia impulsa resiliencia clim\u00e1tica  vial con apoyo del Banco Mundial"},"content":{"rendered":"<p>El Directorio del Banco Mundial aprob\u00f3 un nuevo proyecto en el Estado Plurinacional de Bolivia para fortalecer la gesti\u00f3n del riesgo clim\u00e1tico en el sector vial y mejorar la resiliencia clim\u00e1tica y la seguridad de puentes y tramos de carreteras en el pa\u00eds, con un financiamiento de 118,5 millones de d\u00f3lares.<\/p>\n<p>Bolivia ocupa el d\u00e9cimo lugar en el \u00cdndice de Riesgo Clim\u00e1tico Global y ha sufrido en los \u00faltimos a\u00f1os da\u00f1os significativos debido a eventos clim\u00e1ticos extremos como altas temperaturas y precipitaciones intensas con consecuentes deslizamientos e inundaciones que generaron un impacto econ\u00f3mico y social considerable.<\/p>\n<p>Ante este escenario, apoyando una visi\u00f3n de largo plazo en el sector de caminos, el pr\u00e9stamo de 118.5 millones de d\u00f3lares financiar\u00e1 el Programa de Resiliencia Clim\u00e1tica del Sector Vial que beneficiar\u00e1 a m\u00e1s de 165 000 habitantes de los municipios de Chimor\u00e9 e Ivirgarzama en Cochabamba, Guanay en La Paz y Monteagudo en Chuquisaca, as\u00ed como a peatones, conductores privados y de transporte p\u00fablico de aproximadamente 9000 veh\u00edculos que utilizan estas v\u00edas y puentes al d\u00eda.<\/p>\n<p>Asimismo, entidades nacionales involucradas en la gesti\u00f3n de activos viales y la seguridad vial -incluida la Administradora Boliviana de Carreteras (ABC), ejecutora del proyecto- recibir\u00e1n capacitaci\u00f3n en temas como vulnerabilidad de la infraestructura y acciones de mitigaci\u00f3n de los efectos del cambio clim\u00e1tico, entre otros.<\/p>\n<p>\u201cEl Banco Mundial tiene experiencia global en el sector del transporte y en la mejora de la infraestructura vial para hacerla m\u00e1s segura y resiliente a los fen\u00f3menos clim\u00e1ticos. Esa experiencia nos dice que cuando las carreteras y puentes se construyen con un enfoque resiliente estamos salvaguardando la vida y el bienestar de los usuarios y poblaciones cercanas y evitando gastos de reconstrucci\u00f3n al pa\u00eds\u201d, afirm\u00f3 el representante residente del Banco Mundial en Bolivia, Camille Nuamah.<\/p>\n<p>El proyecto tiene dos componentes principales. El primero apunta al desarrollo institucional y generaci\u00f3n de capacidades en gesti\u00f3n del riesgo clim\u00e1tico en el sector vial de Bolivia. Incluye un diagn\u00f3stico exhaustivo de los riesgos clim\u00e1ticos, las prioridades de resiliencia clim\u00e1tica y las capacidades institucionales de todas las instituciones que administran la red vial nacional, y una estrategia para mejorar la respuesta eficaz a los retos actuales y futuros en este \u00e1mbito.<\/p>\n<p>El segundo componente apoyar\u00e1 la implementaci\u00f3n de tres subproyectos que ser\u00e1n construidos con un enfoque de resiliencia ante desastres clim\u00e1ticos para reducir el riesgo de posibles incidentes en tramos clave de la Red Vial Fundamental.<\/p>\n<p>Asimismo, el programa incluye obras y actividades a nivel municipal, en las que al menos la mitad de las inversiones se destinar\u00e1n a prioridades definidas por las mujeres de las comunidades apuntando a promover su empoderamiento econ\u00f3mico, inclusi\u00f3n social y prevenci\u00f3n de la violencia de g\u00e9nero.<\/p>\n<p>El monto aprobado corresponde a un pr\u00e9stamo del Banco Internacional de Reconstrucci\u00f3n y Fomento (BIRF) con un plazo de vencimiento de 25 a\u00f1os y un periodo de gracia de 14 a\u00f1os.<\/p>\n","protected":false},"excerpt":{"rendered":"<p>El Directorio del Banco Mundial aprob\u00f3 un nuevo proyecto en el Estado Plurinacional de Bolivia para fortalecer la gesti\u00f3n del riesgo clim\u00e1tico en el sector vial y mejorar la resiliencia clim\u00e1tica y la seguridad de puentes y tramos de carreteras en el pa\u00eds, con un financiamiento de 118,5 millones de d\u00f3lares. Bolivia ocupa el d\u00e9cimo [&hellip;]<\/p>\n","protected":false},"author":1,"featured_media":228049,"comment_status":"open","ping_status":"open","sticky":false,"template":"","format":"standard","meta":{"_acf_changed":false,"footnotes":""},"categories":[7],"tags":[],"class_list":["post-228048","post","type-post","status-publish","format-standard","has-post-thumbnail","category-economia"],"acf":{"antetitulo":"Con financiamiento de $us 118,5 millones "},"yoast_head":"<!-- This site is optimized with the Yoast SEO plugin v28.3 - https:\/\/yoast.com\/product\/yoast-seo-wordpress\/ -->\n<title>Bolivia impulsa resiliencia clim\u00e1tica vial con apoyo del Banco Mundial - El Diario - Bolivia<\/title>\n<meta name=\"robots\" content=\"index, follow, max-snippet:-1, max-image-preview:large, max-video-preview:-1\" \/>\n<link rel=\"canonical\" href=\"https:\/\/www.eldiario.net\/portal\/2024\/06\/18\/bolivia-impulsa-resiliencia-climatica-vial-con-apoyo-del-banco-mundial\/\" \/>\n<meta property=\"og:locale\" content=\"es_ES\" \/>\n<meta property=\"og:type\" content=\"article\" \/>\n<meta property=\"og:title\" content=\"Bolivia impulsa resiliencia clim\u00e1tica vial con apoyo del Banco Mundial - El Diario - Bolivia\" \/>\n<meta property=\"og:description\" content=\"El Directorio del Banco Mundial aprob\u00f3 un nuevo proyecto en el Estado Plurinacional de Bolivia para fortalecer la gesti\u00f3n del riesgo clim\u00e1tico en el sector vial y mejorar la resiliencia clim\u00e1tica y la seguridad de puentes y tramos de carreteras en el pa\u00eds, con un financiamiento de 118,5 millones de d\u00f3lares. Bolivia ocupa el d\u00e9cimo [&hellip;]\" \/>\n<meta property=\"og:url\" content=\"https:\/\/www.eldiario.net\/portal\/2024\/06\/18\/bolivia-impulsa-resiliencia-climatica-vial-con-apoyo-del-banco-mundial\/\" \/>\n<meta property=\"og:site_name\" content=\"El Diario - Bolivia\" \/>\n<meta property=\"article:publisher\" content=\"https:\/\/www.facebook.com\/eldiario.bolivia\/\" \/>\n<meta property=\"article:published_time\" content=\"2024-06-18T05:08:21+00:00\" \/>\n<meta property=\"og:image\" content=\"https:\/\/www.eldiario.net\/portal\/wp-content\/uploads\/2024\/06\/VIAS-FOTO.jpg\" \/>\n\t<meta property=\"og:image:width\" content=\"259\" \/>\n\t<meta property=\"og:image:height\" content=\"194\" \/>\n\t<meta property=\"og:image:type\" content=\"image\/jpeg\" \/>\n<meta name=\"author\" content=\"Jeanette\" \/>\n<meta name=\"twitter:card\" content=\"summary_large_image\" \/>\n<meta name=\"twitter:creator\" content=\"@eldiario_net\" \/>\n<meta name=\"twitter:site\" content=\"@eldiario_net\" \/>\n<meta name=\"twitter:label1\" content=\"Escrito por\" \/>\n\t<meta name=\"twitter:data1\" content=\"Jeanette\" \/>\n\t<meta name=\"twitter:label2\" content=\"Tiempo de lectura\" \/>\n\t<meta name=\"twitter:data2\" content=\"3 minutos\" \/>\n<script type=\"application\/ld+json\" class=\"yoast-schema-graph\">{\"@context\":\"https:\\\/\\\/schema.org\",\"@graph\":[{\"@type\":\"Article\",\"@id\":\"https:\\\/\\\/www.eldiario.net\\\/portal\\\/2024\\\/06\\\/18\\\/bolivia-impulsa-resiliencia-climatica-vial-con-apoyo-del-banco-mundial\\\/#article\",\"isPartOf\":{\"@id\":\"https:\\\/\\\/www.eldiario.net\\\/portal\\\/2024\\\/06\\\/18\\\/bolivia-impulsa-resiliencia-climatica-vial-con-apoyo-del-banco-mundial\\\/\"},\"author\":{\"name\":\"Jeanette\",\"@id\":\"https:\\\/\\\/www.eldiario.net\\\/portal\\\/#\\\/schema\\\/person\\\/f46445640444750d7d753ccd04ae01b7\"},\"headline\":\"Bolivia impulsa resiliencia clim\u00e1tica vial con apoyo del Banco Mundial\",\"datePublished\":\"2024-06-18T05:08:21+00:00\",\"mainEntityOfPage\":{\"@id\":\"https:\\\/\\\/www.eldiario.net\\\/portal\\\/2024\\\/06\\\/18\\\/bolivia-impulsa-resiliencia-climatica-vial-con-apoyo-del-banco-mundial\\\/\"},\"wordCount\":529,\"commentCount\":0,\"publisher\":{\"@id\":\"https:\\\/\\\/www.eldiario.net\\\/portal\\\/#organization\"},\"image\":{\"@id\":\"https:\\\/\\\/www.eldiario.net\\\/portal\\\/2024\\\/06\\\/18\\\/bolivia-impulsa-resiliencia-climatica-vial-con-apoyo-del-banco-mundial\\\/#primaryimage\"},\"thumbnailUrl\":\"https:\\\/\\\/www.eldiario.net\\\/portal\\\/wp-content\\\/uploads\\\/2024\\\/06\\\/VIAS-FOTO.jpg\",\"articleSection\":[\"Econom\u00eda\"],\"inLanguage\":\"es\",\"potentialAction\":[{\"@type\":\"CommentAction\",\"name\":\"Comment\",\"target\":[\"https:\\\/\\\/www.eldiario.net\\\/portal\\\/2024\\\/06\\\/18\\\/bolivia-impulsa-resiliencia-climatica-vial-con-apoyo-del-banco-mundial\\\/#respond\"]}]},{\"@type\":\"WebPage\",\"@id\":\"https:\\\/\\\/www.eldiario.net\\\/portal\\\/2024\\\/06\\\/18\\\/bolivia-impulsa-resiliencia-climatica-vial-con-apoyo-del-banco-mundial\\\/\",\"url\":\"https:\\\/\\\/www.eldiario.net\\\/portal\\\/2024\\\/06\\\/18\\\/bolivia-impulsa-resiliencia-climatica-vial-con-apoyo-del-banco-mundial\\\/\",\"name\":\"Bolivia impulsa resiliencia clim\u00e1tica vial con apoyo del Banco Mundial - El Diario - Bolivia\",\"isPartOf\":{\"@id\":\"https:\\\/\\\/www.eldiario.net\\\/portal\\\/#website\"},\"primaryImageOfPage\":{\"@id\":\"https:\\\/\\\/www.eldiario.net\\\/portal\\\/2024\\\/06\\\/18\\\/bolivia-impulsa-resiliencia-climatica-vial-con-apoyo-del-banco-mundial\\\/#primaryimage\"},\"image\":{\"@id\":\"https:\\\/\\\/www.eldiario.net\\\/portal\\\/2024\\\/06\\\/18\\\/bolivia-impulsa-resiliencia-climatica-vial-con-apoyo-del-banco-mundial\\\/#primaryimage\"},\"thumbnailUrl\":\"https:\\\/\\\/www.eldiario.net\\\/portal\\\/wp-content\\\/uploads\\\/2024\\\/06\\\/VIAS-FOTO.jpg\",\"datePublished\":\"2024-06-18T05:08:21+00:00\",\"breadcrumb\":{\"@id\":\"https:\\\/\\\/www.eldiario.net\\\/portal\\\/2024\\\/06\\\/18\\\/bolivia-impulsa-resiliencia-climatica-vial-con-apoyo-del-banco-mundial\\\/#breadcrumb\"},\"inLanguage\":\"es\",\"potentialAction\":[{\"@type\":\"ReadAction\",\"target\":[\"https:\\\/\\\/www.eldiario.net\\\/portal\\\/2024\\\/06\\\/18\\\/bolivia-impulsa-resiliencia-climatica-vial-con-apoyo-del-banco-mundial\\\/\"]}]},{\"@type\":\"ImageObject\",\"inLanguage\":\"es\",\"@id\":\"https:\\\/\\\/www.eldiario.net\\\/portal\\\/2024\\\/06\\\/18\\\/bolivia-impulsa-resiliencia-climatica-vial-con-apoyo-del-banco-mundial\\\/#primaryimage\",\"url\":\"https:\\\/\\\/www.eldiario.net\\\/portal\\\/wp-content\\\/uploads\\\/2024\\\/06\\\/VIAS-FOTO.jpg\",\"contentUrl\":\"https:\\\/\\\/www.eldiario.net\\\/portal\\\/wp-content\\\/uploads\\\/2024\\\/06\\\/VIAS-FOTO.jpg\",\"width\":259,\"height\":194,\"caption\":\"construcci\u00f3n de caminos tendr\u00e1 un componente ambiental. Foto abi\"},{\"@type\":\"BreadcrumbList\",\"@id\":\"https:\\\/\\\/www.eldiario.net\\\/portal\\\/2024\\\/06\\\/18\\\/bolivia-impulsa-resiliencia-climatica-vial-con-apoyo-del-banco-mundial\\\/#breadcrumb\",\"itemListElement\":[{\"@type\":\"ListItem\",\"position\":1,\"name\":\"Portada\",\"item\":\"https:\\\/\\\/www.eldiario.net\\\/portal\\\/\"},{\"@type\":\"ListItem\",\"position\":2,\"name\":\"Bolivia impulsa resiliencia clim\u00e1tica vial con apoyo del Banco Mundial\"}]},{\"@type\":\"WebSite\",\"@id\":\"https:\\\/\\\/www.eldiario.net\\\/portal\\\/#website\",\"url\":\"https:\\\/\\\/www.eldiario.net\\\/portal\\\/\",\"name\":\"El Diario - Decano de la prensa nacional\",\"description\":\"El Diario - Decano de la prensa nacional\",\"publisher\":{\"@id\":\"https:\\\/\\\/www.eldiario.net\\\/portal\\\/#organization\"},\"potentialAction\":[{\"@type\":\"SearchAction\",\"target\":{\"@type\":\"EntryPoint\",\"urlTemplate\":\"https:\\\/\\\/www.eldiario.net\\\/portal\\\/?s={search_term_string}\"},\"query-input\":{\"@type\":\"PropertyValueSpecification\",\"valueRequired\":true,\"valueName\":\"search_term_string\"}}],\"inLanguage\":\"es\"},{\"@type\":\"Organization\",\"@id\":\"https:\\\/\\\/www.eldiario.net\\\/portal\\\/#organization\",\"name\":\"El Diario - Decano de la prensa nacional\",\"url\":\"https:\\\/\\\/www.eldiario.net\\\/portal\\\/\",\"logo\":{\"@type\":\"ImageObject\",\"inLanguage\":\"es\",\"@id\":\"https:\\\/\\\/www.eldiario.net\\\/portal\\\/#\\\/schema\\\/logo\\\/image\\\/\",\"url\":\"https:\\\/\\\/www.eldiario.net\\\/portal\\\/wp-content\\\/uploads\\\/2023\\\/07\\\/logo_ED.jpg\",\"contentUrl\":\"https:\\\/\\\/www.eldiario.net\\\/portal\\\/wp-content\\\/uploads\\\/2023\\\/07\\\/logo_ED.jpg\",\"width\":272,\"height\":52,\"caption\":\"El Diario - Decano de la prensa nacional\"},\"image\":{\"@id\":\"https:\\\/\\\/www.eldiario.net\\\/portal\\\/#\\\/schema\\\/logo\\\/image\\\/\"},\"sameAs\":[\"https:\\\/\\\/www.facebook.com\\\/eldiario.bolivia\\\/\",\"https:\\\/\\\/x.com\\\/eldiario_net\"]},{\"@type\":\"Person\",\"@id\":\"https:\\\/\\\/www.eldiario.net\\\/portal\\\/#\\\/schema\\\/person\\\/f46445640444750d7d753ccd04ae01b7\",\"name\":\"Jeanette\",\"image\":{\"@type\":\"ImageObject\",\"inLanguage\":\"es\",\"@id\":\"https:\\\/\\\/secure.gravatar.com\\\/avatar\\\/3ea2118a5f7dad2b7138b1187a6b7ee55f160b9968b66013c3a3ef39dd7e5798?s=96&d=mm&r=g\",\"url\":\"https:\\\/\\\/secure.gravatar.com\\\/avatar\\\/3ea2118a5f7dad2b7138b1187a6b7ee55f160b9968b66013c3a3ef39dd7e5798?s=96&d=mm&r=g\",\"contentUrl\":\"https:\\\/\\\/secure.gravatar.com\\\/avatar\\\/3ea2118a5f7dad2b7138b1187a6b7ee55f160b9968b66013c3a3ef39dd7e5798?s=96&d=mm&r=g\",\"caption\":\"Jeanette\"},\"sameAs\":[\"https:\\\/\\\/www.eldiario.net\\\/portal\"],\"url\":\"https:\\\/\\\/www.eldiario.net\\\/portal\\\/author\\\/jeanette\\\/\"}]}<\/script>\n<!-- \/ Yoast SEO plugin. -->","yoast_head_json":{"title":"Bolivia impulsa resiliencia clim\u00e1tica vial con apoyo del Banco Mundial - El Diario - Bolivia","robots":{"index":"index","follow":"follow","max-snippet":"max-snippet:-1","max-image-preview":"max-image-preview:large","max-video-preview":"max-video-preview:-1"},"canonical":"https:\/\/www.eldiario.net\/portal\/2024\/06\/18\/bolivia-impulsa-resiliencia-climatica-vial-con-apoyo-del-banco-mundial\/","og_locale":"es_ES","og_type":"article","og_title":"Bolivia impulsa resiliencia clim\u00e1tica vial con apoyo del Banco Mundial - El Diario - Bolivia","og_description":"El Directorio del Banco Mundial aprob\u00f3 un nuevo proyecto en el Estado Plurinacional de Bolivia para fortalecer la gesti\u00f3n del riesgo clim\u00e1tico en el sector vial y mejorar la resiliencia clim\u00e1tica y la seguridad de puentes y tramos de carreteras en el pa\u00eds, con un financiamiento de 118,5 millones de d\u00f3lares. Bolivia ocupa el d\u00e9cimo [&hellip;]","og_url":"https:\/\/www.eldiario.net\/portal\/2024\/06\/18\/bolivia-impulsa-resiliencia-climatica-vial-con-apoyo-del-banco-mundial\/","og_site_name":"El Diario - Bolivia","article_publisher":"https:\/\/www.facebook.com\/eldiario.bolivia\/","article_published_time":"2024-06-18T05:08:21+00:00","og_image":[{"width":259,"height":194,"url":"https:\/\/www.eldiario.net\/portal\/wp-content\/uploads\/2024\/06\/VIAS-FOTO.jpg","type":"image\/jpeg"}],"author":"Jeanette","twitter_card":"summary_large_image","twitter_creator":"@eldiario_net","twitter_site":"@eldiario_net","twitter_misc":{"Escrito por":"Jeanette","Tiempo de lectura":"3 minutos"},"schema":{"@context":"https:\/\/schema.org","@graph":[{"@type":"Article","@id":"https:\/\/www.eldiario.net\/portal\/2024\/06\/18\/bolivia-impulsa-resiliencia-climatica-vial-con-apoyo-del-banco-mundial\/#article","isPartOf":{"@id":"https:\/\/www.eldiario.net\/portal\/2024\/06\/18\/bolivia-impulsa-resiliencia-climatica-vial-con-apoyo-del-banco-mundial\/"},"author":{"name":"Jeanette","@id":"https:\/\/www.eldiario.net\/portal\/#\/schema\/person\/f46445640444750d7d753ccd04ae01b7"},"headline":"Bolivia impulsa resiliencia clim\u00e1tica vial con apoyo del Banco Mundial","datePublished":"2024-06-18T05:08:21+00:00","mainEntityOfPage":{"@id":"https:\/\/www.eldiario.net\/portal\/2024\/06\/18\/bolivia-impulsa-resiliencia-climatica-vial-con-apoyo-del-banco-mundial\/"},"wordCount":529,"commentCount":0,"publisher":{"@id":"https:\/\/www.eldiario.net\/portal\/#organization"},"image":{"@id":"https:\/\/www.eldiario.net\/portal\/2024\/06\/18\/bolivia-impulsa-resiliencia-climatica-vial-con-apoyo-del-banco-mundial\/#primaryimage"},"thumbnailUrl":"https:\/\/www.eldiario.net\/portal\/wp-content\/uploads\/2024\/06\/VIAS-FOTO.jpg","articleSection":["Econom\u00eda"],"inLanguage":"es","potentialAction":[{"@type":"CommentAction","name":"Comment","target":["https:\/\/www.eldiario.net\/portal\/2024\/06\/18\/bolivia-impulsa-resiliencia-climatica-vial-con-apoyo-del-banco-mundial\/#respond"]}]},{"@type":"WebPage","@id":"https:\/\/www.eldiario.net\/portal\/2024\/06\/18\/bolivia-impulsa-resiliencia-climatica-vial-con-apoyo-del-banco-mundial\/","url":"https:\/\/www.eldiario.net\/portal\/2024\/06\/18\/bolivia-impulsa-resiliencia-climatica-vial-con-apoyo-del-banco-mundial\/","name":"Bolivia impulsa resiliencia clim\u00e1tica vial con apoyo del Banco Mundial - El Diario - Bolivia","isPartOf":{"@id":"https:\/\/www.eldiario.net\/portal\/#website"},"primaryImageOfPage":{"@id":"https:\/\/www.eldiario.net\/portal\/2024\/06\/18\/bolivia-impulsa-resiliencia-climatica-vial-con-apoyo-del-banco-mundial\/#primaryimage"},"image":{"@id":"https:\/\/www.eldiario.net\/portal\/2024\/06\/18\/bolivia-impulsa-resiliencia-climatica-vial-con-apoyo-del-banco-mundial\/#primaryimage"},"thumbnailUrl":"https:\/\/www.eldiario.net\/portal\/wp-content\/uploads\/2024\/06\/VIAS-FOTO.jpg","datePublished":"2024-06-18T05:08:21+00:00","breadcrumb":{"@id":"https:\/\/www.eldiario.net\/portal\/2024\/06\/18\/bolivia-impulsa-resiliencia-climatica-vial-con-apoyo-del-banco-mundial\/#breadcrumb"},"inLanguage":"es","potentialAction":[{"@type":"ReadAction","target":["https:\/\/www.eldiario.net\/portal\/2024\/06\/18\/bolivia-impulsa-resiliencia-climatica-vial-con-apoyo-del-banco-mundial\/"]}]},{"@type":"ImageObject","inLanguage":"es","@id":"https:\/\/www.eldiario.net\/portal\/2024\/06\/18\/bolivia-impulsa-resiliencia-climatica-vial-con-apoyo-del-banco-mundial\/#primaryimage","url":"https:\/\/www.eldiario.net\/portal\/wp-content\/uploads\/2024\/06\/VIAS-FOTO.jpg","contentUrl":"https:\/\/www.eldiario.net\/portal\/wp-content\/uploads\/2024\/06\/VIAS-FOTO.jpg","width":259,"height":194,"caption":"construcci\u00f3n de caminos tendr\u00e1 un componente ambiental. Foto abi"},{"@type":"BreadcrumbList","@id":"https:\/\/www.eldiario.net\/portal\/2024\/06\/18\/bolivia-impulsa-resiliencia-climatica-vial-con-apoyo-del-banco-mundial\/#breadcrumb","itemListElement":[{"@type":"ListItem","position":1,"name":"Portada","item":"https:\/\/www.eldiario.net\/portal\/"},{"@type":"ListItem","position":2,"name":"Bolivia impulsa resiliencia clim\u00e1tica vial con apoyo del Banco Mundial"}]},{"@type":"WebSite","@id":"https:\/\/www.eldiario.net\/portal\/#website","url":"https:\/\/www.eldiario.net\/portal\/","name":"El Diario - Decano de la prensa nacional","description":"El Diario - Decano de la prensa nacional","publisher":{"@id":"https:\/\/www.eldiario.net\/portal\/#organization"},"potentialAction":[{"@type":"SearchAction","target":{"@type":"EntryPoint","urlTemplate":"https:\/\/www.eldiario.net\/portal\/?s={search_term_string}"},"query-input":{"@type":"PropertyValueSpecification","valueRequired":true,"valueName":"search_term_string"}}],"inLanguage":"es"},{"@type":"Organization","@id":"https:\/\/www.eldiario.net\/portal\/#organization","name":"El Diario - Decano de la prensa nacional","url":"https:\/\/www.eldiario.net\/portal\/","logo":{"@type":"ImageObject","inLanguage":"es","@id":"https:\/\/www.eldiario.net\/portal\/#\/schema\/logo\/image\/","url":"https:\/\/www.eldiario.net\/portal\/wp-content\/uploads\/2023\/07\/logo_ED.jpg","contentUrl":"https:\/\/www.eldiario.net\/portal\/wp-content\/uploads\/2023\/07\/logo_ED.jpg","width":272,"height":52,"caption":"El Diario - Decano de la prensa nacional"},"image":{"@id":"https:\/\/www.eldiario.net\/portal\/#\/schema\/logo\/image\/"},"sameAs":["https:\/\/www.facebook.com\/eldiario.bolivia\/","https:\/\/x.com\/eldiario_net"]},{"@type":"Person","@id":"https:\/\/www.eldiario.net\/portal\/#\/schema\/person\/f46445640444750d7d753ccd04ae01b7","name":"Jeanette","image":{"@type":"ImageObject","inLanguage":"es","@id":"https:\/\/secure.gravatar.com\/avatar\/3ea2118a5f7dad2b7138b1187a6b7ee55f160b9968b66013c3a3ef39dd7e5798?s=96&d=mm&r=g","url":"https:\/\/secure.gravatar.com\/avatar\/3ea2118a5f7dad2b7138b1187a6b7ee55f160b9968b66013c3a3ef39dd7e5798?s=96&d=mm&r=g","contentUrl":"https:\/\/secure.gravatar.com\/avatar\/3ea2118a5f7dad2b7138b1187a6b7ee55f160b9968b66013c3a3ef39dd7e5798?s=96&d=mm&r=g","caption":"Jeanette"},"sameAs":["https:\/\/www.eldiario.net\/portal"],"url":"https:\/\/www.eldiario.net\/portal\/author\/jeanette\/"}]}},"_links":{"self":[{"href":"https:\/\/www.eldiario.net\/portal\/wp-json\/wp\/v2\/posts\/228048","targetHints":{"allow":["GET"]}}],"collection":[{"href":"https:\/\/www.eldiario.net\/portal\/wp-json\/wp\/v2\/posts"}],"about":[{"href":"https:\/\/www.eldiario.net\/portal\/wp-json\/wp\/v2\/types\/post"}],"author":[{"embeddable":true,"href":"https:\/\/www.eldiario.net\/portal\/wp-json\/wp\/v2\/users\/1"}],"replies":[{"embeddable":true,"href":"https:\/\/www.eldiario.net\/portal\/wp-json\/wp\/v2\/comments?post=228048"}],"version-history":[{"count":1,"href":"https:\/\/www.eldiario.net\/portal\/wp-json\/wp\/v2\/posts\/228048\/revisions"}],"predecessor-version":[{"id":228050,"href":"https:\/\/www.eldiario.net\/portal\/wp-json\/wp\/v2\/posts\/228048\/revisions\/228050"}],"wp:featuredmedia":[{"embeddable":true,"href":"https:\/\/www.eldiario.net\/portal\/wp-json\/wp\/v2\/media\/228049"}],"wp:attachment":[{"href":"https:\/\/www.eldiario.net\/portal\/wp-json\/wp\/v2\/media?parent=228048"}],"wp:term":[{"taxonomy":"category","embeddable":true,"href":"https:\/\/www.eldiario.net\/portal\/wp-json\/wp\/v2\/categories?post=228048"},{"taxonomy":"post_tag","embeddable":true,"href":"https:\/\/www.eldiario.net\/portal\/wp-json\/wp\/v2\/tags?post=228048"}],"curies":[{"name":"wp","href":"https:\/\/api.w.org\/{rel}","templated":true}]}}