{"id":227942,"date":"2024-06-18T00:27:48","date_gmt":"2024-06-18T04:27:48","guid":{"rendered":"https:\/\/www.eldiario.net\/portal\/?p=227942"},"modified":"2024-06-17T22:28:16","modified_gmt":"2024-06-18T02:28:16","slug":"por-que-mutilar","status":"publish","type":"post","link":"https:\/\/www.eldiario.net\/portal\/2024\/06\/18\/por-que-mutilar\/","title":{"rendered":"\u00bfPor qu\u00e9 mutilar?"},"content":{"rendered":"<p>Una amiga que busca trabajo me dijo que ten\u00eda que reducir l\u00edneas de su curr\u00edculum vitae (CV), para ver si ten\u00eda mejor suerte, ya que consideraba que al tener mucha informaci\u00f3n no lo le\u00edan.<\/p>\n<p>Me dio pesar cuestionarla en ese momento, pero \u201cquitar l\u00edneas\u201d implicaba hacer una selecci\u00f3n para eliminar a\u00f1os de experiencias, resultados, quehaceres, reconocimientos, para que alguien que, aparentemente no tuviese mucho tiempo, lo mirase.<\/p>\n<p>\u00bfAcaso a quien se le manda el CV, que significa \u00abcarrera de la vida\u00bb (1), instrumento en el cual son recogidos datos personales, formaci\u00f3n acad\u00e9mica, actividad laboral y m\u00e9ritos de una persona, no necesita de ella mayor informaci\u00f3n para conocerla? Parece que no.<\/p>\n<p>Tras varias d\u00e9cadas de labor profesional, muchas son mis experiencias. En mi caso, el primer CV que hice sobrepasaba las 30 p\u00e1ginas, hoy reducidas a 7, aunque lo interesante es que comienza a crecer con un sinn\u00famero de webinares impartidos, \u00bfpero los quito o los pongo?<\/p>\n<p>Es cierto que la evoluci\u00f3n existe, un tel\u00e9fono inal\u00e1mbrico que hace a\u00f1os parec\u00eda \u201cun bloque de cemento\u201d (2), hoy su peso y di\u00e1metro var\u00edan con el objetivo de generar una comodidad no solo en el peso, sino tambi\u00e9n en la comunicaci\u00f3n, pero, \u00bfpor qu\u00e9 reducir \u201cmi comunicaci\u00f3n\u201d, enti\u00e9ndase lo hecho.<\/p>\n<p>Tiempos atr\u00e1s al buscar trabajo, imprim\u00edas tu CV a colores, lo colocabas en una carpeta, inclusive comprabas una de pl\u00e1stico para mostrar \u00bfmejor desempe\u00f1o, una distinci\u00f3n a diferencia de un pobre cubre CV de cart\u00f3n crema? Hoy lo ideal es el CV de dos p\u00e1ginas y con una cierta estructura o dise\u00f1o donde se armonizan los colores, inclusive en internet hay plantillas.<\/p>\n<p>Inclusive ibas de puerta en puerta de instituciones, dividi\u00e9ndolas geogr\u00e1ficamente, para saber d\u00f3nde estaban ubicadas, sectorizarlas, para que me resultase m\u00e1s econ\u00f3mico, y caminar menos, gastar menos en transporte, etc.<\/p>\n<p>Recuerdo tiempo atr\u00e1s, que en una universidad donde trabajaba y el valor de la hora clase era de unos $2.00 (USD), estando en ese momento con protestas de estudiantes, barreras, llantas incendiadas, al llegar al recinto me notificaron que las clases estaban suspendidas hasta nuevo aviso. Esa quincena me result\u00f3 fatal.<\/p>\n<p>Volviendo al tiempo actual, me contaba otra colega que, tras mi sugerencia de tocar puertas f\u00edsicamente y no enviarlas exclusivamente por correo y que, aunque ya lo hab\u00eda hecho, la respuesta hab\u00eda sido: \u201clo siento no podemos recibirlos, debe ser por correo\u201d.<\/p>\n<p>\u00bfQui\u00e9n hab\u00eda respondido? Supongo que no era quien los deb\u00eda revisar, sino la persona que los archivaba para luego, quien sabe cu\u00e1ndo, los entregar\u00eda a\u2026). Estimados lectores, evolucionan las tecnolog\u00edas, la inteligencia artificial (IA) avanza, la burocracia aumenta, a lo cual anexo, \u00bfno se dan cuenta que son docentes que necesitan trabajo y alumnos que esperan?<\/p>\n<p>Al menos en Centroam\u00e9rica, es com\u00fan encontrar grupos de clases con m\u00e1s de 60 estudiantes, donde \u00bfse aprender\u00e1, se comprender\u00e1? No quisiera cambiar el mundo, con 8.000 millones de habitantes, pero aulas sobresaturadas y docentes sin empleos, sencillamente no es algo admisible.<\/p>\n<p>\u00abEstimado Chat-gpt, t\u00fa que tanto sabes, estoy buscando trabajo con estas caracter\u00edsticas, salario, etc.\u00bb. \u00abS\u00ed estimado (a) docente, con mucho gusto\u2026, la plaza es suya, por favor presentarse en\u2026\u00bb.<\/p>\n<p>Para terminar, ir\u00f3nicamente una de las redes \u2013donde comparto los CV de las personas que necesitan trabajo\u2013, me pregunt\u00f3: \u00bfErnesto, est\u00e1s buscando trabajo? \u2026 sin comentarios.<\/p>\n<p>&nbsp;<\/p>\n<p><strong>Notas<\/strong><\/p>\n<p>(1) Tambi\u00e9n llamado hoja de vida.<\/p>\n<p>(2) El creador del primer celular fue Martin Cooper y lo hizo el 3 de abril de 1973, cuyo precio fue de USD 3.995, un monto bastante alto para la \u00e9poca; su peso de 800 gramos y ten\u00eda una medida de 33 cent\u00edmetros de alto, 4,5 de ancho y 8,9 de grosor.<\/p>\n","protected":false},"excerpt":{"rendered":"<p>Una amiga que busca trabajo me dijo que ten\u00eda que reducir l\u00edneas de su curr\u00edculum vitae (CV), para ver si ten\u00eda mejor suerte, ya que consideraba que al tener mucha informaci\u00f3n no lo le\u00edan. Me dio pesar cuestionarla en ese momento, pero \u201cquitar l\u00edneas\u201d implicaba hacer una selecci\u00f3n para eliminar a\u00f1os de experiencias, resultados, quehaceres, [&hellip;]<\/p>\n","protected":false},"author":1,"featured_media":160310,"comment_status":"open","ping_status":"open","sticky":false,"template":"","format":"standard","meta":{"_acf_changed":false,"footnotes":""},"categories":[9],"tags":[],"class_list":["post-227942","post","type-post","status-publish","format-standard","has-post-thumbnail","category-opinion"],"acf":{"antetitulo":""},"yoast_head":"<!-- This site is optimized with the Yoast SEO plugin v28.3 - https:\/\/yoast.com\/product\/yoast-seo-wordpress\/ -->\n<title>\u00bfPor qu\u00e9 mutilar? - El Diario - Bolivia<\/title>\n<meta name=\"robots\" content=\"index, follow, max-snippet:-1, max-image-preview:large, max-video-preview:-1\" \/>\n<link rel=\"canonical\" href=\"https:\/\/www.eldiario.net\/portal\/2024\/06\/18\/por-que-mutilar\/\" \/>\n<meta property=\"og:locale\" content=\"es_ES\" \/>\n<meta property=\"og:type\" content=\"article\" \/>\n<meta property=\"og:title\" content=\"\u00bfPor qu\u00e9 mutilar? - El Diario - Bolivia\" \/>\n<meta property=\"og:description\" content=\"Una amiga que busca trabajo me dijo que ten\u00eda que reducir l\u00edneas de su curr\u00edculum vitae (CV), para ver si ten\u00eda mejor suerte, ya que consideraba que al tener mucha informaci\u00f3n no lo le\u00edan. Me dio pesar cuestionarla en ese momento, pero \u201cquitar l\u00edneas\u201d implicaba hacer una selecci\u00f3n para eliminar a\u00f1os de experiencias, resultados, quehaceres, [&hellip;]\" \/>\n<meta property=\"og:url\" content=\"https:\/\/www.eldiario.net\/portal\/2024\/06\/18\/por-que-mutilar\/\" \/>\n<meta property=\"og:site_name\" content=\"El Diario - Bolivia\" \/>\n<meta property=\"article:publisher\" content=\"https:\/\/www.facebook.com\/eldiario.bolivia\/\" \/>\n<meta property=\"article:published_time\" content=\"2024-06-18T04:27:48+00:00\" \/>\n<meta property=\"og:image\" content=\"https:\/\/www.eldiario.net\/portal\/wp-content\/uploads\/2023\/06\/Ernesto-Gonzalez-Valdes.jpg\" \/>\n\t<meta property=\"og:image:width\" content=\"1200\" \/>\n\t<meta property=\"og:image:height\" content=\"628\" \/>\n\t<meta property=\"og:image:type\" content=\"image\/jpeg\" \/>\n<meta name=\"author\" content=\"Jeanette\" \/>\n<meta name=\"twitter:card\" content=\"summary_large_image\" \/>\n<meta name=\"twitter:creator\" content=\"@eldiario_net\" \/>\n<meta name=\"twitter:site\" content=\"@eldiario_net\" \/>\n<meta name=\"twitter:label1\" content=\"Escrito por\" \/>\n\t<meta name=\"twitter:data1\" content=\"Jeanette\" \/>\n\t<meta name=\"twitter:label2\" content=\"Tiempo de lectura\" \/>\n\t<meta name=\"twitter:data2\" content=\"3 minutos\" \/>\n<script type=\"application\/ld+json\" class=\"yoast-schema-graph\">{\"@context\":\"https:\\\/\\\/schema.org\",\"@graph\":[{\"@type\":\"Article\",\"@id\":\"https:\\\/\\\/www.eldiario.net\\\/portal\\\/2024\\\/06\\\/18\\\/por-que-mutilar\\\/#article\",\"isPartOf\":{\"@id\":\"https:\\\/\\\/www.eldiario.net\\\/portal\\\/2024\\\/06\\\/18\\\/por-que-mutilar\\\/\"},\"author\":{\"name\":\"Jeanette\",\"@id\":\"https:\\\/\\\/www.eldiario.net\\\/portal\\\/#\\\/schema\\\/person\\\/f46445640444750d7d753ccd04ae01b7\"},\"headline\":\"\u00bfPor qu\u00e9 mutilar?\",\"datePublished\":\"2024-06-18T04:27:48+00:00\",\"mainEntityOfPage\":{\"@id\":\"https:\\\/\\\/www.eldiario.net\\\/portal\\\/2024\\\/06\\\/18\\\/por-que-mutilar\\\/\"},\"wordCount\":649,\"commentCount\":0,\"publisher\":{\"@id\":\"https:\\\/\\\/www.eldiario.net\\\/portal\\\/#organization\"},\"image\":{\"@id\":\"https:\\\/\\\/www.eldiario.net\\\/portal\\\/2024\\\/06\\\/18\\\/por-que-mutilar\\\/#primaryimage\"},\"thumbnailUrl\":\"https:\\\/\\\/www.eldiario.net\\\/portal\\\/wp-content\\\/uploads\\\/2023\\\/06\\\/Ernesto-Gonzalez-Valdes.jpg\",\"articleSection\":[\"Opini\u00f3n\"],\"inLanguage\":\"es\",\"potentialAction\":[{\"@type\":\"CommentAction\",\"name\":\"Comment\",\"target\":[\"https:\\\/\\\/www.eldiario.net\\\/portal\\\/2024\\\/06\\\/18\\\/por-que-mutilar\\\/#respond\"]}]},{\"@type\":\"WebPage\",\"@id\":\"https:\\\/\\\/www.eldiario.net\\\/portal\\\/2024\\\/06\\\/18\\\/por-que-mutilar\\\/\",\"url\":\"https:\\\/\\\/www.eldiario.net\\\/portal\\\/2024\\\/06\\\/18\\\/por-que-mutilar\\\/\",\"name\":\"\u00bfPor qu\u00e9 mutilar? - El Diario - Bolivia\",\"isPartOf\":{\"@id\":\"https:\\\/\\\/www.eldiario.net\\\/portal\\\/#website\"},\"primaryImageOfPage\":{\"@id\":\"https:\\\/\\\/www.eldiario.net\\\/portal\\\/2024\\\/06\\\/18\\\/por-que-mutilar\\\/#primaryimage\"},\"image\":{\"@id\":\"https:\\\/\\\/www.eldiario.net\\\/portal\\\/2024\\\/06\\\/18\\\/por-que-mutilar\\\/#primaryimage\"},\"thumbnailUrl\":\"https:\\\/\\\/www.eldiario.net\\\/portal\\\/wp-content\\\/uploads\\\/2023\\\/06\\\/Ernesto-Gonzalez-Valdes.jpg\",\"datePublished\":\"2024-06-18T04:27:48+00:00\",\"breadcrumb\":{\"@id\":\"https:\\\/\\\/www.eldiario.net\\\/portal\\\/2024\\\/06\\\/18\\\/por-que-mutilar\\\/#breadcrumb\"},\"inLanguage\":\"es\",\"potentialAction\":[{\"@type\":\"ReadAction\",\"target\":[\"https:\\\/\\\/www.eldiario.net\\\/portal\\\/2024\\\/06\\\/18\\\/por-que-mutilar\\\/\"]}]},{\"@type\":\"ImageObject\",\"inLanguage\":\"es\",\"@id\":\"https:\\\/\\\/www.eldiario.net\\\/portal\\\/2024\\\/06\\\/18\\\/por-que-mutilar\\\/#primaryimage\",\"url\":\"https:\\\/\\\/www.eldiario.net\\\/portal\\\/wp-content\\\/uploads\\\/2023\\\/06\\\/Ernesto-Gonzalez-Valdes.jpg\",\"contentUrl\":\"https:\\\/\\\/www.eldiario.net\\\/portal\\\/wp-content\\\/uploads\\\/2023\\\/06\\\/Ernesto-Gonzalez-Valdes.jpg\",\"width\":1200,\"height\":628,\"caption\":\"Ernesto Gonz\u00e1lez Vald\u00e9s\"},{\"@type\":\"BreadcrumbList\",\"@id\":\"https:\\\/\\\/www.eldiario.net\\\/portal\\\/2024\\\/06\\\/18\\\/por-que-mutilar\\\/#breadcrumb\",\"itemListElement\":[{\"@type\":\"ListItem\",\"position\":1,\"name\":\"Portada\",\"item\":\"https:\\\/\\\/www.eldiario.net\\\/portal\\\/\"},{\"@type\":\"ListItem\",\"position\":2,\"name\":\"\u00bfPor qu\u00e9 mutilar?\"}]},{\"@type\":\"WebSite\",\"@id\":\"https:\\\/\\\/www.eldiario.net\\\/portal\\\/#website\",\"url\":\"https:\\\/\\\/www.eldiario.net\\\/portal\\\/\",\"name\":\"El Diario - Decano de la prensa nacional\",\"description\":\"El Diario - Decano de la prensa nacional\",\"publisher\":{\"@id\":\"https:\\\/\\\/www.eldiario.net\\\/portal\\\/#organization\"},\"potentialAction\":[{\"@type\":\"SearchAction\",\"target\":{\"@type\":\"EntryPoint\",\"urlTemplate\":\"https:\\\/\\\/www.eldiario.net\\\/portal\\\/?s={search_term_string}\"},\"query-input\":{\"@type\":\"PropertyValueSpecification\",\"valueRequired\":true,\"valueName\":\"search_term_string\"}}],\"inLanguage\":\"es\"},{\"@type\":\"Organization\",\"@id\":\"https:\\\/\\\/www.eldiario.net\\\/portal\\\/#organization\",\"name\":\"El Diario - Decano de la prensa nacional\",\"url\":\"https:\\\/\\\/www.eldiario.net\\\/portal\\\/\",\"logo\":{\"@type\":\"ImageObject\",\"inLanguage\":\"es\",\"@id\":\"https:\\\/\\\/www.eldiario.net\\\/portal\\\/#\\\/schema\\\/logo\\\/image\\\/\",\"url\":\"https:\\\/\\\/www.eldiario.net\\\/portal\\\/wp-content\\\/uploads\\\/2023\\\/07\\\/logo_ED.jpg\",\"contentUrl\":\"https:\\\/\\\/www.eldiario.net\\\/portal\\\/wp-content\\\/uploads\\\/2023\\\/07\\\/logo_ED.jpg\",\"width\":272,\"height\":52,\"caption\":\"El Diario - Decano de la prensa nacional\"},\"image\":{\"@id\":\"https:\\\/\\\/www.eldiario.net\\\/portal\\\/#\\\/schema\\\/logo\\\/image\\\/\"},\"sameAs\":[\"https:\\\/\\\/www.facebook.com\\\/eldiario.bolivia\\\/\",\"https:\\\/\\\/x.com\\\/eldiario_net\"]},{\"@type\":\"Person\",\"@id\":\"https:\\\/\\\/www.eldiario.net\\\/portal\\\/#\\\/schema\\\/person\\\/f46445640444750d7d753ccd04ae01b7\",\"name\":\"Jeanette\",\"image\":{\"@type\":\"ImageObject\",\"inLanguage\":\"es\",\"@id\":\"https:\\\/\\\/secure.gravatar.com\\\/avatar\\\/3ea2118a5f7dad2b7138b1187a6b7ee55f160b9968b66013c3a3ef39dd7e5798?s=96&d=mm&r=g\",\"url\":\"https:\\\/\\\/secure.gravatar.com\\\/avatar\\\/3ea2118a5f7dad2b7138b1187a6b7ee55f160b9968b66013c3a3ef39dd7e5798?s=96&d=mm&r=g\",\"contentUrl\":\"https:\\\/\\\/secure.gravatar.com\\\/avatar\\\/3ea2118a5f7dad2b7138b1187a6b7ee55f160b9968b66013c3a3ef39dd7e5798?s=96&d=mm&r=g\",\"caption\":\"Jeanette\"},\"sameAs\":[\"https:\\\/\\\/www.eldiario.net\\\/portal\"],\"url\":\"https:\\\/\\\/www.eldiario.net\\\/portal\\\/author\\\/jeanette\\\/\"}]}<\/script>\n<!-- \/ Yoast SEO plugin. -->","yoast_head_json":{"title":"\u00bfPor qu\u00e9 mutilar? - El Diario - Bolivia","robots":{"index":"index","follow":"follow","max-snippet":"max-snippet:-1","max-image-preview":"max-image-preview:large","max-video-preview":"max-video-preview:-1"},"canonical":"https:\/\/www.eldiario.net\/portal\/2024\/06\/18\/por-que-mutilar\/","og_locale":"es_ES","og_type":"article","og_title":"\u00bfPor qu\u00e9 mutilar? - El Diario - Bolivia","og_description":"Una amiga que busca trabajo me dijo que ten\u00eda que reducir l\u00edneas de su curr\u00edculum vitae (CV), para ver si ten\u00eda mejor suerte, ya que consideraba que al tener mucha informaci\u00f3n no lo le\u00edan. Me dio pesar cuestionarla en ese momento, pero \u201cquitar l\u00edneas\u201d implicaba hacer una selecci\u00f3n para eliminar a\u00f1os de experiencias, resultados, quehaceres, [&hellip;]","og_url":"https:\/\/www.eldiario.net\/portal\/2024\/06\/18\/por-que-mutilar\/","og_site_name":"El Diario - Bolivia","article_publisher":"https:\/\/www.facebook.com\/eldiario.bolivia\/","article_published_time":"2024-06-18T04:27:48+00:00","og_image":[{"width":1200,"height":628,"url":"https:\/\/www.eldiario.net\/portal\/wp-content\/uploads\/2023\/06\/Ernesto-Gonzalez-Valdes.jpg","type":"image\/jpeg"}],"author":"Jeanette","twitter_card":"summary_large_image","twitter_creator":"@eldiario_net","twitter_site":"@eldiario_net","twitter_misc":{"Escrito por":"Jeanette","Tiempo de lectura":"3 minutos"},"schema":{"@context":"https:\/\/schema.org","@graph":[{"@type":"Article","@id":"https:\/\/www.eldiario.net\/portal\/2024\/06\/18\/por-que-mutilar\/#article","isPartOf":{"@id":"https:\/\/www.eldiario.net\/portal\/2024\/06\/18\/por-que-mutilar\/"},"author":{"name":"Jeanette","@id":"https:\/\/www.eldiario.net\/portal\/#\/schema\/person\/f46445640444750d7d753ccd04ae01b7"},"headline":"\u00bfPor qu\u00e9 mutilar?","datePublished":"2024-06-18T04:27:48+00:00","mainEntityOfPage":{"@id":"https:\/\/www.eldiario.net\/portal\/2024\/06\/18\/por-que-mutilar\/"},"wordCount":649,"commentCount":0,"publisher":{"@id":"https:\/\/www.eldiario.net\/portal\/#organization"},"image":{"@id":"https:\/\/www.eldiario.net\/portal\/2024\/06\/18\/por-que-mutilar\/#primaryimage"},"thumbnailUrl":"https:\/\/www.eldiario.net\/portal\/wp-content\/uploads\/2023\/06\/Ernesto-Gonzalez-Valdes.jpg","articleSection":["Opini\u00f3n"],"inLanguage":"es","potentialAction":[{"@type":"CommentAction","name":"Comment","target":["https:\/\/www.eldiario.net\/portal\/2024\/06\/18\/por-que-mutilar\/#respond"]}]},{"@type":"WebPage","@id":"https:\/\/www.eldiario.net\/portal\/2024\/06\/18\/por-que-mutilar\/","url":"https:\/\/www.eldiario.net\/portal\/2024\/06\/18\/por-que-mutilar\/","name":"\u00bfPor qu\u00e9 mutilar? - El Diario - Bolivia","isPartOf":{"@id":"https:\/\/www.eldiario.net\/portal\/#website"},"primaryImageOfPage":{"@id":"https:\/\/www.eldiario.net\/portal\/2024\/06\/18\/por-que-mutilar\/#primaryimage"},"image":{"@id":"https:\/\/www.eldiario.net\/portal\/2024\/06\/18\/por-que-mutilar\/#primaryimage"},"thumbnailUrl":"https:\/\/www.eldiario.net\/portal\/wp-content\/uploads\/2023\/06\/Ernesto-Gonzalez-Valdes.jpg","datePublished":"2024-06-18T04:27:48+00:00","breadcrumb":{"@id":"https:\/\/www.eldiario.net\/portal\/2024\/06\/18\/por-que-mutilar\/#breadcrumb"},"inLanguage":"es","potentialAction":[{"@type":"ReadAction","target":["https:\/\/www.eldiario.net\/portal\/2024\/06\/18\/por-que-mutilar\/"]}]},{"@type":"ImageObject","inLanguage":"es","@id":"https:\/\/www.eldiario.net\/portal\/2024\/06\/18\/por-que-mutilar\/#primaryimage","url":"https:\/\/www.eldiario.net\/portal\/wp-content\/uploads\/2023\/06\/Ernesto-Gonzalez-Valdes.jpg","contentUrl":"https:\/\/www.eldiario.net\/portal\/wp-content\/uploads\/2023\/06\/Ernesto-Gonzalez-Valdes.jpg","width":1200,"height":628,"caption":"Ernesto Gonz\u00e1lez Vald\u00e9s"},{"@type":"BreadcrumbList","@id":"https:\/\/www.eldiario.net\/portal\/2024\/06\/18\/por-que-mutilar\/#breadcrumb","itemListElement":[{"@type":"ListItem","position":1,"name":"Portada","item":"https:\/\/www.eldiario.net\/portal\/"},{"@type":"ListItem","position":2,"name":"\u00bfPor qu\u00e9 mutilar?"}]},{"@type":"WebSite","@id":"https:\/\/www.eldiario.net\/portal\/#website","url":"https:\/\/www.eldiario.net\/portal\/","name":"El Diario - Decano de la prensa nacional","description":"El Diario - Decano de la prensa nacional","publisher":{"@id":"https:\/\/www.eldiario.net\/portal\/#organization"},"potentialAction":[{"@type":"SearchAction","target":{"@type":"EntryPoint","urlTemplate":"https:\/\/www.eldiario.net\/portal\/?s={search_term_string}"},"query-input":{"@type":"PropertyValueSpecification","valueRequired":true,"valueName":"search_term_string"}}],"inLanguage":"es"},{"@type":"Organization","@id":"https:\/\/www.eldiario.net\/portal\/#organization","name":"El Diario - Decano de la prensa nacional","url":"https:\/\/www.eldiario.net\/portal\/","logo":{"@type":"ImageObject","inLanguage":"es","@id":"https:\/\/www.eldiario.net\/portal\/#\/schema\/logo\/image\/","url":"https:\/\/www.eldiario.net\/portal\/wp-content\/uploads\/2023\/07\/logo_ED.jpg","contentUrl":"https:\/\/www.eldiario.net\/portal\/wp-content\/uploads\/2023\/07\/logo_ED.jpg","width":272,"height":52,"caption":"El Diario - Decano de la prensa nacional"},"image":{"@id":"https:\/\/www.eldiario.net\/portal\/#\/schema\/logo\/image\/"},"sameAs":["https:\/\/www.facebook.com\/eldiario.bolivia\/","https:\/\/x.com\/eldiario_net"]},{"@type":"Person","@id":"https:\/\/www.eldiario.net\/portal\/#\/schema\/person\/f46445640444750d7d753ccd04ae01b7","name":"Jeanette","image":{"@type":"ImageObject","inLanguage":"es","@id":"https:\/\/secure.gravatar.com\/avatar\/3ea2118a5f7dad2b7138b1187a6b7ee55f160b9968b66013c3a3ef39dd7e5798?s=96&d=mm&r=g","url":"https:\/\/secure.gravatar.com\/avatar\/3ea2118a5f7dad2b7138b1187a6b7ee55f160b9968b66013c3a3ef39dd7e5798?s=96&d=mm&r=g","contentUrl":"https:\/\/secure.gravatar.com\/avatar\/3ea2118a5f7dad2b7138b1187a6b7ee55f160b9968b66013c3a3ef39dd7e5798?s=96&d=mm&r=g","caption":"Jeanette"},"sameAs":["https:\/\/www.eldiario.net\/portal"],"url":"https:\/\/www.eldiario.net\/portal\/author\/jeanette\/"}]}},"_links":{"self":[{"href":"https:\/\/www.eldiario.net\/portal\/wp-json\/wp\/v2\/posts\/227942","targetHints":{"allow":["GET"]}}],"collection":[{"href":"https:\/\/www.eldiario.net\/portal\/wp-json\/wp\/v2\/posts"}],"about":[{"href":"https:\/\/www.eldiario.net\/portal\/wp-json\/wp\/v2\/types\/post"}],"author":[{"embeddable":true,"href":"https:\/\/www.eldiario.net\/portal\/wp-json\/wp\/v2\/users\/1"}],"replies":[{"embeddable":true,"href":"https:\/\/www.eldiario.net\/portal\/wp-json\/wp\/v2\/comments?post=227942"}],"version-history":[{"count":1,"href":"https:\/\/www.eldiario.net\/portal\/wp-json\/wp\/v2\/posts\/227942\/revisions"}],"predecessor-version":[{"id":227943,"href":"https:\/\/www.eldiario.net\/portal\/wp-json\/wp\/v2\/posts\/227942\/revisions\/227943"}],"wp:featuredmedia":[{"embeddable":true,"href":"https:\/\/www.eldiario.net\/portal\/wp-json\/wp\/v2\/media\/160310"}],"wp:attachment":[{"href":"https:\/\/www.eldiario.net\/portal\/wp-json\/wp\/v2\/media?parent=227942"}],"wp:term":[{"taxonomy":"category","embeddable":true,"href":"https:\/\/www.eldiario.net\/portal\/wp-json\/wp\/v2\/categories?post=227942"},{"taxonomy":"post_tag","embeddable":true,"href":"https:\/\/www.eldiario.net\/portal\/wp-json\/wp\/v2\/tags?post=227942"}],"curies":[{"name":"wp","href":"https:\/\/api.w.org\/{rel}","templated":true}]}}