{"id":227934,"date":"2024-06-17T18:35:06","date_gmt":"2024-06-17T22:35:06","guid":{"rendered":"https:\/\/www.eldiario.net\/portal\/?p=227934"},"modified":"2024-06-17T18:35:06","modified_gmt":"2024-06-17T22:35:06","slug":"suspenden-el-paro-de-los-medicos-de-la-caja-nacional-de-salud","status":"publish","type":"post","link":"https:\/\/www.eldiario.net\/portal\/2024\/06\/17\/suspenden-el-paro-de-los-medicos-de-la-caja-nacional-de-salud\/","title":{"rendered":"Suspenden el paro de los m\u00e9dicos de la Caja Nacional de Salud"},"content":{"rendered":"<p>Los m\u00e9dicos de la Caja Nacional de Salud (CNS) reanudaron la atenci\u00f3n de pacientes, porque levantaron un paro de 96 horas que comenzaron a acatar esta ma\u00f1ana.<\/p>\n<p>Los galenos resolvieron continuar con su labor una vez que el Ministerio de Salud y Deportes atendi\u00f3 su demanda de destituci\u00f3n del gerente general de esa entidad aseguradora, Boris Claure, quien fue reemplazado en las \u00faltimas horas por Ren\u00e9 Luis Delgado Aguirre.<\/p>\n<p>El secretario ejecutivo del Sindicato M\u00e9dico y Ramas Afines de la Seguridad Social, R\u00f3ger Condemayta, explic\u00f3 que los m\u00e9dicos recibieron ya una invitaci\u00f3n del nuevo Gerente General de la CNS para un di\u00e1logo, que buscar\u00e1 mejorar las condiciones de atenci\u00f3n de pacientes en los centros de salud bajo su administraci\u00f3n.<\/p>\n<p>Hace casi dos meses, los galenos de la entidad aseguradora comenzaron a acatar paros y a marchar por las principales calles de las ciudades capitales para exigir la destituci\u00f3n de Claure, porque le sindicaban por varios presuntos hechos de corrupci\u00f3n y la falta de personal, medicinas y equipos en los nosocomios a su cargo.<\/p>\n","protected":false},"excerpt":{"rendered":"<p>Los m\u00e9dicos de la Caja Nacional de Salud (CNS) reanudaron la atenci\u00f3n de pacientes, porque levantaron un paro de 96 horas que comenzaron a acatar esta ma\u00f1ana. Los galenos resolvieron continuar con su labor una vez que el Ministerio de Salud y Deportes atendi\u00f3 su demanda de destituci\u00f3n del gerente general de esa entidad aseguradora, [&hellip;]<\/p>\n","protected":false},"author":2,"featured_media":227935,"comment_status":"open","ping_status":"open","sticky":false,"template":"","format":"standard","meta":{"_acf_changed":false,"footnotes":""},"categories":[51],"tags":[],"class_list":["post-227934","post","type-post","status-publish","format-standard","has-post-thumbnail","category-ultima-hora"],"acf":{"antetitulo":""},"yoast_head":"<!-- This site is optimized with the Yoast SEO plugin v28.3 - https:\/\/yoast.com\/product\/yoast-seo-wordpress\/ -->\n<title>Suspenden el paro de los m\u00e9dicos de la Caja Nacional de Salud - El Diario - Bolivia<\/title>\n<meta name=\"robots\" content=\"index, follow, max-snippet:-1, max-image-preview:large, max-video-preview:-1\" \/>\n<link rel=\"canonical\" href=\"https:\/\/www.eldiario.net\/portal\/2024\/06\/17\/suspenden-el-paro-de-los-medicos-de-la-caja-nacional-de-salud\/\" \/>\n<meta property=\"og:locale\" content=\"es_ES\" \/>\n<meta property=\"og:type\" content=\"article\" \/>\n<meta property=\"og:title\" content=\"Suspenden el paro de los m\u00e9dicos de la Caja Nacional de Salud - El Diario - Bolivia\" \/>\n<meta property=\"og:description\" content=\"Los m\u00e9dicos de la Caja Nacional de Salud (CNS) reanudaron la atenci\u00f3n de pacientes, porque levantaron un paro de 96 horas que comenzaron a acatar esta ma\u00f1ana. Los galenos resolvieron continuar con su labor una vez que el Ministerio de Salud y Deportes atendi\u00f3 su demanda de destituci\u00f3n del gerente general de esa entidad aseguradora, [&hellip;]\" \/>\n<meta property=\"og:url\" content=\"https:\/\/www.eldiario.net\/portal\/2024\/06\/17\/suspenden-el-paro-de-los-medicos-de-la-caja-nacional-de-salud\/\" \/>\n<meta property=\"og:site_name\" content=\"El Diario - Bolivia\" \/>\n<meta property=\"article:publisher\" content=\"https:\/\/www.facebook.com\/eldiario.bolivia\/\" \/>\n<meta property=\"article:published_time\" content=\"2024-06-17T22:35:06+00:00\" \/>\n<meta property=\"og:image\" content=\"https:\/\/www.eldiario.net\/portal\/wp-content\/uploads\/2024\/06\/CNS.jpg\" \/>\n\t<meta property=\"og:image:width\" content=\"526\" \/>\n\t<meta property=\"og:image:height\" content=\"320\" \/>\n\t<meta property=\"og:image:type\" content=\"image\/jpeg\" \/>\n<meta name=\"author\" content=\"luis Camacho\" \/>\n<meta name=\"twitter:card\" content=\"summary_large_image\" \/>\n<meta name=\"twitter:creator\" content=\"@eldiario_net\" \/>\n<meta name=\"twitter:site\" content=\"@eldiario_net\" \/>\n<meta name=\"twitter:label1\" content=\"Escrito por\" \/>\n\t<meta name=\"twitter:data1\" content=\"luis Camacho\" \/>\n\t<meta name=\"twitter:label2\" content=\"Tiempo de lectura\" \/>\n\t<meta name=\"twitter:data2\" content=\"1 minuto\" \/>\n<script type=\"application\/ld+json\" class=\"yoast-schema-graph\">{\"@context\":\"https:\\\/\\\/schema.org\",\"@graph\":[{\"@type\":\"Article\",\"@id\":\"https:\\\/\\\/www.eldiario.net\\\/portal\\\/2024\\\/06\\\/17\\\/suspenden-el-paro-de-los-medicos-de-la-caja-nacional-de-salud\\\/#article\",\"isPartOf\":{\"@id\":\"https:\\\/\\\/www.eldiario.net\\\/portal\\\/2024\\\/06\\\/17\\\/suspenden-el-paro-de-los-medicos-de-la-caja-nacional-de-salud\\\/\"},\"author\":{\"name\":\"luis Camacho\",\"@id\":\"https:\\\/\\\/www.eldiario.net\\\/portal\\\/#\\\/schema\\\/person\\\/cab1ae4db27e5f008a62cbffb05fbfee\"},\"headline\":\"Suspenden el paro de los m\u00e9dicos de la Caja Nacional de Salud\",\"datePublished\":\"2024-06-17T22:35:06+00:00\",\"mainEntityOfPage\":{\"@id\":\"https:\\\/\\\/www.eldiario.net\\\/portal\\\/2024\\\/06\\\/17\\\/suspenden-el-paro-de-los-medicos-de-la-caja-nacional-de-salud\\\/\"},\"wordCount\":198,\"commentCount\":0,\"publisher\":{\"@id\":\"https:\\\/\\\/www.eldiario.net\\\/portal\\\/#organization\"},\"image\":{\"@id\":\"https:\\\/\\\/www.eldiario.net\\\/portal\\\/2024\\\/06\\\/17\\\/suspenden-el-paro-de-los-medicos-de-la-caja-nacional-de-salud\\\/#primaryimage\"},\"thumbnailUrl\":\"https:\\\/\\\/www.eldiario.net\\\/portal\\\/wp-content\\\/uploads\\\/2024\\\/06\\\/CNS.jpg\",\"articleSection\":[\"\u00daltima Hora\"],\"inLanguage\":\"es\",\"potentialAction\":[{\"@type\":\"CommentAction\",\"name\":\"Comment\",\"target\":[\"https:\\\/\\\/www.eldiario.net\\\/portal\\\/2024\\\/06\\\/17\\\/suspenden-el-paro-de-los-medicos-de-la-caja-nacional-de-salud\\\/#respond\"]}]},{\"@type\":\"WebPage\",\"@id\":\"https:\\\/\\\/www.eldiario.net\\\/portal\\\/2024\\\/06\\\/17\\\/suspenden-el-paro-de-los-medicos-de-la-caja-nacional-de-salud\\\/\",\"url\":\"https:\\\/\\\/www.eldiario.net\\\/portal\\\/2024\\\/06\\\/17\\\/suspenden-el-paro-de-los-medicos-de-la-caja-nacional-de-salud\\\/\",\"name\":\"Suspenden el paro de los m\u00e9dicos de la Caja Nacional de Salud - El Diario - Bolivia\",\"isPartOf\":{\"@id\":\"https:\\\/\\\/www.eldiario.net\\\/portal\\\/#website\"},\"primaryImageOfPage\":{\"@id\":\"https:\\\/\\\/www.eldiario.net\\\/portal\\\/2024\\\/06\\\/17\\\/suspenden-el-paro-de-los-medicos-de-la-caja-nacional-de-salud\\\/#primaryimage\"},\"image\":{\"@id\":\"https:\\\/\\\/www.eldiario.net\\\/portal\\\/2024\\\/06\\\/17\\\/suspenden-el-paro-de-los-medicos-de-la-caja-nacional-de-salud\\\/#primaryimage\"},\"thumbnailUrl\":\"https:\\\/\\\/www.eldiario.net\\\/portal\\\/wp-content\\\/uploads\\\/2024\\\/06\\\/CNS.jpg\",\"datePublished\":\"2024-06-17T22:35:06+00:00\",\"breadcrumb\":{\"@id\":\"https:\\\/\\\/www.eldiario.net\\\/portal\\\/2024\\\/06\\\/17\\\/suspenden-el-paro-de-los-medicos-de-la-caja-nacional-de-salud\\\/#breadcrumb\"},\"inLanguage\":\"es\",\"potentialAction\":[{\"@type\":\"ReadAction\",\"target\":[\"https:\\\/\\\/www.eldiario.net\\\/portal\\\/2024\\\/06\\\/17\\\/suspenden-el-paro-de-los-medicos-de-la-caja-nacional-de-salud\\\/\"]}]},{\"@type\":\"ImageObject\",\"inLanguage\":\"es\",\"@id\":\"https:\\\/\\\/www.eldiario.net\\\/portal\\\/2024\\\/06\\\/17\\\/suspenden-el-paro-de-los-medicos-de-la-caja-nacional-de-salud\\\/#primaryimage\",\"url\":\"https:\\\/\\\/www.eldiario.net\\\/portal\\\/wp-content\\\/uploads\\\/2024\\\/06\\\/CNS.jpg\",\"contentUrl\":\"https:\\\/\\\/www.eldiario.net\\\/portal\\\/wp-content\\\/uploads\\\/2024\\\/06\\\/CNS.jpg\",\"width\":526,\"height\":320,\"caption\":\"Foto: ABI.\"},{\"@type\":\"BreadcrumbList\",\"@id\":\"https:\\\/\\\/www.eldiario.net\\\/portal\\\/2024\\\/06\\\/17\\\/suspenden-el-paro-de-los-medicos-de-la-caja-nacional-de-salud\\\/#breadcrumb\",\"itemListElement\":[{\"@type\":\"ListItem\",\"position\":1,\"name\":\"Portada\",\"item\":\"https:\\\/\\\/www.eldiario.net\\\/portal\\\/\"},{\"@type\":\"ListItem\",\"position\":2,\"name\":\"Suspenden el paro de los m\u00e9dicos de la Caja Nacional de Salud\"}]},{\"@type\":\"WebSite\",\"@id\":\"https:\\\/\\\/www.eldiario.net\\\/portal\\\/#website\",\"url\":\"https:\\\/\\\/www.eldiario.net\\\/portal\\\/\",\"name\":\"El Diario - Decano de la prensa nacional\",\"description\":\"El Diario - Decano de la prensa nacional\",\"publisher\":{\"@id\":\"https:\\\/\\\/www.eldiario.net\\\/portal\\\/#organization\"},\"potentialAction\":[{\"@type\":\"SearchAction\",\"target\":{\"@type\":\"EntryPoint\",\"urlTemplate\":\"https:\\\/\\\/www.eldiario.net\\\/portal\\\/?s={search_term_string}\"},\"query-input\":{\"@type\":\"PropertyValueSpecification\",\"valueRequired\":true,\"valueName\":\"search_term_string\"}}],\"inLanguage\":\"es\"},{\"@type\":\"Organization\",\"@id\":\"https:\\\/\\\/www.eldiario.net\\\/portal\\\/#organization\",\"name\":\"El Diario - Decano de la prensa nacional\",\"url\":\"https:\\\/\\\/www.eldiario.net\\\/portal\\\/\",\"logo\":{\"@type\":\"ImageObject\",\"inLanguage\":\"es\",\"@id\":\"https:\\\/\\\/www.eldiario.net\\\/portal\\\/#\\\/schema\\\/logo\\\/image\\\/\",\"url\":\"https:\\\/\\\/www.eldiario.net\\\/portal\\\/wp-content\\\/uploads\\\/2023\\\/07\\\/logo_ED.jpg\",\"contentUrl\":\"https:\\\/\\\/www.eldiario.net\\\/portal\\\/wp-content\\\/uploads\\\/2023\\\/07\\\/logo_ED.jpg\",\"width\":272,\"height\":52,\"caption\":\"El Diario - Decano de la prensa nacional\"},\"image\":{\"@id\":\"https:\\\/\\\/www.eldiario.net\\\/portal\\\/#\\\/schema\\\/logo\\\/image\\\/\"},\"sameAs\":[\"https:\\\/\\\/www.facebook.com\\\/eldiario.bolivia\\\/\",\"https:\\\/\\\/x.com\\\/eldiario_net\"]},{\"@type\":\"Person\",\"@id\":\"https:\\\/\\\/www.eldiario.net\\\/portal\\\/#\\\/schema\\\/person\\\/cab1ae4db27e5f008a62cbffb05fbfee\",\"name\":\"luis Camacho\",\"image\":{\"@type\":\"ImageObject\",\"inLanguage\":\"es\",\"@id\":\"https:\\\/\\\/secure.gravatar.com\\\/avatar\\\/69ecb836b3826d5a2501bf06ab2a2f2c8ab211cc846758f395df21684cb38313?s=96&d=mm&r=g\",\"url\":\"https:\\\/\\\/secure.gravatar.com\\\/avatar\\\/69ecb836b3826d5a2501bf06ab2a2f2c8ab211cc846758f395df21684cb38313?s=96&d=mm&r=g\",\"contentUrl\":\"https:\\\/\\\/secure.gravatar.com\\\/avatar\\\/69ecb836b3826d5a2501bf06ab2a2f2c8ab211cc846758f395df21684cb38313?s=96&d=mm&r=g\",\"caption\":\"luis Camacho\"},\"url\":\"https:\\\/\\\/www.eldiario.net\\\/portal\\\/author\\\/luis\\\/\"}]}<\/script>\n<!-- \/ Yoast SEO plugin. -->","yoast_head_json":{"title":"Suspenden el paro de los m\u00e9dicos de la Caja Nacional de Salud - El Diario - Bolivia","robots":{"index":"index","follow":"follow","max-snippet":"max-snippet:-1","max-image-preview":"max-image-preview:large","max-video-preview":"max-video-preview:-1"},"canonical":"https:\/\/www.eldiario.net\/portal\/2024\/06\/17\/suspenden-el-paro-de-los-medicos-de-la-caja-nacional-de-salud\/","og_locale":"es_ES","og_type":"article","og_title":"Suspenden el paro de los m\u00e9dicos de la Caja Nacional de Salud - El Diario - Bolivia","og_description":"Los m\u00e9dicos de la Caja Nacional de Salud (CNS) reanudaron la atenci\u00f3n de pacientes, porque levantaron un paro de 96 horas que comenzaron a acatar esta ma\u00f1ana. Los galenos resolvieron continuar con su labor una vez que el Ministerio de Salud y Deportes atendi\u00f3 su demanda de destituci\u00f3n del gerente general de esa entidad aseguradora, [&hellip;]","og_url":"https:\/\/www.eldiario.net\/portal\/2024\/06\/17\/suspenden-el-paro-de-los-medicos-de-la-caja-nacional-de-salud\/","og_site_name":"El Diario - Bolivia","article_publisher":"https:\/\/www.facebook.com\/eldiario.bolivia\/","article_published_time":"2024-06-17T22:35:06+00:00","og_image":[{"width":526,"height":320,"url":"https:\/\/www.eldiario.net\/portal\/wp-content\/uploads\/2024\/06\/CNS.jpg","type":"image\/jpeg"}],"author":"luis Camacho","twitter_card":"summary_large_image","twitter_creator":"@eldiario_net","twitter_site":"@eldiario_net","twitter_misc":{"Escrito por":"luis Camacho","Tiempo de lectura":"1 minuto"},"schema":{"@context":"https:\/\/schema.org","@graph":[{"@type":"Article","@id":"https:\/\/www.eldiario.net\/portal\/2024\/06\/17\/suspenden-el-paro-de-los-medicos-de-la-caja-nacional-de-salud\/#article","isPartOf":{"@id":"https:\/\/www.eldiario.net\/portal\/2024\/06\/17\/suspenden-el-paro-de-los-medicos-de-la-caja-nacional-de-salud\/"},"author":{"name":"luis Camacho","@id":"https:\/\/www.eldiario.net\/portal\/#\/schema\/person\/cab1ae4db27e5f008a62cbffb05fbfee"},"headline":"Suspenden el paro de los m\u00e9dicos de la Caja Nacional de Salud","datePublished":"2024-06-17T22:35:06+00:00","mainEntityOfPage":{"@id":"https:\/\/www.eldiario.net\/portal\/2024\/06\/17\/suspenden-el-paro-de-los-medicos-de-la-caja-nacional-de-salud\/"},"wordCount":198,"commentCount":0,"publisher":{"@id":"https:\/\/www.eldiario.net\/portal\/#organization"},"image":{"@id":"https:\/\/www.eldiario.net\/portal\/2024\/06\/17\/suspenden-el-paro-de-los-medicos-de-la-caja-nacional-de-salud\/#primaryimage"},"thumbnailUrl":"https:\/\/www.eldiario.net\/portal\/wp-content\/uploads\/2024\/06\/CNS.jpg","articleSection":["\u00daltima Hora"],"inLanguage":"es","potentialAction":[{"@type":"CommentAction","name":"Comment","target":["https:\/\/www.eldiario.net\/portal\/2024\/06\/17\/suspenden-el-paro-de-los-medicos-de-la-caja-nacional-de-salud\/#respond"]}]},{"@type":"WebPage","@id":"https:\/\/www.eldiario.net\/portal\/2024\/06\/17\/suspenden-el-paro-de-los-medicos-de-la-caja-nacional-de-salud\/","url":"https:\/\/www.eldiario.net\/portal\/2024\/06\/17\/suspenden-el-paro-de-los-medicos-de-la-caja-nacional-de-salud\/","name":"Suspenden el paro de los m\u00e9dicos de la Caja Nacional de Salud - El Diario - Bolivia","isPartOf":{"@id":"https:\/\/www.eldiario.net\/portal\/#website"},"primaryImageOfPage":{"@id":"https:\/\/www.eldiario.net\/portal\/2024\/06\/17\/suspenden-el-paro-de-los-medicos-de-la-caja-nacional-de-salud\/#primaryimage"},"image":{"@id":"https:\/\/www.eldiario.net\/portal\/2024\/06\/17\/suspenden-el-paro-de-los-medicos-de-la-caja-nacional-de-salud\/#primaryimage"},"thumbnailUrl":"https:\/\/www.eldiario.net\/portal\/wp-content\/uploads\/2024\/06\/CNS.jpg","datePublished":"2024-06-17T22:35:06+00:00","breadcrumb":{"@id":"https:\/\/www.eldiario.net\/portal\/2024\/06\/17\/suspenden-el-paro-de-los-medicos-de-la-caja-nacional-de-salud\/#breadcrumb"},"inLanguage":"es","potentialAction":[{"@type":"ReadAction","target":["https:\/\/www.eldiario.net\/portal\/2024\/06\/17\/suspenden-el-paro-de-los-medicos-de-la-caja-nacional-de-salud\/"]}]},{"@type":"ImageObject","inLanguage":"es","@id":"https:\/\/www.eldiario.net\/portal\/2024\/06\/17\/suspenden-el-paro-de-los-medicos-de-la-caja-nacional-de-salud\/#primaryimage","url":"https:\/\/www.eldiario.net\/portal\/wp-content\/uploads\/2024\/06\/CNS.jpg","contentUrl":"https:\/\/www.eldiario.net\/portal\/wp-content\/uploads\/2024\/06\/CNS.jpg","width":526,"height":320,"caption":"Foto: ABI."},{"@type":"BreadcrumbList","@id":"https:\/\/www.eldiario.net\/portal\/2024\/06\/17\/suspenden-el-paro-de-los-medicos-de-la-caja-nacional-de-salud\/#breadcrumb","itemListElement":[{"@type":"ListItem","position":1,"name":"Portada","item":"https:\/\/www.eldiario.net\/portal\/"},{"@type":"ListItem","position":2,"name":"Suspenden el paro de los m\u00e9dicos de la Caja Nacional de Salud"}]},{"@type":"WebSite","@id":"https:\/\/www.eldiario.net\/portal\/#website","url":"https:\/\/www.eldiario.net\/portal\/","name":"El Diario - Decano de la prensa nacional","description":"El Diario - Decano de la prensa nacional","publisher":{"@id":"https:\/\/www.eldiario.net\/portal\/#organization"},"potentialAction":[{"@type":"SearchAction","target":{"@type":"EntryPoint","urlTemplate":"https:\/\/www.eldiario.net\/portal\/?s={search_term_string}"},"query-input":{"@type":"PropertyValueSpecification","valueRequired":true,"valueName":"search_term_string"}}],"inLanguage":"es"},{"@type":"Organization","@id":"https:\/\/www.eldiario.net\/portal\/#organization","name":"El Diario - Decano de la prensa nacional","url":"https:\/\/www.eldiario.net\/portal\/","logo":{"@type":"ImageObject","inLanguage":"es","@id":"https:\/\/www.eldiario.net\/portal\/#\/schema\/logo\/image\/","url":"https:\/\/www.eldiario.net\/portal\/wp-content\/uploads\/2023\/07\/logo_ED.jpg","contentUrl":"https:\/\/www.eldiario.net\/portal\/wp-content\/uploads\/2023\/07\/logo_ED.jpg","width":272,"height":52,"caption":"El Diario - Decano de la prensa nacional"},"image":{"@id":"https:\/\/www.eldiario.net\/portal\/#\/schema\/logo\/image\/"},"sameAs":["https:\/\/www.facebook.com\/eldiario.bolivia\/","https:\/\/x.com\/eldiario_net"]},{"@type":"Person","@id":"https:\/\/www.eldiario.net\/portal\/#\/schema\/person\/cab1ae4db27e5f008a62cbffb05fbfee","name":"luis Camacho","image":{"@type":"ImageObject","inLanguage":"es","@id":"https:\/\/secure.gravatar.com\/avatar\/69ecb836b3826d5a2501bf06ab2a2f2c8ab211cc846758f395df21684cb38313?s=96&d=mm&r=g","url":"https:\/\/secure.gravatar.com\/avatar\/69ecb836b3826d5a2501bf06ab2a2f2c8ab211cc846758f395df21684cb38313?s=96&d=mm&r=g","contentUrl":"https:\/\/secure.gravatar.com\/avatar\/69ecb836b3826d5a2501bf06ab2a2f2c8ab211cc846758f395df21684cb38313?s=96&d=mm&r=g","caption":"luis Camacho"},"url":"https:\/\/www.eldiario.net\/portal\/author\/luis\/"}]}},"_links":{"self":[{"href":"https:\/\/www.eldiario.net\/portal\/wp-json\/wp\/v2\/posts\/227934","targetHints":{"allow":["GET"]}}],"collection":[{"href":"https:\/\/www.eldiario.net\/portal\/wp-json\/wp\/v2\/posts"}],"about":[{"href":"https:\/\/www.eldiario.net\/portal\/wp-json\/wp\/v2\/types\/post"}],"author":[{"embeddable":true,"href":"https:\/\/www.eldiario.net\/portal\/wp-json\/wp\/v2\/users\/2"}],"replies":[{"embeddable":true,"href":"https:\/\/www.eldiario.net\/portal\/wp-json\/wp\/v2\/comments?post=227934"}],"version-history":[{"count":1,"href":"https:\/\/www.eldiario.net\/portal\/wp-json\/wp\/v2\/posts\/227934\/revisions"}],"predecessor-version":[{"id":227936,"href":"https:\/\/www.eldiario.net\/portal\/wp-json\/wp\/v2\/posts\/227934\/revisions\/227936"}],"wp:featuredmedia":[{"embeddable":true,"href":"https:\/\/www.eldiario.net\/portal\/wp-json\/wp\/v2\/media\/227935"}],"wp:attachment":[{"href":"https:\/\/www.eldiario.net\/portal\/wp-json\/wp\/v2\/media?parent=227934"}],"wp:term":[{"taxonomy":"category","embeddable":true,"href":"https:\/\/www.eldiario.net\/portal\/wp-json\/wp\/v2\/categories?post=227934"},{"taxonomy":"post_tag","embeddable":true,"href":"https:\/\/www.eldiario.net\/portal\/wp-json\/wp\/v2\/tags?post=227934"}],"curies":[{"name":"wp","href":"https:\/\/api.w.org\/{rel}","templated":true}]}}