{"id":227862,"date":"2024-06-17T06:42:47","date_gmt":"2024-06-17T10:42:47","guid":{"rendered":"https:\/\/www.eldiario.net\/portal\/?p=227862"},"modified":"2024-06-17T08:48:00","modified_gmt":"2024-06-17T12:48:00","slug":"bose-lanza-el-parlante-inalambrico-que-vas-a-querer-llevar-a-todas-las-fiestas","status":"publish","type":"post","link":"https:\/\/www.eldiario.net\/portal\/2024\/06\/17\/bose-lanza-el-parlante-inalambrico-que-vas-a-querer-llevar-a-todas-las-fiestas\/","title":{"rendered":"Bose lanza el parlante inal\u00e1mbrico que vas a querer llevar a todas las fiestas"},"content":{"rendered":"<p>Los parlantes inal\u00e1mbricos siempre han quedado relegados a su uso en exteriores o en espacios con poca afluencia de gente. Por sus propias limitaciones de autonom\u00eda y espacio, son pocas las opciones que existen en el mercado si queremos llevar el sonido a una fiesta. Ahora Bose presenta su nuevo parlante SoundLink Max, que destaca precisamente por su impresionante tama\u00f1o, sonido de alta calidad y robustez.<\/p>\n<p>Dise\u00f1ado para llevar la fiesta a cualquier lugar, la nueva propuesta del fabricante es capaz de proporcionar un audio de alta fidelidad para hasta una veintena de personas, lo que lo convierte en el compa\u00f1ero ideal para cualquier reuni\u00f3n o evento.<\/p>\n<p>El Bose SoundLink Max est\u00e1 dise\u00f1ado para resistir condiciones adversas, siendo un aut\u00e9ntico todoterreno para tus reuniones al aire libre. En concreto, el parlante cumple con la certificaci\u00f3n IP67, en tanto que es resistente al agua y al polvo. Incluso puede flotar y permanecer hasta 30 minutos en el agua sin sufrir da\u00f1os.<\/p>\n<p>Su carcasa est\u00e1 fabricada con una rejilla de acero con revestimiento electrost\u00e1tico y un exterior de silicona duradero, otorg\u00e1ndole cierta resistencia a ca\u00eddas, golpes, corrosi\u00f3n por \u00f3xido y luz ultravioleta. De hecho, todos los componentes del parlante, incluidos los puertos de carga USB tipo C y auxiliar, los transductores y los radiadores pasivos, est\u00e1n fabricados con materiales impermeables y sellados herm\u00e9ticamente.<\/p>\n<p><strong>Calidad de sonido y conectividad para regalar<\/strong><\/p>\n<p>Si bien la compa\u00f1\u00eda no ha especificado la potencia sonora del Bose SoundLink Max, ofrece un sonido n\u00edtido y sin distorsiones, con agudos y graves equilibrados, gracias a la tecnolog\u00eda Snapdragon Sound. Esta tecnolog\u00eda optimiza la calidad del audio y la estabilidad de la conexi\u00f3n en dispositivos compatibles, como algunos dispositivos Android. En este caso, el parlante utiliza el codec Bluetooth adaptativo aptX para transmitir audio autom\u00e1ticamente al conectarse a un dispositivo certificado.<\/p>\n<p>En t\u00e9rminos de conectividad, permite emparejar hasta ocho dispositivos y recordarlos cada vez que se conecten. Tambi\u00e9n cuenta con una entrada auxiliar de 3,5 mil\u00edmetros para dispositivos sin Bluetooth, que se selecciona autom\u00e1ticamente al encender el parlante. Asimismo, la tecnolog\u00eda Bluetooth 5.3 permite escuchar m\u00fasica de forma inal\u00e1mbrica desde dispositivos m\u00f3viles o plataformas de streaming a una distancia de hasta 9 metros.<\/p>\n<p>Para gestionar su configuraci\u00f3n y mantener el software actualizado, los usuarios pueden descargar la aplicaci\u00f3n Bose App en sus dispositivos m\u00f3viles, que facilita la personalizaci\u00f3n y el emparejamiento de dispositivos de manera intuitiva. Por si fuera poco, ofrece hasta 20 horas de autonom\u00eda y se recarga en aproximadamente cinco horas mediante el puerto USB tipo C.<\/p>\n<p>Por \u00faltimo, el parlante cuenta con controles f\u00edsicos para encendido, Bluetooth, ajuste de volumen y un acceso directo programable, adem\u00e1s de ser compatible con el asistente de voz del tel\u00e9fono.<\/p>\n<p>&nbsp;<\/p>\n","protected":false},"excerpt":{"rendered":"<p>Los parlantes inal\u00e1mbricos siempre han quedado relegados a su uso en exteriores o en espacios con poca afluencia de gente. Por sus propias limitaciones de autonom\u00eda y espacio, son pocas las opciones que existen en el mercado si queremos llevar el sonido a una fiesta. Ahora Bose presenta su nuevo parlante SoundLink Max, que destaca [&hellip;]<\/p>\n","protected":false},"author":1,"featured_media":227867,"comment_status":"open","ping_status":"open","sticky":false,"template":"","format":"standard","meta":{"_acf_changed":false,"footnotes":""},"categories":[46],"tags":[],"class_list":["post-227862","post","type-post","status-publish","format-standard","has-post-thumbnail","category-ciencia-computacion"],"acf":{"antetitulo":""},"yoast_head":"<!-- This site is optimized with the Yoast SEO plugin v28.4 - https:\/\/yoast.com\/product\/yoast-seo-wordpress\/ -->\n<title>Bose lanza el parlante inal\u00e1mbrico que vas a querer llevar a todas las fiestas - El Diario - Bolivia<\/title>\n<meta name=\"robots\" content=\"index, follow, max-snippet:-1, max-image-preview:large, max-video-preview:-1\" \/>\n<link rel=\"canonical\" href=\"https:\/\/www.eldiario.net\/portal\/2024\/06\/17\/bose-lanza-el-parlante-inalambrico-que-vas-a-querer-llevar-a-todas-las-fiestas\/\" \/>\n<meta property=\"og:locale\" content=\"es_ES\" \/>\n<meta property=\"og:type\" content=\"article\" \/>\n<meta property=\"og:title\" content=\"Bose lanza el parlante inal\u00e1mbrico que vas a querer llevar a todas las fiestas - El Diario - Bolivia\" \/>\n<meta property=\"og:description\" content=\"Los parlantes inal\u00e1mbricos siempre han quedado relegados a su uso en exteriores o en espacios con poca afluencia de gente. Por sus propias limitaciones de autonom\u00eda y espacio, son pocas las opciones que existen en el mercado si queremos llevar el sonido a una fiesta. Ahora Bose presenta su nuevo parlante SoundLink Max, que destaca [&hellip;]\" \/>\n<meta property=\"og:url\" content=\"https:\/\/www.eldiario.net\/portal\/2024\/06\/17\/bose-lanza-el-parlante-inalambrico-que-vas-a-querer-llevar-a-todas-las-fiestas\/\" \/>\n<meta property=\"og:site_name\" content=\"El Diario - Bolivia\" \/>\n<meta property=\"article:publisher\" content=\"https:\/\/www.facebook.com\/eldiario.bolivia\/\" \/>\n<meta property=\"article:published_time\" content=\"2024-06-17T10:42:47+00:00\" \/>\n<meta property=\"article:modified_time\" content=\"2024-06-17T12:48:00+00:00\" \/>\n<meta property=\"og:image\" content=\"https:\/\/www.eldiario.net\/portal\/wp-content\/uploads\/2024\/06\/2-A-2.jpg\" \/>\n\t<meta property=\"og:image:width\" content=\"1929\" \/>\n\t<meta property=\"og:image:height\" content=\"1553\" \/>\n\t<meta property=\"og:image:type\" content=\"image\/jpeg\" \/>\n<meta name=\"author\" content=\"Jeanette\" \/>\n<meta name=\"twitter:card\" content=\"summary_large_image\" \/>\n<meta name=\"twitter:creator\" content=\"@eldiario_net\" \/>\n<meta name=\"twitter:site\" content=\"@eldiario_net\" \/>\n<meta name=\"twitter:label1\" content=\"Escrito por\" \/>\n\t<meta name=\"twitter:data1\" content=\"Jeanette\" \/>\n\t<meta name=\"twitter:label2\" content=\"Tiempo de lectura\" \/>\n\t<meta name=\"twitter:data2\" content=\"3 minutos\" \/>\n<script type=\"application\/ld+json\" class=\"yoast-schema-graph\">{\"@context\":\"https:\\\/\\\/schema.org\",\"@graph\":[{\"@type\":\"Article\",\"@id\":\"https:\\\/\\\/www.eldiario.net\\\/portal\\\/2024\\\/06\\\/17\\\/bose-lanza-el-parlante-inalambrico-que-vas-a-querer-llevar-a-todas-las-fiestas\\\/#article\",\"isPartOf\":{\"@id\":\"https:\\\/\\\/www.eldiario.net\\\/portal\\\/2024\\\/06\\\/17\\\/bose-lanza-el-parlante-inalambrico-que-vas-a-querer-llevar-a-todas-las-fiestas\\\/\"},\"author\":{\"name\":\"Jeanette\",\"@id\":\"https:\\\/\\\/www.eldiario.net\\\/portal\\\/#\\\/schema\\\/person\\\/f46445640444750d7d753ccd04ae01b7\"},\"headline\":\"Bose lanza el parlante inal\u00e1mbrico que vas a querer llevar a todas las fiestas\",\"datePublished\":\"2024-06-17T10:42:47+00:00\",\"dateModified\":\"2024-06-17T12:48:00+00:00\",\"mainEntityOfPage\":{\"@id\":\"https:\\\/\\\/www.eldiario.net\\\/portal\\\/2024\\\/06\\\/17\\\/bose-lanza-el-parlante-inalambrico-que-vas-a-querer-llevar-a-todas-las-fiestas\\\/\"},\"wordCount\":498,\"commentCount\":0,\"publisher\":{\"@id\":\"https:\\\/\\\/www.eldiario.net\\\/portal\\\/#organization\"},\"image\":{\"@id\":\"https:\\\/\\\/www.eldiario.net\\\/portal\\\/2024\\\/06\\\/17\\\/bose-lanza-el-parlante-inalambrico-que-vas-a-querer-llevar-a-todas-las-fiestas\\\/#primaryimage\"},\"thumbnailUrl\":\"https:\\\/\\\/www.eldiario.net\\\/portal\\\/wp-content\\\/uploads\\\/2024\\\/06\\\/2-A-2.jpg\",\"articleSection\":[\"Ciencia y Computaci\u00f3n\"],\"inLanguage\":\"es\",\"potentialAction\":[{\"@type\":\"CommentAction\",\"name\":\"Comment\",\"target\":[\"https:\\\/\\\/www.eldiario.net\\\/portal\\\/2024\\\/06\\\/17\\\/bose-lanza-el-parlante-inalambrico-que-vas-a-querer-llevar-a-todas-las-fiestas\\\/#respond\"]}]},{\"@type\":\"WebPage\",\"@id\":\"https:\\\/\\\/www.eldiario.net\\\/portal\\\/2024\\\/06\\\/17\\\/bose-lanza-el-parlante-inalambrico-que-vas-a-querer-llevar-a-todas-las-fiestas\\\/\",\"url\":\"https:\\\/\\\/www.eldiario.net\\\/portal\\\/2024\\\/06\\\/17\\\/bose-lanza-el-parlante-inalambrico-que-vas-a-querer-llevar-a-todas-las-fiestas\\\/\",\"name\":\"Bose lanza el parlante inal\u00e1mbrico que vas a querer llevar a todas las fiestas - El Diario - Bolivia\",\"isPartOf\":{\"@id\":\"https:\\\/\\\/www.eldiario.net\\\/portal\\\/#website\"},\"primaryImageOfPage\":{\"@id\":\"https:\\\/\\\/www.eldiario.net\\\/portal\\\/2024\\\/06\\\/17\\\/bose-lanza-el-parlante-inalambrico-que-vas-a-querer-llevar-a-todas-las-fiestas\\\/#primaryimage\"},\"image\":{\"@id\":\"https:\\\/\\\/www.eldiario.net\\\/portal\\\/2024\\\/06\\\/17\\\/bose-lanza-el-parlante-inalambrico-que-vas-a-querer-llevar-a-todas-las-fiestas\\\/#primaryimage\"},\"thumbnailUrl\":\"https:\\\/\\\/www.eldiario.net\\\/portal\\\/wp-content\\\/uploads\\\/2024\\\/06\\\/2-A-2.jpg\",\"datePublished\":\"2024-06-17T10:42:47+00:00\",\"dateModified\":\"2024-06-17T12:48:00+00:00\",\"breadcrumb\":{\"@id\":\"https:\\\/\\\/www.eldiario.net\\\/portal\\\/2024\\\/06\\\/17\\\/bose-lanza-el-parlante-inalambrico-que-vas-a-querer-llevar-a-todas-las-fiestas\\\/#breadcrumb\"},\"inLanguage\":\"es\",\"potentialAction\":[{\"@type\":\"ReadAction\",\"target\":[\"https:\\\/\\\/www.eldiario.net\\\/portal\\\/2024\\\/06\\\/17\\\/bose-lanza-el-parlante-inalambrico-que-vas-a-querer-llevar-a-todas-las-fiestas\\\/\"]}]},{\"@type\":\"ImageObject\",\"inLanguage\":\"es\",\"@id\":\"https:\\\/\\\/www.eldiario.net\\\/portal\\\/2024\\\/06\\\/17\\\/bose-lanza-el-parlante-inalambrico-que-vas-a-querer-llevar-a-todas-las-fiestas\\\/#primaryimage\",\"url\":\"https:\\\/\\\/www.eldiario.net\\\/portal\\\/wp-content\\\/uploads\\\/2024\\\/06\\\/2-A-2.jpg\",\"contentUrl\":\"https:\\\/\\\/www.eldiario.net\\\/portal\\\/wp-content\\\/uploads\\\/2024\\\/06\\\/2-A-2.jpg\",\"width\":1929,\"height\":1553},{\"@type\":\"BreadcrumbList\",\"@id\":\"https:\\\/\\\/www.eldiario.net\\\/portal\\\/2024\\\/06\\\/17\\\/bose-lanza-el-parlante-inalambrico-que-vas-a-querer-llevar-a-todas-las-fiestas\\\/#breadcrumb\",\"itemListElement\":[{\"@type\":\"ListItem\",\"position\":1,\"name\":\"Portada\",\"item\":\"https:\\\/\\\/www.eldiario.net\\\/portal\\\/\"},{\"@type\":\"ListItem\",\"position\":2,\"name\":\"Bose lanza el parlante inal\u00e1mbrico que vas a querer llevar a todas las fiestas\"}]},{\"@type\":\"WebSite\",\"@id\":\"https:\\\/\\\/www.eldiario.net\\\/portal\\\/#website\",\"url\":\"https:\\\/\\\/www.eldiario.net\\\/portal\\\/\",\"name\":\"El Diario - Decano de la prensa nacional\",\"description\":\"El Diario - Decano de la prensa nacional\",\"publisher\":{\"@id\":\"https:\\\/\\\/www.eldiario.net\\\/portal\\\/#organization\"},\"potentialAction\":[{\"@type\":\"SearchAction\",\"target\":{\"@type\":\"EntryPoint\",\"urlTemplate\":\"https:\\\/\\\/www.eldiario.net\\\/portal\\\/?s={search_term_string}\"},\"query-input\":{\"@type\":\"PropertyValueSpecification\",\"valueRequired\":true,\"valueName\":\"search_term_string\"}}],\"inLanguage\":\"es\"},{\"@type\":\"Organization\",\"@id\":\"https:\\\/\\\/www.eldiario.net\\\/portal\\\/#organization\",\"name\":\"El Diario - Decano de la prensa nacional\",\"url\":\"https:\\\/\\\/www.eldiario.net\\\/portal\\\/\",\"logo\":{\"@type\":\"ImageObject\",\"inLanguage\":\"es\",\"@id\":\"https:\\\/\\\/www.eldiario.net\\\/portal\\\/#\\\/schema\\\/logo\\\/image\\\/\",\"url\":\"https:\\\/\\\/www.eldiario.net\\\/portal\\\/wp-content\\\/uploads\\\/2023\\\/07\\\/logo_ED.jpg\",\"contentUrl\":\"https:\\\/\\\/www.eldiario.net\\\/portal\\\/wp-content\\\/uploads\\\/2023\\\/07\\\/logo_ED.jpg\",\"width\":272,\"height\":52,\"caption\":\"El Diario - Decano de la prensa nacional\"},\"image\":{\"@id\":\"https:\\\/\\\/www.eldiario.net\\\/portal\\\/#\\\/schema\\\/logo\\\/image\\\/\"},\"sameAs\":[\"https:\\\/\\\/www.facebook.com\\\/eldiario.bolivia\\\/\",\"https:\\\/\\\/x.com\\\/eldiario_net\"]},{\"@type\":\"Person\",\"@id\":\"https:\\\/\\\/www.eldiario.net\\\/portal\\\/#\\\/schema\\\/person\\\/f46445640444750d7d753ccd04ae01b7\",\"name\":\"Jeanette\",\"image\":{\"@type\":\"ImageObject\",\"inLanguage\":\"es\",\"@id\":\"https:\\\/\\\/secure.gravatar.com\\\/avatar\\\/3ea2118a5f7dad2b7138b1187a6b7ee55f160b9968b66013c3a3ef39dd7e5798?s=96&d=mm&r=g\",\"url\":\"https:\\\/\\\/secure.gravatar.com\\\/avatar\\\/3ea2118a5f7dad2b7138b1187a6b7ee55f160b9968b66013c3a3ef39dd7e5798?s=96&d=mm&r=g\",\"contentUrl\":\"https:\\\/\\\/secure.gravatar.com\\\/avatar\\\/3ea2118a5f7dad2b7138b1187a6b7ee55f160b9968b66013c3a3ef39dd7e5798?s=96&d=mm&r=g\",\"caption\":\"Jeanette\"},\"sameAs\":[\"https:\\\/\\\/www.eldiario.net\\\/portal\"],\"url\":\"https:\\\/\\\/www.eldiario.net\\\/portal\\\/author\\\/jeanette\\\/\"}]}<\/script>\n<!-- \/ Yoast SEO plugin. -->","yoast_head_json":{"title":"Bose lanza el parlante inal\u00e1mbrico que vas a querer llevar a todas las fiestas - El Diario - Bolivia","robots":{"index":"index","follow":"follow","max-snippet":"max-snippet:-1","max-image-preview":"max-image-preview:large","max-video-preview":"max-video-preview:-1"},"canonical":"https:\/\/www.eldiario.net\/portal\/2024\/06\/17\/bose-lanza-el-parlante-inalambrico-que-vas-a-querer-llevar-a-todas-las-fiestas\/","og_locale":"es_ES","og_type":"article","og_title":"Bose lanza el parlante inal\u00e1mbrico que vas a querer llevar a todas las fiestas - El Diario - Bolivia","og_description":"Los parlantes inal\u00e1mbricos siempre han quedado relegados a su uso en exteriores o en espacios con poca afluencia de gente. Por sus propias limitaciones de autonom\u00eda y espacio, son pocas las opciones que existen en el mercado si queremos llevar el sonido a una fiesta. Ahora Bose presenta su nuevo parlante SoundLink Max, que destaca [&hellip;]","og_url":"https:\/\/www.eldiario.net\/portal\/2024\/06\/17\/bose-lanza-el-parlante-inalambrico-que-vas-a-querer-llevar-a-todas-las-fiestas\/","og_site_name":"El Diario - Bolivia","article_publisher":"https:\/\/www.facebook.com\/eldiario.bolivia\/","article_published_time":"2024-06-17T10:42:47+00:00","article_modified_time":"2024-06-17T12:48:00+00:00","og_image":[{"width":1929,"height":1553,"url":"https:\/\/www.eldiario.net\/portal\/wp-content\/uploads\/2024\/06\/2-A-2.jpg","type":"image\/jpeg"}],"author":"Jeanette","twitter_card":"summary_large_image","twitter_creator":"@eldiario_net","twitter_site":"@eldiario_net","twitter_misc":{"Escrito por":"Jeanette","Tiempo de lectura":"3 minutos"},"schema":{"@context":"https:\/\/schema.org","@graph":[{"@type":"Article","@id":"https:\/\/www.eldiario.net\/portal\/2024\/06\/17\/bose-lanza-el-parlante-inalambrico-que-vas-a-querer-llevar-a-todas-las-fiestas\/#article","isPartOf":{"@id":"https:\/\/www.eldiario.net\/portal\/2024\/06\/17\/bose-lanza-el-parlante-inalambrico-que-vas-a-querer-llevar-a-todas-las-fiestas\/"},"author":{"name":"Jeanette","@id":"https:\/\/www.eldiario.net\/portal\/#\/schema\/person\/f46445640444750d7d753ccd04ae01b7"},"headline":"Bose lanza el parlante inal\u00e1mbrico que vas a querer llevar a todas las fiestas","datePublished":"2024-06-17T10:42:47+00:00","dateModified":"2024-06-17T12:48:00+00:00","mainEntityOfPage":{"@id":"https:\/\/www.eldiario.net\/portal\/2024\/06\/17\/bose-lanza-el-parlante-inalambrico-que-vas-a-querer-llevar-a-todas-las-fiestas\/"},"wordCount":498,"commentCount":0,"publisher":{"@id":"https:\/\/www.eldiario.net\/portal\/#organization"},"image":{"@id":"https:\/\/www.eldiario.net\/portal\/2024\/06\/17\/bose-lanza-el-parlante-inalambrico-que-vas-a-querer-llevar-a-todas-las-fiestas\/#primaryimage"},"thumbnailUrl":"https:\/\/www.eldiario.net\/portal\/wp-content\/uploads\/2024\/06\/2-A-2.jpg","articleSection":["Ciencia y Computaci\u00f3n"],"inLanguage":"es","potentialAction":[{"@type":"CommentAction","name":"Comment","target":["https:\/\/www.eldiario.net\/portal\/2024\/06\/17\/bose-lanza-el-parlante-inalambrico-que-vas-a-querer-llevar-a-todas-las-fiestas\/#respond"]}]},{"@type":"WebPage","@id":"https:\/\/www.eldiario.net\/portal\/2024\/06\/17\/bose-lanza-el-parlante-inalambrico-que-vas-a-querer-llevar-a-todas-las-fiestas\/","url":"https:\/\/www.eldiario.net\/portal\/2024\/06\/17\/bose-lanza-el-parlante-inalambrico-que-vas-a-querer-llevar-a-todas-las-fiestas\/","name":"Bose lanza el parlante inal\u00e1mbrico que vas a querer llevar a todas las fiestas - El Diario - Bolivia","isPartOf":{"@id":"https:\/\/www.eldiario.net\/portal\/#website"},"primaryImageOfPage":{"@id":"https:\/\/www.eldiario.net\/portal\/2024\/06\/17\/bose-lanza-el-parlante-inalambrico-que-vas-a-querer-llevar-a-todas-las-fiestas\/#primaryimage"},"image":{"@id":"https:\/\/www.eldiario.net\/portal\/2024\/06\/17\/bose-lanza-el-parlante-inalambrico-que-vas-a-querer-llevar-a-todas-las-fiestas\/#primaryimage"},"thumbnailUrl":"https:\/\/www.eldiario.net\/portal\/wp-content\/uploads\/2024\/06\/2-A-2.jpg","datePublished":"2024-06-17T10:42:47+00:00","dateModified":"2024-06-17T12:48:00+00:00","breadcrumb":{"@id":"https:\/\/www.eldiario.net\/portal\/2024\/06\/17\/bose-lanza-el-parlante-inalambrico-que-vas-a-querer-llevar-a-todas-las-fiestas\/#breadcrumb"},"inLanguage":"es","potentialAction":[{"@type":"ReadAction","target":["https:\/\/www.eldiario.net\/portal\/2024\/06\/17\/bose-lanza-el-parlante-inalambrico-que-vas-a-querer-llevar-a-todas-las-fiestas\/"]}]},{"@type":"ImageObject","inLanguage":"es","@id":"https:\/\/www.eldiario.net\/portal\/2024\/06\/17\/bose-lanza-el-parlante-inalambrico-que-vas-a-querer-llevar-a-todas-las-fiestas\/#primaryimage","url":"https:\/\/www.eldiario.net\/portal\/wp-content\/uploads\/2024\/06\/2-A-2.jpg","contentUrl":"https:\/\/www.eldiario.net\/portal\/wp-content\/uploads\/2024\/06\/2-A-2.jpg","width":1929,"height":1553},{"@type":"BreadcrumbList","@id":"https:\/\/www.eldiario.net\/portal\/2024\/06\/17\/bose-lanza-el-parlante-inalambrico-que-vas-a-querer-llevar-a-todas-las-fiestas\/#breadcrumb","itemListElement":[{"@type":"ListItem","position":1,"name":"Portada","item":"https:\/\/www.eldiario.net\/portal\/"},{"@type":"ListItem","position":2,"name":"Bose lanza el parlante inal\u00e1mbrico que vas a querer llevar a todas las fiestas"}]},{"@type":"WebSite","@id":"https:\/\/www.eldiario.net\/portal\/#website","url":"https:\/\/www.eldiario.net\/portal\/","name":"El Diario - Decano de la prensa nacional","description":"El Diario - Decano de la prensa nacional","publisher":{"@id":"https:\/\/www.eldiario.net\/portal\/#organization"},"potentialAction":[{"@type":"SearchAction","target":{"@type":"EntryPoint","urlTemplate":"https:\/\/www.eldiario.net\/portal\/?s={search_term_string}"},"query-input":{"@type":"PropertyValueSpecification","valueRequired":true,"valueName":"search_term_string"}}],"inLanguage":"es"},{"@type":"Organization","@id":"https:\/\/www.eldiario.net\/portal\/#organization","name":"El Diario - Decano de la prensa nacional","url":"https:\/\/www.eldiario.net\/portal\/","logo":{"@type":"ImageObject","inLanguage":"es","@id":"https:\/\/www.eldiario.net\/portal\/#\/schema\/logo\/image\/","url":"https:\/\/www.eldiario.net\/portal\/wp-content\/uploads\/2023\/07\/logo_ED.jpg","contentUrl":"https:\/\/www.eldiario.net\/portal\/wp-content\/uploads\/2023\/07\/logo_ED.jpg","width":272,"height":52,"caption":"El Diario - Decano de la prensa nacional"},"image":{"@id":"https:\/\/www.eldiario.net\/portal\/#\/schema\/logo\/image\/"},"sameAs":["https:\/\/www.facebook.com\/eldiario.bolivia\/","https:\/\/x.com\/eldiario_net"]},{"@type":"Person","@id":"https:\/\/www.eldiario.net\/portal\/#\/schema\/person\/f46445640444750d7d753ccd04ae01b7","name":"Jeanette","image":{"@type":"ImageObject","inLanguage":"es","@id":"https:\/\/secure.gravatar.com\/avatar\/3ea2118a5f7dad2b7138b1187a6b7ee55f160b9968b66013c3a3ef39dd7e5798?s=96&d=mm&r=g","url":"https:\/\/secure.gravatar.com\/avatar\/3ea2118a5f7dad2b7138b1187a6b7ee55f160b9968b66013c3a3ef39dd7e5798?s=96&d=mm&r=g","contentUrl":"https:\/\/secure.gravatar.com\/avatar\/3ea2118a5f7dad2b7138b1187a6b7ee55f160b9968b66013c3a3ef39dd7e5798?s=96&d=mm&r=g","caption":"Jeanette"},"sameAs":["https:\/\/www.eldiario.net\/portal"],"url":"https:\/\/www.eldiario.net\/portal\/author\/jeanette\/"}]}},"_links":{"self":[{"href":"https:\/\/www.eldiario.net\/portal\/wp-json\/wp\/v2\/posts\/227862","targetHints":{"allow":["GET"]}}],"collection":[{"href":"https:\/\/www.eldiario.net\/portal\/wp-json\/wp\/v2\/posts"}],"about":[{"href":"https:\/\/www.eldiario.net\/portal\/wp-json\/wp\/v2\/types\/post"}],"author":[{"embeddable":true,"href":"https:\/\/www.eldiario.net\/portal\/wp-json\/wp\/v2\/users\/1"}],"replies":[{"embeddable":true,"href":"https:\/\/www.eldiario.net\/portal\/wp-json\/wp\/v2\/comments?post=227862"}],"version-history":[{"count":2,"href":"https:\/\/www.eldiario.net\/portal\/wp-json\/wp\/v2\/posts\/227862\/revisions"}],"predecessor-version":[{"id":227866,"href":"https:\/\/www.eldiario.net\/portal\/wp-json\/wp\/v2\/posts\/227862\/revisions\/227866"}],"wp:featuredmedia":[{"embeddable":true,"href":"https:\/\/www.eldiario.net\/portal\/wp-json\/wp\/v2\/media\/227867"}],"wp:attachment":[{"href":"https:\/\/www.eldiario.net\/portal\/wp-json\/wp\/v2\/media?parent=227862"}],"wp:term":[{"taxonomy":"category","embeddable":true,"href":"https:\/\/www.eldiario.net\/portal\/wp-json\/wp\/v2\/categories?post=227862"},{"taxonomy":"post_tag","embeddable":true,"href":"https:\/\/www.eldiario.net\/portal\/wp-json\/wp\/v2\/tags?post=227862"}],"curies":[{"name":"wp","href":"https:\/\/api.w.org\/{rel}","templated":true}]}}