{"id":227675,"date":"2024-06-17T05:18:49","date_gmt":"2024-06-17T09:18:49","guid":{"rendered":"https:\/\/www.eldiario.net\/portal\/?p=227675"},"modified":"2024-06-17T05:18:49","modified_gmt":"2024-06-17T09:18:49","slug":"jesuita-catalan-confeso-abusos-contra-ninos-indigenas-en-bolivia","status":"publish","type":"post","link":"https:\/\/www.eldiario.net\/portal\/2024\/06\/17\/jesuita-catalan-confeso-abusos-contra-ninos-indigenas-en-bolivia\/","title":{"rendered":"Jesuita catal\u00e1n confes\u00f3 abusos contra ni\u00f1os ind\u00edgenas en Bolivia"},"content":{"rendered":"<p>El jesuita catal\u00e1n Luis Mar\u00eda Roma Pedrosa, conocido como Lucho Roma, confes\u00f3, ante notario, que abus\u00f3 de cientos de ni\u00f1as ind\u00edgenas, mientras estuvo en Charagua, Santa Cruz, entre 1994 y 2005. Los jesuitas investigaron los hechos desde 2019 y se guardaron la informaci\u00f3n, revel\u00f3 ayer el diario espa\u00f1ol El Pa\u00eds.<br \/>\nEl cura catal\u00e1n dej\u00f3 por escrito sus acciones con toda serie de detalles, v\u00eddeos y fotograf\u00edas. Las pruebas se descubrieron luego de una investigaci\u00f3n, iniciada en marzo de 2019, por parte de la c\u00fapula de orden en Bolivia.<br \/>\nLas evidencias eran tan claras y numerosas que el jesuita firm\u00f3 ante notario su confesi\u00f3n: \u201cMe dej\u00e9 llevar, en algunas situaciones, por actos libidinosos, impropios de un religioso, con ni\u00f1as de ocho a 11 a\u00f1os\u201d, confes\u00f3 Roma, seg\u00fan revel\u00f3 el medio espa\u00f1ol.<br \/>\nEn su confesi\u00f3n, agrega que \u201cnunca fue mi intenci\u00f3n hacer da\u00f1o a ninguna de las ni\u00f1as y en los momentos que se dieron estas conductas fue por una fuerza mayor que yo no pod\u00eda controlar. Reconozco la falta grave cometida, pido perd\u00f3n por el da\u00f1o que hubiera podido ocasionar a las ni\u00f1as y al haber defraudado la confianza de las mam\u00e1s\u201d.<br \/>\nLos abusos fueron cometidos entre 1998 y 2002, admite el propio cura Roma. En sus \u00faltimos a\u00f1os Roma estuvo postrado en una silla de ruedas. Sin embargo, no se descarta que Roma hubiera cometido otros abusos en su carrera de 66 a\u00f1os como sacerdote, muchos de los cuales estuvo a cargo de menores de edad. El cura fue profesor en el colegio San Calixto en La Paz, escuela San Clemente en Potos\u00ed y director del Hogar de Menores de Tacata, Cochabamba.<br \/>\nDe hecho, los investigadores citados por El Pa\u00eds se\u00f1alan que el cura viajaba a los Yungas para visitar la comunidad de Trinidad Pampa y que agredi\u00f3 sexualmente a decenas de ni\u00f1as all\u00ed tambi\u00e9n.<br \/>\nRoma escribi\u00f3 durante su estancia como misionero en Charagua, en el Chaco, entre 1994 y 2005, fotografi\u00f3, film\u00f3 y abus\u00f3 de m\u00e1s de un centenar de ni\u00f1as, la mayor\u00eda ind\u00edgenas guaran\u00edes.<br \/>\n\u201cPod\u00eda tocarla donde sea. Realmente la devor\u00e9 casi con la boca. Mi mano en sus piernas y bien arriba. Ella insist\u00eda en que quer\u00eda galletas. Subimos y le hice casi unas 20 fotos. En la cama, sentada, parada, arriba, abajo, todo\u201d.<br \/>\nLa investigaci\u00f3n, que comenz\u00f3 en marzo de 2019, por encargo de la c\u00fapula de la orden en Bolivia, que dur\u00f3 seis meses, dijo El Pa\u00eds en su edici\u00f3n de este domingo. El diario hace notar que los jesuitas no informaron a las autoridades bolivianas de sus hallazgos ni indemnizaron a las v\u00edctimas.<br \/>\nEste es el segundo diario de un pederasta jesuita que sale a la luz en Bolivia. El 30 de abril de 2023, el peri\u00f3dico El Pa\u00eds public\u00f3 una investigaci\u00f3n sobre las confesiones del jesuita pederasta Alfonso Pedrajas, quien cometi\u00f3 abusos contra m\u00e1s de 85 ni\u00f1os y adolescentes, en un colegio en Cochabamba, que tambi\u00e9n eran de conocimiento de los jerarcas de la orden y fueron encubiertos.<br \/>\nEl caso lleg\u00f3 a la comisi\u00f3n de gesti\u00f3n contra el abuso de menores de la Compa\u00f1\u00eda de Jes\u00fas, sin embargo, los jesuitas acallaron el proceso.<br \/>\nEl caso fue remitido al Vaticano donde qued\u00f3 en el olvido junto a muchos otros. Roma muri\u00f3 como un jesuita honorable. (ABI)<\/p>\n<p>&nbsp;<\/p>\n","protected":false},"excerpt":{"rendered":"<p>El jesuita catal\u00e1n Luis Mar\u00eda Roma Pedrosa, conocido como Lucho Roma, confes\u00f3, ante notario, que abus\u00f3 de cientos de ni\u00f1as ind\u00edgenas, mientras estuvo en Charagua, Santa Cruz, entre 1994 y 2005. Los jesuitas investigaron los hechos desde 2019 y se guardaron la informaci\u00f3n, revel\u00f3 ayer el diario espa\u00f1ol El Pa\u00eds. El cura catal\u00e1n dej\u00f3 por [&hellip;]<\/p>\n","protected":false},"author":1,"featured_media":227676,"comment_status":"open","ping_status":"open","sticky":false,"template":"","format":"standard","meta":{"_acf_changed":false,"footnotes":""},"categories":[39],"tags":[],"class_list":["post-227675","post","type-post","status-publish","format-standard","has-post-thumbnail","category-sociedad"],"acf":{"antetitulo":"Seg\u00fan diario espa\u00f1ol El Pa\u00eds"},"yoast_head":"<!-- This site is optimized with the Yoast SEO plugin v28.3 - https:\/\/yoast.com\/product\/yoast-seo-wordpress\/ -->\n<title>Jesuita catal\u00e1n confes\u00f3 abusos contra ni\u00f1os ind\u00edgenas en Bolivia - El Diario - Bolivia<\/title>\n<meta name=\"robots\" content=\"index, follow, max-snippet:-1, max-image-preview:large, max-video-preview:-1\" \/>\n<link rel=\"canonical\" href=\"https:\/\/www.eldiario.net\/portal\/2024\/06\/17\/jesuita-catalan-confeso-abusos-contra-ninos-indigenas-en-bolivia\/\" \/>\n<meta property=\"og:locale\" content=\"es_ES\" \/>\n<meta property=\"og:type\" content=\"article\" \/>\n<meta property=\"og:title\" content=\"Jesuita catal\u00e1n confes\u00f3 abusos contra ni\u00f1os ind\u00edgenas en Bolivia - El Diario - Bolivia\" \/>\n<meta property=\"og:description\" content=\"El jesuita catal\u00e1n Luis Mar\u00eda Roma Pedrosa, conocido como Lucho Roma, confes\u00f3, ante notario, que abus\u00f3 de cientos de ni\u00f1as ind\u00edgenas, mientras estuvo en Charagua, Santa Cruz, entre 1994 y 2005. Los jesuitas investigaron los hechos desde 2019 y se guardaron la informaci\u00f3n, revel\u00f3 ayer el diario espa\u00f1ol El Pa\u00eds. El cura catal\u00e1n dej\u00f3 por [&hellip;]\" \/>\n<meta property=\"og:url\" content=\"https:\/\/www.eldiario.net\/portal\/2024\/06\/17\/jesuita-catalan-confeso-abusos-contra-ninos-indigenas-en-bolivia\/\" \/>\n<meta property=\"og:site_name\" content=\"El Diario - Bolivia\" \/>\n<meta property=\"article:publisher\" content=\"https:\/\/www.facebook.com\/eldiario.bolivia\/\" \/>\n<meta property=\"article:published_time\" content=\"2024-06-17T09:18:49+00:00\" \/>\n<meta property=\"og:image\" content=\"https:\/\/www.eldiario.net\/portal\/wp-content\/uploads\/2024\/06\/Seg-603.jpg\" \/>\n\t<meta property=\"og:image:width\" content=\"770\" \/>\n\t<meta property=\"og:image:height\" content=\"430\" \/>\n\t<meta property=\"og:image:type\" content=\"image\/jpeg\" \/>\n<meta name=\"author\" content=\"Jeanette\" \/>\n<meta name=\"twitter:card\" content=\"summary_large_image\" \/>\n<meta name=\"twitter:creator\" content=\"@eldiario_net\" \/>\n<meta name=\"twitter:site\" content=\"@eldiario_net\" \/>\n<meta name=\"twitter:label1\" content=\"Escrito por\" \/>\n\t<meta name=\"twitter:data1\" content=\"Jeanette\" \/>\n\t<meta name=\"twitter:label2\" content=\"Tiempo de lectura\" \/>\n\t<meta name=\"twitter:data2\" content=\"3 minutos\" \/>\n<script type=\"application\/ld+json\" class=\"yoast-schema-graph\">{\"@context\":\"https:\\\/\\\/schema.org\",\"@graph\":[{\"@type\":\"Article\",\"@id\":\"https:\\\/\\\/www.eldiario.net\\\/portal\\\/2024\\\/06\\\/17\\\/jesuita-catalan-confeso-abusos-contra-ninos-indigenas-en-bolivia\\\/#article\",\"isPartOf\":{\"@id\":\"https:\\\/\\\/www.eldiario.net\\\/portal\\\/2024\\\/06\\\/17\\\/jesuita-catalan-confeso-abusos-contra-ninos-indigenas-en-bolivia\\\/\"},\"author\":{\"name\":\"Jeanette\",\"@id\":\"https:\\\/\\\/www.eldiario.net\\\/portal\\\/#\\\/schema\\\/person\\\/f46445640444750d7d753ccd04ae01b7\"},\"headline\":\"Jesuita catal\u00e1n confes\u00f3 abusos contra ni\u00f1os ind\u00edgenas en Bolivia\",\"datePublished\":\"2024-06-17T09:18:49+00:00\",\"mainEntityOfPage\":{\"@id\":\"https:\\\/\\\/www.eldiario.net\\\/portal\\\/2024\\\/06\\\/17\\\/jesuita-catalan-confeso-abusos-contra-ninos-indigenas-en-bolivia\\\/\"},\"wordCount\":595,\"commentCount\":0,\"publisher\":{\"@id\":\"https:\\\/\\\/www.eldiario.net\\\/portal\\\/#organization\"},\"image\":{\"@id\":\"https:\\\/\\\/www.eldiario.net\\\/portal\\\/2024\\\/06\\\/17\\\/jesuita-catalan-confeso-abusos-contra-ninos-indigenas-en-bolivia\\\/#primaryimage\"},\"thumbnailUrl\":\"https:\\\/\\\/www.eldiario.net\\\/portal\\\/wp-content\\\/uploads\\\/2024\\\/06\\\/Seg-603.jpg\",\"articleSection\":[\"Sociedad - Seguridad\"],\"inLanguage\":\"es\",\"potentialAction\":[{\"@type\":\"CommentAction\",\"name\":\"Comment\",\"target\":[\"https:\\\/\\\/www.eldiario.net\\\/portal\\\/2024\\\/06\\\/17\\\/jesuita-catalan-confeso-abusos-contra-ninos-indigenas-en-bolivia\\\/#respond\"]}]},{\"@type\":\"WebPage\",\"@id\":\"https:\\\/\\\/www.eldiario.net\\\/portal\\\/2024\\\/06\\\/17\\\/jesuita-catalan-confeso-abusos-contra-ninos-indigenas-en-bolivia\\\/\",\"url\":\"https:\\\/\\\/www.eldiario.net\\\/portal\\\/2024\\\/06\\\/17\\\/jesuita-catalan-confeso-abusos-contra-ninos-indigenas-en-bolivia\\\/\",\"name\":\"Jesuita catal\u00e1n confes\u00f3 abusos contra ni\u00f1os ind\u00edgenas en Bolivia - El Diario - Bolivia\",\"isPartOf\":{\"@id\":\"https:\\\/\\\/www.eldiario.net\\\/portal\\\/#website\"},\"primaryImageOfPage\":{\"@id\":\"https:\\\/\\\/www.eldiario.net\\\/portal\\\/2024\\\/06\\\/17\\\/jesuita-catalan-confeso-abusos-contra-ninos-indigenas-en-bolivia\\\/#primaryimage\"},\"image\":{\"@id\":\"https:\\\/\\\/www.eldiario.net\\\/portal\\\/2024\\\/06\\\/17\\\/jesuita-catalan-confeso-abusos-contra-ninos-indigenas-en-bolivia\\\/#primaryimage\"},\"thumbnailUrl\":\"https:\\\/\\\/www.eldiario.net\\\/portal\\\/wp-content\\\/uploads\\\/2024\\\/06\\\/Seg-603.jpg\",\"datePublished\":\"2024-06-17T09:18:49+00:00\",\"breadcrumb\":{\"@id\":\"https:\\\/\\\/www.eldiario.net\\\/portal\\\/2024\\\/06\\\/17\\\/jesuita-catalan-confeso-abusos-contra-ninos-indigenas-en-bolivia\\\/#breadcrumb\"},\"inLanguage\":\"es\",\"potentialAction\":[{\"@type\":\"ReadAction\",\"target\":[\"https:\\\/\\\/www.eldiario.net\\\/portal\\\/2024\\\/06\\\/17\\\/jesuita-catalan-confeso-abusos-contra-ninos-indigenas-en-bolivia\\\/\"]}]},{\"@type\":\"ImageObject\",\"inLanguage\":\"es\",\"@id\":\"https:\\\/\\\/www.eldiario.net\\\/portal\\\/2024\\\/06\\\/17\\\/jesuita-catalan-confeso-abusos-contra-ninos-indigenas-en-bolivia\\\/#primaryimage\",\"url\":\"https:\\\/\\\/www.eldiario.net\\\/portal\\\/wp-content\\\/uploads\\\/2024\\\/06\\\/Seg-603.jpg\",\"contentUrl\":\"https:\\\/\\\/www.eldiario.net\\\/portal\\\/wp-content\\\/uploads\\\/2024\\\/06\\\/Seg-603.jpg\",\"width\":770,\"height\":430,\"caption\":\"Padre jesuita, Luis Mar\u00eda Roma Pedrosa.\"},{\"@type\":\"BreadcrumbList\",\"@id\":\"https:\\\/\\\/www.eldiario.net\\\/portal\\\/2024\\\/06\\\/17\\\/jesuita-catalan-confeso-abusos-contra-ninos-indigenas-en-bolivia\\\/#breadcrumb\",\"itemListElement\":[{\"@type\":\"ListItem\",\"position\":1,\"name\":\"Portada\",\"item\":\"https:\\\/\\\/www.eldiario.net\\\/portal\\\/\"},{\"@type\":\"ListItem\",\"position\":2,\"name\":\"Jesuita catal\u00e1n confes\u00f3 abusos contra ni\u00f1os ind\u00edgenas en Bolivia\"}]},{\"@type\":\"WebSite\",\"@id\":\"https:\\\/\\\/www.eldiario.net\\\/portal\\\/#website\",\"url\":\"https:\\\/\\\/www.eldiario.net\\\/portal\\\/\",\"name\":\"El Diario - Decano de la prensa nacional\",\"description\":\"El Diario - Decano de la prensa nacional\",\"publisher\":{\"@id\":\"https:\\\/\\\/www.eldiario.net\\\/portal\\\/#organization\"},\"potentialAction\":[{\"@type\":\"SearchAction\",\"target\":{\"@type\":\"EntryPoint\",\"urlTemplate\":\"https:\\\/\\\/www.eldiario.net\\\/portal\\\/?s={search_term_string}\"},\"query-input\":{\"@type\":\"PropertyValueSpecification\",\"valueRequired\":true,\"valueName\":\"search_term_string\"}}],\"inLanguage\":\"es\"},{\"@type\":\"Organization\",\"@id\":\"https:\\\/\\\/www.eldiario.net\\\/portal\\\/#organization\",\"name\":\"El Diario - Decano de la prensa nacional\",\"url\":\"https:\\\/\\\/www.eldiario.net\\\/portal\\\/\",\"logo\":{\"@type\":\"ImageObject\",\"inLanguage\":\"es\",\"@id\":\"https:\\\/\\\/www.eldiario.net\\\/portal\\\/#\\\/schema\\\/logo\\\/image\\\/\",\"url\":\"https:\\\/\\\/www.eldiario.net\\\/portal\\\/wp-content\\\/uploads\\\/2023\\\/07\\\/logo_ED.jpg\",\"contentUrl\":\"https:\\\/\\\/www.eldiario.net\\\/portal\\\/wp-content\\\/uploads\\\/2023\\\/07\\\/logo_ED.jpg\",\"width\":272,\"height\":52,\"caption\":\"El Diario - Decano de la prensa nacional\"},\"image\":{\"@id\":\"https:\\\/\\\/www.eldiario.net\\\/portal\\\/#\\\/schema\\\/logo\\\/image\\\/\"},\"sameAs\":[\"https:\\\/\\\/www.facebook.com\\\/eldiario.bolivia\\\/\",\"https:\\\/\\\/x.com\\\/eldiario_net\"]},{\"@type\":\"Person\",\"@id\":\"https:\\\/\\\/www.eldiario.net\\\/portal\\\/#\\\/schema\\\/person\\\/f46445640444750d7d753ccd04ae01b7\",\"name\":\"Jeanette\",\"image\":{\"@type\":\"ImageObject\",\"inLanguage\":\"es\",\"@id\":\"https:\\\/\\\/secure.gravatar.com\\\/avatar\\\/3ea2118a5f7dad2b7138b1187a6b7ee55f160b9968b66013c3a3ef39dd7e5798?s=96&d=mm&r=g\",\"url\":\"https:\\\/\\\/secure.gravatar.com\\\/avatar\\\/3ea2118a5f7dad2b7138b1187a6b7ee55f160b9968b66013c3a3ef39dd7e5798?s=96&d=mm&r=g\",\"contentUrl\":\"https:\\\/\\\/secure.gravatar.com\\\/avatar\\\/3ea2118a5f7dad2b7138b1187a6b7ee55f160b9968b66013c3a3ef39dd7e5798?s=96&d=mm&r=g\",\"caption\":\"Jeanette\"},\"sameAs\":[\"https:\\\/\\\/www.eldiario.net\\\/portal\"],\"url\":\"https:\\\/\\\/www.eldiario.net\\\/portal\\\/author\\\/jeanette\\\/\"}]}<\/script>\n<!-- \/ Yoast SEO plugin. -->","yoast_head_json":{"title":"Jesuita catal\u00e1n confes\u00f3 abusos contra ni\u00f1os ind\u00edgenas en Bolivia - El Diario - Bolivia","robots":{"index":"index","follow":"follow","max-snippet":"max-snippet:-1","max-image-preview":"max-image-preview:large","max-video-preview":"max-video-preview:-1"},"canonical":"https:\/\/www.eldiario.net\/portal\/2024\/06\/17\/jesuita-catalan-confeso-abusos-contra-ninos-indigenas-en-bolivia\/","og_locale":"es_ES","og_type":"article","og_title":"Jesuita catal\u00e1n confes\u00f3 abusos contra ni\u00f1os ind\u00edgenas en Bolivia - El Diario - Bolivia","og_description":"El jesuita catal\u00e1n Luis Mar\u00eda Roma Pedrosa, conocido como Lucho Roma, confes\u00f3, ante notario, que abus\u00f3 de cientos de ni\u00f1as ind\u00edgenas, mientras estuvo en Charagua, Santa Cruz, entre 1994 y 2005. Los jesuitas investigaron los hechos desde 2019 y se guardaron la informaci\u00f3n, revel\u00f3 ayer el diario espa\u00f1ol El Pa\u00eds. El cura catal\u00e1n dej\u00f3 por [&hellip;]","og_url":"https:\/\/www.eldiario.net\/portal\/2024\/06\/17\/jesuita-catalan-confeso-abusos-contra-ninos-indigenas-en-bolivia\/","og_site_name":"El Diario - Bolivia","article_publisher":"https:\/\/www.facebook.com\/eldiario.bolivia\/","article_published_time":"2024-06-17T09:18:49+00:00","og_image":[{"width":770,"height":430,"url":"https:\/\/www.eldiario.net\/portal\/wp-content\/uploads\/2024\/06\/Seg-603.jpg","type":"image\/jpeg"}],"author":"Jeanette","twitter_card":"summary_large_image","twitter_creator":"@eldiario_net","twitter_site":"@eldiario_net","twitter_misc":{"Escrito por":"Jeanette","Tiempo de lectura":"3 minutos"},"schema":{"@context":"https:\/\/schema.org","@graph":[{"@type":"Article","@id":"https:\/\/www.eldiario.net\/portal\/2024\/06\/17\/jesuita-catalan-confeso-abusos-contra-ninos-indigenas-en-bolivia\/#article","isPartOf":{"@id":"https:\/\/www.eldiario.net\/portal\/2024\/06\/17\/jesuita-catalan-confeso-abusos-contra-ninos-indigenas-en-bolivia\/"},"author":{"name":"Jeanette","@id":"https:\/\/www.eldiario.net\/portal\/#\/schema\/person\/f46445640444750d7d753ccd04ae01b7"},"headline":"Jesuita catal\u00e1n confes\u00f3 abusos contra ni\u00f1os ind\u00edgenas en Bolivia","datePublished":"2024-06-17T09:18:49+00:00","mainEntityOfPage":{"@id":"https:\/\/www.eldiario.net\/portal\/2024\/06\/17\/jesuita-catalan-confeso-abusos-contra-ninos-indigenas-en-bolivia\/"},"wordCount":595,"commentCount":0,"publisher":{"@id":"https:\/\/www.eldiario.net\/portal\/#organization"},"image":{"@id":"https:\/\/www.eldiario.net\/portal\/2024\/06\/17\/jesuita-catalan-confeso-abusos-contra-ninos-indigenas-en-bolivia\/#primaryimage"},"thumbnailUrl":"https:\/\/www.eldiario.net\/portal\/wp-content\/uploads\/2024\/06\/Seg-603.jpg","articleSection":["Sociedad - Seguridad"],"inLanguage":"es","potentialAction":[{"@type":"CommentAction","name":"Comment","target":["https:\/\/www.eldiario.net\/portal\/2024\/06\/17\/jesuita-catalan-confeso-abusos-contra-ninos-indigenas-en-bolivia\/#respond"]}]},{"@type":"WebPage","@id":"https:\/\/www.eldiario.net\/portal\/2024\/06\/17\/jesuita-catalan-confeso-abusos-contra-ninos-indigenas-en-bolivia\/","url":"https:\/\/www.eldiario.net\/portal\/2024\/06\/17\/jesuita-catalan-confeso-abusos-contra-ninos-indigenas-en-bolivia\/","name":"Jesuita catal\u00e1n confes\u00f3 abusos contra ni\u00f1os ind\u00edgenas en Bolivia - El Diario - Bolivia","isPartOf":{"@id":"https:\/\/www.eldiario.net\/portal\/#website"},"primaryImageOfPage":{"@id":"https:\/\/www.eldiario.net\/portal\/2024\/06\/17\/jesuita-catalan-confeso-abusos-contra-ninos-indigenas-en-bolivia\/#primaryimage"},"image":{"@id":"https:\/\/www.eldiario.net\/portal\/2024\/06\/17\/jesuita-catalan-confeso-abusos-contra-ninos-indigenas-en-bolivia\/#primaryimage"},"thumbnailUrl":"https:\/\/www.eldiario.net\/portal\/wp-content\/uploads\/2024\/06\/Seg-603.jpg","datePublished":"2024-06-17T09:18:49+00:00","breadcrumb":{"@id":"https:\/\/www.eldiario.net\/portal\/2024\/06\/17\/jesuita-catalan-confeso-abusos-contra-ninos-indigenas-en-bolivia\/#breadcrumb"},"inLanguage":"es","potentialAction":[{"@type":"ReadAction","target":["https:\/\/www.eldiario.net\/portal\/2024\/06\/17\/jesuita-catalan-confeso-abusos-contra-ninos-indigenas-en-bolivia\/"]}]},{"@type":"ImageObject","inLanguage":"es","@id":"https:\/\/www.eldiario.net\/portal\/2024\/06\/17\/jesuita-catalan-confeso-abusos-contra-ninos-indigenas-en-bolivia\/#primaryimage","url":"https:\/\/www.eldiario.net\/portal\/wp-content\/uploads\/2024\/06\/Seg-603.jpg","contentUrl":"https:\/\/www.eldiario.net\/portal\/wp-content\/uploads\/2024\/06\/Seg-603.jpg","width":770,"height":430,"caption":"Padre jesuita, Luis Mar\u00eda Roma Pedrosa."},{"@type":"BreadcrumbList","@id":"https:\/\/www.eldiario.net\/portal\/2024\/06\/17\/jesuita-catalan-confeso-abusos-contra-ninos-indigenas-en-bolivia\/#breadcrumb","itemListElement":[{"@type":"ListItem","position":1,"name":"Portada","item":"https:\/\/www.eldiario.net\/portal\/"},{"@type":"ListItem","position":2,"name":"Jesuita catal\u00e1n confes\u00f3 abusos contra ni\u00f1os ind\u00edgenas en Bolivia"}]},{"@type":"WebSite","@id":"https:\/\/www.eldiario.net\/portal\/#website","url":"https:\/\/www.eldiario.net\/portal\/","name":"El Diario - Decano de la prensa nacional","description":"El Diario - Decano de la prensa nacional","publisher":{"@id":"https:\/\/www.eldiario.net\/portal\/#organization"},"potentialAction":[{"@type":"SearchAction","target":{"@type":"EntryPoint","urlTemplate":"https:\/\/www.eldiario.net\/portal\/?s={search_term_string}"},"query-input":{"@type":"PropertyValueSpecification","valueRequired":true,"valueName":"search_term_string"}}],"inLanguage":"es"},{"@type":"Organization","@id":"https:\/\/www.eldiario.net\/portal\/#organization","name":"El Diario - Decano de la prensa nacional","url":"https:\/\/www.eldiario.net\/portal\/","logo":{"@type":"ImageObject","inLanguage":"es","@id":"https:\/\/www.eldiario.net\/portal\/#\/schema\/logo\/image\/","url":"https:\/\/www.eldiario.net\/portal\/wp-content\/uploads\/2023\/07\/logo_ED.jpg","contentUrl":"https:\/\/www.eldiario.net\/portal\/wp-content\/uploads\/2023\/07\/logo_ED.jpg","width":272,"height":52,"caption":"El Diario - Decano de la prensa nacional"},"image":{"@id":"https:\/\/www.eldiario.net\/portal\/#\/schema\/logo\/image\/"},"sameAs":["https:\/\/www.facebook.com\/eldiario.bolivia\/","https:\/\/x.com\/eldiario_net"]},{"@type":"Person","@id":"https:\/\/www.eldiario.net\/portal\/#\/schema\/person\/f46445640444750d7d753ccd04ae01b7","name":"Jeanette","image":{"@type":"ImageObject","inLanguage":"es","@id":"https:\/\/secure.gravatar.com\/avatar\/3ea2118a5f7dad2b7138b1187a6b7ee55f160b9968b66013c3a3ef39dd7e5798?s=96&d=mm&r=g","url":"https:\/\/secure.gravatar.com\/avatar\/3ea2118a5f7dad2b7138b1187a6b7ee55f160b9968b66013c3a3ef39dd7e5798?s=96&d=mm&r=g","contentUrl":"https:\/\/secure.gravatar.com\/avatar\/3ea2118a5f7dad2b7138b1187a6b7ee55f160b9968b66013c3a3ef39dd7e5798?s=96&d=mm&r=g","caption":"Jeanette"},"sameAs":["https:\/\/www.eldiario.net\/portal"],"url":"https:\/\/www.eldiario.net\/portal\/author\/jeanette\/"}]}},"_links":{"self":[{"href":"https:\/\/www.eldiario.net\/portal\/wp-json\/wp\/v2\/posts\/227675","targetHints":{"allow":["GET"]}}],"collection":[{"href":"https:\/\/www.eldiario.net\/portal\/wp-json\/wp\/v2\/posts"}],"about":[{"href":"https:\/\/www.eldiario.net\/portal\/wp-json\/wp\/v2\/types\/post"}],"author":[{"embeddable":true,"href":"https:\/\/www.eldiario.net\/portal\/wp-json\/wp\/v2\/users\/1"}],"replies":[{"embeddable":true,"href":"https:\/\/www.eldiario.net\/portal\/wp-json\/wp\/v2\/comments?post=227675"}],"version-history":[{"count":1,"href":"https:\/\/www.eldiario.net\/portal\/wp-json\/wp\/v2\/posts\/227675\/revisions"}],"predecessor-version":[{"id":227677,"href":"https:\/\/www.eldiario.net\/portal\/wp-json\/wp\/v2\/posts\/227675\/revisions\/227677"}],"wp:featuredmedia":[{"embeddable":true,"href":"https:\/\/www.eldiario.net\/portal\/wp-json\/wp\/v2\/media\/227676"}],"wp:attachment":[{"href":"https:\/\/www.eldiario.net\/portal\/wp-json\/wp\/v2\/media?parent=227675"}],"wp:term":[{"taxonomy":"category","embeddable":true,"href":"https:\/\/www.eldiario.net\/portal\/wp-json\/wp\/v2\/categories?post=227675"},{"taxonomy":"post_tag","embeddable":true,"href":"https:\/\/www.eldiario.net\/portal\/wp-json\/wp\/v2\/tags?post=227675"}],"curies":[{"name":"wp","href":"https:\/\/api.w.org\/{rel}","templated":true}]}}