{"id":227662,"date":"2024-06-17T05:13:53","date_gmt":"2024-06-17T09:13:53","guid":{"rendered":"https:\/\/www.eldiario.net\/portal\/?p=227662"},"modified":"2024-06-17T05:13:53","modified_gmt":"2024-06-17T09:13:53","slug":"senado-recomienda-liberar-exportaciones","status":"publish","type":"post","link":"https:\/\/www.eldiario.net\/portal\/2024\/06\/17\/senado-recomienda-liberar-exportaciones\/","title":{"rendered":"Senado recomienda  liberar exportaciones"},"content":{"rendered":"<p class=\"v1MsoNormal\" align=\"left\">El jefe de la Bancada por la agrupaci\u00f3n Creemos en Senadores, Henry Montero, inform\u00f3 que, por iniciativa de su organizaci\u00f3n pol\u00edtica, la C\u00e1mara de Senadores, mediante una Minuta de Comunicaci\u00f3n, recomend\u00f3 al gobierno del presidente Luis Arce Catacora, liberar las exportaciones bolivianas para generar mayor ingreso de divisas en d\u00f3lares, pero tambi\u00e9n velar por el abastecimiento interno.<\/p>\n<p class=\"v1MsoNormal\" align=\"left\">\u00abEl 19 de febrero, el gobierno del presidente Arce firm\u00f3 un acuerdo con los empresarios de Bolivia, donde el punto uno establec\u00eda que se iba a liberar las exportaciones y agilizar los tr\u00e1mites, lamentablemente eso no ocurri\u00f3 porque el gobierno contin\u00faa y mantiene los decretos supremos que establecen los cupos de exportaci\u00f3n; es as\u00ed que, en sesi\u00f3n plenaria de la C\u00e1mara de Senadores, se aprob\u00f3 una Minuta de Comunicaci\u00f3n conminando al ministro del \u00e1rea para que puedan abrogar estos decretos y as\u00ed se pueda liberar las exportaciones\u00bb, inform\u00f3 Montero.<\/p>\n<p class=\"v1MsoNormal\" align=\"left\">El legislador cruce\u00f1o tambi\u00e9n lament\u00f3 que el gobierno del Movimiento al Socialismo solo use un discurso y no cumpla con su palabra de liberar la exportaci\u00f3n para obtener mayores divisas para el pa\u00eds.<\/p>\n<p class=\"v1MsoNormal\" align=\"left\">\u00abSin embargo, tambi\u00e9n tiene que garantizarse el mercado interno para la liberaci\u00f3n de las exportaciones\u00bb, pero que ser\u00eda una gran ayuda para la econom\u00eda porque habr\u00eda un ingreso de las divisas que mejorar\u00eda la econom\u00eda, recalc\u00f3 el parlamentario.<\/p>\n<p class=\"v1MsoNormal\" align=\"left\">\u00abHemos enviado de oficio est\u00e1s notas a los empresarios privados de la CAO y Cainco para que puedan tener documentos de respaldo\u00a0 de lo que ellos firmaron y no le cumplieron. Dentro de nuestras funciones legislativas hemos elaborado esta minuta de comunicaci\u00f3n\u00bb, subray\u00f3.<\/p>\n<p class=\"v1MsoNormal\" align=\"left\">La recomendaci\u00f3n senatorial al Ejecutivo fue aprobada con m\u00e1s de dos tercios en la 140 Sesi\u00f3n Ordinaria de la C\u00e1mara de Senadores de la Legislatura 2023-2024.<\/p>\n","protected":false},"excerpt":{"rendered":"<p>El jefe de la Bancada por la agrupaci\u00f3n Creemos en Senadores, Henry Montero, inform\u00f3 que, por iniciativa de su organizaci\u00f3n pol\u00edtica, la C\u00e1mara de Senadores, mediante una Minuta de Comunicaci\u00f3n, recomend\u00f3 al gobierno del presidente Luis Arce Catacora, liberar las exportaciones bolivianas para generar mayor ingreso de divisas en d\u00f3lares, pero tambi\u00e9n velar por el [&hellip;]<\/p>\n","protected":false},"author":1,"featured_media":227663,"comment_status":"open","ping_status":"open","sticky":false,"template":"","format":"standard","meta":{"_acf_changed":false,"footnotes":""},"categories":[15],"tags":[],"class_list":["post-227662","post","type-post","status-publish","format-standard","has-post-thumbnail","category-portada"],"acf":{"antetitulo":"Mediante Minuta de Comunicaci\u00f3n"},"yoast_head":"<!-- This site is optimized with the Yoast SEO plugin v28.3 - https:\/\/yoast.com\/product\/yoast-seo-wordpress\/ -->\n<title>Senado recomienda liberar exportaciones - El Diario - Bolivia<\/title>\n<meta name=\"robots\" content=\"index, follow, max-snippet:-1, max-image-preview:large, max-video-preview:-1\" \/>\n<link rel=\"canonical\" href=\"https:\/\/www.eldiario.net\/portal\/2024\/06\/17\/senado-recomienda-liberar-exportaciones\/\" \/>\n<meta property=\"og:locale\" content=\"es_ES\" \/>\n<meta property=\"og:type\" content=\"article\" \/>\n<meta property=\"og:title\" content=\"Senado recomienda liberar exportaciones - El Diario - Bolivia\" \/>\n<meta property=\"og:description\" content=\"El jefe de la Bancada por la agrupaci\u00f3n Creemos en Senadores, Henry Montero, inform\u00f3 que, por iniciativa de su organizaci\u00f3n pol\u00edtica, la C\u00e1mara de Senadores, mediante una Minuta de Comunicaci\u00f3n, recomend\u00f3 al gobierno del presidente Luis Arce Catacora, liberar las exportaciones bolivianas para generar mayor ingreso de divisas en d\u00f3lares, pero tambi\u00e9n velar por el [&hellip;]\" \/>\n<meta property=\"og:url\" content=\"https:\/\/www.eldiario.net\/portal\/2024\/06\/17\/senado-recomienda-liberar-exportaciones\/\" \/>\n<meta property=\"og:site_name\" content=\"El Diario - Bolivia\" \/>\n<meta property=\"article:publisher\" content=\"https:\/\/www.facebook.com\/eldiario.bolivia\/\" \/>\n<meta property=\"article:published_time\" content=\"2024-06-17T09:13:53+00:00\" \/>\n<meta property=\"og:image\" content=\"https:\/\/www.eldiario.net\/portal\/wp-content\/uploads\/2024\/06\/LIBERAR-SENADO.jpg\" \/>\n\t<meta property=\"og:image:width\" content=\"1200\" \/>\n\t<meta property=\"og:image:height\" content=\"800\" \/>\n\t<meta property=\"og:image:type\" content=\"image\/jpeg\" \/>\n<meta name=\"author\" content=\"Jeanette\" \/>\n<meta name=\"twitter:card\" content=\"summary_large_image\" \/>\n<meta name=\"twitter:creator\" content=\"@eldiario_net\" \/>\n<meta name=\"twitter:site\" content=\"@eldiario_net\" \/>\n<meta name=\"twitter:label1\" content=\"Escrito por\" \/>\n\t<meta name=\"twitter:data1\" content=\"Jeanette\" \/>\n\t<meta name=\"twitter:label2\" content=\"Tiempo de lectura\" \/>\n\t<meta name=\"twitter:data2\" content=\"2 minutos\" \/>\n<script type=\"application\/ld+json\" class=\"yoast-schema-graph\">{\"@context\":\"https:\\\/\\\/schema.org\",\"@graph\":[{\"@type\":\"Article\",\"@id\":\"https:\\\/\\\/www.eldiario.net\\\/portal\\\/2024\\\/06\\\/17\\\/senado-recomienda-liberar-exportaciones\\\/#article\",\"isPartOf\":{\"@id\":\"https:\\\/\\\/www.eldiario.net\\\/portal\\\/2024\\\/06\\\/17\\\/senado-recomienda-liberar-exportaciones\\\/\"},\"author\":{\"name\":\"Jeanette\",\"@id\":\"https:\\\/\\\/www.eldiario.net\\\/portal\\\/#\\\/schema\\\/person\\\/f46445640444750d7d753ccd04ae01b7\"},\"headline\":\"Senado recomienda liberar exportaciones\",\"datePublished\":\"2024-06-17T09:13:53+00:00\",\"mainEntityOfPage\":{\"@id\":\"https:\\\/\\\/www.eldiario.net\\\/portal\\\/2024\\\/06\\\/17\\\/senado-recomienda-liberar-exportaciones\\\/\"},\"wordCount\":319,\"commentCount\":0,\"publisher\":{\"@id\":\"https:\\\/\\\/www.eldiario.net\\\/portal\\\/#organization\"},\"image\":{\"@id\":\"https:\\\/\\\/www.eldiario.net\\\/portal\\\/2024\\\/06\\\/17\\\/senado-recomienda-liberar-exportaciones\\\/#primaryimage\"},\"thumbnailUrl\":\"https:\\\/\\\/www.eldiario.net\\\/portal\\\/wp-content\\\/uploads\\\/2024\\\/06\\\/LIBERAR-SENADO.jpg\",\"articleSection\":[\"Portada\"],\"inLanguage\":\"es\",\"potentialAction\":[{\"@type\":\"CommentAction\",\"name\":\"Comment\",\"target\":[\"https:\\\/\\\/www.eldiario.net\\\/portal\\\/2024\\\/06\\\/17\\\/senado-recomienda-liberar-exportaciones\\\/#respond\"]}]},{\"@type\":\"WebPage\",\"@id\":\"https:\\\/\\\/www.eldiario.net\\\/portal\\\/2024\\\/06\\\/17\\\/senado-recomienda-liberar-exportaciones\\\/\",\"url\":\"https:\\\/\\\/www.eldiario.net\\\/portal\\\/2024\\\/06\\\/17\\\/senado-recomienda-liberar-exportaciones\\\/\",\"name\":\"Senado recomienda liberar exportaciones - El Diario - Bolivia\",\"isPartOf\":{\"@id\":\"https:\\\/\\\/www.eldiario.net\\\/portal\\\/#website\"},\"primaryImageOfPage\":{\"@id\":\"https:\\\/\\\/www.eldiario.net\\\/portal\\\/2024\\\/06\\\/17\\\/senado-recomienda-liberar-exportaciones\\\/#primaryimage\"},\"image\":{\"@id\":\"https:\\\/\\\/www.eldiario.net\\\/portal\\\/2024\\\/06\\\/17\\\/senado-recomienda-liberar-exportaciones\\\/#primaryimage\"},\"thumbnailUrl\":\"https:\\\/\\\/www.eldiario.net\\\/portal\\\/wp-content\\\/uploads\\\/2024\\\/06\\\/LIBERAR-SENADO.jpg\",\"datePublished\":\"2024-06-17T09:13:53+00:00\",\"breadcrumb\":{\"@id\":\"https:\\\/\\\/www.eldiario.net\\\/portal\\\/2024\\\/06\\\/17\\\/senado-recomienda-liberar-exportaciones\\\/#breadcrumb\"},\"inLanguage\":\"es\",\"potentialAction\":[{\"@type\":\"ReadAction\",\"target\":[\"https:\\\/\\\/www.eldiario.net\\\/portal\\\/2024\\\/06\\\/17\\\/senado-recomienda-liberar-exportaciones\\\/\"]}]},{\"@type\":\"ImageObject\",\"inLanguage\":\"es\",\"@id\":\"https:\\\/\\\/www.eldiario.net\\\/portal\\\/2024\\\/06\\\/17\\\/senado-recomienda-liberar-exportaciones\\\/#primaryimage\",\"url\":\"https:\\\/\\\/www.eldiario.net\\\/portal\\\/wp-content\\\/uploads\\\/2024\\\/06\\\/LIBERAR-SENADO.jpg\",\"contentUrl\":\"https:\\\/\\\/www.eldiario.net\\\/portal\\\/wp-content\\\/uploads\\\/2024\\\/06\\\/LIBERAR-SENADO.jpg\",\"width\":1200,\"height\":800,\"caption\":\"Sesi\u00f3n de la C\u00e1mara de Senadores. CR\u00c9DITO \\\/ RRSS\"},{\"@type\":\"BreadcrumbList\",\"@id\":\"https:\\\/\\\/www.eldiario.net\\\/portal\\\/2024\\\/06\\\/17\\\/senado-recomienda-liberar-exportaciones\\\/#breadcrumb\",\"itemListElement\":[{\"@type\":\"ListItem\",\"position\":1,\"name\":\"Portada\",\"item\":\"https:\\\/\\\/www.eldiario.net\\\/portal\\\/\"},{\"@type\":\"ListItem\",\"position\":2,\"name\":\"Senado recomienda liberar exportaciones\"}]},{\"@type\":\"WebSite\",\"@id\":\"https:\\\/\\\/www.eldiario.net\\\/portal\\\/#website\",\"url\":\"https:\\\/\\\/www.eldiario.net\\\/portal\\\/\",\"name\":\"El Diario - Decano de la prensa nacional\",\"description\":\"El Diario - Decano de la prensa nacional\",\"publisher\":{\"@id\":\"https:\\\/\\\/www.eldiario.net\\\/portal\\\/#organization\"},\"potentialAction\":[{\"@type\":\"SearchAction\",\"target\":{\"@type\":\"EntryPoint\",\"urlTemplate\":\"https:\\\/\\\/www.eldiario.net\\\/portal\\\/?s={search_term_string}\"},\"query-input\":{\"@type\":\"PropertyValueSpecification\",\"valueRequired\":true,\"valueName\":\"search_term_string\"}}],\"inLanguage\":\"es\"},{\"@type\":\"Organization\",\"@id\":\"https:\\\/\\\/www.eldiario.net\\\/portal\\\/#organization\",\"name\":\"El Diario - Decano de la prensa nacional\",\"url\":\"https:\\\/\\\/www.eldiario.net\\\/portal\\\/\",\"logo\":{\"@type\":\"ImageObject\",\"inLanguage\":\"es\",\"@id\":\"https:\\\/\\\/www.eldiario.net\\\/portal\\\/#\\\/schema\\\/logo\\\/image\\\/\",\"url\":\"https:\\\/\\\/www.eldiario.net\\\/portal\\\/wp-content\\\/uploads\\\/2023\\\/07\\\/logo_ED.jpg\",\"contentUrl\":\"https:\\\/\\\/www.eldiario.net\\\/portal\\\/wp-content\\\/uploads\\\/2023\\\/07\\\/logo_ED.jpg\",\"width\":272,\"height\":52,\"caption\":\"El Diario - Decano de la prensa nacional\"},\"image\":{\"@id\":\"https:\\\/\\\/www.eldiario.net\\\/portal\\\/#\\\/schema\\\/logo\\\/image\\\/\"},\"sameAs\":[\"https:\\\/\\\/www.facebook.com\\\/eldiario.bolivia\\\/\",\"https:\\\/\\\/x.com\\\/eldiario_net\"]},{\"@type\":\"Person\",\"@id\":\"https:\\\/\\\/www.eldiario.net\\\/portal\\\/#\\\/schema\\\/person\\\/f46445640444750d7d753ccd04ae01b7\",\"name\":\"Jeanette\",\"image\":{\"@type\":\"ImageObject\",\"inLanguage\":\"es\",\"@id\":\"https:\\\/\\\/secure.gravatar.com\\\/avatar\\\/3ea2118a5f7dad2b7138b1187a6b7ee55f160b9968b66013c3a3ef39dd7e5798?s=96&d=mm&r=g\",\"url\":\"https:\\\/\\\/secure.gravatar.com\\\/avatar\\\/3ea2118a5f7dad2b7138b1187a6b7ee55f160b9968b66013c3a3ef39dd7e5798?s=96&d=mm&r=g\",\"contentUrl\":\"https:\\\/\\\/secure.gravatar.com\\\/avatar\\\/3ea2118a5f7dad2b7138b1187a6b7ee55f160b9968b66013c3a3ef39dd7e5798?s=96&d=mm&r=g\",\"caption\":\"Jeanette\"},\"sameAs\":[\"https:\\\/\\\/www.eldiario.net\\\/portal\"],\"url\":\"https:\\\/\\\/www.eldiario.net\\\/portal\\\/author\\\/jeanette\\\/\"}]}<\/script>\n<!-- \/ Yoast SEO plugin. -->","yoast_head_json":{"title":"Senado recomienda liberar exportaciones - El Diario - Bolivia","robots":{"index":"index","follow":"follow","max-snippet":"max-snippet:-1","max-image-preview":"max-image-preview:large","max-video-preview":"max-video-preview:-1"},"canonical":"https:\/\/www.eldiario.net\/portal\/2024\/06\/17\/senado-recomienda-liberar-exportaciones\/","og_locale":"es_ES","og_type":"article","og_title":"Senado recomienda liberar exportaciones - El Diario - Bolivia","og_description":"El jefe de la Bancada por la agrupaci\u00f3n Creemos en Senadores, Henry Montero, inform\u00f3 que, por iniciativa de su organizaci\u00f3n pol\u00edtica, la C\u00e1mara de Senadores, mediante una Minuta de Comunicaci\u00f3n, recomend\u00f3 al gobierno del presidente Luis Arce Catacora, liberar las exportaciones bolivianas para generar mayor ingreso de divisas en d\u00f3lares, pero tambi\u00e9n velar por el [&hellip;]","og_url":"https:\/\/www.eldiario.net\/portal\/2024\/06\/17\/senado-recomienda-liberar-exportaciones\/","og_site_name":"El Diario - Bolivia","article_publisher":"https:\/\/www.facebook.com\/eldiario.bolivia\/","article_published_time":"2024-06-17T09:13:53+00:00","og_image":[{"width":1200,"height":800,"url":"https:\/\/www.eldiario.net\/portal\/wp-content\/uploads\/2024\/06\/LIBERAR-SENADO.jpg","type":"image\/jpeg"}],"author":"Jeanette","twitter_card":"summary_large_image","twitter_creator":"@eldiario_net","twitter_site":"@eldiario_net","twitter_misc":{"Escrito por":"Jeanette","Tiempo de lectura":"2 minutos"},"schema":{"@context":"https:\/\/schema.org","@graph":[{"@type":"Article","@id":"https:\/\/www.eldiario.net\/portal\/2024\/06\/17\/senado-recomienda-liberar-exportaciones\/#article","isPartOf":{"@id":"https:\/\/www.eldiario.net\/portal\/2024\/06\/17\/senado-recomienda-liberar-exportaciones\/"},"author":{"name":"Jeanette","@id":"https:\/\/www.eldiario.net\/portal\/#\/schema\/person\/f46445640444750d7d753ccd04ae01b7"},"headline":"Senado recomienda liberar exportaciones","datePublished":"2024-06-17T09:13:53+00:00","mainEntityOfPage":{"@id":"https:\/\/www.eldiario.net\/portal\/2024\/06\/17\/senado-recomienda-liberar-exportaciones\/"},"wordCount":319,"commentCount":0,"publisher":{"@id":"https:\/\/www.eldiario.net\/portal\/#organization"},"image":{"@id":"https:\/\/www.eldiario.net\/portal\/2024\/06\/17\/senado-recomienda-liberar-exportaciones\/#primaryimage"},"thumbnailUrl":"https:\/\/www.eldiario.net\/portal\/wp-content\/uploads\/2024\/06\/LIBERAR-SENADO.jpg","articleSection":["Portada"],"inLanguage":"es","potentialAction":[{"@type":"CommentAction","name":"Comment","target":["https:\/\/www.eldiario.net\/portal\/2024\/06\/17\/senado-recomienda-liberar-exportaciones\/#respond"]}]},{"@type":"WebPage","@id":"https:\/\/www.eldiario.net\/portal\/2024\/06\/17\/senado-recomienda-liberar-exportaciones\/","url":"https:\/\/www.eldiario.net\/portal\/2024\/06\/17\/senado-recomienda-liberar-exportaciones\/","name":"Senado recomienda liberar exportaciones - El Diario - Bolivia","isPartOf":{"@id":"https:\/\/www.eldiario.net\/portal\/#website"},"primaryImageOfPage":{"@id":"https:\/\/www.eldiario.net\/portal\/2024\/06\/17\/senado-recomienda-liberar-exportaciones\/#primaryimage"},"image":{"@id":"https:\/\/www.eldiario.net\/portal\/2024\/06\/17\/senado-recomienda-liberar-exportaciones\/#primaryimage"},"thumbnailUrl":"https:\/\/www.eldiario.net\/portal\/wp-content\/uploads\/2024\/06\/LIBERAR-SENADO.jpg","datePublished":"2024-06-17T09:13:53+00:00","breadcrumb":{"@id":"https:\/\/www.eldiario.net\/portal\/2024\/06\/17\/senado-recomienda-liberar-exportaciones\/#breadcrumb"},"inLanguage":"es","potentialAction":[{"@type":"ReadAction","target":["https:\/\/www.eldiario.net\/portal\/2024\/06\/17\/senado-recomienda-liberar-exportaciones\/"]}]},{"@type":"ImageObject","inLanguage":"es","@id":"https:\/\/www.eldiario.net\/portal\/2024\/06\/17\/senado-recomienda-liberar-exportaciones\/#primaryimage","url":"https:\/\/www.eldiario.net\/portal\/wp-content\/uploads\/2024\/06\/LIBERAR-SENADO.jpg","contentUrl":"https:\/\/www.eldiario.net\/portal\/wp-content\/uploads\/2024\/06\/LIBERAR-SENADO.jpg","width":1200,"height":800,"caption":"Sesi\u00f3n de la C\u00e1mara de Senadores. CR\u00c9DITO \/ RRSS"},{"@type":"BreadcrumbList","@id":"https:\/\/www.eldiario.net\/portal\/2024\/06\/17\/senado-recomienda-liberar-exportaciones\/#breadcrumb","itemListElement":[{"@type":"ListItem","position":1,"name":"Portada","item":"https:\/\/www.eldiario.net\/portal\/"},{"@type":"ListItem","position":2,"name":"Senado recomienda liberar exportaciones"}]},{"@type":"WebSite","@id":"https:\/\/www.eldiario.net\/portal\/#website","url":"https:\/\/www.eldiario.net\/portal\/","name":"El Diario - Decano de la prensa nacional","description":"El Diario - Decano de la prensa nacional","publisher":{"@id":"https:\/\/www.eldiario.net\/portal\/#organization"},"potentialAction":[{"@type":"SearchAction","target":{"@type":"EntryPoint","urlTemplate":"https:\/\/www.eldiario.net\/portal\/?s={search_term_string}"},"query-input":{"@type":"PropertyValueSpecification","valueRequired":true,"valueName":"search_term_string"}}],"inLanguage":"es"},{"@type":"Organization","@id":"https:\/\/www.eldiario.net\/portal\/#organization","name":"El Diario - Decano de la prensa nacional","url":"https:\/\/www.eldiario.net\/portal\/","logo":{"@type":"ImageObject","inLanguage":"es","@id":"https:\/\/www.eldiario.net\/portal\/#\/schema\/logo\/image\/","url":"https:\/\/www.eldiario.net\/portal\/wp-content\/uploads\/2023\/07\/logo_ED.jpg","contentUrl":"https:\/\/www.eldiario.net\/portal\/wp-content\/uploads\/2023\/07\/logo_ED.jpg","width":272,"height":52,"caption":"El Diario - Decano de la prensa nacional"},"image":{"@id":"https:\/\/www.eldiario.net\/portal\/#\/schema\/logo\/image\/"},"sameAs":["https:\/\/www.facebook.com\/eldiario.bolivia\/","https:\/\/x.com\/eldiario_net"]},{"@type":"Person","@id":"https:\/\/www.eldiario.net\/portal\/#\/schema\/person\/f46445640444750d7d753ccd04ae01b7","name":"Jeanette","image":{"@type":"ImageObject","inLanguage":"es","@id":"https:\/\/secure.gravatar.com\/avatar\/3ea2118a5f7dad2b7138b1187a6b7ee55f160b9968b66013c3a3ef39dd7e5798?s=96&d=mm&r=g","url":"https:\/\/secure.gravatar.com\/avatar\/3ea2118a5f7dad2b7138b1187a6b7ee55f160b9968b66013c3a3ef39dd7e5798?s=96&d=mm&r=g","contentUrl":"https:\/\/secure.gravatar.com\/avatar\/3ea2118a5f7dad2b7138b1187a6b7ee55f160b9968b66013c3a3ef39dd7e5798?s=96&d=mm&r=g","caption":"Jeanette"},"sameAs":["https:\/\/www.eldiario.net\/portal"],"url":"https:\/\/www.eldiario.net\/portal\/author\/jeanette\/"}]}},"_links":{"self":[{"href":"https:\/\/www.eldiario.net\/portal\/wp-json\/wp\/v2\/posts\/227662","targetHints":{"allow":["GET"]}}],"collection":[{"href":"https:\/\/www.eldiario.net\/portal\/wp-json\/wp\/v2\/posts"}],"about":[{"href":"https:\/\/www.eldiario.net\/portal\/wp-json\/wp\/v2\/types\/post"}],"author":[{"embeddable":true,"href":"https:\/\/www.eldiario.net\/portal\/wp-json\/wp\/v2\/users\/1"}],"replies":[{"embeddable":true,"href":"https:\/\/www.eldiario.net\/portal\/wp-json\/wp\/v2\/comments?post=227662"}],"version-history":[{"count":1,"href":"https:\/\/www.eldiario.net\/portal\/wp-json\/wp\/v2\/posts\/227662\/revisions"}],"predecessor-version":[{"id":227664,"href":"https:\/\/www.eldiario.net\/portal\/wp-json\/wp\/v2\/posts\/227662\/revisions\/227664"}],"wp:featuredmedia":[{"embeddable":true,"href":"https:\/\/www.eldiario.net\/portal\/wp-json\/wp\/v2\/media\/227663"}],"wp:attachment":[{"href":"https:\/\/www.eldiario.net\/portal\/wp-json\/wp\/v2\/media?parent=227662"}],"wp:term":[{"taxonomy":"category","embeddable":true,"href":"https:\/\/www.eldiario.net\/portal\/wp-json\/wp\/v2\/categories?post=227662"},{"taxonomy":"post_tag","embeddable":true,"href":"https:\/\/www.eldiario.net\/portal\/wp-json\/wp\/v2\/tags?post=227662"}],"curies":[{"name":"wp","href":"https:\/\/api.w.org\/{rel}","templated":true}]}}