{"id":227646,"date":"2024-06-16T07:36:54","date_gmt":"2024-06-16T11:36:54","guid":{"rendered":"https:\/\/www.eldiario.net\/portal\/?p=227646"},"modified":"2024-06-16T07:38:04","modified_gmt":"2024-06-16T11:38:04","slug":"que-es-la-verruga","status":"publish","type":"post","link":"https:\/\/www.eldiario.net\/portal\/2024\/06\/16\/que-es-la-verruga\/","title":{"rendered":"\u00bfQU\u00c9 ES LA VERRUGA?"},"content":{"rendered":"<p>Lic. Lupe Luisa Fern\u00e1ndez Calix &#8211; Enfermera<\/p>\n<p>La verruga es una lesi\u00f3n cut\u00e1nea benigna causada por el Virus del Papiloma Humano (VPH) se transmiten al contacto con la piel generalmente son delimitadas c\u00f3mo una protuberancia carnosa de la piel rugosas, redondeadas, irregulares ligeramente gris\u00e1ceo amarillentos o negros gris\u00e1ceos miden de 2 a 10 mil\u00edmetros de di\u00e1metro suelen aparecer en los dedos, manos, codos, rodillas, cara m\u00e1s frecuente en la cabeza o cuello generalmente inofensivas.<\/p>\n<p>Se estima que existen m\u00e1s de 100 tipos de virus varios de ellos pueden provocar las verrugas solo alguna puede denominarse alto riesgo por su capacidad de crear lesiones Precancerosas o C\u00e1ncer c\u00f3mo el Virus Papiloma Humano (subtipos 16 y 18) relacionados con el C\u00e1ncer de Cuello Uterino.<\/p>\n<p>Los virus que causan verrugas son contagiosos afectan a todas las edades especialmente a ni\u00f1os, adolescentes, adultos y personas con sistema inmunitario debilitadas (VIH SIDA o personas con trasplantes de \u00f3rganos) en algunos casos puede ser oportuno eliminarlos para evitar que favorezcan el desarrollo de enfermedades como el melanoma cut\u00e1neo.<\/p>\n<p><strong>\u00bfTIPOS DE VERRUGA?<\/strong><\/p>\n<p><strong>Verrugas Comunes:<\/strong> est\u00e1s verrugas se encuentran en dedos, manos, codos, rodillas puede ser pseudofiliforme puede ser del color de la piel.<\/p>\n<p><strong>Verrugas Plantares:<\/strong> aparecen en la planta de los pies pueden ser dolorosas al caminar por la presi\u00f3n que presenta al caminar cubiertas por una capa de piel endurecida (callosidad)<\/p>\n<p><strong>Verrugas Planas: <\/strong>lesiones peque\u00f1as y planas aparecen en la cara, manos y extremidades inferiores.<\/p>\n<p><strong>Condilomas Acuminados<\/strong>: Son Verrugas genitales que se desarrolla despu\u00e9s de una transmisi\u00f3n de origen sexual pueden ser planas, elevados o como coliflor est\u00e1n asociados al Virus de Papiloma humano (VPH) son de riesgo lo que puede aumentar el riesgo de desarrollar C\u00e1ncer.<\/p>\n<p><strong>Verrugas Periunguiales: <\/strong>se encuentran alrededor o debajo de las u\u00f1as.<\/p>\n<p><strong>\u00bfCU\u00c1LES SON LAS CAUSAS PARA LA APARICI\u00d3N DE VERRUGAS?<\/strong><\/p>\n<p><strong>\u00a0<\/strong>Piel h\u00fameda o mojada<\/p>\n<p>Lesiones en piel (cortes)<\/p>\n<p>Contacto con suelo (Piscinas, duchas comunes gimnasios)<\/p>\n<p>Uso de objetos personales compartidos (toallas, m\u00e1quinas de afeitar)<\/p>\n<p>Auto contagio (al tocar verrugas)<\/p>\n<p>Contacto de piel con personas con Virus Papiloma Humano (VPH).<\/p>\n<p><strong>\u00bfC\u00d3MO PREVENIR LAS VERRUGAS?<\/strong><\/p>\n<p>Lavado de manos constante (evita el auto contagio)<\/p>\n<p>Uso de zapatillas (goma)en duchas, piscinas, gimnasio.<\/p>\n<p>No compartir objetos personales<\/p>\n<p>Evitar morderse las u\u00f1as<\/p>\n<p>Evita cortar o afeitar \u00e1reas de verrugas<\/p>\n<p>Fomentar la Vacunaci\u00f3n contra el Virus Papiloma Humano (VPH)<\/p>\n<p>No te arranques las verrugas (puede propagar el virus)<\/p>\n<p>No use medicamentos de venta libre (evita la automedicaci\u00f3n)<\/p>\n<p>Mantener peri\u00f3dicamente controles a ni\u00f1os (sanos) en\u00a0\u00a0 Centros Hospitalarios.<\/p>\n<p>Uso de Condones para disminuir transmisi\u00f3n de verrugas genitales<\/p>\n<p>Fomentar a pruebas de Papanicolaou en mujeres en edad f\u00e9rtil.<\/p>\n<p>Las verrugas (son afecciones provocada por virus) por su\u00a0\u00a0 importancia y afecci\u00f3n\u00a0 en la Salud\u00a0\u00a0 por la aparici\u00f3n de\u00a0 verrugas\u00a0 dolorosas, sangrantes,\u00a0 genitales, en\u00a0 personas con antecedentes de enfermedades subyacentes como\u00a0 Diabetes, con Sistema Inmunitario\u00a0 debilitados (SIDA)\u00a0 es necesario\u00a0 acudir a Centros Hospitalarios para su atenci\u00f3n con M\u00e9dicos Especialistas en Dermatolog\u00eda, Enfermeras Laboratoristas, etc, para el tratamiento adecuado,\u00a0 (forma de extirpaci\u00f3n\u00a0 de las verrugas) evitar la forma de auto contagio .<\/p>\n<p><strong>\u201cAPRECIA Y VALORA TU SALUD TODOS LOS D\u00cdAS \u201c<\/strong><\/p>\n","protected":false},"excerpt":{"rendered":"<p>Lic. Lupe Luisa Fern\u00e1ndez Calix &#8211; Enfermera La verruga es una lesi\u00f3n cut\u00e1nea benigna causada por el Virus del Papiloma Humano (VPH) se transmiten al contacto con la piel generalmente son delimitadas c\u00f3mo una protuberancia carnosa de la piel rugosas, redondeadas, irregulares ligeramente gris\u00e1ceo amarillentos o negros gris\u00e1ceos miden de 2 a 10 mil\u00edmetros de [&hellip;]<\/p>\n","protected":false},"author":1,"featured_media":227647,"comment_status":"open","ping_status":"open","sticky":false,"template":"","format":"standard","meta":{"_acf_changed":false,"footnotes":""},"categories":[52],"tags":[],"class_list":["post-227646","post","type-post","status-publish","format-standard","has-post-thumbnail","category-de-salud-mas-vida"],"acf":{"antetitulo":""},"yoast_head":"<!-- This site is optimized with the Yoast SEO plugin v28.3 - https:\/\/yoast.com\/product\/yoast-seo-wordpress\/ -->\n<title>\u00bfQU\u00c9 ES LA VERRUGA? - El Diario - Bolivia<\/title>\n<meta name=\"robots\" content=\"index, follow, max-snippet:-1, max-image-preview:large, max-video-preview:-1\" \/>\n<link rel=\"canonical\" href=\"https:\/\/www.eldiario.net\/portal\/2024\/06\/16\/que-es-la-verruga\/\" \/>\n<meta property=\"og:locale\" content=\"es_ES\" \/>\n<meta property=\"og:type\" content=\"article\" \/>\n<meta property=\"og:title\" content=\"\u00bfQU\u00c9 ES LA VERRUGA? - El Diario - Bolivia\" \/>\n<meta property=\"og:description\" content=\"Lic. Lupe Luisa Fern\u00e1ndez Calix &#8211; Enfermera La verruga es una lesi\u00f3n cut\u00e1nea benigna causada por el Virus del Papiloma Humano (VPH) se transmiten al contacto con la piel generalmente son delimitadas c\u00f3mo una protuberancia carnosa de la piel rugosas, redondeadas, irregulares ligeramente gris\u00e1ceo amarillentos o negros gris\u00e1ceos miden de 2 a 10 mil\u00edmetros de [&hellip;]\" \/>\n<meta property=\"og:url\" content=\"https:\/\/www.eldiario.net\/portal\/2024\/06\/16\/que-es-la-verruga\/\" \/>\n<meta property=\"og:site_name\" content=\"El Diario - Bolivia\" \/>\n<meta property=\"article:publisher\" content=\"https:\/\/www.facebook.com\/eldiario.bolivia\/\" \/>\n<meta property=\"article:published_time\" content=\"2024-06-16T11:36:54+00:00\" \/>\n<meta property=\"article:modified_time\" content=\"2024-06-16T11:38:04+00:00\" \/>\n<meta property=\"og:image\" content=\"https:\/\/www.eldiario.net\/portal\/wp-content\/uploads\/2024\/06\/\u00bfQUE-ES-LA-VERRUGA.jpg\" \/>\n\t<meta property=\"og:image:width\" content=\"1200\" \/>\n\t<meta property=\"og:image:height\" content=\"1800\" \/>\n\t<meta property=\"og:image:type\" content=\"image\/jpeg\" \/>\n<meta name=\"author\" content=\"Jeanette\" \/>\n<meta name=\"twitter:card\" content=\"summary_large_image\" \/>\n<meta name=\"twitter:creator\" content=\"@eldiario_net\" \/>\n<meta name=\"twitter:site\" content=\"@eldiario_net\" \/>\n<meta name=\"twitter:label1\" content=\"Escrito por\" \/>\n\t<meta name=\"twitter:data1\" content=\"Jeanette\" \/>\n\t<meta name=\"twitter:label2\" content=\"Tiempo de lectura\" \/>\n\t<meta name=\"twitter:data2\" content=\"3 minutos\" \/>\n<script type=\"application\/ld+json\" class=\"yoast-schema-graph\">{\"@context\":\"https:\\\/\\\/schema.org\",\"@graph\":[{\"@type\":\"Article\",\"@id\":\"https:\\\/\\\/www.eldiario.net\\\/portal\\\/2024\\\/06\\\/16\\\/que-es-la-verruga\\\/#article\",\"isPartOf\":{\"@id\":\"https:\\\/\\\/www.eldiario.net\\\/portal\\\/2024\\\/06\\\/16\\\/que-es-la-verruga\\\/\"},\"author\":{\"name\":\"Jeanette\",\"@id\":\"https:\\\/\\\/www.eldiario.net\\\/portal\\\/#\\\/schema\\\/person\\\/f46445640444750d7d753ccd04ae01b7\"},\"headline\":\"\u00bfQU\u00c9 ES LA VERRUGA?\",\"datePublished\":\"2024-06-16T11:36:54+00:00\",\"dateModified\":\"2024-06-16T11:38:04+00:00\",\"mainEntityOfPage\":{\"@id\":\"https:\\\/\\\/www.eldiario.net\\\/portal\\\/2024\\\/06\\\/16\\\/que-es-la-verruga\\\/\"},\"wordCount\":548,\"commentCount\":0,\"publisher\":{\"@id\":\"https:\\\/\\\/www.eldiario.net\\\/portal\\\/#organization\"},\"image\":{\"@id\":\"https:\\\/\\\/www.eldiario.net\\\/portal\\\/2024\\\/06\\\/16\\\/que-es-la-verruga\\\/#primaryimage\"},\"thumbnailUrl\":\"https:\\\/\\\/www.eldiario.net\\\/portal\\\/wp-content\\\/uploads\\\/2024\\\/06\\\/\u00bfQUE-ES-LA-VERRUGA.jpg\",\"articleSection\":[\"De Salud + vida\"],\"inLanguage\":\"es\",\"potentialAction\":[{\"@type\":\"CommentAction\",\"name\":\"Comment\",\"target\":[\"https:\\\/\\\/www.eldiario.net\\\/portal\\\/2024\\\/06\\\/16\\\/que-es-la-verruga\\\/#respond\"]}]},{\"@type\":\"WebPage\",\"@id\":\"https:\\\/\\\/www.eldiario.net\\\/portal\\\/2024\\\/06\\\/16\\\/que-es-la-verruga\\\/\",\"url\":\"https:\\\/\\\/www.eldiario.net\\\/portal\\\/2024\\\/06\\\/16\\\/que-es-la-verruga\\\/\",\"name\":\"\u00bfQU\u00c9 ES LA VERRUGA? - El Diario - Bolivia\",\"isPartOf\":{\"@id\":\"https:\\\/\\\/www.eldiario.net\\\/portal\\\/#website\"},\"primaryImageOfPage\":{\"@id\":\"https:\\\/\\\/www.eldiario.net\\\/portal\\\/2024\\\/06\\\/16\\\/que-es-la-verruga\\\/#primaryimage\"},\"image\":{\"@id\":\"https:\\\/\\\/www.eldiario.net\\\/portal\\\/2024\\\/06\\\/16\\\/que-es-la-verruga\\\/#primaryimage\"},\"thumbnailUrl\":\"https:\\\/\\\/www.eldiario.net\\\/portal\\\/wp-content\\\/uploads\\\/2024\\\/06\\\/\u00bfQUE-ES-LA-VERRUGA.jpg\",\"datePublished\":\"2024-06-16T11:36:54+00:00\",\"dateModified\":\"2024-06-16T11:38:04+00:00\",\"breadcrumb\":{\"@id\":\"https:\\\/\\\/www.eldiario.net\\\/portal\\\/2024\\\/06\\\/16\\\/que-es-la-verruga\\\/#breadcrumb\"},\"inLanguage\":\"es\",\"potentialAction\":[{\"@type\":\"ReadAction\",\"target\":[\"https:\\\/\\\/www.eldiario.net\\\/portal\\\/2024\\\/06\\\/16\\\/que-es-la-verruga\\\/\"]}]},{\"@type\":\"ImageObject\",\"inLanguage\":\"es\",\"@id\":\"https:\\\/\\\/www.eldiario.net\\\/portal\\\/2024\\\/06\\\/16\\\/que-es-la-verruga\\\/#primaryimage\",\"url\":\"https:\\\/\\\/www.eldiario.net\\\/portal\\\/wp-content\\\/uploads\\\/2024\\\/06\\\/\u00bfQUE-ES-LA-VERRUGA.jpg\",\"contentUrl\":\"https:\\\/\\\/www.eldiario.net\\\/portal\\\/wp-content\\\/uploads\\\/2024\\\/06\\\/\u00bfQUE-ES-LA-VERRUGA.jpg\",\"width\":1200,\"height\":1800},{\"@type\":\"BreadcrumbList\",\"@id\":\"https:\\\/\\\/www.eldiario.net\\\/portal\\\/2024\\\/06\\\/16\\\/que-es-la-verruga\\\/#breadcrumb\",\"itemListElement\":[{\"@type\":\"ListItem\",\"position\":1,\"name\":\"Portada\",\"item\":\"https:\\\/\\\/www.eldiario.net\\\/portal\\\/\"},{\"@type\":\"ListItem\",\"position\":2,\"name\":\"\u00bfQU\u00c9 ES LA VERRUGA?\"}]},{\"@type\":\"WebSite\",\"@id\":\"https:\\\/\\\/www.eldiario.net\\\/portal\\\/#website\",\"url\":\"https:\\\/\\\/www.eldiario.net\\\/portal\\\/\",\"name\":\"El Diario - Decano de la prensa nacional\",\"description\":\"El Diario - Decano de la prensa nacional\",\"publisher\":{\"@id\":\"https:\\\/\\\/www.eldiario.net\\\/portal\\\/#organization\"},\"potentialAction\":[{\"@type\":\"SearchAction\",\"target\":{\"@type\":\"EntryPoint\",\"urlTemplate\":\"https:\\\/\\\/www.eldiario.net\\\/portal\\\/?s={search_term_string}\"},\"query-input\":{\"@type\":\"PropertyValueSpecification\",\"valueRequired\":true,\"valueName\":\"search_term_string\"}}],\"inLanguage\":\"es\"},{\"@type\":\"Organization\",\"@id\":\"https:\\\/\\\/www.eldiario.net\\\/portal\\\/#organization\",\"name\":\"El Diario - Decano de la prensa nacional\",\"url\":\"https:\\\/\\\/www.eldiario.net\\\/portal\\\/\",\"logo\":{\"@type\":\"ImageObject\",\"inLanguage\":\"es\",\"@id\":\"https:\\\/\\\/www.eldiario.net\\\/portal\\\/#\\\/schema\\\/logo\\\/image\\\/\",\"url\":\"https:\\\/\\\/www.eldiario.net\\\/portal\\\/wp-content\\\/uploads\\\/2023\\\/07\\\/logo_ED.jpg\",\"contentUrl\":\"https:\\\/\\\/www.eldiario.net\\\/portal\\\/wp-content\\\/uploads\\\/2023\\\/07\\\/logo_ED.jpg\",\"width\":272,\"height\":52,\"caption\":\"El Diario - Decano de la prensa nacional\"},\"image\":{\"@id\":\"https:\\\/\\\/www.eldiario.net\\\/portal\\\/#\\\/schema\\\/logo\\\/image\\\/\"},\"sameAs\":[\"https:\\\/\\\/www.facebook.com\\\/eldiario.bolivia\\\/\",\"https:\\\/\\\/x.com\\\/eldiario_net\"]},{\"@type\":\"Person\",\"@id\":\"https:\\\/\\\/www.eldiario.net\\\/portal\\\/#\\\/schema\\\/person\\\/f46445640444750d7d753ccd04ae01b7\",\"name\":\"Jeanette\",\"image\":{\"@type\":\"ImageObject\",\"inLanguage\":\"es\",\"@id\":\"https:\\\/\\\/secure.gravatar.com\\\/avatar\\\/3ea2118a5f7dad2b7138b1187a6b7ee55f160b9968b66013c3a3ef39dd7e5798?s=96&d=mm&r=g\",\"url\":\"https:\\\/\\\/secure.gravatar.com\\\/avatar\\\/3ea2118a5f7dad2b7138b1187a6b7ee55f160b9968b66013c3a3ef39dd7e5798?s=96&d=mm&r=g\",\"contentUrl\":\"https:\\\/\\\/secure.gravatar.com\\\/avatar\\\/3ea2118a5f7dad2b7138b1187a6b7ee55f160b9968b66013c3a3ef39dd7e5798?s=96&d=mm&r=g\",\"caption\":\"Jeanette\"},\"sameAs\":[\"https:\\\/\\\/www.eldiario.net\\\/portal\"],\"url\":\"https:\\\/\\\/www.eldiario.net\\\/portal\\\/author\\\/jeanette\\\/\"}]}<\/script>\n<!-- \/ Yoast SEO plugin. -->","yoast_head_json":{"title":"\u00bfQU\u00c9 ES LA VERRUGA? - El Diario - Bolivia","robots":{"index":"index","follow":"follow","max-snippet":"max-snippet:-1","max-image-preview":"max-image-preview:large","max-video-preview":"max-video-preview:-1"},"canonical":"https:\/\/www.eldiario.net\/portal\/2024\/06\/16\/que-es-la-verruga\/","og_locale":"es_ES","og_type":"article","og_title":"\u00bfQU\u00c9 ES LA VERRUGA? - El Diario - Bolivia","og_description":"Lic. Lupe Luisa Fern\u00e1ndez Calix &#8211; Enfermera La verruga es una lesi\u00f3n cut\u00e1nea benigna causada por el Virus del Papiloma Humano (VPH) se transmiten al contacto con la piel generalmente son delimitadas c\u00f3mo una protuberancia carnosa de la piel rugosas, redondeadas, irregulares ligeramente gris\u00e1ceo amarillentos o negros gris\u00e1ceos miden de 2 a 10 mil\u00edmetros de [&hellip;]","og_url":"https:\/\/www.eldiario.net\/portal\/2024\/06\/16\/que-es-la-verruga\/","og_site_name":"El Diario - Bolivia","article_publisher":"https:\/\/www.facebook.com\/eldiario.bolivia\/","article_published_time":"2024-06-16T11:36:54+00:00","article_modified_time":"2024-06-16T11:38:04+00:00","og_image":[{"width":1200,"height":1800,"url":"https:\/\/www.eldiario.net\/portal\/wp-content\/uploads\/2024\/06\/\u00bfQUE-ES-LA-VERRUGA.jpg","type":"image\/jpeg"}],"author":"Jeanette","twitter_card":"summary_large_image","twitter_creator":"@eldiario_net","twitter_site":"@eldiario_net","twitter_misc":{"Escrito por":"Jeanette","Tiempo de lectura":"3 minutos"},"schema":{"@context":"https:\/\/schema.org","@graph":[{"@type":"Article","@id":"https:\/\/www.eldiario.net\/portal\/2024\/06\/16\/que-es-la-verruga\/#article","isPartOf":{"@id":"https:\/\/www.eldiario.net\/portal\/2024\/06\/16\/que-es-la-verruga\/"},"author":{"name":"Jeanette","@id":"https:\/\/www.eldiario.net\/portal\/#\/schema\/person\/f46445640444750d7d753ccd04ae01b7"},"headline":"\u00bfQU\u00c9 ES LA VERRUGA?","datePublished":"2024-06-16T11:36:54+00:00","dateModified":"2024-06-16T11:38:04+00:00","mainEntityOfPage":{"@id":"https:\/\/www.eldiario.net\/portal\/2024\/06\/16\/que-es-la-verruga\/"},"wordCount":548,"commentCount":0,"publisher":{"@id":"https:\/\/www.eldiario.net\/portal\/#organization"},"image":{"@id":"https:\/\/www.eldiario.net\/portal\/2024\/06\/16\/que-es-la-verruga\/#primaryimage"},"thumbnailUrl":"https:\/\/www.eldiario.net\/portal\/wp-content\/uploads\/2024\/06\/\u00bfQUE-ES-LA-VERRUGA.jpg","articleSection":["De Salud + vida"],"inLanguage":"es","potentialAction":[{"@type":"CommentAction","name":"Comment","target":["https:\/\/www.eldiario.net\/portal\/2024\/06\/16\/que-es-la-verruga\/#respond"]}]},{"@type":"WebPage","@id":"https:\/\/www.eldiario.net\/portal\/2024\/06\/16\/que-es-la-verruga\/","url":"https:\/\/www.eldiario.net\/portal\/2024\/06\/16\/que-es-la-verruga\/","name":"\u00bfQU\u00c9 ES LA VERRUGA? - El Diario - Bolivia","isPartOf":{"@id":"https:\/\/www.eldiario.net\/portal\/#website"},"primaryImageOfPage":{"@id":"https:\/\/www.eldiario.net\/portal\/2024\/06\/16\/que-es-la-verruga\/#primaryimage"},"image":{"@id":"https:\/\/www.eldiario.net\/portal\/2024\/06\/16\/que-es-la-verruga\/#primaryimage"},"thumbnailUrl":"https:\/\/www.eldiario.net\/portal\/wp-content\/uploads\/2024\/06\/\u00bfQUE-ES-LA-VERRUGA.jpg","datePublished":"2024-06-16T11:36:54+00:00","dateModified":"2024-06-16T11:38:04+00:00","breadcrumb":{"@id":"https:\/\/www.eldiario.net\/portal\/2024\/06\/16\/que-es-la-verruga\/#breadcrumb"},"inLanguage":"es","potentialAction":[{"@type":"ReadAction","target":["https:\/\/www.eldiario.net\/portal\/2024\/06\/16\/que-es-la-verruga\/"]}]},{"@type":"ImageObject","inLanguage":"es","@id":"https:\/\/www.eldiario.net\/portal\/2024\/06\/16\/que-es-la-verruga\/#primaryimage","url":"https:\/\/www.eldiario.net\/portal\/wp-content\/uploads\/2024\/06\/\u00bfQUE-ES-LA-VERRUGA.jpg","contentUrl":"https:\/\/www.eldiario.net\/portal\/wp-content\/uploads\/2024\/06\/\u00bfQUE-ES-LA-VERRUGA.jpg","width":1200,"height":1800},{"@type":"BreadcrumbList","@id":"https:\/\/www.eldiario.net\/portal\/2024\/06\/16\/que-es-la-verruga\/#breadcrumb","itemListElement":[{"@type":"ListItem","position":1,"name":"Portada","item":"https:\/\/www.eldiario.net\/portal\/"},{"@type":"ListItem","position":2,"name":"\u00bfQU\u00c9 ES LA VERRUGA?"}]},{"@type":"WebSite","@id":"https:\/\/www.eldiario.net\/portal\/#website","url":"https:\/\/www.eldiario.net\/portal\/","name":"El Diario - Decano de la prensa nacional","description":"El Diario - Decano de la prensa nacional","publisher":{"@id":"https:\/\/www.eldiario.net\/portal\/#organization"},"potentialAction":[{"@type":"SearchAction","target":{"@type":"EntryPoint","urlTemplate":"https:\/\/www.eldiario.net\/portal\/?s={search_term_string}"},"query-input":{"@type":"PropertyValueSpecification","valueRequired":true,"valueName":"search_term_string"}}],"inLanguage":"es"},{"@type":"Organization","@id":"https:\/\/www.eldiario.net\/portal\/#organization","name":"El Diario - Decano de la prensa nacional","url":"https:\/\/www.eldiario.net\/portal\/","logo":{"@type":"ImageObject","inLanguage":"es","@id":"https:\/\/www.eldiario.net\/portal\/#\/schema\/logo\/image\/","url":"https:\/\/www.eldiario.net\/portal\/wp-content\/uploads\/2023\/07\/logo_ED.jpg","contentUrl":"https:\/\/www.eldiario.net\/portal\/wp-content\/uploads\/2023\/07\/logo_ED.jpg","width":272,"height":52,"caption":"El Diario - Decano de la prensa nacional"},"image":{"@id":"https:\/\/www.eldiario.net\/portal\/#\/schema\/logo\/image\/"},"sameAs":["https:\/\/www.facebook.com\/eldiario.bolivia\/","https:\/\/x.com\/eldiario_net"]},{"@type":"Person","@id":"https:\/\/www.eldiario.net\/portal\/#\/schema\/person\/f46445640444750d7d753ccd04ae01b7","name":"Jeanette","image":{"@type":"ImageObject","inLanguage":"es","@id":"https:\/\/secure.gravatar.com\/avatar\/3ea2118a5f7dad2b7138b1187a6b7ee55f160b9968b66013c3a3ef39dd7e5798?s=96&d=mm&r=g","url":"https:\/\/secure.gravatar.com\/avatar\/3ea2118a5f7dad2b7138b1187a6b7ee55f160b9968b66013c3a3ef39dd7e5798?s=96&d=mm&r=g","contentUrl":"https:\/\/secure.gravatar.com\/avatar\/3ea2118a5f7dad2b7138b1187a6b7ee55f160b9968b66013c3a3ef39dd7e5798?s=96&d=mm&r=g","caption":"Jeanette"},"sameAs":["https:\/\/www.eldiario.net\/portal"],"url":"https:\/\/www.eldiario.net\/portal\/author\/jeanette\/"}]}},"_links":{"self":[{"href":"https:\/\/www.eldiario.net\/portal\/wp-json\/wp\/v2\/posts\/227646","targetHints":{"allow":["GET"]}}],"collection":[{"href":"https:\/\/www.eldiario.net\/portal\/wp-json\/wp\/v2\/posts"}],"about":[{"href":"https:\/\/www.eldiario.net\/portal\/wp-json\/wp\/v2\/types\/post"}],"author":[{"embeddable":true,"href":"https:\/\/www.eldiario.net\/portal\/wp-json\/wp\/v2\/users\/1"}],"replies":[{"embeddable":true,"href":"https:\/\/www.eldiario.net\/portal\/wp-json\/wp\/v2\/comments?post=227646"}],"version-history":[{"count":1,"href":"https:\/\/www.eldiario.net\/portal\/wp-json\/wp\/v2\/posts\/227646\/revisions"}],"predecessor-version":[{"id":227648,"href":"https:\/\/www.eldiario.net\/portal\/wp-json\/wp\/v2\/posts\/227646\/revisions\/227648"}],"wp:featuredmedia":[{"embeddable":true,"href":"https:\/\/www.eldiario.net\/portal\/wp-json\/wp\/v2\/media\/227647"}],"wp:attachment":[{"href":"https:\/\/www.eldiario.net\/portal\/wp-json\/wp\/v2\/media?parent=227646"}],"wp:term":[{"taxonomy":"category","embeddable":true,"href":"https:\/\/www.eldiario.net\/portal\/wp-json\/wp\/v2\/categories?post=227646"},{"taxonomy":"post_tag","embeddable":true,"href":"https:\/\/www.eldiario.net\/portal\/wp-json\/wp\/v2\/tags?post=227646"}],"curies":[{"name":"wp","href":"https:\/\/api.w.org\/{rel}","templated":true}]}}