{"id":227642,"date":"2024-06-16T07:36:16","date_gmt":"2024-06-16T11:36:16","guid":{"rendered":"https:\/\/www.eldiario.net\/portal\/?p=227642"},"modified":"2024-06-16T07:36:16","modified_gmt":"2024-06-16T11:36:16","slug":"hemiplejia-en-el-adulto-mayor-parte-2","status":"publish","type":"post","link":"https:\/\/www.eldiario.net\/portal\/2024\/06\/16\/hemiplejia-en-el-adulto-mayor-parte-2\/","title":{"rendered":"HEMIPLEJIA EN EL ADULTO MAYOR &#8211; Parte 2"},"content":{"rendered":"<p>Lic. Jaime Julio Ticona Pardo &#8211; Fisioterapeuta Kinesi\u00f3logo UMSA &#8211; Ref. 72556224<\/p>\n<p>&nbsp;<\/p>\n<p>En el tratamiento del paciente Adulto Mayor con Hemiplejia, suelen presentarse muchas complicaciones, como ser aquellas que engloban la expresi\u00f3n, la comunicaci\u00f3n, la degluci\u00f3n, la marcha, el equilibrio y las actividades de la vida diaria, (A.V.D.) como el aseo personal y la higiene; dando lugar a que el paciente se torne dependiente en alg\u00fan grado de segundas personas, para estas acciones diarias. Entre estos trastornos tendremos:<\/p>\n<p>LA AFASIA.- La afasia es un trastorno de la comunicaci\u00f3n causado por el da\u00f1o cerebral, caracterizado por alteraciones en la expresi\u00f3n y comprensi\u00f3n del lenguaje oral y escrito.<\/p>\n<p>LA APRAXIA.- Es un trastorno adquirido de origen neurol\u00f3gico. Donde se comprometen dos procesos motores b\u00e1sicos: la articulaci\u00f3n y la pronunciaci\u00f3n, afectando los movimientos necesarios de la boca y la cara para poder producir los sonidos del habla.<\/p>\n<p>DISFAGIA.- El Proceso de la degluci\u00f3n se divide en dos: Eficacia, es la posibilidad de ingerir la totalidad de las calor\u00edas y el agua necesarias para mantener una adecuada nutrici\u00f3n e hidrataci\u00f3n y Seguridad de la degluci\u00f3n, que es la posibilidad de ingerir el agua y las calor\u00edas necesarias sin que se produzcan complicaciones respiratorias. Al verse alterado este proceso se presentara por ende la Disfagia de origen neurol\u00f3gica.<\/p>\n<p>EL TRATAMIENTO NEUROKINESICO<\/p>\n<p>La Fisioterapia Neurol\u00f3gica o Neurokin\u00e9sica, Estar\u00e1 enmarcada y orientada a la aplicaci\u00f3n de t\u00e9cnicas, m\u00e9todos y conceptos, con los cuales el Fisioterapeuta, deber\u00e1 planificar y enfocar\u00a0 estos a las necesidades de su paciente de acuerdo al da\u00f1o neurol\u00f3gico evaluado previamente. Entre estos tenemos:<\/p>\n<p>LA TERAPIA BOBATH<\/p>\n<p>El concepto Bobath ampliamente conocido en el campo de la Medicina F\u00edsica y de rehabilitaci\u00f3n es una terapia especializada, aplicada a tratar las alteraciones motoras y de la postura, derivadas de lesiones del sistema nervioso central (SNC). Los objetivos son: Inhibir los reflejos anormales, Normalizar el tono, Obtener la coordinaci\u00f3n normal de los movimientos voluntarios, Independizar los movimientos y Lograr la destreza manual.<\/p>\n<p>EL METODO BRUNNSTROM<\/p>\n<p>Brunnstrom, contempla el inicio de las movilizaciones de manera pasiva, empezando con la facilitaci\u00f3n de las sinergias b\u00e1sicas, \u00a0mediante reflejos y reacciones asociadas, estos reflejos har\u00e1n emerger las sinergias (varios est\u00edmulos sumados para alcanzar un mismo fin), y evitar el dominio excesivo de cualquiera de ellos, superponiendo progresivamente la voluntad del paciente, lo que permitir\u00e1 inicialmente realizar actividades \u201csemivoluntarias\u201d, donde el papel que desempe\u00f1an los reflejos sigue siendo primordial e insustituible. Pero con el inicio del descenso del tono muscular, los reflejos comienzan a perder el papel principal y la voluntad coloniza progresivamente los movimientos.<\/p>\n<p>EL METODO DE FNP, O FACILITACION NEUROMUSCULAR PROPIOCEPTIVA.<\/p>\n<p>El ser humanos tiene potenciales no desarrollados por completo, Las capacidades y las potencialidades del paciente ser\u00e1n los medios para reducir las incapacidades. La FNP no deja de tomar en cuenta que existen pacientes que llegan aun l\u00edmite fuera del cual no logran m\u00e1s aprendizaje, pero se da m\u00e1s importancia a la consecuci\u00f3n de la mayor cantidad de influencias favorables con que el paciente puede desarrollar un potencial; por ejemplo, utilizar los movimientos m\u00e1s fuertes para fortalecer los m\u00e1s d\u00e9biles, dando preferencia al desarrollo de los movimientos de la cabeza, cuello, tronco y por \u00faltimo los miembros.<\/p>\n<p>\u201cEL MOVIENTO ES PARTE ESENCIAL PARA MANTENER UNA VIDA ACTIVA\u201d<\/p>\n\r\n                <style type=\"text\/css\">\r\n                    \r\n                    #tdi_1  .td-doubleSlider-2 .td-item1 {\r\n                        background: url(https:\/\/www.eldiario.net\/portal\/wp-content\/uploads\/2024\/06\/HEMIPLEJIA-EN-EL-ADULTO-MAYOR-Parte-2-2-80x60.jpg) 0 0 no-repeat;\r\n                    }\r\n                    #tdi_1  .td-doubleSlider-2 .td-item2 {\r\n                        background: url(https:\/\/www.eldiario.net\/portal\/wp-content\/uploads\/2024\/06\/HEMIPLEJIA-EN-EL-ADULTO-MAYOR-Parte-2-80x60.jpg) 0 0 no-repeat;\r\n                    }\r\n                <\/style>\r\n\r\n                <div id=\"tdi_1\" class=\"td-gallery td-slide-on-2-columns\">\r\n                    <div class=\"post_td_gallery\">\r\n                        <div class=\"td-gallery-slide-top\">\r\n                           <div class=\"td-gallery-title\"><\/div>\r\n\r\n                            <div class=\"td-gallery-controls-wrapper\">\r\n                                <div class=\"td-gallery-slide-count\"><span class=\"td-gallery-slide-item-focus\">1<\/span> de 2<\/div>\r\n                                <div class=\"td-gallery-slide-prev-next-but\">\r\n                                    <i class = \"td-icon-left doubleSliderPrevButton\"><\/i>\r\n                                    <i class = \"td-icon-right doubleSliderNextButton\"><\/i>\r\n                                <\/div>\r\n                            <\/div>\r\n                        <\/div>\r\n\r\n                        <div class = \"td-doubleSlider-1 \">\r\n                            <div class = \"td-slider\">\r\n                                \r\n                    <div class = \"td-slide-item td-item1\">\r\n                        <figure class=\"td-slide-galery-figure td-slide-popup-gallery\">\r\n                            <a class=\"slide-gallery-image-link\" href=\"https:\/\/www.eldiario.net\/portal\/wp-content\/uploads\/2024\/06\/HEMIPLEJIA-EN-EL-ADULTO-MAYOR-Parte-2-2.jpg\" title=\"HEMIPLEJIA-EN-EL-ADULTO-MAYOR---Parte-2-(2)\"  data-caption=\"\"  data-description=\"\">\r\n                                <img decoding=\"async\" src=\"https:\/\/www.eldiario.net\/portal\/wp-content\/uploads\/2024\/06\/HEMIPLEJIA-EN-EL-ADULTO-MAYOR-Parte-2-2-237x420.jpg\" srcset=\"https:\/\/www.eldiario.net\/portal\/wp-content\/uploads\/2024\/06\/HEMIPLEJIA-EN-EL-ADULTO-MAYOR-Parte-2-2-237x420.jpg 237w, https:\/\/www.eldiario.net\/portal\/wp-content\/uploads\/2024\/06\/HEMIPLEJIA-EN-EL-ADULTO-MAYOR-Parte-2-2-169x300.jpg 169w, https:\/\/www.eldiario.net\/portal\/wp-content\/uploads\/2024\/06\/HEMIPLEJIA-EN-EL-ADULTO-MAYOR-Parte-2-2-577x1024.jpg 577w, https:\/\/www.eldiario.net\/portal\/wp-content\/uploads\/2024\/06\/HEMIPLEJIA-EN-EL-ADULTO-MAYOR-Parte-2-2.jpg 594w\" sizes=\"(max-width: 237px) 100vw, 237px\" alt=\"\">\r\n                            <\/a>\r\n                            \r\n                        <\/figure>\r\n                    <\/div>\r\n                    <div class = \"td-slide-item td-item2\">\r\n                        <figure class=\"td-slide-galery-figure td-slide-popup-gallery\">\r\n                            <a class=\"slide-gallery-image-link\" href=\"https:\/\/www.eldiario.net\/portal\/wp-content\/uploads\/2024\/06\/HEMIPLEJIA-EN-EL-ADULTO-MAYOR-Parte-2.jpg\" title=\"HEMIPLEJIA-EN-EL-ADULTO-MAYOR---Parte-2\"  data-caption=\"\"  data-description=\"\">\r\n                                <img decoding=\"async\" src=\"https:\/\/www.eldiario.net\/portal\/wp-content\/uploads\/2024\/06\/HEMIPLEJIA-EN-EL-ADULTO-MAYOR-Parte-2-277x420.jpg\" srcset=\"https:\/\/www.eldiario.net\/portal\/wp-content\/uploads\/2024\/06\/HEMIPLEJIA-EN-EL-ADULTO-MAYOR-Parte-2-277x420.jpg 277w, https:\/\/www.eldiario.net\/portal\/wp-content\/uploads\/2024\/06\/HEMIPLEJIA-EN-EL-ADULTO-MAYOR-Parte-2-198x300.jpg 198w, https:\/\/www.eldiario.net\/portal\/wp-content\/uploads\/2024\/06\/HEMIPLEJIA-EN-EL-ADULTO-MAYOR-Parte-2.jpg 597w\" sizes=\"(max-width: 277px) 100vw, 277px\" alt=\"\">\r\n                            <\/a>\r\n                            \r\n                        <\/figure>\r\n                    <\/div>\r\n                            <\/div>\r\n                        <\/div>\r\n\r\n                        <div class = \"td-doubleSlider-2\">\r\n                            <div class = \"td-slider\">\r\n                                \r\n                    <div class = \"td-button td-item1\">\r\n                        <div class = \"td-border\"><\/div>\r\n                    <\/div>\r\n                    <div class = \"td-button td-item2\">\r\n                        <div class = \"td-border\"><\/div>\r\n                    <\/div>\r\n                            <\/div>\r\n                        <\/div>\r\n\r\n                    <\/div>\r\n\r\n                <\/div>\r\n                \n","protected":false},"excerpt":{"rendered":"<p>Lic. Jaime Julio Ticona Pardo &#8211; Fisioterapeuta Kinesi\u00f3logo UMSA &#8211; Ref. 72556224 &nbsp; En el tratamiento del paciente Adulto Mayor con Hemiplejia, suelen presentarse muchas complicaciones, como ser aquellas que engloban la expresi\u00f3n, la comunicaci\u00f3n, la degluci\u00f3n, la marcha, el equilibrio y las actividades de la vida diaria, (A.V.D.) como el aseo personal y la [&hellip;]<\/p>\n","protected":false},"author":1,"featured_media":227644,"comment_status":"open","ping_status":"open","sticky":false,"template":"","format":"standard","meta":{"_acf_changed":false,"footnotes":""},"categories":[52],"tags":[],"class_list":["post-227642","post","type-post","status-publish","format-standard","has-post-thumbnail","category-de-salud-mas-vida"],"acf":{"antetitulo":""},"yoast_head":"<!-- This site is optimized with the Yoast SEO plugin v28.3 - https:\/\/yoast.com\/product\/yoast-seo-wordpress\/ -->\n<title>HEMIPLEJIA EN EL ADULTO MAYOR - Parte 2 - El Diario - Bolivia<\/title>\n<meta name=\"robots\" content=\"index, follow, max-snippet:-1, max-image-preview:large, max-video-preview:-1\" \/>\n<link rel=\"canonical\" href=\"https:\/\/www.eldiario.net\/portal\/2024\/06\/16\/hemiplejia-en-el-adulto-mayor-parte-2\/\" \/>\n<meta property=\"og:locale\" content=\"es_ES\" \/>\n<meta property=\"og:type\" content=\"article\" \/>\n<meta property=\"og:title\" content=\"HEMIPLEJIA EN EL ADULTO MAYOR - Parte 2 - El Diario - Bolivia\" \/>\n<meta property=\"og:description\" content=\"Lic. Jaime Julio Ticona Pardo &#8211; Fisioterapeuta Kinesi\u00f3logo UMSA &#8211; Ref. 72556224 &nbsp; En el tratamiento del paciente Adulto Mayor con Hemiplejia, suelen presentarse muchas complicaciones, como ser aquellas que engloban la expresi\u00f3n, la comunicaci\u00f3n, la degluci\u00f3n, la marcha, el equilibrio y las actividades de la vida diaria, (A.V.D.) como el aseo personal y la [&hellip;]\" \/>\n<meta property=\"og:url\" content=\"https:\/\/www.eldiario.net\/portal\/2024\/06\/16\/hemiplejia-en-el-adulto-mayor-parte-2\/\" \/>\n<meta property=\"og:site_name\" content=\"El Diario - Bolivia\" \/>\n<meta property=\"article:publisher\" content=\"https:\/\/www.facebook.com\/eldiario.bolivia\/\" \/>\n<meta property=\"article:published_time\" content=\"2024-06-16T11:36:16+00:00\" \/>\n<meta property=\"og:image\" content=\"https:\/\/www.eldiario.net\/portal\/wp-content\/uploads\/2024\/06\/HEMIPLEJIA-EN-EL-ADULTO-MAYOR-Parte-2.jpg\" \/>\n\t<meta property=\"og:image:width\" content=\"597\" \/>\n\t<meta property=\"og:image:height\" content=\"905\" \/>\n\t<meta property=\"og:image:type\" content=\"image\/jpeg\" \/>\n<meta name=\"author\" content=\"Jeanette\" \/>\n<meta name=\"twitter:card\" content=\"summary_large_image\" \/>\n<meta name=\"twitter:creator\" content=\"@eldiario_net\" \/>\n<meta name=\"twitter:site\" content=\"@eldiario_net\" \/>\n<meta name=\"twitter:label1\" content=\"Escrito por\" \/>\n\t<meta name=\"twitter:data1\" content=\"Jeanette\" \/>\n\t<meta name=\"twitter:label2\" content=\"Tiempo de lectura\" \/>\n\t<meta name=\"twitter:data2\" content=\"3 minutos\" \/>\n<script type=\"application\/ld+json\" class=\"yoast-schema-graph\">{\"@context\":\"https:\\\/\\\/schema.org\",\"@graph\":[{\"@type\":\"Article\",\"@id\":\"https:\\\/\\\/www.eldiario.net\\\/portal\\\/2024\\\/06\\\/16\\\/hemiplejia-en-el-adulto-mayor-parte-2\\\/#article\",\"isPartOf\":{\"@id\":\"https:\\\/\\\/www.eldiario.net\\\/portal\\\/2024\\\/06\\\/16\\\/hemiplejia-en-el-adulto-mayor-parte-2\\\/\"},\"author\":{\"name\":\"Jeanette\",\"@id\":\"https:\\\/\\\/www.eldiario.net\\\/portal\\\/#\\\/schema\\\/person\\\/f46445640444750d7d753ccd04ae01b7\"},\"headline\":\"HEMIPLEJIA EN EL ADULTO MAYOR &#8211; Parte 2\",\"datePublished\":\"2024-06-16T11:36:16+00:00\",\"mainEntityOfPage\":{\"@id\":\"https:\\\/\\\/www.eldiario.net\\\/portal\\\/2024\\\/06\\\/16\\\/hemiplejia-en-el-adulto-mayor-parte-2\\\/\"},\"wordCount\":602,\"commentCount\":0,\"publisher\":{\"@id\":\"https:\\\/\\\/www.eldiario.net\\\/portal\\\/#organization\"},\"image\":{\"@id\":\"https:\\\/\\\/www.eldiario.net\\\/portal\\\/2024\\\/06\\\/16\\\/hemiplejia-en-el-adulto-mayor-parte-2\\\/#primaryimage\"},\"thumbnailUrl\":\"https:\\\/\\\/www.eldiario.net\\\/portal\\\/wp-content\\\/uploads\\\/2024\\\/06\\\/HEMIPLEJIA-EN-EL-ADULTO-MAYOR-Parte-2.jpg\",\"articleSection\":[\"De Salud + vida\"],\"inLanguage\":\"es\",\"potentialAction\":[{\"@type\":\"CommentAction\",\"name\":\"Comment\",\"target\":[\"https:\\\/\\\/www.eldiario.net\\\/portal\\\/2024\\\/06\\\/16\\\/hemiplejia-en-el-adulto-mayor-parte-2\\\/#respond\"]}]},{\"@type\":\"WebPage\",\"@id\":\"https:\\\/\\\/www.eldiario.net\\\/portal\\\/2024\\\/06\\\/16\\\/hemiplejia-en-el-adulto-mayor-parte-2\\\/\",\"url\":\"https:\\\/\\\/www.eldiario.net\\\/portal\\\/2024\\\/06\\\/16\\\/hemiplejia-en-el-adulto-mayor-parte-2\\\/\",\"name\":\"HEMIPLEJIA EN EL ADULTO MAYOR - Parte 2 - El Diario - Bolivia\",\"isPartOf\":{\"@id\":\"https:\\\/\\\/www.eldiario.net\\\/portal\\\/#website\"},\"primaryImageOfPage\":{\"@id\":\"https:\\\/\\\/www.eldiario.net\\\/portal\\\/2024\\\/06\\\/16\\\/hemiplejia-en-el-adulto-mayor-parte-2\\\/#primaryimage\"},\"image\":{\"@id\":\"https:\\\/\\\/www.eldiario.net\\\/portal\\\/2024\\\/06\\\/16\\\/hemiplejia-en-el-adulto-mayor-parte-2\\\/#primaryimage\"},\"thumbnailUrl\":\"https:\\\/\\\/www.eldiario.net\\\/portal\\\/wp-content\\\/uploads\\\/2024\\\/06\\\/HEMIPLEJIA-EN-EL-ADULTO-MAYOR-Parte-2.jpg\",\"datePublished\":\"2024-06-16T11:36:16+00:00\",\"breadcrumb\":{\"@id\":\"https:\\\/\\\/www.eldiario.net\\\/portal\\\/2024\\\/06\\\/16\\\/hemiplejia-en-el-adulto-mayor-parte-2\\\/#breadcrumb\"},\"inLanguage\":\"es\",\"potentialAction\":[{\"@type\":\"ReadAction\",\"target\":[\"https:\\\/\\\/www.eldiario.net\\\/portal\\\/2024\\\/06\\\/16\\\/hemiplejia-en-el-adulto-mayor-parte-2\\\/\"]}]},{\"@type\":\"ImageObject\",\"inLanguage\":\"es\",\"@id\":\"https:\\\/\\\/www.eldiario.net\\\/portal\\\/2024\\\/06\\\/16\\\/hemiplejia-en-el-adulto-mayor-parte-2\\\/#primaryimage\",\"url\":\"https:\\\/\\\/www.eldiario.net\\\/portal\\\/wp-content\\\/uploads\\\/2024\\\/06\\\/HEMIPLEJIA-EN-EL-ADULTO-MAYOR-Parte-2.jpg\",\"contentUrl\":\"https:\\\/\\\/www.eldiario.net\\\/portal\\\/wp-content\\\/uploads\\\/2024\\\/06\\\/HEMIPLEJIA-EN-EL-ADULTO-MAYOR-Parte-2.jpg\",\"width\":597,\"height\":905},{\"@type\":\"BreadcrumbList\",\"@id\":\"https:\\\/\\\/www.eldiario.net\\\/portal\\\/2024\\\/06\\\/16\\\/hemiplejia-en-el-adulto-mayor-parte-2\\\/#breadcrumb\",\"itemListElement\":[{\"@type\":\"ListItem\",\"position\":1,\"name\":\"Portada\",\"item\":\"https:\\\/\\\/www.eldiario.net\\\/portal\\\/\"},{\"@type\":\"ListItem\",\"position\":2,\"name\":\"HEMIPLEJIA EN EL ADULTO MAYOR &#8211; Parte 2\"}]},{\"@type\":\"WebSite\",\"@id\":\"https:\\\/\\\/www.eldiario.net\\\/portal\\\/#website\",\"url\":\"https:\\\/\\\/www.eldiario.net\\\/portal\\\/\",\"name\":\"El Diario - Decano de la prensa nacional\",\"description\":\"El Diario - Decano de la prensa nacional\",\"publisher\":{\"@id\":\"https:\\\/\\\/www.eldiario.net\\\/portal\\\/#organization\"},\"potentialAction\":[{\"@type\":\"SearchAction\",\"target\":{\"@type\":\"EntryPoint\",\"urlTemplate\":\"https:\\\/\\\/www.eldiario.net\\\/portal\\\/?s={search_term_string}\"},\"query-input\":{\"@type\":\"PropertyValueSpecification\",\"valueRequired\":true,\"valueName\":\"search_term_string\"}}],\"inLanguage\":\"es\"},{\"@type\":\"Organization\",\"@id\":\"https:\\\/\\\/www.eldiario.net\\\/portal\\\/#organization\",\"name\":\"El Diario - Decano de la prensa nacional\",\"url\":\"https:\\\/\\\/www.eldiario.net\\\/portal\\\/\",\"logo\":{\"@type\":\"ImageObject\",\"inLanguage\":\"es\",\"@id\":\"https:\\\/\\\/www.eldiario.net\\\/portal\\\/#\\\/schema\\\/logo\\\/image\\\/\",\"url\":\"https:\\\/\\\/www.eldiario.net\\\/portal\\\/wp-content\\\/uploads\\\/2023\\\/07\\\/logo_ED.jpg\",\"contentUrl\":\"https:\\\/\\\/www.eldiario.net\\\/portal\\\/wp-content\\\/uploads\\\/2023\\\/07\\\/logo_ED.jpg\",\"width\":272,\"height\":52,\"caption\":\"El Diario - Decano de la prensa nacional\"},\"image\":{\"@id\":\"https:\\\/\\\/www.eldiario.net\\\/portal\\\/#\\\/schema\\\/logo\\\/image\\\/\"},\"sameAs\":[\"https:\\\/\\\/www.facebook.com\\\/eldiario.bolivia\\\/\",\"https:\\\/\\\/x.com\\\/eldiario_net\"]},{\"@type\":\"Person\",\"@id\":\"https:\\\/\\\/www.eldiario.net\\\/portal\\\/#\\\/schema\\\/person\\\/f46445640444750d7d753ccd04ae01b7\",\"name\":\"Jeanette\",\"image\":{\"@type\":\"ImageObject\",\"inLanguage\":\"es\",\"@id\":\"https:\\\/\\\/secure.gravatar.com\\\/avatar\\\/3ea2118a5f7dad2b7138b1187a6b7ee55f160b9968b66013c3a3ef39dd7e5798?s=96&d=mm&r=g\",\"url\":\"https:\\\/\\\/secure.gravatar.com\\\/avatar\\\/3ea2118a5f7dad2b7138b1187a6b7ee55f160b9968b66013c3a3ef39dd7e5798?s=96&d=mm&r=g\",\"contentUrl\":\"https:\\\/\\\/secure.gravatar.com\\\/avatar\\\/3ea2118a5f7dad2b7138b1187a6b7ee55f160b9968b66013c3a3ef39dd7e5798?s=96&d=mm&r=g\",\"caption\":\"Jeanette\"},\"sameAs\":[\"https:\\\/\\\/www.eldiario.net\\\/portal\"],\"url\":\"https:\\\/\\\/www.eldiario.net\\\/portal\\\/author\\\/jeanette\\\/\"}]}<\/script>\n<!-- \/ Yoast SEO plugin. -->","yoast_head_json":{"title":"HEMIPLEJIA EN EL ADULTO MAYOR - Parte 2 - El Diario - Bolivia","robots":{"index":"index","follow":"follow","max-snippet":"max-snippet:-1","max-image-preview":"max-image-preview:large","max-video-preview":"max-video-preview:-1"},"canonical":"https:\/\/www.eldiario.net\/portal\/2024\/06\/16\/hemiplejia-en-el-adulto-mayor-parte-2\/","og_locale":"es_ES","og_type":"article","og_title":"HEMIPLEJIA EN EL ADULTO MAYOR - Parte 2 - El Diario - Bolivia","og_description":"Lic. Jaime Julio Ticona Pardo &#8211; Fisioterapeuta Kinesi\u00f3logo UMSA &#8211; Ref. 72556224 &nbsp; En el tratamiento del paciente Adulto Mayor con Hemiplejia, suelen presentarse muchas complicaciones, como ser aquellas que engloban la expresi\u00f3n, la comunicaci\u00f3n, la degluci\u00f3n, la marcha, el equilibrio y las actividades de la vida diaria, (A.V.D.) como el aseo personal y la [&hellip;]","og_url":"https:\/\/www.eldiario.net\/portal\/2024\/06\/16\/hemiplejia-en-el-adulto-mayor-parte-2\/","og_site_name":"El Diario - Bolivia","article_publisher":"https:\/\/www.facebook.com\/eldiario.bolivia\/","article_published_time":"2024-06-16T11:36:16+00:00","og_image":[{"width":597,"height":905,"url":"https:\/\/www.eldiario.net\/portal\/wp-content\/uploads\/2024\/06\/HEMIPLEJIA-EN-EL-ADULTO-MAYOR-Parte-2.jpg","type":"image\/jpeg"}],"author":"Jeanette","twitter_card":"summary_large_image","twitter_creator":"@eldiario_net","twitter_site":"@eldiario_net","twitter_misc":{"Escrito por":"Jeanette","Tiempo de lectura":"3 minutos"},"schema":{"@context":"https:\/\/schema.org","@graph":[{"@type":"Article","@id":"https:\/\/www.eldiario.net\/portal\/2024\/06\/16\/hemiplejia-en-el-adulto-mayor-parte-2\/#article","isPartOf":{"@id":"https:\/\/www.eldiario.net\/portal\/2024\/06\/16\/hemiplejia-en-el-adulto-mayor-parte-2\/"},"author":{"name":"Jeanette","@id":"https:\/\/www.eldiario.net\/portal\/#\/schema\/person\/f46445640444750d7d753ccd04ae01b7"},"headline":"HEMIPLEJIA EN EL ADULTO MAYOR &#8211; Parte 2","datePublished":"2024-06-16T11:36:16+00:00","mainEntityOfPage":{"@id":"https:\/\/www.eldiario.net\/portal\/2024\/06\/16\/hemiplejia-en-el-adulto-mayor-parte-2\/"},"wordCount":602,"commentCount":0,"publisher":{"@id":"https:\/\/www.eldiario.net\/portal\/#organization"},"image":{"@id":"https:\/\/www.eldiario.net\/portal\/2024\/06\/16\/hemiplejia-en-el-adulto-mayor-parte-2\/#primaryimage"},"thumbnailUrl":"https:\/\/www.eldiario.net\/portal\/wp-content\/uploads\/2024\/06\/HEMIPLEJIA-EN-EL-ADULTO-MAYOR-Parte-2.jpg","articleSection":["De Salud + vida"],"inLanguage":"es","potentialAction":[{"@type":"CommentAction","name":"Comment","target":["https:\/\/www.eldiario.net\/portal\/2024\/06\/16\/hemiplejia-en-el-adulto-mayor-parte-2\/#respond"]}]},{"@type":"WebPage","@id":"https:\/\/www.eldiario.net\/portal\/2024\/06\/16\/hemiplejia-en-el-adulto-mayor-parte-2\/","url":"https:\/\/www.eldiario.net\/portal\/2024\/06\/16\/hemiplejia-en-el-adulto-mayor-parte-2\/","name":"HEMIPLEJIA EN EL ADULTO MAYOR - Parte 2 - El Diario - Bolivia","isPartOf":{"@id":"https:\/\/www.eldiario.net\/portal\/#website"},"primaryImageOfPage":{"@id":"https:\/\/www.eldiario.net\/portal\/2024\/06\/16\/hemiplejia-en-el-adulto-mayor-parte-2\/#primaryimage"},"image":{"@id":"https:\/\/www.eldiario.net\/portal\/2024\/06\/16\/hemiplejia-en-el-adulto-mayor-parte-2\/#primaryimage"},"thumbnailUrl":"https:\/\/www.eldiario.net\/portal\/wp-content\/uploads\/2024\/06\/HEMIPLEJIA-EN-EL-ADULTO-MAYOR-Parte-2.jpg","datePublished":"2024-06-16T11:36:16+00:00","breadcrumb":{"@id":"https:\/\/www.eldiario.net\/portal\/2024\/06\/16\/hemiplejia-en-el-adulto-mayor-parte-2\/#breadcrumb"},"inLanguage":"es","potentialAction":[{"@type":"ReadAction","target":["https:\/\/www.eldiario.net\/portal\/2024\/06\/16\/hemiplejia-en-el-adulto-mayor-parte-2\/"]}]},{"@type":"ImageObject","inLanguage":"es","@id":"https:\/\/www.eldiario.net\/portal\/2024\/06\/16\/hemiplejia-en-el-adulto-mayor-parte-2\/#primaryimage","url":"https:\/\/www.eldiario.net\/portal\/wp-content\/uploads\/2024\/06\/HEMIPLEJIA-EN-EL-ADULTO-MAYOR-Parte-2.jpg","contentUrl":"https:\/\/www.eldiario.net\/portal\/wp-content\/uploads\/2024\/06\/HEMIPLEJIA-EN-EL-ADULTO-MAYOR-Parte-2.jpg","width":597,"height":905},{"@type":"BreadcrumbList","@id":"https:\/\/www.eldiario.net\/portal\/2024\/06\/16\/hemiplejia-en-el-adulto-mayor-parte-2\/#breadcrumb","itemListElement":[{"@type":"ListItem","position":1,"name":"Portada","item":"https:\/\/www.eldiario.net\/portal\/"},{"@type":"ListItem","position":2,"name":"HEMIPLEJIA EN EL ADULTO MAYOR &#8211; Parte 2"}]},{"@type":"WebSite","@id":"https:\/\/www.eldiario.net\/portal\/#website","url":"https:\/\/www.eldiario.net\/portal\/","name":"El Diario - Decano de la prensa nacional","description":"El Diario - Decano de la prensa nacional","publisher":{"@id":"https:\/\/www.eldiario.net\/portal\/#organization"},"potentialAction":[{"@type":"SearchAction","target":{"@type":"EntryPoint","urlTemplate":"https:\/\/www.eldiario.net\/portal\/?s={search_term_string}"},"query-input":{"@type":"PropertyValueSpecification","valueRequired":true,"valueName":"search_term_string"}}],"inLanguage":"es"},{"@type":"Organization","@id":"https:\/\/www.eldiario.net\/portal\/#organization","name":"El Diario - Decano de la prensa nacional","url":"https:\/\/www.eldiario.net\/portal\/","logo":{"@type":"ImageObject","inLanguage":"es","@id":"https:\/\/www.eldiario.net\/portal\/#\/schema\/logo\/image\/","url":"https:\/\/www.eldiario.net\/portal\/wp-content\/uploads\/2023\/07\/logo_ED.jpg","contentUrl":"https:\/\/www.eldiario.net\/portal\/wp-content\/uploads\/2023\/07\/logo_ED.jpg","width":272,"height":52,"caption":"El Diario - Decano de la prensa nacional"},"image":{"@id":"https:\/\/www.eldiario.net\/portal\/#\/schema\/logo\/image\/"},"sameAs":["https:\/\/www.facebook.com\/eldiario.bolivia\/","https:\/\/x.com\/eldiario_net"]},{"@type":"Person","@id":"https:\/\/www.eldiario.net\/portal\/#\/schema\/person\/f46445640444750d7d753ccd04ae01b7","name":"Jeanette","image":{"@type":"ImageObject","inLanguage":"es","@id":"https:\/\/secure.gravatar.com\/avatar\/3ea2118a5f7dad2b7138b1187a6b7ee55f160b9968b66013c3a3ef39dd7e5798?s=96&d=mm&r=g","url":"https:\/\/secure.gravatar.com\/avatar\/3ea2118a5f7dad2b7138b1187a6b7ee55f160b9968b66013c3a3ef39dd7e5798?s=96&d=mm&r=g","contentUrl":"https:\/\/secure.gravatar.com\/avatar\/3ea2118a5f7dad2b7138b1187a6b7ee55f160b9968b66013c3a3ef39dd7e5798?s=96&d=mm&r=g","caption":"Jeanette"},"sameAs":["https:\/\/www.eldiario.net\/portal"],"url":"https:\/\/www.eldiario.net\/portal\/author\/jeanette\/"}]}},"_links":{"self":[{"href":"https:\/\/www.eldiario.net\/portal\/wp-json\/wp\/v2\/posts\/227642","targetHints":{"allow":["GET"]}}],"collection":[{"href":"https:\/\/www.eldiario.net\/portal\/wp-json\/wp\/v2\/posts"}],"about":[{"href":"https:\/\/www.eldiario.net\/portal\/wp-json\/wp\/v2\/types\/post"}],"author":[{"embeddable":true,"href":"https:\/\/www.eldiario.net\/portal\/wp-json\/wp\/v2\/users\/1"}],"replies":[{"embeddable":true,"href":"https:\/\/www.eldiario.net\/portal\/wp-json\/wp\/v2\/comments?post=227642"}],"version-history":[{"count":1,"href":"https:\/\/www.eldiario.net\/portal\/wp-json\/wp\/v2\/posts\/227642\/revisions"}],"predecessor-version":[{"id":227645,"href":"https:\/\/www.eldiario.net\/portal\/wp-json\/wp\/v2\/posts\/227642\/revisions\/227645"}],"wp:featuredmedia":[{"embeddable":true,"href":"https:\/\/www.eldiario.net\/portal\/wp-json\/wp\/v2\/media\/227644"}],"wp:attachment":[{"href":"https:\/\/www.eldiario.net\/portal\/wp-json\/wp\/v2\/media?parent=227642"}],"wp:term":[{"taxonomy":"category","embeddable":true,"href":"https:\/\/www.eldiario.net\/portal\/wp-json\/wp\/v2\/categories?post=227642"},{"taxonomy":"post_tag","embeddable":true,"href":"https:\/\/www.eldiario.net\/portal\/wp-json\/wp\/v2\/tags?post=227642"}],"curies":[{"name":"wp","href":"https:\/\/api.w.org\/{rel}","templated":true}]}}