{"id":227636,"date":"2024-06-16T07:34:58","date_gmt":"2024-06-16T11:34:58","guid":{"rendered":"https:\/\/www.eldiario.net\/portal\/?p=227636"},"modified":"2024-06-16T07:34:58","modified_gmt":"2024-06-16T11:34:58","slug":"la-contencion-en-ortodoncia-que-no-puedes-ignorar","status":"publish","type":"post","link":"https:\/\/www.eldiario.net\/portal\/2024\/06\/16\/la-contencion-en-ortodoncia-que-no-puedes-ignorar\/","title":{"rendered":"LA CONTENCI\u00d3N EN ORTODONCIA QUE NO PUEDES IGNORAR"},"content":{"rendered":"<p><strong>Dr. Franklin Novoa Flores \u2013 Especialista en Ortodoncia ortopedia &#8211; 72022459<\/strong><\/p>\n<p>Loa aparatos especiales conocidos como retenedores cumplen una funci\u00f3n de contenci\u00f3n en ortodoncia, es un proceso crucial que se lleva a cabo despu\u00e9s de que un paciente ha finalizado su tratamiento de ortodoncia con brackets o alineadores invisibles.<\/p>\n<p>La importancia de la contenci\u00f3n radica en que los dientes tienen una tendencia natural a regresar a su posici\u00f3n original ya sean estos que hubiese estado girados, api\u00f1ados, etc. Se les brinda la estabilidad necesaria esto se debe a que los ligamentos que sostienen los dientes en su lugar pueden tardar bastante tiempo en adaptarse en su nueva posici\u00f3n despu\u00e9s de un tratamiento de ortodoncia por lo tanto la contenci\u00f3n es fundamental donde el objetivo es mantener los dientes en su nueva posici\u00f3n y evitar que vuelvan a moverse hacia su posici\u00f3n original para que los resultados del tratamiento sean duraderos.<\/p>\n<p>Existen distintos tipos de contenci\u00f3n en ortodoncia siendo los m\u00e1s comunes los retenedores fijos y los retenedores removibles, los retenedores fijos son alambres delgados especiales que se colocan en la parte posterior de los dientes para mantenerlos en su lugar por otro lado, los retenedores removibles como su nombre indica puede colocarse y sacarse, son aparatos que se utilizan durante la noche o algunas horas al d\u00eda.<\/p>\n<p>Es importante seguir las indicaciones del ortodoncista respecto al uso delos retenedores, ya que cada paciente tiene necesidades espec\u00edficas en cuanto a la duraci\u00f3n y frecuencia de uso. En general se recomienda utilizar los retenedores de forma continua durante los primeros meses despu\u00e9s de haber finalizado el tratamiento de ortodoncia para luego pasar a usarlos solo durante la noche.<\/p>\n<p>El incumplimiento en el uso de los retenedores puede derivar en la recidiva de los dientes, es decir en que vuelvan a su posici\u00f3n original o tengan tendencia a generar espacios, rotaciones o inclinaciones, por esta raz\u00f3n es fundamental seguir las indicaciones del ortodoncista y acudir a las citas de seguimiento para verificar la estabilidad de los dientes.<\/p>\n<p>La contenci\u00f3n en ortodoncia es un paso esencial para mantener los resultados del tratamiento a largo plazo, a trav\u00e9s de la utilizaci\u00f3n adecuada de los retenedores donde se garantiza en cierta manera que los dientes permanezcan en su nueva posici\u00f3n y mantener una buena higiene oral para asegurar una sonrisa bonita y saludable.<\/p>\n","protected":false},"excerpt":{"rendered":"<p>Dr. Franklin Novoa Flores \u2013 Especialista en Ortodoncia ortopedia &#8211; 72022459 Loa aparatos especiales conocidos como retenedores cumplen una funci\u00f3n de contenci\u00f3n en ortodoncia, es un proceso crucial que se lleva a cabo despu\u00e9s de que un paciente ha finalizado su tratamiento de ortodoncia con brackets o alineadores invisibles. La importancia de la contenci\u00f3n radica [&hellip;]<\/p>\n","protected":false},"author":1,"featured_media":227637,"comment_status":"open","ping_status":"open","sticky":false,"template":"","format":"standard","meta":{"_acf_changed":false,"footnotes":""},"categories":[52],"tags":[],"class_list":["post-227636","post","type-post","status-publish","format-standard","has-post-thumbnail","category-de-salud-mas-vida"],"acf":{"antetitulo":""},"yoast_head":"<!-- This site is optimized with the Yoast SEO plugin v28.3 - https:\/\/yoast.com\/product\/yoast-seo-wordpress\/ -->\n<title>LA CONTENCI\u00d3N EN ORTODONCIA QUE NO PUEDES IGNORAR - El Diario - Bolivia<\/title>\n<meta name=\"robots\" content=\"index, follow, max-snippet:-1, max-image-preview:large, max-video-preview:-1\" \/>\n<link rel=\"canonical\" href=\"https:\/\/www.eldiario.net\/portal\/2024\/06\/16\/la-contencion-en-ortodoncia-que-no-puedes-ignorar\/\" \/>\n<meta property=\"og:locale\" content=\"es_ES\" \/>\n<meta property=\"og:type\" content=\"article\" \/>\n<meta property=\"og:title\" content=\"LA CONTENCI\u00d3N EN ORTODONCIA QUE NO PUEDES IGNORAR - El Diario - Bolivia\" \/>\n<meta property=\"og:description\" content=\"Dr. Franklin Novoa Flores \u2013 Especialista en Ortodoncia ortopedia &#8211; 72022459 Loa aparatos especiales conocidos como retenedores cumplen una funci\u00f3n de contenci\u00f3n en ortodoncia, es un proceso crucial que se lleva a cabo despu\u00e9s de que un paciente ha finalizado su tratamiento de ortodoncia con brackets o alineadores invisibles. La importancia de la contenci\u00f3n radica [&hellip;]\" \/>\n<meta property=\"og:url\" content=\"https:\/\/www.eldiario.net\/portal\/2024\/06\/16\/la-contencion-en-ortodoncia-que-no-puedes-ignorar\/\" \/>\n<meta property=\"og:site_name\" content=\"El Diario - Bolivia\" \/>\n<meta property=\"article:publisher\" content=\"https:\/\/www.facebook.com\/eldiario.bolivia\/\" \/>\n<meta property=\"article:published_time\" content=\"2024-06-16T11:34:58+00:00\" \/>\n<meta property=\"og:image\" content=\"https:\/\/www.eldiario.net\/portal\/wp-content\/uploads\/2024\/06\/LA-CONTENCION-EN-ORTODONCIA-QUE-NO-PUEDES-IGNORAR.jpg\" \/>\n\t<meta property=\"og:image:width\" content=\"1200\" \/>\n\t<meta property=\"og:image:height\" content=\"779\" \/>\n\t<meta property=\"og:image:type\" content=\"image\/jpeg\" \/>\n<meta name=\"author\" content=\"Jeanette\" \/>\n<meta name=\"twitter:card\" content=\"summary_large_image\" \/>\n<meta name=\"twitter:creator\" content=\"@eldiario_net\" \/>\n<meta name=\"twitter:site\" content=\"@eldiario_net\" \/>\n<meta name=\"twitter:label1\" content=\"Escrito por\" \/>\n\t<meta name=\"twitter:data1\" content=\"Jeanette\" \/>\n\t<meta name=\"twitter:label2\" content=\"Tiempo de lectura\" \/>\n\t<meta name=\"twitter:data2\" content=\"2 minutos\" \/>\n<script type=\"application\/ld+json\" class=\"yoast-schema-graph\">{\"@context\":\"https:\\\/\\\/schema.org\",\"@graph\":[{\"@type\":\"Article\",\"@id\":\"https:\\\/\\\/www.eldiario.net\\\/portal\\\/2024\\\/06\\\/16\\\/la-contencion-en-ortodoncia-que-no-puedes-ignorar\\\/#article\",\"isPartOf\":{\"@id\":\"https:\\\/\\\/www.eldiario.net\\\/portal\\\/2024\\\/06\\\/16\\\/la-contencion-en-ortodoncia-que-no-puedes-ignorar\\\/\"},\"author\":{\"name\":\"Jeanette\",\"@id\":\"https:\\\/\\\/www.eldiario.net\\\/portal\\\/#\\\/schema\\\/person\\\/f46445640444750d7d753ccd04ae01b7\"},\"headline\":\"LA CONTENCI\u00d3N EN ORTODONCIA QUE NO PUEDES IGNORAR\",\"datePublished\":\"2024-06-16T11:34:58+00:00\",\"mainEntityOfPage\":{\"@id\":\"https:\\\/\\\/www.eldiario.net\\\/portal\\\/2024\\\/06\\\/16\\\/la-contencion-en-ortodoncia-que-no-puedes-ignorar\\\/\"},\"wordCount\":417,\"commentCount\":0,\"publisher\":{\"@id\":\"https:\\\/\\\/www.eldiario.net\\\/portal\\\/#organization\"},\"image\":{\"@id\":\"https:\\\/\\\/www.eldiario.net\\\/portal\\\/2024\\\/06\\\/16\\\/la-contencion-en-ortodoncia-que-no-puedes-ignorar\\\/#primaryimage\"},\"thumbnailUrl\":\"https:\\\/\\\/www.eldiario.net\\\/portal\\\/wp-content\\\/uploads\\\/2024\\\/06\\\/LA-CONTENCION-EN-ORTODONCIA-QUE-NO-PUEDES-IGNORAR.jpg\",\"articleSection\":[\"De Salud + vida\"],\"inLanguage\":\"es\",\"potentialAction\":[{\"@type\":\"CommentAction\",\"name\":\"Comment\",\"target\":[\"https:\\\/\\\/www.eldiario.net\\\/portal\\\/2024\\\/06\\\/16\\\/la-contencion-en-ortodoncia-que-no-puedes-ignorar\\\/#respond\"]}]},{\"@type\":\"WebPage\",\"@id\":\"https:\\\/\\\/www.eldiario.net\\\/portal\\\/2024\\\/06\\\/16\\\/la-contencion-en-ortodoncia-que-no-puedes-ignorar\\\/\",\"url\":\"https:\\\/\\\/www.eldiario.net\\\/portal\\\/2024\\\/06\\\/16\\\/la-contencion-en-ortodoncia-que-no-puedes-ignorar\\\/\",\"name\":\"LA CONTENCI\u00d3N EN ORTODONCIA QUE NO PUEDES IGNORAR - El Diario - Bolivia\",\"isPartOf\":{\"@id\":\"https:\\\/\\\/www.eldiario.net\\\/portal\\\/#website\"},\"primaryImageOfPage\":{\"@id\":\"https:\\\/\\\/www.eldiario.net\\\/portal\\\/2024\\\/06\\\/16\\\/la-contencion-en-ortodoncia-que-no-puedes-ignorar\\\/#primaryimage\"},\"image\":{\"@id\":\"https:\\\/\\\/www.eldiario.net\\\/portal\\\/2024\\\/06\\\/16\\\/la-contencion-en-ortodoncia-que-no-puedes-ignorar\\\/#primaryimage\"},\"thumbnailUrl\":\"https:\\\/\\\/www.eldiario.net\\\/portal\\\/wp-content\\\/uploads\\\/2024\\\/06\\\/LA-CONTENCION-EN-ORTODONCIA-QUE-NO-PUEDES-IGNORAR.jpg\",\"datePublished\":\"2024-06-16T11:34:58+00:00\",\"breadcrumb\":{\"@id\":\"https:\\\/\\\/www.eldiario.net\\\/portal\\\/2024\\\/06\\\/16\\\/la-contencion-en-ortodoncia-que-no-puedes-ignorar\\\/#breadcrumb\"},\"inLanguage\":\"es\",\"potentialAction\":[{\"@type\":\"ReadAction\",\"target\":[\"https:\\\/\\\/www.eldiario.net\\\/portal\\\/2024\\\/06\\\/16\\\/la-contencion-en-ortodoncia-que-no-puedes-ignorar\\\/\"]}]},{\"@type\":\"ImageObject\",\"inLanguage\":\"es\",\"@id\":\"https:\\\/\\\/www.eldiario.net\\\/portal\\\/2024\\\/06\\\/16\\\/la-contencion-en-ortodoncia-que-no-puedes-ignorar\\\/#primaryimage\",\"url\":\"https:\\\/\\\/www.eldiario.net\\\/portal\\\/wp-content\\\/uploads\\\/2024\\\/06\\\/LA-CONTENCION-EN-ORTODONCIA-QUE-NO-PUEDES-IGNORAR.jpg\",\"contentUrl\":\"https:\\\/\\\/www.eldiario.net\\\/portal\\\/wp-content\\\/uploads\\\/2024\\\/06\\\/LA-CONTENCION-EN-ORTODONCIA-QUE-NO-PUEDES-IGNORAR.jpg\",\"width\":1200,\"height\":779},{\"@type\":\"BreadcrumbList\",\"@id\":\"https:\\\/\\\/www.eldiario.net\\\/portal\\\/2024\\\/06\\\/16\\\/la-contencion-en-ortodoncia-que-no-puedes-ignorar\\\/#breadcrumb\",\"itemListElement\":[{\"@type\":\"ListItem\",\"position\":1,\"name\":\"Portada\",\"item\":\"https:\\\/\\\/www.eldiario.net\\\/portal\\\/\"},{\"@type\":\"ListItem\",\"position\":2,\"name\":\"LA CONTENCI\u00d3N EN ORTODONCIA QUE NO PUEDES IGNORAR\"}]},{\"@type\":\"WebSite\",\"@id\":\"https:\\\/\\\/www.eldiario.net\\\/portal\\\/#website\",\"url\":\"https:\\\/\\\/www.eldiario.net\\\/portal\\\/\",\"name\":\"El Diario - Decano de la prensa nacional\",\"description\":\"El Diario - Decano de la prensa nacional\",\"publisher\":{\"@id\":\"https:\\\/\\\/www.eldiario.net\\\/portal\\\/#organization\"},\"potentialAction\":[{\"@type\":\"SearchAction\",\"target\":{\"@type\":\"EntryPoint\",\"urlTemplate\":\"https:\\\/\\\/www.eldiario.net\\\/portal\\\/?s={search_term_string}\"},\"query-input\":{\"@type\":\"PropertyValueSpecification\",\"valueRequired\":true,\"valueName\":\"search_term_string\"}}],\"inLanguage\":\"es\"},{\"@type\":\"Organization\",\"@id\":\"https:\\\/\\\/www.eldiario.net\\\/portal\\\/#organization\",\"name\":\"El Diario - Decano de la prensa nacional\",\"url\":\"https:\\\/\\\/www.eldiario.net\\\/portal\\\/\",\"logo\":{\"@type\":\"ImageObject\",\"inLanguage\":\"es\",\"@id\":\"https:\\\/\\\/www.eldiario.net\\\/portal\\\/#\\\/schema\\\/logo\\\/image\\\/\",\"url\":\"https:\\\/\\\/www.eldiario.net\\\/portal\\\/wp-content\\\/uploads\\\/2023\\\/07\\\/logo_ED.jpg\",\"contentUrl\":\"https:\\\/\\\/www.eldiario.net\\\/portal\\\/wp-content\\\/uploads\\\/2023\\\/07\\\/logo_ED.jpg\",\"width\":272,\"height\":52,\"caption\":\"El Diario - Decano de la prensa nacional\"},\"image\":{\"@id\":\"https:\\\/\\\/www.eldiario.net\\\/portal\\\/#\\\/schema\\\/logo\\\/image\\\/\"},\"sameAs\":[\"https:\\\/\\\/www.facebook.com\\\/eldiario.bolivia\\\/\",\"https:\\\/\\\/x.com\\\/eldiario_net\"]},{\"@type\":\"Person\",\"@id\":\"https:\\\/\\\/www.eldiario.net\\\/portal\\\/#\\\/schema\\\/person\\\/f46445640444750d7d753ccd04ae01b7\",\"name\":\"Jeanette\",\"image\":{\"@type\":\"ImageObject\",\"inLanguage\":\"es\",\"@id\":\"https:\\\/\\\/secure.gravatar.com\\\/avatar\\\/3ea2118a5f7dad2b7138b1187a6b7ee55f160b9968b66013c3a3ef39dd7e5798?s=96&d=mm&r=g\",\"url\":\"https:\\\/\\\/secure.gravatar.com\\\/avatar\\\/3ea2118a5f7dad2b7138b1187a6b7ee55f160b9968b66013c3a3ef39dd7e5798?s=96&d=mm&r=g\",\"contentUrl\":\"https:\\\/\\\/secure.gravatar.com\\\/avatar\\\/3ea2118a5f7dad2b7138b1187a6b7ee55f160b9968b66013c3a3ef39dd7e5798?s=96&d=mm&r=g\",\"caption\":\"Jeanette\"},\"sameAs\":[\"https:\\\/\\\/www.eldiario.net\\\/portal\"],\"url\":\"https:\\\/\\\/www.eldiario.net\\\/portal\\\/author\\\/jeanette\\\/\"}]}<\/script>\n<!-- \/ Yoast SEO plugin. -->","yoast_head_json":{"title":"LA CONTENCI\u00d3N EN ORTODONCIA QUE NO PUEDES IGNORAR - El Diario - Bolivia","robots":{"index":"index","follow":"follow","max-snippet":"max-snippet:-1","max-image-preview":"max-image-preview:large","max-video-preview":"max-video-preview:-1"},"canonical":"https:\/\/www.eldiario.net\/portal\/2024\/06\/16\/la-contencion-en-ortodoncia-que-no-puedes-ignorar\/","og_locale":"es_ES","og_type":"article","og_title":"LA CONTENCI\u00d3N EN ORTODONCIA QUE NO PUEDES IGNORAR - El Diario - Bolivia","og_description":"Dr. Franklin Novoa Flores \u2013 Especialista en Ortodoncia ortopedia &#8211; 72022459 Loa aparatos especiales conocidos como retenedores cumplen una funci\u00f3n de contenci\u00f3n en ortodoncia, es un proceso crucial que se lleva a cabo despu\u00e9s de que un paciente ha finalizado su tratamiento de ortodoncia con brackets o alineadores invisibles. La importancia de la contenci\u00f3n radica [&hellip;]","og_url":"https:\/\/www.eldiario.net\/portal\/2024\/06\/16\/la-contencion-en-ortodoncia-que-no-puedes-ignorar\/","og_site_name":"El Diario - Bolivia","article_publisher":"https:\/\/www.facebook.com\/eldiario.bolivia\/","article_published_time":"2024-06-16T11:34:58+00:00","og_image":[{"width":1200,"height":779,"url":"https:\/\/www.eldiario.net\/portal\/wp-content\/uploads\/2024\/06\/LA-CONTENCION-EN-ORTODONCIA-QUE-NO-PUEDES-IGNORAR.jpg","type":"image\/jpeg"}],"author":"Jeanette","twitter_card":"summary_large_image","twitter_creator":"@eldiario_net","twitter_site":"@eldiario_net","twitter_misc":{"Escrito por":"Jeanette","Tiempo de lectura":"2 minutos"},"schema":{"@context":"https:\/\/schema.org","@graph":[{"@type":"Article","@id":"https:\/\/www.eldiario.net\/portal\/2024\/06\/16\/la-contencion-en-ortodoncia-que-no-puedes-ignorar\/#article","isPartOf":{"@id":"https:\/\/www.eldiario.net\/portal\/2024\/06\/16\/la-contencion-en-ortodoncia-que-no-puedes-ignorar\/"},"author":{"name":"Jeanette","@id":"https:\/\/www.eldiario.net\/portal\/#\/schema\/person\/f46445640444750d7d753ccd04ae01b7"},"headline":"LA CONTENCI\u00d3N EN ORTODONCIA QUE NO PUEDES IGNORAR","datePublished":"2024-06-16T11:34:58+00:00","mainEntityOfPage":{"@id":"https:\/\/www.eldiario.net\/portal\/2024\/06\/16\/la-contencion-en-ortodoncia-que-no-puedes-ignorar\/"},"wordCount":417,"commentCount":0,"publisher":{"@id":"https:\/\/www.eldiario.net\/portal\/#organization"},"image":{"@id":"https:\/\/www.eldiario.net\/portal\/2024\/06\/16\/la-contencion-en-ortodoncia-que-no-puedes-ignorar\/#primaryimage"},"thumbnailUrl":"https:\/\/www.eldiario.net\/portal\/wp-content\/uploads\/2024\/06\/LA-CONTENCION-EN-ORTODONCIA-QUE-NO-PUEDES-IGNORAR.jpg","articleSection":["De Salud + vida"],"inLanguage":"es","potentialAction":[{"@type":"CommentAction","name":"Comment","target":["https:\/\/www.eldiario.net\/portal\/2024\/06\/16\/la-contencion-en-ortodoncia-que-no-puedes-ignorar\/#respond"]}]},{"@type":"WebPage","@id":"https:\/\/www.eldiario.net\/portal\/2024\/06\/16\/la-contencion-en-ortodoncia-que-no-puedes-ignorar\/","url":"https:\/\/www.eldiario.net\/portal\/2024\/06\/16\/la-contencion-en-ortodoncia-que-no-puedes-ignorar\/","name":"LA CONTENCI\u00d3N EN ORTODONCIA QUE NO PUEDES IGNORAR - El Diario - Bolivia","isPartOf":{"@id":"https:\/\/www.eldiario.net\/portal\/#website"},"primaryImageOfPage":{"@id":"https:\/\/www.eldiario.net\/portal\/2024\/06\/16\/la-contencion-en-ortodoncia-que-no-puedes-ignorar\/#primaryimage"},"image":{"@id":"https:\/\/www.eldiario.net\/portal\/2024\/06\/16\/la-contencion-en-ortodoncia-que-no-puedes-ignorar\/#primaryimage"},"thumbnailUrl":"https:\/\/www.eldiario.net\/portal\/wp-content\/uploads\/2024\/06\/LA-CONTENCION-EN-ORTODONCIA-QUE-NO-PUEDES-IGNORAR.jpg","datePublished":"2024-06-16T11:34:58+00:00","breadcrumb":{"@id":"https:\/\/www.eldiario.net\/portal\/2024\/06\/16\/la-contencion-en-ortodoncia-que-no-puedes-ignorar\/#breadcrumb"},"inLanguage":"es","potentialAction":[{"@type":"ReadAction","target":["https:\/\/www.eldiario.net\/portal\/2024\/06\/16\/la-contencion-en-ortodoncia-que-no-puedes-ignorar\/"]}]},{"@type":"ImageObject","inLanguage":"es","@id":"https:\/\/www.eldiario.net\/portal\/2024\/06\/16\/la-contencion-en-ortodoncia-que-no-puedes-ignorar\/#primaryimage","url":"https:\/\/www.eldiario.net\/portal\/wp-content\/uploads\/2024\/06\/LA-CONTENCION-EN-ORTODONCIA-QUE-NO-PUEDES-IGNORAR.jpg","contentUrl":"https:\/\/www.eldiario.net\/portal\/wp-content\/uploads\/2024\/06\/LA-CONTENCION-EN-ORTODONCIA-QUE-NO-PUEDES-IGNORAR.jpg","width":1200,"height":779},{"@type":"BreadcrumbList","@id":"https:\/\/www.eldiario.net\/portal\/2024\/06\/16\/la-contencion-en-ortodoncia-que-no-puedes-ignorar\/#breadcrumb","itemListElement":[{"@type":"ListItem","position":1,"name":"Portada","item":"https:\/\/www.eldiario.net\/portal\/"},{"@type":"ListItem","position":2,"name":"LA CONTENCI\u00d3N EN ORTODONCIA QUE NO PUEDES IGNORAR"}]},{"@type":"WebSite","@id":"https:\/\/www.eldiario.net\/portal\/#website","url":"https:\/\/www.eldiario.net\/portal\/","name":"El Diario - Decano de la prensa nacional","description":"El Diario - Decano de la prensa nacional","publisher":{"@id":"https:\/\/www.eldiario.net\/portal\/#organization"},"potentialAction":[{"@type":"SearchAction","target":{"@type":"EntryPoint","urlTemplate":"https:\/\/www.eldiario.net\/portal\/?s={search_term_string}"},"query-input":{"@type":"PropertyValueSpecification","valueRequired":true,"valueName":"search_term_string"}}],"inLanguage":"es"},{"@type":"Organization","@id":"https:\/\/www.eldiario.net\/portal\/#organization","name":"El Diario - Decano de la prensa nacional","url":"https:\/\/www.eldiario.net\/portal\/","logo":{"@type":"ImageObject","inLanguage":"es","@id":"https:\/\/www.eldiario.net\/portal\/#\/schema\/logo\/image\/","url":"https:\/\/www.eldiario.net\/portal\/wp-content\/uploads\/2023\/07\/logo_ED.jpg","contentUrl":"https:\/\/www.eldiario.net\/portal\/wp-content\/uploads\/2023\/07\/logo_ED.jpg","width":272,"height":52,"caption":"El Diario - Decano de la prensa nacional"},"image":{"@id":"https:\/\/www.eldiario.net\/portal\/#\/schema\/logo\/image\/"},"sameAs":["https:\/\/www.facebook.com\/eldiario.bolivia\/","https:\/\/x.com\/eldiario_net"]},{"@type":"Person","@id":"https:\/\/www.eldiario.net\/portal\/#\/schema\/person\/f46445640444750d7d753ccd04ae01b7","name":"Jeanette","image":{"@type":"ImageObject","inLanguage":"es","@id":"https:\/\/secure.gravatar.com\/avatar\/3ea2118a5f7dad2b7138b1187a6b7ee55f160b9968b66013c3a3ef39dd7e5798?s=96&d=mm&r=g","url":"https:\/\/secure.gravatar.com\/avatar\/3ea2118a5f7dad2b7138b1187a6b7ee55f160b9968b66013c3a3ef39dd7e5798?s=96&d=mm&r=g","contentUrl":"https:\/\/secure.gravatar.com\/avatar\/3ea2118a5f7dad2b7138b1187a6b7ee55f160b9968b66013c3a3ef39dd7e5798?s=96&d=mm&r=g","caption":"Jeanette"},"sameAs":["https:\/\/www.eldiario.net\/portal"],"url":"https:\/\/www.eldiario.net\/portal\/author\/jeanette\/"}]}},"_links":{"self":[{"href":"https:\/\/www.eldiario.net\/portal\/wp-json\/wp\/v2\/posts\/227636","targetHints":{"allow":["GET"]}}],"collection":[{"href":"https:\/\/www.eldiario.net\/portal\/wp-json\/wp\/v2\/posts"}],"about":[{"href":"https:\/\/www.eldiario.net\/portal\/wp-json\/wp\/v2\/types\/post"}],"author":[{"embeddable":true,"href":"https:\/\/www.eldiario.net\/portal\/wp-json\/wp\/v2\/users\/1"}],"replies":[{"embeddable":true,"href":"https:\/\/www.eldiario.net\/portal\/wp-json\/wp\/v2\/comments?post=227636"}],"version-history":[{"count":1,"href":"https:\/\/www.eldiario.net\/portal\/wp-json\/wp\/v2\/posts\/227636\/revisions"}],"predecessor-version":[{"id":227638,"href":"https:\/\/www.eldiario.net\/portal\/wp-json\/wp\/v2\/posts\/227636\/revisions\/227638"}],"wp:featuredmedia":[{"embeddable":true,"href":"https:\/\/www.eldiario.net\/portal\/wp-json\/wp\/v2\/media\/227637"}],"wp:attachment":[{"href":"https:\/\/www.eldiario.net\/portal\/wp-json\/wp\/v2\/media?parent=227636"}],"wp:term":[{"taxonomy":"category","embeddable":true,"href":"https:\/\/www.eldiario.net\/portal\/wp-json\/wp\/v2\/categories?post=227636"},{"taxonomy":"post_tag","embeddable":true,"href":"https:\/\/www.eldiario.net\/portal\/wp-json\/wp\/v2\/tags?post=227636"}],"curies":[{"name":"wp","href":"https:\/\/api.w.org\/{rel}","templated":true}]}}