{"id":227627,"date":"2024-06-16T07:31:51","date_gmt":"2024-06-16T11:31:51","guid":{"rendered":"https:\/\/www.eldiario.net\/portal\/?p=227627"},"modified":"2024-06-16T07:31:51","modified_gmt":"2024-06-16T11:31:51","slug":"mi-villano-favorito-4-la-sinopsis-fecha-de-estreno-y-produccion","status":"publish","type":"post","link":"https:\/\/www.eldiario.net\/portal\/2024\/06\/16\/mi-villano-favorito-4-la-sinopsis-fecha-de-estreno-y-produccion\/","title":{"rendered":"\u201cMi Villano Favorito 4\u201d, la sinopsis, fecha de estreno y producci\u00f3n"},"content":{"rendered":"<p>La comedia animada Mi villano favorito 4 es producida por Illumination y distribuida por Universal Pictures. Es la secuela de Mi Villano Favorito 3 (2017), la cuarta entrega principal y la sexta entrega de la franquicia. La pel\u00edcula est\u00e1 dirigida por Chris Renaud, codirigida por Patrick Delage (en su debut como director), producida por Chris Meledandri y escrita por Mike White y Ken Daurio. Est\u00e1 protagonizada por las voces de Steve Carell, Kristen Wiig, Miranda Cosgrove, Dana Gaier, Madison Polan, Will Ferrell, Sof\u00eda Vergara, Joey King, Stephen Colbert, Chloe Fineman, Pierre Coffin y Steve Coogan.<br \/>\nLa sinopsis<\/p>\n<p>La trama sigue los pasos de la familia de Gru y los entra\u00f1ables Minions en una nueva aventura. En esta historia, Gru se enfrentar\u00e1 a un nuevo enemigo: Maxime Le Mal y su novia, la mujer fatal Valentina. Debido a que la familia se encuentra en peligro, se ver\u00e1n orillados a huir, para despu\u00e9s encontrar la manera de combatirlos https:\/\/www.mediotiempo.com\/otros-mundos\/cine\/mi-villano-favorito-4-trailer-sinopsis-poster-y-todo-lo-debes-saber-la-nueva-pelicula-de-ilumination<br \/>\nMi villano favorito 4 se estrena en el 20 de junio en los cines de Bolivia.<br \/>\nLa producci\u00f3n<br \/>\nEl desarrollo de Mi villano favorito 4 comenz\u00f3 en septiembre de 2017. La pel\u00edcula se confirm\u00f3 oficialmente en febrero de 2022, con Chris Renaud, Patrick Delage y Mike White como director, codirector y escritor respectivamente, y se confirm\u00f3 una fecha de estreno en julio de 2024. La producci\u00f3n comenz\u00f3 en junio de 2022 y Steve Carell comenz\u00f3 a grabar su voz despu\u00e9s de un \u00abpar de sesiones\u00bb.<\/p>\n","protected":false},"excerpt":{"rendered":"<p>La comedia animada Mi villano favorito 4 es producida por Illumination y distribuida por Universal Pictures. Es la secuela de Mi Villano Favorito 3 (2017), la cuarta entrega principal y la sexta entrega de la franquicia. La pel\u00edcula est\u00e1 dirigida por Chris Renaud, codirigida por Patrick Delage (en su debut como director), producida por Chris [&hellip;]<\/p>\n","protected":false},"author":1,"featured_media":227628,"comment_status":"open","ping_status":"open","sticky":false,"template":"","format":"standard","meta":{"_acf_changed":false,"footnotes":""},"categories":[45],"tags":[],"class_list":["post-227627","post","type-post","status-publish","format-standard","has-post-thumbnail","category-cine-mundo"],"acf":{"antetitulo":""},"yoast_head":"<!-- This site is optimized with the Yoast SEO plugin v28.3 - https:\/\/yoast.com\/product\/yoast-seo-wordpress\/ -->\n<title>\u201cMi Villano Favorito 4\u201d, la sinopsis, fecha de estreno y producci\u00f3n - El Diario - Bolivia<\/title>\n<meta name=\"robots\" content=\"index, follow, max-snippet:-1, max-image-preview:large, max-video-preview:-1\" \/>\n<link rel=\"canonical\" href=\"https:\/\/www.eldiario.net\/portal\/2024\/06\/16\/mi-villano-favorito-4-la-sinopsis-fecha-de-estreno-y-produccion\/\" \/>\n<meta property=\"og:locale\" content=\"es_ES\" \/>\n<meta property=\"og:type\" content=\"article\" \/>\n<meta property=\"og:title\" content=\"\u201cMi Villano Favorito 4\u201d, la sinopsis, fecha de estreno y producci\u00f3n - El Diario - Bolivia\" \/>\n<meta property=\"og:description\" content=\"La comedia animada Mi villano favorito 4 es producida por Illumination y distribuida por Universal Pictures. Es la secuela de Mi Villano Favorito 3 (2017), la cuarta entrega principal y la sexta entrega de la franquicia. La pel\u00edcula est\u00e1 dirigida por Chris Renaud, codirigida por Patrick Delage (en su debut como director), producida por Chris [&hellip;]\" \/>\n<meta property=\"og:url\" content=\"https:\/\/www.eldiario.net\/portal\/2024\/06\/16\/mi-villano-favorito-4-la-sinopsis-fecha-de-estreno-y-produccion\/\" \/>\n<meta property=\"og:site_name\" content=\"El Diario - Bolivia\" \/>\n<meta property=\"article:publisher\" content=\"https:\/\/www.facebook.com\/eldiario.bolivia\/\" \/>\n<meta property=\"article:published_time\" content=\"2024-06-16T11:31:51+00:00\" \/>\n<meta property=\"og:image\" content=\"https:\/\/www.eldiario.net\/portal\/wp-content\/uploads\/2024\/06\/Mi-Villano-Favorito-4-la-sinopsis-fecha-de-estreno-y-produccion.jpg\" \/>\n\t<meta property=\"og:image:width\" content=\"1200\" \/>\n\t<meta property=\"og:image:height\" content=\"650\" \/>\n\t<meta property=\"og:image:type\" content=\"image\/jpeg\" \/>\n<meta name=\"author\" content=\"Jeanette\" \/>\n<meta name=\"twitter:card\" content=\"summary_large_image\" \/>\n<meta name=\"twitter:creator\" content=\"@eldiario_net\" \/>\n<meta name=\"twitter:site\" content=\"@eldiario_net\" \/>\n<meta name=\"twitter:label1\" content=\"Escrito por\" \/>\n\t<meta name=\"twitter:data1\" content=\"Jeanette\" \/>\n\t<meta name=\"twitter:label2\" content=\"Tiempo de lectura\" \/>\n\t<meta name=\"twitter:data2\" content=\"1 minuto\" \/>\n<script type=\"application\/ld+json\" class=\"yoast-schema-graph\">{\"@context\":\"https:\\\/\\\/schema.org\",\"@graph\":[{\"@type\":\"Article\",\"@id\":\"https:\\\/\\\/www.eldiario.net\\\/portal\\\/2024\\\/06\\\/16\\\/mi-villano-favorito-4-la-sinopsis-fecha-de-estreno-y-produccion\\\/#article\",\"isPartOf\":{\"@id\":\"https:\\\/\\\/www.eldiario.net\\\/portal\\\/2024\\\/06\\\/16\\\/mi-villano-favorito-4-la-sinopsis-fecha-de-estreno-y-produccion\\\/\"},\"author\":{\"name\":\"Jeanette\",\"@id\":\"https:\\\/\\\/www.eldiario.net\\\/portal\\\/#\\\/schema\\\/person\\\/f46445640444750d7d753ccd04ae01b7\"},\"headline\":\"\u201cMi Villano Favorito 4\u201d, la sinopsis, fecha de estreno y producci\u00f3n\",\"datePublished\":\"2024-06-16T11:31:51+00:00\",\"mainEntityOfPage\":{\"@id\":\"https:\\\/\\\/www.eldiario.net\\\/portal\\\/2024\\\/06\\\/16\\\/mi-villano-favorito-4-la-sinopsis-fecha-de-estreno-y-produccion\\\/\"},\"wordCount\":259,\"commentCount\":0,\"publisher\":{\"@id\":\"https:\\\/\\\/www.eldiario.net\\\/portal\\\/#organization\"},\"image\":{\"@id\":\"https:\\\/\\\/www.eldiario.net\\\/portal\\\/2024\\\/06\\\/16\\\/mi-villano-favorito-4-la-sinopsis-fecha-de-estreno-y-produccion\\\/#primaryimage\"},\"thumbnailUrl\":\"https:\\\/\\\/www.eldiario.net\\\/portal\\\/wp-content\\\/uploads\\\/2024\\\/06\\\/Mi-Villano-Favorito-4-la-sinopsis-fecha-de-estreno-y-produccion.jpg\",\"articleSection\":[\"Cine Mundo\"],\"inLanguage\":\"es\",\"potentialAction\":[{\"@type\":\"CommentAction\",\"name\":\"Comment\",\"target\":[\"https:\\\/\\\/www.eldiario.net\\\/portal\\\/2024\\\/06\\\/16\\\/mi-villano-favorito-4-la-sinopsis-fecha-de-estreno-y-produccion\\\/#respond\"]}]},{\"@type\":\"WebPage\",\"@id\":\"https:\\\/\\\/www.eldiario.net\\\/portal\\\/2024\\\/06\\\/16\\\/mi-villano-favorito-4-la-sinopsis-fecha-de-estreno-y-produccion\\\/\",\"url\":\"https:\\\/\\\/www.eldiario.net\\\/portal\\\/2024\\\/06\\\/16\\\/mi-villano-favorito-4-la-sinopsis-fecha-de-estreno-y-produccion\\\/\",\"name\":\"\u201cMi Villano Favorito 4\u201d, la sinopsis, fecha de estreno y producci\u00f3n - El Diario - Bolivia\",\"isPartOf\":{\"@id\":\"https:\\\/\\\/www.eldiario.net\\\/portal\\\/#website\"},\"primaryImageOfPage\":{\"@id\":\"https:\\\/\\\/www.eldiario.net\\\/portal\\\/2024\\\/06\\\/16\\\/mi-villano-favorito-4-la-sinopsis-fecha-de-estreno-y-produccion\\\/#primaryimage\"},\"image\":{\"@id\":\"https:\\\/\\\/www.eldiario.net\\\/portal\\\/2024\\\/06\\\/16\\\/mi-villano-favorito-4-la-sinopsis-fecha-de-estreno-y-produccion\\\/#primaryimage\"},\"thumbnailUrl\":\"https:\\\/\\\/www.eldiario.net\\\/portal\\\/wp-content\\\/uploads\\\/2024\\\/06\\\/Mi-Villano-Favorito-4-la-sinopsis-fecha-de-estreno-y-produccion.jpg\",\"datePublished\":\"2024-06-16T11:31:51+00:00\",\"breadcrumb\":{\"@id\":\"https:\\\/\\\/www.eldiario.net\\\/portal\\\/2024\\\/06\\\/16\\\/mi-villano-favorito-4-la-sinopsis-fecha-de-estreno-y-produccion\\\/#breadcrumb\"},\"inLanguage\":\"es\",\"potentialAction\":[{\"@type\":\"ReadAction\",\"target\":[\"https:\\\/\\\/www.eldiario.net\\\/portal\\\/2024\\\/06\\\/16\\\/mi-villano-favorito-4-la-sinopsis-fecha-de-estreno-y-produccion\\\/\"]}]},{\"@type\":\"ImageObject\",\"inLanguage\":\"es\",\"@id\":\"https:\\\/\\\/www.eldiario.net\\\/portal\\\/2024\\\/06\\\/16\\\/mi-villano-favorito-4-la-sinopsis-fecha-de-estreno-y-produccion\\\/#primaryimage\",\"url\":\"https:\\\/\\\/www.eldiario.net\\\/portal\\\/wp-content\\\/uploads\\\/2024\\\/06\\\/Mi-Villano-Favorito-4-la-sinopsis-fecha-de-estreno-y-produccion.jpg\",\"contentUrl\":\"https:\\\/\\\/www.eldiario.net\\\/portal\\\/wp-content\\\/uploads\\\/2024\\\/06\\\/Mi-Villano-Favorito-4-la-sinopsis-fecha-de-estreno-y-produccion.jpg\",\"width\":1200,\"height\":650},{\"@type\":\"BreadcrumbList\",\"@id\":\"https:\\\/\\\/www.eldiario.net\\\/portal\\\/2024\\\/06\\\/16\\\/mi-villano-favorito-4-la-sinopsis-fecha-de-estreno-y-produccion\\\/#breadcrumb\",\"itemListElement\":[{\"@type\":\"ListItem\",\"position\":1,\"name\":\"Portada\",\"item\":\"https:\\\/\\\/www.eldiario.net\\\/portal\\\/\"},{\"@type\":\"ListItem\",\"position\":2,\"name\":\"\u201cMi Villano Favorito 4\u201d, la sinopsis, fecha de estreno y producci\u00f3n\"}]},{\"@type\":\"WebSite\",\"@id\":\"https:\\\/\\\/www.eldiario.net\\\/portal\\\/#website\",\"url\":\"https:\\\/\\\/www.eldiario.net\\\/portal\\\/\",\"name\":\"El Diario - Decano de la prensa nacional\",\"description\":\"El Diario - Decano de la prensa nacional\",\"publisher\":{\"@id\":\"https:\\\/\\\/www.eldiario.net\\\/portal\\\/#organization\"},\"potentialAction\":[{\"@type\":\"SearchAction\",\"target\":{\"@type\":\"EntryPoint\",\"urlTemplate\":\"https:\\\/\\\/www.eldiario.net\\\/portal\\\/?s={search_term_string}\"},\"query-input\":{\"@type\":\"PropertyValueSpecification\",\"valueRequired\":true,\"valueName\":\"search_term_string\"}}],\"inLanguage\":\"es\"},{\"@type\":\"Organization\",\"@id\":\"https:\\\/\\\/www.eldiario.net\\\/portal\\\/#organization\",\"name\":\"El Diario - Decano de la prensa nacional\",\"url\":\"https:\\\/\\\/www.eldiario.net\\\/portal\\\/\",\"logo\":{\"@type\":\"ImageObject\",\"inLanguage\":\"es\",\"@id\":\"https:\\\/\\\/www.eldiario.net\\\/portal\\\/#\\\/schema\\\/logo\\\/image\\\/\",\"url\":\"https:\\\/\\\/www.eldiario.net\\\/portal\\\/wp-content\\\/uploads\\\/2023\\\/07\\\/logo_ED.jpg\",\"contentUrl\":\"https:\\\/\\\/www.eldiario.net\\\/portal\\\/wp-content\\\/uploads\\\/2023\\\/07\\\/logo_ED.jpg\",\"width\":272,\"height\":52,\"caption\":\"El Diario - Decano de la prensa nacional\"},\"image\":{\"@id\":\"https:\\\/\\\/www.eldiario.net\\\/portal\\\/#\\\/schema\\\/logo\\\/image\\\/\"},\"sameAs\":[\"https:\\\/\\\/www.facebook.com\\\/eldiario.bolivia\\\/\",\"https:\\\/\\\/x.com\\\/eldiario_net\"]},{\"@type\":\"Person\",\"@id\":\"https:\\\/\\\/www.eldiario.net\\\/portal\\\/#\\\/schema\\\/person\\\/f46445640444750d7d753ccd04ae01b7\",\"name\":\"Jeanette\",\"image\":{\"@type\":\"ImageObject\",\"inLanguage\":\"es\",\"@id\":\"https:\\\/\\\/secure.gravatar.com\\\/avatar\\\/3ea2118a5f7dad2b7138b1187a6b7ee55f160b9968b66013c3a3ef39dd7e5798?s=96&d=mm&r=g\",\"url\":\"https:\\\/\\\/secure.gravatar.com\\\/avatar\\\/3ea2118a5f7dad2b7138b1187a6b7ee55f160b9968b66013c3a3ef39dd7e5798?s=96&d=mm&r=g\",\"contentUrl\":\"https:\\\/\\\/secure.gravatar.com\\\/avatar\\\/3ea2118a5f7dad2b7138b1187a6b7ee55f160b9968b66013c3a3ef39dd7e5798?s=96&d=mm&r=g\",\"caption\":\"Jeanette\"},\"sameAs\":[\"https:\\\/\\\/www.eldiario.net\\\/portal\"],\"url\":\"https:\\\/\\\/www.eldiario.net\\\/portal\\\/author\\\/jeanette\\\/\"}]}<\/script>\n<!-- \/ Yoast SEO plugin. -->","yoast_head_json":{"title":"\u201cMi Villano Favorito 4\u201d, la sinopsis, fecha de estreno y producci\u00f3n - El Diario - Bolivia","robots":{"index":"index","follow":"follow","max-snippet":"max-snippet:-1","max-image-preview":"max-image-preview:large","max-video-preview":"max-video-preview:-1"},"canonical":"https:\/\/www.eldiario.net\/portal\/2024\/06\/16\/mi-villano-favorito-4-la-sinopsis-fecha-de-estreno-y-produccion\/","og_locale":"es_ES","og_type":"article","og_title":"\u201cMi Villano Favorito 4\u201d, la sinopsis, fecha de estreno y producci\u00f3n - El Diario - Bolivia","og_description":"La comedia animada Mi villano favorito 4 es producida por Illumination y distribuida por Universal Pictures. Es la secuela de Mi Villano Favorito 3 (2017), la cuarta entrega principal y la sexta entrega de la franquicia. La pel\u00edcula est\u00e1 dirigida por Chris Renaud, codirigida por Patrick Delage (en su debut como director), producida por Chris [&hellip;]","og_url":"https:\/\/www.eldiario.net\/portal\/2024\/06\/16\/mi-villano-favorito-4-la-sinopsis-fecha-de-estreno-y-produccion\/","og_site_name":"El Diario - Bolivia","article_publisher":"https:\/\/www.facebook.com\/eldiario.bolivia\/","article_published_time":"2024-06-16T11:31:51+00:00","og_image":[{"width":1200,"height":650,"url":"https:\/\/www.eldiario.net\/portal\/wp-content\/uploads\/2024\/06\/Mi-Villano-Favorito-4-la-sinopsis-fecha-de-estreno-y-produccion.jpg","type":"image\/jpeg"}],"author":"Jeanette","twitter_card":"summary_large_image","twitter_creator":"@eldiario_net","twitter_site":"@eldiario_net","twitter_misc":{"Escrito por":"Jeanette","Tiempo de lectura":"1 minuto"},"schema":{"@context":"https:\/\/schema.org","@graph":[{"@type":"Article","@id":"https:\/\/www.eldiario.net\/portal\/2024\/06\/16\/mi-villano-favorito-4-la-sinopsis-fecha-de-estreno-y-produccion\/#article","isPartOf":{"@id":"https:\/\/www.eldiario.net\/portal\/2024\/06\/16\/mi-villano-favorito-4-la-sinopsis-fecha-de-estreno-y-produccion\/"},"author":{"name":"Jeanette","@id":"https:\/\/www.eldiario.net\/portal\/#\/schema\/person\/f46445640444750d7d753ccd04ae01b7"},"headline":"\u201cMi Villano Favorito 4\u201d, la sinopsis, fecha de estreno y producci\u00f3n","datePublished":"2024-06-16T11:31:51+00:00","mainEntityOfPage":{"@id":"https:\/\/www.eldiario.net\/portal\/2024\/06\/16\/mi-villano-favorito-4-la-sinopsis-fecha-de-estreno-y-produccion\/"},"wordCount":259,"commentCount":0,"publisher":{"@id":"https:\/\/www.eldiario.net\/portal\/#organization"},"image":{"@id":"https:\/\/www.eldiario.net\/portal\/2024\/06\/16\/mi-villano-favorito-4-la-sinopsis-fecha-de-estreno-y-produccion\/#primaryimage"},"thumbnailUrl":"https:\/\/www.eldiario.net\/portal\/wp-content\/uploads\/2024\/06\/Mi-Villano-Favorito-4-la-sinopsis-fecha-de-estreno-y-produccion.jpg","articleSection":["Cine Mundo"],"inLanguage":"es","potentialAction":[{"@type":"CommentAction","name":"Comment","target":["https:\/\/www.eldiario.net\/portal\/2024\/06\/16\/mi-villano-favorito-4-la-sinopsis-fecha-de-estreno-y-produccion\/#respond"]}]},{"@type":"WebPage","@id":"https:\/\/www.eldiario.net\/portal\/2024\/06\/16\/mi-villano-favorito-4-la-sinopsis-fecha-de-estreno-y-produccion\/","url":"https:\/\/www.eldiario.net\/portal\/2024\/06\/16\/mi-villano-favorito-4-la-sinopsis-fecha-de-estreno-y-produccion\/","name":"\u201cMi Villano Favorito 4\u201d, la sinopsis, fecha de estreno y producci\u00f3n - El Diario - Bolivia","isPartOf":{"@id":"https:\/\/www.eldiario.net\/portal\/#website"},"primaryImageOfPage":{"@id":"https:\/\/www.eldiario.net\/portal\/2024\/06\/16\/mi-villano-favorito-4-la-sinopsis-fecha-de-estreno-y-produccion\/#primaryimage"},"image":{"@id":"https:\/\/www.eldiario.net\/portal\/2024\/06\/16\/mi-villano-favorito-4-la-sinopsis-fecha-de-estreno-y-produccion\/#primaryimage"},"thumbnailUrl":"https:\/\/www.eldiario.net\/portal\/wp-content\/uploads\/2024\/06\/Mi-Villano-Favorito-4-la-sinopsis-fecha-de-estreno-y-produccion.jpg","datePublished":"2024-06-16T11:31:51+00:00","breadcrumb":{"@id":"https:\/\/www.eldiario.net\/portal\/2024\/06\/16\/mi-villano-favorito-4-la-sinopsis-fecha-de-estreno-y-produccion\/#breadcrumb"},"inLanguage":"es","potentialAction":[{"@type":"ReadAction","target":["https:\/\/www.eldiario.net\/portal\/2024\/06\/16\/mi-villano-favorito-4-la-sinopsis-fecha-de-estreno-y-produccion\/"]}]},{"@type":"ImageObject","inLanguage":"es","@id":"https:\/\/www.eldiario.net\/portal\/2024\/06\/16\/mi-villano-favorito-4-la-sinopsis-fecha-de-estreno-y-produccion\/#primaryimage","url":"https:\/\/www.eldiario.net\/portal\/wp-content\/uploads\/2024\/06\/Mi-Villano-Favorito-4-la-sinopsis-fecha-de-estreno-y-produccion.jpg","contentUrl":"https:\/\/www.eldiario.net\/portal\/wp-content\/uploads\/2024\/06\/Mi-Villano-Favorito-4-la-sinopsis-fecha-de-estreno-y-produccion.jpg","width":1200,"height":650},{"@type":"BreadcrumbList","@id":"https:\/\/www.eldiario.net\/portal\/2024\/06\/16\/mi-villano-favorito-4-la-sinopsis-fecha-de-estreno-y-produccion\/#breadcrumb","itemListElement":[{"@type":"ListItem","position":1,"name":"Portada","item":"https:\/\/www.eldiario.net\/portal\/"},{"@type":"ListItem","position":2,"name":"\u201cMi Villano Favorito 4\u201d, la sinopsis, fecha de estreno y producci\u00f3n"}]},{"@type":"WebSite","@id":"https:\/\/www.eldiario.net\/portal\/#website","url":"https:\/\/www.eldiario.net\/portal\/","name":"El Diario - Decano de la prensa nacional","description":"El Diario - Decano de la prensa nacional","publisher":{"@id":"https:\/\/www.eldiario.net\/portal\/#organization"},"potentialAction":[{"@type":"SearchAction","target":{"@type":"EntryPoint","urlTemplate":"https:\/\/www.eldiario.net\/portal\/?s={search_term_string}"},"query-input":{"@type":"PropertyValueSpecification","valueRequired":true,"valueName":"search_term_string"}}],"inLanguage":"es"},{"@type":"Organization","@id":"https:\/\/www.eldiario.net\/portal\/#organization","name":"El Diario - Decano de la prensa nacional","url":"https:\/\/www.eldiario.net\/portal\/","logo":{"@type":"ImageObject","inLanguage":"es","@id":"https:\/\/www.eldiario.net\/portal\/#\/schema\/logo\/image\/","url":"https:\/\/www.eldiario.net\/portal\/wp-content\/uploads\/2023\/07\/logo_ED.jpg","contentUrl":"https:\/\/www.eldiario.net\/portal\/wp-content\/uploads\/2023\/07\/logo_ED.jpg","width":272,"height":52,"caption":"El Diario - Decano de la prensa nacional"},"image":{"@id":"https:\/\/www.eldiario.net\/portal\/#\/schema\/logo\/image\/"},"sameAs":["https:\/\/www.facebook.com\/eldiario.bolivia\/","https:\/\/x.com\/eldiario_net"]},{"@type":"Person","@id":"https:\/\/www.eldiario.net\/portal\/#\/schema\/person\/f46445640444750d7d753ccd04ae01b7","name":"Jeanette","image":{"@type":"ImageObject","inLanguage":"es","@id":"https:\/\/secure.gravatar.com\/avatar\/3ea2118a5f7dad2b7138b1187a6b7ee55f160b9968b66013c3a3ef39dd7e5798?s=96&d=mm&r=g","url":"https:\/\/secure.gravatar.com\/avatar\/3ea2118a5f7dad2b7138b1187a6b7ee55f160b9968b66013c3a3ef39dd7e5798?s=96&d=mm&r=g","contentUrl":"https:\/\/secure.gravatar.com\/avatar\/3ea2118a5f7dad2b7138b1187a6b7ee55f160b9968b66013c3a3ef39dd7e5798?s=96&d=mm&r=g","caption":"Jeanette"},"sameAs":["https:\/\/www.eldiario.net\/portal"],"url":"https:\/\/www.eldiario.net\/portal\/author\/jeanette\/"}]}},"_links":{"self":[{"href":"https:\/\/www.eldiario.net\/portal\/wp-json\/wp\/v2\/posts\/227627","targetHints":{"allow":["GET"]}}],"collection":[{"href":"https:\/\/www.eldiario.net\/portal\/wp-json\/wp\/v2\/posts"}],"about":[{"href":"https:\/\/www.eldiario.net\/portal\/wp-json\/wp\/v2\/types\/post"}],"author":[{"embeddable":true,"href":"https:\/\/www.eldiario.net\/portal\/wp-json\/wp\/v2\/users\/1"}],"replies":[{"embeddable":true,"href":"https:\/\/www.eldiario.net\/portal\/wp-json\/wp\/v2\/comments?post=227627"}],"version-history":[{"count":1,"href":"https:\/\/www.eldiario.net\/portal\/wp-json\/wp\/v2\/posts\/227627\/revisions"}],"predecessor-version":[{"id":227629,"href":"https:\/\/www.eldiario.net\/portal\/wp-json\/wp\/v2\/posts\/227627\/revisions\/227629"}],"wp:featuredmedia":[{"embeddable":true,"href":"https:\/\/www.eldiario.net\/portal\/wp-json\/wp\/v2\/media\/227628"}],"wp:attachment":[{"href":"https:\/\/www.eldiario.net\/portal\/wp-json\/wp\/v2\/media?parent=227627"}],"wp:term":[{"taxonomy":"category","embeddable":true,"href":"https:\/\/www.eldiario.net\/portal\/wp-json\/wp\/v2\/categories?post=227627"},{"taxonomy":"post_tag","embeddable":true,"href":"https:\/\/www.eldiario.net\/portal\/wp-json\/wp\/v2\/tags?post=227627"}],"curies":[{"name":"wp","href":"https:\/\/api.w.org\/{rel}","templated":true}]}}