{"id":227624,"date":"2024-06-16T07:31:26","date_gmt":"2024-06-16T11:31:26","guid":{"rendered":"https:\/\/www.eldiario.net\/portal\/?p=227624"},"modified":"2024-06-16T07:31:26","modified_gmt":"2024-06-16T11:31:26","slug":"monkey-man-el-despertar-de-la-bestia-llega-a-los-cines-de-bolivia","status":"publish","type":"post","link":"https:\/\/www.eldiario.net\/portal\/2024\/06\/16\/monkey-man-el-despertar-de-la-bestia-llega-a-los-cines-de-bolivia\/","title":{"rendered":"\u201cMonkey Man: el despertar de la bestia\u201d llega a los cines de Bolivia"},"content":{"rendered":"<p>La cinta se estrena el 20 de junio en los cines de Bolivia<br \/>\nMonkey Man: El Despertar de la Bestia sigue a un ex convicto reci\u00e9n liberado en la India. Se trata de un joven que debe enfrentar el desaf\u00edo de integrarse en una sociedad dominada por la codicia corporativa y donde los valores espirituales est\u00e1n en decadencia. Se trata de una cinta de acci\u00f3n con una premisa arraigada al concepto de venganza.<br \/>\nEsta pel\u00edcula es la \u00f3pera prima del actor Dev Patel (Un camino a casa, El hombre que conoc\u00eda el infinito), quien previamente form\u00f3 parte de incre\u00edbles proyectos que recibieron numerosas nominaciones en los Globos de Oro y en los Oscar. En esta ocasi\u00f3n, el joven se anim\u00f3 a dar el gran salto, ya que no solo continu\u00f3 delante de la c\u00e1mara para protagonizar esta historia, sino que tambi\u00e9n decidi\u00f3 dirigir esta cinta. Algunas de las decisiones interesantes de Dev Patel como director fue realizar varias tomas con distintos dispositivos modernos, por ejemplo, Go Pros y Iphones.<br \/>\nLa cinta cuenta con una gran cantidad de escenas de acci\u00f3n, muchas de ellas con coreograf\u00eda de artes marciales. Para llevar adelante este proyecto Dev Patel contaba con el conocimiento previo, ya que realiza tae kwon do desde muy peque\u00f1o. Aun as\u00ed, con todo ese entrenamiento anterior, el int\u00e9rprete sufri\u00f3 varias lesiones durante el rodaje, que incluyeron una mano fracturada, dos dedos del pie lesionados, un hombro desgarrado y una infecci\u00f3n en el ojo.<br \/>\nMonkey Man: El Despertar de la Bestia cuenta con un incre\u00edble elenco, entre ellos, Sobhita Dhuliwala, Brahim Achabbakhe, Pitobash, Sikander Kher y Sharlto Copley. (Diamond Films)<\/p>\n","protected":false},"excerpt":{"rendered":"<p>La cinta se estrena el 20 de junio en los cines de Bolivia Monkey Man: El Despertar de la Bestia sigue a un ex convicto reci\u00e9n liberado en la India. Se trata de un joven que debe enfrentar el desaf\u00edo de integrarse en una sociedad dominada por la codicia corporativa y donde los valores espirituales [&hellip;]<\/p>\n","protected":false},"author":1,"featured_media":227625,"comment_status":"open","ping_status":"open","sticky":false,"template":"","format":"standard","meta":{"_acf_changed":false,"footnotes":""},"categories":[45],"tags":[],"class_list":["post-227624","post","type-post","status-publish","format-standard","has-post-thumbnail","category-cine-mundo"],"acf":{"antetitulo":"PR\u00d3XIMO ESTRENO"},"yoast_head":"<!-- This site is optimized with the Yoast SEO plugin v28.3 - https:\/\/yoast.com\/product\/yoast-seo-wordpress\/ -->\n<title>\u201cMonkey Man: el despertar de la bestia\u201d llega a los cines de Bolivia - El Diario - Bolivia<\/title>\n<meta name=\"robots\" content=\"index, follow, max-snippet:-1, max-image-preview:large, max-video-preview:-1\" \/>\n<link rel=\"canonical\" href=\"https:\/\/www.eldiario.net\/portal\/2024\/06\/16\/monkey-man-el-despertar-de-la-bestia-llega-a-los-cines-de-bolivia\/\" \/>\n<meta property=\"og:locale\" content=\"es_ES\" \/>\n<meta property=\"og:type\" content=\"article\" \/>\n<meta property=\"og:title\" content=\"\u201cMonkey Man: el despertar de la bestia\u201d llega a los cines de Bolivia - El Diario - Bolivia\" \/>\n<meta property=\"og:description\" content=\"La cinta se estrena el 20 de junio en los cines de Bolivia Monkey Man: El Despertar de la Bestia sigue a un ex convicto reci\u00e9n liberado en la India. Se trata de un joven que debe enfrentar el desaf\u00edo de integrarse en una sociedad dominada por la codicia corporativa y donde los valores espirituales [&hellip;]\" \/>\n<meta property=\"og:url\" content=\"https:\/\/www.eldiario.net\/portal\/2024\/06\/16\/monkey-man-el-despertar-de-la-bestia-llega-a-los-cines-de-bolivia\/\" \/>\n<meta property=\"og:site_name\" content=\"El Diario - Bolivia\" \/>\n<meta property=\"article:publisher\" content=\"https:\/\/www.facebook.com\/eldiario.bolivia\/\" \/>\n<meta property=\"article:published_time\" content=\"2024-06-16T11:31:26+00:00\" \/>\n<meta property=\"og:image\" content=\"https:\/\/www.eldiario.net\/portal\/wp-content\/uploads\/2024\/06\/Monkey-Man-el-despertar-de-la-bestia-llega-a-los-cines-de-Bolivia.jpg\" \/>\n\t<meta property=\"og:image:width\" content=\"1200\" \/>\n\t<meta property=\"og:image:height\" content=\"600\" \/>\n\t<meta property=\"og:image:type\" content=\"image\/jpeg\" \/>\n<meta name=\"author\" content=\"Jeanette\" \/>\n<meta name=\"twitter:card\" content=\"summary_large_image\" \/>\n<meta name=\"twitter:creator\" content=\"@eldiario_net\" \/>\n<meta name=\"twitter:site\" content=\"@eldiario_net\" \/>\n<meta name=\"twitter:label1\" content=\"Escrito por\" \/>\n\t<meta name=\"twitter:data1\" content=\"Jeanette\" \/>\n\t<meta name=\"twitter:label2\" content=\"Tiempo de lectura\" \/>\n\t<meta name=\"twitter:data2\" content=\"1 minuto\" \/>\n<script type=\"application\/ld+json\" class=\"yoast-schema-graph\">{\"@context\":\"https:\\\/\\\/schema.org\",\"@graph\":[{\"@type\":\"Article\",\"@id\":\"https:\\\/\\\/www.eldiario.net\\\/portal\\\/2024\\\/06\\\/16\\\/monkey-man-el-despertar-de-la-bestia-llega-a-los-cines-de-bolivia\\\/#article\",\"isPartOf\":{\"@id\":\"https:\\\/\\\/www.eldiario.net\\\/portal\\\/2024\\\/06\\\/16\\\/monkey-man-el-despertar-de-la-bestia-llega-a-los-cines-de-bolivia\\\/\"},\"author\":{\"name\":\"Jeanette\",\"@id\":\"https:\\\/\\\/www.eldiario.net\\\/portal\\\/#\\\/schema\\\/person\\\/f46445640444750d7d753ccd04ae01b7\"},\"headline\":\"\u201cMonkey Man: el despertar de la bestia\u201d llega a los cines de Bolivia\",\"datePublished\":\"2024-06-16T11:31:26+00:00\",\"mainEntityOfPage\":{\"@id\":\"https:\\\/\\\/www.eldiario.net\\\/portal\\\/2024\\\/06\\\/16\\\/monkey-man-el-despertar-de-la-bestia-llega-a-los-cines-de-bolivia\\\/\"},\"wordCount\":297,\"commentCount\":0,\"publisher\":{\"@id\":\"https:\\\/\\\/www.eldiario.net\\\/portal\\\/#organization\"},\"image\":{\"@id\":\"https:\\\/\\\/www.eldiario.net\\\/portal\\\/2024\\\/06\\\/16\\\/monkey-man-el-despertar-de-la-bestia-llega-a-los-cines-de-bolivia\\\/#primaryimage\"},\"thumbnailUrl\":\"https:\\\/\\\/www.eldiario.net\\\/portal\\\/wp-content\\\/uploads\\\/2024\\\/06\\\/Monkey-Man-el-despertar-de-la-bestia-llega-a-los-cines-de-Bolivia.jpg\",\"articleSection\":[\"Cine Mundo\"],\"inLanguage\":\"es\",\"potentialAction\":[{\"@type\":\"CommentAction\",\"name\":\"Comment\",\"target\":[\"https:\\\/\\\/www.eldiario.net\\\/portal\\\/2024\\\/06\\\/16\\\/monkey-man-el-despertar-de-la-bestia-llega-a-los-cines-de-bolivia\\\/#respond\"]}]},{\"@type\":\"WebPage\",\"@id\":\"https:\\\/\\\/www.eldiario.net\\\/portal\\\/2024\\\/06\\\/16\\\/monkey-man-el-despertar-de-la-bestia-llega-a-los-cines-de-bolivia\\\/\",\"url\":\"https:\\\/\\\/www.eldiario.net\\\/portal\\\/2024\\\/06\\\/16\\\/monkey-man-el-despertar-de-la-bestia-llega-a-los-cines-de-bolivia\\\/\",\"name\":\"\u201cMonkey Man: el despertar de la bestia\u201d llega a los cines de Bolivia - El Diario - Bolivia\",\"isPartOf\":{\"@id\":\"https:\\\/\\\/www.eldiario.net\\\/portal\\\/#website\"},\"primaryImageOfPage\":{\"@id\":\"https:\\\/\\\/www.eldiario.net\\\/portal\\\/2024\\\/06\\\/16\\\/monkey-man-el-despertar-de-la-bestia-llega-a-los-cines-de-bolivia\\\/#primaryimage\"},\"image\":{\"@id\":\"https:\\\/\\\/www.eldiario.net\\\/portal\\\/2024\\\/06\\\/16\\\/monkey-man-el-despertar-de-la-bestia-llega-a-los-cines-de-bolivia\\\/#primaryimage\"},\"thumbnailUrl\":\"https:\\\/\\\/www.eldiario.net\\\/portal\\\/wp-content\\\/uploads\\\/2024\\\/06\\\/Monkey-Man-el-despertar-de-la-bestia-llega-a-los-cines-de-Bolivia.jpg\",\"datePublished\":\"2024-06-16T11:31:26+00:00\",\"breadcrumb\":{\"@id\":\"https:\\\/\\\/www.eldiario.net\\\/portal\\\/2024\\\/06\\\/16\\\/monkey-man-el-despertar-de-la-bestia-llega-a-los-cines-de-bolivia\\\/#breadcrumb\"},\"inLanguage\":\"es\",\"potentialAction\":[{\"@type\":\"ReadAction\",\"target\":[\"https:\\\/\\\/www.eldiario.net\\\/portal\\\/2024\\\/06\\\/16\\\/monkey-man-el-despertar-de-la-bestia-llega-a-los-cines-de-bolivia\\\/\"]}]},{\"@type\":\"ImageObject\",\"inLanguage\":\"es\",\"@id\":\"https:\\\/\\\/www.eldiario.net\\\/portal\\\/2024\\\/06\\\/16\\\/monkey-man-el-despertar-de-la-bestia-llega-a-los-cines-de-bolivia\\\/#primaryimage\",\"url\":\"https:\\\/\\\/www.eldiario.net\\\/portal\\\/wp-content\\\/uploads\\\/2024\\\/06\\\/Monkey-Man-el-despertar-de-la-bestia-llega-a-los-cines-de-Bolivia.jpg\",\"contentUrl\":\"https:\\\/\\\/www.eldiario.net\\\/portal\\\/wp-content\\\/uploads\\\/2024\\\/06\\\/Monkey-Man-el-despertar-de-la-bestia-llega-a-los-cines-de-Bolivia.jpg\",\"width\":1200,\"height\":600},{\"@type\":\"BreadcrumbList\",\"@id\":\"https:\\\/\\\/www.eldiario.net\\\/portal\\\/2024\\\/06\\\/16\\\/monkey-man-el-despertar-de-la-bestia-llega-a-los-cines-de-bolivia\\\/#breadcrumb\",\"itemListElement\":[{\"@type\":\"ListItem\",\"position\":1,\"name\":\"Portada\",\"item\":\"https:\\\/\\\/www.eldiario.net\\\/portal\\\/\"},{\"@type\":\"ListItem\",\"position\":2,\"name\":\"\u201cMonkey Man: el despertar de la bestia\u201d llega a los cines de Bolivia\"}]},{\"@type\":\"WebSite\",\"@id\":\"https:\\\/\\\/www.eldiario.net\\\/portal\\\/#website\",\"url\":\"https:\\\/\\\/www.eldiario.net\\\/portal\\\/\",\"name\":\"El Diario - Decano de la prensa nacional\",\"description\":\"El Diario - Decano de la prensa nacional\",\"publisher\":{\"@id\":\"https:\\\/\\\/www.eldiario.net\\\/portal\\\/#organization\"},\"potentialAction\":[{\"@type\":\"SearchAction\",\"target\":{\"@type\":\"EntryPoint\",\"urlTemplate\":\"https:\\\/\\\/www.eldiario.net\\\/portal\\\/?s={search_term_string}\"},\"query-input\":{\"@type\":\"PropertyValueSpecification\",\"valueRequired\":true,\"valueName\":\"search_term_string\"}}],\"inLanguage\":\"es\"},{\"@type\":\"Organization\",\"@id\":\"https:\\\/\\\/www.eldiario.net\\\/portal\\\/#organization\",\"name\":\"El Diario - Decano de la prensa nacional\",\"url\":\"https:\\\/\\\/www.eldiario.net\\\/portal\\\/\",\"logo\":{\"@type\":\"ImageObject\",\"inLanguage\":\"es\",\"@id\":\"https:\\\/\\\/www.eldiario.net\\\/portal\\\/#\\\/schema\\\/logo\\\/image\\\/\",\"url\":\"https:\\\/\\\/www.eldiario.net\\\/portal\\\/wp-content\\\/uploads\\\/2023\\\/07\\\/logo_ED.jpg\",\"contentUrl\":\"https:\\\/\\\/www.eldiario.net\\\/portal\\\/wp-content\\\/uploads\\\/2023\\\/07\\\/logo_ED.jpg\",\"width\":272,\"height\":52,\"caption\":\"El Diario - Decano de la prensa nacional\"},\"image\":{\"@id\":\"https:\\\/\\\/www.eldiario.net\\\/portal\\\/#\\\/schema\\\/logo\\\/image\\\/\"},\"sameAs\":[\"https:\\\/\\\/www.facebook.com\\\/eldiario.bolivia\\\/\",\"https:\\\/\\\/x.com\\\/eldiario_net\"]},{\"@type\":\"Person\",\"@id\":\"https:\\\/\\\/www.eldiario.net\\\/portal\\\/#\\\/schema\\\/person\\\/f46445640444750d7d753ccd04ae01b7\",\"name\":\"Jeanette\",\"image\":{\"@type\":\"ImageObject\",\"inLanguage\":\"es\",\"@id\":\"https:\\\/\\\/secure.gravatar.com\\\/avatar\\\/3ea2118a5f7dad2b7138b1187a6b7ee55f160b9968b66013c3a3ef39dd7e5798?s=96&d=mm&r=g\",\"url\":\"https:\\\/\\\/secure.gravatar.com\\\/avatar\\\/3ea2118a5f7dad2b7138b1187a6b7ee55f160b9968b66013c3a3ef39dd7e5798?s=96&d=mm&r=g\",\"contentUrl\":\"https:\\\/\\\/secure.gravatar.com\\\/avatar\\\/3ea2118a5f7dad2b7138b1187a6b7ee55f160b9968b66013c3a3ef39dd7e5798?s=96&d=mm&r=g\",\"caption\":\"Jeanette\"},\"sameAs\":[\"https:\\\/\\\/www.eldiario.net\\\/portal\"],\"url\":\"https:\\\/\\\/www.eldiario.net\\\/portal\\\/author\\\/jeanette\\\/\"}]}<\/script>\n<!-- \/ Yoast SEO plugin. -->","yoast_head_json":{"title":"\u201cMonkey Man: el despertar de la bestia\u201d llega a los cines de Bolivia - El Diario - Bolivia","robots":{"index":"index","follow":"follow","max-snippet":"max-snippet:-1","max-image-preview":"max-image-preview:large","max-video-preview":"max-video-preview:-1"},"canonical":"https:\/\/www.eldiario.net\/portal\/2024\/06\/16\/monkey-man-el-despertar-de-la-bestia-llega-a-los-cines-de-bolivia\/","og_locale":"es_ES","og_type":"article","og_title":"\u201cMonkey Man: el despertar de la bestia\u201d llega a los cines de Bolivia - El Diario - Bolivia","og_description":"La cinta se estrena el 20 de junio en los cines de Bolivia Monkey Man: El Despertar de la Bestia sigue a un ex convicto reci\u00e9n liberado en la India. Se trata de un joven que debe enfrentar el desaf\u00edo de integrarse en una sociedad dominada por la codicia corporativa y donde los valores espirituales [&hellip;]","og_url":"https:\/\/www.eldiario.net\/portal\/2024\/06\/16\/monkey-man-el-despertar-de-la-bestia-llega-a-los-cines-de-bolivia\/","og_site_name":"El Diario - Bolivia","article_publisher":"https:\/\/www.facebook.com\/eldiario.bolivia\/","article_published_time":"2024-06-16T11:31:26+00:00","og_image":[{"width":1200,"height":600,"url":"https:\/\/www.eldiario.net\/portal\/wp-content\/uploads\/2024\/06\/Monkey-Man-el-despertar-de-la-bestia-llega-a-los-cines-de-Bolivia.jpg","type":"image\/jpeg"}],"author":"Jeanette","twitter_card":"summary_large_image","twitter_creator":"@eldiario_net","twitter_site":"@eldiario_net","twitter_misc":{"Escrito por":"Jeanette","Tiempo de lectura":"1 minuto"},"schema":{"@context":"https:\/\/schema.org","@graph":[{"@type":"Article","@id":"https:\/\/www.eldiario.net\/portal\/2024\/06\/16\/monkey-man-el-despertar-de-la-bestia-llega-a-los-cines-de-bolivia\/#article","isPartOf":{"@id":"https:\/\/www.eldiario.net\/portal\/2024\/06\/16\/monkey-man-el-despertar-de-la-bestia-llega-a-los-cines-de-bolivia\/"},"author":{"name":"Jeanette","@id":"https:\/\/www.eldiario.net\/portal\/#\/schema\/person\/f46445640444750d7d753ccd04ae01b7"},"headline":"\u201cMonkey Man: el despertar de la bestia\u201d llega a los cines de Bolivia","datePublished":"2024-06-16T11:31:26+00:00","mainEntityOfPage":{"@id":"https:\/\/www.eldiario.net\/portal\/2024\/06\/16\/monkey-man-el-despertar-de-la-bestia-llega-a-los-cines-de-bolivia\/"},"wordCount":297,"commentCount":0,"publisher":{"@id":"https:\/\/www.eldiario.net\/portal\/#organization"},"image":{"@id":"https:\/\/www.eldiario.net\/portal\/2024\/06\/16\/monkey-man-el-despertar-de-la-bestia-llega-a-los-cines-de-bolivia\/#primaryimage"},"thumbnailUrl":"https:\/\/www.eldiario.net\/portal\/wp-content\/uploads\/2024\/06\/Monkey-Man-el-despertar-de-la-bestia-llega-a-los-cines-de-Bolivia.jpg","articleSection":["Cine Mundo"],"inLanguage":"es","potentialAction":[{"@type":"CommentAction","name":"Comment","target":["https:\/\/www.eldiario.net\/portal\/2024\/06\/16\/monkey-man-el-despertar-de-la-bestia-llega-a-los-cines-de-bolivia\/#respond"]}]},{"@type":"WebPage","@id":"https:\/\/www.eldiario.net\/portal\/2024\/06\/16\/monkey-man-el-despertar-de-la-bestia-llega-a-los-cines-de-bolivia\/","url":"https:\/\/www.eldiario.net\/portal\/2024\/06\/16\/monkey-man-el-despertar-de-la-bestia-llega-a-los-cines-de-bolivia\/","name":"\u201cMonkey Man: el despertar de la bestia\u201d llega a los cines de Bolivia - El Diario - Bolivia","isPartOf":{"@id":"https:\/\/www.eldiario.net\/portal\/#website"},"primaryImageOfPage":{"@id":"https:\/\/www.eldiario.net\/portal\/2024\/06\/16\/monkey-man-el-despertar-de-la-bestia-llega-a-los-cines-de-bolivia\/#primaryimage"},"image":{"@id":"https:\/\/www.eldiario.net\/portal\/2024\/06\/16\/monkey-man-el-despertar-de-la-bestia-llega-a-los-cines-de-bolivia\/#primaryimage"},"thumbnailUrl":"https:\/\/www.eldiario.net\/portal\/wp-content\/uploads\/2024\/06\/Monkey-Man-el-despertar-de-la-bestia-llega-a-los-cines-de-Bolivia.jpg","datePublished":"2024-06-16T11:31:26+00:00","breadcrumb":{"@id":"https:\/\/www.eldiario.net\/portal\/2024\/06\/16\/monkey-man-el-despertar-de-la-bestia-llega-a-los-cines-de-bolivia\/#breadcrumb"},"inLanguage":"es","potentialAction":[{"@type":"ReadAction","target":["https:\/\/www.eldiario.net\/portal\/2024\/06\/16\/monkey-man-el-despertar-de-la-bestia-llega-a-los-cines-de-bolivia\/"]}]},{"@type":"ImageObject","inLanguage":"es","@id":"https:\/\/www.eldiario.net\/portal\/2024\/06\/16\/monkey-man-el-despertar-de-la-bestia-llega-a-los-cines-de-bolivia\/#primaryimage","url":"https:\/\/www.eldiario.net\/portal\/wp-content\/uploads\/2024\/06\/Monkey-Man-el-despertar-de-la-bestia-llega-a-los-cines-de-Bolivia.jpg","contentUrl":"https:\/\/www.eldiario.net\/portal\/wp-content\/uploads\/2024\/06\/Monkey-Man-el-despertar-de-la-bestia-llega-a-los-cines-de-Bolivia.jpg","width":1200,"height":600},{"@type":"BreadcrumbList","@id":"https:\/\/www.eldiario.net\/portal\/2024\/06\/16\/monkey-man-el-despertar-de-la-bestia-llega-a-los-cines-de-bolivia\/#breadcrumb","itemListElement":[{"@type":"ListItem","position":1,"name":"Portada","item":"https:\/\/www.eldiario.net\/portal\/"},{"@type":"ListItem","position":2,"name":"\u201cMonkey Man: el despertar de la bestia\u201d llega a los cines de Bolivia"}]},{"@type":"WebSite","@id":"https:\/\/www.eldiario.net\/portal\/#website","url":"https:\/\/www.eldiario.net\/portal\/","name":"El Diario - Decano de la prensa nacional","description":"El Diario - Decano de la prensa nacional","publisher":{"@id":"https:\/\/www.eldiario.net\/portal\/#organization"},"potentialAction":[{"@type":"SearchAction","target":{"@type":"EntryPoint","urlTemplate":"https:\/\/www.eldiario.net\/portal\/?s={search_term_string}"},"query-input":{"@type":"PropertyValueSpecification","valueRequired":true,"valueName":"search_term_string"}}],"inLanguage":"es"},{"@type":"Organization","@id":"https:\/\/www.eldiario.net\/portal\/#organization","name":"El Diario - Decano de la prensa nacional","url":"https:\/\/www.eldiario.net\/portal\/","logo":{"@type":"ImageObject","inLanguage":"es","@id":"https:\/\/www.eldiario.net\/portal\/#\/schema\/logo\/image\/","url":"https:\/\/www.eldiario.net\/portal\/wp-content\/uploads\/2023\/07\/logo_ED.jpg","contentUrl":"https:\/\/www.eldiario.net\/portal\/wp-content\/uploads\/2023\/07\/logo_ED.jpg","width":272,"height":52,"caption":"El Diario - Decano de la prensa nacional"},"image":{"@id":"https:\/\/www.eldiario.net\/portal\/#\/schema\/logo\/image\/"},"sameAs":["https:\/\/www.facebook.com\/eldiario.bolivia\/","https:\/\/x.com\/eldiario_net"]},{"@type":"Person","@id":"https:\/\/www.eldiario.net\/portal\/#\/schema\/person\/f46445640444750d7d753ccd04ae01b7","name":"Jeanette","image":{"@type":"ImageObject","inLanguage":"es","@id":"https:\/\/secure.gravatar.com\/avatar\/3ea2118a5f7dad2b7138b1187a6b7ee55f160b9968b66013c3a3ef39dd7e5798?s=96&d=mm&r=g","url":"https:\/\/secure.gravatar.com\/avatar\/3ea2118a5f7dad2b7138b1187a6b7ee55f160b9968b66013c3a3ef39dd7e5798?s=96&d=mm&r=g","contentUrl":"https:\/\/secure.gravatar.com\/avatar\/3ea2118a5f7dad2b7138b1187a6b7ee55f160b9968b66013c3a3ef39dd7e5798?s=96&d=mm&r=g","caption":"Jeanette"},"sameAs":["https:\/\/www.eldiario.net\/portal"],"url":"https:\/\/www.eldiario.net\/portal\/author\/jeanette\/"}]}},"_links":{"self":[{"href":"https:\/\/www.eldiario.net\/portal\/wp-json\/wp\/v2\/posts\/227624","targetHints":{"allow":["GET"]}}],"collection":[{"href":"https:\/\/www.eldiario.net\/portal\/wp-json\/wp\/v2\/posts"}],"about":[{"href":"https:\/\/www.eldiario.net\/portal\/wp-json\/wp\/v2\/types\/post"}],"author":[{"embeddable":true,"href":"https:\/\/www.eldiario.net\/portal\/wp-json\/wp\/v2\/users\/1"}],"replies":[{"embeddable":true,"href":"https:\/\/www.eldiario.net\/portal\/wp-json\/wp\/v2\/comments?post=227624"}],"version-history":[{"count":1,"href":"https:\/\/www.eldiario.net\/portal\/wp-json\/wp\/v2\/posts\/227624\/revisions"}],"predecessor-version":[{"id":227626,"href":"https:\/\/www.eldiario.net\/portal\/wp-json\/wp\/v2\/posts\/227624\/revisions\/227626"}],"wp:featuredmedia":[{"embeddable":true,"href":"https:\/\/www.eldiario.net\/portal\/wp-json\/wp\/v2\/media\/227625"}],"wp:attachment":[{"href":"https:\/\/www.eldiario.net\/portal\/wp-json\/wp\/v2\/media?parent=227624"}],"wp:term":[{"taxonomy":"category","embeddable":true,"href":"https:\/\/www.eldiario.net\/portal\/wp-json\/wp\/v2\/categories?post=227624"},{"taxonomy":"post_tag","embeddable":true,"href":"https:\/\/www.eldiario.net\/portal\/wp-json\/wp\/v2\/tags?post=227624"}],"curies":[{"name":"wp","href":"https:\/\/api.w.org\/{rel}","templated":true}]}}