{"id":227620,"date":"2024-06-16T07:30:23","date_gmt":"2024-06-16T11:30:23","guid":{"rendered":"https:\/\/www.eldiario.net\/portal\/?p=227620"},"modified":"2024-06-16T07:30:23","modified_gmt":"2024-06-16T11:30:23","slug":"creando-un-historia-adolescente-en-intensa-mente-2","status":"publish","type":"post","link":"https:\/\/www.eldiario.net\/portal\/2024\/06\/16\/creando-un-historia-adolescente-en-intensa-mente-2\/","title":{"rendered":"CREANDO UN HISTORIA ADOLESCENTE EN INTENSA-MENTE 2"},"content":{"rendered":"<p>Los realizadores quer\u00edan asegurarse de que su historia sobre una adolescente y las nuevas emociones que llegan en esta nueva etapa de la vida fueran lo m\u00e1s aut\u00e9nticas posibles, por lo que recurrieron a la fuente por excelencia: chicas adolescentes. Se form\u00f3 un grupo de nueve chicas de California, Washington y Luisiana, entre 13 y 16 a\u00f1os, cuando comenz\u00f3 el proyecto en 2021, y les mostraron la pel\u00edcula peri\u00f3dicamente durante tres a\u00f1os.<br \/>\nDice el productor Mark Nielsen: \u201cQuer\u00edamos un grupo diverso de chicas de diferentes or\u00edgenes y con diversos intereses. Algunas estudian m\u00fasica, arte, otras son atletas. Estuvieron con nosotros desde la primera proyecci\u00f3n\u201d, y agrega, \u201cles enviamos cuadernos a todas para que escribieran sus notas. Luego nos reun\u00edamos con ellas por Zoom y les hac\u00edamos preguntas: \u00ab\u00bfQu\u00e9 les gust\u00f3? \u00bfQu\u00e9 les molest\u00f3? \u00bfEntendieron el sistema de creencias? \u00bfEsa interacci\u00f3n les pareci\u00f3 real?\u00bb\u201d.<br \/>\nAl igual que la primera pel\u00edcula, INTENSA-MENTE 2 no tiene miedo de abordar los sentimientos dif\u00edciles. Kim Collins, productora asociada, reflexiona: \u201cLo que me parece hermoso de esta pel\u00edcula es c\u00f3mo reconoce que a medida que los ni\u00f1os crecen y entran en la adolescencia, entran a jugar emociones m\u00e1s complejas. Y detr\u00e1s de estos cambios hay fundamentos cient\u00edficos, de modo que sab\u00edamos que ten\u00edamos una historia con la que se pueden identificar ni\u00f1os, padres y todo el mundo\u201d. <\/p>\n","protected":false},"excerpt":{"rendered":"<p>Los realizadores quer\u00edan asegurarse de que su historia sobre una adolescente y las nuevas emociones que llegan en esta nueva etapa de la vida fueran lo m\u00e1s aut\u00e9nticas posibles, por lo que recurrieron a la fuente por excelencia: chicas adolescentes. Se form\u00f3 un grupo de nueve chicas de California, Washington y Luisiana, entre 13 y [&hellip;]<\/p>\n","protected":false},"author":1,"featured_media":227621,"comment_status":"open","ping_status":"open","sticky":false,"template":"","format":"standard","meta":{"_acf_changed":false,"footnotes":""},"categories":[45],"tags":[],"class_list":["post-227620","post","type-post","status-publish","format-standard","has-post-thumbnail","category-cine-mundo"],"acf":{"antetitulo":""},"yoast_head":"<!-- This site is optimized with the Yoast SEO plugin v28.3 - https:\/\/yoast.com\/product\/yoast-seo-wordpress\/ -->\n<title>CREANDO UN HISTORIA ADOLESCENTE EN INTENSA-MENTE 2 - El Diario - Bolivia<\/title>\n<meta name=\"robots\" content=\"index, follow, max-snippet:-1, max-image-preview:large, max-video-preview:-1\" \/>\n<link rel=\"canonical\" href=\"https:\/\/www.eldiario.net\/portal\/2024\/06\/16\/creando-un-historia-adolescente-en-intensa-mente-2\/\" \/>\n<meta property=\"og:locale\" content=\"es_ES\" \/>\n<meta property=\"og:type\" content=\"article\" \/>\n<meta property=\"og:title\" content=\"CREANDO UN HISTORIA ADOLESCENTE EN INTENSA-MENTE 2 - El Diario - Bolivia\" \/>\n<meta property=\"og:description\" content=\"Los realizadores quer\u00edan asegurarse de que su historia sobre una adolescente y las nuevas emociones que llegan en esta nueva etapa de la vida fueran lo m\u00e1s aut\u00e9nticas posibles, por lo que recurrieron a la fuente por excelencia: chicas adolescentes. Se form\u00f3 un grupo de nueve chicas de California, Washington y Luisiana, entre 13 y [&hellip;]\" \/>\n<meta property=\"og:url\" content=\"https:\/\/www.eldiario.net\/portal\/2024\/06\/16\/creando-un-historia-adolescente-en-intensa-mente-2\/\" \/>\n<meta property=\"og:site_name\" content=\"El Diario - Bolivia\" \/>\n<meta property=\"article:publisher\" content=\"https:\/\/www.facebook.com\/eldiario.bolivia\/\" \/>\n<meta property=\"article:published_time\" content=\"2024-06-16T11:30:23+00:00\" \/>\n<meta property=\"og:image\" content=\"https:\/\/www.eldiario.net\/portal\/wp-content\/uploads\/2024\/06\/CREANDO-UN-HISTORIA-ADOLESCENTE-EN-INTENSA-MENTE-2.jpg\" \/>\n\t<meta property=\"og:image:width\" content=\"1006\" \/>\n\t<meta property=\"og:image:height\" content=\"424\" \/>\n\t<meta property=\"og:image:type\" content=\"image\/jpeg\" \/>\n<meta name=\"author\" content=\"Jeanette\" \/>\n<meta name=\"twitter:card\" content=\"summary_large_image\" \/>\n<meta name=\"twitter:creator\" content=\"@eldiario_net\" \/>\n<meta name=\"twitter:site\" content=\"@eldiario_net\" \/>\n<meta name=\"twitter:label1\" content=\"Escrito por\" \/>\n\t<meta name=\"twitter:data1\" content=\"Jeanette\" \/>\n\t<meta name=\"twitter:label2\" content=\"Tiempo de lectura\" \/>\n\t<meta name=\"twitter:data2\" content=\"1 minuto\" \/>\n<script type=\"application\/ld+json\" class=\"yoast-schema-graph\">{\"@context\":\"https:\\\/\\\/schema.org\",\"@graph\":[{\"@type\":\"Article\",\"@id\":\"https:\\\/\\\/www.eldiario.net\\\/portal\\\/2024\\\/06\\\/16\\\/creando-un-historia-adolescente-en-intensa-mente-2\\\/#article\",\"isPartOf\":{\"@id\":\"https:\\\/\\\/www.eldiario.net\\\/portal\\\/2024\\\/06\\\/16\\\/creando-un-historia-adolescente-en-intensa-mente-2\\\/\"},\"author\":{\"name\":\"Jeanette\",\"@id\":\"https:\\\/\\\/www.eldiario.net\\\/portal\\\/#\\\/schema\\\/person\\\/f46445640444750d7d753ccd04ae01b7\"},\"headline\":\"CREANDO UN HISTORIA ADOLESCENTE EN INTENSA-MENTE 2\",\"datePublished\":\"2024-06-16T11:30:23+00:00\",\"mainEntityOfPage\":{\"@id\":\"https:\\\/\\\/www.eldiario.net\\\/portal\\\/2024\\\/06\\\/16\\\/creando-un-historia-adolescente-en-intensa-mente-2\\\/\"},\"wordCount\":248,\"commentCount\":0,\"publisher\":{\"@id\":\"https:\\\/\\\/www.eldiario.net\\\/portal\\\/#organization\"},\"image\":{\"@id\":\"https:\\\/\\\/www.eldiario.net\\\/portal\\\/2024\\\/06\\\/16\\\/creando-un-historia-adolescente-en-intensa-mente-2\\\/#primaryimage\"},\"thumbnailUrl\":\"https:\\\/\\\/www.eldiario.net\\\/portal\\\/wp-content\\\/uploads\\\/2024\\\/06\\\/CREANDO-UN-HISTORIA-ADOLESCENTE-EN-INTENSA-MENTE-2.jpg\",\"articleSection\":[\"Cine Mundo\"],\"inLanguage\":\"es\",\"potentialAction\":[{\"@type\":\"CommentAction\",\"name\":\"Comment\",\"target\":[\"https:\\\/\\\/www.eldiario.net\\\/portal\\\/2024\\\/06\\\/16\\\/creando-un-historia-adolescente-en-intensa-mente-2\\\/#respond\"]}]},{\"@type\":\"WebPage\",\"@id\":\"https:\\\/\\\/www.eldiario.net\\\/portal\\\/2024\\\/06\\\/16\\\/creando-un-historia-adolescente-en-intensa-mente-2\\\/\",\"url\":\"https:\\\/\\\/www.eldiario.net\\\/portal\\\/2024\\\/06\\\/16\\\/creando-un-historia-adolescente-en-intensa-mente-2\\\/\",\"name\":\"CREANDO UN HISTORIA ADOLESCENTE EN INTENSA-MENTE 2 - El Diario - Bolivia\",\"isPartOf\":{\"@id\":\"https:\\\/\\\/www.eldiario.net\\\/portal\\\/#website\"},\"primaryImageOfPage\":{\"@id\":\"https:\\\/\\\/www.eldiario.net\\\/portal\\\/2024\\\/06\\\/16\\\/creando-un-historia-adolescente-en-intensa-mente-2\\\/#primaryimage\"},\"image\":{\"@id\":\"https:\\\/\\\/www.eldiario.net\\\/portal\\\/2024\\\/06\\\/16\\\/creando-un-historia-adolescente-en-intensa-mente-2\\\/#primaryimage\"},\"thumbnailUrl\":\"https:\\\/\\\/www.eldiario.net\\\/portal\\\/wp-content\\\/uploads\\\/2024\\\/06\\\/CREANDO-UN-HISTORIA-ADOLESCENTE-EN-INTENSA-MENTE-2.jpg\",\"datePublished\":\"2024-06-16T11:30:23+00:00\",\"breadcrumb\":{\"@id\":\"https:\\\/\\\/www.eldiario.net\\\/portal\\\/2024\\\/06\\\/16\\\/creando-un-historia-adolescente-en-intensa-mente-2\\\/#breadcrumb\"},\"inLanguage\":\"es\",\"potentialAction\":[{\"@type\":\"ReadAction\",\"target\":[\"https:\\\/\\\/www.eldiario.net\\\/portal\\\/2024\\\/06\\\/16\\\/creando-un-historia-adolescente-en-intensa-mente-2\\\/\"]}]},{\"@type\":\"ImageObject\",\"inLanguage\":\"es\",\"@id\":\"https:\\\/\\\/www.eldiario.net\\\/portal\\\/2024\\\/06\\\/16\\\/creando-un-historia-adolescente-en-intensa-mente-2\\\/#primaryimage\",\"url\":\"https:\\\/\\\/www.eldiario.net\\\/portal\\\/wp-content\\\/uploads\\\/2024\\\/06\\\/CREANDO-UN-HISTORIA-ADOLESCENTE-EN-INTENSA-MENTE-2.jpg\",\"contentUrl\":\"https:\\\/\\\/www.eldiario.net\\\/portal\\\/wp-content\\\/uploads\\\/2024\\\/06\\\/CREANDO-UN-HISTORIA-ADOLESCENTE-EN-INTENSA-MENTE-2.jpg\",\"width\":1006,\"height\":424},{\"@type\":\"BreadcrumbList\",\"@id\":\"https:\\\/\\\/www.eldiario.net\\\/portal\\\/2024\\\/06\\\/16\\\/creando-un-historia-adolescente-en-intensa-mente-2\\\/#breadcrumb\",\"itemListElement\":[{\"@type\":\"ListItem\",\"position\":1,\"name\":\"Portada\",\"item\":\"https:\\\/\\\/www.eldiario.net\\\/portal\\\/\"},{\"@type\":\"ListItem\",\"position\":2,\"name\":\"CREANDO UN HISTORIA ADOLESCENTE EN INTENSA-MENTE 2\"}]},{\"@type\":\"WebSite\",\"@id\":\"https:\\\/\\\/www.eldiario.net\\\/portal\\\/#website\",\"url\":\"https:\\\/\\\/www.eldiario.net\\\/portal\\\/\",\"name\":\"El Diario - Decano de la prensa nacional\",\"description\":\"El Diario - Decano de la prensa nacional\",\"publisher\":{\"@id\":\"https:\\\/\\\/www.eldiario.net\\\/portal\\\/#organization\"},\"potentialAction\":[{\"@type\":\"SearchAction\",\"target\":{\"@type\":\"EntryPoint\",\"urlTemplate\":\"https:\\\/\\\/www.eldiario.net\\\/portal\\\/?s={search_term_string}\"},\"query-input\":{\"@type\":\"PropertyValueSpecification\",\"valueRequired\":true,\"valueName\":\"search_term_string\"}}],\"inLanguage\":\"es\"},{\"@type\":\"Organization\",\"@id\":\"https:\\\/\\\/www.eldiario.net\\\/portal\\\/#organization\",\"name\":\"El Diario - Decano de la prensa nacional\",\"url\":\"https:\\\/\\\/www.eldiario.net\\\/portal\\\/\",\"logo\":{\"@type\":\"ImageObject\",\"inLanguage\":\"es\",\"@id\":\"https:\\\/\\\/www.eldiario.net\\\/portal\\\/#\\\/schema\\\/logo\\\/image\\\/\",\"url\":\"https:\\\/\\\/www.eldiario.net\\\/portal\\\/wp-content\\\/uploads\\\/2023\\\/07\\\/logo_ED.jpg\",\"contentUrl\":\"https:\\\/\\\/www.eldiario.net\\\/portal\\\/wp-content\\\/uploads\\\/2023\\\/07\\\/logo_ED.jpg\",\"width\":272,\"height\":52,\"caption\":\"El Diario - Decano de la prensa nacional\"},\"image\":{\"@id\":\"https:\\\/\\\/www.eldiario.net\\\/portal\\\/#\\\/schema\\\/logo\\\/image\\\/\"},\"sameAs\":[\"https:\\\/\\\/www.facebook.com\\\/eldiario.bolivia\\\/\",\"https:\\\/\\\/x.com\\\/eldiario_net\"]},{\"@type\":\"Person\",\"@id\":\"https:\\\/\\\/www.eldiario.net\\\/portal\\\/#\\\/schema\\\/person\\\/f46445640444750d7d753ccd04ae01b7\",\"name\":\"Jeanette\",\"image\":{\"@type\":\"ImageObject\",\"inLanguage\":\"es\",\"@id\":\"https:\\\/\\\/secure.gravatar.com\\\/avatar\\\/3ea2118a5f7dad2b7138b1187a6b7ee55f160b9968b66013c3a3ef39dd7e5798?s=96&d=mm&r=g\",\"url\":\"https:\\\/\\\/secure.gravatar.com\\\/avatar\\\/3ea2118a5f7dad2b7138b1187a6b7ee55f160b9968b66013c3a3ef39dd7e5798?s=96&d=mm&r=g\",\"contentUrl\":\"https:\\\/\\\/secure.gravatar.com\\\/avatar\\\/3ea2118a5f7dad2b7138b1187a6b7ee55f160b9968b66013c3a3ef39dd7e5798?s=96&d=mm&r=g\",\"caption\":\"Jeanette\"},\"sameAs\":[\"https:\\\/\\\/www.eldiario.net\\\/portal\"],\"url\":\"https:\\\/\\\/www.eldiario.net\\\/portal\\\/author\\\/jeanette\\\/\"}]}<\/script>\n<!-- \/ Yoast SEO plugin. -->","yoast_head_json":{"title":"CREANDO UN HISTORIA ADOLESCENTE EN INTENSA-MENTE 2 - El Diario - Bolivia","robots":{"index":"index","follow":"follow","max-snippet":"max-snippet:-1","max-image-preview":"max-image-preview:large","max-video-preview":"max-video-preview:-1"},"canonical":"https:\/\/www.eldiario.net\/portal\/2024\/06\/16\/creando-un-historia-adolescente-en-intensa-mente-2\/","og_locale":"es_ES","og_type":"article","og_title":"CREANDO UN HISTORIA ADOLESCENTE EN INTENSA-MENTE 2 - El Diario - Bolivia","og_description":"Los realizadores quer\u00edan asegurarse de que su historia sobre una adolescente y las nuevas emociones que llegan en esta nueva etapa de la vida fueran lo m\u00e1s aut\u00e9nticas posibles, por lo que recurrieron a la fuente por excelencia: chicas adolescentes. Se form\u00f3 un grupo de nueve chicas de California, Washington y Luisiana, entre 13 y [&hellip;]","og_url":"https:\/\/www.eldiario.net\/portal\/2024\/06\/16\/creando-un-historia-adolescente-en-intensa-mente-2\/","og_site_name":"El Diario - Bolivia","article_publisher":"https:\/\/www.facebook.com\/eldiario.bolivia\/","article_published_time":"2024-06-16T11:30:23+00:00","og_image":[{"width":1006,"height":424,"url":"https:\/\/www.eldiario.net\/portal\/wp-content\/uploads\/2024\/06\/CREANDO-UN-HISTORIA-ADOLESCENTE-EN-INTENSA-MENTE-2.jpg","type":"image\/jpeg"}],"author":"Jeanette","twitter_card":"summary_large_image","twitter_creator":"@eldiario_net","twitter_site":"@eldiario_net","twitter_misc":{"Escrito por":"Jeanette","Tiempo de lectura":"1 minuto"},"schema":{"@context":"https:\/\/schema.org","@graph":[{"@type":"Article","@id":"https:\/\/www.eldiario.net\/portal\/2024\/06\/16\/creando-un-historia-adolescente-en-intensa-mente-2\/#article","isPartOf":{"@id":"https:\/\/www.eldiario.net\/portal\/2024\/06\/16\/creando-un-historia-adolescente-en-intensa-mente-2\/"},"author":{"name":"Jeanette","@id":"https:\/\/www.eldiario.net\/portal\/#\/schema\/person\/f46445640444750d7d753ccd04ae01b7"},"headline":"CREANDO UN HISTORIA ADOLESCENTE EN INTENSA-MENTE 2","datePublished":"2024-06-16T11:30:23+00:00","mainEntityOfPage":{"@id":"https:\/\/www.eldiario.net\/portal\/2024\/06\/16\/creando-un-historia-adolescente-en-intensa-mente-2\/"},"wordCount":248,"commentCount":0,"publisher":{"@id":"https:\/\/www.eldiario.net\/portal\/#organization"},"image":{"@id":"https:\/\/www.eldiario.net\/portal\/2024\/06\/16\/creando-un-historia-adolescente-en-intensa-mente-2\/#primaryimage"},"thumbnailUrl":"https:\/\/www.eldiario.net\/portal\/wp-content\/uploads\/2024\/06\/CREANDO-UN-HISTORIA-ADOLESCENTE-EN-INTENSA-MENTE-2.jpg","articleSection":["Cine Mundo"],"inLanguage":"es","potentialAction":[{"@type":"CommentAction","name":"Comment","target":["https:\/\/www.eldiario.net\/portal\/2024\/06\/16\/creando-un-historia-adolescente-en-intensa-mente-2\/#respond"]}]},{"@type":"WebPage","@id":"https:\/\/www.eldiario.net\/portal\/2024\/06\/16\/creando-un-historia-adolescente-en-intensa-mente-2\/","url":"https:\/\/www.eldiario.net\/portal\/2024\/06\/16\/creando-un-historia-adolescente-en-intensa-mente-2\/","name":"CREANDO UN HISTORIA ADOLESCENTE EN INTENSA-MENTE 2 - El Diario - Bolivia","isPartOf":{"@id":"https:\/\/www.eldiario.net\/portal\/#website"},"primaryImageOfPage":{"@id":"https:\/\/www.eldiario.net\/portal\/2024\/06\/16\/creando-un-historia-adolescente-en-intensa-mente-2\/#primaryimage"},"image":{"@id":"https:\/\/www.eldiario.net\/portal\/2024\/06\/16\/creando-un-historia-adolescente-en-intensa-mente-2\/#primaryimage"},"thumbnailUrl":"https:\/\/www.eldiario.net\/portal\/wp-content\/uploads\/2024\/06\/CREANDO-UN-HISTORIA-ADOLESCENTE-EN-INTENSA-MENTE-2.jpg","datePublished":"2024-06-16T11:30:23+00:00","breadcrumb":{"@id":"https:\/\/www.eldiario.net\/portal\/2024\/06\/16\/creando-un-historia-adolescente-en-intensa-mente-2\/#breadcrumb"},"inLanguage":"es","potentialAction":[{"@type":"ReadAction","target":["https:\/\/www.eldiario.net\/portal\/2024\/06\/16\/creando-un-historia-adolescente-en-intensa-mente-2\/"]}]},{"@type":"ImageObject","inLanguage":"es","@id":"https:\/\/www.eldiario.net\/portal\/2024\/06\/16\/creando-un-historia-adolescente-en-intensa-mente-2\/#primaryimage","url":"https:\/\/www.eldiario.net\/portal\/wp-content\/uploads\/2024\/06\/CREANDO-UN-HISTORIA-ADOLESCENTE-EN-INTENSA-MENTE-2.jpg","contentUrl":"https:\/\/www.eldiario.net\/portal\/wp-content\/uploads\/2024\/06\/CREANDO-UN-HISTORIA-ADOLESCENTE-EN-INTENSA-MENTE-2.jpg","width":1006,"height":424},{"@type":"BreadcrumbList","@id":"https:\/\/www.eldiario.net\/portal\/2024\/06\/16\/creando-un-historia-adolescente-en-intensa-mente-2\/#breadcrumb","itemListElement":[{"@type":"ListItem","position":1,"name":"Portada","item":"https:\/\/www.eldiario.net\/portal\/"},{"@type":"ListItem","position":2,"name":"CREANDO UN HISTORIA ADOLESCENTE EN INTENSA-MENTE 2"}]},{"@type":"WebSite","@id":"https:\/\/www.eldiario.net\/portal\/#website","url":"https:\/\/www.eldiario.net\/portal\/","name":"El Diario - Decano de la prensa nacional","description":"El Diario - Decano de la prensa nacional","publisher":{"@id":"https:\/\/www.eldiario.net\/portal\/#organization"},"potentialAction":[{"@type":"SearchAction","target":{"@type":"EntryPoint","urlTemplate":"https:\/\/www.eldiario.net\/portal\/?s={search_term_string}"},"query-input":{"@type":"PropertyValueSpecification","valueRequired":true,"valueName":"search_term_string"}}],"inLanguage":"es"},{"@type":"Organization","@id":"https:\/\/www.eldiario.net\/portal\/#organization","name":"El Diario - Decano de la prensa nacional","url":"https:\/\/www.eldiario.net\/portal\/","logo":{"@type":"ImageObject","inLanguage":"es","@id":"https:\/\/www.eldiario.net\/portal\/#\/schema\/logo\/image\/","url":"https:\/\/www.eldiario.net\/portal\/wp-content\/uploads\/2023\/07\/logo_ED.jpg","contentUrl":"https:\/\/www.eldiario.net\/portal\/wp-content\/uploads\/2023\/07\/logo_ED.jpg","width":272,"height":52,"caption":"El Diario - Decano de la prensa nacional"},"image":{"@id":"https:\/\/www.eldiario.net\/portal\/#\/schema\/logo\/image\/"},"sameAs":["https:\/\/www.facebook.com\/eldiario.bolivia\/","https:\/\/x.com\/eldiario_net"]},{"@type":"Person","@id":"https:\/\/www.eldiario.net\/portal\/#\/schema\/person\/f46445640444750d7d753ccd04ae01b7","name":"Jeanette","image":{"@type":"ImageObject","inLanguage":"es","@id":"https:\/\/secure.gravatar.com\/avatar\/3ea2118a5f7dad2b7138b1187a6b7ee55f160b9968b66013c3a3ef39dd7e5798?s=96&d=mm&r=g","url":"https:\/\/secure.gravatar.com\/avatar\/3ea2118a5f7dad2b7138b1187a6b7ee55f160b9968b66013c3a3ef39dd7e5798?s=96&d=mm&r=g","contentUrl":"https:\/\/secure.gravatar.com\/avatar\/3ea2118a5f7dad2b7138b1187a6b7ee55f160b9968b66013c3a3ef39dd7e5798?s=96&d=mm&r=g","caption":"Jeanette"},"sameAs":["https:\/\/www.eldiario.net\/portal"],"url":"https:\/\/www.eldiario.net\/portal\/author\/jeanette\/"}]}},"_links":{"self":[{"href":"https:\/\/www.eldiario.net\/portal\/wp-json\/wp\/v2\/posts\/227620","targetHints":{"allow":["GET"]}}],"collection":[{"href":"https:\/\/www.eldiario.net\/portal\/wp-json\/wp\/v2\/posts"}],"about":[{"href":"https:\/\/www.eldiario.net\/portal\/wp-json\/wp\/v2\/types\/post"}],"author":[{"embeddable":true,"href":"https:\/\/www.eldiario.net\/portal\/wp-json\/wp\/v2\/users\/1"}],"replies":[{"embeddable":true,"href":"https:\/\/www.eldiario.net\/portal\/wp-json\/wp\/v2\/comments?post=227620"}],"version-history":[{"count":1,"href":"https:\/\/www.eldiario.net\/portal\/wp-json\/wp\/v2\/posts\/227620\/revisions"}],"predecessor-version":[{"id":227622,"href":"https:\/\/www.eldiario.net\/portal\/wp-json\/wp\/v2\/posts\/227620\/revisions\/227622"}],"wp:featuredmedia":[{"embeddable":true,"href":"https:\/\/www.eldiario.net\/portal\/wp-json\/wp\/v2\/media\/227621"}],"wp:attachment":[{"href":"https:\/\/www.eldiario.net\/portal\/wp-json\/wp\/v2\/media?parent=227620"}],"wp:term":[{"taxonomy":"category","embeddable":true,"href":"https:\/\/www.eldiario.net\/portal\/wp-json\/wp\/v2\/categories?post=227620"},{"taxonomy":"post_tag","embeddable":true,"href":"https:\/\/www.eldiario.net\/portal\/wp-json\/wp\/v2\/tags?post=227620"}],"curies":[{"name":"wp","href":"https:\/\/api.w.org\/{rel}","templated":true}]}}