{"id":227617,"date":"2024-06-16T07:29:46","date_gmt":"2024-06-16T11:29:46","guid":{"rendered":"https:\/\/www.eldiario.net\/portal\/?p=227617"},"modified":"2024-06-16T07:30:49","modified_gmt":"2024-06-16T11:30:49","slug":"estrellas-realizadores-e-invitados-especiales-celebran-el-estreno-mundial-de-intensa-mente-2-en-hollywood","status":"publish","type":"post","link":"https:\/\/www.eldiario.net\/portal\/2024\/06\/16\/estrellas-realizadores-e-invitados-especiales-celebran-el-estreno-mundial-de-intensa-mente-2-en-hollywood\/","title":{"rendered":"Estrellas, realizadores e invitados especiales celebran el estreno mundial de Intensa-Mente 2 en Hollywood"},"content":{"rendered":"<p>La nueva pel\u00edcula de Disney y Pixar lleg\u00f3 a los cines de Bolivia<br \/>\nEl elenco de estrellas se uni\u00f3 a los realizadores e invitados especiales en la alfombra p\u00farpura de Hollywood para celebrar el estreno mundial de Intensa-Mente 2, de Disney y Pixar. Los asistentes pudieron ver la nueva pel\u00edcula, que se estren\u00f3 en los cines de Latinoam\u00e9rica el 13 de junio, invitando a las audiencias a sumergirse en la mente de la flamante adolescente Riley justo cuando el cuartel general est\u00e1 sufriendo una repentina demolici\u00f3n para hacer sitio a algo totalmente inesperado: \u00a1nuevas emociones! Ya est\u00e1n disponibles las im\u00e1genes del evento.<br \/>\nEl evento cont\u00f3 con la presencia del elenco de voces en ingl\u00e9s, como Amy Poehler (Alegr\u00eda), Maya Hawke (Ansiedad), Kensington Tallman (Riley), Liza Lapira (Desagrado), Tony Hale (Temor), Lewis Black (Furia), Ayo Edebiri (Envidia), Lilimar (Valentina), Grace Lu (Grace), Sumayyah Nuriddin-Green (Bree), Kyle MacLachlan (Pap\u00e1), Yvette Nicole Brown (entrenadora Roberts), Ron Funches (Bloofy), James Austin Johnson (Bolsi), Kirk Thatcher (capataz), Frank Oz (polic\u00eda mentalero Dave), June Squibb (Nostalgia), Sarayu Blue (Margie), Flea (Jake), Bobby Moynihan (olvidador Bobby) y Kendall Coyne Schofield (narrador de hockey). Tambi\u00e9n estuvieron presentes los realizadores Kelsey Mann (direcci\u00f3n e historia), Mark Nielsen (productor), Andrea Datzman (m\u00fasica y banda sonora) y Pete Docter (productor ejecutivo), Chief Creative Officer de Pixar, entre otros. <\/p>\n","protected":false},"excerpt":{"rendered":"<p>La nueva pel\u00edcula de Disney y Pixar lleg\u00f3 a los cines de Bolivia El elenco de estrellas se uni\u00f3 a los realizadores e invitados especiales en la alfombra p\u00farpura de Hollywood para celebrar el estreno mundial de Intensa-Mente 2, de Disney y Pixar. Los asistentes pudieron ver la nueva pel\u00edcula, que se estren\u00f3 en los [&hellip;]<\/p>\n","protected":false},"author":1,"featured_media":227623,"comment_status":"open","ping_status":"open","sticky":false,"template":"","format":"standard","meta":{"_acf_changed":false,"footnotes":""},"categories":[45],"tags":[],"class_list":["post-227617","post","type-post","status-publish","format-standard","has-post-thumbnail","category-cine-mundo"],"acf":{"antetitulo":""},"yoast_head":"<!-- This site is optimized with the Yoast SEO plugin v28.3 - https:\/\/yoast.com\/product\/yoast-seo-wordpress\/ -->\n<title>Estrellas, realizadores e invitados especiales celebran el estreno mundial de Intensa-Mente 2 en Hollywood - El Diario - Bolivia<\/title>\n<meta name=\"robots\" content=\"index, follow, max-snippet:-1, max-image-preview:large, max-video-preview:-1\" \/>\n<link rel=\"canonical\" href=\"https:\/\/www.eldiario.net\/portal\/2024\/06\/16\/estrellas-realizadores-e-invitados-especiales-celebran-el-estreno-mundial-de-intensa-mente-2-en-hollywood\/\" \/>\n<meta property=\"og:locale\" content=\"es_ES\" \/>\n<meta property=\"og:type\" content=\"article\" \/>\n<meta property=\"og:title\" content=\"Estrellas, realizadores e invitados especiales celebran el estreno mundial de Intensa-Mente 2 en Hollywood - El Diario - Bolivia\" \/>\n<meta property=\"og:description\" content=\"La nueva pel\u00edcula de Disney y Pixar lleg\u00f3 a los cines de Bolivia El elenco de estrellas se uni\u00f3 a los realizadores e invitados especiales en la alfombra p\u00farpura de Hollywood para celebrar el estreno mundial de Intensa-Mente 2, de Disney y Pixar. Los asistentes pudieron ver la nueva pel\u00edcula, que se estren\u00f3 en los [&hellip;]\" \/>\n<meta property=\"og:url\" content=\"https:\/\/www.eldiario.net\/portal\/2024\/06\/16\/estrellas-realizadores-e-invitados-especiales-celebran-el-estreno-mundial-de-intensa-mente-2-en-hollywood\/\" \/>\n<meta property=\"og:site_name\" content=\"El Diario - Bolivia\" \/>\n<meta property=\"article:publisher\" content=\"https:\/\/www.facebook.com\/eldiario.bolivia\/\" \/>\n<meta property=\"article:published_time\" content=\"2024-06-16T11:29:46+00:00\" \/>\n<meta property=\"article:modified_time\" content=\"2024-06-16T11:30:49+00:00\" \/>\n<meta property=\"og:image\" content=\"https:\/\/www.eldiario.net\/portal\/wp-content\/uploads\/2024\/06\/Amy-Poehler-Estrellas-realizadores-e-invitados-especiales-celebran-el-estreno-mundial-de-Intensa-Mente-2-en-Hollywood.jpg\" \/>\n\t<meta property=\"og:image:width\" content=\"944\" \/>\n\t<meta property=\"og:image:height\" content=\"602\" \/>\n\t<meta property=\"og:image:type\" content=\"image\/jpeg\" \/>\n<meta name=\"author\" content=\"Jeanette\" \/>\n<meta name=\"twitter:card\" content=\"summary_large_image\" \/>\n<meta name=\"twitter:creator\" content=\"@eldiario_net\" \/>\n<meta name=\"twitter:site\" content=\"@eldiario_net\" \/>\n<meta name=\"twitter:label1\" content=\"Escrito por\" \/>\n\t<meta name=\"twitter:data1\" content=\"Jeanette\" \/>\n\t<meta name=\"twitter:label2\" content=\"Tiempo de lectura\" \/>\n\t<meta name=\"twitter:data2\" content=\"2 minutos\" \/>\n<script type=\"application\/ld+json\" class=\"yoast-schema-graph\">{\"@context\":\"https:\\\/\\\/schema.org\",\"@graph\":[{\"@type\":\"Article\",\"@id\":\"https:\\\/\\\/www.eldiario.net\\\/portal\\\/2024\\\/06\\\/16\\\/estrellas-realizadores-e-invitados-especiales-celebran-el-estreno-mundial-de-intensa-mente-2-en-hollywood\\\/#article\",\"isPartOf\":{\"@id\":\"https:\\\/\\\/www.eldiario.net\\\/portal\\\/2024\\\/06\\\/16\\\/estrellas-realizadores-e-invitados-especiales-celebran-el-estreno-mundial-de-intensa-mente-2-en-hollywood\\\/\"},\"author\":{\"name\":\"Jeanette\",\"@id\":\"https:\\\/\\\/www.eldiario.net\\\/portal\\\/#\\\/schema\\\/person\\\/f46445640444750d7d753ccd04ae01b7\"},\"headline\":\"Estrellas, realizadores e invitados especiales celebran el estreno mundial de Intensa-Mente 2 en Hollywood\",\"datePublished\":\"2024-06-16T11:29:46+00:00\",\"dateModified\":\"2024-06-16T11:30:49+00:00\",\"mainEntityOfPage\":{\"@id\":\"https:\\\/\\\/www.eldiario.net\\\/portal\\\/2024\\\/06\\\/16\\\/estrellas-realizadores-e-invitados-especiales-celebran-el-estreno-mundial-de-intensa-mente-2-en-hollywood\\\/\"},\"wordCount\":241,\"commentCount\":0,\"publisher\":{\"@id\":\"https:\\\/\\\/www.eldiario.net\\\/portal\\\/#organization\"},\"image\":{\"@id\":\"https:\\\/\\\/www.eldiario.net\\\/portal\\\/2024\\\/06\\\/16\\\/estrellas-realizadores-e-invitados-especiales-celebran-el-estreno-mundial-de-intensa-mente-2-en-hollywood\\\/#primaryimage\"},\"thumbnailUrl\":\"https:\\\/\\\/www.eldiario.net\\\/portal\\\/wp-content\\\/uploads\\\/2024\\\/06\\\/Amy-Poehler-Estrellas-realizadores-e-invitados-especiales-celebran-el-estreno-mundial-de-Intensa-Mente-2-en-Hollywood.jpg\",\"articleSection\":[\"Cine Mundo\"],\"inLanguage\":\"es\",\"potentialAction\":[{\"@type\":\"CommentAction\",\"name\":\"Comment\",\"target\":[\"https:\\\/\\\/www.eldiario.net\\\/portal\\\/2024\\\/06\\\/16\\\/estrellas-realizadores-e-invitados-especiales-celebran-el-estreno-mundial-de-intensa-mente-2-en-hollywood\\\/#respond\"]}]},{\"@type\":\"WebPage\",\"@id\":\"https:\\\/\\\/www.eldiario.net\\\/portal\\\/2024\\\/06\\\/16\\\/estrellas-realizadores-e-invitados-especiales-celebran-el-estreno-mundial-de-intensa-mente-2-en-hollywood\\\/\",\"url\":\"https:\\\/\\\/www.eldiario.net\\\/portal\\\/2024\\\/06\\\/16\\\/estrellas-realizadores-e-invitados-especiales-celebran-el-estreno-mundial-de-intensa-mente-2-en-hollywood\\\/\",\"name\":\"Estrellas, realizadores e invitados especiales celebran el estreno mundial de Intensa-Mente 2 en Hollywood - El Diario - Bolivia\",\"isPartOf\":{\"@id\":\"https:\\\/\\\/www.eldiario.net\\\/portal\\\/#website\"},\"primaryImageOfPage\":{\"@id\":\"https:\\\/\\\/www.eldiario.net\\\/portal\\\/2024\\\/06\\\/16\\\/estrellas-realizadores-e-invitados-especiales-celebran-el-estreno-mundial-de-intensa-mente-2-en-hollywood\\\/#primaryimage\"},\"image\":{\"@id\":\"https:\\\/\\\/www.eldiario.net\\\/portal\\\/2024\\\/06\\\/16\\\/estrellas-realizadores-e-invitados-especiales-celebran-el-estreno-mundial-de-intensa-mente-2-en-hollywood\\\/#primaryimage\"},\"thumbnailUrl\":\"https:\\\/\\\/www.eldiario.net\\\/portal\\\/wp-content\\\/uploads\\\/2024\\\/06\\\/Amy-Poehler-Estrellas-realizadores-e-invitados-especiales-celebran-el-estreno-mundial-de-Intensa-Mente-2-en-Hollywood.jpg\",\"datePublished\":\"2024-06-16T11:29:46+00:00\",\"dateModified\":\"2024-06-16T11:30:49+00:00\",\"breadcrumb\":{\"@id\":\"https:\\\/\\\/www.eldiario.net\\\/portal\\\/2024\\\/06\\\/16\\\/estrellas-realizadores-e-invitados-especiales-celebran-el-estreno-mundial-de-intensa-mente-2-en-hollywood\\\/#breadcrumb\"},\"inLanguage\":\"es\",\"potentialAction\":[{\"@type\":\"ReadAction\",\"target\":[\"https:\\\/\\\/www.eldiario.net\\\/portal\\\/2024\\\/06\\\/16\\\/estrellas-realizadores-e-invitados-especiales-celebran-el-estreno-mundial-de-intensa-mente-2-en-hollywood\\\/\"]}]},{\"@type\":\"ImageObject\",\"inLanguage\":\"es\",\"@id\":\"https:\\\/\\\/www.eldiario.net\\\/portal\\\/2024\\\/06\\\/16\\\/estrellas-realizadores-e-invitados-especiales-celebran-el-estreno-mundial-de-intensa-mente-2-en-hollywood\\\/#primaryimage\",\"url\":\"https:\\\/\\\/www.eldiario.net\\\/portal\\\/wp-content\\\/uploads\\\/2024\\\/06\\\/Amy-Poehler-Estrellas-realizadores-e-invitados-especiales-celebran-el-estreno-mundial-de-Intensa-Mente-2-en-Hollywood.jpg\",\"contentUrl\":\"https:\\\/\\\/www.eldiario.net\\\/portal\\\/wp-content\\\/uploads\\\/2024\\\/06\\\/Amy-Poehler-Estrellas-realizadores-e-invitados-especiales-celebran-el-estreno-mundial-de-Intensa-Mente-2-en-Hollywood.jpg\",\"width\":944,\"height\":602},{\"@type\":\"BreadcrumbList\",\"@id\":\"https:\\\/\\\/www.eldiario.net\\\/portal\\\/2024\\\/06\\\/16\\\/estrellas-realizadores-e-invitados-especiales-celebran-el-estreno-mundial-de-intensa-mente-2-en-hollywood\\\/#breadcrumb\",\"itemListElement\":[{\"@type\":\"ListItem\",\"position\":1,\"name\":\"Portada\",\"item\":\"https:\\\/\\\/www.eldiario.net\\\/portal\\\/\"},{\"@type\":\"ListItem\",\"position\":2,\"name\":\"Estrellas, realizadores e invitados especiales celebran el estreno mundial de Intensa-Mente 2 en Hollywood\"}]},{\"@type\":\"WebSite\",\"@id\":\"https:\\\/\\\/www.eldiario.net\\\/portal\\\/#website\",\"url\":\"https:\\\/\\\/www.eldiario.net\\\/portal\\\/\",\"name\":\"El Diario - Decano de la prensa nacional\",\"description\":\"El Diario - Decano de la prensa nacional\",\"publisher\":{\"@id\":\"https:\\\/\\\/www.eldiario.net\\\/portal\\\/#organization\"},\"potentialAction\":[{\"@type\":\"SearchAction\",\"target\":{\"@type\":\"EntryPoint\",\"urlTemplate\":\"https:\\\/\\\/www.eldiario.net\\\/portal\\\/?s={search_term_string}\"},\"query-input\":{\"@type\":\"PropertyValueSpecification\",\"valueRequired\":true,\"valueName\":\"search_term_string\"}}],\"inLanguage\":\"es\"},{\"@type\":\"Organization\",\"@id\":\"https:\\\/\\\/www.eldiario.net\\\/portal\\\/#organization\",\"name\":\"El Diario - Decano de la prensa nacional\",\"url\":\"https:\\\/\\\/www.eldiario.net\\\/portal\\\/\",\"logo\":{\"@type\":\"ImageObject\",\"inLanguage\":\"es\",\"@id\":\"https:\\\/\\\/www.eldiario.net\\\/portal\\\/#\\\/schema\\\/logo\\\/image\\\/\",\"url\":\"https:\\\/\\\/www.eldiario.net\\\/portal\\\/wp-content\\\/uploads\\\/2023\\\/07\\\/logo_ED.jpg\",\"contentUrl\":\"https:\\\/\\\/www.eldiario.net\\\/portal\\\/wp-content\\\/uploads\\\/2023\\\/07\\\/logo_ED.jpg\",\"width\":272,\"height\":52,\"caption\":\"El Diario - Decano de la prensa nacional\"},\"image\":{\"@id\":\"https:\\\/\\\/www.eldiario.net\\\/portal\\\/#\\\/schema\\\/logo\\\/image\\\/\"},\"sameAs\":[\"https:\\\/\\\/www.facebook.com\\\/eldiario.bolivia\\\/\",\"https:\\\/\\\/x.com\\\/eldiario_net\"]},{\"@type\":\"Person\",\"@id\":\"https:\\\/\\\/www.eldiario.net\\\/portal\\\/#\\\/schema\\\/person\\\/f46445640444750d7d753ccd04ae01b7\",\"name\":\"Jeanette\",\"image\":{\"@type\":\"ImageObject\",\"inLanguage\":\"es\",\"@id\":\"https:\\\/\\\/secure.gravatar.com\\\/avatar\\\/3ea2118a5f7dad2b7138b1187a6b7ee55f160b9968b66013c3a3ef39dd7e5798?s=96&d=mm&r=g\",\"url\":\"https:\\\/\\\/secure.gravatar.com\\\/avatar\\\/3ea2118a5f7dad2b7138b1187a6b7ee55f160b9968b66013c3a3ef39dd7e5798?s=96&d=mm&r=g\",\"contentUrl\":\"https:\\\/\\\/secure.gravatar.com\\\/avatar\\\/3ea2118a5f7dad2b7138b1187a6b7ee55f160b9968b66013c3a3ef39dd7e5798?s=96&d=mm&r=g\",\"caption\":\"Jeanette\"},\"sameAs\":[\"https:\\\/\\\/www.eldiario.net\\\/portal\"],\"url\":\"https:\\\/\\\/www.eldiario.net\\\/portal\\\/author\\\/jeanette\\\/\"}]}<\/script>\n<!-- \/ Yoast SEO plugin. -->","yoast_head_json":{"title":"Estrellas, realizadores e invitados especiales celebran el estreno mundial de Intensa-Mente 2 en Hollywood - El Diario - Bolivia","robots":{"index":"index","follow":"follow","max-snippet":"max-snippet:-1","max-image-preview":"max-image-preview:large","max-video-preview":"max-video-preview:-1"},"canonical":"https:\/\/www.eldiario.net\/portal\/2024\/06\/16\/estrellas-realizadores-e-invitados-especiales-celebran-el-estreno-mundial-de-intensa-mente-2-en-hollywood\/","og_locale":"es_ES","og_type":"article","og_title":"Estrellas, realizadores e invitados especiales celebran el estreno mundial de Intensa-Mente 2 en Hollywood - El Diario - Bolivia","og_description":"La nueva pel\u00edcula de Disney y Pixar lleg\u00f3 a los cines de Bolivia El elenco de estrellas se uni\u00f3 a los realizadores e invitados especiales en la alfombra p\u00farpura de Hollywood para celebrar el estreno mundial de Intensa-Mente 2, de Disney y Pixar. Los asistentes pudieron ver la nueva pel\u00edcula, que se estren\u00f3 en los [&hellip;]","og_url":"https:\/\/www.eldiario.net\/portal\/2024\/06\/16\/estrellas-realizadores-e-invitados-especiales-celebran-el-estreno-mundial-de-intensa-mente-2-en-hollywood\/","og_site_name":"El Diario - Bolivia","article_publisher":"https:\/\/www.facebook.com\/eldiario.bolivia\/","article_published_time":"2024-06-16T11:29:46+00:00","article_modified_time":"2024-06-16T11:30:49+00:00","og_image":[{"width":944,"height":602,"url":"https:\/\/www.eldiario.net\/portal\/wp-content\/uploads\/2024\/06\/Amy-Poehler-Estrellas-realizadores-e-invitados-especiales-celebran-el-estreno-mundial-de-Intensa-Mente-2-en-Hollywood.jpg","type":"image\/jpeg"}],"author":"Jeanette","twitter_card":"summary_large_image","twitter_creator":"@eldiario_net","twitter_site":"@eldiario_net","twitter_misc":{"Escrito por":"Jeanette","Tiempo de lectura":"2 minutos"},"schema":{"@context":"https:\/\/schema.org","@graph":[{"@type":"Article","@id":"https:\/\/www.eldiario.net\/portal\/2024\/06\/16\/estrellas-realizadores-e-invitados-especiales-celebran-el-estreno-mundial-de-intensa-mente-2-en-hollywood\/#article","isPartOf":{"@id":"https:\/\/www.eldiario.net\/portal\/2024\/06\/16\/estrellas-realizadores-e-invitados-especiales-celebran-el-estreno-mundial-de-intensa-mente-2-en-hollywood\/"},"author":{"name":"Jeanette","@id":"https:\/\/www.eldiario.net\/portal\/#\/schema\/person\/f46445640444750d7d753ccd04ae01b7"},"headline":"Estrellas, realizadores e invitados especiales celebran el estreno mundial de Intensa-Mente 2 en Hollywood","datePublished":"2024-06-16T11:29:46+00:00","dateModified":"2024-06-16T11:30:49+00:00","mainEntityOfPage":{"@id":"https:\/\/www.eldiario.net\/portal\/2024\/06\/16\/estrellas-realizadores-e-invitados-especiales-celebran-el-estreno-mundial-de-intensa-mente-2-en-hollywood\/"},"wordCount":241,"commentCount":0,"publisher":{"@id":"https:\/\/www.eldiario.net\/portal\/#organization"},"image":{"@id":"https:\/\/www.eldiario.net\/portal\/2024\/06\/16\/estrellas-realizadores-e-invitados-especiales-celebran-el-estreno-mundial-de-intensa-mente-2-en-hollywood\/#primaryimage"},"thumbnailUrl":"https:\/\/www.eldiario.net\/portal\/wp-content\/uploads\/2024\/06\/Amy-Poehler-Estrellas-realizadores-e-invitados-especiales-celebran-el-estreno-mundial-de-Intensa-Mente-2-en-Hollywood.jpg","articleSection":["Cine Mundo"],"inLanguage":"es","potentialAction":[{"@type":"CommentAction","name":"Comment","target":["https:\/\/www.eldiario.net\/portal\/2024\/06\/16\/estrellas-realizadores-e-invitados-especiales-celebran-el-estreno-mundial-de-intensa-mente-2-en-hollywood\/#respond"]}]},{"@type":"WebPage","@id":"https:\/\/www.eldiario.net\/portal\/2024\/06\/16\/estrellas-realizadores-e-invitados-especiales-celebran-el-estreno-mundial-de-intensa-mente-2-en-hollywood\/","url":"https:\/\/www.eldiario.net\/portal\/2024\/06\/16\/estrellas-realizadores-e-invitados-especiales-celebran-el-estreno-mundial-de-intensa-mente-2-en-hollywood\/","name":"Estrellas, realizadores e invitados especiales celebran el estreno mundial de Intensa-Mente 2 en Hollywood - El Diario - Bolivia","isPartOf":{"@id":"https:\/\/www.eldiario.net\/portal\/#website"},"primaryImageOfPage":{"@id":"https:\/\/www.eldiario.net\/portal\/2024\/06\/16\/estrellas-realizadores-e-invitados-especiales-celebran-el-estreno-mundial-de-intensa-mente-2-en-hollywood\/#primaryimage"},"image":{"@id":"https:\/\/www.eldiario.net\/portal\/2024\/06\/16\/estrellas-realizadores-e-invitados-especiales-celebran-el-estreno-mundial-de-intensa-mente-2-en-hollywood\/#primaryimage"},"thumbnailUrl":"https:\/\/www.eldiario.net\/portal\/wp-content\/uploads\/2024\/06\/Amy-Poehler-Estrellas-realizadores-e-invitados-especiales-celebran-el-estreno-mundial-de-Intensa-Mente-2-en-Hollywood.jpg","datePublished":"2024-06-16T11:29:46+00:00","dateModified":"2024-06-16T11:30:49+00:00","breadcrumb":{"@id":"https:\/\/www.eldiario.net\/portal\/2024\/06\/16\/estrellas-realizadores-e-invitados-especiales-celebran-el-estreno-mundial-de-intensa-mente-2-en-hollywood\/#breadcrumb"},"inLanguage":"es","potentialAction":[{"@type":"ReadAction","target":["https:\/\/www.eldiario.net\/portal\/2024\/06\/16\/estrellas-realizadores-e-invitados-especiales-celebran-el-estreno-mundial-de-intensa-mente-2-en-hollywood\/"]}]},{"@type":"ImageObject","inLanguage":"es","@id":"https:\/\/www.eldiario.net\/portal\/2024\/06\/16\/estrellas-realizadores-e-invitados-especiales-celebran-el-estreno-mundial-de-intensa-mente-2-en-hollywood\/#primaryimage","url":"https:\/\/www.eldiario.net\/portal\/wp-content\/uploads\/2024\/06\/Amy-Poehler-Estrellas-realizadores-e-invitados-especiales-celebran-el-estreno-mundial-de-Intensa-Mente-2-en-Hollywood.jpg","contentUrl":"https:\/\/www.eldiario.net\/portal\/wp-content\/uploads\/2024\/06\/Amy-Poehler-Estrellas-realizadores-e-invitados-especiales-celebran-el-estreno-mundial-de-Intensa-Mente-2-en-Hollywood.jpg","width":944,"height":602},{"@type":"BreadcrumbList","@id":"https:\/\/www.eldiario.net\/portal\/2024\/06\/16\/estrellas-realizadores-e-invitados-especiales-celebran-el-estreno-mundial-de-intensa-mente-2-en-hollywood\/#breadcrumb","itemListElement":[{"@type":"ListItem","position":1,"name":"Portada","item":"https:\/\/www.eldiario.net\/portal\/"},{"@type":"ListItem","position":2,"name":"Estrellas, realizadores e invitados especiales celebran el estreno mundial de Intensa-Mente 2 en Hollywood"}]},{"@type":"WebSite","@id":"https:\/\/www.eldiario.net\/portal\/#website","url":"https:\/\/www.eldiario.net\/portal\/","name":"El Diario - Decano de la prensa nacional","description":"El Diario - Decano de la prensa nacional","publisher":{"@id":"https:\/\/www.eldiario.net\/portal\/#organization"},"potentialAction":[{"@type":"SearchAction","target":{"@type":"EntryPoint","urlTemplate":"https:\/\/www.eldiario.net\/portal\/?s={search_term_string}"},"query-input":{"@type":"PropertyValueSpecification","valueRequired":true,"valueName":"search_term_string"}}],"inLanguage":"es"},{"@type":"Organization","@id":"https:\/\/www.eldiario.net\/portal\/#organization","name":"El Diario - Decano de la prensa nacional","url":"https:\/\/www.eldiario.net\/portal\/","logo":{"@type":"ImageObject","inLanguage":"es","@id":"https:\/\/www.eldiario.net\/portal\/#\/schema\/logo\/image\/","url":"https:\/\/www.eldiario.net\/portal\/wp-content\/uploads\/2023\/07\/logo_ED.jpg","contentUrl":"https:\/\/www.eldiario.net\/portal\/wp-content\/uploads\/2023\/07\/logo_ED.jpg","width":272,"height":52,"caption":"El Diario - Decano de la prensa nacional"},"image":{"@id":"https:\/\/www.eldiario.net\/portal\/#\/schema\/logo\/image\/"},"sameAs":["https:\/\/www.facebook.com\/eldiario.bolivia\/","https:\/\/x.com\/eldiario_net"]},{"@type":"Person","@id":"https:\/\/www.eldiario.net\/portal\/#\/schema\/person\/f46445640444750d7d753ccd04ae01b7","name":"Jeanette","image":{"@type":"ImageObject","inLanguage":"es","@id":"https:\/\/secure.gravatar.com\/avatar\/3ea2118a5f7dad2b7138b1187a6b7ee55f160b9968b66013c3a3ef39dd7e5798?s=96&d=mm&r=g","url":"https:\/\/secure.gravatar.com\/avatar\/3ea2118a5f7dad2b7138b1187a6b7ee55f160b9968b66013c3a3ef39dd7e5798?s=96&d=mm&r=g","contentUrl":"https:\/\/secure.gravatar.com\/avatar\/3ea2118a5f7dad2b7138b1187a6b7ee55f160b9968b66013c3a3ef39dd7e5798?s=96&d=mm&r=g","caption":"Jeanette"},"sameAs":["https:\/\/www.eldiario.net\/portal"],"url":"https:\/\/www.eldiario.net\/portal\/author\/jeanette\/"}]}},"_links":{"self":[{"href":"https:\/\/www.eldiario.net\/portal\/wp-json\/wp\/v2\/posts\/227617","targetHints":{"allow":["GET"]}}],"collection":[{"href":"https:\/\/www.eldiario.net\/portal\/wp-json\/wp\/v2\/posts"}],"about":[{"href":"https:\/\/www.eldiario.net\/portal\/wp-json\/wp\/v2\/types\/post"}],"author":[{"embeddable":true,"href":"https:\/\/www.eldiario.net\/portal\/wp-json\/wp\/v2\/users\/1"}],"replies":[{"embeddable":true,"href":"https:\/\/www.eldiario.net\/portal\/wp-json\/wp\/v2\/comments?post=227617"}],"version-history":[{"count":1,"href":"https:\/\/www.eldiario.net\/portal\/wp-json\/wp\/v2\/posts\/227617\/revisions"}],"predecessor-version":[{"id":227619,"href":"https:\/\/www.eldiario.net\/portal\/wp-json\/wp\/v2\/posts\/227617\/revisions\/227619"}],"wp:featuredmedia":[{"embeddable":true,"href":"https:\/\/www.eldiario.net\/portal\/wp-json\/wp\/v2\/media\/227623"}],"wp:attachment":[{"href":"https:\/\/www.eldiario.net\/portal\/wp-json\/wp\/v2\/media?parent=227617"}],"wp:term":[{"taxonomy":"category","embeddable":true,"href":"https:\/\/www.eldiario.net\/portal\/wp-json\/wp\/v2\/categories?post=227617"},{"taxonomy":"post_tag","embeddable":true,"href":"https:\/\/www.eldiario.net\/portal\/wp-json\/wp\/v2\/tags?post=227617"}],"curies":[{"name":"wp","href":"https:\/\/api.w.org\/{rel}","templated":true}]}}