{"id":227608,"date":"2024-06-16T07:27:45","date_gmt":"2024-06-16T11:27:45","guid":{"rendered":"https:\/\/www.eldiario.net\/portal\/?p=227608"},"modified":"2024-06-16T07:27:45","modified_gmt":"2024-06-16T11:27:45","slug":"la-produccion-de-observados","status":"publish","type":"post","link":"https:\/\/www.eldiario.net\/portal\/2024\/06\/16\/la-produccion-de-observados\/","title":{"rendered":"LA PRODUCCI\u00d3N DE OBSERVADOS"},"content":{"rendered":"<p>Desde el principio del proceso de dise\u00f1o, la directora y guionista Ishana Night Shyamalan y la dise\u00f1adora de producci\u00f3n Ferdia Murphy se fijaron en dos ideas predominantes en \u201cObservados\u201d: contenci\u00f3n y claustrofobia. \u201cLa sensaci\u00f3n de estar a salvo en alg\u00fan lugar, pero tambi\u00e9n la necesidad de escapar de \u00e9l&#8230; hay una sensaci\u00f3n tanto de encierro como de seguridad\u201d, explica Murphy. \u201cHay capas de observaci\u00f3n, de observar y ser observado\u201d.<br \/>\n La directora de \u201cObservados\u201d, Shyamalan, y la dise\u00f1adora Murphy se inspiraron en obras que transmiten una mezcla de cuento de hadas y pesadilla: pel\u00edculas como \u201cEl laberinto del fauno\u201d, de Guillermo del Toro, \u201cLa bruja\u201d, de Robert Eggers, y \u201cAnticristo\u201d, de Lars von Trier, junto con la obra del fot\u00f3grafo estadounidense Gregory Crewdson.<br \/>\nLa directora Shyamalan atribuye al director de fotograf\u00eda, Eli Arenson, \u201cla capacidad de unir con elegancia los mundos de la realidad y la fantas\u00eda, que es justo lo que buscaba en \u2018Observados\u2019\u201c. Arenson cita un amplio abanico de referencias para crear el aspecto de la pel\u00edcula: \u201cuna especie de mezcla de lo culto y lo no tan culto: el cine del mexicano Carlos Reygadas, el del tailand\u00e9s Apichatpong Weerasethakul, el anime, el manga, los dibujos animados y un enorme abanico de obras que quer\u00edamos evocar. Pero, sobre todo, quisimos que esta historia tuviera los pies en la tierra. Aunque trata de folclore, est\u00e1 muy arraigada en la realidad\u201d.<br \/>\nLos espejos se convirtieron en un elemento recurrente en el dise\u00f1o de \u201cObservados\u201d, a medida que Shyamalan exploraba el concepto de reflejo y creaba espacios que fueran reflejos unos de otros, empezando por Mina y su hermana gemela, Lucy. Luego, est\u00e1 el corral hecho por el hombre y las madrigueras creadas por los vigilantes. Y, por supuesto, la enorme pared de espejos bidireccionales del corral. Los propios vigilantes tambi\u00e9n roban espejos de los autom\u00f3viles y los esconden en las madrigueras.<br \/>\nDebido a las limitaciones de espacio de los estudios que albergan los sets de \u201cObservados\u201d (en los que no cab\u00eda la gr\u00faa necesaria para levantar un enorme espejo y colocarlo en su sitio), el espejo del corral, de una sola pieza, era en realidad cuatro piezas individuales de cristal; cada una necesit\u00f3 de ocho miembros del equipo para levantarla.<br \/>\nAunque el bosque de Ballinastoe, en el condado de Wicklow, se convirti\u00f3 en el bosque \u201ch\u00e9roe\u201d de \u201cObsevados\u201d, la producci\u00f3n recurri\u00f3 a m\u00faltiples lugares boscosos para dar con el bosque ideal para la pel\u00edcula. Seg\u00fan la dise\u00f1adora Ferdia Murphy, \u201cAlgunas de las locaciones que elegimos tienen cualidades muy distintivas. Algunas son mucho m\u00e1s suaves que otras. Algunas son casi sopor\u00edferas, l\u00e1nguidas. Otras son realmente duras: l\u00edneas verticales de \u00e1rboles, muy espinosas. Fue estupendo descubrir que Irlanda ofrec\u00eda una diversidad de looks para la pel\u00edcula\u201d.<br \/>\nLa dise\u00f1adora de producci\u00f3n de \u201cObservados\u201d, Ferdia Murphy, se encontr\u00f3 haciendo agujeros en sus sets e incorporando paredes flotantes siempre que le fue posible, para acomodar las creativas colocaciones de c\u00e1mara del director de fotograf\u00eda Eli Arenson durante el rodaje.<br \/>\nSeg\u00fan la directora de \u201cObservados\u201d, Shyamalan, \u201cUtilizamos iluminaci\u00f3n y elementos teatrales para subrayar realmente el prop\u00f3sito del corral. Es un lugar para que estas personas sean observadas y exhibidas. Es un observatorio que funciona en dos sentidos, con observaci\u00f3n y juicio por ambas partes\u201d. La dise\u00f1adora de producci\u00f3n Ferdia Murphy y la escen\u00f3grafa Jill Turner trataron al corral como un escenario con diferentes vi\u00f1etas para las distintas zonas. El sill\u00f3n con respaldo y el gram\u00f3fono anticuado tienen un aire victoriano. El televisor y el sof\u00e1 sugieren algo de finales de mediados de siglo. La cama individual recuerda a los a\u00f1os treinta. El objetivo general era proyectar sencillez y escasez con muebles que no compitieran con el cuarteto de ocupantes cuando se encendieran las luces para la visita nocturna de los vigilantes.<br \/>\nEn \u201cObservados\u201d, despu\u00e9s de que Mina lleve un tiempo en el corral, decora el suelo del espacio con dibujos a carboncillo. Los dibujos se crearon en una sola noche por tres miembros del equipo, utilizando escaleras para maniobrar entre los muebles y para elevar a los artistas y evitar que mancharan las obras.<br \/>\nLa pieza central del set de \u201cObservados\u201d es el corral, que se construy\u00f3 dentro de un set de filmaci\u00f3n. Sin embargo, tambi\u00e9n se construy\u00f3 un exterior a tama\u00f1o real en las colinas cercanas a Luggala, en el condado de Wicklow, un pico de 595 metros.<br \/>\nEn \u201cObservados\u201d, Mina emprende un viaje para entregar un loro dorado a su nuevo due\u00f1o, y cuando su coche se aver\u00eda, tanto Mina como el loro entran en la jaula. El cuidador de animales de la pel\u00edcula localiz\u00f3 dos loros para el rodaje, y los equipos art\u00edsticos crearon no s\u00f3lo un p\u00e1jaro de imitaci\u00f3n, sino tambi\u00e9n m\u00faltiples iteraciones de la jaula (para los diferentes requerimientos de la escena). La creaci\u00f3n de las jaulas y los p\u00e1jaros de imitaci\u00f3n llev\u00f3 siete semanas, y se dedic\u00f3 tiempo a garantizar que todas las versiones formaran un conjunto perfecto cuando se rodaran.<br \/>\nPara el decorado del despacho de un profesor universitario en \u201cObservados\u201d, se subieron m\u00e1s de 200 cajas de libros -junto con una importante cantidad de mobiliario y decorados- por cuatro tramos de escaleras en una instituci\u00f3n muy servicial.<\/p>\n","protected":false},"excerpt":{"rendered":"<p>Desde el principio del proceso de dise\u00f1o, la directora y guionista Ishana Night Shyamalan y la dise\u00f1adora de producci\u00f3n Ferdia Murphy se fijaron en dos ideas predominantes en \u201cObservados\u201d: contenci\u00f3n y claustrofobia. \u201cLa sensaci\u00f3n de estar a salvo en alg\u00fan lugar, pero tambi\u00e9n la necesidad de escapar de \u00e9l&#8230; hay una sensaci\u00f3n tanto de encierro [&hellip;]<\/p>\n","protected":false},"author":1,"featured_media":227609,"comment_status":"open","ping_status":"open","sticky":false,"template":"","format":"standard","meta":{"_acf_changed":false,"footnotes":""},"categories":[45],"tags":[],"class_list":["post-227608","post","type-post","status-publish","format-standard","has-post-thumbnail","category-cine-mundo"],"acf":{"antetitulo":""},"yoast_head":"<!-- This site is optimized with the Yoast SEO plugin v28.4 - https:\/\/yoast.com\/product\/yoast-seo-wordpress\/ -->\n<title>LA PRODUCCI\u00d3N DE OBSERVADOS - El Diario - Bolivia<\/title>\n<meta name=\"robots\" content=\"index, follow, max-snippet:-1, max-image-preview:large, max-video-preview:-1\" \/>\n<link rel=\"canonical\" href=\"https:\/\/www.eldiario.net\/portal\/2024\/06\/16\/la-produccion-de-observados\/\" \/>\n<meta property=\"og:locale\" content=\"es_ES\" \/>\n<meta property=\"og:type\" content=\"article\" \/>\n<meta property=\"og:title\" content=\"LA PRODUCCI\u00d3N DE OBSERVADOS - El Diario - Bolivia\" \/>\n<meta property=\"og:description\" content=\"Desde el principio del proceso de dise\u00f1o, la directora y guionista Ishana Night Shyamalan y la dise\u00f1adora de producci\u00f3n Ferdia Murphy se fijaron en dos ideas predominantes en \u201cObservados\u201d: contenci\u00f3n y claustrofobia. \u201cLa sensaci\u00f3n de estar a salvo en alg\u00fan lugar, pero tambi\u00e9n la necesidad de escapar de \u00e9l&#8230; hay una sensaci\u00f3n tanto de encierro [&hellip;]\" \/>\n<meta property=\"og:url\" content=\"https:\/\/www.eldiario.net\/portal\/2024\/06\/16\/la-produccion-de-observados\/\" \/>\n<meta property=\"og:site_name\" content=\"El Diario - Bolivia\" \/>\n<meta property=\"article:publisher\" content=\"https:\/\/www.facebook.com\/eldiario.bolivia\/\" \/>\n<meta property=\"article:published_time\" content=\"2024-06-16T11:27:45+00:00\" \/>\n<meta property=\"og:image\" content=\"https:\/\/www.eldiario.net\/portal\/wp-content\/uploads\/2024\/06\/LA-PRODUCCION-DE-OBSERVADOS.jpg\" \/>\n\t<meta property=\"og:image:width\" content=\"1200\" \/>\n\t<meta property=\"og:image:height\" content=\"600\" \/>\n\t<meta property=\"og:image:type\" content=\"image\/jpeg\" \/>\n<meta name=\"author\" content=\"Jeanette\" \/>\n<meta name=\"twitter:card\" content=\"summary_large_image\" \/>\n<meta name=\"twitter:creator\" content=\"@eldiario_net\" \/>\n<meta name=\"twitter:site\" content=\"@eldiario_net\" \/>\n<meta name=\"twitter:label1\" content=\"Escrito por\" \/>\n\t<meta name=\"twitter:data1\" content=\"Jeanette\" \/>\n\t<meta name=\"twitter:label2\" content=\"Tiempo de lectura\" \/>\n\t<meta name=\"twitter:data2\" content=\"1 minuto\" \/>\n<script type=\"application\/ld+json\" class=\"yoast-schema-graph\">{\"@context\":\"https:\\\/\\\/schema.org\",\"@graph\":[{\"@type\":\"Article\",\"@id\":\"https:\\\/\\\/www.eldiario.net\\\/portal\\\/2024\\\/06\\\/16\\\/la-produccion-de-observados\\\/#article\",\"isPartOf\":{\"@id\":\"https:\\\/\\\/www.eldiario.net\\\/portal\\\/2024\\\/06\\\/16\\\/la-produccion-de-observados\\\/\"},\"author\":{\"name\":\"Jeanette\",\"@id\":\"https:\\\/\\\/www.eldiario.net\\\/portal\\\/#\\\/schema\\\/person\\\/f46445640444750d7d753ccd04ae01b7\"},\"headline\":\"LA PRODUCCI\u00d3N DE OBSERVADOS\",\"datePublished\":\"2024-06-16T11:27:45+00:00\",\"mainEntityOfPage\":{\"@id\":\"https:\\\/\\\/www.eldiario.net\\\/portal\\\/2024\\\/06\\\/16\\\/la-produccion-de-observados\\\/\"},\"wordCount\":928,\"commentCount\":0,\"publisher\":{\"@id\":\"https:\\\/\\\/www.eldiario.net\\\/portal\\\/#organization\"},\"image\":{\"@id\":\"https:\\\/\\\/www.eldiario.net\\\/portal\\\/2024\\\/06\\\/16\\\/la-produccion-de-observados\\\/#primaryimage\"},\"thumbnailUrl\":\"https:\\\/\\\/www.eldiario.net\\\/portal\\\/wp-content\\\/uploads\\\/2024\\\/06\\\/LA-PRODUCCION-DE-OBSERVADOS.jpg\",\"articleSection\":[\"Cine Mundo\"],\"inLanguage\":\"es\",\"potentialAction\":[{\"@type\":\"CommentAction\",\"name\":\"Comment\",\"target\":[\"https:\\\/\\\/www.eldiario.net\\\/portal\\\/2024\\\/06\\\/16\\\/la-produccion-de-observados\\\/#respond\"]}]},{\"@type\":\"WebPage\",\"@id\":\"https:\\\/\\\/www.eldiario.net\\\/portal\\\/2024\\\/06\\\/16\\\/la-produccion-de-observados\\\/\",\"url\":\"https:\\\/\\\/www.eldiario.net\\\/portal\\\/2024\\\/06\\\/16\\\/la-produccion-de-observados\\\/\",\"name\":\"LA PRODUCCI\u00d3N DE OBSERVADOS - El Diario - Bolivia\",\"isPartOf\":{\"@id\":\"https:\\\/\\\/www.eldiario.net\\\/portal\\\/#website\"},\"primaryImageOfPage\":{\"@id\":\"https:\\\/\\\/www.eldiario.net\\\/portal\\\/2024\\\/06\\\/16\\\/la-produccion-de-observados\\\/#primaryimage\"},\"image\":{\"@id\":\"https:\\\/\\\/www.eldiario.net\\\/portal\\\/2024\\\/06\\\/16\\\/la-produccion-de-observados\\\/#primaryimage\"},\"thumbnailUrl\":\"https:\\\/\\\/www.eldiario.net\\\/portal\\\/wp-content\\\/uploads\\\/2024\\\/06\\\/LA-PRODUCCION-DE-OBSERVADOS.jpg\",\"datePublished\":\"2024-06-16T11:27:45+00:00\",\"breadcrumb\":{\"@id\":\"https:\\\/\\\/www.eldiario.net\\\/portal\\\/2024\\\/06\\\/16\\\/la-produccion-de-observados\\\/#breadcrumb\"},\"inLanguage\":\"es\",\"potentialAction\":[{\"@type\":\"ReadAction\",\"target\":[\"https:\\\/\\\/www.eldiario.net\\\/portal\\\/2024\\\/06\\\/16\\\/la-produccion-de-observados\\\/\"]}]},{\"@type\":\"ImageObject\",\"inLanguage\":\"es\",\"@id\":\"https:\\\/\\\/www.eldiario.net\\\/portal\\\/2024\\\/06\\\/16\\\/la-produccion-de-observados\\\/#primaryimage\",\"url\":\"https:\\\/\\\/www.eldiario.net\\\/portal\\\/wp-content\\\/uploads\\\/2024\\\/06\\\/LA-PRODUCCION-DE-OBSERVADOS.jpg\",\"contentUrl\":\"https:\\\/\\\/www.eldiario.net\\\/portal\\\/wp-content\\\/uploads\\\/2024\\\/06\\\/LA-PRODUCCION-DE-OBSERVADOS.jpg\",\"width\":1200,\"height\":600},{\"@type\":\"BreadcrumbList\",\"@id\":\"https:\\\/\\\/www.eldiario.net\\\/portal\\\/2024\\\/06\\\/16\\\/la-produccion-de-observados\\\/#breadcrumb\",\"itemListElement\":[{\"@type\":\"ListItem\",\"position\":1,\"name\":\"Portada\",\"item\":\"https:\\\/\\\/www.eldiario.net\\\/portal\\\/\"},{\"@type\":\"ListItem\",\"position\":2,\"name\":\"LA PRODUCCI\u00d3N DE OBSERVADOS\"}]},{\"@type\":\"WebSite\",\"@id\":\"https:\\\/\\\/www.eldiario.net\\\/portal\\\/#website\",\"url\":\"https:\\\/\\\/www.eldiario.net\\\/portal\\\/\",\"name\":\"El Diario - Decano de la prensa nacional\",\"description\":\"El Diario - Decano de la prensa nacional\",\"publisher\":{\"@id\":\"https:\\\/\\\/www.eldiario.net\\\/portal\\\/#organization\"},\"potentialAction\":[{\"@type\":\"SearchAction\",\"target\":{\"@type\":\"EntryPoint\",\"urlTemplate\":\"https:\\\/\\\/www.eldiario.net\\\/portal\\\/?s={search_term_string}\"},\"query-input\":{\"@type\":\"PropertyValueSpecification\",\"valueRequired\":true,\"valueName\":\"search_term_string\"}}],\"inLanguage\":\"es\"},{\"@type\":\"Organization\",\"@id\":\"https:\\\/\\\/www.eldiario.net\\\/portal\\\/#organization\",\"name\":\"El Diario - Decano de la prensa nacional\",\"url\":\"https:\\\/\\\/www.eldiario.net\\\/portal\\\/\",\"logo\":{\"@type\":\"ImageObject\",\"inLanguage\":\"es\",\"@id\":\"https:\\\/\\\/www.eldiario.net\\\/portal\\\/#\\\/schema\\\/logo\\\/image\\\/\",\"url\":\"https:\\\/\\\/www.eldiario.net\\\/portal\\\/wp-content\\\/uploads\\\/2023\\\/07\\\/logo_ED.jpg\",\"contentUrl\":\"https:\\\/\\\/www.eldiario.net\\\/portal\\\/wp-content\\\/uploads\\\/2023\\\/07\\\/logo_ED.jpg\",\"width\":272,\"height\":52,\"caption\":\"El Diario - Decano de la prensa nacional\"},\"image\":{\"@id\":\"https:\\\/\\\/www.eldiario.net\\\/portal\\\/#\\\/schema\\\/logo\\\/image\\\/\"},\"sameAs\":[\"https:\\\/\\\/www.facebook.com\\\/eldiario.bolivia\\\/\",\"https:\\\/\\\/x.com\\\/eldiario_net\"]},{\"@type\":\"Person\",\"@id\":\"https:\\\/\\\/www.eldiario.net\\\/portal\\\/#\\\/schema\\\/person\\\/f46445640444750d7d753ccd04ae01b7\",\"name\":\"Jeanette\",\"image\":{\"@type\":\"ImageObject\",\"inLanguage\":\"es\",\"@id\":\"https:\\\/\\\/secure.gravatar.com\\\/avatar\\\/3ea2118a5f7dad2b7138b1187a6b7ee55f160b9968b66013c3a3ef39dd7e5798?s=96&d=mm&r=g\",\"url\":\"https:\\\/\\\/secure.gravatar.com\\\/avatar\\\/3ea2118a5f7dad2b7138b1187a6b7ee55f160b9968b66013c3a3ef39dd7e5798?s=96&d=mm&r=g\",\"contentUrl\":\"https:\\\/\\\/secure.gravatar.com\\\/avatar\\\/3ea2118a5f7dad2b7138b1187a6b7ee55f160b9968b66013c3a3ef39dd7e5798?s=96&d=mm&r=g\",\"caption\":\"Jeanette\"},\"sameAs\":[\"https:\\\/\\\/www.eldiario.net\\\/portal\"],\"url\":\"https:\\\/\\\/www.eldiario.net\\\/portal\\\/author\\\/jeanette\\\/\"}]}<\/script>\n<!-- \/ Yoast SEO plugin. -->","yoast_head_json":{"title":"LA PRODUCCI\u00d3N DE OBSERVADOS - El Diario - Bolivia","robots":{"index":"index","follow":"follow","max-snippet":"max-snippet:-1","max-image-preview":"max-image-preview:large","max-video-preview":"max-video-preview:-1"},"canonical":"https:\/\/www.eldiario.net\/portal\/2024\/06\/16\/la-produccion-de-observados\/","og_locale":"es_ES","og_type":"article","og_title":"LA PRODUCCI\u00d3N DE OBSERVADOS - El Diario - Bolivia","og_description":"Desde el principio del proceso de dise\u00f1o, la directora y guionista Ishana Night Shyamalan y la dise\u00f1adora de producci\u00f3n Ferdia Murphy se fijaron en dos ideas predominantes en \u201cObservados\u201d: contenci\u00f3n y claustrofobia. \u201cLa sensaci\u00f3n de estar a salvo en alg\u00fan lugar, pero tambi\u00e9n la necesidad de escapar de \u00e9l&#8230; hay una sensaci\u00f3n tanto de encierro [&hellip;]","og_url":"https:\/\/www.eldiario.net\/portal\/2024\/06\/16\/la-produccion-de-observados\/","og_site_name":"El Diario - Bolivia","article_publisher":"https:\/\/www.facebook.com\/eldiario.bolivia\/","article_published_time":"2024-06-16T11:27:45+00:00","og_image":[{"width":1200,"height":600,"url":"https:\/\/www.eldiario.net\/portal\/wp-content\/uploads\/2024\/06\/LA-PRODUCCION-DE-OBSERVADOS.jpg","type":"image\/jpeg"}],"author":"Jeanette","twitter_card":"summary_large_image","twitter_creator":"@eldiario_net","twitter_site":"@eldiario_net","twitter_misc":{"Escrito por":"Jeanette","Tiempo de lectura":"1 minuto"},"schema":{"@context":"https:\/\/schema.org","@graph":[{"@type":"Article","@id":"https:\/\/www.eldiario.net\/portal\/2024\/06\/16\/la-produccion-de-observados\/#article","isPartOf":{"@id":"https:\/\/www.eldiario.net\/portal\/2024\/06\/16\/la-produccion-de-observados\/"},"author":{"name":"Jeanette","@id":"https:\/\/www.eldiario.net\/portal\/#\/schema\/person\/f46445640444750d7d753ccd04ae01b7"},"headline":"LA PRODUCCI\u00d3N DE OBSERVADOS","datePublished":"2024-06-16T11:27:45+00:00","mainEntityOfPage":{"@id":"https:\/\/www.eldiario.net\/portal\/2024\/06\/16\/la-produccion-de-observados\/"},"wordCount":928,"commentCount":0,"publisher":{"@id":"https:\/\/www.eldiario.net\/portal\/#organization"},"image":{"@id":"https:\/\/www.eldiario.net\/portal\/2024\/06\/16\/la-produccion-de-observados\/#primaryimage"},"thumbnailUrl":"https:\/\/www.eldiario.net\/portal\/wp-content\/uploads\/2024\/06\/LA-PRODUCCION-DE-OBSERVADOS.jpg","articleSection":["Cine Mundo"],"inLanguage":"es","potentialAction":[{"@type":"CommentAction","name":"Comment","target":["https:\/\/www.eldiario.net\/portal\/2024\/06\/16\/la-produccion-de-observados\/#respond"]}]},{"@type":"WebPage","@id":"https:\/\/www.eldiario.net\/portal\/2024\/06\/16\/la-produccion-de-observados\/","url":"https:\/\/www.eldiario.net\/portal\/2024\/06\/16\/la-produccion-de-observados\/","name":"LA PRODUCCI\u00d3N DE OBSERVADOS - El Diario - Bolivia","isPartOf":{"@id":"https:\/\/www.eldiario.net\/portal\/#website"},"primaryImageOfPage":{"@id":"https:\/\/www.eldiario.net\/portal\/2024\/06\/16\/la-produccion-de-observados\/#primaryimage"},"image":{"@id":"https:\/\/www.eldiario.net\/portal\/2024\/06\/16\/la-produccion-de-observados\/#primaryimage"},"thumbnailUrl":"https:\/\/www.eldiario.net\/portal\/wp-content\/uploads\/2024\/06\/LA-PRODUCCION-DE-OBSERVADOS.jpg","datePublished":"2024-06-16T11:27:45+00:00","breadcrumb":{"@id":"https:\/\/www.eldiario.net\/portal\/2024\/06\/16\/la-produccion-de-observados\/#breadcrumb"},"inLanguage":"es","potentialAction":[{"@type":"ReadAction","target":["https:\/\/www.eldiario.net\/portal\/2024\/06\/16\/la-produccion-de-observados\/"]}]},{"@type":"ImageObject","inLanguage":"es","@id":"https:\/\/www.eldiario.net\/portal\/2024\/06\/16\/la-produccion-de-observados\/#primaryimage","url":"https:\/\/www.eldiario.net\/portal\/wp-content\/uploads\/2024\/06\/LA-PRODUCCION-DE-OBSERVADOS.jpg","contentUrl":"https:\/\/www.eldiario.net\/portal\/wp-content\/uploads\/2024\/06\/LA-PRODUCCION-DE-OBSERVADOS.jpg","width":1200,"height":600},{"@type":"BreadcrumbList","@id":"https:\/\/www.eldiario.net\/portal\/2024\/06\/16\/la-produccion-de-observados\/#breadcrumb","itemListElement":[{"@type":"ListItem","position":1,"name":"Portada","item":"https:\/\/www.eldiario.net\/portal\/"},{"@type":"ListItem","position":2,"name":"LA PRODUCCI\u00d3N DE OBSERVADOS"}]},{"@type":"WebSite","@id":"https:\/\/www.eldiario.net\/portal\/#website","url":"https:\/\/www.eldiario.net\/portal\/","name":"El Diario - Decano de la prensa nacional","description":"El Diario - Decano de la prensa nacional","publisher":{"@id":"https:\/\/www.eldiario.net\/portal\/#organization"},"potentialAction":[{"@type":"SearchAction","target":{"@type":"EntryPoint","urlTemplate":"https:\/\/www.eldiario.net\/portal\/?s={search_term_string}"},"query-input":{"@type":"PropertyValueSpecification","valueRequired":true,"valueName":"search_term_string"}}],"inLanguage":"es"},{"@type":"Organization","@id":"https:\/\/www.eldiario.net\/portal\/#organization","name":"El Diario - Decano de la prensa nacional","url":"https:\/\/www.eldiario.net\/portal\/","logo":{"@type":"ImageObject","inLanguage":"es","@id":"https:\/\/www.eldiario.net\/portal\/#\/schema\/logo\/image\/","url":"https:\/\/www.eldiario.net\/portal\/wp-content\/uploads\/2023\/07\/logo_ED.jpg","contentUrl":"https:\/\/www.eldiario.net\/portal\/wp-content\/uploads\/2023\/07\/logo_ED.jpg","width":272,"height":52,"caption":"El Diario - Decano de la prensa nacional"},"image":{"@id":"https:\/\/www.eldiario.net\/portal\/#\/schema\/logo\/image\/"},"sameAs":["https:\/\/www.facebook.com\/eldiario.bolivia\/","https:\/\/x.com\/eldiario_net"]},{"@type":"Person","@id":"https:\/\/www.eldiario.net\/portal\/#\/schema\/person\/f46445640444750d7d753ccd04ae01b7","name":"Jeanette","image":{"@type":"ImageObject","inLanguage":"es","@id":"https:\/\/secure.gravatar.com\/avatar\/3ea2118a5f7dad2b7138b1187a6b7ee55f160b9968b66013c3a3ef39dd7e5798?s=96&d=mm&r=g","url":"https:\/\/secure.gravatar.com\/avatar\/3ea2118a5f7dad2b7138b1187a6b7ee55f160b9968b66013c3a3ef39dd7e5798?s=96&d=mm&r=g","contentUrl":"https:\/\/secure.gravatar.com\/avatar\/3ea2118a5f7dad2b7138b1187a6b7ee55f160b9968b66013c3a3ef39dd7e5798?s=96&d=mm&r=g","caption":"Jeanette"},"sameAs":["https:\/\/www.eldiario.net\/portal"],"url":"https:\/\/www.eldiario.net\/portal\/author\/jeanette\/"}]}},"_links":{"self":[{"href":"https:\/\/www.eldiario.net\/portal\/wp-json\/wp\/v2\/posts\/227608","targetHints":{"allow":["GET"]}}],"collection":[{"href":"https:\/\/www.eldiario.net\/portal\/wp-json\/wp\/v2\/posts"}],"about":[{"href":"https:\/\/www.eldiario.net\/portal\/wp-json\/wp\/v2\/types\/post"}],"author":[{"embeddable":true,"href":"https:\/\/www.eldiario.net\/portal\/wp-json\/wp\/v2\/users\/1"}],"replies":[{"embeddable":true,"href":"https:\/\/www.eldiario.net\/portal\/wp-json\/wp\/v2\/comments?post=227608"}],"version-history":[{"count":1,"href":"https:\/\/www.eldiario.net\/portal\/wp-json\/wp\/v2\/posts\/227608\/revisions"}],"predecessor-version":[{"id":227610,"href":"https:\/\/www.eldiario.net\/portal\/wp-json\/wp\/v2\/posts\/227608\/revisions\/227610"}],"wp:featuredmedia":[{"embeddable":true,"href":"https:\/\/www.eldiario.net\/portal\/wp-json\/wp\/v2\/media\/227609"}],"wp:attachment":[{"href":"https:\/\/www.eldiario.net\/portal\/wp-json\/wp\/v2\/media?parent=227608"}],"wp:term":[{"taxonomy":"category","embeddable":true,"href":"https:\/\/www.eldiario.net\/portal\/wp-json\/wp\/v2\/categories?post=227608"},{"taxonomy":"post_tag","embeddable":true,"href":"https:\/\/www.eldiario.net\/portal\/wp-json\/wp\/v2\/tags?post=227608"}],"curies":[{"name":"wp","href":"https:\/\/api.w.org\/{rel}","templated":true}]}}