{"id":227571,"date":"2024-06-16T07:09:19","date_gmt":"2024-06-16T11:09:19","guid":{"rendered":"https:\/\/www.eldiario.net\/portal\/?p=227571"},"modified":"2024-06-16T07:09:19","modified_gmt":"2024-06-16T11:09:19","slug":"exigen-al-estado-ley-de-proteccion-de-defensores-de-derechos-humanos","status":"publish","type":"post","link":"https:\/\/www.eldiario.net\/portal\/2024\/06\/16\/exigen-al-estado-ley-de-proteccion-de-defensores-de-derechos-humanos\/","title":{"rendered":"Exigen al Estado ley de protecci\u00f3n  de defensores de derechos humanos"},"content":{"rendered":"<p>El grupo de trabajo de defensores y defensoras de la Amazon\u00eda, que se instal\u00f3 en el marco del XI Foro Social Panamaz\u00f3nico (Fospa), exigi\u00f3 al Estado boliviano la protecci\u00f3n de los defensores de derechos humanos mediante una ley espec\u00edfica y, en consecuencia, poner fin a la criminalizaci\u00f3n.<br \/>\nLas exigencias a Bolivia son la \u201caprobaci\u00f3n de una norma con rango de ley que garantice y proteja los derechos de defensoras y defensores de los derechos humanos\u201d, el \u201caseguramiento de recursos para la implementaci\u00f3n efectiva de dicha ley\u201d, \u201cel cese de las autorizaciones para la explotaci\u00f3n de petr\u00f3leo y miner\u00eda aur\u00edfera en los territorios de los pueblos ind\u00edgenas\u201d, \u201cel fin de la criminalizaci\u00f3n de los defensores de derechos humanos\u201d, y la \u201cprotecci\u00f3n a las defensoras de Zongo y respeto a la sentencia de su jurisdicci\u00f3n ind\u00edgena originario campesina\u201d.<br \/>\nEl funcionamiento de este grupo obedece a la constante persecuci\u00f3n y hostigamiento a los defensores, particularmente de los defensores ambientales, que en diversos pa\u00edses son acosados, enjuiciados y a veces asesinados.<br \/>\nLos participantes, muchos de ellos defensores de derechos y con una presencia mayoritaria de mujeres, exigieron al Estado brasile\u00f1o \u201cel cese de las autorizaciones para la explotaci\u00f3n de petr\u00f3leo y miner\u00eda aur\u00edfera en los territorios de los pueblos ind\u00edgenas\u201d, al Estado peruano exigieron \u201cel fin a la criminalizaci\u00f3n de los defensores de los derechos humanos\u201d y el \u201creconocimiento a la labor que realizan los defensores de los derechos humanos y del medio ambiente\u201d.<br \/>\nA todos los Estados, exigieron \u201cel reconocimiento y protecci\u00f3n de las y los defensores de derechos humanos, aplicaci\u00f3n efectiva del Acuerdo de Escaz\u00fa, paralizaci\u00f3n de la criminalizaci\u00f3n, asesinatos, persecuci\u00f3n, estigmatizaci\u00f3n, atropellos y amedrentamientos a nuestros defensores y defensoras\u201d.<br \/>\nEl grupo de defensores estuvo coordinado por el Programa Defensores y Defensoras de Unitas. La metodolog\u00eda del grupo de trabajo se construy\u00f3 de forma anticipada y participativa.<br \/>\nEl diagn\u00f3stico dado a conocer por el grupo indica que existe un \u201cdebilitamiento institucional, corrupci\u00f3n, falta de acceso a la justicia, conflictos internos y divisi\u00f3n, invasi\u00f3n de grandes empresas, permisos ilegales dentro de territorios ind\u00edgenas, falta de respeto a la autodeterminaci\u00f3n, ausencia de apoyo legal, asesinatos, estigmatizaci\u00f3n, criminalizaci\u00f3n, amedrentamiento y estigmatizaci\u00f3n, acoso digital, cansancio emocional y f\u00edsico, afectaci\u00f3n a las familias\u201d.<br \/>\nIndican, adem\u00e1s, que \u201clas mujeres defensoras enfrentan una situaci\u00f3n de particular vulnerabilidad\u201d.<br \/>\nESTRATEGIAS DE DEFENSA<br \/>\nFrente a esta situaci\u00f3n, los integrantes de este grupo plantean el fortalecimiento comunitario (asambleas, estatutos, capacitaci\u00f3n, liderazgos), colaboraci\u00f3n y alianzas (con medios de comunicaci\u00f3n, articulaci\u00f3n de defensores\/as), pol\u00edticas de protecci\u00f3n y preservaci\u00f3n de la memoria y la esperanza.<br \/>\nACUERDO DE ESCAZ\u00da<br \/>\nPara la efectiva implementaci\u00f3n del Acuerdo de Escaz\u00fa, los participantes decidieron darle difusi\u00f3n y trabajar en la concientizaci\u00f3n, la integraci\u00f3n institucional (su inclusi\u00f3n en normas nacionales), trabajo con la comunidad, alianzas y recursos educativos, adem\u00e1s de campa\u00f1as de informaci\u00f3n.<br \/>\nAdem\u00e1s, los integrantes de la mesa de defensores establecieron mecanismos para dotar de garant\u00edas a defensores y defensoras. (San Buenaventura, Sumando Voces\/Br\u00fajula Digital)<\/p>\n","protected":false},"excerpt":{"rendered":"<p>El grupo de trabajo de defensores y defensoras de la Amazon\u00eda, que se instal\u00f3 en el marco del XI Foro Social Panamaz\u00f3nico (Fospa), exigi\u00f3 al Estado boliviano la protecci\u00f3n de los defensores de derechos humanos mediante una ley espec\u00edfica y, en consecuencia, poner fin a la criminalizaci\u00f3n. Las exigencias a Bolivia son la \u201caprobaci\u00f3n de [&hellip;]<\/p>\n","protected":false},"author":1,"featured_media":227572,"comment_status":"open","ping_status":"open","sticky":false,"template":"","format":"standard","meta":{"_acf_changed":false,"footnotes":""},"categories":[12],"tags":[],"class_list":["post-227571","post","type-post","status-publish","format-standard","has-post-thumbnail","category-nacional"],"acf":{"antetitulo":""},"yoast_head":"<!-- This site is optimized with the Yoast SEO plugin v28.3 - https:\/\/yoast.com\/product\/yoast-seo-wordpress\/ -->\n<title>Exigen al Estado ley de protecci\u00f3n de defensores de derechos humanos - El Diario - Bolivia<\/title>\n<meta name=\"robots\" content=\"index, follow, max-snippet:-1, max-image-preview:large, max-video-preview:-1\" \/>\n<link rel=\"canonical\" href=\"https:\/\/www.eldiario.net\/portal\/2024\/06\/16\/exigen-al-estado-ley-de-proteccion-de-defensores-de-derechos-humanos\/\" \/>\n<meta property=\"og:locale\" content=\"es_ES\" \/>\n<meta property=\"og:type\" content=\"article\" \/>\n<meta property=\"og:title\" content=\"Exigen al Estado ley de protecci\u00f3n de defensores de derechos humanos - El Diario - Bolivia\" \/>\n<meta property=\"og:description\" content=\"El grupo de trabajo de defensores y defensoras de la Amazon\u00eda, que se instal\u00f3 en el marco del XI Foro Social Panamaz\u00f3nico (Fospa), exigi\u00f3 al Estado boliviano la protecci\u00f3n de los defensores de derechos humanos mediante una ley espec\u00edfica y, en consecuencia, poner fin a la criminalizaci\u00f3n. Las exigencias a Bolivia son la \u201caprobaci\u00f3n de [&hellip;]\" \/>\n<meta property=\"og:url\" content=\"https:\/\/www.eldiario.net\/portal\/2024\/06\/16\/exigen-al-estado-ley-de-proteccion-de-defensores-de-derechos-humanos\/\" \/>\n<meta property=\"og:site_name\" content=\"El Diario - Bolivia\" \/>\n<meta property=\"article:publisher\" content=\"https:\/\/www.facebook.com\/eldiario.bolivia\/\" \/>\n<meta property=\"article:published_time\" content=\"2024-06-16T11:09:19+00:00\" \/>\n<meta property=\"og:image\" content=\"https:\/\/www.eldiario.net\/portal\/wp-content\/uploads\/2024\/06\/10-NAL-COLOR-3.jpg\" \/>\n\t<meta property=\"og:image:width\" content=\"720\" \/>\n\t<meta property=\"og:image:height\" content=\"399\" \/>\n\t<meta property=\"og:image:type\" content=\"image\/jpeg\" \/>\n<meta name=\"author\" content=\"Jeanette\" \/>\n<meta name=\"twitter:card\" content=\"summary_large_image\" \/>\n<meta name=\"twitter:creator\" content=\"@eldiario_net\" \/>\n<meta name=\"twitter:site\" content=\"@eldiario_net\" \/>\n<meta name=\"twitter:label1\" content=\"Escrito por\" \/>\n\t<meta name=\"twitter:data1\" content=\"Jeanette\" \/>\n\t<meta name=\"twitter:label2\" content=\"Tiempo de lectura\" \/>\n\t<meta name=\"twitter:data2\" content=\"3 minutos\" \/>\n<script type=\"application\/ld+json\" class=\"yoast-schema-graph\">{\"@context\":\"https:\\\/\\\/schema.org\",\"@graph\":[{\"@type\":\"Article\",\"@id\":\"https:\\\/\\\/www.eldiario.net\\\/portal\\\/2024\\\/06\\\/16\\\/exigen-al-estado-ley-de-proteccion-de-defensores-de-derechos-humanos\\\/#article\",\"isPartOf\":{\"@id\":\"https:\\\/\\\/www.eldiario.net\\\/portal\\\/2024\\\/06\\\/16\\\/exigen-al-estado-ley-de-proteccion-de-defensores-de-derechos-humanos\\\/\"},\"author\":{\"name\":\"Jeanette\",\"@id\":\"https:\\\/\\\/www.eldiario.net\\\/portal\\\/#\\\/schema\\\/person\\\/f46445640444750d7d753ccd04ae01b7\"},\"headline\":\"Exigen al Estado ley de protecci\u00f3n de defensores de derechos humanos\",\"datePublished\":\"2024-06-16T11:09:19+00:00\",\"mainEntityOfPage\":{\"@id\":\"https:\\\/\\\/www.eldiario.net\\\/portal\\\/2024\\\/06\\\/16\\\/exigen-al-estado-ley-de-proteccion-de-defensores-de-derechos-humanos\\\/\"},\"wordCount\":562,\"commentCount\":0,\"publisher\":{\"@id\":\"https:\\\/\\\/www.eldiario.net\\\/portal\\\/#organization\"},\"image\":{\"@id\":\"https:\\\/\\\/www.eldiario.net\\\/portal\\\/2024\\\/06\\\/16\\\/exigen-al-estado-ley-de-proteccion-de-defensores-de-derechos-humanos\\\/#primaryimage\"},\"thumbnailUrl\":\"https:\\\/\\\/www.eldiario.net\\\/portal\\\/wp-content\\\/uploads\\\/2024\\\/06\\\/10-NAL-COLOR-3.jpg\",\"articleSection\":[\"Nacional\"],\"inLanguage\":\"es\",\"potentialAction\":[{\"@type\":\"CommentAction\",\"name\":\"Comment\",\"target\":[\"https:\\\/\\\/www.eldiario.net\\\/portal\\\/2024\\\/06\\\/16\\\/exigen-al-estado-ley-de-proteccion-de-defensores-de-derechos-humanos\\\/#respond\"]}]},{\"@type\":\"WebPage\",\"@id\":\"https:\\\/\\\/www.eldiario.net\\\/portal\\\/2024\\\/06\\\/16\\\/exigen-al-estado-ley-de-proteccion-de-defensores-de-derechos-humanos\\\/\",\"url\":\"https:\\\/\\\/www.eldiario.net\\\/portal\\\/2024\\\/06\\\/16\\\/exigen-al-estado-ley-de-proteccion-de-defensores-de-derechos-humanos\\\/\",\"name\":\"Exigen al Estado ley de protecci\u00f3n de defensores de derechos humanos - El Diario - Bolivia\",\"isPartOf\":{\"@id\":\"https:\\\/\\\/www.eldiario.net\\\/portal\\\/#website\"},\"primaryImageOfPage\":{\"@id\":\"https:\\\/\\\/www.eldiario.net\\\/portal\\\/2024\\\/06\\\/16\\\/exigen-al-estado-ley-de-proteccion-de-defensores-de-derechos-humanos\\\/#primaryimage\"},\"image\":{\"@id\":\"https:\\\/\\\/www.eldiario.net\\\/portal\\\/2024\\\/06\\\/16\\\/exigen-al-estado-ley-de-proteccion-de-defensores-de-derechos-humanos\\\/#primaryimage\"},\"thumbnailUrl\":\"https:\\\/\\\/www.eldiario.net\\\/portal\\\/wp-content\\\/uploads\\\/2024\\\/06\\\/10-NAL-COLOR-3.jpg\",\"datePublished\":\"2024-06-16T11:09:19+00:00\",\"breadcrumb\":{\"@id\":\"https:\\\/\\\/www.eldiario.net\\\/portal\\\/2024\\\/06\\\/16\\\/exigen-al-estado-ley-de-proteccion-de-defensores-de-derechos-humanos\\\/#breadcrumb\"},\"inLanguage\":\"es\",\"potentialAction\":[{\"@type\":\"ReadAction\",\"target\":[\"https:\\\/\\\/www.eldiario.net\\\/portal\\\/2024\\\/06\\\/16\\\/exigen-al-estado-ley-de-proteccion-de-defensores-de-derechos-humanos\\\/\"]}]},{\"@type\":\"ImageObject\",\"inLanguage\":\"es\",\"@id\":\"https:\\\/\\\/www.eldiario.net\\\/portal\\\/2024\\\/06\\\/16\\\/exigen-al-estado-ley-de-proteccion-de-defensores-de-derechos-humanos\\\/#primaryimage\",\"url\":\"https:\\\/\\\/www.eldiario.net\\\/portal\\\/wp-content\\\/uploads\\\/2024\\\/06\\\/10-NAL-COLOR-3.jpg\",\"contentUrl\":\"https:\\\/\\\/www.eldiario.net\\\/portal\\\/wp-content\\\/uploads\\\/2024\\\/06\\\/10-NAL-COLOR-3.jpg\",\"width\":720,\"height\":399,\"caption\":\"El grupo de Defensores y defensoras trabaj\u00f3 en los predios de la UMSA, en San Buenaventura.\"},{\"@type\":\"BreadcrumbList\",\"@id\":\"https:\\\/\\\/www.eldiario.net\\\/portal\\\/2024\\\/06\\\/16\\\/exigen-al-estado-ley-de-proteccion-de-defensores-de-derechos-humanos\\\/#breadcrumb\",\"itemListElement\":[{\"@type\":\"ListItem\",\"position\":1,\"name\":\"Portada\",\"item\":\"https:\\\/\\\/www.eldiario.net\\\/portal\\\/\"},{\"@type\":\"ListItem\",\"position\":2,\"name\":\"Exigen al Estado ley de protecci\u00f3n de defensores de derechos humanos\"}]},{\"@type\":\"WebSite\",\"@id\":\"https:\\\/\\\/www.eldiario.net\\\/portal\\\/#website\",\"url\":\"https:\\\/\\\/www.eldiario.net\\\/portal\\\/\",\"name\":\"El Diario - Decano de la prensa nacional\",\"description\":\"El Diario - Decano de la prensa nacional\",\"publisher\":{\"@id\":\"https:\\\/\\\/www.eldiario.net\\\/portal\\\/#organization\"},\"potentialAction\":[{\"@type\":\"SearchAction\",\"target\":{\"@type\":\"EntryPoint\",\"urlTemplate\":\"https:\\\/\\\/www.eldiario.net\\\/portal\\\/?s={search_term_string}\"},\"query-input\":{\"@type\":\"PropertyValueSpecification\",\"valueRequired\":true,\"valueName\":\"search_term_string\"}}],\"inLanguage\":\"es\"},{\"@type\":\"Organization\",\"@id\":\"https:\\\/\\\/www.eldiario.net\\\/portal\\\/#organization\",\"name\":\"El Diario - Decano de la prensa nacional\",\"url\":\"https:\\\/\\\/www.eldiario.net\\\/portal\\\/\",\"logo\":{\"@type\":\"ImageObject\",\"inLanguage\":\"es\",\"@id\":\"https:\\\/\\\/www.eldiario.net\\\/portal\\\/#\\\/schema\\\/logo\\\/image\\\/\",\"url\":\"https:\\\/\\\/www.eldiario.net\\\/portal\\\/wp-content\\\/uploads\\\/2023\\\/07\\\/logo_ED.jpg\",\"contentUrl\":\"https:\\\/\\\/www.eldiario.net\\\/portal\\\/wp-content\\\/uploads\\\/2023\\\/07\\\/logo_ED.jpg\",\"width\":272,\"height\":52,\"caption\":\"El Diario - Decano de la prensa nacional\"},\"image\":{\"@id\":\"https:\\\/\\\/www.eldiario.net\\\/portal\\\/#\\\/schema\\\/logo\\\/image\\\/\"},\"sameAs\":[\"https:\\\/\\\/www.facebook.com\\\/eldiario.bolivia\\\/\",\"https:\\\/\\\/x.com\\\/eldiario_net\"]},{\"@type\":\"Person\",\"@id\":\"https:\\\/\\\/www.eldiario.net\\\/portal\\\/#\\\/schema\\\/person\\\/f46445640444750d7d753ccd04ae01b7\",\"name\":\"Jeanette\",\"image\":{\"@type\":\"ImageObject\",\"inLanguage\":\"es\",\"@id\":\"https:\\\/\\\/secure.gravatar.com\\\/avatar\\\/3ea2118a5f7dad2b7138b1187a6b7ee55f160b9968b66013c3a3ef39dd7e5798?s=96&d=mm&r=g\",\"url\":\"https:\\\/\\\/secure.gravatar.com\\\/avatar\\\/3ea2118a5f7dad2b7138b1187a6b7ee55f160b9968b66013c3a3ef39dd7e5798?s=96&d=mm&r=g\",\"contentUrl\":\"https:\\\/\\\/secure.gravatar.com\\\/avatar\\\/3ea2118a5f7dad2b7138b1187a6b7ee55f160b9968b66013c3a3ef39dd7e5798?s=96&d=mm&r=g\",\"caption\":\"Jeanette\"},\"sameAs\":[\"https:\\\/\\\/www.eldiario.net\\\/portal\"],\"url\":\"https:\\\/\\\/www.eldiario.net\\\/portal\\\/author\\\/jeanette\\\/\"}]}<\/script>\n<!-- \/ Yoast SEO plugin. -->","yoast_head_json":{"title":"Exigen al Estado ley de protecci\u00f3n de defensores de derechos humanos - El Diario - Bolivia","robots":{"index":"index","follow":"follow","max-snippet":"max-snippet:-1","max-image-preview":"max-image-preview:large","max-video-preview":"max-video-preview:-1"},"canonical":"https:\/\/www.eldiario.net\/portal\/2024\/06\/16\/exigen-al-estado-ley-de-proteccion-de-defensores-de-derechos-humanos\/","og_locale":"es_ES","og_type":"article","og_title":"Exigen al Estado ley de protecci\u00f3n de defensores de derechos humanos - El Diario - Bolivia","og_description":"El grupo de trabajo de defensores y defensoras de la Amazon\u00eda, que se instal\u00f3 en el marco del XI Foro Social Panamaz\u00f3nico (Fospa), exigi\u00f3 al Estado boliviano la protecci\u00f3n de los defensores de derechos humanos mediante una ley espec\u00edfica y, en consecuencia, poner fin a la criminalizaci\u00f3n. Las exigencias a Bolivia son la \u201caprobaci\u00f3n de [&hellip;]","og_url":"https:\/\/www.eldiario.net\/portal\/2024\/06\/16\/exigen-al-estado-ley-de-proteccion-de-defensores-de-derechos-humanos\/","og_site_name":"El Diario - Bolivia","article_publisher":"https:\/\/www.facebook.com\/eldiario.bolivia\/","article_published_time":"2024-06-16T11:09:19+00:00","og_image":[{"width":720,"height":399,"url":"https:\/\/www.eldiario.net\/portal\/wp-content\/uploads\/2024\/06\/10-NAL-COLOR-3.jpg","type":"image\/jpeg"}],"author":"Jeanette","twitter_card":"summary_large_image","twitter_creator":"@eldiario_net","twitter_site":"@eldiario_net","twitter_misc":{"Escrito por":"Jeanette","Tiempo de lectura":"3 minutos"},"schema":{"@context":"https:\/\/schema.org","@graph":[{"@type":"Article","@id":"https:\/\/www.eldiario.net\/portal\/2024\/06\/16\/exigen-al-estado-ley-de-proteccion-de-defensores-de-derechos-humanos\/#article","isPartOf":{"@id":"https:\/\/www.eldiario.net\/portal\/2024\/06\/16\/exigen-al-estado-ley-de-proteccion-de-defensores-de-derechos-humanos\/"},"author":{"name":"Jeanette","@id":"https:\/\/www.eldiario.net\/portal\/#\/schema\/person\/f46445640444750d7d753ccd04ae01b7"},"headline":"Exigen al Estado ley de protecci\u00f3n de defensores de derechos humanos","datePublished":"2024-06-16T11:09:19+00:00","mainEntityOfPage":{"@id":"https:\/\/www.eldiario.net\/portal\/2024\/06\/16\/exigen-al-estado-ley-de-proteccion-de-defensores-de-derechos-humanos\/"},"wordCount":562,"commentCount":0,"publisher":{"@id":"https:\/\/www.eldiario.net\/portal\/#organization"},"image":{"@id":"https:\/\/www.eldiario.net\/portal\/2024\/06\/16\/exigen-al-estado-ley-de-proteccion-de-defensores-de-derechos-humanos\/#primaryimage"},"thumbnailUrl":"https:\/\/www.eldiario.net\/portal\/wp-content\/uploads\/2024\/06\/10-NAL-COLOR-3.jpg","articleSection":["Nacional"],"inLanguage":"es","potentialAction":[{"@type":"CommentAction","name":"Comment","target":["https:\/\/www.eldiario.net\/portal\/2024\/06\/16\/exigen-al-estado-ley-de-proteccion-de-defensores-de-derechos-humanos\/#respond"]}]},{"@type":"WebPage","@id":"https:\/\/www.eldiario.net\/portal\/2024\/06\/16\/exigen-al-estado-ley-de-proteccion-de-defensores-de-derechos-humanos\/","url":"https:\/\/www.eldiario.net\/portal\/2024\/06\/16\/exigen-al-estado-ley-de-proteccion-de-defensores-de-derechos-humanos\/","name":"Exigen al Estado ley de protecci\u00f3n de defensores de derechos humanos - El Diario - Bolivia","isPartOf":{"@id":"https:\/\/www.eldiario.net\/portal\/#website"},"primaryImageOfPage":{"@id":"https:\/\/www.eldiario.net\/portal\/2024\/06\/16\/exigen-al-estado-ley-de-proteccion-de-defensores-de-derechos-humanos\/#primaryimage"},"image":{"@id":"https:\/\/www.eldiario.net\/portal\/2024\/06\/16\/exigen-al-estado-ley-de-proteccion-de-defensores-de-derechos-humanos\/#primaryimage"},"thumbnailUrl":"https:\/\/www.eldiario.net\/portal\/wp-content\/uploads\/2024\/06\/10-NAL-COLOR-3.jpg","datePublished":"2024-06-16T11:09:19+00:00","breadcrumb":{"@id":"https:\/\/www.eldiario.net\/portal\/2024\/06\/16\/exigen-al-estado-ley-de-proteccion-de-defensores-de-derechos-humanos\/#breadcrumb"},"inLanguage":"es","potentialAction":[{"@type":"ReadAction","target":["https:\/\/www.eldiario.net\/portal\/2024\/06\/16\/exigen-al-estado-ley-de-proteccion-de-defensores-de-derechos-humanos\/"]}]},{"@type":"ImageObject","inLanguage":"es","@id":"https:\/\/www.eldiario.net\/portal\/2024\/06\/16\/exigen-al-estado-ley-de-proteccion-de-defensores-de-derechos-humanos\/#primaryimage","url":"https:\/\/www.eldiario.net\/portal\/wp-content\/uploads\/2024\/06\/10-NAL-COLOR-3.jpg","contentUrl":"https:\/\/www.eldiario.net\/portal\/wp-content\/uploads\/2024\/06\/10-NAL-COLOR-3.jpg","width":720,"height":399,"caption":"El grupo de Defensores y defensoras trabaj\u00f3 en los predios de la UMSA, en San Buenaventura."},{"@type":"BreadcrumbList","@id":"https:\/\/www.eldiario.net\/portal\/2024\/06\/16\/exigen-al-estado-ley-de-proteccion-de-defensores-de-derechos-humanos\/#breadcrumb","itemListElement":[{"@type":"ListItem","position":1,"name":"Portada","item":"https:\/\/www.eldiario.net\/portal\/"},{"@type":"ListItem","position":2,"name":"Exigen al Estado ley de protecci\u00f3n de defensores de derechos humanos"}]},{"@type":"WebSite","@id":"https:\/\/www.eldiario.net\/portal\/#website","url":"https:\/\/www.eldiario.net\/portal\/","name":"El Diario - Decano de la prensa nacional","description":"El Diario - Decano de la prensa nacional","publisher":{"@id":"https:\/\/www.eldiario.net\/portal\/#organization"},"potentialAction":[{"@type":"SearchAction","target":{"@type":"EntryPoint","urlTemplate":"https:\/\/www.eldiario.net\/portal\/?s={search_term_string}"},"query-input":{"@type":"PropertyValueSpecification","valueRequired":true,"valueName":"search_term_string"}}],"inLanguage":"es"},{"@type":"Organization","@id":"https:\/\/www.eldiario.net\/portal\/#organization","name":"El Diario - Decano de la prensa nacional","url":"https:\/\/www.eldiario.net\/portal\/","logo":{"@type":"ImageObject","inLanguage":"es","@id":"https:\/\/www.eldiario.net\/portal\/#\/schema\/logo\/image\/","url":"https:\/\/www.eldiario.net\/portal\/wp-content\/uploads\/2023\/07\/logo_ED.jpg","contentUrl":"https:\/\/www.eldiario.net\/portal\/wp-content\/uploads\/2023\/07\/logo_ED.jpg","width":272,"height":52,"caption":"El Diario - Decano de la prensa nacional"},"image":{"@id":"https:\/\/www.eldiario.net\/portal\/#\/schema\/logo\/image\/"},"sameAs":["https:\/\/www.facebook.com\/eldiario.bolivia\/","https:\/\/x.com\/eldiario_net"]},{"@type":"Person","@id":"https:\/\/www.eldiario.net\/portal\/#\/schema\/person\/f46445640444750d7d753ccd04ae01b7","name":"Jeanette","image":{"@type":"ImageObject","inLanguage":"es","@id":"https:\/\/secure.gravatar.com\/avatar\/3ea2118a5f7dad2b7138b1187a6b7ee55f160b9968b66013c3a3ef39dd7e5798?s=96&d=mm&r=g","url":"https:\/\/secure.gravatar.com\/avatar\/3ea2118a5f7dad2b7138b1187a6b7ee55f160b9968b66013c3a3ef39dd7e5798?s=96&d=mm&r=g","contentUrl":"https:\/\/secure.gravatar.com\/avatar\/3ea2118a5f7dad2b7138b1187a6b7ee55f160b9968b66013c3a3ef39dd7e5798?s=96&d=mm&r=g","caption":"Jeanette"},"sameAs":["https:\/\/www.eldiario.net\/portal"],"url":"https:\/\/www.eldiario.net\/portal\/author\/jeanette\/"}]}},"_links":{"self":[{"href":"https:\/\/www.eldiario.net\/portal\/wp-json\/wp\/v2\/posts\/227571","targetHints":{"allow":["GET"]}}],"collection":[{"href":"https:\/\/www.eldiario.net\/portal\/wp-json\/wp\/v2\/posts"}],"about":[{"href":"https:\/\/www.eldiario.net\/portal\/wp-json\/wp\/v2\/types\/post"}],"author":[{"embeddable":true,"href":"https:\/\/www.eldiario.net\/portal\/wp-json\/wp\/v2\/users\/1"}],"replies":[{"embeddable":true,"href":"https:\/\/www.eldiario.net\/portal\/wp-json\/wp\/v2\/comments?post=227571"}],"version-history":[{"count":1,"href":"https:\/\/www.eldiario.net\/portal\/wp-json\/wp\/v2\/posts\/227571\/revisions"}],"predecessor-version":[{"id":227573,"href":"https:\/\/www.eldiario.net\/portal\/wp-json\/wp\/v2\/posts\/227571\/revisions\/227573"}],"wp:featuredmedia":[{"embeddable":true,"href":"https:\/\/www.eldiario.net\/portal\/wp-json\/wp\/v2\/media\/227572"}],"wp:attachment":[{"href":"https:\/\/www.eldiario.net\/portal\/wp-json\/wp\/v2\/media?parent=227571"}],"wp:term":[{"taxonomy":"category","embeddable":true,"href":"https:\/\/www.eldiario.net\/portal\/wp-json\/wp\/v2\/categories?post=227571"},{"taxonomy":"post_tag","embeddable":true,"href":"https:\/\/www.eldiario.net\/portal\/wp-json\/wp\/v2\/tags?post=227571"}],"curies":[{"name":"wp","href":"https:\/\/api.w.org\/{rel}","templated":true}]}}