{"id":227568,"date":"2024-06-16T07:08:42","date_gmt":"2024-06-16T11:08:42","guid":{"rendered":"https:\/\/www.eldiario.net\/portal\/?p=227568"},"modified":"2024-06-16T07:08:42","modified_gmt":"2024-06-16T11:08:42","slug":"sentir-mariposas-nuevo-lanzamiento-de-belen-ortiz","status":"publish","type":"post","link":"https:\/\/www.eldiario.net\/portal\/2024\/06\/16\/sentir-mariposas-nuevo-lanzamiento-de-belen-ortiz\/","title":{"rendered":"\u201cSentir mariposas\u201d nuevo lanzamiento de Bel\u00e9n Ortiz"},"content":{"rendered":"<p>La cantautora, Mar\u00eda Bel\u00e9n Ortiz Fern\u00e1ndez, conocida en el mundo art\u00edstico como \u201cBel\u00e9n Ortiz\u201d, anunci\u00f3 que presentar\u00e1 a su p\u00fablico en los pr\u00f3ximos d\u00edas su nueva composici\u00f3n que lleva el nombre \u201cSentir mariposas\u201d.<br \/>\nEste nuevo tema musical tiene como fuente de inspiraci\u00f3n el amor y est\u00e1 dedicada a una persona \u201cmuy especial\u201d que hoy lleva en su coraz\u00f3n, dijo en entrevista con EL DIARIO.<br \/>\n\u201cEncuentro en el amor a una de mis principales fuentes de inspiraci\u00f3n, sentimiento que pese al transcurso del tiempo no dejamos de sentir los seres humanos por alguien que en nuestra existencia es especial\u201d, revel\u00f3.<br \/>\nLa mezzosoprano, Bel\u00e9n Ortiz, tiene en su haber varias composiciones que fueron plasmadas en tres discos, adem\u00e1s se destaca en el mundo de la interpretaci\u00f3n musical por la calidez de su voz y sus dotes art\u00edsticas. Otra de sus inspiraciones es \u201cModelito cerebrito\u201d que fue un \u00e9xito.<br \/>\nProveniente de una familia en la que se cultiv\u00f3 el arte de la m\u00fasica, de peque\u00f1a ya cantaba en colegio, habiendo sido nombrada como la mejor voz.<br \/>\nNuestra entrevistada adelant\u00f3 que est\u00e1 en plena preparaci\u00f3n de su pr\u00f3xima gira art\u00edstica que ser\u00e1 a Argentina, donde se presentar\u00e1 en varias ciudades. (Santa Cruz, EL DIARIO)<\/p>\n","protected":false},"excerpt":{"rendered":"<p>La cantautora, Mar\u00eda Bel\u00e9n Ortiz Fern\u00e1ndez, conocida en el mundo art\u00edstico como \u201cBel\u00e9n Ortiz\u201d, anunci\u00f3 que presentar\u00e1 a su p\u00fablico en los pr\u00f3ximos d\u00edas su nueva composici\u00f3n que lleva el nombre \u201cSentir mariposas\u201d. Este nuevo tema musical tiene como fuente de inspiraci\u00f3n el amor y est\u00e1 dedicada a una persona \u201cmuy especial\u201d que hoy lleva [&hellip;]<\/p>\n","protected":false},"author":1,"featured_media":227569,"comment_status":"open","ping_status":"open","sticky":false,"template":"","format":"standard","meta":{"_acf_changed":false,"footnotes":""},"categories":[12],"tags":[],"class_list":["post-227568","post","type-post","status-publish","format-standard","has-post-thumbnail","category-nacional"],"acf":{"antetitulo":"Santa Cruz"},"yoast_head":"<!-- This site is optimized with the Yoast SEO plugin v28.3 - https:\/\/yoast.com\/product\/yoast-seo-wordpress\/ -->\n<title>\u201cSentir mariposas\u201d nuevo lanzamiento de Bel\u00e9n Ortiz - El Diario - Bolivia<\/title>\n<meta name=\"robots\" content=\"index, follow, max-snippet:-1, max-image-preview:large, max-video-preview:-1\" \/>\n<link rel=\"canonical\" href=\"https:\/\/www.eldiario.net\/portal\/2024\/06\/16\/sentir-mariposas-nuevo-lanzamiento-de-belen-ortiz\/\" \/>\n<meta property=\"og:locale\" content=\"es_ES\" \/>\n<meta property=\"og:type\" content=\"article\" \/>\n<meta property=\"og:title\" content=\"\u201cSentir mariposas\u201d nuevo lanzamiento de Bel\u00e9n Ortiz - El Diario - Bolivia\" \/>\n<meta property=\"og:description\" content=\"La cantautora, Mar\u00eda Bel\u00e9n Ortiz Fern\u00e1ndez, conocida en el mundo art\u00edstico como \u201cBel\u00e9n Ortiz\u201d, anunci\u00f3 que presentar\u00e1 a su p\u00fablico en los pr\u00f3ximos d\u00edas su nueva composici\u00f3n que lleva el nombre \u201cSentir mariposas\u201d. Este nuevo tema musical tiene como fuente de inspiraci\u00f3n el amor y est\u00e1 dedicada a una persona \u201cmuy especial\u201d que hoy lleva [&hellip;]\" \/>\n<meta property=\"og:url\" content=\"https:\/\/www.eldiario.net\/portal\/2024\/06\/16\/sentir-mariposas-nuevo-lanzamiento-de-belen-ortiz\/\" \/>\n<meta property=\"og:site_name\" content=\"El Diario - Bolivia\" \/>\n<meta property=\"article:publisher\" content=\"https:\/\/www.facebook.com\/eldiario.bolivia\/\" \/>\n<meta property=\"article:published_time\" content=\"2024-06-16T11:08:42+00:00\" \/>\n<meta property=\"og:image\" content=\"https:\/\/www.eldiario.net\/portal\/wp-content\/uploads\/2024\/06\/12-NALCOLOR.jpg\" \/>\n\t<meta property=\"og:image:width\" content=\"1200\" \/>\n\t<meta property=\"og:image:height\" content=\"900\" \/>\n\t<meta property=\"og:image:type\" content=\"image\/jpeg\" \/>\n<meta name=\"author\" content=\"Jeanette\" \/>\n<meta name=\"twitter:card\" content=\"summary_large_image\" \/>\n<meta name=\"twitter:creator\" content=\"@eldiario_net\" \/>\n<meta name=\"twitter:site\" content=\"@eldiario_net\" \/>\n<meta name=\"twitter:label1\" content=\"Escrito por\" \/>\n\t<meta name=\"twitter:data1\" content=\"Jeanette\" \/>\n\t<meta name=\"twitter:label2\" content=\"Tiempo de lectura\" \/>\n\t<meta name=\"twitter:data2\" content=\"1 minuto\" \/>\n<script type=\"application\/ld+json\" class=\"yoast-schema-graph\">{\"@context\":\"https:\\\/\\\/schema.org\",\"@graph\":[{\"@type\":\"Article\",\"@id\":\"https:\\\/\\\/www.eldiario.net\\\/portal\\\/2024\\\/06\\\/16\\\/sentir-mariposas-nuevo-lanzamiento-de-belen-ortiz\\\/#article\",\"isPartOf\":{\"@id\":\"https:\\\/\\\/www.eldiario.net\\\/portal\\\/2024\\\/06\\\/16\\\/sentir-mariposas-nuevo-lanzamiento-de-belen-ortiz\\\/\"},\"author\":{\"name\":\"Jeanette\",\"@id\":\"https:\\\/\\\/www.eldiario.net\\\/portal\\\/#\\\/schema\\\/person\\\/f46445640444750d7d753ccd04ae01b7\"},\"headline\":\"\u201cSentir mariposas\u201d nuevo lanzamiento de Bel\u00e9n Ortiz\",\"datePublished\":\"2024-06-16T11:08:42+00:00\",\"mainEntityOfPage\":{\"@id\":\"https:\\\/\\\/www.eldiario.net\\\/portal\\\/2024\\\/06\\\/16\\\/sentir-mariposas-nuevo-lanzamiento-de-belen-ortiz\\\/\"},\"wordCount\":229,\"commentCount\":0,\"publisher\":{\"@id\":\"https:\\\/\\\/www.eldiario.net\\\/portal\\\/#organization\"},\"image\":{\"@id\":\"https:\\\/\\\/www.eldiario.net\\\/portal\\\/2024\\\/06\\\/16\\\/sentir-mariposas-nuevo-lanzamiento-de-belen-ortiz\\\/#primaryimage\"},\"thumbnailUrl\":\"https:\\\/\\\/www.eldiario.net\\\/portal\\\/wp-content\\\/uploads\\\/2024\\\/06\\\/12-NALCOLOR.jpg\",\"articleSection\":[\"Nacional\"],\"inLanguage\":\"es\",\"potentialAction\":[{\"@type\":\"CommentAction\",\"name\":\"Comment\",\"target\":[\"https:\\\/\\\/www.eldiario.net\\\/portal\\\/2024\\\/06\\\/16\\\/sentir-mariposas-nuevo-lanzamiento-de-belen-ortiz\\\/#respond\"]}]},{\"@type\":\"WebPage\",\"@id\":\"https:\\\/\\\/www.eldiario.net\\\/portal\\\/2024\\\/06\\\/16\\\/sentir-mariposas-nuevo-lanzamiento-de-belen-ortiz\\\/\",\"url\":\"https:\\\/\\\/www.eldiario.net\\\/portal\\\/2024\\\/06\\\/16\\\/sentir-mariposas-nuevo-lanzamiento-de-belen-ortiz\\\/\",\"name\":\"\u201cSentir mariposas\u201d nuevo lanzamiento de Bel\u00e9n Ortiz - El Diario - Bolivia\",\"isPartOf\":{\"@id\":\"https:\\\/\\\/www.eldiario.net\\\/portal\\\/#website\"},\"primaryImageOfPage\":{\"@id\":\"https:\\\/\\\/www.eldiario.net\\\/portal\\\/2024\\\/06\\\/16\\\/sentir-mariposas-nuevo-lanzamiento-de-belen-ortiz\\\/#primaryimage\"},\"image\":{\"@id\":\"https:\\\/\\\/www.eldiario.net\\\/portal\\\/2024\\\/06\\\/16\\\/sentir-mariposas-nuevo-lanzamiento-de-belen-ortiz\\\/#primaryimage\"},\"thumbnailUrl\":\"https:\\\/\\\/www.eldiario.net\\\/portal\\\/wp-content\\\/uploads\\\/2024\\\/06\\\/12-NALCOLOR.jpg\",\"datePublished\":\"2024-06-16T11:08:42+00:00\",\"breadcrumb\":{\"@id\":\"https:\\\/\\\/www.eldiario.net\\\/portal\\\/2024\\\/06\\\/16\\\/sentir-mariposas-nuevo-lanzamiento-de-belen-ortiz\\\/#breadcrumb\"},\"inLanguage\":\"es\",\"potentialAction\":[{\"@type\":\"ReadAction\",\"target\":[\"https:\\\/\\\/www.eldiario.net\\\/portal\\\/2024\\\/06\\\/16\\\/sentir-mariposas-nuevo-lanzamiento-de-belen-ortiz\\\/\"]}]},{\"@type\":\"ImageObject\",\"inLanguage\":\"es\",\"@id\":\"https:\\\/\\\/www.eldiario.net\\\/portal\\\/2024\\\/06\\\/16\\\/sentir-mariposas-nuevo-lanzamiento-de-belen-ortiz\\\/#primaryimage\",\"url\":\"https:\\\/\\\/www.eldiario.net\\\/portal\\\/wp-content\\\/uploads\\\/2024\\\/06\\\/12-NALCOLOR.jpg\",\"contentUrl\":\"https:\\\/\\\/www.eldiario.net\\\/portal\\\/wp-content\\\/uploads\\\/2024\\\/06\\\/12-NALCOLOR.jpg\",\"width\":1200,\"height\":900,\"caption\":\"Mar\u00eda Bel\u00e9n Ortiz es arquitecta de profesi\u00f3n, canta, compone y tambi\u00e9n tiene inclinaci\u00f3n por la pintura.\"},{\"@type\":\"BreadcrumbList\",\"@id\":\"https:\\\/\\\/www.eldiario.net\\\/portal\\\/2024\\\/06\\\/16\\\/sentir-mariposas-nuevo-lanzamiento-de-belen-ortiz\\\/#breadcrumb\",\"itemListElement\":[{\"@type\":\"ListItem\",\"position\":1,\"name\":\"Portada\",\"item\":\"https:\\\/\\\/www.eldiario.net\\\/portal\\\/\"},{\"@type\":\"ListItem\",\"position\":2,\"name\":\"\u201cSentir mariposas\u201d nuevo lanzamiento de Bel\u00e9n Ortiz\"}]},{\"@type\":\"WebSite\",\"@id\":\"https:\\\/\\\/www.eldiario.net\\\/portal\\\/#website\",\"url\":\"https:\\\/\\\/www.eldiario.net\\\/portal\\\/\",\"name\":\"El Diario - Decano de la prensa nacional\",\"description\":\"El Diario - Decano de la prensa nacional\",\"publisher\":{\"@id\":\"https:\\\/\\\/www.eldiario.net\\\/portal\\\/#organization\"},\"potentialAction\":[{\"@type\":\"SearchAction\",\"target\":{\"@type\":\"EntryPoint\",\"urlTemplate\":\"https:\\\/\\\/www.eldiario.net\\\/portal\\\/?s={search_term_string}\"},\"query-input\":{\"@type\":\"PropertyValueSpecification\",\"valueRequired\":true,\"valueName\":\"search_term_string\"}}],\"inLanguage\":\"es\"},{\"@type\":\"Organization\",\"@id\":\"https:\\\/\\\/www.eldiario.net\\\/portal\\\/#organization\",\"name\":\"El Diario - Decano de la prensa nacional\",\"url\":\"https:\\\/\\\/www.eldiario.net\\\/portal\\\/\",\"logo\":{\"@type\":\"ImageObject\",\"inLanguage\":\"es\",\"@id\":\"https:\\\/\\\/www.eldiario.net\\\/portal\\\/#\\\/schema\\\/logo\\\/image\\\/\",\"url\":\"https:\\\/\\\/www.eldiario.net\\\/portal\\\/wp-content\\\/uploads\\\/2023\\\/07\\\/logo_ED.jpg\",\"contentUrl\":\"https:\\\/\\\/www.eldiario.net\\\/portal\\\/wp-content\\\/uploads\\\/2023\\\/07\\\/logo_ED.jpg\",\"width\":272,\"height\":52,\"caption\":\"El Diario - Decano de la prensa nacional\"},\"image\":{\"@id\":\"https:\\\/\\\/www.eldiario.net\\\/portal\\\/#\\\/schema\\\/logo\\\/image\\\/\"},\"sameAs\":[\"https:\\\/\\\/www.facebook.com\\\/eldiario.bolivia\\\/\",\"https:\\\/\\\/x.com\\\/eldiario_net\"]},{\"@type\":\"Person\",\"@id\":\"https:\\\/\\\/www.eldiario.net\\\/portal\\\/#\\\/schema\\\/person\\\/f46445640444750d7d753ccd04ae01b7\",\"name\":\"Jeanette\",\"image\":{\"@type\":\"ImageObject\",\"inLanguage\":\"es\",\"@id\":\"https:\\\/\\\/secure.gravatar.com\\\/avatar\\\/3ea2118a5f7dad2b7138b1187a6b7ee55f160b9968b66013c3a3ef39dd7e5798?s=96&d=mm&r=g\",\"url\":\"https:\\\/\\\/secure.gravatar.com\\\/avatar\\\/3ea2118a5f7dad2b7138b1187a6b7ee55f160b9968b66013c3a3ef39dd7e5798?s=96&d=mm&r=g\",\"contentUrl\":\"https:\\\/\\\/secure.gravatar.com\\\/avatar\\\/3ea2118a5f7dad2b7138b1187a6b7ee55f160b9968b66013c3a3ef39dd7e5798?s=96&d=mm&r=g\",\"caption\":\"Jeanette\"},\"sameAs\":[\"https:\\\/\\\/www.eldiario.net\\\/portal\"],\"url\":\"https:\\\/\\\/www.eldiario.net\\\/portal\\\/author\\\/jeanette\\\/\"}]}<\/script>\n<!-- \/ Yoast SEO plugin. -->","yoast_head_json":{"title":"\u201cSentir mariposas\u201d nuevo lanzamiento de Bel\u00e9n Ortiz - El Diario - Bolivia","robots":{"index":"index","follow":"follow","max-snippet":"max-snippet:-1","max-image-preview":"max-image-preview:large","max-video-preview":"max-video-preview:-1"},"canonical":"https:\/\/www.eldiario.net\/portal\/2024\/06\/16\/sentir-mariposas-nuevo-lanzamiento-de-belen-ortiz\/","og_locale":"es_ES","og_type":"article","og_title":"\u201cSentir mariposas\u201d nuevo lanzamiento de Bel\u00e9n Ortiz - El Diario - Bolivia","og_description":"La cantautora, Mar\u00eda Bel\u00e9n Ortiz Fern\u00e1ndez, conocida en el mundo art\u00edstico como \u201cBel\u00e9n Ortiz\u201d, anunci\u00f3 que presentar\u00e1 a su p\u00fablico en los pr\u00f3ximos d\u00edas su nueva composici\u00f3n que lleva el nombre \u201cSentir mariposas\u201d. Este nuevo tema musical tiene como fuente de inspiraci\u00f3n el amor y est\u00e1 dedicada a una persona \u201cmuy especial\u201d que hoy lleva [&hellip;]","og_url":"https:\/\/www.eldiario.net\/portal\/2024\/06\/16\/sentir-mariposas-nuevo-lanzamiento-de-belen-ortiz\/","og_site_name":"El Diario - Bolivia","article_publisher":"https:\/\/www.facebook.com\/eldiario.bolivia\/","article_published_time":"2024-06-16T11:08:42+00:00","og_image":[{"width":1200,"height":900,"url":"https:\/\/www.eldiario.net\/portal\/wp-content\/uploads\/2024\/06\/12-NALCOLOR.jpg","type":"image\/jpeg"}],"author":"Jeanette","twitter_card":"summary_large_image","twitter_creator":"@eldiario_net","twitter_site":"@eldiario_net","twitter_misc":{"Escrito por":"Jeanette","Tiempo de lectura":"1 minuto"},"schema":{"@context":"https:\/\/schema.org","@graph":[{"@type":"Article","@id":"https:\/\/www.eldiario.net\/portal\/2024\/06\/16\/sentir-mariposas-nuevo-lanzamiento-de-belen-ortiz\/#article","isPartOf":{"@id":"https:\/\/www.eldiario.net\/portal\/2024\/06\/16\/sentir-mariposas-nuevo-lanzamiento-de-belen-ortiz\/"},"author":{"name":"Jeanette","@id":"https:\/\/www.eldiario.net\/portal\/#\/schema\/person\/f46445640444750d7d753ccd04ae01b7"},"headline":"\u201cSentir mariposas\u201d nuevo lanzamiento de Bel\u00e9n Ortiz","datePublished":"2024-06-16T11:08:42+00:00","mainEntityOfPage":{"@id":"https:\/\/www.eldiario.net\/portal\/2024\/06\/16\/sentir-mariposas-nuevo-lanzamiento-de-belen-ortiz\/"},"wordCount":229,"commentCount":0,"publisher":{"@id":"https:\/\/www.eldiario.net\/portal\/#organization"},"image":{"@id":"https:\/\/www.eldiario.net\/portal\/2024\/06\/16\/sentir-mariposas-nuevo-lanzamiento-de-belen-ortiz\/#primaryimage"},"thumbnailUrl":"https:\/\/www.eldiario.net\/portal\/wp-content\/uploads\/2024\/06\/12-NALCOLOR.jpg","articleSection":["Nacional"],"inLanguage":"es","potentialAction":[{"@type":"CommentAction","name":"Comment","target":["https:\/\/www.eldiario.net\/portal\/2024\/06\/16\/sentir-mariposas-nuevo-lanzamiento-de-belen-ortiz\/#respond"]}]},{"@type":"WebPage","@id":"https:\/\/www.eldiario.net\/portal\/2024\/06\/16\/sentir-mariposas-nuevo-lanzamiento-de-belen-ortiz\/","url":"https:\/\/www.eldiario.net\/portal\/2024\/06\/16\/sentir-mariposas-nuevo-lanzamiento-de-belen-ortiz\/","name":"\u201cSentir mariposas\u201d nuevo lanzamiento de Bel\u00e9n Ortiz - El Diario - Bolivia","isPartOf":{"@id":"https:\/\/www.eldiario.net\/portal\/#website"},"primaryImageOfPage":{"@id":"https:\/\/www.eldiario.net\/portal\/2024\/06\/16\/sentir-mariposas-nuevo-lanzamiento-de-belen-ortiz\/#primaryimage"},"image":{"@id":"https:\/\/www.eldiario.net\/portal\/2024\/06\/16\/sentir-mariposas-nuevo-lanzamiento-de-belen-ortiz\/#primaryimage"},"thumbnailUrl":"https:\/\/www.eldiario.net\/portal\/wp-content\/uploads\/2024\/06\/12-NALCOLOR.jpg","datePublished":"2024-06-16T11:08:42+00:00","breadcrumb":{"@id":"https:\/\/www.eldiario.net\/portal\/2024\/06\/16\/sentir-mariposas-nuevo-lanzamiento-de-belen-ortiz\/#breadcrumb"},"inLanguage":"es","potentialAction":[{"@type":"ReadAction","target":["https:\/\/www.eldiario.net\/portal\/2024\/06\/16\/sentir-mariposas-nuevo-lanzamiento-de-belen-ortiz\/"]}]},{"@type":"ImageObject","inLanguage":"es","@id":"https:\/\/www.eldiario.net\/portal\/2024\/06\/16\/sentir-mariposas-nuevo-lanzamiento-de-belen-ortiz\/#primaryimage","url":"https:\/\/www.eldiario.net\/portal\/wp-content\/uploads\/2024\/06\/12-NALCOLOR.jpg","contentUrl":"https:\/\/www.eldiario.net\/portal\/wp-content\/uploads\/2024\/06\/12-NALCOLOR.jpg","width":1200,"height":900,"caption":"Mar\u00eda Bel\u00e9n Ortiz es arquitecta de profesi\u00f3n, canta, compone y tambi\u00e9n tiene inclinaci\u00f3n por la pintura."},{"@type":"BreadcrumbList","@id":"https:\/\/www.eldiario.net\/portal\/2024\/06\/16\/sentir-mariposas-nuevo-lanzamiento-de-belen-ortiz\/#breadcrumb","itemListElement":[{"@type":"ListItem","position":1,"name":"Portada","item":"https:\/\/www.eldiario.net\/portal\/"},{"@type":"ListItem","position":2,"name":"\u201cSentir mariposas\u201d nuevo lanzamiento de Bel\u00e9n Ortiz"}]},{"@type":"WebSite","@id":"https:\/\/www.eldiario.net\/portal\/#website","url":"https:\/\/www.eldiario.net\/portal\/","name":"El Diario - Decano de la prensa nacional","description":"El Diario - Decano de la prensa nacional","publisher":{"@id":"https:\/\/www.eldiario.net\/portal\/#organization"},"potentialAction":[{"@type":"SearchAction","target":{"@type":"EntryPoint","urlTemplate":"https:\/\/www.eldiario.net\/portal\/?s={search_term_string}"},"query-input":{"@type":"PropertyValueSpecification","valueRequired":true,"valueName":"search_term_string"}}],"inLanguage":"es"},{"@type":"Organization","@id":"https:\/\/www.eldiario.net\/portal\/#organization","name":"El Diario - Decano de la prensa nacional","url":"https:\/\/www.eldiario.net\/portal\/","logo":{"@type":"ImageObject","inLanguage":"es","@id":"https:\/\/www.eldiario.net\/portal\/#\/schema\/logo\/image\/","url":"https:\/\/www.eldiario.net\/portal\/wp-content\/uploads\/2023\/07\/logo_ED.jpg","contentUrl":"https:\/\/www.eldiario.net\/portal\/wp-content\/uploads\/2023\/07\/logo_ED.jpg","width":272,"height":52,"caption":"El Diario - Decano de la prensa nacional"},"image":{"@id":"https:\/\/www.eldiario.net\/portal\/#\/schema\/logo\/image\/"},"sameAs":["https:\/\/www.facebook.com\/eldiario.bolivia\/","https:\/\/x.com\/eldiario_net"]},{"@type":"Person","@id":"https:\/\/www.eldiario.net\/portal\/#\/schema\/person\/f46445640444750d7d753ccd04ae01b7","name":"Jeanette","image":{"@type":"ImageObject","inLanguage":"es","@id":"https:\/\/secure.gravatar.com\/avatar\/3ea2118a5f7dad2b7138b1187a6b7ee55f160b9968b66013c3a3ef39dd7e5798?s=96&d=mm&r=g","url":"https:\/\/secure.gravatar.com\/avatar\/3ea2118a5f7dad2b7138b1187a6b7ee55f160b9968b66013c3a3ef39dd7e5798?s=96&d=mm&r=g","contentUrl":"https:\/\/secure.gravatar.com\/avatar\/3ea2118a5f7dad2b7138b1187a6b7ee55f160b9968b66013c3a3ef39dd7e5798?s=96&d=mm&r=g","caption":"Jeanette"},"sameAs":["https:\/\/www.eldiario.net\/portal"],"url":"https:\/\/www.eldiario.net\/portal\/author\/jeanette\/"}]}},"_links":{"self":[{"href":"https:\/\/www.eldiario.net\/portal\/wp-json\/wp\/v2\/posts\/227568","targetHints":{"allow":["GET"]}}],"collection":[{"href":"https:\/\/www.eldiario.net\/portal\/wp-json\/wp\/v2\/posts"}],"about":[{"href":"https:\/\/www.eldiario.net\/portal\/wp-json\/wp\/v2\/types\/post"}],"author":[{"embeddable":true,"href":"https:\/\/www.eldiario.net\/portal\/wp-json\/wp\/v2\/users\/1"}],"replies":[{"embeddable":true,"href":"https:\/\/www.eldiario.net\/portal\/wp-json\/wp\/v2\/comments?post=227568"}],"version-history":[{"count":1,"href":"https:\/\/www.eldiario.net\/portal\/wp-json\/wp\/v2\/posts\/227568\/revisions"}],"predecessor-version":[{"id":227570,"href":"https:\/\/www.eldiario.net\/portal\/wp-json\/wp\/v2\/posts\/227568\/revisions\/227570"}],"wp:featuredmedia":[{"embeddable":true,"href":"https:\/\/www.eldiario.net\/portal\/wp-json\/wp\/v2\/media\/227569"}],"wp:attachment":[{"href":"https:\/\/www.eldiario.net\/portal\/wp-json\/wp\/v2\/media?parent=227568"}],"wp:term":[{"taxonomy":"category","embeddable":true,"href":"https:\/\/www.eldiario.net\/portal\/wp-json\/wp\/v2\/categories?post=227568"},{"taxonomy":"post_tag","embeddable":true,"href":"https:\/\/www.eldiario.net\/portal\/wp-json\/wp\/v2\/tags?post=227568"}],"curies":[{"name":"wp","href":"https:\/\/api.w.org\/{rel}","templated":true}]}}