{"id":227557,"date":"2024-06-16T07:06:33","date_gmt":"2024-06-16T11:06:33","guid":{"rendered":"https:\/\/www.eldiario.net\/portal\/?p=227557"},"modified":"2024-06-16T07:06:33","modified_gmt":"2024-06-16T11:06:33","slug":"destacan-participacion-ciudadana-en-campana-de-donacion-de-sangre","status":"publish","type":"post","link":"https:\/\/www.eldiario.net\/portal\/2024\/06\/16\/destacan-participacion-ciudadana-en-campana-de-donacion-de-sangre\/","title":{"rendered":"Destacan participaci\u00f3n ciudadana en campa\u00f1a de donaci\u00f3n de sangre"},"content":{"rendered":"<p>Haciendo m\u00e9rito al lema \u201cUnamos nuestras manos para dar vida\u201d, a las instalaciones del Banco de Sangre llegaron ayer cientos de personas para realizar su respectiva donaci\u00f3n de sangre y as\u00ed poder salvar la vida de quienes lo necesitan.<br \/>\nEl director del Servicio Departamental de Salud (Sedes), Jaime Bilbao, resalt\u00f3 la generosidad de aquellas personas que donan sangre cada cierto tiempo para salvar vidas, a quienes los denomin\u00f3 como \u201c\u00e1ngeles en la Tierra\u201d.<br \/>\n\u201cEs un d\u00eda muy importante, no solamente para los que donan sino para quienes est\u00e1n trabajando para tener la sangre segura y salvar la vida a muchos de los que vivimos en Santa Cruz de la Sierra y en las provincias\u201d, a\u00f1adi\u00f3 la autoridad en salud.<br \/>\nLament\u00f3 que en algunos municipios no tengan hospitales con bancos de sangre y resalt\u00f3 la necesidad de este l\u00edquido vital para salvar vidas.<br \/>\n\u201cEsta instituci\u00f3n todos los d\u00edas, no solo salva vidas en la capital, sino que tambi\u00e9n lo hace en provincias. Ante ello es destacable la labor que realizan, sigamos en ese camino, trabajando para salvar vidas, pero sobre todo ayudemos a ayudar. Sigamos avanzando por la salud y por Santa Cruz\u201d, resalt\u00f3 Bilbao.<br \/>\nLa actividad se desarroll\u00f3 en el marco del \u201cD\u00eda Mundial y Nacional del Donante Voluntario Altruista de Sangre\u201d, que se celebra desde hace 17 a\u00f1os en Bolivia, cada 14 de junio y tiene como objetivo concienciar sobre la importancia de la donaci\u00f3n de sangre y reconocer el invaluable acto de solidaridad que salva vidas. (Santa Cruz, agencias)<\/p>\n","protected":false},"excerpt":{"rendered":"<p>Haciendo m\u00e9rito al lema \u201cUnamos nuestras manos para dar vida\u201d, a las instalaciones del Banco de Sangre llegaron ayer cientos de personas para realizar su respectiva donaci\u00f3n de sangre y as\u00ed poder salvar la vida de quienes lo necesitan. El director del Servicio Departamental de Salud (Sedes), Jaime Bilbao, resalt\u00f3 la generosidad de aquellas personas [&hellip;]<\/p>\n","protected":false},"author":1,"featured_media":227558,"comment_status":"open","ping_status":"open","sticky":false,"template":"","format":"standard","meta":{"_acf_changed":false,"footnotes":""},"categories":[12],"tags":[],"class_list":["post-227557","post","type-post","status-publish","format-standard","has-post-thumbnail","category-nacional"],"acf":{"antetitulo":"Santa Cruz"},"yoast_head":"<!-- This site is optimized with the Yoast SEO plugin v28.3 - https:\/\/yoast.com\/product\/yoast-seo-wordpress\/ -->\n<title>Destacan participaci\u00f3n ciudadana en campa\u00f1a de donaci\u00f3n de sangre - El Diario - Bolivia<\/title>\n<meta name=\"robots\" content=\"index, follow, max-snippet:-1, max-image-preview:large, max-video-preview:-1\" \/>\n<link rel=\"canonical\" href=\"https:\/\/www.eldiario.net\/portal\/2024\/06\/16\/destacan-participacion-ciudadana-en-campana-de-donacion-de-sangre\/\" \/>\n<meta property=\"og:locale\" content=\"es_ES\" \/>\n<meta property=\"og:type\" content=\"article\" \/>\n<meta property=\"og:title\" content=\"Destacan participaci\u00f3n ciudadana en campa\u00f1a de donaci\u00f3n de sangre - El Diario - Bolivia\" \/>\n<meta property=\"og:description\" content=\"Haciendo m\u00e9rito al lema \u201cUnamos nuestras manos para dar vida\u201d, a las instalaciones del Banco de Sangre llegaron ayer cientos de personas para realizar su respectiva donaci\u00f3n de sangre y as\u00ed poder salvar la vida de quienes lo necesitan. El director del Servicio Departamental de Salud (Sedes), Jaime Bilbao, resalt\u00f3 la generosidad de aquellas personas [&hellip;]\" \/>\n<meta property=\"og:url\" content=\"https:\/\/www.eldiario.net\/portal\/2024\/06\/16\/destacan-participacion-ciudadana-en-campana-de-donacion-de-sangre\/\" \/>\n<meta property=\"og:site_name\" content=\"El Diario - Bolivia\" \/>\n<meta property=\"article:publisher\" content=\"https:\/\/www.facebook.com\/eldiario.bolivia\/\" \/>\n<meta property=\"article:published_time\" content=\"2024-06-16T11:06:33+00:00\" \/>\n<meta property=\"og:image\" content=\"https:\/\/www.eldiario.net\/portal\/wp-content\/uploads\/2024\/06\/13-NAL-COLOR-1.jpg\" \/>\n\t<meta property=\"og:image:width\" content=\"1200\" \/>\n\t<meta property=\"og:image:height\" content=\"676\" \/>\n\t<meta property=\"og:image:type\" content=\"image\/jpeg\" \/>\n<meta name=\"author\" content=\"Jeanette\" \/>\n<meta name=\"twitter:card\" content=\"summary_large_image\" \/>\n<meta name=\"twitter:creator\" content=\"@eldiario_net\" \/>\n<meta name=\"twitter:site\" content=\"@eldiario_net\" \/>\n<meta name=\"twitter:label1\" content=\"Escrito por\" \/>\n\t<meta name=\"twitter:data1\" content=\"Jeanette\" \/>\n\t<meta name=\"twitter:label2\" content=\"Tiempo de lectura\" \/>\n\t<meta name=\"twitter:data2\" content=\"2 minutos\" \/>\n<script type=\"application\/ld+json\" class=\"yoast-schema-graph\">{\"@context\":\"https:\\\/\\\/schema.org\",\"@graph\":[{\"@type\":\"Article\",\"@id\":\"https:\\\/\\\/www.eldiario.net\\\/portal\\\/2024\\\/06\\\/16\\\/destacan-participacion-ciudadana-en-campana-de-donacion-de-sangre\\\/#article\",\"isPartOf\":{\"@id\":\"https:\\\/\\\/www.eldiario.net\\\/portal\\\/2024\\\/06\\\/16\\\/destacan-participacion-ciudadana-en-campana-de-donacion-de-sangre\\\/\"},\"author\":{\"name\":\"Jeanette\",\"@id\":\"https:\\\/\\\/www.eldiario.net\\\/portal\\\/#\\\/schema\\\/person\\\/f46445640444750d7d753ccd04ae01b7\"},\"headline\":\"Destacan participaci\u00f3n ciudadana en campa\u00f1a de donaci\u00f3n de sangre\",\"datePublished\":\"2024-06-16T11:06:33+00:00\",\"mainEntityOfPage\":{\"@id\":\"https:\\\/\\\/www.eldiario.net\\\/portal\\\/2024\\\/06\\\/16\\\/destacan-participacion-ciudadana-en-campana-de-donacion-de-sangre\\\/\"},\"wordCount\":273,\"commentCount\":0,\"publisher\":{\"@id\":\"https:\\\/\\\/www.eldiario.net\\\/portal\\\/#organization\"},\"image\":{\"@id\":\"https:\\\/\\\/www.eldiario.net\\\/portal\\\/2024\\\/06\\\/16\\\/destacan-participacion-ciudadana-en-campana-de-donacion-de-sangre\\\/#primaryimage\"},\"thumbnailUrl\":\"https:\\\/\\\/www.eldiario.net\\\/portal\\\/wp-content\\\/uploads\\\/2024\\\/06\\\/13-NAL-COLOR-1.jpg\",\"articleSection\":[\"Nacional\"],\"inLanguage\":\"es\",\"potentialAction\":[{\"@type\":\"CommentAction\",\"name\":\"Comment\",\"target\":[\"https:\\\/\\\/www.eldiario.net\\\/portal\\\/2024\\\/06\\\/16\\\/destacan-participacion-ciudadana-en-campana-de-donacion-de-sangre\\\/#respond\"]}]},{\"@type\":\"WebPage\",\"@id\":\"https:\\\/\\\/www.eldiario.net\\\/portal\\\/2024\\\/06\\\/16\\\/destacan-participacion-ciudadana-en-campana-de-donacion-de-sangre\\\/\",\"url\":\"https:\\\/\\\/www.eldiario.net\\\/portal\\\/2024\\\/06\\\/16\\\/destacan-participacion-ciudadana-en-campana-de-donacion-de-sangre\\\/\",\"name\":\"Destacan participaci\u00f3n ciudadana en campa\u00f1a de donaci\u00f3n de sangre - El Diario - Bolivia\",\"isPartOf\":{\"@id\":\"https:\\\/\\\/www.eldiario.net\\\/portal\\\/#website\"},\"primaryImageOfPage\":{\"@id\":\"https:\\\/\\\/www.eldiario.net\\\/portal\\\/2024\\\/06\\\/16\\\/destacan-participacion-ciudadana-en-campana-de-donacion-de-sangre\\\/#primaryimage\"},\"image\":{\"@id\":\"https:\\\/\\\/www.eldiario.net\\\/portal\\\/2024\\\/06\\\/16\\\/destacan-participacion-ciudadana-en-campana-de-donacion-de-sangre\\\/#primaryimage\"},\"thumbnailUrl\":\"https:\\\/\\\/www.eldiario.net\\\/portal\\\/wp-content\\\/uploads\\\/2024\\\/06\\\/13-NAL-COLOR-1.jpg\",\"datePublished\":\"2024-06-16T11:06:33+00:00\",\"breadcrumb\":{\"@id\":\"https:\\\/\\\/www.eldiario.net\\\/portal\\\/2024\\\/06\\\/16\\\/destacan-participacion-ciudadana-en-campana-de-donacion-de-sangre\\\/#breadcrumb\"},\"inLanguage\":\"es\",\"potentialAction\":[{\"@type\":\"ReadAction\",\"target\":[\"https:\\\/\\\/www.eldiario.net\\\/portal\\\/2024\\\/06\\\/16\\\/destacan-participacion-ciudadana-en-campana-de-donacion-de-sangre\\\/\"]}]},{\"@type\":\"ImageObject\",\"inLanguage\":\"es\",\"@id\":\"https:\\\/\\\/www.eldiario.net\\\/portal\\\/2024\\\/06\\\/16\\\/destacan-participacion-ciudadana-en-campana-de-donacion-de-sangre\\\/#primaryimage\",\"url\":\"https:\\\/\\\/www.eldiario.net\\\/portal\\\/wp-content\\\/uploads\\\/2024\\\/06\\\/13-NAL-COLOR-1.jpg\",\"contentUrl\":\"https:\\\/\\\/www.eldiario.net\\\/portal\\\/wp-content\\\/uploads\\\/2024\\\/06\\\/13-NAL-COLOR-1.jpg\",\"width\":1200,\"height\":676,\"caption\":\"DONAR SANGRE PUEDE SALVAR UNA VIDA.\"},{\"@type\":\"BreadcrumbList\",\"@id\":\"https:\\\/\\\/www.eldiario.net\\\/portal\\\/2024\\\/06\\\/16\\\/destacan-participacion-ciudadana-en-campana-de-donacion-de-sangre\\\/#breadcrumb\",\"itemListElement\":[{\"@type\":\"ListItem\",\"position\":1,\"name\":\"Portada\",\"item\":\"https:\\\/\\\/www.eldiario.net\\\/portal\\\/\"},{\"@type\":\"ListItem\",\"position\":2,\"name\":\"Destacan participaci\u00f3n ciudadana en campa\u00f1a de donaci\u00f3n de sangre\"}]},{\"@type\":\"WebSite\",\"@id\":\"https:\\\/\\\/www.eldiario.net\\\/portal\\\/#website\",\"url\":\"https:\\\/\\\/www.eldiario.net\\\/portal\\\/\",\"name\":\"El Diario - Decano de la prensa nacional\",\"description\":\"El Diario - Decano de la prensa nacional\",\"publisher\":{\"@id\":\"https:\\\/\\\/www.eldiario.net\\\/portal\\\/#organization\"},\"potentialAction\":[{\"@type\":\"SearchAction\",\"target\":{\"@type\":\"EntryPoint\",\"urlTemplate\":\"https:\\\/\\\/www.eldiario.net\\\/portal\\\/?s={search_term_string}\"},\"query-input\":{\"@type\":\"PropertyValueSpecification\",\"valueRequired\":true,\"valueName\":\"search_term_string\"}}],\"inLanguage\":\"es\"},{\"@type\":\"Organization\",\"@id\":\"https:\\\/\\\/www.eldiario.net\\\/portal\\\/#organization\",\"name\":\"El Diario - Decano de la prensa nacional\",\"url\":\"https:\\\/\\\/www.eldiario.net\\\/portal\\\/\",\"logo\":{\"@type\":\"ImageObject\",\"inLanguage\":\"es\",\"@id\":\"https:\\\/\\\/www.eldiario.net\\\/portal\\\/#\\\/schema\\\/logo\\\/image\\\/\",\"url\":\"https:\\\/\\\/www.eldiario.net\\\/portal\\\/wp-content\\\/uploads\\\/2023\\\/07\\\/logo_ED.jpg\",\"contentUrl\":\"https:\\\/\\\/www.eldiario.net\\\/portal\\\/wp-content\\\/uploads\\\/2023\\\/07\\\/logo_ED.jpg\",\"width\":272,\"height\":52,\"caption\":\"El Diario - Decano de la prensa nacional\"},\"image\":{\"@id\":\"https:\\\/\\\/www.eldiario.net\\\/portal\\\/#\\\/schema\\\/logo\\\/image\\\/\"},\"sameAs\":[\"https:\\\/\\\/www.facebook.com\\\/eldiario.bolivia\\\/\",\"https:\\\/\\\/x.com\\\/eldiario_net\"]},{\"@type\":\"Person\",\"@id\":\"https:\\\/\\\/www.eldiario.net\\\/portal\\\/#\\\/schema\\\/person\\\/f46445640444750d7d753ccd04ae01b7\",\"name\":\"Jeanette\",\"image\":{\"@type\":\"ImageObject\",\"inLanguage\":\"es\",\"@id\":\"https:\\\/\\\/secure.gravatar.com\\\/avatar\\\/3ea2118a5f7dad2b7138b1187a6b7ee55f160b9968b66013c3a3ef39dd7e5798?s=96&d=mm&r=g\",\"url\":\"https:\\\/\\\/secure.gravatar.com\\\/avatar\\\/3ea2118a5f7dad2b7138b1187a6b7ee55f160b9968b66013c3a3ef39dd7e5798?s=96&d=mm&r=g\",\"contentUrl\":\"https:\\\/\\\/secure.gravatar.com\\\/avatar\\\/3ea2118a5f7dad2b7138b1187a6b7ee55f160b9968b66013c3a3ef39dd7e5798?s=96&d=mm&r=g\",\"caption\":\"Jeanette\"},\"sameAs\":[\"https:\\\/\\\/www.eldiario.net\\\/portal\"],\"url\":\"https:\\\/\\\/www.eldiario.net\\\/portal\\\/author\\\/jeanette\\\/\"}]}<\/script>\n<!-- \/ Yoast SEO plugin. -->","yoast_head_json":{"title":"Destacan participaci\u00f3n ciudadana en campa\u00f1a de donaci\u00f3n de sangre - El Diario - Bolivia","robots":{"index":"index","follow":"follow","max-snippet":"max-snippet:-1","max-image-preview":"max-image-preview:large","max-video-preview":"max-video-preview:-1"},"canonical":"https:\/\/www.eldiario.net\/portal\/2024\/06\/16\/destacan-participacion-ciudadana-en-campana-de-donacion-de-sangre\/","og_locale":"es_ES","og_type":"article","og_title":"Destacan participaci\u00f3n ciudadana en campa\u00f1a de donaci\u00f3n de sangre - El Diario - Bolivia","og_description":"Haciendo m\u00e9rito al lema \u201cUnamos nuestras manos para dar vida\u201d, a las instalaciones del Banco de Sangre llegaron ayer cientos de personas para realizar su respectiva donaci\u00f3n de sangre y as\u00ed poder salvar la vida de quienes lo necesitan. El director del Servicio Departamental de Salud (Sedes), Jaime Bilbao, resalt\u00f3 la generosidad de aquellas personas [&hellip;]","og_url":"https:\/\/www.eldiario.net\/portal\/2024\/06\/16\/destacan-participacion-ciudadana-en-campana-de-donacion-de-sangre\/","og_site_name":"El Diario - Bolivia","article_publisher":"https:\/\/www.facebook.com\/eldiario.bolivia\/","article_published_time":"2024-06-16T11:06:33+00:00","og_image":[{"width":1200,"height":676,"url":"https:\/\/www.eldiario.net\/portal\/wp-content\/uploads\/2024\/06\/13-NAL-COLOR-1.jpg","type":"image\/jpeg"}],"author":"Jeanette","twitter_card":"summary_large_image","twitter_creator":"@eldiario_net","twitter_site":"@eldiario_net","twitter_misc":{"Escrito por":"Jeanette","Tiempo de lectura":"2 minutos"},"schema":{"@context":"https:\/\/schema.org","@graph":[{"@type":"Article","@id":"https:\/\/www.eldiario.net\/portal\/2024\/06\/16\/destacan-participacion-ciudadana-en-campana-de-donacion-de-sangre\/#article","isPartOf":{"@id":"https:\/\/www.eldiario.net\/portal\/2024\/06\/16\/destacan-participacion-ciudadana-en-campana-de-donacion-de-sangre\/"},"author":{"name":"Jeanette","@id":"https:\/\/www.eldiario.net\/portal\/#\/schema\/person\/f46445640444750d7d753ccd04ae01b7"},"headline":"Destacan participaci\u00f3n ciudadana en campa\u00f1a de donaci\u00f3n de sangre","datePublished":"2024-06-16T11:06:33+00:00","mainEntityOfPage":{"@id":"https:\/\/www.eldiario.net\/portal\/2024\/06\/16\/destacan-participacion-ciudadana-en-campana-de-donacion-de-sangre\/"},"wordCount":273,"commentCount":0,"publisher":{"@id":"https:\/\/www.eldiario.net\/portal\/#organization"},"image":{"@id":"https:\/\/www.eldiario.net\/portal\/2024\/06\/16\/destacan-participacion-ciudadana-en-campana-de-donacion-de-sangre\/#primaryimage"},"thumbnailUrl":"https:\/\/www.eldiario.net\/portal\/wp-content\/uploads\/2024\/06\/13-NAL-COLOR-1.jpg","articleSection":["Nacional"],"inLanguage":"es","potentialAction":[{"@type":"CommentAction","name":"Comment","target":["https:\/\/www.eldiario.net\/portal\/2024\/06\/16\/destacan-participacion-ciudadana-en-campana-de-donacion-de-sangre\/#respond"]}]},{"@type":"WebPage","@id":"https:\/\/www.eldiario.net\/portal\/2024\/06\/16\/destacan-participacion-ciudadana-en-campana-de-donacion-de-sangre\/","url":"https:\/\/www.eldiario.net\/portal\/2024\/06\/16\/destacan-participacion-ciudadana-en-campana-de-donacion-de-sangre\/","name":"Destacan participaci\u00f3n ciudadana en campa\u00f1a de donaci\u00f3n de sangre - El Diario - Bolivia","isPartOf":{"@id":"https:\/\/www.eldiario.net\/portal\/#website"},"primaryImageOfPage":{"@id":"https:\/\/www.eldiario.net\/portal\/2024\/06\/16\/destacan-participacion-ciudadana-en-campana-de-donacion-de-sangre\/#primaryimage"},"image":{"@id":"https:\/\/www.eldiario.net\/portal\/2024\/06\/16\/destacan-participacion-ciudadana-en-campana-de-donacion-de-sangre\/#primaryimage"},"thumbnailUrl":"https:\/\/www.eldiario.net\/portal\/wp-content\/uploads\/2024\/06\/13-NAL-COLOR-1.jpg","datePublished":"2024-06-16T11:06:33+00:00","breadcrumb":{"@id":"https:\/\/www.eldiario.net\/portal\/2024\/06\/16\/destacan-participacion-ciudadana-en-campana-de-donacion-de-sangre\/#breadcrumb"},"inLanguage":"es","potentialAction":[{"@type":"ReadAction","target":["https:\/\/www.eldiario.net\/portal\/2024\/06\/16\/destacan-participacion-ciudadana-en-campana-de-donacion-de-sangre\/"]}]},{"@type":"ImageObject","inLanguage":"es","@id":"https:\/\/www.eldiario.net\/portal\/2024\/06\/16\/destacan-participacion-ciudadana-en-campana-de-donacion-de-sangre\/#primaryimage","url":"https:\/\/www.eldiario.net\/portal\/wp-content\/uploads\/2024\/06\/13-NAL-COLOR-1.jpg","contentUrl":"https:\/\/www.eldiario.net\/portal\/wp-content\/uploads\/2024\/06\/13-NAL-COLOR-1.jpg","width":1200,"height":676,"caption":"DONAR SANGRE PUEDE SALVAR UNA VIDA."},{"@type":"BreadcrumbList","@id":"https:\/\/www.eldiario.net\/portal\/2024\/06\/16\/destacan-participacion-ciudadana-en-campana-de-donacion-de-sangre\/#breadcrumb","itemListElement":[{"@type":"ListItem","position":1,"name":"Portada","item":"https:\/\/www.eldiario.net\/portal\/"},{"@type":"ListItem","position":2,"name":"Destacan participaci\u00f3n ciudadana en campa\u00f1a de donaci\u00f3n de sangre"}]},{"@type":"WebSite","@id":"https:\/\/www.eldiario.net\/portal\/#website","url":"https:\/\/www.eldiario.net\/portal\/","name":"El Diario - Decano de la prensa nacional","description":"El Diario - Decano de la prensa nacional","publisher":{"@id":"https:\/\/www.eldiario.net\/portal\/#organization"},"potentialAction":[{"@type":"SearchAction","target":{"@type":"EntryPoint","urlTemplate":"https:\/\/www.eldiario.net\/portal\/?s={search_term_string}"},"query-input":{"@type":"PropertyValueSpecification","valueRequired":true,"valueName":"search_term_string"}}],"inLanguage":"es"},{"@type":"Organization","@id":"https:\/\/www.eldiario.net\/portal\/#organization","name":"El Diario - Decano de la prensa nacional","url":"https:\/\/www.eldiario.net\/portal\/","logo":{"@type":"ImageObject","inLanguage":"es","@id":"https:\/\/www.eldiario.net\/portal\/#\/schema\/logo\/image\/","url":"https:\/\/www.eldiario.net\/portal\/wp-content\/uploads\/2023\/07\/logo_ED.jpg","contentUrl":"https:\/\/www.eldiario.net\/portal\/wp-content\/uploads\/2023\/07\/logo_ED.jpg","width":272,"height":52,"caption":"El Diario - Decano de la prensa nacional"},"image":{"@id":"https:\/\/www.eldiario.net\/portal\/#\/schema\/logo\/image\/"},"sameAs":["https:\/\/www.facebook.com\/eldiario.bolivia\/","https:\/\/x.com\/eldiario_net"]},{"@type":"Person","@id":"https:\/\/www.eldiario.net\/portal\/#\/schema\/person\/f46445640444750d7d753ccd04ae01b7","name":"Jeanette","image":{"@type":"ImageObject","inLanguage":"es","@id":"https:\/\/secure.gravatar.com\/avatar\/3ea2118a5f7dad2b7138b1187a6b7ee55f160b9968b66013c3a3ef39dd7e5798?s=96&d=mm&r=g","url":"https:\/\/secure.gravatar.com\/avatar\/3ea2118a5f7dad2b7138b1187a6b7ee55f160b9968b66013c3a3ef39dd7e5798?s=96&d=mm&r=g","contentUrl":"https:\/\/secure.gravatar.com\/avatar\/3ea2118a5f7dad2b7138b1187a6b7ee55f160b9968b66013c3a3ef39dd7e5798?s=96&d=mm&r=g","caption":"Jeanette"},"sameAs":["https:\/\/www.eldiario.net\/portal"],"url":"https:\/\/www.eldiario.net\/portal\/author\/jeanette\/"}]}},"_links":{"self":[{"href":"https:\/\/www.eldiario.net\/portal\/wp-json\/wp\/v2\/posts\/227557","targetHints":{"allow":["GET"]}}],"collection":[{"href":"https:\/\/www.eldiario.net\/portal\/wp-json\/wp\/v2\/posts"}],"about":[{"href":"https:\/\/www.eldiario.net\/portal\/wp-json\/wp\/v2\/types\/post"}],"author":[{"embeddable":true,"href":"https:\/\/www.eldiario.net\/portal\/wp-json\/wp\/v2\/users\/1"}],"replies":[{"embeddable":true,"href":"https:\/\/www.eldiario.net\/portal\/wp-json\/wp\/v2\/comments?post=227557"}],"version-history":[{"count":1,"href":"https:\/\/www.eldiario.net\/portal\/wp-json\/wp\/v2\/posts\/227557\/revisions"}],"predecessor-version":[{"id":227559,"href":"https:\/\/www.eldiario.net\/portal\/wp-json\/wp\/v2\/posts\/227557\/revisions\/227559"}],"wp:featuredmedia":[{"embeddable":true,"href":"https:\/\/www.eldiario.net\/portal\/wp-json\/wp\/v2\/media\/227558"}],"wp:attachment":[{"href":"https:\/\/www.eldiario.net\/portal\/wp-json\/wp\/v2\/media?parent=227557"}],"wp:term":[{"taxonomy":"category","embeddable":true,"href":"https:\/\/www.eldiario.net\/portal\/wp-json\/wp\/v2\/categories?post=227557"},{"taxonomy":"post_tag","embeddable":true,"href":"https:\/\/www.eldiario.net\/portal\/wp-json\/wp\/v2\/tags?post=227557"}],"curies":[{"name":"wp","href":"https:\/\/api.w.org\/{rel}","templated":true}]}}