{"id":227555,"date":"2024-06-16T07:05:39","date_gmt":"2024-06-16T11:05:39","guid":{"rendered":"https:\/\/www.eldiario.net\/portal\/?p=227555"},"modified":"2024-06-16T07:05:39","modified_gmt":"2024-06-16T11:05:39","slug":"cinco-esquinas-amarillismo-y-distorsion","status":"publish","type":"post","link":"https:\/\/www.eldiario.net\/portal\/2024\/06\/16\/cinco-esquinas-amarillismo-y-distorsion\/","title":{"rendered":"Cinco Esquinas: amarillismo y distorsi\u00f3n"},"content":{"rendered":"<p>Acabo de terminar de leer una de las m\u00e1s recientes novelas de Vargas Llosa, publicada en 2016 por Alfaguara: Cinco Esquinas. Mi intenci\u00f3n en este art\u00edculo es comentar no la parte literaria de aquella obra, sino su mensaje pol\u00edtico y social, relativo sobre todo al periodismo amarillo y la chismograf\u00eda. El contenido de la novela me parece pertinente hoy, teniendo en cuenta la calidad de informaci\u00f3n que en el presente publican varios medios que inundan las redes sociales con avalanchas de noticias sesgadas, direccionadas o directamente falsas. En dos palabras, la historia de Cinco Esquinas es la de un empresario que se ve envuelto en un esc\u00e1ndalo porque un medio dedicado a la publicaci\u00f3n de noticias escandalosas y morbosas llamado Destapes saca a la luz unas fotograf\u00edas en las que aquel est\u00e1 desnudo y en medio de una org\u00eda con prostitutas. El contexto pol\u00edtico de la historia es la dictadura de Alberto Fujimori y una Lima que vive en la zozobra debido al toque de queda del gobierno, los secuestros de mafias organizadas y los arrestos abusivos de la Polic\u00eda.<br \/>\nLa historia, brillantemente contada y con pasajes er\u00f3ticos que hacen estremecer al lector, reflexiona sobre c\u00f3mo una prensa amarilla es capaz no solo de direccionar los intereses y creencias de una sociedad hacia el esc\u00e1ndalo y el sensacionalismo, sino tambi\u00e9n de poner en entredicho la estabilidad de un matrimonio en apariencia feliz. En Cinco Esquinas, la publicaci\u00f3n de una noticia escandalosa provoca un asesinato, varias calumnias, procesos judiciales presumiblemente ama\u00f1ados y un estado de tensi\u00f3n cr\u00f3nico que entristece a varias de las personas involucradas. La dram\u00e1tica y er\u00f3tica historia de Enrique C\u00e1rdenas y Marisa, protagonistas de la novela, es ciertamente un extremo al que pueden llegar algunos periodistas y medios que perdieron el rumbo del oficio. Pero los extremos nos llevan a reflexionar sobre ciertas situaciones de nuestra propia realidad: \u00bfc\u00f3mo va el periodismo en Bolivia? \u00bfHay alg\u00fan medio o alg\u00fan grupo de periodistas que hagan un trabajo similar al de Destapes? \u00bfPuede llamarse periodista aquel que, con sa\u00f1a y mala intenci\u00f3n, elabora notas para desprestigiar a los adversarios?<br \/>\nQue yo sepa, no existe medio que publique notas de la cala\u00f1a de las de Destapes. Sin embargo, s\u00ed existen, como en casi todos los pa\u00edses y en todo tiempo, medios (o suplementos o espacios de medios) dedicados a publicar banalidades de la far\u00e1ndula o el espect\u00e1culo para el entretenimiento del gran p\u00fablico. Pero si se pudiera establecer un paralelismo m\u00e1s cabal entre la situaci\u00f3n del periodismo boliviano actual y la historia de Cinco Esquinas, estar\u00eda en el control que ejerce hoy el actual gobierno sobre algunos medios de comunicaci\u00f3n (tanto p\u00fablicos como privados) que son utilizados para desprestigiar al adversario, pues en la historia contada por el Nobel peruano, el Doctor (inspirado en la figura de Montesinos) posee una influencia decisiva sobre las notas que Destapes publica para denostar a los enemigos del r\u00e9gimen o a quienes sencillamente lo incomodan.<br \/>\nAlgo similar ocurre con los medios estatales bolivianos, que funcionan siempre como si fueran gubernamentales porque son cajas de resonancia de lo que predica el gobierno de turno y espacios donde se desacredita al adversario u omite lo que \u00e9ste hace bien. Abre hoy mismo, estimado lector, la p\u00e1gina web del peri\u00f3dico estatal, sintoniza la radio p\u00fablica o pon el canal del Estado en tu televisor (medios pagados por una peque\u00f1a parte de tus impuestos): te informar\u00e1s solamente de una parte \u00ednfima (y, lo peor, distorsionada) de la compleja realidad que nos circunda. En rigor, tales medios lo que hacen es propaganda y de ninguna manera informaci\u00f3n o comunicaci\u00f3n, que son actividades m\u00e1s ricas y edificantes que aquella, que es unidireccional y cerrada.<br \/>\nComo dice el mismo Vargas Llosa en su libro La verdad de las mentiras parafraseando a Popper, los reg\u00edmenes autoritarios se distinguen, entre otras cosas, por diluir los l\u00edmites que deben existir entre la ficci\u00f3n y la realidad, y si bien hoy ya no hay censores como los de antes ni reg\u00edmenes tan autoritarios como los del Siglo XX, las precarias democracias latinoamericanas siguen admitiendo la existencia de periodismos que mezclan la verdad con el mito. Hoy el periodismo vive un momento cr\u00edtico debido al auge de las nuevas tecnolog\u00edas, pero no creo que la supervivencia como tal de aquel oficio est\u00e9 en peligro. El mayor desaf\u00edo, entonces, no est\u00e1 en que el periodismo no se extinga, sino en hacer de \u00e9l una profesi\u00f3n noble y de servicio. Un periodismo serio, cr\u00edtico y plural, contribuye a la democracia; en otras palabras, a la convivencia racional y razonable de todos los individuos en el marco de nuestras posibles diferencias, convivencia que hoy est\u00e1 en entredicho por la beligerancia en la que est\u00e1 sumida Bolivia y que amenaza su integridad.<\/p>\n<p>Ignacio Vera de Rada es profesor universitario.<\/p>\n","protected":false},"excerpt":{"rendered":"<p>Acabo de terminar de leer una de las m\u00e1s recientes novelas de Vargas Llosa, publicada en 2016 por Alfaguara: Cinco Esquinas. Mi intenci\u00f3n en este art\u00edculo es comentar no la parte literaria de aquella obra, sino su mensaje pol\u00edtico y social, relativo sobre todo al periodismo amarillo y la chismograf\u00eda. El contenido de la novela [&hellip;]<\/p>\n","protected":false},"author":1,"featured_media":158964,"comment_status":"open","ping_status":"open","sticky":false,"template":"","format":"standard","meta":{"_acf_changed":false,"footnotes":""},"categories":[9],"tags":[],"class_list":["post-227555","post","type-post","status-publish","format-standard","has-post-thumbnail","category-opinion"],"acf":{"antetitulo":"La espada en la palabra"},"yoast_head":"<!-- This site is optimized with the Yoast SEO plugin v28.3 - https:\/\/yoast.com\/product\/yoast-seo-wordpress\/ -->\n<title>Cinco Esquinas: amarillismo y distorsi\u00f3n - El Diario - Bolivia<\/title>\n<meta name=\"robots\" content=\"index, follow, max-snippet:-1, max-image-preview:large, max-video-preview:-1\" \/>\n<link rel=\"canonical\" href=\"https:\/\/www.eldiario.net\/portal\/2024\/06\/16\/cinco-esquinas-amarillismo-y-distorsion\/\" \/>\n<meta property=\"og:locale\" content=\"es_ES\" \/>\n<meta property=\"og:type\" content=\"article\" \/>\n<meta property=\"og:title\" content=\"Cinco Esquinas: amarillismo y distorsi\u00f3n - El Diario - Bolivia\" \/>\n<meta property=\"og:description\" content=\"Acabo de terminar de leer una de las m\u00e1s recientes novelas de Vargas Llosa, publicada en 2016 por Alfaguara: Cinco Esquinas. Mi intenci\u00f3n en este art\u00edculo es comentar no la parte literaria de aquella obra, sino su mensaje pol\u00edtico y social, relativo sobre todo al periodismo amarillo y la chismograf\u00eda. El contenido de la novela [&hellip;]\" \/>\n<meta property=\"og:url\" content=\"https:\/\/www.eldiario.net\/portal\/2024\/06\/16\/cinco-esquinas-amarillismo-y-distorsion\/\" \/>\n<meta property=\"og:site_name\" content=\"El Diario - Bolivia\" \/>\n<meta property=\"article:publisher\" content=\"https:\/\/www.facebook.com\/eldiario.bolivia\/\" \/>\n<meta property=\"article:published_time\" content=\"2024-06-16T11:05:39+00:00\" \/>\n<meta property=\"og:image\" content=\"https:\/\/www.eldiario.net\/portal\/wp-content\/uploads\/2023\/06\/Ignacio-Vera-de-Rada-1.jpg\" \/>\n\t<meta property=\"og:image:width\" content=\"1200\" \/>\n\t<meta property=\"og:image:height\" content=\"628\" \/>\n\t<meta property=\"og:image:type\" content=\"image\/jpeg\" \/>\n<meta name=\"author\" content=\"Jeanette\" \/>\n<meta name=\"twitter:card\" content=\"summary_large_image\" \/>\n<meta name=\"twitter:creator\" content=\"@eldiario_net\" \/>\n<meta name=\"twitter:site\" content=\"@eldiario_net\" \/>\n<meta name=\"twitter:label1\" content=\"Escrito por\" \/>\n\t<meta name=\"twitter:data1\" content=\"Jeanette\" \/>\n\t<meta name=\"twitter:label2\" content=\"Tiempo de lectura\" \/>\n\t<meta name=\"twitter:data2\" content=\"4 minutos\" \/>\n<script type=\"application\/ld+json\" class=\"yoast-schema-graph\">{\"@context\":\"https:\\\/\\\/schema.org\",\"@graph\":[{\"@type\":\"Article\",\"@id\":\"https:\\\/\\\/www.eldiario.net\\\/portal\\\/2024\\\/06\\\/16\\\/cinco-esquinas-amarillismo-y-distorsion\\\/#article\",\"isPartOf\":{\"@id\":\"https:\\\/\\\/www.eldiario.net\\\/portal\\\/2024\\\/06\\\/16\\\/cinco-esquinas-amarillismo-y-distorsion\\\/\"},\"author\":{\"name\":\"Jeanette\",\"@id\":\"https:\\\/\\\/www.eldiario.net\\\/portal\\\/#\\\/schema\\\/person\\\/f46445640444750d7d753ccd04ae01b7\"},\"headline\":\"Cinco Esquinas: amarillismo y distorsi\u00f3n\",\"datePublished\":\"2024-06-16T11:05:39+00:00\",\"mainEntityOfPage\":{\"@id\":\"https:\\\/\\\/www.eldiario.net\\\/portal\\\/2024\\\/06\\\/16\\\/cinco-esquinas-amarillismo-y-distorsion\\\/\"},\"wordCount\":859,\"commentCount\":0,\"publisher\":{\"@id\":\"https:\\\/\\\/www.eldiario.net\\\/portal\\\/#organization\"},\"image\":{\"@id\":\"https:\\\/\\\/www.eldiario.net\\\/portal\\\/2024\\\/06\\\/16\\\/cinco-esquinas-amarillismo-y-distorsion\\\/#primaryimage\"},\"thumbnailUrl\":\"https:\\\/\\\/www.eldiario.net\\\/portal\\\/wp-content\\\/uploads\\\/2023\\\/06\\\/Ignacio-Vera-de-Rada-1.jpg\",\"articleSection\":[\"Opini\u00f3n\"],\"inLanguage\":\"es\",\"potentialAction\":[{\"@type\":\"CommentAction\",\"name\":\"Comment\",\"target\":[\"https:\\\/\\\/www.eldiario.net\\\/portal\\\/2024\\\/06\\\/16\\\/cinco-esquinas-amarillismo-y-distorsion\\\/#respond\"]}]},{\"@type\":\"WebPage\",\"@id\":\"https:\\\/\\\/www.eldiario.net\\\/portal\\\/2024\\\/06\\\/16\\\/cinco-esquinas-amarillismo-y-distorsion\\\/\",\"url\":\"https:\\\/\\\/www.eldiario.net\\\/portal\\\/2024\\\/06\\\/16\\\/cinco-esquinas-amarillismo-y-distorsion\\\/\",\"name\":\"Cinco Esquinas: amarillismo y distorsi\u00f3n - El Diario - Bolivia\",\"isPartOf\":{\"@id\":\"https:\\\/\\\/www.eldiario.net\\\/portal\\\/#website\"},\"primaryImageOfPage\":{\"@id\":\"https:\\\/\\\/www.eldiario.net\\\/portal\\\/2024\\\/06\\\/16\\\/cinco-esquinas-amarillismo-y-distorsion\\\/#primaryimage\"},\"image\":{\"@id\":\"https:\\\/\\\/www.eldiario.net\\\/portal\\\/2024\\\/06\\\/16\\\/cinco-esquinas-amarillismo-y-distorsion\\\/#primaryimage\"},\"thumbnailUrl\":\"https:\\\/\\\/www.eldiario.net\\\/portal\\\/wp-content\\\/uploads\\\/2023\\\/06\\\/Ignacio-Vera-de-Rada-1.jpg\",\"datePublished\":\"2024-06-16T11:05:39+00:00\",\"breadcrumb\":{\"@id\":\"https:\\\/\\\/www.eldiario.net\\\/portal\\\/2024\\\/06\\\/16\\\/cinco-esquinas-amarillismo-y-distorsion\\\/#breadcrumb\"},\"inLanguage\":\"es\",\"potentialAction\":[{\"@type\":\"ReadAction\",\"target\":[\"https:\\\/\\\/www.eldiario.net\\\/portal\\\/2024\\\/06\\\/16\\\/cinco-esquinas-amarillismo-y-distorsion\\\/\"]}]},{\"@type\":\"ImageObject\",\"inLanguage\":\"es\",\"@id\":\"https:\\\/\\\/www.eldiario.net\\\/portal\\\/2024\\\/06\\\/16\\\/cinco-esquinas-amarillismo-y-distorsion\\\/#primaryimage\",\"url\":\"https:\\\/\\\/www.eldiario.net\\\/portal\\\/wp-content\\\/uploads\\\/2023\\\/06\\\/Ignacio-Vera-de-Rada-1.jpg\",\"contentUrl\":\"https:\\\/\\\/www.eldiario.net\\\/portal\\\/wp-content\\\/uploads\\\/2023\\\/06\\\/Ignacio-Vera-de-Rada-1.jpg\",\"width\":1200,\"height\":628,\"caption\":\"Ignacio Vera de Rada\"},{\"@type\":\"BreadcrumbList\",\"@id\":\"https:\\\/\\\/www.eldiario.net\\\/portal\\\/2024\\\/06\\\/16\\\/cinco-esquinas-amarillismo-y-distorsion\\\/#breadcrumb\",\"itemListElement\":[{\"@type\":\"ListItem\",\"position\":1,\"name\":\"Portada\",\"item\":\"https:\\\/\\\/www.eldiario.net\\\/portal\\\/\"},{\"@type\":\"ListItem\",\"position\":2,\"name\":\"Cinco Esquinas: amarillismo y distorsi\u00f3n\"}]},{\"@type\":\"WebSite\",\"@id\":\"https:\\\/\\\/www.eldiario.net\\\/portal\\\/#website\",\"url\":\"https:\\\/\\\/www.eldiario.net\\\/portal\\\/\",\"name\":\"El Diario - Decano de la prensa nacional\",\"description\":\"El Diario - Decano de la prensa nacional\",\"publisher\":{\"@id\":\"https:\\\/\\\/www.eldiario.net\\\/portal\\\/#organization\"},\"potentialAction\":[{\"@type\":\"SearchAction\",\"target\":{\"@type\":\"EntryPoint\",\"urlTemplate\":\"https:\\\/\\\/www.eldiario.net\\\/portal\\\/?s={search_term_string}\"},\"query-input\":{\"@type\":\"PropertyValueSpecification\",\"valueRequired\":true,\"valueName\":\"search_term_string\"}}],\"inLanguage\":\"es\"},{\"@type\":\"Organization\",\"@id\":\"https:\\\/\\\/www.eldiario.net\\\/portal\\\/#organization\",\"name\":\"El Diario - Decano de la prensa nacional\",\"url\":\"https:\\\/\\\/www.eldiario.net\\\/portal\\\/\",\"logo\":{\"@type\":\"ImageObject\",\"inLanguage\":\"es\",\"@id\":\"https:\\\/\\\/www.eldiario.net\\\/portal\\\/#\\\/schema\\\/logo\\\/image\\\/\",\"url\":\"https:\\\/\\\/www.eldiario.net\\\/portal\\\/wp-content\\\/uploads\\\/2023\\\/07\\\/logo_ED.jpg\",\"contentUrl\":\"https:\\\/\\\/www.eldiario.net\\\/portal\\\/wp-content\\\/uploads\\\/2023\\\/07\\\/logo_ED.jpg\",\"width\":272,\"height\":52,\"caption\":\"El Diario - Decano de la prensa nacional\"},\"image\":{\"@id\":\"https:\\\/\\\/www.eldiario.net\\\/portal\\\/#\\\/schema\\\/logo\\\/image\\\/\"},\"sameAs\":[\"https:\\\/\\\/www.facebook.com\\\/eldiario.bolivia\\\/\",\"https:\\\/\\\/x.com\\\/eldiario_net\"]},{\"@type\":\"Person\",\"@id\":\"https:\\\/\\\/www.eldiario.net\\\/portal\\\/#\\\/schema\\\/person\\\/f46445640444750d7d753ccd04ae01b7\",\"name\":\"Jeanette\",\"image\":{\"@type\":\"ImageObject\",\"inLanguage\":\"es\",\"@id\":\"https:\\\/\\\/secure.gravatar.com\\\/avatar\\\/3ea2118a5f7dad2b7138b1187a6b7ee55f160b9968b66013c3a3ef39dd7e5798?s=96&d=mm&r=g\",\"url\":\"https:\\\/\\\/secure.gravatar.com\\\/avatar\\\/3ea2118a5f7dad2b7138b1187a6b7ee55f160b9968b66013c3a3ef39dd7e5798?s=96&d=mm&r=g\",\"contentUrl\":\"https:\\\/\\\/secure.gravatar.com\\\/avatar\\\/3ea2118a5f7dad2b7138b1187a6b7ee55f160b9968b66013c3a3ef39dd7e5798?s=96&d=mm&r=g\",\"caption\":\"Jeanette\"},\"sameAs\":[\"https:\\\/\\\/www.eldiario.net\\\/portal\"],\"url\":\"https:\\\/\\\/www.eldiario.net\\\/portal\\\/author\\\/jeanette\\\/\"}]}<\/script>\n<!-- \/ Yoast SEO plugin. -->","yoast_head_json":{"title":"Cinco Esquinas: amarillismo y distorsi\u00f3n - El Diario - Bolivia","robots":{"index":"index","follow":"follow","max-snippet":"max-snippet:-1","max-image-preview":"max-image-preview:large","max-video-preview":"max-video-preview:-1"},"canonical":"https:\/\/www.eldiario.net\/portal\/2024\/06\/16\/cinco-esquinas-amarillismo-y-distorsion\/","og_locale":"es_ES","og_type":"article","og_title":"Cinco Esquinas: amarillismo y distorsi\u00f3n - El Diario - Bolivia","og_description":"Acabo de terminar de leer una de las m\u00e1s recientes novelas de Vargas Llosa, publicada en 2016 por Alfaguara: Cinco Esquinas. Mi intenci\u00f3n en este art\u00edculo es comentar no la parte literaria de aquella obra, sino su mensaje pol\u00edtico y social, relativo sobre todo al periodismo amarillo y la chismograf\u00eda. El contenido de la novela [&hellip;]","og_url":"https:\/\/www.eldiario.net\/portal\/2024\/06\/16\/cinco-esquinas-amarillismo-y-distorsion\/","og_site_name":"El Diario - Bolivia","article_publisher":"https:\/\/www.facebook.com\/eldiario.bolivia\/","article_published_time":"2024-06-16T11:05:39+00:00","og_image":[{"width":1200,"height":628,"url":"https:\/\/www.eldiario.net\/portal\/wp-content\/uploads\/2023\/06\/Ignacio-Vera-de-Rada-1.jpg","type":"image\/jpeg"}],"author":"Jeanette","twitter_card":"summary_large_image","twitter_creator":"@eldiario_net","twitter_site":"@eldiario_net","twitter_misc":{"Escrito por":"Jeanette","Tiempo de lectura":"4 minutos"},"schema":{"@context":"https:\/\/schema.org","@graph":[{"@type":"Article","@id":"https:\/\/www.eldiario.net\/portal\/2024\/06\/16\/cinco-esquinas-amarillismo-y-distorsion\/#article","isPartOf":{"@id":"https:\/\/www.eldiario.net\/portal\/2024\/06\/16\/cinco-esquinas-amarillismo-y-distorsion\/"},"author":{"name":"Jeanette","@id":"https:\/\/www.eldiario.net\/portal\/#\/schema\/person\/f46445640444750d7d753ccd04ae01b7"},"headline":"Cinco Esquinas: amarillismo y distorsi\u00f3n","datePublished":"2024-06-16T11:05:39+00:00","mainEntityOfPage":{"@id":"https:\/\/www.eldiario.net\/portal\/2024\/06\/16\/cinco-esquinas-amarillismo-y-distorsion\/"},"wordCount":859,"commentCount":0,"publisher":{"@id":"https:\/\/www.eldiario.net\/portal\/#organization"},"image":{"@id":"https:\/\/www.eldiario.net\/portal\/2024\/06\/16\/cinco-esquinas-amarillismo-y-distorsion\/#primaryimage"},"thumbnailUrl":"https:\/\/www.eldiario.net\/portal\/wp-content\/uploads\/2023\/06\/Ignacio-Vera-de-Rada-1.jpg","articleSection":["Opini\u00f3n"],"inLanguage":"es","potentialAction":[{"@type":"CommentAction","name":"Comment","target":["https:\/\/www.eldiario.net\/portal\/2024\/06\/16\/cinco-esquinas-amarillismo-y-distorsion\/#respond"]}]},{"@type":"WebPage","@id":"https:\/\/www.eldiario.net\/portal\/2024\/06\/16\/cinco-esquinas-amarillismo-y-distorsion\/","url":"https:\/\/www.eldiario.net\/portal\/2024\/06\/16\/cinco-esquinas-amarillismo-y-distorsion\/","name":"Cinco Esquinas: amarillismo y distorsi\u00f3n - El Diario - Bolivia","isPartOf":{"@id":"https:\/\/www.eldiario.net\/portal\/#website"},"primaryImageOfPage":{"@id":"https:\/\/www.eldiario.net\/portal\/2024\/06\/16\/cinco-esquinas-amarillismo-y-distorsion\/#primaryimage"},"image":{"@id":"https:\/\/www.eldiario.net\/portal\/2024\/06\/16\/cinco-esquinas-amarillismo-y-distorsion\/#primaryimage"},"thumbnailUrl":"https:\/\/www.eldiario.net\/portal\/wp-content\/uploads\/2023\/06\/Ignacio-Vera-de-Rada-1.jpg","datePublished":"2024-06-16T11:05:39+00:00","breadcrumb":{"@id":"https:\/\/www.eldiario.net\/portal\/2024\/06\/16\/cinco-esquinas-amarillismo-y-distorsion\/#breadcrumb"},"inLanguage":"es","potentialAction":[{"@type":"ReadAction","target":["https:\/\/www.eldiario.net\/portal\/2024\/06\/16\/cinco-esquinas-amarillismo-y-distorsion\/"]}]},{"@type":"ImageObject","inLanguage":"es","@id":"https:\/\/www.eldiario.net\/portal\/2024\/06\/16\/cinco-esquinas-amarillismo-y-distorsion\/#primaryimage","url":"https:\/\/www.eldiario.net\/portal\/wp-content\/uploads\/2023\/06\/Ignacio-Vera-de-Rada-1.jpg","contentUrl":"https:\/\/www.eldiario.net\/portal\/wp-content\/uploads\/2023\/06\/Ignacio-Vera-de-Rada-1.jpg","width":1200,"height":628,"caption":"Ignacio Vera de Rada"},{"@type":"BreadcrumbList","@id":"https:\/\/www.eldiario.net\/portal\/2024\/06\/16\/cinco-esquinas-amarillismo-y-distorsion\/#breadcrumb","itemListElement":[{"@type":"ListItem","position":1,"name":"Portada","item":"https:\/\/www.eldiario.net\/portal\/"},{"@type":"ListItem","position":2,"name":"Cinco Esquinas: amarillismo y distorsi\u00f3n"}]},{"@type":"WebSite","@id":"https:\/\/www.eldiario.net\/portal\/#website","url":"https:\/\/www.eldiario.net\/portal\/","name":"El Diario - Decano de la prensa nacional","description":"El Diario - Decano de la prensa nacional","publisher":{"@id":"https:\/\/www.eldiario.net\/portal\/#organization"},"potentialAction":[{"@type":"SearchAction","target":{"@type":"EntryPoint","urlTemplate":"https:\/\/www.eldiario.net\/portal\/?s={search_term_string}"},"query-input":{"@type":"PropertyValueSpecification","valueRequired":true,"valueName":"search_term_string"}}],"inLanguage":"es"},{"@type":"Organization","@id":"https:\/\/www.eldiario.net\/portal\/#organization","name":"El Diario - Decano de la prensa nacional","url":"https:\/\/www.eldiario.net\/portal\/","logo":{"@type":"ImageObject","inLanguage":"es","@id":"https:\/\/www.eldiario.net\/portal\/#\/schema\/logo\/image\/","url":"https:\/\/www.eldiario.net\/portal\/wp-content\/uploads\/2023\/07\/logo_ED.jpg","contentUrl":"https:\/\/www.eldiario.net\/portal\/wp-content\/uploads\/2023\/07\/logo_ED.jpg","width":272,"height":52,"caption":"El Diario - Decano de la prensa nacional"},"image":{"@id":"https:\/\/www.eldiario.net\/portal\/#\/schema\/logo\/image\/"},"sameAs":["https:\/\/www.facebook.com\/eldiario.bolivia\/","https:\/\/x.com\/eldiario_net"]},{"@type":"Person","@id":"https:\/\/www.eldiario.net\/portal\/#\/schema\/person\/f46445640444750d7d753ccd04ae01b7","name":"Jeanette","image":{"@type":"ImageObject","inLanguage":"es","@id":"https:\/\/secure.gravatar.com\/avatar\/3ea2118a5f7dad2b7138b1187a6b7ee55f160b9968b66013c3a3ef39dd7e5798?s=96&d=mm&r=g","url":"https:\/\/secure.gravatar.com\/avatar\/3ea2118a5f7dad2b7138b1187a6b7ee55f160b9968b66013c3a3ef39dd7e5798?s=96&d=mm&r=g","contentUrl":"https:\/\/secure.gravatar.com\/avatar\/3ea2118a5f7dad2b7138b1187a6b7ee55f160b9968b66013c3a3ef39dd7e5798?s=96&d=mm&r=g","caption":"Jeanette"},"sameAs":["https:\/\/www.eldiario.net\/portal"],"url":"https:\/\/www.eldiario.net\/portal\/author\/jeanette\/"}]}},"_links":{"self":[{"href":"https:\/\/www.eldiario.net\/portal\/wp-json\/wp\/v2\/posts\/227555","targetHints":{"allow":["GET"]}}],"collection":[{"href":"https:\/\/www.eldiario.net\/portal\/wp-json\/wp\/v2\/posts"}],"about":[{"href":"https:\/\/www.eldiario.net\/portal\/wp-json\/wp\/v2\/types\/post"}],"author":[{"embeddable":true,"href":"https:\/\/www.eldiario.net\/portal\/wp-json\/wp\/v2\/users\/1"}],"replies":[{"embeddable":true,"href":"https:\/\/www.eldiario.net\/portal\/wp-json\/wp\/v2\/comments?post=227555"}],"version-history":[{"count":1,"href":"https:\/\/www.eldiario.net\/portal\/wp-json\/wp\/v2\/posts\/227555\/revisions"}],"predecessor-version":[{"id":227556,"href":"https:\/\/www.eldiario.net\/portal\/wp-json\/wp\/v2\/posts\/227555\/revisions\/227556"}],"wp:featuredmedia":[{"embeddable":true,"href":"https:\/\/www.eldiario.net\/portal\/wp-json\/wp\/v2\/media\/158964"}],"wp:attachment":[{"href":"https:\/\/www.eldiario.net\/portal\/wp-json\/wp\/v2\/media?parent=227555"}],"wp:term":[{"taxonomy":"category","embeddable":true,"href":"https:\/\/www.eldiario.net\/portal\/wp-json\/wp\/v2\/categories?post=227555"},{"taxonomy":"post_tag","embeddable":true,"href":"https:\/\/www.eldiario.net\/portal\/wp-json\/wp\/v2\/tags?post=227555"}],"curies":[{"name":"wp","href":"https:\/\/api.w.org\/{rel}","templated":true}]}}