{"id":227552,"date":"2024-06-16T07:05:14","date_gmt":"2024-06-16T11:05:14","guid":{"rendered":"https:\/\/www.eldiario.net\/portal\/?p=227552"},"modified":"2024-06-16T07:05:14","modified_gmt":"2024-06-16T11:05:14","slug":"aprender-y-cooperar-vias-para-superar-los-desafios-del-comercio-internacional","status":"publish","type":"post","link":"https:\/\/www.eldiario.net\/portal\/2024\/06\/16\/aprender-y-cooperar-vias-para-superar-los-desafios-del-comercio-internacional\/","title":{"rendered":"Aprender y cooperar, v\u00edas para superar los desaf\u00edos del comercio internacional"},"content":{"rendered":"<p>Hasta marzo de 2024, el comercio exterior entre Bolivia y el resto del mundo fue de USD 4.261 millones. Esta cifra es m\u00e1s baja que la observada en similares periodos de 2022 y 2023 ubicada en torno a los USD 5.608 millones; e incluso es inferior a la de 2017 (USD4.396 millones). Esta ca\u00edda se genera por varios factores, entre ellos: la crisis de balanza de pagos desde 2023, la sobrevaluaci\u00f3n cambiaria, el impacto de flujos ilegales en el comercio exterior, barreras estructurales a la expansi\u00f3n de los env\u00edos al exterior y una mayor conflictividad pol\u00edtica y social reflejada en m\u00e1s bloqueos de caminos.<br \/>\nEsta ca\u00edda es preocupante porque cada d\u00eda, miles de empresas en Bolivia dedicadas al comercio ocupan diversas log\u00edsticas para poder comercializar sus productos, tanto en el interior como exterior del pa\u00eds. Log\u00edstica necesaria para asegurar que la materia prima llegue a una f\u00e1brica, para cumplir con los procesos de embalaje y realizar etiquetados a tiempo. Posteriormente pensar en el transporte; si va a realizarse por tierra, aire, v\u00eda f\u00e9rrea o incluso por ducto. Asegurar espacios \u00f3ptimos de almacenaje, lograr toda la gesti\u00f3n aduanera y finalmente, garantizar que ese producto llegue de la mejor manera al consumidor final.<br \/>\nLo que deber\u00eda ser un paso a paso con tiempos predecibles, para el emprendedor boliviano representa desaf\u00edos, costos variables y muchas veces incertidumbre. Por ejemplo, cuando el cami\u00f3n con una materia prima no llega a la f\u00e1brica porque lleva varias horas parado frente a una protesta con bloqueos. O muchas veces, esos mismos camiones no llegan a tiempo a recoger una carga porque pasan interminables horas en una fila para llenar su tanque con di\u00e9sel. Probablemente el emprendedor, no cuenta con los d\u00f3lares suficientes para realizar un pago adelantado para poder cubrir costos de traslado, embalaje o almacenaje. Todos estos retrasos u obst\u00e1culos representan un impacto no solamente para el emprendedor, sino para la econom\u00eda y desarrollo de nuestro pa\u00eds.<br \/>\nSolo en 2023, seg\u00fan el IBCE se registraron 185 puntos de bloqueo que significaron 211 d\u00edas de restricci\u00f3n al libre tr\u00e1nsito, es decir, m\u00e1s del 60% del total de d\u00edas del a\u00f1o. A su vez, la Fundaci\u00f3n UNIR reporta 1.112 conflictos durante 2023 y s\u00f3lo hasta abril de este a\u00f1o 576 conflictos, lo cual muestra un deterioro del entorno de negocios.<br \/>\nAnte estos desaf\u00edos urge sentarse unas horas para conocer, e intercambiar buenas pr\u00e1cticas en el mundo para poder sortear obst\u00e1culos y adoptar nuevas y mejoradas pr\u00e1cticas.<br \/>\nHay pa\u00edses expertos en log\u00edstica que, por ejemplo, est\u00e1n haciendo uso de la Inteligencia Artificial (IA) para optimizar rutas, reducir el consumo de combustible, contar con un almacenamiento operativo con mejor aprovechamiento de espacios; todas estas pr\u00e1cticas est\u00e1n acortando procesos en la cadena, mejoran los costos e incrementan la competitividad en el mercado.<br \/>\nExpolog\u00edstica en 2024, su s\u00e9ptima versi\u00f3n, es un espacio integral que se ha consolidado como el evento m\u00e1s importante de este sector en el pa\u00eds. Generando nuevos conocimientos y brindando acceso a nuevas tendencias para las empresas bolivianas. Adem\u00e1s de promover espacios para conectar con representantes y proveedores del sector del sector de m\u00e1s de siete pa\u00edses. Es tambi\u00e9n, una vitrina para compartir propuestas de valor de diversos servicios.<br \/>\nLos desaf\u00edos son latentes y diarios, la escasez de d\u00f3lares persiste, la inflaci\u00f3n se siente en los bolsillos de las familias, y el contexto econ\u00f3mico en la regi\u00f3n y el mundo agudizan muchas de las dificultades. Es por eso, que urge trabajar para avanzar y seguir fortaleciendo aspectos que aporten a un futuro m\u00e1s esperanzador. El fortalecimiento e innovaci\u00f3n en la cadena log\u00edstica es sin\u00f3nimo de m\u00e1s empleos y un apalancamiento del desarrollo de Bolivia.<\/p>\n<p>El autor es Presidente de la C\u00e1mara de Industria, Comercio, Servicios y Turismo de Santa Cruz (CAINCO).<\/p>\n","protected":false},"excerpt":{"rendered":"<p>Hasta marzo de 2024, el comercio exterior entre Bolivia y el resto del mundo fue de USD 4.261 millones. Esta cifra es m\u00e1s baja que la observada en similares periodos de 2022 y 2023 ubicada en torno a los USD 5.608 millones; e incluso es inferior a la de 2017 (USD4.396 millones). Esta ca\u00edda se [&hellip;]<\/p>\n","protected":false},"author":1,"featured_media":227553,"comment_status":"open","ping_status":"open","sticky":false,"template":"","format":"standard","meta":{"_acf_changed":false,"footnotes":""},"categories":[9],"tags":[],"class_list":["post-227552","post","type-post","status-publish","format-standard","has-post-thumbnail","category-opinion"],"acf":{"antetitulo":""},"yoast_head":"<!-- This site is optimized with the Yoast SEO plugin v28.3 - https:\/\/yoast.com\/product\/yoast-seo-wordpress\/ -->\n<title>Aprender y cooperar, v\u00edas para superar los desaf\u00edos del comercio internacional - El Diario - Bolivia<\/title>\n<meta name=\"robots\" content=\"index, follow, max-snippet:-1, max-image-preview:large, max-video-preview:-1\" \/>\n<link rel=\"canonical\" href=\"https:\/\/www.eldiario.net\/portal\/2024\/06\/16\/aprender-y-cooperar-vias-para-superar-los-desafios-del-comercio-internacional\/\" \/>\n<meta property=\"og:locale\" content=\"es_ES\" \/>\n<meta property=\"og:type\" content=\"article\" \/>\n<meta property=\"og:title\" content=\"Aprender y cooperar, v\u00edas para superar los desaf\u00edos del comercio internacional - El Diario - Bolivia\" \/>\n<meta property=\"og:description\" content=\"Hasta marzo de 2024, el comercio exterior entre Bolivia y el resto del mundo fue de USD 4.261 millones. Esta cifra es m\u00e1s baja que la observada en similares periodos de 2022 y 2023 ubicada en torno a los USD 5.608 millones; e incluso es inferior a la de 2017 (USD4.396 millones). Esta ca\u00edda se [&hellip;]\" \/>\n<meta property=\"og:url\" content=\"https:\/\/www.eldiario.net\/portal\/2024\/06\/16\/aprender-y-cooperar-vias-para-superar-los-desafios-del-comercio-internacional\/\" \/>\n<meta property=\"og:site_name\" content=\"El Diario - Bolivia\" \/>\n<meta property=\"article:publisher\" content=\"https:\/\/www.facebook.com\/eldiario.bolivia\/\" \/>\n<meta property=\"article:published_time\" content=\"2024-06-16T11:05:14+00:00\" \/>\n<meta property=\"og:image\" content=\"https:\/\/www.eldiario.net\/portal\/wp-content\/uploads\/2024\/06\/Jean-Pierre-Antelo.jpg\" \/>\n\t<meta property=\"og:image:width\" content=\"1200\" \/>\n\t<meta property=\"og:image:height\" content=\"628\" \/>\n\t<meta property=\"og:image:type\" content=\"image\/jpeg\" \/>\n<meta name=\"author\" content=\"Jeanette\" \/>\n<meta name=\"twitter:card\" content=\"summary_large_image\" \/>\n<meta name=\"twitter:creator\" content=\"@eldiario_net\" \/>\n<meta name=\"twitter:site\" content=\"@eldiario_net\" \/>\n<meta name=\"twitter:label1\" content=\"Escrito por\" \/>\n\t<meta name=\"twitter:data1\" content=\"Jeanette\" \/>\n\t<meta name=\"twitter:label2\" content=\"Tiempo de lectura\" \/>\n\t<meta name=\"twitter:data2\" content=\"4 minutos\" \/>\n<script type=\"application\/ld+json\" class=\"yoast-schema-graph\">{\"@context\":\"https:\\\/\\\/schema.org\",\"@graph\":[{\"@type\":\"Article\",\"@id\":\"https:\\\/\\\/www.eldiario.net\\\/portal\\\/2024\\\/06\\\/16\\\/aprender-y-cooperar-vias-para-superar-los-desafios-del-comercio-internacional\\\/#article\",\"isPartOf\":{\"@id\":\"https:\\\/\\\/www.eldiario.net\\\/portal\\\/2024\\\/06\\\/16\\\/aprender-y-cooperar-vias-para-superar-los-desafios-del-comercio-internacional\\\/\"},\"author\":{\"name\":\"Jeanette\",\"@id\":\"https:\\\/\\\/www.eldiario.net\\\/portal\\\/#\\\/schema\\\/person\\\/f46445640444750d7d753ccd04ae01b7\"},\"headline\":\"Aprender y cooperar, v\u00edas para superar los desaf\u00edos del comercio internacional\",\"datePublished\":\"2024-06-16T11:05:14+00:00\",\"mainEntityOfPage\":{\"@id\":\"https:\\\/\\\/www.eldiario.net\\\/portal\\\/2024\\\/06\\\/16\\\/aprender-y-cooperar-vias-para-superar-los-desafios-del-comercio-internacional\\\/\"},\"wordCount\":684,\"commentCount\":0,\"publisher\":{\"@id\":\"https:\\\/\\\/www.eldiario.net\\\/portal\\\/#organization\"},\"image\":{\"@id\":\"https:\\\/\\\/www.eldiario.net\\\/portal\\\/2024\\\/06\\\/16\\\/aprender-y-cooperar-vias-para-superar-los-desafios-del-comercio-internacional\\\/#primaryimage\"},\"thumbnailUrl\":\"https:\\\/\\\/www.eldiario.net\\\/portal\\\/wp-content\\\/uploads\\\/2024\\\/06\\\/Jean-Pierre-Antelo.jpg\",\"articleSection\":[\"Opini\u00f3n\"],\"inLanguage\":\"es\",\"potentialAction\":[{\"@type\":\"CommentAction\",\"name\":\"Comment\",\"target\":[\"https:\\\/\\\/www.eldiario.net\\\/portal\\\/2024\\\/06\\\/16\\\/aprender-y-cooperar-vias-para-superar-los-desafios-del-comercio-internacional\\\/#respond\"]}]},{\"@type\":\"WebPage\",\"@id\":\"https:\\\/\\\/www.eldiario.net\\\/portal\\\/2024\\\/06\\\/16\\\/aprender-y-cooperar-vias-para-superar-los-desafios-del-comercio-internacional\\\/\",\"url\":\"https:\\\/\\\/www.eldiario.net\\\/portal\\\/2024\\\/06\\\/16\\\/aprender-y-cooperar-vias-para-superar-los-desafios-del-comercio-internacional\\\/\",\"name\":\"Aprender y cooperar, v\u00edas para superar los desaf\u00edos del comercio internacional - El Diario - Bolivia\",\"isPartOf\":{\"@id\":\"https:\\\/\\\/www.eldiario.net\\\/portal\\\/#website\"},\"primaryImageOfPage\":{\"@id\":\"https:\\\/\\\/www.eldiario.net\\\/portal\\\/2024\\\/06\\\/16\\\/aprender-y-cooperar-vias-para-superar-los-desafios-del-comercio-internacional\\\/#primaryimage\"},\"image\":{\"@id\":\"https:\\\/\\\/www.eldiario.net\\\/portal\\\/2024\\\/06\\\/16\\\/aprender-y-cooperar-vias-para-superar-los-desafios-del-comercio-internacional\\\/#primaryimage\"},\"thumbnailUrl\":\"https:\\\/\\\/www.eldiario.net\\\/portal\\\/wp-content\\\/uploads\\\/2024\\\/06\\\/Jean-Pierre-Antelo.jpg\",\"datePublished\":\"2024-06-16T11:05:14+00:00\",\"breadcrumb\":{\"@id\":\"https:\\\/\\\/www.eldiario.net\\\/portal\\\/2024\\\/06\\\/16\\\/aprender-y-cooperar-vias-para-superar-los-desafios-del-comercio-internacional\\\/#breadcrumb\"},\"inLanguage\":\"es\",\"potentialAction\":[{\"@type\":\"ReadAction\",\"target\":[\"https:\\\/\\\/www.eldiario.net\\\/portal\\\/2024\\\/06\\\/16\\\/aprender-y-cooperar-vias-para-superar-los-desafios-del-comercio-internacional\\\/\"]}]},{\"@type\":\"ImageObject\",\"inLanguage\":\"es\",\"@id\":\"https:\\\/\\\/www.eldiario.net\\\/portal\\\/2024\\\/06\\\/16\\\/aprender-y-cooperar-vias-para-superar-los-desafios-del-comercio-internacional\\\/#primaryimage\",\"url\":\"https:\\\/\\\/www.eldiario.net\\\/portal\\\/wp-content\\\/uploads\\\/2024\\\/06\\\/Jean-Pierre-Antelo.jpg\",\"contentUrl\":\"https:\\\/\\\/www.eldiario.net\\\/portal\\\/wp-content\\\/uploads\\\/2024\\\/06\\\/Jean-Pierre-Antelo.jpg\",\"width\":1200,\"height\":628,\"caption\":\"Jean Pierre Antelo\"},{\"@type\":\"BreadcrumbList\",\"@id\":\"https:\\\/\\\/www.eldiario.net\\\/portal\\\/2024\\\/06\\\/16\\\/aprender-y-cooperar-vias-para-superar-los-desafios-del-comercio-internacional\\\/#breadcrumb\",\"itemListElement\":[{\"@type\":\"ListItem\",\"position\":1,\"name\":\"Portada\",\"item\":\"https:\\\/\\\/www.eldiario.net\\\/portal\\\/\"},{\"@type\":\"ListItem\",\"position\":2,\"name\":\"Aprender y cooperar, v\u00edas para superar los desaf\u00edos del comercio internacional\"}]},{\"@type\":\"WebSite\",\"@id\":\"https:\\\/\\\/www.eldiario.net\\\/portal\\\/#website\",\"url\":\"https:\\\/\\\/www.eldiario.net\\\/portal\\\/\",\"name\":\"El Diario - Decano de la prensa nacional\",\"description\":\"El Diario - Decano de la prensa nacional\",\"publisher\":{\"@id\":\"https:\\\/\\\/www.eldiario.net\\\/portal\\\/#organization\"},\"potentialAction\":[{\"@type\":\"SearchAction\",\"target\":{\"@type\":\"EntryPoint\",\"urlTemplate\":\"https:\\\/\\\/www.eldiario.net\\\/portal\\\/?s={search_term_string}\"},\"query-input\":{\"@type\":\"PropertyValueSpecification\",\"valueRequired\":true,\"valueName\":\"search_term_string\"}}],\"inLanguage\":\"es\"},{\"@type\":\"Organization\",\"@id\":\"https:\\\/\\\/www.eldiario.net\\\/portal\\\/#organization\",\"name\":\"El Diario - Decano de la prensa nacional\",\"url\":\"https:\\\/\\\/www.eldiario.net\\\/portal\\\/\",\"logo\":{\"@type\":\"ImageObject\",\"inLanguage\":\"es\",\"@id\":\"https:\\\/\\\/www.eldiario.net\\\/portal\\\/#\\\/schema\\\/logo\\\/image\\\/\",\"url\":\"https:\\\/\\\/www.eldiario.net\\\/portal\\\/wp-content\\\/uploads\\\/2023\\\/07\\\/logo_ED.jpg\",\"contentUrl\":\"https:\\\/\\\/www.eldiario.net\\\/portal\\\/wp-content\\\/uploads\\\/2023\\\/07\\\/logo_ED.jpg\",\"width\":272,\"height\":52,\"caption\":\"El Diario - Decano de la prensa nacional\"},\"image\":{\"@id\":\"https:\\\/\\\/www.eldiario.net\\\/portal\\\/#\\\/schema\\\/logo\\\/image\\\/\"},\"sameAs\":[\"https:\\\/\\\/www.facebook.com\\\/eldiario.bolivia\\\/\",\"https:\\\/\\\/x.com\\\/eldiario_net\"]},{\"@type\":\"Person\",\"@id\":\"https:\\\/\\\/www.eldiario.net\\\/portal\\\/#\\\/schema\\\/person\\\/f46445640444750d7d753ccd04ae01b7\",\"name\":\"Jeanette\",\"image\":{\"@type\":\"ImageObject\",\"inLanguage\":\"es\",\"@id\":\"https:\\\/\\\/secure.gravatar.com\\\/avatar\\\/3ea2118a5f7dad2b7138b1187a6b7ee55f160b9968b66013c3a3ef39dd7e5798?s=96&d=mm&r=g\",\"url\":\"https:\\\/\\\/secure.gravatar.com\\\/avatar\\\/3ea2118a5f7dad2b7138b1187a6b7ee55f160b9968b66013c3a3ef39dd7e5798?s=96&d=mm&r=g\",\"contentUrl\":\"https:\\\/\\\/secure.gravatar.com\\\/avatar\\\/3ea2118a5f7dad2b7138b1187a6b7ee55f160b9968b66013c3a3ef39dd7e5798?s=96&d=mm&r=g\",\"caption\":\"Jeanette\"},\"sameAs\":[\"https:\\\/\\\/www.eldiario.net\\\/portal\"],\"url\":\"https:\\\/\\\/www.eldiario.net\\\/portal\\\/author\\\/jeanette\\\/\"}]}<\/script>\n<!-- \/ Yoast SEO plugin. -->","yoast_head_json":{"title":"Aprender y cooperar, v\u00edas para superar los desaf\u00edos del comercio internacional - El Diario - Bolivia","robots":{"index":"index","follow":"follow","max-snippet":"max-snippet:-1","max-image-preview":"max-image-preview:large","max-video-preview":"max-video-preview:-1"},"canonical":"https:\/\/www.eldiario.net\/portal\/2024\/06\/16\/aprender-y-cooperar-vias-para-superar-los-desafios-del-comercio-internacional\/","og_locale":"es_ES","og_type":"article","og_title":"Aprender y cooperar, v\u00edas para superar los desaf\u00edos del comercio internacional - El Diario - Bolivia","og_description":"Hasta marzo de 2024, el comercio exterior entre Bolivia y el resto del mundo fue de USD 4.261 millones. Esta cifra es m\u00e1s baja que la observada en similares periodos de 2022 y 2023 ubicada en torno a los USD 5.608 millones; e incluso es inferior a la de 2017 (USD4.396 millones). Esta ca\u00edda se [&hellip;]","og_url":"https:\/\/www.eldiario.net\/portal\/2024\/06\/16\/aprender-y-cooperar-vias-para-superar-los-desafios-del-comercio-internacional\/","og_site_name":"El Diario - Bolivia","article_publisher":"https:\/\/www.facebook.com\/eldiario.bolivia\/","article_published_time":"2024-06-16T11:05:14+00:00","og_image":[{"width":1200,"height":628,"url":"https:\/\/www.eldiario.net\/portal\/wp-content\/uploads\/2024\/06\/Jean-Pierre-Antelo.jpg","type":"image\/jpeg"}],"author":"Jeanette","twitter_card":"summary_large_image","twitter_creator":"@eldiario_net","twitter_site":"@eldiario_net","twitter_misc":{"Escrito por":"Jeanette","Tiempo de lectura":"4 minutos"},"schema":{"@context":"https:\/\/schema.org","@graph":[{"@type":"Article","@id":"https:\/\/www.eldiario.net\/portal\/2024\/06\/16\/aprender-y-cooperar-vias-para-superar-los-desafios-del-comercio-internacional\/#article","isPartOf":{"@id":"https:\/\/www.eldiario.net\/portal\/2024\/06\/16\/aprender-y-cooperar-vias-para-superar-los-desafios-del-comercio-internacional\/"},"author":{"name":"Jeanette","@id":"https:\/\/www.eldiario.net\/portal\/#\/schema\/person\/f46445640444750d7d753ccd04ae01b7"},"headline":"Aprender y cooperar, v\u00edas para superar los desaf\u00edos del comercio internacional","datePublished":"2024-06-16T11:05:14+00:00","mainEntityOfPage":{"@id":"https:\/\/www.eldiario.net\/portal\/2024\/06\/16\/aprender-y-cooperar-vias-para-superar-los-desafios-del-comercio-internacional\/"},"wordCount":684,"commentCount":0,"publisher":{"@id":"https:\/\/www.eldiario.net\/portal\/#organization"},"image":{"@id":"https:\/\/www.eldiario.net\/portal\/2024\/06\/16\/aprender-y-cooperar-vias-para-superar-los-desafios-del-comercio-internacional\/#primaryimage"},"thumbnailUrl":"https:\/\/www.eldiario.net\/portal\/wp-content\/uploads\/2024\/06\/Jean-Pierre-Antelo.jpg","articleSection":["Opini\u00f3n"],"inLanguage":"es","potentialAction":[{"@type":"CommentAction","name":"Comment","target":["https:\/\/www.eldiario.net\/portal\/2024\/06\/16\/aprender-y-cooperar-vias-para-superar-los-desafios-del-comercio-internacional\/#respond"]}]},{"@type":"WebPage","@id":"https:\/\/www.eldiario.net\/portal\/2024\/06\/16\/aprender-y-cooperar-vias-para-superar-los-desafios-del-comercio-internacional\/","url":"https:\/\/www.eldiario.net\/portal\/2024\/06\/16\/aprender-y-cooperar-vias-para-superar-los-desafios-del-comercio-internacional\/","name":"Aprender y cooperar, v\u00edas para superar los desaf\u00edos del comercio internacional - El Diario - Bolivia","isPartOf":{"@id":"https:\/\/www.eldiario.net\/portal\/#website"},"primaryImageOfPage":{"@id":"https:\/\/www.eldiario.net\/portal\/2024\/06\/16\/aprender-y-cooperar-vias-para-superar-los-desafios-del-comercio-internacional\/#primaryimage"},"image":{"@id":"https:\/\/www.eldiario.net\/portal\/2024\/06\/16\/aprender-y-cooperar-vias-para-superar-los-desafios-del-comercio-internacional\/#primaryimage"},"thumbnailUrl":"https:\/\/www.eldiario.net\/portal\/wp-content\/uploads\/2024\/06\/Jean-Pierre-Antelo.jpg","datePublished":"2024-06-16T11:05:14+00:00","breadcrumb":{"@id":"https:\/\/www.eldiario.net\/portal\/2024\/06\/16\/aprender-y-cooperar-vias-para-superar-los-desafios-del-comercio-internacional\/#breadcrumb"},"inLanguage":"es","potentialAction":[{"@type":"ReadAction","target":["https:\/\/www.eldiario.net\/portal\/2024\/06\/16\/aprender-y-cooperar-vias-para-superar-los-desafios-del-comercio-internacional\/"]}]},{"@type":"ImageObject","inLanguage":"es","@id":"https:\/\/www.eldiario.net\/portal\/2024\/06\/16\/aprender-y-cooperar-vias-para-superar-los-desafios-del-comercio-internacional\/#primaryimage","url":"https:\/\/www.eldiario.net\/portal\/wp-content\/uploads\/2024\/06\/Jean-Pierre-Antelo.jpg","contentUrl":"https:\/\/www.eldiario.net\/portal\/wp-content\/uploads\/2024\/06\/Jean-Pierre-Antelo.jpg","width":1200,"height":628,"caption":"Jean Pierre Antelo"},{"@type":"BreadcrumbList","@id":"https:\/\/www.eldiario.net\/portal\/2024\/06\/16\/aprender-y-cooperar-vias-para-superar-los-desafios-del-comercio-internacional\/#breadcrumb","itemListElement":[{"@type":"ListItem","position":1,"name":"Portada","item":"https:\/\/www.eldiario.net\/portal\/"},{"@type":"ListItem","position":2,"name":"Aprender y cooperar, v\u00edas para superar los desaf\u00edos del comercio internacional"}]},{"@type":"WebSite","@id":"https:\/\/www.eldiario.net\/portal\/#website","url":"https:\/\/www.eldiario.net\/portal\/","name":"El Diario - Decano de la prensa nacional","description":"El Diario - Decano de la prensa nacional","publisher":{"@id":"https:\/\/www.eldiario.net\/portal\/#organization"},"potentialAction":[{"@type":"SearchAction","target":{"@type":"EntryPoint","urlTemplate":"https:\/\/www.eldiario.net\/portal\/?s={search_term_string}"},"query-input":{"@type":"PropertyValueSpecification","valueRequired":true,"valueName":"search_term_string"}}],"inLanguage":"es"},{"@type":"Organization","@id":"https:\/\/www.eldiario.net\/portal\/#organization","name":"El Diario - Decano de la prensa nacional","url":"https:\/\/www.eldiario.net\/portal\/","logo":{"@type":"ImageObject","inLanguage":"es","@id":"https:\/\/www.eldiario.net\/portal\/#\/schema\/logo\/image\/","url":"https:\/\/www.eldiario.net\/portal\/wp-content\/uploads\/2023\/07\/logo_ED.jpg","contentUrl":"https:\/\/www.eldiario.net\/portal\/wp-content\/uploads\/2023\/07\/logo_ED.jpg","width":272,"height":52,"caption":"El Diario - Decano de la prensa nacional"},"image":{"@id":"https:\/\/www.eldiario.net\/portal\/#\/schema\/logo\/image\/"},"sameAs":["https:\/\/www.facebook.com\/eldiario.bolivia\/","https:\/\/x.com\/eldiario_net"]},{"@type":"Person","@id":"https:\/\/www.eldiario.net\/portal\/#\/schema\/person\/f46445640444750d7d753ccd04ae01b7","name":"Jeanette","image":{"@type":"ImageObject","inLanguage":"es","@id":"https:\/\/secure.gravatar.com\/avatar\/3ea2118a5f7dad2b7138b1187a6b7ee55f160b9968b66013c3a3ef39dd7e5798?s=96&d=mm&r=g","url":"https:\/\/secure.gravatar.com\/avatar\/3ea2118a5f7dad2b7138b1187a6b7ee55f160b9968b66013c3a3ef39dd7e5798?s=96&d=mm&r=g","contentUrl":"https:\/\/secure.gravatar.com\/avatar\/3ea2118a5f7dad2b7138b1187a6b7ee55f160b9968b66013c3a3ef39dd7e5798?s=96&d=mm&r=g","caption":"Jeanette"},"sameAs":["https:\/\/www.eldiario.net\/portal"],"url":"https:\/\/www.eldiario.net\/portal\/author\/jeanette\/"}]}},"_links":{"self":[{"href":"https:\/\/www.eldiario.net\/portal\/wp-json\/wp\/v2\/posts\/227552","targetHints":{"allow":["GET"]}}],"collection":[{"href":"https:\/\/www.eldiario.net\/portal\/wp-json\/wp\/v2\/posts"}],"about":[{"href":"https:\/\/www.eldiario.net\/portal\/wp-json\/wp\/v2\/types\/post"}],"author":[{"embeddable":true,"href":"https:\/\/www.eldiario.net\/portal\/wp-json\/wp\/v2\/users\/1"}],"replies":[{"embeddable":true,"href":"https:\/\/www.eldiario.net\/portal\/wp-json\/wp\/v2\/comments?post=227552"}],"version-history":[{"count":1,"href":"https:\/\/www.eldiario.net\/portal\/wp-json\/wp\/v2\/posts\/227552\/revisions"}],"predecessor-version":[{"id":227554,"href":"https:\/\/www.eldiario.net\/portal\/wp-json\/wp\/v2\/posts\/227552\/revisions\/227554"}],"wp:featuredmedia":[{"embeddable":true,"href":"https:\/\/www.eldiario.net\/portal\/wp-json\/wp\/v2\/media\/227553"}],"wp:attachment":[{"href":"https:\/\/www.eldiario.net\/portal\/wp-json\/wp\/v2\/media?parent=227552"}],"wp:term":[{"taxonomy":"category","embeddable":true,"href":"https:\/\/www.eldiario.net\/portal\/wp-json\/wp\/v2\/categories?post=227552"},{"taxonomy":"post_tag","embeddable":true,"href":"https:\/\/www.eldiario.net\/portal\/wp-json\/wp\/v2\/tags?post=227552"}],"curies":[{"name":"wp","href":"https:\/\/api.w.org\/{rel}","templated":true}]}}