{"id":227547,"date":"2024-06-16T07:02:03","date_gmt":"2024-06-16T11:02:03","guid":{"rendered":"https:\/\/www.eldiario.net\/portal\/?p=227547"},"modified":"2024-06-16T07:02:03","modified_gmt":"2024-06-16T11:02:03","slug":"sostenibilidad-de-subvencion-a-los-combustibles-en-riesgo","status":"publish","type":"post","link":"https:\/\/www.eldiario.net\/portal\/2024\/06\/16\/sostenibilidad-de-subvencion-a-los-combustibles-en-riesgo\/","title":{"rendered":"Sostenibilidad de subvenci\u00f3n a los combustibles en riesgo"},"content":{"rendered":"<p>Ante la insostenibilidad de la subvenci\u00f3n a los combustibles, sectores oficialistas plantean proveer el beneficio de manera diferenciada. La escasez de d\u00f3lares al tipo de cambio oficial provoca irregular abastecimiento de combustibles al mercado nacional.<br \/>\nVarios analistas econ\u00f3micos, como Mauricio Medinaceli, Gonzalo Ch\u00e1vez, y Fernando Romero, plantearon desde hace tiempo que la subvenci\u00f3n a los combustibles deber\u00eda llegar a los m\u00e1s vulnerables y no a todos.<br \/>\nCh\u00e1vez critic\u00f3 que la subvenci\u00f3n al di\u00e9sel, por ejemplo, llegue a la miner\u00eda ilegal, pero tambi\u00e9n dijo que eliminar esta medida ser\u00eda complicado, por ello debe analizar el Gobierno a qui\u00e9n beneficiar.<br \/>\nLa miner\u00eda ilegal avasalla comunidades ind\u00edgenas que est\u00e1n dentro de los parques y afecta a la naturaleza, as\u00ed como a la salud de los habitantes con el uso de mercurio.<br \/>\nMedinaceli hace tiempo, sostuvo que en medio oriente se tomaron varias medidas para continuar con la subvenci\u00f3n, pero sin desproteger a los m\u00e1s vulnerables y en esa ocasi\u00f3n, se\u00f1al\u00f3 que algunos pa\u00edses aplicaban voucher.<br \/>\nRomero indic\u00f3 que el Gobierno deber\u00eda planificar bien la subvenci\u00f3n para que el beneficio no llegue a la miner\u00eda ilegal ni a la gente que pueda pagar un precio internacional.<br \/>\nEn pasados d\u00edas, en el programa \u201cQue No Me Pierda\u201d de Red Uno, el exministro de Hidrocarburos, \u00c1lvaro R\u00edos, explic\u00f3 que en el boom de los precios y producci\u00f3n alta se obten\u00eda alta renta petrolera por la exportaci\u00f3n e importamos pocas cantidades de di\u00e9sel.<br \/>\nSin embargo, en los \u00faltimos a\u00f1os cambi\u00f3 todo, pues las importaciones de di\u00e9sel aumentaron, as\u00ed como de la gasolina.<br \/>\nComo se recordar\u00e1, el presidente Luis Arce dijo que 85% del di\u00e9sel y un 56% de gasolina que se consume en el pa\u00eds, se importa.<br \/>\nAutoridades del sector energ\u00e9tico, en reiteradas oportunidades, indicaron que la situaci\u00f3n en la oferta de gasolina es provocada por la especulaci\u00f3n, la sobre demanda y el contrabando; sin embargo, los datos oficiales del Instituto Nacional de Estad\u00edstica (INE) muestran que la importaci\u00f3n de combustibles en el primer trimestre de 2024 con similar per\u00edodo del 2023, bajaron, 8% en volumen y 13% en valor.<br \/>\nEn el primer trimestre de 2023, las compras de combustibles y lubricantes alcanzaron a 699,9 millones de d\u00f3lares, mientras que en similar per\u00edodo de 2024 la cifra baj\u00f3 a 606,4 millones; tambi\u00e9n la reducci\u00f3n se observa en volumen.<\/p>\n<p>Recursos<br \/>\nEl 2022, la subvenci\u00f3n a los combustibles alcanz\u00f3 los 1.700 millones de d\u00f3lares, a pesar de que contaba con un presupuesto de 700 millones; se estima que el a\u00f1o pasado se haya repetido la cifra o haya registrado un leve incremento.<br \/>\nPara la presente gesti\u00f3n se destinar\u00e1 un poco m\u00e1s de 1.400 millones de d\u00f3lares para la subvenci\u00f3n y 3.500 millones para la compra, que puede variar por la din\u00e1mica del precio del petr\u00f3leo en el mercado internacional.<br \/>\nR\u00edos se\u00f1ala que el costo de la importaci\u00f3n de di\u00e9sel y gasolina llegar\u00e1 a 3.500 millones de d\u00f3lares para la presente gesti\u00f3n, pero la exportaci\u00f3n de gas apenas alcanzar\u00e1 los 1.100 millones.<br \/>\nLa falta de combustible es netamente atribuible a una falta de d\u00f3lares y el sector energ\u00e9tico provoca que en el pa\u00eds haya una escasez de d\u00f3lares, asegura a tiempo de indicar que el modelo econ\u00f3mico de inversi\u00f3n de una empresa estatal en el sector de hidrocarburos, no funciona.<\/p>\n<p>Sugerencias<br \/>\nAnte ese panorama complicado de la subvenci\u00f3n de los combustibles por el costo que implica, en un contexto de falta de d\u00f3lares, y los retrasos en el pago a los proveedores, el diputado del ala \u201carcista\u201d Jerges Mercado expres\u00f3 su desacuerdo de subvencionar el di\u00e9sel a la miner\u00eda ilegal, a las grandes empresas y a quienes tienen la posibilidad de pagar un costo internacional.<br \/>\nPor ello plantea focalizar los subsidios para los sectores vulnerables, mientras su colega Rolando Cuellar sugiere una subvenci\u00f3n diferenciada. Los autos de alta gama deber\u00edan pagar el precio internacional y subir el precio del combustible en 20 centavos de bolivianos.<br \/>\nMientras tanto, Yacimientos Petrol\u00edferos Fiscales Bolivianos (YPFB) garantiz\u00f3, el pasado viernes, el normal abastecimiento de combustibles l\u00edquidos al sector de transporte del departamento de Santa Cruz.<\/p>\n","protected":false},"excerpt":{"rendered":"<p>Ante la insostenibilidad de la subvenci\u00f3n a los combustibles, sectores oficialistas plantean proveer el beneficio de manera diferenciada. La escasez de d\u00f3lares al tipo de cambio oficial provoca irregular abastecimiento de combustibles al mercado nacional. Varios analistas econ\u00f3micos, como Mauricio Medinaceli, Gonzalo Ch\u00e1vez, y Fernando Romero, plantearon desde hace tiempo que la subvenci\u00f3n a los [&hellip;]<\/p>\n","protected":false},"author":1,"featured_media":227548,"comment_status":"open","ping_status":"open","sticky":false,"template":"","format":"standard","meta":{"_acf_changed":false,"footnotes":""},"categories":[7],"tags":[],"class_list":["post-227547","post","type-post","status-publish","format-standard","has-post-thumbnail","category-economia"],"acf":{"antetitulo":"Plantean eliminar para sectores ilegales y pudientes"},"yoast_head":"<!-- This site is optimized with the Yoast SEO plugin v28.3 - https:\/\/yoast.com\/product\/yoast-seo-wordpress\/ -->\n<title>Sostenibilidad de subvenci\u00f3n a los combustibles en riesgo - El Diario - Bolivia<\/title>\n<meta name=\"robots\" content=\"index, follow, max-snippet:-1, max-image-preview:large, max-video-preview:-1\" \/>\n<link rel=\"canonical\" href=\"https:\/\/www.eldiario.net\/portal\/2024\/06\/16\/sostenibilidad-de-subvencion-a-los-combustibles-en-riesgo\/\" \/>\n<meta property=\"og:locale\" content=\"es_ES\" \/>\n<meta property=\"og:type\" content=\"article\" \/>\n<meta property=\"og:title\" content=\"Sostenibilidad de subvenci\u00f3n a los combustibles en riesgo - El Diario - Bolivia\" \/>\n<meta property=\"og:description\" content=\"Ante la insostenibilidad de la subvenci\u00f3n a los combustibles, sectores oficialistas plantean proveer el beneficio de manera diferenciada. La escasez de d\u00f3lares al tipo de cambio oficial provoca irregular abastecimiento de combustibles al mercado nacional. Varios analistas econ\u00f3micos, como Mauricio Medinaceli, Gonzalo Ch\u00e1vez, y Fernando Romero, plantearon desde hace tiempo que la subvenci\u00f3n a los [&hellip;]\" \/>\n<meta property=\"og:url\" content=\"https:\/\/www.eldiario.net\/portal\/2024\/06\/16\/sostenibilidad-de-subvencion-a-los-combustibles-en-riesgo\/\" \/>\n<meta property=\"og:site_name\" content=\"El Diario - Bolivia\" \/>\n<meta property=\"article:publisher\" content=\"https:\/\/www.facebook.com\/eldiario.bolivia\/\" \/>\n<meta property=\"article:published_time\" content=\"2024-06-16T11:02:03+00:00\" \/>\n<meta property=\"og:image\" content=\"https:\/\/www.eldiario.net\/portal\/wp-content\/uploads\/2024\/06\/subvencion.jpg\" \/>\n\t<meta property=\"og:image:width\" content=\"543\" \/>\n\t<meta property=\"og:image:height\" content=\"325\" \/>\n\t<meta property=\"og:image:type\" content=\"image\/jpeg\" \/>\n<meta name=\"author\" content=\"Jeanette\" \/>\n<meta name=\"twitter:card\" content=\"summary_large_image\" \/>\n<meta name=\"twitter:creator\" content=\"@eldiario_net\" \/>\n<meta name=\"twitter:site\" content=\"@eldiario_net\" \/>\n<meta name=\"twitter:label1\" content=\"Escrito por\" \/>\n\t<meta name=\"twitter:data1\" content=\"Jeanette\" \/>\n\t<meta name=\"twitter:label2\" content=\"Tiempo de lectura\" \/>\n\t<meta name=\"twitter:data2\" content=\"4 minutos\" \/>\n<script type=\"application\/ld+json\" class=\"yoast-schema-graph\">{\"@context\":\"https:\\\/\\\/schema.org\",\"@graph\":[{\"@type\":\"Article\",\"@id\":\"https:\\\/\\\/www.eldiario.net\\\/portal\\\/2024\\\/06\\\/16\\\/sostenibilidad-de-subvencion-a-los-combustibles-en-riesgo\\\/#article\",\"isPartOf\":{\"@id\":\"https:\\\/\\\/www.eldiario.net\\\/portal\\\/2024\\\/06\\\/16\\\/sostenibilidad-de-subvencion-a-los-combustibles-en-riesgo\\\/\"},\"author\":{\"name\":\"Jeanette\",\"@id\":\"https:\\\/\\\/www.eldiario.net\\\/portal\\\/#\\\/schema\\\/person\\\/f46445640444750d7d753ccd04ae01b7\"},\"headline\":\"Sostenibilidad de subvenci\u00f3n a los combustibles en riesgo\",\"datePublished\":\"2024-06-16T11:02:03+00:00\",\"mainEntityOfPage\":{\"@id\":\"https:\\\/\\\/www.eldiario.net\\\/portal\\\/2024\\\/06\\\/16\\\/sostenibilidad-de-subvencion-a-los-combustibles-en-riesgo\\\/\"},\"wordCount\":737,\"commentCount\":0,\"publisher\":{\"@id\":\"https:\\\/\\\/www.eldiario.net\\\/portal\\\/#organization\"},\"image\":{\"@id\":\"https:\\\/\\\/www.eldiario.net\\\/portal\\\/2024\\\/06\\\/16\\\/sostenibilidad-de-subvencion-a-los-combustibles-en-riesgo\\\/#primaryimage\"},\"thumbnailUrl\":\"https:\\\/\\\/www.eldiario.net\\\/portal\\\/wp-content\\\/uploads\\\/2024\\\/06\\\/subvencion.jpg\",\"articleSection\":[\"Econom\u00eda\"],\"inLanguage\":\"es\",\"potentialAction\":[{\"@type\":\"CommentAction\",\"name\":\"Comment\",\"target\":[\"https:\\\/\\\/www.eldiario.net\\\/portal\\\/2024\\\/06\\\/16\\\/sostenibilidad-de-subvencion-a-los-combustibles-en-riesgo\\\/#respond\"]}]},{\"@type\":\"WebPage\",\"@id\":\"https:\\\/\\\/www.eldiario.net\\\/portal\\\/2024\\\/06\\\/16\\\/sostenibilidad-de-subvencion-a-los-combustibles-en-riesgo\\\/\",\"url\":\"https:\\\/\\\/www.eldiario.net\\\/portal\\\/2024\\\/06\\\/16\\\/sostenibilidad-de-subvencion-a-los-combustibles-en-riesgo\\\/\",\"name\":\"Sostenibilidad de subvenci\u00f3n a los combustibles en riesgo - El Diario - Bolivia\",\"isPartOf\":{\"@id\":\"https:\\\/\\\/www.eldiario.net\\\/portal\\\/#website\"},\"primaryImageOfPage\":{\"@id\":\"https:\\\/\\\/www.eldiario.net\\\/portal\\\/2024\\\/06\\\/16\\\/sostenibilidad-de-subvencion-a-los-combustibles-en-riesgo\\\/#primaryimage\"},\"image\":{\"@id\":\"https:\\\/\\\/www.eldiario.net\\\/portal\\\/2024\\\/06\\\/16\\\/sostenibilidad-de-subvencion-a-los-combustibles-en-riesgo\\\/#primaryimage\"},\"thumbnailUrl\":\"https:\\\/\\\/www.eldiario.net\\\/portal\\\/wp-content\\\/uploads\\\/2024\\\/06\\\/subvencion.jpg\",\"datePublished\":\"2024-06-16T11:02:03+00:00\",\"breadcrumb\":{\"@id\":\"https:\\\/\\\/www.eldiario.net\\\/portal\\\/2024\\\/06\\\/16\\\/sostenibilidad-de-subvencion-a-los-combustibles-en-riesgo\\\/#breadcrumb\"},\"inLanguage\":\"es\",\"potentialAction\":[{\"@type\":\"ReadAction\",\"target\":[\"https:\\\/\\\/www.eldiario.net\\\/portal\\\/2024\\\/06\\\/16\\\/sostenibilidad-de-subvencion-a-los-combustibles-en-riesgo\\\/\"]}]},{\"@type\":\"ImageObject\",\"inLanguage\":\"es\",\"@id\":\"https:\\\/\\\/www.eldiario.net\\\/portal\\\/2024\\\/06\\\/16\\\/sostenibilidad-de-subvencion-a-los-combustibles-en-riesgo\\\/#primaryimage\",\"url\":\"https:\\\/\\\/www.eldiario.net\\\/portal\\\/wp-content\\\/uploads\\\/2024\\\/06\\\/subvencion.jpg\",\"contentUrl\":\"https:\\\/\\\/www.eldiario.net\\\/portal\\\/wp-content\\\/uploads\\\/2024\\\/06\\\/subvencion.jpg\",\"width\":543,\"height\":325},{\"@type\":\"BreadcrumbList\",\"@id\":\"https:\\\/\\\/www.eldiario.net\\\/portal\\\/2024\\\/06\\\/16\\\/sostenibilidad-de-subvencion-a-los-combustibles-en-riesgo\\\/#breadcrumb\",\"itemListElement\":[{\"@type\":\"ListItem\",\"position\":1,\"name\":\"Portada\",\"item\":\"https:\\\/\\\/www.eldiario.net\\\/portal\\\/\"},{\"@type\":\"ListItem\",\"position\":2,\"name\":\"Sostenibilidad de subvenci\u00f3n a los combustibles en riesgo\"}]},{\"@type\":\"WebSite\",\"@id\":\"https:\\\/\\\/www.eldiario.net\\\/portal\\\/#website\",\"url\":\"https:\\\/\\\/www.eldiario.net\\\/portal\\\/\",\"name\":\"El Diario - Decano de la prensa nacional\",\"description\":\"El Diario - Decano de la prensa nacional\",\"publisher\":{\"@id\":\"https:\\\/\\\/www.eldiario.net\\\/portal\\\/#organization\"},\"potentialAction\":[{\"@type\":\"SearchAction\",\"target\":{\"@type\":\"EntryPoint\",\"urlTemplate\":\"https:\\\/\\\/www.eldiario.net\\\/portal\\\/?s={search_term_string}\"},\"query-input\":{\"@type\":\"PropertyValueSpecification\",\"valueRequired\":true,\"valueName\":\"search_term_string\"}}],\"inLanguage\":\"es\"},{\"@type\":\"Organization\",\"@id\":\"https:\\\/\\\/www.eldiario.net\\\/portal\\\/#organization\",\"name\":\"El Diario - Decano de la prensa nacional\",\"url\":\"https:\\\/\\\/www.eldiario.net\\\/portal\\\/\",\"logo\":{\"@type\":\"ImageObject\",\"inLanguage\":\"es\",\"@id\":\"https:\\\/\\\/www.eldiario.net\\\/portal\\\/#\\\/schema\\\/logo\\\/image\\\/\",\"url\":\"https:\\\/\\\/www.eldiario.net\\\/portal\\\/wp-content\\\/uploads\\\/2023\\\/07\\\/logo_ED.jpg\",\"contentUrl\":\"https:\\\/\\\/www.eldiario.net\\\/portal\\\/wp-content\\\/uploads\\\/2023\\\/07\\\/logo_ED.jpg\",\"width\":272,\"height\":52,\"caption\":\"El Diario - Decano de la prensa nacional\"},\"image\":{\"@id\":\"https:\\\/\\\/www.eldiario.net\\\/portal\\\/#\\\/schema\\\/logo\\\/image\\\/\"},\"sameAs\":[\"https:\\\/\\\/www.facebook.com\\\/eldiario.bolivia\\\/\",\"https:\\\/\\\/x.com\\\/eldiario_net\"]},{\"@type\":\"Person\",\"@id\":\"https:\\\/\\\/www.eldiario.net\\\/portal\\\/#\\\/schema\\\/person\\\/f46445640444750d7d753ccd04ae01b7\",\"name\":\"Jeanette\",\"image\":{\"@type\":\"ImageObject\",\"inLanguage\":\"es\",\"@id\":\"https:\\\/\\\/secure.gravatar.com\\\/avatar\\\/3ea2118a5f7dad2b7138b1187a6b7ee55f160b9968b66013c3a3ef39dd7e5798?s=96&d=mm&r=g\",\"url\":\"https:\\\/\\\/secure.gravatar.com\\\/avatar\\\/3ea2118a5f7dad2b7138b1187a6b7ee55f160b9968b66013c3a3ef39dd7e5798?s=96&d=mm&r=g\",\"contentUrl\":\"https:\\\/\\\/secure.gravatar.com\\\/avatar\\\/3ea2118a5f7dad2b7138b1187a6b7ee55f160b9968b66013c3a3ef39dd7e5798?s=96&d=mm&r=g\",\"caption\":\"Jeanette\"},\"sameAs\":[\"https:\\\/\\\/www.eldiario.net\\\/portal\"],\"url\":\"https:\\\/\\\/www.eldiario.net\\\/portal\\\/author\\\/jeanette\\\/\"}]}<\/script>\n<!-- \/ Yoast SEO plugin. -->","yoast_head_json":{"title":"Sostenibilidad de subvenci\u00f3n a los combustibles en riesgo - El Diario - Bolivia","robots":{"index":"index","follow":"follow","max-snippet":"max-snippet:-1","max-image-preview":"max-image-preview:large","max-video-preview":"max-video-preview:-1"},"canonical":"https:\/\/www.eldiario.net\/portal\/2024\/06\/16\/sostenibilidad-de-subvencion-a-los-combustibles-en-riesgo\/","og_locale":"es_ES","og_type":"article","og_title":"Sostenibilidad de subvenci\u00f3n a los combustibles en riesgo - El Diario - Bolivia","og_description":"Ante la insostenibilidad de la subvenci\u00f3n a los combustibles, sectores oficialistas plantean proveer el beneficio de manera diferenciada. La escasez de d\u00f3lares al tipo de cambio oficial provoca irregular abastecimiento de combustibles al mercado nacional. Varios analistas econ\u00f3micos, como Mauricio Medinaceli, Gonzalo Ch\u00e1vez, y Fernando Romero, plantearon desde hace tiempo que la subvenci\u00f3n a los [&hellip;]","og_url":"https:\/\/www.eldiario.net\/portal\/2024\/06\/16\/sostenibilidad-de-subvencion-a-los-combustibles-en-riesgo\/","og_site_name":"El Diario - Bolivia","article_publisher":"https:\/\/www.facebook.com\/eldiario.bolivia\/","article_published_time":"2024-06-16T11:02:03+00:00","og_image":[{"width":543,"height":325,"url":"https:\/\/www.eldiario.net\/portal\/wp-content\/uploads\/2024\/06\/subvencion.jpg","type":"image\/jpeg"}],"author":"Jeanette","twitter_card":"summary_large_image","twitter_creator":"@eldiario_net","twitter_site":"@eldiario_net","twitter_misc":{"Escrito por":"Jeanette","Tiempo de lectura":"4 minutos"},"schema":{"@context":"https:\/\/schema.org","@graph":[{"@type":"Article","@id":"https:\/\/www.eldiario.net\/portal\/2024\/06\/16\/sostenibilidad-de-subvencion-a-los-combustibles-en-riesgo\/#article","isPartOf":{"@id":"https:\/\/www.eldiario.net\/portal\/2024\/06\/16\/sostenibilidad-de-subvencion-a-los-combustibles-en-riesgo\/"},"author":{"name":"Jeanette","@id":"https:\/\/www.eldiario.net\/portal\/#\/schema\/person\/f46445640444750d7d753ccd04ae01b7"},"headline":"Sostenibilidad de subvenci\u00f3n a los combustibles en riesgo","datePublished":"2024-06-16T11:02:03+00:00","mainEntityOfPage":{"@id":"https:\/\/www.eldiario.net\/portal\/2024\/06\/16\/sostenibilidad-de-subvencion-a-los-combustibles-en-riesgo\/"},"wordCount":737,"commentCount":0,"publisher":{"@id":"https:\/\/www.eldiario.net\/portal\/#organization"},"image":{"@id":"https:\/\/www.eldiario.net\/portal\/2024\/06\/16\/sostenibilidad-de-subvencion-a-los-combustibles-en-riesgo\/#primaryimage"},"thumbnailUrl":"https:\/\/www.eldiario.net\/portal\/wp-content\/uploads\/2024\/06\/subvencion.jpg","articleSection":["Econom\u00eda"],"inLanguage":"es","potentialAction":[{"@type":"CommentAction","name":"Comment","target":["https:\/\/www.eldiario.net\/portal\/2024\/06\/16\/sostenibilidad-de-subvencion-a-los-combustibles-en-riesgo\/#respond"]}]},{"@type":"WebPage","@id":"https:\/\/www.eldiario.net\/portal\/2024\/06\/16\/sostenibilidad-de-subvencion-a-los-combustibles-en-riesgo\/","url":"https:\/\/www.eldiario.net\/portal\/2024\/06\/16\/sostenibilidad-de-subvencion-a-los-combustibles-en-riesgo\/","name":"Sostenibilidad de subvenci\u00f3n a los combustibles en riesgo - El Diario - Bolivia","isPartOf":{"@id":"https:\/\/www.eldiario.net\/portal\/#website"},"primaryImageOfPage":{"@id":"https:\/\/www.eldiario.net\/portal\/2024\/06\/16\/sostenibilidad-de-subvencion-a-los-combustibles-en-riesgo\/#primaryimage"},"image":{"@id":"https:\/\/www.eldiario.net\/portal\/2024\/06\/16\/sostenibilidad-de-subvencion-a-los-combustibles-en-riesgo\/#primaryimage"},"thumbnailUrl":"https:\/\/www.eldiario.net\/portal\/wp-content\/uploads\/2024\/06\/subvencion.jpg","datePublished":"2024-06-16T11:02:03+00:00","breadcrumb":{"@id":"https:\/\/www.eldiario.net\/portal\/2024\/06\/16\/sostenibilidad-de-subvencion-a-los-combustibles-en-riesgo\/#breadcrumb"},"inLanguage":"es","potentialAction":[{"@type":"ReadAction","target":["https:\/\/www.eldiario.net\/portal\/2024\/06\/16\/sostenibilidad-de-subvencion-a-los-combustibles-en-riesgo\/"]}]},{"@type":"ImageObject","inLanguage":"es","@id":"https:\/\/www.eldiario.net\/portal\/2024\/06\/16\/sostenibilidad-de-subvencion-a-los-combustibles-en-riesgo\/#primaryimage","url":"https:\/\/www.eldiario.net\/portal\/wp-content\/uploads\/2024\/06\/subvencion.jpg","contentUrl":"https:\/\/www.eldiario.net\/portal\/wp-content\/uploads\/2024\/06\/subvencion.jpg","width":543,"height":325},{"@type":"BreadcrumbList","@id":"https:\/\/www.eldiario.net\/portal\/2024\/06\/16\/sostenibilidad-de-subvencion-a-los-combustibles-en-riesgo\/#breadcrumb","itemListElement":[{"@type":"ListItem","position":1,"name":"Portada","item":"https:\/\/www.eldiario.net\/portal\/"},{"@type":"ListItem","position":2,"name":"Sostenibilidad de subvenci\u00f3n a los combustibles en riesgo"}]},{"@type":"WebSite","@id":"https:\/\/www.eldiario.net\/portal\/#website","url":"https:\/\/www.eldiario.net\/portal\/","name":"El Diario - Decano de la prensa nacional","description":"El Diario - Decano de la prensa nacional","publisher":{"@id":"https:\/\/www.eldiario.net\/portal\/#organization"},"potentialAction":[{"@type":"SearchAction","target":{"@type":"EntryPoint","urlTemplate":"https:\/\/www.eldiario.net\/portal\/?s={search_term_string}"},"query-input":{"@type":"PropertyValueSpecification","valueRequired":true,"valueName":"search_term_string"}}],"inLanguage":"es"},{"@type":"Organization","@id":"https:\/\/www.eldiario.net\/portal\/#organization","name":"El Diario - Decano de la prensa nacional","url":"https:\/\/www.eldiario.net\/portal\/","logo":{"@type":"ImageObject","inLanguage":"es","@id":"https:\/\/www.eldiario.net\/portal\/#\/schema\/logo\/image\/","url":"https:\/\/www.eldiario.net\/portal\/wp-content\/uploads\/2023\/07\/logo_ED.jpg","contentUrl":"https:\/\/www.eldiario.net\/portal\/wp-content\/uploads\/2023\/07\/logo_ED.jpg","width":272,"height":52,"caption":"El Diario - Decano de la prensa nacional"},"image":{"@id":"https:\/\/www.eldiario.net\/portal\/#\/schema\/logo\/image\/"},"sameAs":["https:\/\/www.facebook.com\/eldiario.bolivia\/","https:\/\/x.com\/eldiario_net"]},{"@type":"Person","@id":"https:\/\/www.eldiario.net\/portal\/#\/schema\/person\/f46445640444750d7d753ccd04ae01b7","name":"Jeanette","image":{"@type":"ImageObject","inLanguage":"es","@id":"https:\/\/secure.gravatar.com\/avatar\/3ea2118a5f7dad2b7138b1187a6b7ee55f160b9968b66013c3a3ef39dd7e5798?s=96&d=mm&r=g","url":"https:\/\/secure.gravatar.com\/avatar\/3ea2118a5f7dad2b7138b1187a6b7ee55f160b9968b66013c3a3ef39dd7e5798?s=96&d=mm&r=g","contentUrl":"https:\/\/secure.gravatar.com\/avatar\/3ea2118a5f7dad2b7138b1187a6b7ee55f160b9968b66013c3a3ef39dd7e5798?s=96&d=mm&r=g","caption":"Jeanette"},"sameAs":["https:\/\/www.eldiario.net\/portal"],"url":"https:\/\/www.eldiario.net\/portal\/author\/jeanette\/"}]}},"_links":{"self":[{"href":"https:\/\/www.eldiario.net\/portal\/wp-json\/wp\/v2\/posts\/227547","targetHints":{"allow":["GET"]}}],"collection":[{"href":"https:\/\/www.eldiario.net\/portal\/wp-json\/wp\/v2\/posts"}],"about":[{"href":"https:\/\/www.eldiario.net\/portal\/wp-json\/wp\/v2\/types\/post"}],"author":[{"embeddable":true,"href":"https:\/\/www.eldiario.net\/portal\/wp-json\/wp\/v2\/users\/1"}],"replies":[{"embeddable":true,"href":"https:\/\/www.eldiario.net\/portal\/wp-json\/wp\/v2\/comments?post=227547"}],"version-history":[{"count":1,"href":"https:\/\/www.eldiario.net\/portal\/wp-json\/wp\/v2\/posts\/227547\/revisions"}],"predecessor-version":[{"id":227549,"href":"https:\/\/www.eldiario.net\/portal\/wp-json\/wp\/v2\/posts\/227547\/revisions\/227549"}],"wp:featuredmedia":[{"embeddable":true,"href":"https:\/\/www.eldiario.net\/portal\/wp-json\/wp\/v2\/media\/227548"}],"wp:attachment":[{"href":"https:\/\/www.eldiario.net\/portal\/wp-json\/wp\/v2\/media?parent=227547"}],"wp:term":[{"taxonomy":"category","embeddable":true,"href":"https:\/\/www.eldiario.net\/portal\/wp-json\/wp\/v2\/categories?post=227547"},{"taxonomy":"post_tag","embeddable":true,"href":"https:\/\/www.eldiario.net\/portal\/wp-json\/wp\/v2\/tags?post=227547"}],"curies":[{"name":"wp","href":"https:\/\/api.w.org\/{rel}","templated":true}]}}