{"id":227434,"date":"2024-06-16T06:26:12","date_gmt":"2024-06-16T10:26:12","guid":{"rendered":"https:\/\/www.eldiario.net\/portal\/?p=227434"},"modified":"2024-06-16T06:26:12","modified_gmt":"2024-06-16T10:26:12","slug":"transporte-pesado-mantiene-convocatoria-a-bloqueo-hasta-reunirse-con-presidente-arce","status":"publish","type":"post","link":"https:\/\/www.eldiario.net\/portal\/2024\/06\/16\/transporte-pesado-mantiene-convocatoria-a-bloqueo-hasta-reunirse-con-presidente-arce\/","title":{"rendered":"Transporte Pesado mantiene convocatoria a  bloqueo hasta reunirse con presidente Arce"},"content":{"rendered":"<p class=\"v1MsoNormal\">Despu\u00e9s de m\u00e1s de 13 horas de di\u00e1logo, el Gobierno y el Transporte Pesado firmaron un \u00abacta de reuni\u00f3n\u00bb para hallar una soluci\u00f3n a sus principales demandas.<\/p>\n<p class=\"v1MsoNormal\">El ministro de Obras P\u00fablicas, \u00c9dgar Monta\u00f1o, asegur\u00f3 que se debatieron 8 puntos importantes que ayudar\u00e1n a entablar un entendimiento entre ambos sectores. Adem\u00e1s que ma\u00f1ana a las 11:00 el sector de transporte pesado se reunir\u00e1 con el presidente Luis Arce.<\/p>\n<p class=\"v1MsoNormal\">\u00abMuestro como acta de m\u00e1s de 13 horas y que los puntos que se han acordado son la reuni\u00f3n con el presidente Lucho el d\u00eda de ma\u00f1ana a las 11:00 los va a esperar y recibir. Se ha avanzado en el tema del di\u00e9sel, la gasolina, en el tema de la Aduana y Diprove\u00bb, afirm\u00f3.<\/p>\n<p class=\"v1MsoNormal\">La C\u00e1mara de Transporte Pesado, a trav\u00e9s de su m\u00e1ximo dirigente, H\u00e9ctor Mercado, por su parte inform\u00f3 que hasta que no tengan una reuni\u00f3n con el presidente, la convocatoria al bloqueo de carreteras previsto para el lunes 17 de junio se mantiene vigente.<\/p>\n<p class=\"v1MsoNormal\">\u00abNo es acuerdo es un acta de reuni\u00f3n. El ministro Monta\u00f1o ha accedido al pedido para poder sostener una reuni\u00f3n el d\u00eda de ma\u00f1ana con el presidente donde seguramente despu\u00e9s de avanzar. Ma\u00f1ana esperamos solucionar el problema al lado del presidente y expresar nuestra preocupaci\u00f3n para que \u00e9l pueda solucionar toda la problem\u00e1tica del transporte pesado. Hasta que no salgamos de la reuni\u00f3n con el presidente Luis Arce todo sigue como est\u00e1. Esto es un acta de reuni\u00f3n, hemos escuchado con toda la predisposici\u00f3n (&#8230;) ten\u00edamos muchos problemas que no se han sosegado en su totalidad pero se ha avanzado bastante\u00bb, manifest\u00f3. (\u00c9xito Noticias)<\/p>\n","protected":false},"excerpt":{"rendered":"<p>Despu\u00e9s de m\u00e1s de 13 horas de di\u00e1logo, el Gobierno y el Transporte Pesado firmaron un \u00abacta de reuni\u00f3n\u00bb para hallar una soluci\u00f3n a sus principales demandas. El ministro de Obras P\u00fablicas, \u00c9dgar Monta\u00f1o, asegur\u00f3 que se debatieron 8 puntos importantes que ayudar\u00e1n a entablar un entendimiento entre ambos sectores. Adem\u00e1s que ma\u00f1ana a las [&hellip;]<\/p>\n","protected":false},"author":1,"featured_media":227435,"comment_status":"open","ping_status":"open","sticky":false,"template":"","format":"standard","meta":{"_acf_changed":false,"footnotes":""},"categories":[15],"tags":[],"class_list":["post-227434","post","type-post","status-publish","format-standard","has-post-thumbnail","category-portada"],"acf":{"antetitulo":"Buscan soluciones a sus demandas"},"yoast_head":"<!-- This site is optimized with the Yoast SEO plugin v28.3 - https:\/\/yoast.com\/product\/yoast-seo-wordpress\/ -->\n<title>Transporte Pesado mantiene convocatoria a bloqueo hasta reunirse con presidente Arce - El Diario - Bolivia<\/title>\n<meta name=\"robots\" content=\"index, follow, max-snippet:-1, max-image-preview:large, max-video-preview:-1\" \/>\n<link rel=\"canonical\" href=\"https:\/\/www.eldiario.net\/portal\/2024\/06\/16\/transporte-pesado-mantiene-convocatoria-a-bloqueo-hasta-reunirse-con-presidente-arce\/\" \/>\n<meta property=\"og:locale\" content=\"es_ES\" \/>\n<meta property=\"og:type\" content=\"article\" \/>\n<meta property=\"og:title\" content=\"Transporte Pesado mantiene convocatoria a bloqueo hasta reunirse con presidente Arce - El Diario - Bolivia\" \/>\n<meta property=\"og:description\" content=\"Despu\u00e9s de m\u00e1s de 13 horas de di\u00e1logo, el Gobierno y el Transporte Pesado firmaron un \u00abacta de reuni\u00f3n\u00bb para hallar una soluci\u00f3n a sus principales demandas. El ministro de Obras P\u00fablicas, \u00c9dgar Monta\u00f1o, asegur\u00f3 que se debatieron 8 puntos importantes que ayudar\u00e1n a entablar un entendimiento entre ambos sectores. Adem\u00e1s que ma\u00f1ana a las [&hellip;]\" \/>\n<meta property=\"og:url\" content=\"https:\/\/www.eldiario.net\/portal\/2024\/06\/16\/transporte-pesado-mantiene-convocatoria-a-bloqueo-hasta-reunirse-con-presidente-arce\/\" \/>\n<meta property=\"og:site_name\" content=\"El Diario - Bolivia\" \/>\n<meta property=\"article:publisher\" content=\"https:\/\/www.facebook.com\/eldiario.bolivia\/\" \/>\n<meta property=\"article:published_time\" content=\"2024-06-16T10:26:12+00:00\" \/>\n<meta property=\"og:image\" content=\"https:\/\/www.eldiario.net\/portal\/wp-content\/uploads\/2024\/06\/mesas-de-trabajo-APG.jpg\" \/>\n\t<meta property=\"og:image:width\" content=\"1200\" \/>\n\t<meta property=\"og:image:height\" content=\"800\" \/>\n\t<meta property=\"og:image:type\" content=\"image\/jpeg\" \/>\n<meta name=\"author\" content=\"Jeanette\" \/>\n<meta name=\"twitter:card\" content=\"summary_large_image\" \/>\n<meta name=\"twitter:creator\" content=\"@eldiario_net\" \/>\n<meta name=\"twitter:site\" content=\"@eldiario_net\" \/>\n<meta name=\"twitter:label1\" content=\"Escrito por\" \/>\n\t<meta name=\"twitter:data1\" content=\"Jeanette\" \/>\n\t<meta name=\"twitter:label2\" content=\"Tiempo de lectura\" \/>\n\t<meta name=\"twitter:data2\" content=\"2 minutos\" \/>\n<script type=\"application\/ld+json\" class=\"yoast-schema-graph\">{\"@context\":\"https:\\\/\\\/schema.org\",\"@graph\":[{\"@type\":\"Article\",\"@id\":\"https:\\\/\\\/www.eldiario.net\\\/portal\\\/2024\\\/06\\\/16\\\/transporte-pesado-mantiene-convocatoria-a-bloqueo-hasta-reunirse-con-presidente-arce\\\/#article\",\"isPartOf\":{\"@id\":\"https:\\\/\\\/www.eldiario.net\\\/portal\\\/2024\\\/06\\\/16\\\/transporte-pesado-mantiene-convocatoria-a-bloqueo-hasta-reunirse-con-presidente-arce\\\/\"},\"author\":{\"name\":\"Jeanette\",\"@id\":\"https:\\\/\\\/www.eldiario.net\\\/portal\\\/#\\\/schema\\\/person\\\/f46445640444750d7d753ccd04ae01b7\"},\"headline\":\"Transporte Pesado mantiene convocatoria a bloqueo hasta reunirse con presidente Arce\",\"datePublished\":\"2024-06-16T10:26:12+00:00\",\"mainEntityOfPage\":{\"@id\":\"https:\\\/\\\/www.eldiario.net\\\/portal\\\/2024\\\/06\\\/16\\\/transporte-pesado-mantiene-convocatoria-a-bloqueo-hasta-reunirse-con-presidente-arce\\\/\"},\"wordCount\":307,\"commentCount\":0,\"publisher\":{\"@id\":\"https:\\\/\\\/www.eldiario.net\\\/portal\\\/#organization\"},\"image\":{\"@id\":\"https:\\\/\\\/www.eldiario.net\\\/portal\\\/2024\\\/06\\\/16\\\/transporte-pesado-mantiene-convocatoria-a-bloqueo-hasta-reunirse-con-presidente-arce\\\/#primaryimage\"},\"thumbnailUrl\":\"https:\\\/\\\/www.eldiario.net\\\/portal\\\/wp-content\\\/uploads\\\/2024\\\/06\\\/mesas-de-trabajo-APG.jpg\",\"articleSection\":[\"Portada\"],\"inLanguage\":\"es\",\"potentialAction\":[{\"@type\":\"CommentAction\",\"name\":\"Comment\",\"target\":[\"https:\\\/\\\/www.eldiario.net\\\/portal\\\/2024\\\/06\\\/16\\\/transporte-pesado-mantiene-convocatoria-a-bloqueo-hasta-reunirse-con-presidente-arce\\\/#respond\"]}]},{\"@type\":\"WebPage\",\"@id\":\"https:\\\/\\\/www.eldiario.net\\\/portal\\\/2024\\\/06\\\/16\\\/transporte-pesado-mantiene-convocatoria-a-bloqueo-hasta-reunirse-con-presidente-arce\\\/\",\"url\":\"https:\\\/\\\/www.eldiario.net\\\/portal\\\/2024\\\/06\\\/16\\\/transporte-pesado-mantiene-convocatoria-a-bloqueo-hasta-reunirse-con-presidente-arce\\\/\",\"name\":\"Transporte Pesado mantiene convocatoria a bloqueo hasta reunirse con presidente Arce - El Diario - Bolivia\",\"isPartOf\":{\"@id\":\"https:\\\/\\\/www.eldiario.net\\\/portal\\\/#website\"},\"primaryImageOfPage\":{\"@id\":\"https:\\\/\\\/www.eldiario.net\\\/portal\\\/2024\\\/06\\\/16\\\/transporte-pesado-mantiene-convocatoria-a-bloqueo-hasta-reunirse-con-presidente-arce\\\/#primaryimage\"},\"image\":{\"@id\":\"https:\\\/\\\/www.eldiario.net\\\/portal\\\/2024\\\/06\\\/16\\\/transporte-pesado-mantiene-convocatoria-a-bloqueo-hasta-reunirse-con-presidente-arce\\\/#primaryimage\"},\"thumbnailUrl\":\"https:\\\/\\\/www.eldiario.net\\\/portal\\\/wp-content\\\/uploads\\\/2024\\\/06\\\/mesas-de-trabajo-APG.jpg\",\"datePublished\":\"2024-06-16T10:26:12+00:00\",\"breadcrumb\":{\"@id\":\"https:\\\/\\\/www.eldiario.net\\\/portal\\\/2024\\\/06\\\/16\\\/transporte-pesado-mantiene-convocatoria-a-bloqueo-hasta-reunirse-con-presidente-arce\\\/#breadcrumb\"},\"inLanguage\":\"es\",\"potentialAction\":[{\"@type\":\"ReadAction\",\"target\":[\"https:\\\/\\\/www.eldiario.net\\\/portal\\\/2024\\\/06\\\/16\\\/transporte-pesado-mantiene-convocatoria-a-bloqueo-hasta-reunirse-con-presidente-arce\\\/\"]}]},{\"@type\":\"ImageObject\",\"inLanguage\":\"es\",\"@id\":\"https:\\\/\\\/www.eldiario.net\\\/portal\\\/2024\\\/06\\\/16\\\/transporte-pesado-mantiene-convocatoria-a-bloqueo-hasta-reunirse-con-presidente-arce\\\/#primaryimage\",\"url\":\"https:\\\/\\\/www.eldiario.net\\\/portal\\\/wp-content\\\/uploads\\\/2024\\\/06\\\/mesas-de-trabajo-APG.jpg\",\"contentUrl\":\"https:\\\/\\\/www.eldiario.net\\\/portal\\\/wp-content\\\/uploads\\\/2024\\\/06\\\/mesas-de-trabajo-APG.jpg\",\"width\":1200,\"height\":800,\"caption\":\"Gobierno y transporte pesado en mesas de di\u00e1logo. CR\u00c9DITO: APG\"},{\"@type\":\"BreadcrumbList\",\"@id\":\"https:\\\/\\\/www.eldiario.net\\\/portal\\\/2024\\\/06\\\/16\\\/transporte-pesado-mantiene-convocatoria-a-bloqueo-hasta-reunirse-con-presidente-arce\\\/#breadcrumb\",\"itemListElement\":[{\"@type\":\"ListItem\",\"position\":1,\"name\":\"Portada\",\"item\":\"https:\\\/\\\/www.eldiario.net\\\/portal\\\/\"},{\"@type\":\"ListItem\",\"position\":2,\"name\":\"Transporte Pesado mantiene convocatoria a bloqueo hasta reunirse con presidente Arce\"}]},{\"@type\":\"WebSite\",\"@id\":\"https:\\\/\\\/www.eldiario.net\\\/portal\\\/#website\",\"url\":\"https:\\\/\\\/www.eldiario.net\\\/portal\\\/\",\"name\":\"El Diario - Decano de la prensa nacional\",\"description\":\"El Diario - Decano de la prensa nacional\",\"publisher\":{\"@id\":\"https:\\\/\\\/www.eldiario.net\\\/portal\\\/#organization\"},\"potentialAction\":[{\"@type\":\"SearchAction\",\"target\":{\"@type\":\"EntryPoint\",\"urlTemplate\":\"https:\\\/\\\/www.eldiario.net\\\/portal\\\/?s={search_term_string}\"},\"query-input\":{\"@type\":\"PropertyValueSpecification\",\"valueRequired\":true,\"valueName\":\"search_term_string\"}}],\"inLanguage\":\"es\"},{\"@type\":\"Organization\",\"@id\":\"https:\\\/\\\/www.eldiario.net\\\/portal\\\/#organization\",\"name\":\"El Diario - Decano de la prensa nacional\",\"url\":\"https:\\\/\\\/www.eldiario.net\\\/portal\\\/\",\"logo\":{\"@type\":\"ImageObject\",\"inLanguage\":\"es\",\"@id\":\"https:\\\/\\\/www.eldiario.net\\\/portal\\\/#\\\/schema\\\/logo\\\/image\\\/\",\"url\":\"https:\\\/\\\/www.eldiario.net\\\/portal\\\/wp-content\\\/uploads\\\/2023\\\/07\\\/logo_ED.jpg\",\"contentUrl\":\"https:\\\/\\\/www.eldiario.net\\\/portal\\\/wp-content\\\/uploads\\\/2023\\\/07\\\/logo_ED.jpg\",\"width\":272,\"height\":52,\"caption\":\"El Diario - Decano de la prensa nacional\"},\"image\":{\"@id\":\"https:\\\/\\\/www.eldiario.net\\\/portal\\\/#\\\/schema\\\/logo\\\/image\\\/\"},\"sameAs\":[\"https:\\\/\\\/www.facebook.com\\\/eldiario.bolivia\\\/\",\"https:\\\/\\\/x.com\\\/eldiario_net\"]},{\"@type\":\"Person\",\"@id\":\"https:\\\/\\\/www.eldiario.net\\\/portal\\\/#\\\/schema\\\/person\\\/f46445640444750d7d753ccd04ae01b7\",\"name\":\"Jeanette\",\"image\":{\"@type\":\"ImageObject\",\"inLanguage\":\"es\",\"@id\":\"https:\\\/\\\/secure.gravatar.com\\\/avatar\\\/3ea2118a5f7dad2b7138b1187a6b7ee55f160b9968b66013c3a3ef39dd7e5798?s=96&d=mm&r=g\",\"url\":\"https:\\\/\\\/secure.gravatar.com\\\/avatar\\\/3ea2118a5f7dad2b7138b1187a6b7ee55f160b9968b66013c3a3ef39dd7e5798?s=96&d=mm&r=g\",\"contentUrl\":\"https:\\\/\\\/secure.gravatar.com\\\/avatar\\\/3ea2118a5f7dad2b7138b1187a6b7ee55f160b9968b66013c3a3ef39dd7e5798?s=96&d=mm&r=g\",\"caption\":\"Jeanette\"},\"sameAs\":[\"https:\\\/\\\/www.eldiario.net\\\/portal\"],\"url\":\"https:\\\/\\\/www.eldiario.net\\\/portal\\\/author\\\/jeanette\\\/\"}]}<\/script>\n<!-- \/ Yoast SEO plugin. -->","yoast_head_json":{"title":"Transporte Pesado mantiene convocatoria a bloqueo hasta reunirse con presidente Arce - El Diario - Bolivia","robots":{"index":"index","follow":"follow","max-snippet":"max-snippet:-1","max-image-preview":"max-image-preview:large","max-video-preview":"max-video-preview:-1"},"canonical":"https:\/\/www.eldiario.net\/portal\/2024\/06\/16\/transporte-pesado-mantiene-convocatoria-a-bloqueo-hasta-reunirse-con-presidente-arce\/","og_locale":"es_ES","og_type":"article","og_title":"Transporte Pesado mantiene convocatoria a bloqueo hasta reunirse con presidente Arce - El Diario - Bolivia","og_description":"Despu\u00e9s de m\u00e1s de 13 horas de di\u00e1logo, el Gobierno y el Transporte Pesado firmaron un \u00abacta de reuni\u00f3n\u00bb para hallar una soluci\u00f3n a sus principales demandas. El ministro de Obras P\u00fablicas, \u00c9dgar Monta\u00f1o, asegur\u00f3 que se debatieron 8 puntos importantes que ayudar\u00e1n a entablar un entendimiento entre ambos sectores. Adem\u00e1s que ma\u00f1ana a las [&hellip;]","og_url":"https:\/\/www.eldiario.net\/portal\/2024\/06\/16\/transporte-pesado-mantiene-convocatoria-a-bloqueo-hasta-reunirse-con-presidente-arce\/","og_site_name":"El Diario - Bolivia","article_publisher":"https:\/\/www.facebook.com\/eldiario.bolivia\/","article_published_time":"2024-06-16T10:26:12+00:00","og_image":[{"width":1200,"height":800,"url":"https:\/\/www.eldiario.net\/portal\/wp-content\/uploads\/2024\/06\/mesas-de-trabajo-APG.jpg","type":"image\/jpeg"}],"author":"Jeanette","twitter_card":"summary_large_image","twitter_creator":"@eldiario_net","twitter_site":"@eldiario_net","twitter_misc":{"Escrito por":"Jeanette","Tiempo de lectura":"2 minutos"},"schema":{"@context":"https:\/\/schema.org","@graph":[{"@type":"Article","@id":"https:\/\/www.eldiario.net\/portal\/2024\/06\/16\/transporte-pesado-mantiene-convocatoria-a-bloqueo-hasta-reunirse-con-presidente-arce\/#article","isPartOf":{"@id":"https:\/\/www.eldiario.net\/portal\/2024\/06\/16\/transporte-pesado-mantiene-convocatoria-a-bloqueo-hasta-reunirse-con-presidente-arce\/"},"author":{"name":"Jeanette","@id":"https:\/\/www.eldiario.net\/portal\/#\/schema\/person\/f46445640444750d7d753ccd04ae01b7"},"headline":"Transporte Pesado mantiene convocatoria a bloqueo hasta reunirse con presidente Arce","datePublished":"2024-06-16T10:26:12+00:00","mainEntityOfPage":{"@id":"https:\/\/www.eldiario.net\/portal\/2024\/06\/16\/transporte-pesado-mantiene-convocatoria-a-bloqueo-hasta-reunirse-con-presidente-arce\/"},"wordCount":307,"commentCount":0,"publisher":{"@id":"https:\/\/www.eldiario.net\/portal\/#organization"},"image":{"@id":"https:\/\/www.eldiario.net\/portal\/2024\/06\/16\/transporte-pesado-mantiene-convocatoria-a-bloqueo-hasta-reunirse-con-presidente-arce\/#primaryimage"},"thumbnailUrl":"https:\/\/www.eldiario.net\/portal\/wp-content\/uploads\/2024\/06\/mesas-de-trabajo-APG.jpg","articleSection":["Portada"],"inLanguage":"es","potentialAction":[{"@type":"CommentAction","name":"Comment","target":["https:\/\/www.eldiario.net\/portal\/2024\/06\/16\/transporte-pesado-mantiene-convocatoria-a-bloqueo-hasta-reunirse-con-presidente-arce\/#respond"]}]},{"@type":"WebPage","@id":"https:\/\/www.eldiario.net\/portal\/2024\/06\/16\/transporte-pesado-mantiene-convocatoria-a-bloqueo-hasta-reunirse-con-presidente-arce\/","url":"https:\/\/www.eldiario.net\/portal\/2024\/06\/16\/transporte-pesado-mantiene-convocatoria-a-bloqueo-hasta-reunirse-con-presidente-arce\/","name":"Transporte Pesado mantiene convocatoria a bloqueo hasta reunirse con presidente Arce - El Diario - Bolivia","isPartOf":{"@id":"https:\/\/www.eldiario.net\/portal\/#website"},"primaryImageOfPage":{"@id":"https:\/\/www.eldiario.net\/portal\/2024\/06\/16\/transporte-pesado-mantiene-convocatoria-a-bloqueo-hasta-reunirse-con-presidente-arce\/#primaryimage"},"image":{"@id":"https:\/\/www.eldiario.net\/portal\/2024\/06\/16\/transporte-pesado-mantiene-convocatoria-a-bloqueo-hasta-reunirse-con-presidente-arce\/#primaryimage"},"thumbnailUrl":"https:\/\/www.eldiario.net\/portal\/wp-content\/uploads\/2024\/06\/mesas-de-trabajo-APG.jpg","datePublished":"2024-06-16T10:26:12+00:00","breadcrumb":{"@id":"https:\/\/www.eldiario.net\/portal\/2024\/06\/16\/transporte-pesado-mantiene-convocatoria-a-bloqueo-hasta-reunirse-con-presidente-arce\/#breadcrumb"},"inLanguage":"es","potentialAction":[{"@type":"ReadAction","target":["https:\/\/www.eldiario.net\/portal\/2024\/06\/16\/transporte-pesado-mantiene-convocatoria-a-bloqueo-hasta-reunirse-con-presidente-arce\/"]}]},{"@type":"ImageObject","inLanguage":"es","@id":"https:\/\/www.eldiario.net\/portal\/2024\/06\/16\/transporte-pesado-mantiene-convocatoria-a-bloqueo-hasta-reunirse-con-presidente-arce\/#primaryimage","url":"https:\/\/www.eldiario.net\/portal\/wp-content\/uploads\/2024\/06\/mesas-de-trabajo-APG.jpg","contentUrl":"https:\/\/www.eldiario.net\/portal\/wp-content\/uploads\/2024\/06\/mesas-de-trabajo-APG.jpg","width":1200,"height":800,"caption":"Gobierno y transporte pesado en mesas de di\u00e1logo. CR\u00c9DITO: APG"},{"@type":"BreadcrumbList","@id":"https:\/\/www.eldiario.net\/portal\/2024\/06\/16\/transporte-pesado-mantiene-convocatoria-a-bloqueo-hasta-reunirse-con-presidente-arce\/#breadcrumb","itemListElement":[{"@type":"ListItem","position":1,"name":"Portada","item":"https:\/\/www.eldiario.net\/portal\/"},{"@type":"ListItem","position":2,"name":"Transporte Pesado mantiene convocatoria a bloqueo hasta reunirse con presidente Arce"}]},{"@type":"WebSite","@id":"https:\/\/www.eldiario.net\/portal\/#website","url":"https:\/\/www.eldiario.net\/portal\/","name":"El Diario - Decano de la prensa nacional","description":"El Diario - Decano de la prensa nacional","publisher":{"@id":"https:\/\/www.eldiario.net\/portal\/#organization"},"potentialAction":[{"@type":"SearchAction","target":{"@type":"EntryPoint","urlTemplate":"https:\/\/www.eldiario.net\/portal\/?s={search_term_string}"},"query-input":{"@type":"PropertyValueSpecification","valueRequired":true,"valueName":"search_term_string"}}],"inLanguage":"es"},{"@type":"Organization","@id":"https:\/\/www.eldiario.net\/portal\/#organization","name":"El Diario - Decano de la prensa nacional","url":"https:\/\/www.eldiario.net\/portal\/","logo":{"@type":"ImageObject","inLanguage":"es","@id":"https:\/\/www.eldiario.net\/portal\/#\/schema\/logo\/image\/","url":"https:\/\/www.eldiario.net\/portal\/wp-content\/uploads\/2023\/07\/logo_ED.jpg","contentUrl":"https:\/\/www.eldiario.net\/portal\/wp-content\/uploads\/2023\/07\/logo_ED.jpg","width":272,"height":52,"caption":"El Diario - Decano de la prensa nacional"},"image":{"@id":"https:\/\/www.eldiario.net\/portal\/#\/schema\/logo\/image\/"},"sameAs":["https:\/\/www.facebook.com\/eldiario.bolivia\/","https:\/\/x.com\/eldiario_net"]},{"@type":"Person","@id":"https:\/\/www.eldiario.net\/portal\/#\/schema\/person\/f46445640444750d7d753ccd04ae01b7","name":"Jeanette","image":{"@type":"ImageObject","inLanguage":"es","@id":"https:\/\/secure.gravatar.com\/avatar\/3ea2118a5f7dad2b7138b1187a6b7ee55f160b9968b66013c3a3ef39dd7e5798?s=96&d=mm&r=g","url":"https:\/\/secure.gravatar.com\/avatar\/3ea2118a5f7dad2b7138b1187a6b7ee55f160b9968b66013c3a3ef39dd7e5798?s=96&d=mm&r=g","contentUrl":"https:\/\/secure.gravatar.com\/avatar\/3ea2118a5f7dad2b7138b1187a6b7ee55f160b9968b66013c3a3ef39dd7e5798?s=96&d=mm&r=g","caption":"Jeanette"},"sameAs":["https:\/\/www.eldiario.net\/portal"],"url":"https:\/\/www.eldiario.net\/portal\/author\/jeanette\/"}]}},"_links":{"self":[{"href":"https:\/\/www.eldiario.net\/portal\/wp-json\/wp\/v2\/posts\/227434","targetHints":{"allow":["GET"]}}],"collection":[{"href":"https:\/\/www.eldiario.net\/portal\/wp-json\/wp\/v2\/posts"}],"about":[{"href":"https:\/\/www.eldiario.net\/portal\/wp-json\/wp\/v2\/types\/post"}],"author":[{"embeddable":true,"href":"https:\/\/www.eldiario.net\/portal\/wp-json\/wp\/v2\/users\/1"}],"replies":[{"embeddable":true,"href":"https:\/\/www.eldiario.net\/portal\/wp-json\/wp\/v2\/comments?post=227434"}],"version-history":[{"count":1,"href":"https:\/\/www.eldiario.net\/portal\/wp-json\/wp\/v2\/posts\/227434\/revisions"}],"predecessor-version":[{"id":227436,"href":"https:\/\/www.eldiario.net\/portal\/wp-json\/wp\/v2\/posts\/227434\/revisions\/227436"}],"wp:featuredmedia":[{"embeddable":true,"href":"https:\/\/www.eldiario.net\/portal\/wp-json\/wp\/v2\/media\/227435"}],"wp:attachment":[{"href":"https:\/\/www.eldiario.net\/portal\/wp-json\/wp\/v2\/media?parent=227434"}],"wp:term":[{"taxonomy":"category","embeddable":true,"href":"https:\/\/www.eldiario.net\/portal\/wp-json\/wp\/v2\/categories?post=227434"},{"taxonomy":"post_tag","embeddable":true,"href":"https:\/\/www.eldiario.net\/portal\/wp-json\/wp\/v2\/tags?post=227434"}],"curies":[{"name":"wp","href":"https:\/\/api.w.org\/{rel}","templated":true}]}}