{"id":227431,"date":"2024-06-16T06:25:29","date_gmt":"2024-06-16T10:25:29","guid":{"rendered":"https:\/\/www.eldiario.net\/portal\/?p=227431"},"modified":"2024-06-16T06:25:29","modified_gmt":"2024-06-16T10:25:29","slug":"reunion-de-gobierno-con-transporte-cooperativizado-concluyo-sin-acuerdo","status":"publish","type":"post","link":"https:\/\/www.eldiario.net\/portal\/2024\/06\/16\/reunion-de-gobierno-con-transporte-cooperativizado-concluyo-sin-acuerdo\/","title":{"rendered":"Reuni\u00f3n de Gobierno con Transporte  Cooperativizado concluy\u00f3 sin acuerdo"},"content":{"rendered":"<p class=\"v1MsoNormal\">El presidente Luis Arce y los representantes del Transporte Cooperativizado concluyeron una reuni\u00f3n preliminar en la Casa Grande del Pueblo, donde el presidente prometi\u00f3 una \u00absoluci\u00f3n definitiva\u00bb a sus demandas relacionadas con el abastecimiento de di\u00e9sel, el d\u00f3lar, impuestos, aduanas y la polic\u00eda.<\/p>\n<p class=\"v1MsoNormal\">Uno de los dirigentes inform\u00f3 a la prensa que el presidente se comprometi\u00f3 a resolver un tema impositivo a trav\u00e9s de la aprobaci\u00f3n de una nueva ley.<\/p>\n<p class=\"v1MsoNormal\">Indic\u00f3 que en esta reuni\u00f3n no se lleg\u00f3 a un acuerdo, pero decidieron volver a reunirse el pr\u00f3ximo martes, llevando propuestas y analizando algunos cambios en la Ley General de Cooperativas.<\/p>\n<p class=\"v1MsoNormal\">El dirigente dijo que cada federaci\u00f3n a nivel nacional realizar\u00e1 consultas internas para llegar al pr\u00f3ximo di\u00e1logo con puntos de vista concretos.<\/p>\n<p class=\"v1MsoNormal\">\u00abLa clave es agotar el di\u00e1logo. Nosotros hemos dicho que estamos agotando todas las v\u00edas de di\u00e1logo, para luego ver qu\u00e9 medidas tomamos en conjunto. Hemos visto que hay predisposici\u00f3n para buscar soluciones por parte del gobierno\u00bb, manifest\u00f3.<\/p>\n<p class=\"v1MsoNormal\">Agradeci\u00f3 las gestiones del ministro de Obras P\u00fablicas para propiciar el encuentro y espera una reuni\u00f3n con el ministro de Econom\u00eda para seguir avanzando y evitar un paro que perjudique a la poblaci\u00f3n. (Erbol)<\/p>\n","protected":false},"excerpt":{"rendered":"<p>El presidente Luis Arce y los representantes del Transporte Cooperativizado concluyeron una reuni\u00f3n preliminar en la Casa Grande del Pueblo, donde el presidente prometi\u00f3 una \u00absoluci\u00f3n definitiva\u00bb a sus demandas relacionadas con el abastecimiento de di\u00e9sel, el d\u00f3lar, impuestos, aduanas y la polic\u00eda. Uno de los dirigentes inform\u00f3 a la prensa que el presidente se [&hellip;]<\/p>\n","protected":false},"author":1,"featured_media":227432,"comment_status":"open","ping_status":"open","sticky":false,"template":"","format":"standard","meta":{"_acf_changed":false,"footnotes":""},"categories":[15],"tags":[],"class_list":["post-227431","post","type-post","status-publish","format-standard","has-post-thumbnail","category-portada"],"acf":{"antetitulo":"Volver\u00e1n a dialogar el martes"},"yoast_head":"<!-- This site is optimized with the Yoast SEO plugin v28.3 - https:\/\/yoast.com\/product\/yoast-seo-wordpress\/ -->\n<title>Reuni\u00f3n de Gobierno con Transporte Cooperativizado concluy\u00f3 sin acuerdo - El Diario - Bolivia<\/title>\n<meta name=\"robots\" content=\"index, follow, max-snippet:-1, max-image-preview:large, max-video-preview:-1\" \/>\n<link rel=\"canonical\" href=\"https:\/\/www.eldiario.net\/portal\/2024\/06\/16\/reunion-de-gobierno-con-transporte-cooperativizado-concluyo-sin-acuerdo\/\" \/>\n<meta property=\"og:locale\" content=\"es_ES\" \/>\n<meta property=\"og:type\" content=\"article\" \/>\n<meta property=\"og:title\" content=\"Reuni\u00f3n de Gobierno con Transporte Cooperativizado concluy\u00f3 sin acuerdo - El Diario - Bolivia\" \/>\n<meta property=\"og:description\" content=\"El presidente Luis Arce y los representantes del Transporte Cooperativizado concluyeron una reuni\u00f3n preliminar en la Casa Grande del Pueblo, donde el presidente prometi\u00f3 una \u00absoluci\u00f3n definitiva\u00bb a sus demandas relacionadas con el abastecimiento de di\u00e9sel, el d\u00f3lar, impuestos, aduanas y la polic\u00eda. Uno de los dirigentes inform\u00f3 a la prensa que el presidente se [&hellip;]\" \/>\n<meta property=\"og:url\" content=\"https:\/\/www.eldiario.net\/portal\/2024\/06\/16\/reunion-de-gobierno-con-transporte-cooperativizado-concluyo-sin-acuerdo\/\" \/>\n<meta property=\"og:site_name\" content=\"El Diario - Bolivia\" \/>\n<meta property=\"article:publisher\" content=\"https:\/\/www.facebook.com\/eldiario.bolivia\/\" \/>\n<meta property=\"article:published_time\" content=\"2024-06-16T10:25:29+00:00\" \/>\n<meta property=\"og:image\" content=\"https:\/\/www.eldiario.net\/portal\/wp-content\/uploads\/2024\/06\/arce_transportistas-Mopsv.jpg\" \/>\n\t<meta property=\"og:image:width\" content=\"1200\" \/>\n\t<meta property=\"og:image:height\" content=\"712\" \/>\n\t<meta property=\"og:image:type\" content=\"image\/jpeg\" \/>\n<meta name=\"author\" content=\"Jeanette\" \/>\n<meta name=\"twitter:card\" content=\"summary_large_image\" \/>\n<meta name=\"twitter:creator\" content=\"@eldiario_net\" \/>\n<meta name=\"twitter:site\" content=\"@eldiario_net\" \/>\n<meta name=\"twitter:label1\" content=\"Escrito por\" \/>\n\t<meta name=\"twitter:data1\" content=\"Jeanette\" \/>\n\t<meta name=\"twitter:label2\" content=\"Tiempo de lectura\" \/>\n\t<meta name=\"twitter:data2\" content=\"2 minutos\" \/>\n<script type=\"application\/ld+json\" class=\"yoast-schema-graph\">{\"@context\":\"https:\\\/\\\/schema.org\",\"@graph\":[{\"@type\":\"Article\",\"@id\":\"https:\\\/\\\/www.eldiario.net\\\/portal\\\/2024\\\/06\\\/16\\\/reunion-de-gobierno-con-transporte-cooperativizado-concluyo-sin-acuerdo\\\/#article\",\"isPartOf\":{\"@id\":\"https:\\\/\\\/www.eldiario.net\\\/portal\\\/2024\\\/06\\\/16\\\/reunion-de-gobierno-con-transporte-cooperativizado-concluyo-sin-acuerdo\\\/\"},\"author\":{\"name\":\"Jeanette\",\"@id\":\"https:\\\/\\\/www.eldiario.net\\\/portal\\\/#\\\/schema\\\/person\\\/f46445640444750d7d753ccd04ae01b7\"},\"headline\":\"Reuni\u00f3n de Gobierno con Transporte Cooperativizado concluy\u00f3 sin acuerdo\",\"datePublished\":\"2024-06-16T10:25:29+00:00\",\"mainEntityOfPage\":{\"@id\":\"https:\\\/\\\/www.eldiario.net\\\/portal\\\/2024\\\/06\\\/16\\\/reunion-de-gobierno-con-transporte-cooperativizado-concluyo-sin-acuerdo\\\/\"},\"wordCount\":225,\"commentCount\":0,\"publisher\":{\"@id\":\"https:\\\/\\\/www.eldiario.net\\\/portal\\\/#organization\"},\"image\":{\"@id\":\"https:\\\/\\\/www.eldiario.net\\\/portal\\\/2024\\\/06\\\/16\\\/reunion-de-gobierno-con-transporte-cooperativizado-concluyo-sin-acuerdo\\\/#primaryimage\"},\"thumbnailUrl\":\"https:\\\/\\\/www.eldiario.net\\\/portal\\\/wp-content\\\/uploads\\\/2024\\\/06\\\/arce_transportistas-Mopsv.jpg\",\"articleSection\":[\"Portada\"],\"inLanguage\":\"es\",\"potentialAction\":[{\"@type\":\"CommentAction\",\"name\":\"Comment\",\"target\":[\"https:\\\/\\\/www.eldiario.net\\\/portal\\\/2024\\\/06\\\/16\\\/reunion-de-gobierno-con-transporte-cooperativizado-concluyo-sin-acuerdo\\\/#respond\"]}]},{\"@type\":\"WebPage\",\"@id\":\"https:\\\/\\\/www.eldiario.net\\\/portal\\\/2024\\\/06\\\/16\\\/reunion-de-gobierno-con-transporte-cooperativizado-concluyo-sin-acuerdo\\\/\",\"url\":\"https:\\\/\\\/www.eldiario.net\\\/portal\\\/2024\\\/06\\\/16\\\/reunion-de-gobierno-con-transporte-cooperativizado-concluyo-sin-acuerdo\\\/\",\"name\":\"Reuni\u00f3n de Gobierno con Transporte Cooperativizado concluy\u00f3 sin acuerdo - El Diario - Bolivia\",\"isPartOf\":{\"@id\":\"https:\\\/\\\/www.eldiario.net\\\/portal\\\/#website\"},\"primaryImageOfPage\":{\"@id\":\"https:\\\/\\\/www.eldiario.net\\\/portal\\\/2024\\\/06\\\/16\\\/reunion-de-gobierno-con-transporte-cooperativizado-concluyo-sin-acuerdo\\\/#primaryimage\"},\"image\":{\"@id\":\"https:\\\/\\\/www.eldiario.net\\\/portal\\\/2024\\\/06\\\/16\\\/reunion-de-gobierno-con-transporte-cooperativizado-concluyo-sin-acuerdo\\\/#primaryimage\"},\"thumbnailUrl\":\"https:\\\/\\\/www.eldiario.net\\\/portal\\\/wp-content\\\/uploads\\\/2024\\\/06\\\/arce_transportistas-Mopsv.jpg\",\"datePublished\":\"2024-06-16T10:25:29+00:00\",\"breadcrumb\":{\"@id\":\"https:\\\/\\\/www.eldiario.net\\\/portal\\\/2024\\\/06\\\/16\\\/reunion-de-gobierno-con-transporte-cooperativizado-concluyo-sin-acuerdo\\\/#breadcrumb\"},\"inLanguage\":\"es\",\"potentialAction\":[{\"@type\":\"ReadAction\",\"target\":[\"https:\\\/\\\/www.eldiario.net\\\/portal\\\/2024\\\/06\\\/16\\\/reunion-de-gobierno-con-transporte-cooperativizado-concluyo-sin-acuerdo\\\/\"]}]},{\"@type\":\"ImageObject\",\"inLanguage\":\"es\",\"@id\":\"https:\\\/\\\/www.eldiario.net\\\/portal\\\/2024\\\/06\\\/16\\\/reunion-de-gobierno-con-transporte-cooperativizado-concluyo-sin-acuerdo\\\/#primaryimage\",\"url\":\"https:\\\/\\\/www.eldiario.net\\\/portal\\\/wp-content\\\/uploads\\\/2024\\\/06\\\/arce_transportistas-Mopsv.jpg\",\"contentUrl\":\"https:\\\/\\\/www.eldiario.net\\\/portal\\\/wp-content\\\/uploads\\\/2024\\\/06\\\/arce_transportistas-Mopsv.jpg\",\"width\":1200,\"height\":712,\"caption\":\"El presidente Luis Arce recibi\u00f3 a dirigentes del transporte cooperativizado. CR\u00c9DITO: MOPSV\"},{\"@type\":\"BreadcrumbList\",\"@id\":\"https:\\\/\\\/www.eldiario.net\\\/portal\\\/2024\\\/06\\\/16\\\/reunion-de-gobierno-con-transporte-cooperativizado-concluyo-sin-acuerdo\\\/#breadcrumb\",\"itemListElement\":[{\"@type\":\"ListItem\",\"position\":1,\"name\":\"Portada\",\"item\":\"https:\\\/\\\/www.eldiario.net\\\/portal\\\/\"},{\"@type\":\"ListItem\",\"position\":2,\"name\":\"Reuni\u00f3n de Gobierno con Transporte Cooperativizado concluy\u00f3 sin acuerdo\"}]},{\"@type\":\"WebSite\",\"@id\":\"https:\\\/\\\/www.eldiario.net\\\/portal\\\/#website\",\"url\":\"https:\\\/\\\/www.eldiario.net\\\/portal\\\/\",\"name\":\"El Diario - Decano de la prensa nacional\",\"description\":\"El Diario - Decano de la prensa nacional\",\"publisher\":{\"@id\":\"https:\\\/\\\/www.eldiario.net\\\/portal\\\/#organization\"},\"potentialAction\":[{\"@type\":\"SearchAction\",\"target\":{\"@type\":\"EntryPoint\",\"urlTemplate\":\"https:\\\/\\\/www.eldiario.net\\\/portal\\\/?s={search_term_string}\"},\"query-input\":{\"@type\":\"PropertyValueSpecification\",\"valueRequired\":true,\"valueName\":\"search_term_string\"}}],\"inLanguage\":\"es\"},{\"@type\":\"Organization\",\"@id\":\"https:\\\/\\\/www.eldiario.net\\\/portal\\\/#organization\",\"name\":\"El Diario - Decano de la prensa nacional\",\"url\":\"https:\\\/\\\/www.eldiario.net\\\/portal\\\/\",\"logo\":{\"@type\":\"ImageObject\",\"inLanguage\":\"es\",\"@id\":\"https:\\\/\\\/www.eldiario.net\\\/portal\\\/#\\\/schema\\\/logo\\\/image\\\/\",\"url\":\"https:\\\/\\\/www.eldiario.net\\\/portal\\\/wp-content\\\/uploads\\\/2023\\\/07\\\/logo_ED.jpg\",\"contentUrl\":\"https:\\\/\\\/www.eldiario.net\\\/portal\\\/wp-content\\\/uploads\\\/2023\\\/07\\\/logo_ED.jpg\",\"width\":272,\"height\":52,\"caption\":\"El Diario - Decano de la prensa nacional\"},\"image\":{\"@id\":\"https:\\\/\\\/www.eldiario.net\\\/portal\\\/#\\\/schema\\\/logo\\\/image\\\/\"},\"sameAs\":[\"https:\\\/\\\/www.facebook.com\\\/eldiario.bolivia\\\/\",\"https:\\\/\\\/x.com\\\/eldiario_net\"]},{\"@type\":\"Person\",\"@id\":\"https:\\\/\\\/www.eldiario.net\\\/portal\\\/#\\\/schema\\\/person\\\/f46445640444750d7d753ccd04ae01b7\",\"name\":\"Jeanette\",\"image\":{\"@type\":\"ImageObject\",\"inLanguage\":\"es\",\"@id\":\"https:\\\/\\\/secure.gravatar.com\\\/avatar\\\/3ea2118a5f7dad2b7138b1187a6b7ee55f160b9968b66013c3a3ef39dd7e5798?s=96&d=mm&r=g\",\"url\":\"https:\\\/\\\/secure.gravatar.com\\\/avatar\\\/3ea2118a5f7dad2b7138b1187a6b7ee55f160b9968b66013c3a3ef39dd7e5798?s=96&d=mm&r=g\",\"contentUrl\":\"https:\\\/\\\/secure.gravatar.com\\\/avatar\\\/3ea2118a5f7dad2b7138b1187a6b7ee55f160b9968b66013c3a3ef39dd7e5798?s=96&d=mm&r=g\",\"caption\":\"Jeanette\"},\"sameAs\":[\"https:\\\/\\\/www.eldiario.net\\\/portal\"],\"url\":\"https:\\\/\\\/www.eldiario.net\\\/portal\\\/author\\\/jeanette\\\/\"}]}<\/script>\n<!-- \/ Yoast SEO plugin. -->","yoast_head_json":{"title":"Reuni\u00f3n de Gobierno con Transporte Cooperativizado concluy\u00f3 sin acuerdo - El Diario - Bolivia","robots":{"index":"index","follow":"follow","max-snippet":"max-snippet:-1","max-image-preview":"max-image-preview:large","max-video-preview":"max-video-preview:-1"},"canonical":"https:\/\/www.eldiario.net\/portal\/2024\/06\/16\/reunion-de-gobierno-con-transporte-cooperativizado-concluyo-sin-acuerdo\/","og_locale":"es_ES","og_type":"article","og_title":"Reuni\u00f3n de Gobierno con Transporte Cooperativizado concluy\u00f3 sin acuerdo - El Diario - Bolivia","og_description":"El presidente Luis Arce y los representantes del Transporte Cooperativizado concluyeron una reuni\u00f3n preliminar en la Casa Grande del Pueblo, donde el presidente prometi\u00f3 una \u00absoluci\u00f3n definitiva\u00bb a sus demandas relacionadas con el abastecimiento de di\u00e9sel, el d\u00f3lar, impuestos, aduanas y la polic\u00eda. Uno de los dirigentes inform\u00f3 a la prensa que el presidente se [&hellip;]","og_url":"https:\/\/www.eldiario.net\/portal\/2024\/06\/16\/reunion-de-gobierno-con-transporte-cooperativizado-concluyo-sin-acuerdo\/","og_site_name":"El Diario - Bolivia","article_publisher":"https:\/\/www.facebook.com\/eldiario.bolivia\/","article_published_time":"2024-06-16T10:25:29+00:00","og_image":[{"width":1200,"height":712,"url":"https:\/\/www.eldiario.net\/portal\/wp-content\/uploads\/2024\/06\/arce_transportistas-Mopsv.jpg","type":"image\/jpeg"}],"author":"Jeanette","twitter_card":"summary_large_image","twitter_creator":"@eldiario_net","twitter_site":"@eldiario_net","twitter_misc":{"Escrito por":"Jeanette","Tiempo de lectura":"2 minutos"},"schema":{"@context":"https:\/\/schema.org","@graph":[{"@type":"Article","@id":"https:\/\/www.eldiario.net\/portal\/2024\/06\/16\/reunion-de-gobierno-con-transporte-cooperativizado-concluyo-sin-acuerdo\/#article","isPartOf":{"@id":"https:\/\/www.eldiario.net\/portal\/2024\/06\/16\/reunion-de-gobierno-con-transporte-cooperativizado-concluyo-sin-acuerdo\/"},"author":{"name":"Jeanette","@id":"https:\/\/www.eldiario.net\/portal\/#\/schema\/person\/f46445640444750d7d753ccd04ae01b7"},"headline":"Reuni\u00f3n de Gobierno con Transporte Cooperativizado concluy\u00f3 sin acuerdo","datePublished":"2024-06-16T10:25:29+00:00","mainEntityOfPage":{"@id":"https:\/\/www.eldiario.net\/portal\/2024\/06\/16\/reunion-de-gobierno-con-transporte-cooperativizado-concluyo-sin-acuerdo\/"},"wordCount":225,"commentCount":0,"publisher":{"@id":"https:\/\/www.eldiario.net\/portal\/#organization"},"image":{"@id":"https:\/\/www.eldiario.net\/portal\/2024\/06\/16\/reunion-de-gobierno-con-transporte-cooperativizado-concluyo-sin-acuerdo\/#primaryimage"},"thumbnailUrl":"https:\/\/www.eldiario.net\/portal\/wp-content\/uploads\/2024\/06\/arce_transportistas-Mopsv.jpg","articleSection":["Portada"],"inLanguage":"es","potentialAction":[{"@type":"CommentAction","name":"Comment","target":["https:\/\/www.eldiario.net\/portal\/2024\/06\/16\/reunion-de-gobierno-con-transporte-cooperativizado-concluyo-sin-acuerdo\/#respond"]}]},{"@type":"WebPage","@id":"https:\/\/www.eldiario.net\/portal\/2024\/06\/16\/reunion-de-gobierno-con-transporte-cooperativizado-concluyo-sin-acuerdo\/","url":"https:\/\/www.eldiario.net\/portal\/2024\/06\/16\/reunion-de-gobierno-con-transporte-cooperativizado-concluyo-sin-acuerdo\/","name":"Reuni\u00f3n de Gobierno con Transporte Cooperativizado concluy\u00f3 sin acuerdo - El Diario - Bolivia","isPartOf":{"@id":"https:\/\/www.eldiario.net\/portal\/#website"},"primaryImageOfPage":{"@id":"https:\/\/www.eldiario.net\/portal\/2024\/06\/16\/reunion-de-gobierno-con-transporte-cooperativizado-concluyo-sin-acuerdo\/#primaryimage"},"image":{"@id":"https:\/\/www.eldiario.net\/portal\/2024\/06\/16\/reunion-de-gobierno-con-transporte-cooperativizado-concluyo-sin-acuerdo\/#primaryimage"},"thumbnailUrl":"https:\/\/www.eldiario.net\/portal\/wp-content\/uploads\/2024\/06\/arce_transportistas-Mopsv.jpg","datePublished":"2024-06-16T10:25:29+00:00","breadcrumb":{"@id":"https:\/\/www.eldiario.net\/portal\/2024\/06\/16\/reunion-de-gobierno-con-transporte-cooperativizado-concluyo-sin-acuerdo\/#breadcrumb"},"inLanguage":"es","potentialAction":[{"@type":"ReadAction","target":["https:\/\/www.eldiario.net\/portal\/2024\/06\/16\/reunion-de-gobierno-con-transporte-cooperativizado-concluyo-sin-acuerdo\/"]}]},{"@type":"ImageObject","inLanguage":"es","@id":"https:\/\/www.eldiario.net\/portal\/2024\/06\/16\/reunion-de-gobierno-con-transporte-cooperativizado-concluyo-sin-acuerdo\/#primaryimage","url":"https:\/\/www.eldiario.net\/portal\/wp-content\/uploads\/2024\/06\/arce_transportistas-Mopsv.jpg","contentUrl":"https:\/\/www.eldiario.net\/portal\/wp-content\/uploads\/2024\/06\/arce_transportistas-Mopsv.jpg","width":1200,"height":712,"caption":"El presidente Luis Arce recibi\u00f3 a dirigentes del transporte cooperativizado. CR\u00c9DITO: MOPSV"},{"@type":"BreadcrumbList","@id":"https:\/\/www.eldiario.net\/portal\/2024\/06\/16\/reunion-de-gobierno-con-transporte-cooperativizado-concluyo-sin-acuerdo\/#breadcrumb","itemListElement":[{"@type":"ListItem","position":1,"name":"Portada","item":"https:\/\/www.eldiario.net\/portal\/"},{"@type":"ListItem","position":2,"name":"Reuni\u00f3n de Gobierno con Transporte Cooperativizado concluy\u00f3 sin acuerdo"}]},{"@type":"WebSite","@id":"https:\/\/www.eldiario.net\/portal\/#website","url":"https:\/\/www.eldiario.net\/portal\/","name":"El Diario - Decano de la prensa nacional","description":"El Diario - Decano de la prensa nacional","publisher":{"@id":"https:\/\/www.eldiario.net\/portal\/#organization"},"potentialAction":[{"@type":"SearchAction","target":{"@type":"EntryPoint","urlTemplate":"https:\/\/www.eldiario.net\/portal\/?s={search_term_string}"},"query-input":{"@type":"PropertyValueSpecification","valueRequired":true,"valueName":"search_term_string"}}],"inLanguage":"es"},{"@type":"Organization","@id":"https:\/\/www.eldiario.net\/portal\/#organization","name":"El Diario - Decano de la prensa nacional","url":"https:\/\/www.eldiario.net\/portal\/","logo":{"@type":"ImageObject","inLanguage":"es","@id":"https:\/\/www.eldiario.net\/portal\/#\/schema\/logo\/image\/","url":"https:\/\/www.eldiario.net\/portal\/wp-content\/uploads\/2023\/07\/logo_ED.jpg","contentUrl":"https:\/\/www.eldiario.net\/portal\/wp-content\/uploads\/2023\/07\/logo_ED.jpg","width":272,"height":52,"caption":"El Diario - Decano de la prensa nacional"},"image":{"@id":"https:\/\/www.eldiario.net\/portal\/#\/schema\/logo\/image\/"},"sameAs":["https:\/\/www.facebook.com\/eldiario.bolivia\/","https:\/\/x.com\/eldiario_net"]},{"@type":"Person","@id":"https:\/\/www.eldiario.net\/portal\/#\/schema\/person\/f46445640444750d7d753ccd04ae01b7","name":"Jeanette","image":{"@type":"ImageObject","inLanguage":"es","@id":"https:\/\/secure.gravatar.com\/avatar\/3ea2118a5f7dad2b7138b1187a6b7ee55f160b9968b66013c3a3ef39dd7e5798?s=96&d=mm&r=g","url":"https:\/\/secure.gravatar.com\/avatar\/3ea2118a5f7dad2b7138b1187a6b7ee55f160b9968b66013c3a3ef39dd7e5798?s=96&d=mm&r=g","contentUrl":"https:\/\/secure.gravatar.com\/avatar\/3ea2118a5f7dad2b7138b1187a6b7ee55f160b9968b66013c3a3ef39dd7e5798?s=96&d=mm&r=g","caption":"Jeanette"},"sameAs":["https:\/\/www.eldiario.net\/portal"],"url":"https:\/\/www.eldiario.net\/portal\/author\/jeanette\/"}]}},"_links":{"self":[{"href":"https:\/\/www.eldiario.net\/portal\/wp-json\/wp\/v2\/posts\/227431","targetHints":{"allow":["GET"]}}],"collection":[{"href":"https:\/\/www.eldiario.net\/portal\/wp-json\/wp\/v2\/posts"}],"about":[{"href":"https:\/\/www.eldiario.net\/portal\/wp-json\/wp\/v2\/types\/post"}],"author":[{"embeddable":true,"href":"https:\/\/www.eldiario.net\/portal\/wp-json\/wp\/v2\/users\/1"}],"replies":[{"embeddable":true,"href":"https:\/\/www.eldiario.net\/portal\/wp-json\/wp\/v2\/comments?post=227431"}],"version-history":[{"count":1,"href":"https:\/\/www.eldiario.net\/portal\/wp-json\/wp\/v2\/posts\/227431\/revisions"}],"predecessor-version":[{"id":227433,"href":"https:\/\/www.eldiario.net\/portal\/wp-json\/wp\/v2\/posts\/227431\/revisions\/227433"}],"wp:featuredmedia":[{"embeddable":true,"href":"https:\/\/www.eldiario.net\/portal\/wp-json\/wp\/v2\/media\/227432"}],"wp:attachment":[{"href":"https:\/\/www.eldiario.net\/portal\/wp-json\/wp\/v2\/media?parent=227431"}],"wp:term":[{"taxonomy":"category","embeddable":true,"href":"https:\/\/www.eldiario.net\/portal\/wp-json\/wp\/v2\/categories?post=227431"},{"taxonomy":"post_tag","embeddable":true,"href":"https:\/\/www.eldiario.net\/portal\/wp-json\/wp\/v2\/tags?post=227431"}],"curies":[{"name":"wp","href":"https:\/\/api.w.org\/{rel}","templated":true}]}}