{"id":227425,"date":"2024-06-16T06:21:42","date_gmt":"2024-06-16T10:21:42","guid":{"rendered":"https:\/\/www.eldiario.net\/portal\/?p=227425"},"modified":"2024-06-16T06:21:42","modified_gmt":"2024-06-16T10:21:42","slug":"aprueban-resolucion-de-apoyo-a-zongo-tariquia-y-rio-maniqui","status":"publish","type":"post","link":"https:\/\/www.eldiario.net\/portal\/2024\/06\/16\/aprueban-resolucion-de-apoyo-a-zongo-tariquia-y-rio-maniqui\/","title":{"rendered":"Aprueban resoluci\u00f3n de apoyo a  Zongo, Tariqu\u00eda y r\u00edo Maniqu\u00ed"},"content":{"rendered":"<p class=\"v1MsoNormal\"><span lang=\"ES-BO\">Las luchas locales tuvieron su espacio en el Foro Social Panamaz\u00f3nico (Fospa), que concluy\u00f3 ayer Rurrenabaque y San Buenaventura. En ese marco, recibieron apoyo la defensa de las comunidades de Zongo frente a la miner\u00eda ilegal, la protecci\u00f3n de Tariquia frente al avance de las petroleras, la defensa del medio ambiente ante la construcci\u00f3n de hidroel\u00e9ctricas, la denuncia de contaminaci\u00f3n del r\u00edo Maniqu\u00ed, entre otros procesos que se viven en Bolivia y los dem\u00e1s pa\u00edses amaz\u00f3nicos.<\/span><\/p>\n<p class=\"v1MsoNormal\"><span lang=\"ES-BO\">La resoluci\u00f3n de apoyo emergi\u00f3 del grupo de Defensores de la Amazon\u00eda, luego fue aprobada por todos los participantes del Eje uno.<\/span><\/p>\n<p class=\"v1MsoNormal\"><span lang=\"ES-BO\">El documento exige el respeto de la jurisdicci\u00f3n ind\u00edgena de Zongo, pide la aplicaci\u00f3n de las sentencias constitucionales y de las resoluciones de la justicia ind\u00edgena en contra del minero Oscar Bellota. \u00abAsimismo, denunciamos las persecuciones, amenazas y criminalizaci\u00f3n de los defensores y defensoras del territorio\u00bb, se\u00f1ala.<\/span><\/p>\n<p class=\"v1MsoNormal\"><span lang=\"ES-BO\">Tambi\u00e9n dan su apoyo a quienes se oponen al proyecto de la hidroel\u00e9ctrica binacional en la frontera Bolivia Brasil, \u00abas\u00ed como a aquellos que luchan contra la construcci\u00f3n de una hidroel\u00e9ctrica en Cachuela Esperanza, en el Beni, Bolivia, y tambi\u00e9n en contra del proyecto Hidroel\u00e9ctrico Chepete-El Bala\u00bb.<\/span><\/p>\n<p class=\"v1MsoNormal\"><span lang=\"ES-BO\">Los participantes exigen la \u00abatenci\u00f3n inmediata a las demandas de los casos espec\u00edficos de las comunidades de San Antonio del Maniqu\u00ed y Santa Ana del Bosque, en el Municipio de San Borja\u00bb, donde denuncian grave contaminaci\u00f3n de su fuente de agua, el r\u00edo Maniqu\u00ed, causada por la contaminaci\u00f3n de mercurio, aserr\u00edn, desechos provenientes de los mataderos, animales muertos y basura.<\/span><\/p>\n<p class=\"v1MsoNormal\"><span lang=\"ES-BO\">Por otro lado, \u00abexigimos la protecci\u00f3n y el respeto del territorio de la Reserva Nacional de Flora y Fauna de Tariqu\u00eda (Rnfft), situado en el departamento de Tarija, Bolivia. Actualmente enfrenta invasiones de petroleras en sus territorios. Estas acciones est\u00e1n siendo promovidas por las empresas petroleras Petrobras Brasil y Yacimientos Petrol\u00edferos Fiscales Bolivianos (YPFB), que operan sin contar con una ficha ambiental v\u00e1lida. A su vez, denunciamos que el Servicio Nacional de \u00c1reas Protegidas (Sernap) ha permitido la manipulaci\u00f3n del plan de manejo de la reserva para justificar las actividades de exploraci\u00f3n y explotaci\u00f3n petrolera\u00bb.<\/span><\/p>\n<p class=\"v1MsoNormal\"><span lang=\"ES-BO\">Respecto a las demandas del pueblo guaran\u00ed, exigen el cumplimiento del decreto supremo que expropia 180.000 hect\u00e1reas para la reconstituci\u00f3n del territorio guaran\u00ed, liber\u00e1ndolos de la servidumbre.<\/span><\/p>\n<p class=\"v1MsoNormal\"><span lang=\"ES-BO\">\u00abApoyamos las luchas de los pueblos ind\u00edgenas y las comunidades tradicionales de la Amazon\u00eda que enfrentan m\u00faltiples amenazas: persecuci\u00f3n, la criminalizaci\u00f3n de sus defensores, las invasiones territoriales por el narcotr\u00e1fico, la deforestaci\u00f3n descontrolada, los conflictos de tierra y los asesinatos de l\u00edderes ind\u00edgenas debido a los intereses del agronegocio\u00bb, indica el pronunciamiento, que menciona casos concretos de Brasil.<\/span><\/p>\n<p class=\"v1MsoNormal\"><span lang=\"ES-BO\">Asimismo, exigen el respeto a lo establecido en el Decreto Supremo 22611, a trav\u00e9s del cual se declara que la regi\u00f3n del Bosque de Chimanes pertenece a los pueblos ind\u00edgenas Moxe\u00f1o Trinitario, Moxe\u00f1o Ignaciano, Movima, Yuracar\u00e9, y Tsimane, que habitan ancestralmente el Territorio Ind\u00edgena Multi\u00e9tnico (TIM), se\u00f1ala el documento.<\/span><\/p>\n<p class=\"v1MsoNormal\"><span lang=\"ES-BO\">\u00abExigimos al Estado de Bolivia la implementaci\u00f3n inmediata de medidas efectivas para resolver la contaminaci\u00f3n del r\u00edo Poop\u00f3, situado en el departamento de Oruro. Esta grave problem\u00e1tica afecta a las comunidades que depend\u00edan del r\u00edo como fuente vital. Denunciamos especialmente el da\u00f1o infligido a la comunidad de Antequera y a sus defensores\u00bb, indica el pronunciamiento.<\/span><\/p>\n<p class=\"v1MsoNormal\"><span lang=\"ES-BO\">Tambi\u00e9n hacen constar exigencias para los gobiernos de Brasil, Per\u00fa, entre otros. (Rurrenabaque, Sumando Voces\/Br\u00fajula Digital)<\/span><\/p>\n","protected":false},"excerpt":{"rendered":"<p>Las luchas locales tuvieron su espacio en el Foro Social Panamaz\u00f3nico (Fospa), que concluy\u00f3 ayer Rurrenabaque y San Buenaventura. En ese marco, recibieron apoyo la defensa de las comunidades de Zongo frente a la miner\u00eda ilegal, la protecci\u00f3n de Tariquia frente al avance de las petroleras, la defensa del medio ambiente ante la construcci\u00f3n de [&hellip;]<\/p>\n","protected":false},"author":1,"featured_media":227426,"comment_status":"open","ping_status":"open","sticky":false,"template":"","format":"standard","meta":{"_acf_changed":false,"footnotes":""},"categories":[15],"tags":[],"class_list":["post-227425","post","type-post","status-publish","format-standard","has-post-thumbnail","category-portada"],"acf":{"antetitulo":"Foro Social Panamaz\u00f3nico"},"yoast_head":"<!-- This site is optimized with the Yoast SEO plugin v28.3 - https:\/\/yoast.com\/product\/yoast-seo-wordpress\/ -->\n<title>Aprueban resoluci\u00f3n de apoyo a Zongo, Tariqu\u00eda y r\u00edo Maniqu\u00ed - El Diario - Bolivia<\/title>\n<meta name=\"robots\" content=\"index, follow, max-snippet:-1, max-image-preview:large, max-video-preview:-1\" \/>\n<link rel=\"canonical\" href=\"https:\/\/www.eldiario.net\/portal\/2024\/06\/16\/aprueban-resolucion-de-apoyo-a-zongo-tariquia-y-rio-maniqui\/\" \/>\n<meta property=\"og:locale\" content=\"es_ES\" \/>\n<meta property=\"og:type\" content=\"article\" \/>\n<meta property=\"og:title\" content=\"Aprueban resoluci\u00f3n de apoyo a Zongo, Tariqu\u00eda y r\u00edo Maniqu\u00ed - El Diario - Bolivia\" \/>\n<meta property=\"og:description\" content=\"Las luchas locales tuvieron su espacio en el Foro Social Panamaz\u00f3nico (Fospa), que concluy\u00f3 ayer Rurrenabaque y San Buenaventura. En ese marco, recibieron apoyo la defensa de las comunidades de Zongo frente a la miner\u00eda ilegal, la protecci\u00f3n de Tariquia frente al avance de las petroleras, la defensa del medio ambiente ante la construcci\u00f3n de [&hellip;]\" \/>\n<meta property=\"og:url\" content=\"https:\/\/www.eldiario.net\/portal\/2024\/06\/16\/aprueban-resolucion-de-apoyo-a-zongo-tariquia-y-rio-maniqui\/\" \/>\n<meta property=\"og:site_name\" content=\"El Diario - Bolivia\" \/>\n<meta property=\"article:publisher\" content=\"https:\/\/www.facebook.com\/eldiario.bolivia\/\" \/>\n<meta property=\"article:published_time\" content=\"2024-06-16T10:21:42+00:00\" \/>\n<meta property=\"og:image\" content=\"https:\/\/www.eldiario.net\/portal\/wp-content\/uploads\/2024\/06\/P-3-15-cm-x-7-2.jpg\" \/>\n\t<meta property=\"og:image:width\" content=\"720\" \/>\n\t<meta property=\"og:image:height\" content=\"399\" \/>\n\t<meta property=\"og:image:type\" content=\"image\/jpeg\" \/>\n<meta name=\"author\" content=\"Jeanette\" \/>\n<meta name=\"twitter:card\" content=\"summary_large_image\" \/>\n<meta name=\"twitter:creator\" content=\"@eldiario_net\" \/>\n<meta name=\"twitter:site\" content=\"@eldiario_net\" \/>\n<meta name=\"twitter:label1\" content=\"Escrito por\" \/>\n\t<meta name=\"twitter:data1\" content=\"Jeanette\" \/>\n\t<meta name=\"twitter:label2\" content=\"Tiempo de lectura\" \/>\n\t<meta name=\"twitter:data2\" content=\"3 minutos\" \/>\n<script type=\"application\/ld+json\" class=\"yoast-schema-graph\">{\"@context\":\"https:\\\/\\\/schema.org\",\"@graph\":[{\"@type\":\"Article\",\"@id\":\"https:\\\/\\\/www.eldiario.net\\\/portal\\\/2024\\\/06\\\/16\\\/aprueban-resolucion-de-apoyo-a-zongo-tariquia-y-rio-maniqui\\\/#article\",\"isPartOf\":{\"@id\":\"https:\\\/\\\/www.eldiario.net\\\/portal\\\/2024\\\/06\\\/16\\\/aprueban-resolucion-de-apoyo-a-zongo-tariquia-y-rio-maniqui\\\/\"},\"author\":{\"name\":\"Jeanette\",\"@id\":\"https:\\\/\\\/www.eldiario.net\\\/portal\\\/#\\\/schema\\\/person\\\/f46445640444750d7d753ccd04ae01b7\"},\"headline\":\"Aprueban resoluci\u00f3n de apoyo a Zongo, Tariqu\u00eda y r\u00edo Maniqu\u00ed\",\"datePublished\":\"2024-06-16T10:21:42+00:00\",\"mainEntityOfPage\":{\"@id\":\"https:\\\/\\\/www.eldiario.net\\\/portal\\\/2024\\\/06\\\/16\\\/aprueban-resolucion-de-apoyo-a-zongo-tariquia-y-rio-maniqui\\\/\"},\"wordCount\":631,\"commentCount\":0,\"publisher\":{\"@id\":\"https:\\\/\\\/www.eldiario.net\\\/portal\\\/#organization\"},\"image\":{\"@id\":\"https:\\\/\\\/www.eldiario.net\\\/portal\\\/2024\\\/06\\\/16\\\/aprueban-resolucion-de-apoyo-a-zongo-tariquia-y-rio-maniqui\\\/#primaryimage\"},\"thumbnailUrl\":\"https:\\\/\\\/www.eldiario.net\\\/portal\\\/wp-content\\\/uploads\\\/2024\\\/06\\\/P-3-15-cm-x-7-2.jpg\",\"articleSection\":[\"Portada\"],\"inLanguage\":\"es\",\"potentialAction\":[{\"@type\":\"CommentAction\",\"name\":\"Comment\",\"target\":[\"https:\\\/\\\/www.eldiario.net\\\/portal\\\/2024\\\/06\\\/16\\\/aprueban-resolucion-de-apoyo-a-zongo-tariquia-y-rio-maniqui\\\/#respond\"]}]},{\"@type\":\"WebPage\",\"@id\":\"https:\\\/\\\/www.eldiario.net\\\/portal\\\/2024\\\/06\\\/16\\\/aprueban-resolucion-de-apoyo-a-zongo-tariquia-y-rio-maniqui\\\/\",\"url\":\"https:\\\/\\\/www.eldiario.net\\\/portal\\\/2024\\\/06\\\/16\\\/aprueban-resolucion-de-apoyo-a-zongo-tariquia-y-rio-maniqui\\\/\",\"name\":\"Aprueban resoluci\u00f3n de apoyo a Zongo, Tariqu\u00eda y r\u00edo Maniqu\u00ed - El Diario - Bolivia\",\"isPartOf\":{\"@id\":\"https:\\\/\\\/www.eldiario.net\\\/portal\\\/#website\"},\"primaryImageOfPage\":{\"@id\":\"https:\\\/\\\/www.eldiario.net\\\/portal\\\/2024\\\/06\\\/16\\\/aprueban-resolucion-de-apoyo-a-zongo-tariquia-y-rio-maniqui\\\/#primaryimage\"},\"image\":{\"@id\":\"https:\\\/\\\/www.eldiario.net\\\/portal\\\/2024\\\/06\\\/16\\\/aprueban-resolucion-de-apoyo-a-zongo-tariquia-y-rio-maniqui\\\/#primaryimage\"},\"thumbnailUrl\":\"https:\\\/\\\/www.eldiario.net\\\/portal\\\/wp-content\\\/uploads\\\/2024\\\/06\\\/P-3-15-cm-x-7-2.jpg\",\"datePublished\":\"2024-06-16T10:21:42+00:00\",\"breadcrumb\":{\"@id\":\"https:\\\/\\\/www.eldiario.net\\\/portal\\\/2024\\\/06\\\/16\\\/aprueban-resolucion-de-apoyo-a-zongo-tariquia-y-rio-maniqui\\\/#breadcrumb\"},\"inLanguage\":\"es\",\"potentialAction\":[{\"@type\":\"ReadAction\",\"target\":[\"https:\\\/\\\/www.eldiario.net\\\/portal\\\/2024\\\/06\\\/16\\\/aprueban-resolucion-de-apoyo-a-zongo-tariquia-y-rio-maniqui\\\/\"]}]},{\"@type\":\"ImageObject\",\"inLanguage\":\"es\",\"@id\":\"https:\\\/\\\/www.eldiario.net\\\/portal\\\/2024\\\/06\\\/16\\\/aprueban-resolucion-de-apoyo-a-zongo-tariquia-y-rio-maniqui\\\/#primaryimage\",\"url\":\"https:\\\/\\\/www.eldiario.net\\\/portal\\\/wp-content\\\/uploads\\\/2024\\\/06\\\/P-3-15-cm-x-7-2.jpg\",\"contentUrl\":\"https:\\\/\\\/www.eldiario.net\\\/portal\\\/wp-content\\\/uploads\\\/2024\\\/06\\\/P-3-15-cm-x-7-2.jpg\",\"width\":720,\"height\":399,\"caption\":\"Comunarios de Tariquia. Foto: Sumando Voces\"},{\"@type\":\"BreadcrumbList\",\"@id\":\"https:\\\/\\\/www.eldiario.net\\\/portal\\\/2024\\\/06\\\/16\\\/aprueban-resolucion-de-apoyo-a-zongo-tariquia-y-rio-maniqui\\\/#breadcrumb\",\"itemListElement\":[{\"@type\":\"ListItem\",\"position\":1,\"name\":\"Portada\",\"item\":\"https:\\\/\\\/www.eldiario.net\\\/portal\\\/\"},{\"@type\":\"ListItem\",\"position\":2,\"name\":\"Aprueban resoluci\u00f3n de apoyo a Zongo, Tariqu\u00eda y r\u00edo Maniqu\u00ed\"}]},{\"@type\":\"WebSite\",\"@id\":\"https:\\\/\\\/www.eldiario.net\\\/portal\\\/#website\",\"url\":\"https:\\\/\\\/www.eldiario.net\\\/portal\\\/\",\"name\":\"El Diario - Decano de la prensa nacional\",\"description\":\"El Diario - Decano de la prensa nacional\",\"publisher\":{\"@id\":\"https:\\\/\\\/www.eldiario.net\\\/portal\\\/#organization\"},\"potentialAction\":[{\"@type\":\"SearchAction\",\"target\":{\"@type\":\"EntryPoint\",\"urlTemplate\":\"https:\\\/\\\/www.eldiario.net\\\/portal\\\/?s={search_term_string}\"},\"query-input\":{\"@type\":\"PropertyValueSpecification\",\"valueRequired\":true,\"valueName\":\"search_term_string\"}}],\"inLanguage\":\"es\"},{\"@type\":\"Organization\",\"@id\":\"https:\\\/\\\/www.eldiario.net\\\/portal\\\/#organization\",\"name\":\"El Diario - Decano de la prensa nacional\",\"url\":\"https:\\\/\\\/www.eldiario.net\\\/portal\\\/\",\"logo\":{\"@type\":\"ImageObject\",\"inLanguage\":\"es\",\"@id\":\"https:\\\/\\\/www.eldiario.net\\\/portal\\\/#\\\/schema\\\/logo\\\/image\\\/\",\"url\":\"https:\\\/\\\/www.eldiario.net\\\/portal\\\/wp-content\\\/uploads\\\/2023\\\/07\\\/logo_ED.jpg\",\"contentUrl\":\"https:\\\/\\\/www.eldiario.net\\\/portal\\\/wp-content\\\/uploads\\\/2023\\\/07\\\/logo_ED.jpg\",\"width\":272,\"height\":52,\"caption\":\"El Diario - Decano de la prensa nacional\"},\"image\":{\"@id\":\"https:\\\/\\\/www.eldiario.net\\\/portal\\\/#\\\/schema\\\/logo\\\/image\\\/\"},\"sameAs\":[\"https:\\\/\\\/www.facebook.com\\\/eldiario.bolivia\\\/\",\"https:\\\/\\\/x.com\\\/eldiario_net\"]},{\"@type\":\"Person\",\"@id\":\"https:\\\/\\\/www.eldiario.net\\\/portal\\\/#\\\/schema\\\/person\\\/f46445640444750d7d753ccd04ae01b7\",\"name\":\"Jeanette\",\"image\":{\"@type\":\"ImageObject\",\"inLanguage\":\"es\",\"@id\":\"https:\\\/\\\/secure.gravatar.com\\\/avatar\\\/3ea2118a5f7dad2b7138b1187a6b7ee55f160b9968b66013c3a3ef39dd7e5798?s=96&d=mm&r=g\",\"url\":\"https:\\\/\\\/secure.gravatar.com\\\/avatar\\\/3ea2118a5f7dad2b7138b1187a6b7ee55f160b9968b66013c3a3ef39dd7e5798?s=96&d=mm&r=g\",\"contentUrl\":\"https:\\\/\\\/secure.gravatar.com\\\/avatar\\\/3ea2118a5f7dad2b7138b1187a6b7ee55f160b9968b66013c3a3ef39dd7e5798?s=96&d=mm&r=g\",\"caption\":\"Jeanette\"},\"sameAs\":[\"https:\\\/\\\/www.eldiario.net\\\/portal\"],\"url\":\"https:\\\/\\\/www.eldiario.net\\\/portal\\\/author\\\/jeanette\\\/\"}]}<\/script>\n<!-- \/ Yoast SEO plugin. -->","yoast_head_json":{"title":"Aprueban resoluci\u00f3n de apoyo a Zongo, Tariqu\u00eda y r\u00edo Maniqu\u00ed - El Diario - Bolivia","robots":{"index":"index","follow":"follow","max-snippet":"max-snippet:-1","max-image-preview":"max-image-preview:large","max-video-preview":"max-video-preview:-1"},"canonical":"https:\/\/www.eldiario.net\/portal\/2024\/06\/16\/aprueban-resolucion-de-apoyo-a-zongo-tariquia-y-rio-maniqui\/","og_locale":"es_ES","og_type":"article","og_title":"Aprueban resoluci\u00f3n de apoyo a Zongo, Tariqu\u00eda y r\u00edo Maniqu\u00ed - El Diario - Bolivia","og_description":"Las luchas locales tuvieron su espacio en el Foro Social Panamaz\u00f3nico (Fospa), que concluy\u00f3 ayer Rurrenabaque y San Buenaventura. En ese marco, recibieron apoyo la defensa de las comunidades de Zongo frente a la miner\u00eda ilegal, la protecci\u00f3n de Tariquia frente al avance de las petroleras, la defensa del medio ambiente ante la construcci\u00f3n de [&hellip;]","og_url":"https:\/\/www.eldiario.net\/portal\/2024\/06\/16\/aprueban-resolucion-de-apoyo-a-zongo-tariquia-y-rio-maniqui\/","og_site_name":"El Diario - Bolivia","article_publisher":"https:\/\/www.facebook.com\/eldiario.bolivia\/","article_published_time":"2024-06-16T10:21:42+00:00","og_image":[{"width":720,"height":399,"url":"https:\/\/www.eldiario.net\/portal\/wp-content\/uploads\/2024\/06\/P-3-15-cm-x-7-2.jpg","type":"image\/jpeg"}],"author":"Jeanette","twitter_card":"summary_large_image","twitter_creator":"@eldiario_net","twitter_site":"@eldiario_net","twitter_misc":{"Escrito por":"Jeanette","Tiempo de lectura":"3 minutos"},"schema":{"@context":"https:\/\/schema.org","@graph":[{"@type":"Article","@id":"https:\/\/www.eldiario.net\/portal\/2024\/06\/16\/aprueban-resolucion-de-apoyo-a-zongo-tariquia-y-rio-maniqui\/#article","isPartOf":{"@id":"https:\/\/www.eldiario.net\/portal\/2024\/06\/16\/aprueban-resolucion-de-apoyo-a-zongo-tariquia-y-rio-maniqui\/"},"author":{"name":"Jeanette","@id":"https:\/\/www.eldiario.net\/portal\/#\/schema\/person\/f46445640444750d7d753ccd04ae01b7"},"headline":"Aprueban resoluci\u00f3n de apoyo a Zongo, Tariqu\u00eda y r\u00edo Maniqu\u00ed","datePublished":"2024-06-16T10:21:42+00:00","mainEntityOfPage":{"@id":"https:\/\/www.eldiario.net\/portal\/2024\/06\/16\/aprueban-resolucion-de-apoyo-a-zongo-tariquia-y-rio-maniqui\/"},"wordCount":631,"commentCount":0,"publisher":{"@id":"https:\/\/www.eldiario.net\/portal\/#organization"},"image":{"@id":"https:\/\/www.eldiario.net\/portal\/2024\/06\/16\/aprueban-resolucion-de-apoyo-a-zongo-tariquia-y-rio-maniqui\/#primaryimage"},"thumbnailUrl":"https:\/\/www.eldiario.net\/portal\/wp-content\/uploads\/2024\/06\/P-3-15-cm-x-7-2.jpg","articleSection":["Portada"],"inLanguage":"es","potentialAction":[{"@type":"CommentAction","name":"Comment","target":["https:\/\/www.eldiario.net\/portal\/2024\/06\/16\/aprueban-resolucion-de-apoyo-a-zongo-tariquia-y-rio-maniqui\/#respond"]}]},{"@type":"WebPage","@id":"https:\/\/www.eldiario.net\/portal\/2024\/06\/16\/aprueban-resolucion-de-apoyo-a-zongo-tariquia-y-rio-maniqui\/","url":"https:\/\/www.eldiario.net\/portal\/2024\/06\/16\/aprueban-resolucion-de-apoyo-a-zongo-tariquia-y-rio-maniqui\/","name":"Aprueban resoluci\u00f3n de apoyo a Zongo, Tariqu\u00eda y r\u00edo Maniqu\u00ed - El Diario - Bolivia","isPartOf":{"@id":"https:\/\/www.eldiario.net\/portal\/#website"},"primaryImageOfPage":{"@id":"https:\/\/www.eldiario.net\/portal\/2024\/06\/16\/aprueban-resolucion-de-apoyo-a-zongo-tariquia-y-rio-maniqui\/#primaryimage"},"image":{"@id":"https:\/\/www.eldiario.net\/portal\/2024\/06\/16\/aprueban-resolucion-de-apoyo-a-zongo-tariquia-y-rio-maniqui\/#primaryimage"},"thumbnailUrl":"https:\/\/www.eldiario.net\/portal\/wp-content\/uploads\/2024\/06\/P-3-15-cm-x-7-2.jpg","datePublished":"2024-06-16T10:21:42+00:00","breadcrumb":{"@id":"https:\/\/www.eldiario.net\/portal\/2024\/06\/16\/aprueban-resolucion-de-apoyo-a-zongo-tariquia-y-rio-maniqui\/#breadcrumb"},"inLanguage":"es","potentialAction":[{"@type":"ReadAction","target":["https:\/\/www.eldiario.net\/portal\/2024\/06\/16\/aprueban-resolucion-de-apoyo-a-zongo-tariquia-y-rio-maniqui\/"]}]},{"@type":"ImageObject","inLanguage":"es","@id":"https:\/\/www.eldiario.net\/portal\/2024\/06\/16\/aprueban-resolucion-de-apoyo-a-zongo-tariquia-y-rio-maniqui\/#primaryimage","url":"https:\/\/www.eldiario.net\/portal\/wp-content\/uploads\/2024\/06\/P-3-15-cm-x-7-2.jpg","contentUrl":"https:\/\/www.eldiario.net\/portal\/wp-content\/uploads\/2024\/06\/P-3-15-cm-x-7-2.jpg","width":720,"height":399,"caption":"Comunarios de Tariquia. Foto: Sumando Voces"},{"@type":"BreadcrumbList","@id":"https:\/\/www.eldiario.net\/portal\/2024\/06\/16\/aprueban-resolucion-de-apoyo-a-zongo-tariquia-y-rio-maniqui\/#breadcrumb","itemListElement":[{"@type":"ListItem","position":1,"name":"Portada","item":"https:\/\/www.eldiario.net\/portal\/"},{"@type":"ListItem","position":2,"name":"Aprueban resoluci\u00f3n de apoyo a Zongo, Tariqu\u00eda y r\u00edo Maniqu\u00ed"}]},{"@type":"WebSite","@id":"https:\/\/www.eldiario.net\/portal\/#website","url":"https:\/\/www.eldiario.net\/portal\/","name":"El Diario - Decano de la prensa nacional","description":"El Diario - Decano de la prensa nacional","publisher":{"@id":"https:\/\/www.eldiario.net\/portal\/#organization"},"potentialAction":[{"@type":"SearchAction","target":{"@type":"EntryPoint","urlTemplate":"https:\/\/www.eldiario.net\/portal\/?s={search_term_string}"},"query-input":{"@type":"PropertyValueSpecification","valueRequired":true,"valueName":"search_term_string"}}],"inLanguage":"es"},{"@type":"Organization","@id":"https:\/\/www.eldiario.net\/portal\/#organization","name":"El Diario - Decano de la prensa nacional","url":"https:\/\/www.eldiario.net\/portal\/","logo":{"@type":"ImageObject","inLanguage":"es","@id":"https:\/\/www.eldiario.net\/portal\/#\/schema\/logo\/image\/","url":"https:\/\/www.eldiario.net\/portal\/wp-content\/uploads\/2023\/07\/logo_ED.jpg","contentUrl":"https:\/\/www.eldiario.net\/portal\/wp-content\/uploads\/2023\/07\/logo_ED.jpg","width":272,"height":52,"caption":"El Diario - Decano de la prensa nacional"},"image":{"@id":"https:\/\/www.eldiario.net\/portal\/#\/schema\/logo\/image\/"},"sameAs":["https:\/\/www.facebook.com\/eldiario.bolivia\/","https:\/\/x.com\/eldiario_net"]},{"@type":"Person","@id":"https:\/\/www.eldiario.net\/portal\/#\/schema\/person\/f46445640444750d7d753ccd04ae01b7","name":"Jeanette","image":{"@type":"ImageObject","inLanguage":"es","@id":"https:\/\/secure.gravatar.com\/avatar\/3ea2118a5f7dad2b7138b1187a6b7ee55f160b9968b66013c3a3ef39dd7e5798?s=96&d=mm&r=g","url":"https:\/\/secure.gravatar.com\/avatar\/3ea2118a5f7dad2b7138b1187a6b7ee55f160b9968b66013c3a3ef39dd7e5798?s=96&d=mm&r=g","contentUrl":"https:\/\/secure.gravatar.com\/avatar\/3ea2118a5f7dad2b7138b1187a6b7ee55f160b9968b66013c3a3ef39dd7e5798?s=96&d=mm&r=g","caption":"Jeanette"},"sameAs":["https:\/\/www.eldiario.net\/portal"],"url":"https:\/\/www.eldiario.net\/portal\/author\/jeanette\/"}]}},"_links":{"self":[{"href":"https:\/\/www.eldiario.net\/portal\/wp-json\/wp\/v2\/posts\/227425","targetHints":{"allow":["GET"]}}],"collection":[{"href":"https:\/\/www.eldiario.net\/portal\/wp-json\/wp\/v2\/posts"}],"about":[{"href":"https:\/\/www.eldiario.net\/portal\/wp-json\/wp\/v2\/types\/post"}],"author":[{"embeddable":true,"href":"https:\/\/www.eldiario.net\/portal\/wp-json\/wp\/v2\/users\/1"}],"replies":[{"embeddable":true,"href":"https:\/\/www.eldiario.net\/portal\/wp-json\/wp\/v2\/comments?post=227425"}],"version-history":[{"count":1,"href":"https:\/\/www.eldiario.net\/portal\/wp-json\/wp\/v2\/posts\/227425\/revisions"}],"predecessor-version":[{"id":227427,"href":"https:\/\/www.eldiario.net\/portal\/wp-json\/wp\/v2\/posts\/227425\/revisions\/227427"}],"wp:featuredmedia":[{"embeddable":true,"href":"https:\/\/www.eldiario.net\/portal\/wp-json\/wp\/v2\/media\/227426"}],"wp:attachment":[{"href":"https:\/\/www.eldiario.net\/portal\/wp-json\/wp\/v2\/media?parent=227425"}],"wp:term":[{"taxonomy":"category","embeddable":true,"href":"https:\/\/www.eldiario.net\/portal\/wp-json\/wp\/v2\/categories?post=227425"},{"taxonomy":"post_tag","embeddable":true,"href":"https:\/\/www.eldiario.net\/portal\/wp-json\/wp\/v2\/tags?post=227425"}],"curies":[{"name":"wp","href":"https:\/\/api.w.org\/{rel}","templated":true}]}}