{"id":227378,"date":"2024-06-15T07:45:45","date_gmt":"2024-06-15T11:45:45","guid":{"rendered":"https:\/\/www.eldiario.net\/portal\/?p=227378"},"modified":"2024-06-15T07:45:45","modified_gmt":"2024-06-15T11:45:45","slug":"investigadores-indigenas-se-reencuentran-con-el-legado-de-sus-pueblos-en-europa","status":"publish","type":"post","link":"https:\/\/www.eldiario.net\/portal\/2024\/06\/15\/investigadores-indigenas-se-reencuentran-con-el-legado-de-sus-pueblos-en-europa\/","title":{"rendered":"Investigadores ind\u00edgenas se reencuentran  con el legado de sus pueblos en Europa"},"content":{"rendered":"<p>En un esfuerzo por establecer puentes entre el presente y el pasado, desde el 1 de junio investigadores de los pueblos de la Amazonia boliviana y brasile\u00f1a se encuentran visitando diferentes museos antropol\u00f3gicos: la Colecci\u00f3n de las Am\u00e9ricas de la Universidad de Bonn, el Museo de las Culturas del Mundo de Frankfurt, el Museo Etnol\u00f3gico de Dresden en Alemania y el Museo de las Culturas del Mundo en Gotemburgo, Suecia.<\/p>\n<p>Estos espacios se han abierto para que los investigadores puedan trabajar con objetos recolectados en sus territorios desde hace m\u00e1s de un siglo. A trav\u00e9s de estas piezas, se puede apreciar la sabidur\u00eda ind\u00edgena en el uso de recursos naturales para la elaboraci\u00f3n de los materiales.<\/p>\n<p>\u201cHemos podido ver, tocar y trabajar con objetos muy antiguos hechos por nuestros ancestros. Hemos preguntado y nos han explicado c\u00f3mo han sido tra\u00eddos y conservados en el museo de Frankfurt\u201d, explica Ariel Pache, investigador del pueblo Tsimane.<\/p>\n<p>Esta iniciativa, financiada por la Fundaci\u00f3n Volkswagen, forma parte del proyecto \u201cPatrimonio y Territorialidad: Percepciones Pasadas, Presentes y Futuras entre los Tacana, Tsimane\u2019 Moset\u00e9n y Waiwai\u201d, realizado por la Universidad de Bonn en Alemania y Wildlife Conservation Society (WCS) de Bolivia, en colaboraci\u00f3n con la Universidad de Manaus en Brasil, el Consejo Ind\u00edgena del Pueblo Tacana (CIPTA), el Consejo Regional Tsimane\u2019 Moset\u00e9n (CRTM) y la Organizaci\u00f3n de Comunidades Ind\u00edgenas Tacana de Ballivi\u00e1n (OCITB).<\/p>\n<p>Este proyecto, que se realiza en colaboraci\u00f3n con WCS Bolivia, busca consolidar sus conceptos de patrimonio con base en estudios transdisciplinarios, en un di\u00e1logo entre arqueolog\u00eda, ecolog\u00eda, antropolog\u00eda y materialidades.<\/p>\n<p>Carla Jaimes Betancourt, PhD, profesora de Patrimonio Cultural de las Am\u00e9ricas en la Universidad de Bonn, explica que la importancia de esta visita radica en comprender el rol de los objetos en los museos europeos para contribuir a la construcci\u00f3n del concepto de patrimonio en los territorios ind\u00edgenas. \u201cPara nosotros era crucial que los investigadores comunales sean protagonistas en la investigaci\u00f3n respecto a sus propias percepciones sobre su significado y su importancia de lo que consideran patrimonio\u201d, dijo.<\/p>\n<p>Kantuta Lara Delgado, coordinadora de Asuntos Sociales y Culturales del Programa de Conservaci\u00f3n de WCS Bolivia, detalla que a partir del an\u00e1lisis de lo que significa patrimonio para las distintas culturas se construir\u00e1n planes de gesti\u00f3n del patrimonio biocultural en los que cada una de las comunidades decidir\u00e1 el futuro de su legado cultural.<\/p>\n<p>La delegaci\u00f3n boliviana est\u00e1 compuesta por los investigadores ind\u00edgenas comunales Juan Gabriel Supa Uncubich de la comunidad San Miguel del Bala, Gladys Ybaguari Quenevo de Tumupasa y Max Ecueibary Mamio de Macahua, designados por el Consejo Ind\u00edgena del Pueblo Tacana (CIPTA); Ariel Pache Canchi de Alto Colorado, Jos\u00e9 Caimani Josesito y Luc\u00eda Canare Nate de la comunidad de Asunci\u00f3n del Quiquivey, designados por el Consejo Regional Tsiman\u00e9 Moset\u00e9n (CRTM); y Milton Marupa Rimba de la comunidad de San Marcos en representaci\u00f3n de la Organizaci\u00f3n de Comunidades Ind\u00edgenas Tacanas de Ballivi\u00e1n (OCITB). Desde Brasil participan los doctorantes de antropolog\u00eda Jaime Wai Wai, Alexandre Souza y el artesano Yapoxi Wai Wai.<\/p>\n<p><strong>TRABAJO EN LOS MUSEOS DE EUROPA<\/strong><\/p>\n<p>Durante sus primeros d\u00edas en Europa, los investigadores Tsimane\u2019 Moset\u00e9n y Tacana han tenido la oportunidad de reencontrarse con los objetos recolectados en sus territorios por la antrop\u00f3loga alemana Karin Hissink hace 70 a\u00f1os y conocer la historia y las razones de por qu\u00e9 estos objetos fueron recolectados. Los investigadores no solo pudieron observar estos objetos, sino tambi\u00e9n tocarlos y manipularlos para establecer un v\u00ednculo m\u00e1s directo con aquellos trabajos realizados por sus abuelos.<\/p>\n<p>En Dresden, los investigadores del pueblo ind\u00edgena Waiwai de Brasil realizaron un trabajo similar, observando y estudiando diferentes objetos tra\u00eddos desde su territorio hace m\u00e1s de un siglo. Este proceso no solo les permite volver a conectarse con objetos elaborados por sus antepasados, sino tambi\u00e9n evaluar las continuidades y transformaciones en sus pr\u00e1cticas culturales propias.<\/p>\n<p>La metodolog\u00eda planteada funciona como un \u201cmotor de memoria\u201d para los investigadores, quienes pueden inspirarse y reconectarse con las tradiciones y conocimientos ancestrales. Antes de iniciar la gira, los investigadores ind\u00edgenas revisaron los cat\u00e1logos y fotos de los objetos, dialogaron y priorizaron en sus comunidades los objetos que ser\u00edan analizados. \u201cEn el trabajo de campo, en 2022 y 2023, los investigadores describieron la forma de elaboraci\u00f3n de los objetos y sus significados. En la visita aprecian t\u00e9cnicas que ya no se practican en su elaboraci\u00f3n, pero que permiten reconectarse con la sabidur\u00eda ancestral\u201d, complementa Lara.<\/p>\n<p><strong>TRANSMISI\u00d3N EN VIVO<\/strong><\/p>\n<p>Aprovechando la tecnolog\u00eda disponible, se planific\u00f3 la transmisi\u00f3n en vivo, estableciendo un puente virtual que permite a las comunidades ind\u00edgenas Tacana y Tsimane\u2019 interactuar con los investigadores y sabios de las comunidades para analizar conjuntamente la vida de algunos objetos. Se espera que se creen nexos entre los museos y las organizaciones ind\u00edgenas a favor de revalorizar sus pr\u00e1cticas culturales.<\/p>\n<p>Como resultado de la primera transmisi\u00f3n con el pueblo Tacana, se resalt\u00f3 que los objetos no son lo m\u00e1s importante en s\u00ed mismos, sino que a trav\u00e9s de ellos se puede apreciar la sabidur\u00eda ind\u00edgena en el uso de recursos naturales para la elaboraci\u00f3n de los materiales.<\/p>\n<p>La traves\u00eda de estos investigadores continuar\u00e1 en Gotemburgo, donde seguir\u00e1n explorando y profundizando el legado material de sus pueblos en el Museo Entogr\u00e1fico y donde se encontrar\u00e1n con objetos recolectados por el etn\u00f3logo y antrop\u00f3logo sueco Adolf Erik Nordenski\u00f6ld en sus viajes por Latinoam\u00e9rica a fines del Siglo XIX y principios del XX.<\/p>\n<p><strong>CONTACTOS<\/strong><\/p>\n<p>Prof. Dr. Carla Jaimes Betancourt, Institute of Archaeology and Cultural Anthropology Department for Anthropology of the Americas University of Bonn<\/p>\n<p>Oxford str. 1553111 Bonn Tel. +49 228 734446<\/p>\n<p>E-mail: cjaimes@uni-bonn.dewww.iak.uni-bonn.de\/aaProject: https:\/\/iak.uni-bonn.de\/herritage-and-territoriality<\/p>\n<p>https:\/\/amerigrafias.wordpress.com\/heritage-territoriality\/<\/p>\n<p>Kantuta Lara<\/p>\n<p>Coordinadora de Asuntos Sociales y Culturales<\/p>\n<p>Wildlife Conservation Society Bolivia<\/p>\n<p>Jaime Mendoza N\u00b0 987, Bloque 10, Torre Soleil, San Miguel.<\/p>\n<p>Email: klara@wcs.org<\/p>\n<p>Tel: +591 22117969<\/p>\n\r\n                <style type=\"text\/css\">\r\n                    \r\n                    #tdi_1  .td-doubleSlider-2 .td-item1 {\r\n                        background: url(https:\/\/www.eldiario.net\/portal\/wp-content\/uploads\/2024\/06\/1PRINCIPAL-7-80x60.jpg) 0 0 no-repeat;\r\n                    }\r\n                    #tdi_1  .td-doubleSlider-2 .td-item2 {\r\n                        background: url(https:\/\/www.eldiario.net\/portal\/wp-content\/uploads\/2024\/06\/2-6-80x60.jpg) 0 0 no-repeat;\r\n                    }\r\n                    #tdi_1  .td-doubleSlider-2 .td-item3 {\r\n                        background: url(https:\/\/www.eldiario.net\/portal\/wp-content\/uploads\/2024\/06\/3-5-80x60.jpg) 0 0 no-repeat;\r\n                    }\r\n                <\/style>\r\n\r\n                <div id=\"tdi_1\" class=\"td-gallery td-slide-on-2-columns\">\r\n                    <div class=\"post_td_gallery\">\r\n                        <div class=\"td-gallery-slide-top\">\r\n                           <div class=\"td-gallery-title\"><\/div>\r\n\r\n                            <div class=\"td-gallery-controls-wrapper\">\r\n                                <div class=\"td-gallery-slide-count\"><span class=\"td-gallery-slide-item-focus\">1<\/span> de 3<\/div>\r\n                                <div class=\"td-gallery-slide-prev-next-but\">\r\n                                    <i class = \"td-icon-left doubleSliderPrevButton\"><\/i>\r\n                                    <i class = \"td-icon-right doubleSliderNextButton\"><\/i>\r\n                                <\/div>\r\n                            <\/div>\r\n                        <\/div>\r\n\r\n                        <div class = \"td-doubleSlider-1 \">\r\n                            <div class = \"td-slider\">\r\n                                \r\n                    <div class = \"td-slide-item td-item1\">\r\n                        <figure class=\"td-slide-galery-figure td-slide-popup-gallery\">\r\n                            <a class=\"slide-gallery-image-link\" href=\"https:\/\/www.eldiario.net\/portal\/wp-content\/uploads\/2024\/06\/1PRINCIPAL-7.jpg\" title=\"1PRINCIPAL\"  data-caption=\"\"  data-description=\"\">\r\n                                <img decoding=\"async\" src=\"https:\/\/www.eldiario.net\/portal\/wp-content\/uploads\/2024\/06\/1PRINCIPAL-7-840x420.jpg\" srcset=\"https:\/\/www.eldiario.net\/portal\/wp-content\/uploads\/2024\/06\/1PRINCIPAL-7-840x420.jpg 840w, https:\/\/www.eldiario.net\/portal\/wp-content\/uploads\/2024\/06\/1PRINCIPAL-7-300x150.jpg 300w, https:\/\/www.eldiario.net\/portal\/wp-content\/uploads\/2024\/06\/1PRINCIPAL-7-1024x512.jpg 1024w, https:\/\/www.eldiario.net\/portal\/wp-content\/uploads\/2024\/06\/1PRINCIPAL-7-768x384.jpg 768w, https:\/\/www.eldiario.net\/portal\/wp-content\/uploads\/2024\/06\/1PRINCIPAL-7-696x348.jpg 696w, https:\/\/www.eldiario.net\/portal\/wp-content\/uploads\/2024\/06\/1PRINCIPAL-7-1068x534.jpg 1068w, https:\/\/www.eldiario.net\/portal\/wp-content\/uploads\/2024\/06\/1PRINCIPAL-7.jpg 1200w\" sizes=\"(max-width: 840px) 100vw, 840px\" alt=\"\">\r\n                            <\/a>\r\n                            \r\n                        <\/figure>\r\n                    <\/div>\r\n                    <div class = \"td-slide-item td-item2\">\r\n                        <figure class=\"td-slide-galery-figure td-slide-popup-gallery\">\r\n                            <a class=\"slide-gallery-image-link\" href=\"https:\/\/www.eldiario.net\/portal\/wp-content\/uploads\/2024\/06\/2-6.jpg\" title=\"2\"  data-caption=\"\"  data-description=\"\">\r\n                                <img decoding=\"async\" src=\"https:\/\/www.eldiario.net\/portal\/wp-content\/uploads\/2024\/06\/2-6-630x420.jpg\" srcset=\"https:\/\/www.eldiario.net\/portal\/wp-content\/uploads\/2024\/06\/2-6-630x420.jpg 630w, https:\/\/www.eldiario.net\/portal\/wp-content\/uploads\/2024\/06\/2-6-300x200.jpg 300w, https:\/\/www.eldiario.net\/portal\/wp-content\/uploads\/2024\/06\/2-6-1024x683.jpg 1024w, https:\/\/www.eldiario.net\/portal\/wp-content\/uploads\/2024\/06\/2-6-768x512.jpg 768w, https:\/\/www.eldiario.net\/portal\/wp-content\/uploads\/2024\/06\/2-6-696x464.jpg 696w, https:\/\/www.eldiario.net\/portal\/wp-content\/uploads\/2024\/06\/2-6-1068x712.jpg 1068w, https:\/\/www.eldiario.net\/portal\/wp-content\/uploads\/2024\/06\/2-6.jpg 1200w\" sizes=\"(max-width: 630px) 100vw, 630px\" alt=\"\">\r\n                            <\/a>\r\n                            \r\n                        <\/figure>\r\n                    <\/div>\r\n                    <div class = \"td-slide-item td-item3\">\r\n                        <figure class=\"td-slide-galery-figure td-slide-popup-gallery\">\r\n                            <a class=\"slide-gallery-image-link\" href=\"https:\/\/www.eldiario.net\/portal\/wp-content\/uploads\/2024\/06\/3-5.jpg\" title=\"3\"  data-caption=\"\"  data-description=\"\">\r\n                                <img decoding=\"async\" src=\"https:\/\/www.eldiario.net\/portal\/wp-content\/uploads\/2024\/06\/3-5-630x420.jpg\" srcset=\"https:\/\/www.eldiario.net\/portal\/wp-content\/uploads\/2024\/06\/3-5-630x420.jpg 630w, https:\/\/www.eldiario.net\/portal\/wp-content\/uploads\/2024\/06\/3-5-300x200.jpg 300w, https:\/\/www.eldiario.net\/portal\/wp-content\/uploads\/2024\/06\/3-5-1024x683.jpg 1024w, https:\/\/www.eldiario.net\/portal\/wp-content\/uploads\/2024\/06\/3-5-768x512.jpg 768w, https:\/\/www.eldiario.net\/portal\/wp-content\/uploads\/2024\/06\/3-5-696x464.jpg 696w, https:\/\/www.eldiario.net\/portal\/wp-content\/uploads\/2024\/06\/3-5-1068x712.jpg 1068w, https:\/\/www.eldiario.net\/portal\/wp-content\/uploads\/2024\/06\/3-5.jpg 1200w\" sizes=\"(max-width: 630px) 100vw, 630px\" alt=\"\">\r\n                            <\/a>\r\n                            \r\n                        <\/figure>\r\n                    <\/div>\r\n                            <\/div>\r\n                        <\/div>\r\n\r\n                        <div class = \"td-doubleSlider-2\">\r\n                            <div class = \"td-slider\">\r\n                                \r\n                    <div class = \"td-button td-item1\">\r\n                        <div class = \"td-border\"><\/div>\r\n                    <\/div>\r\n                    <div class = \"td-button td-item2\">\r\n                        <div class = \"td-border\"><\/div>\r\n                    <\/div>\r\n                    <div class = \"td-button td-item3\">\r\n                        <div class = \"td-border\"><\/div>\r\n                    <\/div>\r\n                            <\/div>\r\n                        <\/div>\r\n\r\n                    <\/div>\r\n\r\n                <\/div>\r\n                \n<p>&nbsp;<\/p>\n","protected":false},"excerpt":{"rendered":"<p>En un esfuerzo por establecer puentes entre el presente y el pasado, desde el 1 de junio investigadores de los pueblos de la Amazonia boliviana y brasile\u00f1a se encuentran visitando diferentes museos antropol\u00f3gicos: la Colecci\u00f3n de las Am\u00e9ricas de la Universidad de Bonn, el Museo de las Culturas del Mundo de Frankfurt, el Museo Etnol\u00f3gico [&hellip;]<\/p>\n","protected":false},"author":1,"featured_media":227379,"comment_status":"open","ping_status":"open","sticky":false,"template":"","format":"standard","meta":{"_acf_changed":false,"footnotes":""},"categories":[41],"tags":[],"class_list":["post-227378","post","type-post","status-publish","format-standard","has-post-thumbnail","category-la-guia"],"acf":{"antetitulo":""},"yoast_head":"<!-- This site is optimized with the Yoast SEO plugin v28.3 - https:\/\/yoast.com\/product\/yoast-seo-wordpress\/ -->\n<title>Investigadores ind\u00edgenas se reencuentran con el legado de sus pueblos en Europa - El Diario - Bolivia<\/title>\n<meta name=\"robots\" content=\"index, follow, max-snippet:-1, max-image-preview:large, max-video-preview:-1\" \/>\n<link rel=\"canonical\" href=\"https:\/\/www.eldiario.net\/portal\/2024\/06\/15\/investigadores-indigenas-se-reencuentran-con-el-legado-de-sus-pueblos-en-europa\/\" \/>\n<meta property=\"og:locale\" content=\"es_ES\" \/>\n<meta property=\"og:type\" content=\"article\" \/>\n<meta property=\"og:title\" content=\"Investigadores ind\u00edgenas se reencuentran con el legado de sus pueblos en Europa - El Diario - Bolivia\" \/>\n<meta property=\"og:description\" content=\"En un esfuerzo por establecer puentes entre el presente y el pasado, desde el 1 de junio investigadores de los pueblos de la Amazonia boliviana y brasile\u00f1a se encuentran visitando diferentes museos antropol\u00f3gicos: la Colecci\u00f3n de las Am\u00e9ricas de la Universidad de Bonn, el Museo de las Culturas del Mundo de Frankfurt, el Museo Etnol\u00f3gico [&hellip;]\" \/>\n<meta property=\"og:url\" content=\"https:\/\/www.eldiario.net\/portal\/2024\/06\/15\/investigadores-indigenas-se-reencuentran-con-el-legado-de-sus-pueblos-en-europa\/\" \/>\n<meta property=\"og:site_name\" content=\"El Diario - Bolivia\" \/>\n<meta property=\"article:publisher\" content=\"https:\/\/www.facebook.com\/eldiario.bolivia\/\" \/>\n<meta property=\"article:published_time\" content=\"2024-06-15T11:45:45+00:00\" \/>\n<meta property=\"og:image\" content=\"https:\/\/www.eldiario.net\/portal\/wp-content\/uploads\/2024\/06\/1PRINCIPAL-7.jpg\" \/>\n\t<meta property=\"og:image:width\" content=\"1200\" \/>\n\t<meta property=\"og:image:height\" content=\"600\" \/>\n\t<meta property=\"og:image:type\" content=\"image\/jpeg\" \/>\n<meta name=\"author\" content=\"Jeanette\" \/>\n<meta name=\"twitter:card\" content=\"summary_large_image\" \/>\n<meta name=\"twitter:creator\" content=\"@eldiario_net\" \/>\n<meta name=\"twitter:site\" content=\"@eldiario_net\" \/>\n<meta name=\"twitter:label1\" content=\"Escrito por\" \/>\n\t<meta name=\"twitter:data1\" content=\"Jeanette\" \/>\n\t<meta name=\"twitter:label2\" content=\"Tiempo de lectura\" \/>\n\t<meta name=\"twitter:data2\" content=\"5 minutos\" \/>\n<script type=\"application\/ld+json\" class=\"yoast-schema-graph\">{\"@context\":\"https:\\\/\\\/schema.org\",\"@graph\":[{\"@type\":\"Article\",\"@id\":\"https:\\\/\\\/www.eldiario.net\\\/portal\\\/2024\\\/06\\\/15\\\/investigadores-indigenas-se-reencuentran-con-el-legado-de-sus-pueblos-en-europa\\\/#article\",\"isPartOf\":{\"@id\":\"https:\\\/\\\/www.eldiario.net\\\/portal\\\/2024\\\/06\\\/15\\\/investigadores-indigenas-se-reencuentran-con-el-legado-de-sus-pueblos-en-europa\\\/\"},\"author\":{\"name\":\"Jeanette\",\"@id\":\"https:\\\/\\\/www.eldiario.net\\\/portal\\\/#\\\/schema\\\/person\\\/f46445640444750d7d753ccd04ae01b7\"},\"headline\":\"Investigadores ind\u00edgenas se reencuentran con el legado de sus pueblos en Europa\",\"datePublished\":\"2024-06-15T11:45:45+00:00\",\"mainEntityOfPage\":{\"@id\":\"https:\\\/\\\/www.eldiario.net\\\/portal\\\/2024\\\/06\\\/15\\\/investigadores-indigenas-se-reencuentran-con-el-legado-de-sus-pueblos-en-europa\\\/\"},\"wordCount\":1062,\"commentCount\":0,\"publisher\":{\"@id\":\"https:\\\/\\\/www.eldiario.net\\\/portal\\\/#organization\"},\"image\":{\"@id\":\"https:\\\/\\\/www.eldiario.net\\\/portal\\\/2024\\\/06\\\/15\\\/investigadores-indigenas-se-reencuentran-con-el-legado-de-sus-pueblos-en-europa\\\/#primaryimage\"},\"thumbnailUrl\":\"https:\\\/\\\/www.eldiario.net\\\/portal\\\/wp-content\\\/uploads\\\/2024\\\/06\\\/1PRINCIPAL-7.jpg\",\"articleSection\":[\"La Gu\u00eda\"],\"inLanguage\":\"es\",\"potentialAction\":[{\"@type\":\"CommentAction\",\"name\":\"Comment\",\"target\":[\"https:\\\/\\\/www.eldiario.net\\\/portal\\\/2024\\\/06\\\/15\\\/investigadores-indigenas-se-reencuentran-con-el-legado-de-sus-pueblos-en-europa\\\/#respond\"]}]},{\"@type\":\"WebPage\",\"@id\":\"https:\\\/\\\/www.eldiario.net\\\/portal\\\/2024\\\/06\\\/15\\\/investigadores-indigenas-se-reencuentran-con-el-legado-de-sus-pueblos-en-europa\\\/\",\"url\":\"https:\\\/\\\/www.eldiario.net\\\/portal\\\/2024\\\/06\\\/15\\\/investigadores-indigenas-se-reencuentran-con-el-legado-de-sus-pueblos-en-europa\\\/\",\"name\":\"Investigadores ind\u00edgenas se reencuentran con el legado de sus pueblos en Europa - El Diario - Bolivia\",\"isPartOf\":{\"@id\":\"https:\\\/\\\/www.eldiario.net\\\/portal\\\/#website\"},\"primaryImageOfPage\":{\"@id\":\"https:\\\/\\\/www.eldiario.net\\\/portal\\\/2024\\\/06\\\/15\\\/investigadores-indigenas-se-reencuentran-con-el-legado-de-sus-pueblos-en-europa\\\/#primaryimage\"},\"image\":{\"@id\":\"https:\\\/\\\/www.eldiario.net\\\/portal\\\/2024\\\/06\\\/15\\\/investigadores-indigenas-se-reencuentran-con-el-legado-de-sus-pueblos-en-europa\\\/#primaryimage\"},\"thumbnailUrl\":\"https:\\\/\\\/www.eldiario.net\\\/portal\\\/wp-content\\\/uploads\\\/2024\\\/06\\\/1PRINCIPAL-7.jpg\",\"datePublished\":\"2024-06-15T11:45:45+00:00\",\"breadcrumb\":{\"@id\":\"https:\\\/\\\/www.eldiario.net\\\/portal\\\/2024\\\/06\\\/15\\\/investigadores-indigenas-se-reencuentran-con-el-legado-de-sus-pueblos-en-europa\\\/#breadcrumb\"},\"inLanguage\":\"es\",\"potentialAction\":[{\"@type\":\"ReadAction\",\"target\":[\"https:\\\/\\\/www.eldiario.net\\\/portal\\\/2024\\\/06\\\/15\\\/investigadores-indigenas-se-reencuentran-con-el-legado-de-sus-pueblos-en-europa\\\/\"]}]},{\"@type\":\"ImageObject\",\"inLanguage\":\"es\",\"@id\":\"https:\\\/\\\/www.eldiario.net\\\/portal\\\/2024\\\/06\\\/15\\\/investigadores-indigenas-se-reencuentran-con-el-legado-de-sus-pueblos-en-europa\\\/#primaryimage\",\"url\":\"https:\\\/\\\/www.eldiario.net\\\/portal\\\/wp-content\\\/uploads\\\/2024\\\/06\\\/1PRINCIPAL-7.jpg\",\"contentUrl\":\"https:\\\/\\\/www.eldiario.net\\\/portal\\\/wp-content\\\/uploads\\\/2024\\\/06\\\/1PRINCIPAL-7.jpg\",\"width\":1200,\"height\":600},{\"@type\":\"BreadcrumbList\",\"@id\":\"https:\\\/\\\/www.eldiario.net\\\/portal\\\/2024\\\/06\\\/15\\\/investigadores-indigenas-se-reencuentran-con-el-legado-de-sus-pueblos-en-europa\\\/#breadcrumb\",\"itemListElement\":[{\"@type\":\"ListItem\",\"position\":1,\"name\":\"Portada\",\"item\":\"https:\\\/\\\/www.eldiario.net\\\/portal\\\/\"},{\"@type\":\"ListItem\",\"position\":2,\"name\":\"Investigadores ind\u00edgenas se reencuentran con el legado de sus pueblos en Europa\"}]},{\"@type\":\"WebSite\",\"@id\":\"https:\\\/\\\/www.eldiario.net\\\/portal\\\/#website\",\"url\":\"https:\\\/\\\/www.eldiario.net\\\/portal\\\/\",\"name\":\"El Diario - Decano de la prensa nacional\",\"description\":\"El Diario - Decano de la prensa nacional\",\"publisher\":{\"@id\":\"https:\\\/\\\/www.eldiario.net\\\/portal\\\/#organization\"},\"potentialAction\":[{\"@type\":\"SearchAction\",\"target\":{\"@type\":\"EntryPoint\",\"urlTemplate\":\"https:\\\/\\\/www.eldiario.net\\\/portal\\\/?s={search_term_string}\"},\"query-input\":{\"@type\":\"PropertyValueSpecification\",\"valueRequired\":true,\"valueName\":\"search_term_string\"}}],\"inLanguage\":\"es\"},{\"@type\":\"Organization\",\"@id\":\"https:\\\/\\\/www.eldiario.net\\\/portal\\\/#organization\",\"name\":\"El Diario - Decano de la prensa nacional\",\"url\":\"https:\\\/\\\/www.eldiario.net\\\/portal\\\/\",\"logo\":{\"@type\":\"ImageObject\",\"inLanguage\":\"es\",\"@id\":\"https:\\\/\\\/www.eldiario.net\\\/portal\\\/#\\\/schema\\\/logo\\\/image\\\/\",\"url\":\"https:\\\/\\\/www.eldiario.net\\\/portal\\\/wp-content\\\/uploads\\\/2023\\\/07\\\/logo_ED.jpg\",\"contentUrl\":\"https:\\\/\\\/www.eldiario.net\\\/portal\\\/wp-content\\\/uploads\\\/2023\\\/07\\\/logo_ED.jpg\",\"width\":272,\"height\":52,\"caption\":\"El Diario - Decano de la prensa nacional\"},\"image\":{\"@id\":\"https:\\\/\\\/www.eldiario.net\\\/portal\\\/#\\\/schema\\\/logo\\\/image\\\/\"},\"sameAs\":[\"https:\\\/\\\/www.facebook.com\\\/eldiario.bolivia\\\/\",\"https:\\\/\\\/x.com\\\/eldiario_net\"]},{\"@type\":\"Person\",\"@id\":\"https:\\\/\\\/www.eldiario.net\\\/portal\\\/#\\\/schema\\\/person\\\/f46445640444750d7d753ccd04ae01b7\",\"name\":\"Jeanette\",\"image\":{\"@type\":\"ImageObject\",\"inLanguage\":\"es\",\"@id\":\"https:\\\/\\\/secure.gravatar.com\\\/avatar\\\/3ea2118a5f7dad2b7138b1187a6b7ee55f160b9968b66013c3a3ef39dd7e5798?s=96&d=mm&r=g\",\"url\":\"https:\\\/\\\/secure.gravatar.com\\\/avatar\\\/3ea2118a5f7dad2b7138b1187a6b7ee55f160b9968b66013c3a3ef39dd7e5798?s=96&d=mm&r=g\",\"contentUrl\":\"https:\\\/\\\/secure.gravatar.com\\\/avatar\\\/3ea2118a5f7dad2b7138b1187a6b7ee55f160b9968b66013c3a3ef39dd7e5798?s=96&d=mm&r=g\",\"caption\":\"Jeanette\"},\"sameAs\":[\"https:\\\/\\\/www.eldiario.net\\\/portal\"],\"url\":\"https:\\\/\\\/www.eldiario.net\\\/portal\\\/author\\\/jeanette\\\/\"}]}<\/script>\n<!-- \/ Yoast SEO plugin. -->","yoast_head_json":{"title":"Investigadores ind\u00edgenas se reencuentran con el legado de sus pueblos en Europa - El Diario - Bolivia","robots":{"index":"index","follow":"follow","max-snippet":"max-snippet:-1","max-image-preview":"max-image-preview:large","max-video-preview":"max-video-preview:-1"},"canonical":"https:\/\/www.eldiario.net\/portal\/2024\/06\/15\/investigadores-indigenas-se-reencuentran-con-el-legado-de-sus-pueblos-en-europa\/","og_locale":"es_ES","og_type":"article","og_title":"Investigadores ind\u00edgenas se reencuentran con el legado de sus pueblos en Europa - El Diario - Bolivia","og_description":"En un esfuerzo por establecer puentes entre el presente y el pasado, desde el 1 de junio investigadores de los pueblos de la Amazonia boliviana y brasile\u00f1a se encuentran visitando diferentes museos antropol\u00f3gicos: la Colecci\u00f3n de las Am\u00e9ricas de la Universidad de Bonn, el Museo de las Culturas del Mundo de Frankfurt, el Museo Etnol\u00f3gico [&hellip;]","og_url":"https:\/\/www.eldiario.net\/portal\/2024\/06\/15\/investigadores-indigenas-se-reencuentran-con-el-legado-de-sus-pueblos-en-europa\/","og_site_name":"El Diario - Bolivia","article_publisher":"https:\/\/www.facebook.com\/eldiario.bolivia\/","article_published_time":"2024-06-15T11:45:45+00:00","og_image":[{"width":1200,"height":600,"url":"https:\/\/www.eldiario.net\/portal\/wp-content\/uploads\/2024\/06\/1PRINCIPAL-7.jpg","type":"image\/jpeg"}],"author":"Jeanette","twitter_card":"summary_large_image","twitter_creator":"@eldiario_net","twitter_site":"@eldiario_net","twitter_misc":{"Escrito por":"Jeanette","Tiempo de lectura":"5 minutos"},"schema":{"@context":"https:\/\/schema.org","@graph":[{"@type":"Article","@id":"https:\/\/www.eldiario.net\/portal\/2024\/06\/15\/investigadores-indigenas-se-reencuentran-con-el-legado-de-sus-pueblos-en-europa\/#article","isPartOf":{"@id":"https:\/\/www.eldiario.net\/portal\/2024\/06\/15\/investigadores-indigenas-se-reencuentran-con-el-legado-de-sus-pueblos-en-europa\/"},"author":{"name":"Jeanette","@id":"https:\/\/www.eldiario.net\/portal\/#\/schema\/person\/f46445640444750d7d753ccd04ae01b7"},"headline":"Investigadores ind\u00edgenas se reencuentran con el legado de sus pueblos en Europa","datePublished":"2024-06-15T11:45:45+00:00","mainEntityOfPage":{"@id":"https:\/\/www.eldiario.net\/portal\/2024\/06\/15\/investigadores-indigenas-se-reencuentran-con-el-legado-de-sus-pueblos-en-europa\/"},"wordCount":1062,"commentCount":0,"publisher":{"@id":"https:\/\/www.eldiario.net\/portal\/#organization"},"image":{"@id":"https:\/\/www.eldiario.net\/portal\/2024\/06\/15\/investigadores-indigenas-se-reencuentran-con-el-legado-de-sus-pueblos-en-europa\/#primaryimage"},"thumbnailUrl":"https:\/\/www.eldiario.net\/portal\/wp-content\/uploads\/2024\/06\/1PRINCIPAL-7.jpg","articleSection":["La Gu\u00eda"],"inLanguage":"es","potentialAction":[{"@type":"CommentAction","name":"Comment","target":["https:\/\/www.eldiario.net\/portal\/2024\/06\/15\/investigadores-indigenas-se-reencuentran-con-el-legado-de-sus-pueblos-en-europa\/#respond"]}]},{"@type":"WebPage","@id":"https:\/\/www.eldiario.net\/portal\/2024\/06\/15\/investigadores-indigenas-se-reencuentran-con-el-legado-de-sus-pueblos-en-europa\/","url":"https:\/\/www.eldiario.net\/portal\/2024\/06\/15\/investigadores-indigenas-se-reencuentran-con-el-legado-de-sus-pueblos-en-europa\/","name":"Investigadores ind\u00edgenas se reencuentran con el legado de sus pueblos en Europa - El Diario - Bolivia","isPartOf":{"@id":"https:\/\/www.eldiario.net\/portal\/#website"},"primaryImageOfPage":{"@id":"https:\/\/www.eldiario.net\/portal\/2024\/06\/15\/investigadores-indigenas-se-reencuentran-con-el-legado-de-sus-pueblos-en-europa\/#primaryimage"},"image":{"@id":"https:\/\/www.eldiario.net\/portal\/2024\/06\/15\/investigadores-indigenas-se-reencuentran-con-el-legado-de-sus-pueblos-en-europa\/#primaryimage"},"thumbnailUrl":"https:\/\/www.eldiario.net\/portal\/wp-content\/uploads\/2024\/06\/1PRINCIPAL-7.jpg","datePublished":"2024-06-15T11:45:45+00:00","breadcrumb":{"@id":"https:\/\/www.eldiario.net\/portal\/2024\/06\/15\/investigadores-indigenas-se-reencuentran-con-el-legado-de-sus-pueblos-en-europa\/#breadcrumb"},"inLanguage":"es","potentialAction":[{"@type":"ReadAction","target":["https:\/\/www.eldiario.net\/portal\/2024\/06\/15\/investigadores-indigenas-se-reencuentran-con-el-legado-de-sus-pueblos-en-europa\/"]}]},{"@type":"ImageObject","inLanguage":"es","@id":"https:\/\/www.eldiario.net\/portal\/2024\/06\/15\/investigadores-indigenas-se-reencuentran-con-el-legado-de-sus-pueblos-en-europa\/#primaryimage","url":"https:\/\/www.eldiario.net\/portal\/wp-content\/uploads\/2024\/06\/1PRINCIPAL-7.jpg","contentUrl":"https:\/\/www.eldiario.net\/portal\/wp-content\/uploads\/2024\/06\/1PRINCIPAL-7.jpg","width":1200,"height":600},{"@type":"BreadcrumbList","@id":"https:\/\/www.eldiario.net\/portal\/2024\/06\/15\/investigadores-indigenas-se-reencuentran-con-el-legado-de-sus-pueblos-en-europa\/#breadcrumb","itemListElement":[{"@type":"ListItem","position":1,"name":"Portada","item":"https:\/\/www.eldiario.net\/portal\/"},{"@type":"ListItem","position":2,"name":"Investigadores ind\u00edgenas se reencuentran con el legado de sus pueblos en Europa"}]},{"@type":"WebSite","@id":"https:\/\/www.eldiario.net\/portal\/#website","url":"https:\/\/www.eldiario.net\/portal\/","name":"El Diario - Decano de la prensa nacional","description":"El Diario - Decano de la prensa nacional","publisher":{"@id":"https:\/\/www.eldiario.net\/portal\/#organization"},"potentialAction":[{"@type":"SearchAction","target":{"@type":"EntryPoint","urlTemplate":"https:\/\/www.eldiario.net\/portal\/?s={search_term_string}"},"query-input":{"@type":"PropertyValueSpecification","valueRequired":true,"valueName":"search_term_string"}}],"inLanguage":"es"},{"@type":"Organization","@id":"https:\/\/www.eldiario.net\/portal\/#organization","name":"El Diario - Decano de la prensa nacional","url":"https:\/\/www.eldiario.net\/portal\/","logo":{"@type":"ImageObject","inLanguage":"es","@id":"https:\/\/www.eldiario.net\/portal\/#\/schema\/logo\/image\/","url":"https:\/\/www.eldiario.net\/portal\/wp-content\/uploads\/2023\/07\/logo_ED.jpg","contentUrl":"https:\/\/www.eldiario.net\/portal\/wp-content\/uploads\/2023\/07\/logo_ED.jpg","width":272,"height":52,"caption":"El Diario - Decano de la prensa nacional"},"image":{"@id":"https:\/\/www.eldiario.net\/portal\/#\/schema\/logo\/image\/"},"sameAs":["https:\/\/www.facebook.com\/eldiario.bolivia\/","https:\/\/x.com\/eldiario_net"]},{"@type":"Person","@id":"https:\/\/www.eldiario.net\/portal\/#\/schema\/person\/f46445640444750d7d753ccd04ae01b7","name":"Jeanette","image":{"@type":"ImageObject","inLanguage":"es","@id":"https:\/\/secure.gravatar.com\/avatar\/3ea2118a5f7dad2b7138b1187a6b7ee55f160b9968b66013c3a3ef39dd7e5798?s=96&d=mm&r=g","url":"https:\/\/secure.gravatar.com\/avatar\/3ea2118a5f7dad2b7138b1187a6b7ee55f160b9968b66013c3a3ef39dd7e5798?s=96&d=mm&r=g","contentUrl":"https:\/\/secure.gravatar.com\/avatar\/3ea2118a5f7dad2b7138b1187a6b7ee55f160b9968b66013c3a3ef39dd7e5798?s=96&d=mm&r=g","caption":"Jeanette"},"sameAs":["https:\/\/www.eldiario.net\/portal"],"url":"https:\/\/www.eldiario.net\/portal\/author\/jeanette\/"}]}},"_links":{"self":[{"href":"https:\/\/www.eldiario.net\/portal\/wp-json\/wp\/v2\/posts\/227378","targetHints":{"allow":["GET"]}}],"collection":[{"href":"https:\/\/www.eldiario.net\/portal\/wp-json\/wp\/v2\/posts"}],"about":[{"href":"https:\/\/www.eldiario.net\/portal\/wp-json\/wp\/v2\/types\/post"}],"author":[{"embeddable":true,"href":"https:\/\/www.eldiario.net\/portal\/wp-json\/wp\/v2\/users\/1"}],"replies":[{"embeddable":true,"href":"https:\/\/www.eldiario.net\/portal\/wp-json\/wp\/v2\/comments?post=227378"}],"version-history":[{"count":1,"href":"https:\/\/www.eldiario.net\/portal\/wp-json\/wp\/v2\/posts\/227378\/revisions"}],"predecessor-version":[{"id":227382,"href":"https:\/\/www.eldiario.net\/portal\/wp-json\/wp\/v2\/posts\/227378\/revisions\/227382"}],"wp:featuredmedia":[{"embeddable":true,"href":"https:\/\/www.eldiario.net\/portal\/wp-json\/wp\/v2\/media\/227379"}],"wp:attachment":[{"href":"https:\/\/www.eldiario.net\/portal\/wp-json\/wp\/v2\/media?parent=227378"}],"wp:term":[{"taxonomy":"category","embeddable":true,"href":"https:\/\/www.eldiario.net\/portal\/wp-json\/wp\/v2\/categories?post=227378"},{"taxonomy":"post_tag","embeddable":true,"href":"https:\/\/www.eldiario.net\/portal\/wp-json\/wp\/v2\/tags?post=227378"}],"curies":[{"name":"wp","href":"https:\/\/api.w.org\/{rel}","templated":true}]}}