{"id":227369,"date":"2024-06-15T07:43:11","date_gmt":"2024-06-15T11:43:11","guid":{"rendered":"https:\/\/www.eldiario.net\/portal\/?p=227369"},"modified":"2024-06-15T07:43:11","modified_gmt":"2024-06-15T11:43:11","slug":"se-definen-los-cupos-a-la-segunda-fase-de-la-copa-simon-bolivar","status":"publish","type":"post","link":"https:\/\/www.eldiario.net\/portal\/2024\/06\/15\/se-definen-los-cupos-a-la-segunda-fase-de-la-copa-simon-bolivar\/","title":{"rendered":"SE DEFINEN LOS CUPOS A LA SEGUNDA FASE DE LA COPA SIM\u00d3N BOL\u00cdVAR"},"content":{"rendered":"<p>Este s\u00e1bado se definir\u00e1n el orden de los puestos a la segunda fase de la Copa Sim\u00f3n Bol\u00edvar con dos encuentros que se disputar\u00e1n en dos localidades en el departamento de La Paz.<br \/>\nSin duda, el encuentro que m\u00e1s llamar\u00e1 la atenci\u00f3n ser\u00e1 el que se disputar\u00e1 en la localidad de Coroico entre Sporting Coroico frente a El Tejar. Cabe a\u00f1adir que el equipo de la ciudad de La Paz venci\u00f3 en su casa por 1-0. El lance de hoy ser\u00e1 a las 15:00. el ganador de la llave pasar\u00e1 a la siguiente ronda.<br \/>\nPor otro lado, en el estadio Cosmos 79, en El Alto, ser\u00e1 el lance entre Deportivo Fatic frente a ABB, ambos ya clasificados a la segunda fase s\u00f3lo definir\u00e1n qui\u00e9n ser\u00e1 La Paz 1 y La Paz 2 para el torneo nacional que ascender\u00e1 a la Divisi\u00f3n Profesional.<\/p>\n","protected":false},"excerpt":{"rendered":"<p>Este s\u00e1bado se definir\u00e1n el orden de los puestos a la segunda fase de la Copa Sim\u00f3n Bol\u00edvar con dos encuentros que se disputar\u00e1n en dos localidades en el departamento de La Paz. Sin duda, el encuentro que m\u00e1s llamar\u00e1 la atenci\u00f3n ser\u00e1 el que se disputar\u00e1 en la localidad de Coroico entre Sporting Coroico [&hellip;]<\/p>\n","protected":false},"author":1,"featured_media":227370,"comment_status":"open","ping_status":"open","sticky":false,"template":"","format":"standard","meta":{"_acf_changed":false,"footnotes":""},"categories":[6],"tags":[],"class_list":["post-227369","post","type-post","status-publish","format-standard","has-post-thumbnail","category-deportes"],"acf":{"antetitulo":""},"yoast_head":"<!-- This site is optimized with the Yoast SEO plugin v28.3 - https:\/\/yoast.com\/product\/yoast-seo-wordpress\/ -->\n<title>SE DEFINEN LOS CUPOS A LA SEGUNDA FASE DE LA COPA SIM\u00d3N BOL\u00cdVAR - El Diario - Bolivia<\/title>\n<meta name=\"robots\" content=\"index, follow, max-snippet:-1, max-image-preview:large, max-video-preview:-1\" \/>\n<link rel=\"canonical\" href=\"https:\/\/www.eldiario.net\/portal\/2024\/06\/15\/se-definen-los-cupos-a-la-segunda-fase-de-la-copa-simon-bolivar\/\" \/>\n<meta property=\"og:locale\" content=\"es_ES\" \/>\n<meta property=\"og:type\" content=\"article\" \/>\n<meta property=\"og:title\" content=\"SE DEFINEN LOS CUPOS A LA SEGUNDA FASE DE LA COPA SIM\u00d3N BOL\u00cdVAR - El Diario - Bolivia\" \/>\n<meta property=\"og:description\" content=\"Este s\u00e1bado se definir\u00e1n el orden de los puestos a la segunda fase de la Copa Sim\u00f3n Bol\u00edvar con dos encuentros que se disputar\u00e1n en dos localidades en el departamento de La Paz. Sin duda, el encuentro que m\u00e1s llamar\u00e1 la atenci\u00f3n ser\u00e1 el que se disputar\u00e1 en la localidad de Coroico entre Sporting Coroico [&hellip;]\" \/>\n<meta property=\"og:url\" content=\"https:\/\/www.eldiario.net\/portal\/2024\/06\/15\/se-definen-los-cupos-a-la-segunda-fase-de-la-copa-simon-bolivar\/\" \/>\n<meta property=\"og:site_name\" content=\"El Diario - Bolivia\" \/>\n<meta property=\"article:publisher\" content=\"https:\/\/www.facebook.com\/eldiario.bolivia\/\" \/>\n<meta property=\"article:published_time\" content=\"2024-06-15T11:43:11+00:00\" \/>\n<meta property=\"og:image\" content=\"https:\/\/www.eldiario.net\/portal\/wp-content\/uploads\/2024\/06\/SIMON-BOLIVAR-1.jpg\" \/>\n\t<meta property=\"og:image:width\" content=\"1200\" \/>\n\t<meta property=\"og:image:height\" content=\"798\" \/>\n\t<meta property=\"og:image:type\" content=\"image\/jpeg\" \/>\n<meta name=\"author\" content=\"Jeanette\" \/>\n<meta name=\"twitter:card\" content=\"summary_large_image\" \/>\n<meta name=\"twitter:creator\" content=\"@eldiario_net\" \/>\n<meta name=\"twitter:site\" content=\"@eldiario_net\" \/>\n<meta name=\"twitter:label1\" content=\"Escrito por\" \/>\n\t<meta name=\"twitter:data1\" content=\"Jeanette\" \/>\n\t<meta name=\"twitter:label2\" content=\"Tiempo de lectura\" \/>\n\t<meta name=\"twitter:data2\" content=\"1 minuto\" \/>\n<script type=\"application\/ld+json\" class=\"yoast-schema-graph\">{\"@context\":\"https:\\\/\\\/schema.org\",\"@graph\":[{\"@type\":\"Article\",\"@id\":\"https:\\\/\\\/www.eldiario.net\\\/portal\\\/2024\\\/06\\\/15\\\/se-definen-los-cupos-a-la-segunda-fase-de-la-copa-simon-bolivar\\\/#article\",\"isPartOf\":{\"@id\":\"https:\\\/\\\/www.eldiario.net\\\/portal\\\/2024\\\/06\\\/15\\\/se-definen-los-cupos-a-la-segunda-fase-de-la-copa-simon-bolivar\\\/\"},\"author\":{\"name\":\"Jeanette\",\"@id\":\"https:\\\/\\\/www.eldiario.net\\\/portal\\\/#\\\/schema\\\/person\\\/f46445640444750d7d753ccd04ae01b7\"},\"headline\":\"SE DEFINEN LOS CUPOS A LA SEGUNDA FASE DE LA COPA SIM\u00d3N BOL\u00cdVAR\",\"datePublished\":\"2024-06-15T11:43:11+00:00\",\"mainEntityOfPage\":{\"@id\":\"https:\\\/\\\/www.eldiario.net\\\/portal\\\/2024\\\/06\\\/15\\\/se-definen-los-cupos-a-la-segunda-fase-de-la-copa-simon-bolivar\\\/\"},\"wordCount\":165,\"commentCount\":0,\"publisher\":{\"@id\":\"https:\\\/\\\/www.eldiario.net\\\/portal\\\/#organization\"},\"image\":{\"@id\":\"https:\\\/\\\/www.eldiario.net\\\/portal\\\/2024\\\/06\\\/15\\\/se-definen-los-cupos-a-la-segunda-fase-de-la-copa-simon-bolivar\\\/#primaryimage\"},\"thumbnailUrl\":\"https:\\\/\\\/www.eldiario.net\\\/portal\\\/wp-content\\\/uploads\\\/2024\\\/06\\\/SIMON-BOLIVAR-1.jpg\",\"articleSection\":[\"Deportes\"],\"inLanguage\":\"es\",\"potentialAction\":[{\"@type\":\"CommentAction\",\"name\":\"Comment\",\"target\":[\"https:\\\/\\\/www.eldiario.net\\\/portal\\\/2024\\\/06\\\/15\\\/se-definen-los-cupos-a-la-segunda-fase-de-la-copa-simon-bolivar\\\/#respond\"]}]},{\"@type\":\"WebPage\",\"@id\":\"https:\\\/\\\/www.eldiario.net\\\/portal\\\/2024\\\/06\\\/15\\\/se-definen-los-cupos-a-la-segunda-fase-de-la-copa-simon-bolivar\\\/\",\"url\":\"https:\\\/\\\/www.eldiario.net\\\/portal\\\/2024\\\/06\\\/15\\\/se-definen-los-cupos-a-la-segunda-fase-de-la-copa-simon-bolivar\\\/\",\"name\":\"SE DEFINEN LOS CUPOS A LA SEGUNDA FASE DE LA COPA SIM\u00d3N BOL\u00cdVAR - El Diario - Bolivia\",\"isPartOf\":{\"@id\":\"https:\\\/\\\/www.eldiario.net\\\/portal\\\/#website\"},\"primaryImageOfPage\":{\"@id\":\"https:\\\/\\\/www.eldiario.net\\\/portal\\\/2024\\\/06\\\/15\\\/se-definen-los-cupos-a-la-segunda-fase-de-la-copa-simon-bolivar\\\/#primaryimage\"},\"image\":{\"@id\":\"https:\\\/\\\/www.eldiario.net\\\/portal\\\/2024\\\/06\\\/15\\\/se-definen-los-cupos-a-la-segunda-fase-de-la-copa-simon-bolivar\\\/#primaryimage\"},\"thumbnailUrl\":\"https:\\\/\\\/www.eldiario.net\\\/portal\\\/wp-content\\\/uploads\\\/2024\\\/06\\\/SIMON-BOLIVAR-1.jpg\",\"datePublished\":\"2024-06-15T11:43:11+00:00\",\"breadcrumb\":{\"@id\":\"https:\\\/\\\/www.eldiario.net\\\/portal\\\/2024\\\/06\\\/15\\\/se-definen-los-cupos-a-la-segunda-fase-de-la-copa-simon-bolivar\\\/#breadcrumb\"},\"inLanguage\":\"es\",\"potentialAction\":[{\"@type\":\"ReadAction\",\"target\":[\"https:\\\/\\\/www.eldiario.net\\\/portal\\\/2024\\\/06\\\/15\\\/se-definen-los-cupos-a-la-segunda-fase-de-la-copa-simon-bolivar\\\/\"]}]},{\"@type\":\"ImageObject\",\"inLanguage\":\"es\",\"@id\":\"https:\\\/\\\/www.eldiario.net\\\/portal\\\/2024\\\/06\\\/15\\\/se-definen-los-cupos-a-la-segunda-fase-de-la-copa-simon-bolivar\\\/#primaryimage\",\"url\":\"https:\\\/\\\/www.eldiario.net\\\/portal\\\/wp-content\\\/uploads\\\/2024\\\/06\\\/SIMON-BOLIVAR-1.jpg\",\"contentUrl\":\"https:\\\/\\\/www.eldiario.net\\\/portal\\\/wp-content\\\/uploads\\\/2024\\\/06\\\/SIMON-BOLIVAR-1.jpg\",\"width\":1200,\"height\":798},{\"@type\":\"BreadcrumbList\",\"@id\":\"https:\\\/\\\/www.eldiario.net\\\/portal\\\/2024\\\/06\\\/15\\\/se-definen-los-cupos-a-la-segunda-fase-de-la-copa-simon-bolivar\\\/#breadcrumb\",\"itemListElement\":[{\"@type\":\"ListItem\",\"position\":1,\"name\":\"Portada\",\"item\":\"https:\\\/\\\/www.eldiario.net\\\/portal\\\/\"},{\"@type\":\"ListItem\",\"position\":2,\"name\":\"SE DEFINEN LOS CUPOS A LA SEGUNDA FASE DE LA COPA SIM\u00d3N BOL\u00cdVAR\"}]},{\"@type\":\"WebSite\",\"@id\":\"https:\\\/\\\/www.eldiario.net\\\/portal\\\/#website\",\"url\":\"https:\\\/\\\/www.eldiario.net\\\/portal\\\/\",\"name\":\"El Diario - Decano de la prensa nacional\",\"description\":\"El Diario - Decano de la prensa nacional\",\"publisher\":{\"@id\":\"https:\\\/\\\/www.eldiario.net\\\/portal\\\/#organization\"},\"potentialAction\":[{\"@type\":\"SearchAction\",\"target\":{\"@type\":\"EntryPoint\",\"urlTemplate\":\"https:\\\/\\\/www.eldiario.net\\\/portal\\\/?s={search_term_string}\"},\"query-input\":{\"@type\":\"PropertyValueSpecification\",\"valueRequired\":true,\"valueName\":\"search_term_string\"}}],\"inLanguage\":\"es\"},{\"@type\":\"Organization\",\"@id\":\"https:\\\/\\\/www.eldiario.net\\\/portal\\\/#organization\",\"name\":\"El Diario - Decano de la prensa nacional\",\"url\":\"https:\\\/\\\/www.eldiario.net\\\/portal\\\/\",\"logo\":{\"@type\":\"ImageObject\",\"inLanguage\":\"es\",\"@id\":\"https:\\\/\\\/www.eldiario.net\\\/portal\\\/#\\\/schema\\\/logo\\\/image\\\/\",\"url\":\"https:\\\/\\\/www.eldiario.net\\\/portal\\\/wp-content\\\/uploads\\\/2023\\\/07\\\/logo_ED.jpg\",\"contentUrl\":\"https:\\\/\\\/www.eldiario.net\\\/portal\\\/wp-content\\\/uploads\\\/2023\\\/07\\\/logo_ED.jpg\",\"width\":272,\"height\":52,\"caption\":\"El Diario - Decano de la prensa nacional\"},\"image\":{\"@id\":\"https:\\\/\\\/www.eldiario.net\\\/portal\\\/#\\\/schema\\\/logo\\\/image\\\/\"},\"sameAs\":[\"https:\\\/\\\/www.facebook.com\\\/eldiario.bolivia\\\/\",\"https:\\\/\\\/x.com\\\/eldiario_net\"]},{\"@type\":\"Person\",\"@id\":\"https:\\\/\\\/www.eldiario.net\\\/portal\\\/#\\\/schema\\\/person\\\/f46445640444750d7d753ccd04ae01b7\",\"name\":\"Jeanette\",\"image\":{\"@type\":\"ImageObject\",\"inLanguage\":\"es\",\"@id\":\"https:\\\/\\\/secure.gravatar.com\\\/avatar\\\/3ea2118a5f7dad2b7138b1187a6b7ee55f160b9968b66013c3a3ef39dd7e5798?s=96&d=mm&r=g\",\"url\":\"https:\\\/\\\/secure.gravatar.com\\\/avatar\\\/3ea2118a5f7dad2b7138b1187a6b7ee55f160b9968b66013c3a3ef39dd7e5798?s=96&d=mm&r=g\",\"contentUrl\":\"https:\\\/\\\/secure.gravatar.com\\\/avatar\\\/3ea2118a5f7dad2b7138b1187a6b7ee55f160b9968b66013c3a3ef39dd7e5798?s=96&d=mm&r=g\",\"caption\":\"Jeanette\"},\"sameAs\":[\"https:\\\/\\\/www.eldiario.net\\\/portal\"],\"url\":\"https:\\\/\\\/www.eldiario.net\\\/portal\\\/author\\\/jeanette\\\/\"}]}<\/script>\n<!-- \/ Yoast SEO plugin. -->","yoast_head_json":{"title":"SE DEFINEN LOS CUPOS A LA SEGUNDA FASE DE LA COPA SIM\u00d3N BOL\u00cdVAR - El Diario - Bolivia","robots":{"index":"index","follow":"follow","max-snippet":"max-snippet:-1","max-image-preview":"max-image-preview:large","max-video-preview":"max-video-preview:-1"},"canonical":"https:\/\/www.eldiario.net\/portal\/2024\/06\/15\/se-definen-los-cupos-a-la-segunda-fase-de-la-copa-simon-bolivar\/","og_locale":"es_ES","og_type":"article","og_title":"SE DEFINEN LOS CUPOS A LA SEGUNDA FASE DE LA COPA SIM\u00d3N BOL\u00cdVAR - El Diario - Bolivia","og_description":"Este s\u00e1bado se definir\u00e1n el orden de los puestos a la segunda fase de la Copa Sim\u00f3n Bol\u00edvar con dos encuentros que se disputar\u00e1n en dos localidades en el departamento de La Paz. Sin duda, el encuentro que m\u00e1s llamar\u00e1 la atenci\u00f3n ser\u00e1 el que se disputar\u00e1 en la localidad de Coroico entre Sporting Coroico [&hellip;]","og_url":"https:\/\/www.eldiario.net\/portal\/2024\/06\/15\/se-definen-los-cupos-a-la-segunda-fase-de-la-copa-simon-bolivar\/","og_site_name":"El Diario - Bolivia","article_publisher":"https:\/\/www.facebook.com\/eldiario.bolivia\/","article_published_time":"2024-06-15T11:43:11+00:00","og_image":[{"width":1200,"height":798,"url":"https:\/\/www.eldiario.net\/portal\/wp-content\/uploads\/2024\/06\/SIMON-BOLIVAR-1.jpg","type":"image\/jpeg"}],"author":"Jeanette","twitter_card":"summary_large_image","twitter_creator":"@eldiario_net","twitter_site":"@eldiario_net","twitter_misc":{"Escrito por":"Jeanette","Tiempo de lectura":"1 minuto"},"schema":{"@context":"https:\/\/schema.org","@graph":[{"@type":"Article","@id":"https:\/\/www.eldiario.net\/portal\/2024\/06\/15\/se-definen-los-cupos-a-la-segunda-fase-de-la-copa-simon-bolivar\/#article","isPartOf":{"@id":"https:\/\/www.eldiario.net\/portal\/2024\/06\/15\/se-definen-los-cupos-a-la-segunda-fase-de-la-copa-simon-bolivar\/"},"author":{"name":"Jeanette","@id":"https:\/\/www.eldiario.net\/portal\/#\/schema\/person\/f46445640444750d7d753ccd04ae01b7"},"headline":"SE DEFINEN LOS CUPOS A LA SEGUNDA FASE DE LA COPA SIM\u00d3N BOL\u00cdVAR","datePublished":"2024-06-15T11:43:11+00:00","mainEntityOfPage":{"@id":"https:\/\/www.eldiario.net\/portal\/2024\/06\/15\/se-definen-los-cupos-a-la-segunda-fase-de-la-copa-simon-bolivar\/"},"wordCount":165,"commentCount":0,"publisher":{"@id":"https:\/\/www.eldiario.net\/portal\/#organization"},"image":{"@id":"https:\/\/www.eldiario.net\/portal\/2024\/06\/15\/se-definen-los-cupos-a-la-segunda-fase-de-la-copa-simon-bolivar\/#primaryimage"},"thumbnailUrl":"https:\/\/www.eldiario.net\/portal\/wp-content\/uploads\/2024\/06\/SIMON-BOLIVAR-1.jpg","articleSection":["Deportes"],"inLanguage":"es","potentialAction":[{"@type":"CommentAction","name":"Comment","target":["https:\/\/www.eldiario.net\/portal\/2024\/06\/15\/se-definen-los-cupos-a-la-segunda-fase-de-la-copa-simon-bolivar\/#respond"]}]},{"@type":"WebPage","@id":"https:\/\/www.eldiario.net\/portal\/2024\/06\/15\/se-definen-los-cupos-a-la-segunda-fase-de-la-copa-simon-bolivar\/","url":"https:\/\/www.eldiario.net\/portal\/2024\/06\/15\/se-definen-los-cupos-a-la-segunda-fase-de-la-copa-simon-bolivar\/","name":"SE DEFINEN LOS CUPOS A LA SEGUNDA FASE DE LA COPA SIM\u00d3N BOL\u00cdVAR - El Diario - Bolivia","isPartOf":{"@id":"https:\/\/www.eldiario.net\/portal\/#website"},"primaryImageOfPage":{"@id":"https:\/\/www.eldiario.net\/portal\/2024\/06\/15\/se-definen-los-cupos-a-la-segunda-fase-de-la-copa-simon-bolivar\/#primaryimage"},"image":{"@id":"https:\/\/www.eldiario.net\/portal\/2024\/06\/15\/se-definen-los-cupos-a-la-segunda-fase-de-la-copa-simon-bolivar\/#primaryimage"},"thumbnailUrl":"https:\/\/www.eldiario.net\/portal\/wp-content\/uploads\/2024\/06\/SIMON-BOLIVAR-1.jpg","datePublished":"2024-06-15T11:43:11+00:00","breadcrumb":{"@id":"https:\/\/www.eldiario.net\/portal\/2024\/06\/15\/se-definen-los-cupos-a-la-segunda-fase-de-la-copa-simon-bolivar\/#breadcrumb"},"inLanguage":"es","potentialAction":[{"@type":"ReadAction","target":["https:\/\/www.eldiario.net\/portal\/2024\/06\/15\/se-definen-los-cupos-a-la-segunda-fase-de-la-copa-simon-bolivar\/"]}]},{"@type":"ImageObject","inLanguage":"es","@id":"https:\/\/www.eldiario.net\/portal\/2024\/06\/15\/se-definen-los-cupos-a-la-segunda-fase-de-la-copa-simon-bolivar\/#primaryimage","url":"https:\/\/www.eldiario.net\/portal\/wp-content\/uploads\/2024\/06\/SIMON-BOLIVAR-1.jpg","contentUrl":"https:\/\/www.eldiario.net\/portal\/wp-content\/uploads\/2024\/06\/SIMON-BOLIVAR-1.jpg","width":1200,"height":798},{"@type":"BreadcrumbList","@id":"https:\/\/www.eldiario.net\/portal\/2024\/06\/15\/se-definen-los-cupos-a-la-segunda-fase-de-la-copa-simon-bolivar\/#breadcrumb","itemListElement":[{"@type":"ListItem","position":1,"name":"Portada","item":"https:\/\/www.eldiario.net\/portal\/"},{"@type":"ListItem","position":2,"name":"SE DEFINEN LOS CUPOS A LA SEGUNDA FASE DE LA COPA SIM\u00d3N BOL\u00cdVAR"}]},{"@type":"WebSite","@id":"https:\/\/www.eldiario.net\/portal\/#website","url":"https:\/\/www.eldiario.net\/portal\/","name":"El Diario - Decano de la prensa nacional","description":"El Diario - Decano de la prensa nacional","publisher":{"@id":"https:\/\/www.eldiario.net\/portal\/#organization"},"potentialAction":[{"@type":"SearchAction","target":{"@type":"EntryPoint","urlTemplate":"https:\/\/www.eldiario.net\/portal\/?s={search_term_string}"},"query-input":{"@type":"PropertyValueSpecification","valueRequired":true,"valueName":"search_term_string"}}],"inLanguage":"es"},{"@type":"Organization","@id":"https:\/\/www.eldiario.net\/portal\/#organization","name":"El Diario - Decano de la prensa nacional","url":"https:\/\/www.eldiario.net\/portal\/","logo":{"@type":"ImageObject","inLanguage":"es","@id":"https:\/\/www.eldiario.net\/portal\/#\/schema\/logo\/image\/","url":"https:\/\/www.eldiario.net\/portal\/wp-content\/uploads\/2023\/07\/logo_ED.jpg","contentUrl":"https:\/\/www.eldiario.net\/portal\/wp-content\/uploads\/2023\/07\/logo_ED.jpg","width":272,"height":52,"caption":"El Diario - Decano de la prensa nacional"},"image":{"@id":"https:\/\/www.eldiario.net\/portal\/#\/schema\/logo\/image\/"},"sameAs":["https:\/\/www.facebook.com\/eldiario.bolivia\/","https:\/\/x.com\/eldiario_net"]},{"@type":"Person","@id":"https:\/\/www.eldiario.net\/portal\/#\/schema\/person\/f46445640444750d7d753ccd04ae01b7","name":"Jeanette","image":{"@type":"ImageObject","inLanguage":"es","@id":"https:\/\/secure.gravatar.com\/avatar\/3ea2118a5f7dad2b7138b1187a6b7ee55f160b9968b66013c3a3ef39dd7e5798?s=96&d=mm&r=g","url":"https:\/\/secure.gravatar.com\/avatar\/3ea2118a5f7dad2b7138b1187a6b7ee55f160b9968b66013c3a3ef39dd7e5798?s=96&d=mm&r=g","contentUrl":"https:\/\/secure.gravatar.com\/avatar\/3ea2118a5f7dad2b7138b1187a6b7ee55f160b9968b66013c3a3ef39dd7e5798?s=96&d=mm&r=g","caption":"Jeanette"},"sameAs":["https:\/\/www.eldiario.net\/portal"],"url":"https:\/\/www.eldiario.net\/portal\/author\/jeanette\/"}]}},"_links":{"self":[{"href":"https:\/\/www.eldiario.net\/portal\/wp-json\/wp\/v2\/posts\/227369","targetHints":{"allow":["GET"]}}],"collection":[{"href":"https:\/\/www.eldiario.net\/portal\/wp-json\/wp\/v2\/posts"}],"about":[{"href":"https:\/\/www.eldiario.net\/portal\/wp-json\/wp\/v2\/types\/post"}],"author":[{"embeddable":true,"href":"https:\/\/www.eldiario.net\/portal\/wp-json\/wp\/v2\/users\/1"}],"replies":[{"embeddable":true,"href":"https:\/\/www.eldiario.net\/portal\/wp-json\/wp\/v2\/comments?post=227369"}],"version-history":[{"count":1,"href":"https:\/\/www.eldiario.net\/portal\/wp-json\/wp\/v2\/posts\/227369\/revisions"}],"predecessor-version":[{"id":227371,"href":"https:\/\/www.eldiario.net\/portal\/wp-json\/wp\/v2\/posts\/227369\/revisions\/227371"}],"wp:featuredmedia":[{"embeddable":true,"href":"https:\/\/www.eldiario.net\/portal\/wp-json\/wp\/v2\/media\/227370"}],"wp:attachment":[{"href":"https:\/\/www.eldiario.net\/portal\/wp-json\/wp\/v2\/media?parent=227369"}],"wp:term":[{"taxonomy":"category","embeddable":true,"href":"https:\/\/www.eldiario.net\/portal\/wp-json\/wp\/v2\/categories?post=227369"},{"taxonomy":"post_tag","embeddable":true,"href":"https:\/\/www.eldiario.net\/portal\/wp-json\/wp\/v2\/tags?post=227369"}],"curies":[{"name":"wp","href":"https:\/\/api.w.org\/{rel}","templated":true}]}}