{"id":227244,"date":"2024-06-15T06:57:38","date_gmt":"2024-06-15T10:57:38","guid":{"rendered":"https:\/\/www.eldiario.net\/portal\/?p=227244"},"modified":"2024-06-15T06:57:38","modified_gmt":"2024-06-15T10:57:38","slug":"laguna-alalay-esta-recuperada-tiene-1-500-aves-de-30-especies","status":"publish","type":"post","link":"https:\/\/www.eldiario.net\/portal\/2024\/06\/15\/laguna-alalay-esta-recuperada-tiene-1-500-aves-de-30-especies\/","title":{"rendered":"Laguna Alalay est\u00e1 recuperada, tiene 1.500 aves de 30 especies"},"content":{"rendered":"<p>A menos de un a\u00f1o del dragado, la laguna Alalay se encuentra recuperada y alberga a 1.500 aves de 30 especies por la buena calidad de agua y ecosistema que presenta el espejo de agua.<br \/>\nEl director de Medio Ambiente, Elvis Guti\u00e9rrez, inform\u00f3 que de manera permanente se desplaza a los trabajadores del Plane para que realicen la limpieza, retiro de las algas y totoras de la laguna Alalay.<br \/>\nDetall\u00f3 que el lodo del contorno fue tratado y seg\u00fan informes de laboratorios internacionales y personal de la Gobernaci\u00f3n, certificaron que no est\u00e1n contaminadas.<br \/>\nDestac\u00f3 la gran cantidad de cr\u00edas de patos, el agua y las algas de la laguna no tienen un mal olor. \u201cEs necesario seguir haciendo un buen manejo referente al control de las algas y totoras\u201d, sostuvo.<br \/>\n\u201cEsperemos que este a\u00f1o llueva para poder captar una buena cantidad de agua que beneficia a la laguna Alalay, tomando en cuenta que ahora se cuenta con una buena calidad\u201d, puntualiz\u00f3 Guti\u00e9rrez.<br \/>\nSe\u00f1al\u00f3 que ahora se ver\u00e1 otras vertientes como de la zona Norte, para ello se debe construir un acueducto de casi 11 kil\u00f3metros que tambi\u00e9n servir\u00e1 para traer agua de Misicuni.<br \/>\nEn tanto, el bi\u00f3logo Jos\u00e9 Balderrama resalt\u00f3 la cantidad de plantas acu\u00e1ticas que se puede apreciar en la laguna; sin embargo, se debe ejecutar un \u201cPlan de Control\u201d para este tipo de especies, es normal esa aplicaci\u00f3n para cuidar las lagunas urbanas.<br \/>\n\u201cPor lo general, el ecosistema est\u00e1 muy bueno y se encuentra en un estado mesotr\u00f3fico, lo que significa que tiene un cierto aporte org\u00e1nico y ayuda a tener una diversidad de especies de aves y vida acu\u00e1tica en el espejo de agua\u201d, dijo Balderrama.<br \/>\nPese a no ser \u00e9poca reproductiva, las aves lograron reproducirse, a diferencia del inicio del dragado donde se ten\u00eda menos de 200 aves de 9 especies, ahora se cuenta con m\u00e1s de 1.500 aves de 30 especies. \u201cEstos datos son fehacientes y demuestran que la laguna Alalay se recuper\u00f3 totalmente\u201d, sostuvo.<br \/>\nExplic\u00f3 que muchas especies que se reprodujeron, se encuentran en un estado juvenil. Asimismo, el estado de la laguna Alalay es bueno, ya que tambi\u00e9n tiene la caracter\u00edstica de tener un h\u00e1bitat muy provechoso para las aves.<br \/>\nEn los pasados d\u00edas llegaron aves migrantes australes del sur del continente, aunque se tienen otras especies boreales que se retiran a la parte de Norteam\u00e9rica. \u201cSe est\u00e1 realizando un monitoreo de la poblaci\u00f3n y un control de algas, lo que significa que la laguna est\u00e1 controlada y recuperada\u201d, finaliz\u00f3.<br \/>\nPREPARAN FORESTACI\u00d3N<br \/>\nActualmente se realiza el mantenimiento de la laguna Alalay, adem\u00e1s de los preparativos y coordinaci\u00f3n para la reforestaci\u00f3n del espejo de agua, as\u00ed lo inform\u00f3 V\u00edctor N\u00fa\u00f1ez, gerente de la Asociaci\u00f3n de Accidental Ecodragados.<br \/>\n\u201cEstamos con el mantenimiento est\u00e9tico. Tenemos programado colocar nuestros plantines en la \u00e9poca correcta, ahora se encuentran en los viveros y tenemos buenos resultados\u201d, se\u00f1al\u00f3 N\u00fa\u00f1ez.<br \/>\nLas laderas fueron forestadas y por ello muestran verdor; sin embargo, el proyecto tiene 300 hect\u00e1reas y la superficie total a forestar es de 5 a 6 hect\u00e1reas. Para la reforestaci\u00f3n, la temporada adecuada es la de lluvias ya que la fertilizaci\u00f3n es \u00f3ptima.<br \/>\nGracias a la buena calidad del agua muchas especies de aves hacen del espejo su hogar. N\u00fa\u00f1ez indic\u00f3 que dentro de unos meses se tendr\u00e1 la llegada de los flamencos que brindar\u00e1n un hermoso espect\u00e1culo a la poblaci\u00f3n.<br \/>\n\u201cEn la parte de los protectores, los patos hacen sus nidos y utilizan las algas como alimentos. Vemos que hubo un renacimiento espectacular de la laguna, ya no se percibe ese olor f\u00e9tido que emanaba de la laguna\u201d, agreg\u00f3.<br \/>\nEl proyecto de la recuperaci\u00f3n de la laguna Alalay es considerado un \u00e9xito, adem\u00e1s de un ejemplo medio ambiental y la mayor prueba es la fauna que nuevamente habita este espacio, pues a simple vista pueden observarse garzas, ranas, peces, patos, entre otros animales. (Cochabamba, agencias)<\/p>\n","protected":false},"excerpt":{"rendered":"<p>A menos de un a\u00f1o del dragado, la laguna Alalay se encuentra recuperada y alberga a 1.500 aves de 30 especies por la buena calidad de agua y ecosistema que presenta el espejo de agua. El director de Medio Ambiente, Elvis Guti\u00e9rrez, inform\u00f3 que de manera permanente se desplaza a los trabajadores del Plane para [&hellip;]<\/p>\n","protected":false},"author":1,"featured_media":227245,"comment_status":"open","ping_status":"open","sticky":false,"template":"","format":"standard","meta":{"_acf_changed":false,"footnotes":""},"categories":[12],"tags":[],"class_list":["post-227244","post","type-post","status-publish","format-standard","has-post-thumbnail","category-nacional"],"acf":{"antetitulo":"Cochabamba"},"yoast_head":"<!-- This site is optimized with the Yoast SEO plugin v28.4 - https:\/\/yoast.com\/product\/yoast-seo-wordpress\/ -->\n<title>Laguna Alalay est\u00e1 recuperada, tiene 1.500 aves de 30 especies - El Diario - Bolivia<\/title>\n<meta name=\"robots\" content=\"index, follow, max-snippet:-1, max-image-preview:large, max-video-preview:-1\" \/>\n<link rel=\"canonical\" href=\"https:\/\/www.eldiario.net\/portal\/2024\/06\/15\/laguna-alalay-esta-recuperada-tiene-1-500-aves-de-30-especies\/\" \/>\n<meta property=\"og:locale\" content=\"es_ES\" \/>\n<meta property=\"og:type\" content=\"article\" \/>\n<meta property=\"og:title\" content=\"Laguna Alalay est\u00e1 recuperada, tiene 1.500 aves de 30 especies - El Diario - Bolivia\" \/>\n<meta property=\"og:description\" content=\"A menos de un a\u00f1o del dragado, la laguna Alalay se encuentra recuperada y alberga a 1.500 aves de 30 especies por la buena calidad de agua y ecosistema que presenta el espejo de agua. El director de Medio Ambiente, Elvis Guti\u00e9rrez, inform\u00f3 que de manera permanente se desplaza a los trabajadores del Plane para [&hellip;]\" \/>\n<meta property=\"og:url\" content=\"https:\/\/www.eldiario.net\/portal\/2024\/06\/15\/laguna-alalay-esta-recuperada-tiene-1-500-aves-de-30-especies\/\" \/>\n<meta property=\"og:site_name\" content=\"El Diario - Bolivia\" \/>\n<meta property=\"article:publisher\" content=\"https:\/\/www.facebook.com\/eldiario.bolivia\/\" \/>\n<meta property=\"article:published_time\" content=\"2024-06-15T10:57:38+00:00\" \/>\n<meta property=\"og:image\" content=\"https:\/\/www.eldiario.net\/portal\/wp-content\/uploads\/2024\/06\/70-NAL-1.jpg\" \/>\n\t<meta property=\"og:image:width\" content=\"1200\" \/>\n\t<meta property=\"og:image:height\" content=\"899\" \/>\n\t<meta property=\"og:image:type\" content=\"image\/jpeg\" \/>\n<meta name=\"author\" content=\"Jeanette\" \/>\n<meta name=\"twitter:card\" content=\"summary_large_image\" \/>\n<meta name=\"twitter:creator\" content=\"@eldiario_net\" \/>\n<meta name=\"twitter:site\" content=\"@eldiario_net\" \/>\n<meta name=\"twitter:label1\" content=\"Escrito por\" \/>\n\t<meta name=\"twitter:data1\" content=\"Jeanette\" \/>\n\t<meta name=\"twitter:label2\" content=\"Tiempo de lectura\" \/>\n\t<meta name=\"twitter:data2\" content=\"3 minutos\" \/>\n<script type=\"application\/ld+json\" class=\"yoast-schema-graph\">{\"@context\":\"https:\\\/\\\/schema.org\",\"@graph\":[{\"@type\":\"Article\",\"@id\":\"https:\\\/\\\/www.eldiario.net\\\/portal\\\/2024\\\/06\\\/15\\\/laguna-alalay-esta-recuperada-tiene-1-500-aves-de-30-especies\\\/#article\",\"isPartOf\":{\"@id\":\"https:\\\/\\\/www.eldiario.net\\\/portal\\\/2024\\\/06\\\/15\\\/laguna-alalay-esta-recuperada-tiene-1-500-aves-de-30-especies\\\/\"},\"author\":{\"name\":\"Jeanette\",\"@id\":\"https:\\\/\\\/www.eldiario.net\\\/portal\\\/#\\\/schema\\\/person\\\/2c57cf2b7a7ae032e449e4c9b1019eac\"},\"headline\":\"Laguna Alalay est\u00e1 recuperada, tiene 1.500 aves de 30 especies\",\"datePublished\":\"2024-06-15T10:57:38+00:00\",\"mainEntityOfPage\":{\"@id\":\"https:\\\/\\\/www.eldiario.net\\\/portal\\\/2024\\\/06\\\/15\\\/laguna-alalay-esta-recuperada-tiene-1-500-aves-de-30-especies\\\/\"},\"wordCount\":690,\"commentCount\":0,\"publisher\":{\"@id\":\"https:\\\/\\\/www.eldiario.net\\\/portal\\\/#organization\"},\"image\":{\"@id\":\"https:\\\/\\\/www.eldiario.net\\\/portal\\\/2024\\\/06\\\/15\\\/laguna-alalay-esta-recuperada-tiene-1-500-aves-de-30-especies\\\/#primaryimage\"},\"thumbnailUrl\":\"https:\\\/\\\/www.eldiario.net\\\/portal\\\/wp-content\\\/uploads\\\/2024\\\/06\\\/70-NAL-1.jpg\",\"articleSection\":[\"Nacional\"],\"inLanguage\":\"es\",\"potentialAction\":[{\"@type\":\"CommentAction\",\"name\":\"Comment\",\"target\":[\"https:\\\/\\\/www.eldiario.net\\\/portal\\\/2024\\\/06\\\/15\\\/laguna-alalay-esta-recuperada-tiene-1-500-aves-de-30-especies\\\/#respond\"]}]},{\"@type\":\"WebPage\",\"@id\":\"https:\\\/\\\/www.eldiario.net\\\/portal\\\/2024\\\/06\\\/15\\\/laguna-alalay-esta-recuperada-tiene-1-500-aves-de-30-especies\\\/\",\"url\":\"https:\\\/\\\/www.eldiario.net\\\/portal\\\/2024\\\/06\\\/15\\\/laguna-alalay-esta-recuperada-tiene-1-500-aves-de-30-especies\\\/\",\"name\":\"Laguna Alalay est\u00e1 recuperada, tiene 1.500 aves de 30 especies - El Diario - Bolivia\",\"isPartOf\":{\"@id\":\"https:\\\/\\\/www.eldiario.net\\\/portal\\\/#website\"},\"primaryImageOfPage\":{\"@id\":\"https:\\\/\\\/www.eldiario.net\\\/portal\\\/2024\\\/06\\\/15\\\/laguna-alalay-esta-recuperada-tiene-1-500-aves-de-30-especies\\\/#primaryimage\"},\"image\":{\"@id\":\"https:\\\/\\\/www.eldiario.net\\\/portal\\\/2024\\\/06\\\/15\\\/laguna-alalay-esta-recuperada-tiene-1-500-aves-de-30-especies\\\/#primaryimage\"},\"thumbnailUrl\":\"https:\\\/\\\/www.eldiario.net\\\/portal\\\/wp-content\\\/uploads\\\/2024\\\/06\\\/70-NAL-1.jpg\",\"datePublished\":\"2024-06-15T10:57:38+00:00\",\"breadcrumb\":{\"@id\":\"https:\\\/\\\/www.eldiario.net\\\/portal\\\/2024\\\/06\\\/15\\\/laguna-alalay-esta-recuperada-tiene-1-500-aves-de-30-especies\\\/#breadcrumb\"},\"inLanguage\":\"es\",\"potentialAction\":[{\"@type\":\"ReadAction\",\"target\":[\"https:\\\/\\\/www.eldiario.net\\\/portal\\\/2024\\\/06\\\/15\\\/laguna-alalay-esta-recuperada-tiene-1-500-aves-de-30-especies\\\/\"]}]},{\"@type\":\"ImageObject\",\"inLanguage\":\"es\",\"@id\":\"https:\\\/\\\/www.eldiario.net\\\/portal\\\/2024\\\/06\\\/15\\\/laguna-alalay-esta-recuperada-tiene-1-500-aves-de-30-especies\\\/#primaryimage\",\"url\":\"https:\\\/\\\/www.eldiario.net\\\/portal\\\/wp-content\\\/uploads\\\/2024\\\/06\\\/70-NAL-1.jpg\",\"contentUrl\":\"https:\\\/\\\/www.eldiario.net\\\/portal\\\/wp-content\\\/uploads\\\/2024\\\/06\\\/70-NAL-1.jpg\",\"width\":1200,\"height\":899,\"caption\":\"VISTA DE PARTE DE LA LAGUNA ALALAY.\"},{\"@type\":\"BreadcrumbList\",\"@id\":\"https:\\\/\\\/www.eldiario.net\\\/portal\\\/2024\\\/06\\\/15\\\/laguna-alalay-esta-recuperada-tiene-1-500-aves-de-30-especies\\\/#breadcrumb\",\"itemListElement\":[{\"@type\":\"ListItem\",\"position\":1,\"name\":\"Portada\",\"item\":\"https:\\\/\\\/www.eldiario.net\\\/portal\\\/\"},{\"@type\":\"ListItem\",\"position\":2,\"name\":\"Laguna Alalay est\u00e1 recuperada, tiene 1.500 aves de 30 especies\"}]},{\"@type\":\"WebSite\",\"@id\":\"https:\\\/\\\/www.eldiario.net\\\/portal\\\/#website\",\"url\":\"https:\\\/\\\/www.eldiario.net\\\/portal\\\/\",\"name\":\"El Diario - Decano de la prensa nacional\",\"description\":\"El Diario - Decano de la prensa nacional\",\"publisher\":{\"@id\":\"https:\\\/\\\/www.eldiario.net\\\/portal\\\/#organization\"},\"potentialAction\":[{\"@type\":\"SearchAction\",\"target\":{\"@type\":\"EntryPoint\",\"urlTemplate\":\"https:\\\/\\\/www.eldiario.net\\\/portal\\\/?s={search_term_string}\"},\"query-input\":{\"@type\":\"PropertyValueSpecification\",\"valueRequired\":true,\"valueName\":\"search_term_string\"}}],\"inLanguage\":\"es\"},{\"@type\":\"Organization\",\"@id\":\"https:\\\/\\\/www.eldiario.net\\\/portal\\\/#organization\",\"name\":\"El Diario - Decano de la prensa nacional\",\"url\":\"https:\\\/\\\/www.eldiario.net\\\/portal\\\/\",\"logo\":{\"@type\":\"ImageObject\",\"inLanguage\":\"es\",\"@id\":\"https:\\\/\\\/www.eldiario.net\\\/portal\\\/#\\\/schema\\\/logo\\\/image\\\/\",\"url\":\"https:\\\/\\\/www.eldiario.net\\\/portal\\\/wp-content\\\/uploads\\\/2023\\\/07\\\/logo_ED.jpg\",\"contentUrl\":\"https:\\\/\\\/www.eldiario.net\\\/portal\\\/wp-content\\\/uploads\\\/2023\\\/07\\\/logo_ED.jpg\",\"width\":272,\"height\":52,\"caption\":\"El Diario - Decano de la prensa nacional\"},\"image\":{\"@id\":\"https:\\\/\\\/www.eldiario.net\\\/portal\\\/#\\\/schema\\\/logo\\\/image\\\/\"},\"sameAs\":[\"https:\\\/\\\/www.facebook.com\\\/eldiario.bolivia\\\/\",\"https:\\\/\\\/x.com\\\/eldiario_net\"]},{\"@type\":\"Person\",\"@id\":\"https:\\\/\\\/www.eldiario.net\\\/portal\\\/#\\\/schema\\\/person\\\/2c57cf2b7a7ae032e449e4c9b1019eac\",\"name\":\"Jeanette\",\"image\":{\"@type\":\"ImageObject\",\"inLanguage\":\"es\",\"@id\":\"https:\\\/\\\/secure.gravatar.com\\\/avatar\\\/3ea2118a5f7dad2b7138b1187a6b7ee55f160b9968b66013c3a3ef39dd7e5798?s=96&d=mm&r=g\",\"url\":\"https:\\\/\\\/secure.gravatar.com\\\/avatar\\\/3ea2118a5f7dad2b7138b1187a6b7ee55f160b9968b66013c3a3ef39dd7e5798?s=96&d=mm&r=g\",\"contentUrl\":\"https:\\\/\\\/secure.gravatar.com\\\/avatar\\\/3ea2118a5f7dad2b7138b1187a6b7ee55f160b9968b66013c3a3ef39dd7e5798?s=96&d=mm&r=g\",\"caption\":\"Jeanette\"},\"sameAs\":[\"https:\\\/\\\/www.eldiario.net\\\/portal\"],\"url\":\"https:\\\/\\\/www.eldiario.net\\\/portal\\\/author\\\/jeanette\\\/\"}]}<\/script>\n<!-- \/ Yoast SEO plugin. -->","yoast_head_json":{"title":"Laguna Alalay est\u00e1 recuperada, tiene 1.500 aves de 30 especies - El Diario - Bolivia","robots":{"index":"index","follow":"follow","max-snippet":"max-snippet:-1","max-image-preview":"max-image-preview:large","max-video-preview":"max-video-preview:-1"},"canonical":"https:\/\/www.eldiario.net\/portal\/2024\/06\/15\/laguna-alalay-esta-recuperada-tiene-1-500-aves-de-30-especies\/","og_locale":"es_ES","og_type":"article","og_title":"Laguna Alalay est\u00e1 recuperada, tiene 1.500 aves de 30 especies - El Diario - Bolivia","og_description":"A menos de un a\u00f1o del dragado, la laguna Alalay se encuentra recuperada y alberga a 1.500 aves de 30 especies por la buena calidad de agua y ecosistema que presenta el espejo de agua. El director de Medio Ambiente, Elvis Guti\u00e9rrez, inform\u00f3 que de manera permanente se desplaza a los trabajadores del Plane para [&hellip;]","og_url":"https:\/\/www.eldiario.net\/portal\/2024\/06\/15\/laguna-alalay-esta-recuperada-tiene-1-500-aves-de-30-especies\/","og_site_name":"El Diario - Bolivia","article_publisher":"https:\/\/www.facebook.com\/eldiario.bolivia\/","article_published_time":"2024-06-15T10:57:38+00:00","og_image":[{"width":1200,"height":899,"url":"https:\/\/www.eldiario.net\/portal\/wp-content\/uploads\/2024\/06\/70-NAL-1.jpg","type":"image\/jpeg"}],"author":"Jeanette","twitter_card":"summary_large_image","twitter_creator":"@eldiario_net","twitter_site":"@eldiario_net","twitter_misc":{"Escrito por":"Jeanette","Tiempo de lectura":"3 minutos"},"schema":{"@context":"https:\/\/schema.org","@graph":[{"@type":"Article","@id":"https:\/\/www.eldiario.net\/portal\/2024\/06\/15\/laguna-alalay-esta-recuperada-tiene-1-500-aves-de-30-especies\/#article","isPartOf":{"@id":"https:\/\/www.eldiario.net\/portal\/2024\/06\/15\/laguna-alalay-esta-recuperada-tiene-1-500-aves-de-30-especies\/"},"author":{"name":"Jeanette","@id":"https:\/\/www.eldiario.net\/portal\/#\/schema\/person\/2c57cf2b7a7ae032e449e4c9b1019eac"},"headline":"Laguna Alalay est\u00e1 recuperada, tiene 1.500 aves de 30 especies","datePublished":"2024-06-15T10:57:38+00:00","mainEntityOfPage":{"@id":"https:\/\/www.eldiario.net\/portal\/2024\/06\/15\/laguna-alalay-esta-recuperada-tiene-1-500-aves-de-30-especies\/"},"wordCount":690,"commentCount":0,"publisher":{"@id":"https:\/\/www.eldiario.net\/portal\/#organization"},"image":{"@id":"https:\/\/www.eldiario.net\/portal\/2024\/06\/15\/laguna-alalay-esta-recuperada-tiene-1-500-aves-de-30-especies\/#primaryimage"},"thumbnailUrl":"https:\/\/www.eldiario.net\/portal\/wp-content\/uploads\/2024\/06\/70-NAL-1.jpg","articleSection":["Nacional"],"inLanguage":"es","potentialAction":[{"@type":"CommentAction","name":"Comment","target":["https:\/\/www.eldiario.net\/portal\/2024\/06\/15\/laguna-alalay-esta-recuperada-tiene-1-500-aves-de-30-especies\/#respond"]}]},{"@type":"WebPage","@id":"https:\/\/www.eldiario.net\/portal\/2024\/06\/15\/laguna-alalay-esta-recuperada-tiene-1-500-aves-de-30-especies\/","url":"https:\/\/www.eldiario.net\/portal\/2024\/06\/15\/laguna-alalay-esta-recuperada-tiene-1-500-aves-de-30-especies\/","name":"Laguna Alalay est\u00e1 recuperada, tiene 1.500 aves de 30 especies - El Diario - Bolivia","isPartOf":{"@id":"https:\/\/www.eldiario.net\/portal\/#website"},"primaryImageOfPage":{"@id":"https:\/\/www.eldiario.net\/portal\/2024\/06\/15\/laguna-alalay-esta-recuperada-tiene-1-500-aves-de-30-especies\/#primaryimage"},"image":{"@id":"https:\/\/www.eldiario.net\/portal\/2024\/06\/15\/laguna-alalay-esta-recuperada-tiene-1-500-aves-de-30-especies\/#primaryimage"},"thumbnailUrl":"https:\/\/www.eldiario.net\/portal\/wp-content\/uploads\/2024\/06\/70-NAL-1.jpg","datePublished":"2024-06-15T10:57:38+00:00","breadcrumb":{"@id":"https:\/\/www.eldiario.net\/portal\/2024\/06\/15\/laguna-alalay-esta-recuperada-tiene-1-500-aves-de-30-especies\/#breadcrumb"},"inLanguage":"es","potentialAction":[{"@type":"ReadAction","target":["https:\/\/www.eldiario.net\/portal\/2024\/06\/15\/laguna-alalay-esta-recuperada-tiene-1-500-aves-de-30-especies\/"]}]},{"@type":"ImageObject","inLanguage":"es","@id":"https:\/\/www.eldiario.net\/portal\/2024\/06\/15\/laguna-alalay-esta-recuperada-tiene-1-500-aves-de-30-especies\/#primaryimage","url":"https:\/\/www.eldiario.net\/portal\/wp-content\/uploads\/2024\/06\/70-NAL-1.jpg","contentUrl":"https:\/\/www.eldiario.net\/portal\/wp-content\/uploads\/2024\/06\/70-NAL-1.jpg","width":1200,"height":899,"caption":"VISTA DE PARTE DE LA LAGUNA ALALAY."},{"@type":"BreadcrumbList","@id":"https:\/\/www.eldiario.net\/portal\/2024\/06\/15\/laguna-alalay-esta-recuperada-tiene-1-500-aves-de-30-especies\/#breadcrumb","itemListElement":[{"@type":"ListItem","position":1,"name":"Portada","item":"https:\/\/www.eldiario.net\/portal\/"},{"@type":"ListItem","position":2,"name":"Laguna Alalay est\u00e1 recuperada, tiene 1.500 aves de 30 especies"}]},{"@type":"WebSite","@id":"https:\/\/www.eldiario.net\/portal\/#website","url":"https:\/\/www.eldiario.net\/portal\/","name":"El Diario - Decano de la prensa nacional","description":"El Diario - Decano de la prensa nacional","publisher":{"@id":"https:\/\/www.eldiario.net\/portal\/#organization"},"potentialAction":[{"@type":"SearchAction","target":{"@type":"EntryPoint","urlTemplate":"https:\/\/www.eldiario.net\/portal\/?s={search_term_string}"},"query-input":{"@type":"PropertyValueSpecification","valueRequired":true,"valueName":"search_term_string"}}],"inLanguage":"es"},{"@type":"Organization","@id":"https:\/\/www.eldiario.net\/portal\/#organization","name":"El Diario - Decano de la prensa nacional","url":"https:\/\/www.eldiario.net\/portal\/","logo":{"@type":"ImageObject","inLanguage":"es","@id":"https:\/\/www.eldiario.net\/portal\/#\/schema\/logo\/image\/","url":"https:\/\/www.eldiario.net\/portal\/wp-content\/uploads\/2023\/07\/logo_ED.jpg","contentUrl":"https:\/\/www.eldiario.net\/portal\/wp-content\/uploads\/2023\/07\/logo_ED.jpg","width":272,"height":52,"caption":"El Diario - Decano de la prensa nacional"},"image":{"@id":"https:\/\/www.eldiario.net\/portal\/#\/schema\/logo\/image\/"},"sameAs":["https:\/\/www.facebook.com\/eldiario.bolivia\/","https:\/\/x.com\/eldiario_net"]},{"@type":"Person","@id":"https:\/\/www.eldiario.net\/portal\/#\/schema\/person\/2c57cf2b7a7ae032e449e4c9b1019eac","name":"Jeanette","image":{"@type":"ImageObject","inLanguage":"es","@id":"https:\/\/secure.gravatar.com\/avatar\/3ea2118a5f7dad2b7138b1187a6b7ee55f160b9968b66013c3a3ef39dd7e5798?s=96&d=mm&r=g","url":"https:\/\/secure.gravatar.com\/avatar\/3ea2118a5f7dad2b7138b1187a6b7ee55f160b9968b66013c3a3ef39dd7e5798?s=96&d=mm&r=g","contentUrl":"https:\/\/secure.gravatar.com\/avatar\/3ea2118a5f7dad2b7138b1187a6b7ee55f160b9968b66013c3a3ef39dd7e5798?s=96&d=mm&r=g","caption":"Jeanette"},"sameAs":["https:\/\/www.eldiario.net\/portal"],"url":"https:\/\/www.eldiario.net\/portal\/author\/jeanette\/"}]}},"_links":{"self":[{"href":"https:\/\/www.eldiario.net\/portal\/wp-json\/wp\/v2\/posts\/227244","targetHints":{"allow":["GET"]}}],"collection":[{"href":"https:\/\/www.eldiario.net\/portal\/wp-json\/wp\/v2\/posts"}],"about":[{"href":"https:\/\/www.eldiario.net\/portal\/wp-json\/wp\/v2\/types\/post"}],"author":[{"embeddable":true,"href":"https:\/\/www.eldiario.net\/portal\/wp-json\/wp\/v2\/users\/1"}],"replies":[{"embeddable":true,"href":"https:\/\/www.eldiario.net\/portal\/wp-json\/wp\/v2\/comments?post=227244"}],"version-history":[{"count":1,"href":"https:\/\/www.eldiario.net\/portal\/wp-json\/wp\/v2\/posts\/227244\/revisions"}],"predecessor-version":[{"id":227246,"href":"https:\/\/www.eldiario.net\/portal\/wp-json\/wp\/v2\/posts\/227244\/revisions\/227246"}],"wp:featuredmedia":[{"embeddable":true,"href":"https:\/\/www.eldiario.net\/portal\/wp-json\/wp\/v2\/media\/227245"}],"wp:attachment":[{"href":"https:\/\/www.eldiario.net\/portal\/wp-json\/wp\/v2\/media?parent=227244"}],"wp:term":[{"taxonomy":"category","embeddable":true,"href":"https:\/\/www.eldiario.net\/portal\/wp-json\/wp\/v2\/categories?post=227244"},{"taxonomy":"post_tag","embeddable":true,"href":"https:\/\/www.eldiario.net\/portal\/wp-json\/wp\/v2\/tags?post=227244"}],"curies":[{"name":"wp","href":"https:\/\/api.w.org\/{rel}","templated":true}]}}