{"id":227240,"date":"2024-06-15T06:56:35","date_gmt":"2024-06-15T10:56:35","guid":{"rendered":"https:\/\/www.eldiario.net\/portal\/?p=227240"},"modified":"2024-06-15T06:56:35","modified_gmt":"2024-06-15T10:56:35","slug":"bolivia-y-paraguay-conmemoran-89-anos-del-cese-de-hostilidades","status":"publish","type":"post","link":"https:\/\/www.eldiario.net\/portal\/2024\/06\/15\/bolivia-y-paraguay-conmemoran-89-anos-del-cese-de-hostilidades\/","title":{"rendered":"Bolivia y Paraguay conmemoran 89 a\u00f1os del cese de hostilidades"},"content":{"rendered":"<p>La conmemoraci\u00f3n del 89 aniversario del cese de hostilidades de la Guerra del Chaco, que enfrent\u00f3 a Bolivia y Paraguay, fue realizada ayer en la poblaci\u00f3n de Villa Montes y en la ciudad de Santa Cruz de la Sierra.<br \/>\n\u201cSon dos hermanos pa\u00edses que se enfrentaron hace 89 a\u00f1os por intereses de transnacionales, por el lado boliviano la empresa Standard Oil de propiedad de Estados Unidos y por otro lado, la empresa Royal Dutch del lado paraguayo, que derivaron en una de las guerras m\u00e1s largas de la historia del continente americano donde perdimos 50 mil vidas. Honor y gloria a todos quienes ofrendaron sus vidas en defensa de la integridad y nuestro territorio nacional; tienen nuestro reconocimiento y admiraci\u00f3n\u201d, manifest\u00f3 el ministro de Defensa, Edmundo Novillo, en declaraciones a la prensa.<br \/>\nEl acto central estuvo presidido por la ministra de Relaciones Exteriores de Bolivia, Celinda Sosa Lunda, en representaci\u00f3n del Primer Mandatario, tambi\u00e9n participaron autoridades del mando militar de las Fuerzas Armadas del Estado y unidades castrenses acantonadas en la regi\u00f3n, as\u00ed como autoridades regionales, asamble\u00edstas, municipales, hijos y descendientes de excombatientes de la Guerra del Chaco, instituciones y poblaci\u00f3n chaque\u00f1a que rinde su homenaje con un desfile c\u00edvico militar en inmediaciones de la plaza c\u00edvica Mariscal Bernardino Bilbao Rioja.<br \/>\nSANTA CRUZ DE LA SIERRA<br \/>\nCon un minuto de silencio, en homenaje a los excombatientes de la Guerra del Chaco inici\u00f3 el acto en conmemoraci\u00f3n al cese de hostilidades del conflicto b\u00e9lico.<br \/>\nEn representaci\u00f3n de la Gobernaci\u00f3n estuvo la secretaria de Gesti\u00f3n Institucional, Patricia Viera, que consider\u00f3 a esta guerra como un cap\u00edtulo crucial en la historia.<br \/>\n\u201cHoy, 14 de junio de 2024 marcamos el 89 aniversario del cese de hostilidades de la Guerra del Chaco; es un momento para recordar y honrar a aquellos que lucharon con coraje y abnegaci\u00f3n por la integridad y la soberan\u00eda de Bolivia\u201d, remarc\u00f3.<br \/>\nEn este sentido, manifest\u00f3 que el Gobierno Aut\u00f3nomo Departamental de Santa Cruz rinde un sincero homenaje a todos los excombatientes que, con su valent\u00eda y sacrificio, protegieron los intereses de Bolivia durante la Guerra del Chaco.<br \/>\nPonder\u00f3 que este heroico esfuerzo, lealtad inquebrantable y amor por Bolivia son un ejemplo perdurable de patriotismo y servicio desinteresado.<br \/>\nViera expres\u00f3 que a pesar de que la Guerra del Chaco dej\u00f3 cicatrices profundas en la historia de Bolivia, ense\u00f1\u00f3 lecciones cruciales sobre la importancia de la paz, la diplomacia y la resoluci\u00f3n pac\u00edfica de conflictos.<br \/>\n\u201cEn este d\u00eda, renovamos nuestro compromiso con la construcci\u00f3n de un futuro en el que el di\u00e1logo prevalezca, y en el que la cooperaci\u00f3n y el entendimiento mutuo sean los pilares de nuestras relaciones internacionales\u201d, acot\u00f3 la autoridad departamental.<br \/>\nPara concluir, Viera dej\u00f3 en claro que la valent\u00eda de los patriotas excombatientes que ofrendaron su vida por la naci\u00f3n inspire a trabajar en conjunto por un futuro m\u00e1s pr\u00f3spero y prometedor para todos los cruce\u00f1os y bolivianos.<br \/>\nPor su parte, Ruddy Cu\u00e9llar, en representaci\u00f3n de los hijos de excombatientes, expres\u00f3 que todos los bolivianos son descendientes de estos grandes soldados de la Guerra del Chaco que defendieron la patria y la riqueza hidrocarbur\u00edfera, y a la vez, lament\u00f3 que se va perdiendo el fervor c\u00edvico de este hecho hist\u00f3rico que fue fundamental para la sobrevivencia del pa\u00eds.<br \/>\nLuego de los discursos de las autoridades departamentales, los estudiantes de Diakon\u00eda realizaron un mon\u00f3logo de la Batalla de Boquer\u00f3n y al finalizar se hizo un recorrido por las instalaciones del Museo de la Guerra del Chaco. (Villa Montes\/Santa Cruz de la Sierra, con datos Min. Def. y agencias)<\/p>\n","protected":false},"excerpt":{"rendered":"<p>La conmemoraci\u00f3n del 89 aniversario del cese de hostilidades de la Guerra del Chaco, que enfrent\u00f3 a Bolivia y Paraguay, fue realizada ayer en la poblaci\u00f3n de Villa Montes y en la ciudad de Santa Cruz de la Sierra. \u201cSon dos hermanos pa\u00edses que se enfrentaron hace 89 a\u00f1os por intereses de transnacionales, por el [&hellip;]<\/p>\n","protected":false},"author":1,"featured_media":227241,"comment_status":"open","ping_status":"open","sticky":false,"template":"","format":"standard","meta":{"_acf_changed":false,"footnotes":""},"categories":[12],"tags":[],"class_list":["post-227240","post","type-post","status-publish","format-standard","has-post-thumbnail","category-nacional"],"acf":{"antetitulo":"Guerra del Chaco"},"yoast_head":"<!-- This site is optimized with the Yoast SEO plugin v28.4 - https:\/\/yoast.com\/product\/yoast-seo-wordpress\/ -->\n<title>Bolivia y Paraguay conmemoran 89 a\u00f1os del cese de hostilidades - El Diario - Bolivia<\/title>\n<meta name=\"robots\" content=\"index, follow, max-snippet:-1, max-image-preview:large, max-video-preview:-1\" \/>\n<link rel=\"canonical\" href=\"https:\/\/www.eldiario.net\/portal\/2024\/06\/15\/bolivia-y-paraguay-conmemoran-89-anos-del-cese-de-hostilidades\/\" \/>\n<meta property=\"og:locale\" content=\"es_ES\" \/>\n<meta property=\"og:type\" content=\"article\" \/>\n<meta property=\"og:title\" content=\"Bolivia y Paraguay conmemoran 89 a\u00f1os del cese de hostilidades - El Diario - Bolivia\" \/>\n<meta property=\"og:description\" content=\"La conmemoraci\u00f3n del 89 aniversario del cese de hostilidades de la Guerra del Chaco, que enfrent\u00f3 a Bolivia y Paraguay, fue realizada ayer en la poblaci\u00f3n de Villa Montes y en la ciudad de Santa Cruz de la Sierra. \u201cSon dos hermanos pa\u00edses que se enfrentaron hace 89 a\u00f1os por intereses de transnacionales, por el [&hellip;]\" \/>\n<meta property=\"og:url\" content=\"https:\/\/www.eldiario.net\/portal\/2024\/06\/15\/bolivia-y-paraguay-conmemoran-89-anos-del-cese-de-hostilidades\/\" \/>\n<meta property=\"og:site_name\" content=\"El Diario - Bolivia\" \/>\n<meta property=\"article:publisher\" content=\"https:\/\/www.facebook.com\/eldiario.bolivia\/\" \/>\n<meta property=\"article:published_time\" content=\"2024-06-15T10:56:35+00:00\" \/>\n<meta property=\"og:image\" content=\"https:\/\/www.eldiario.net\/portal\/wp-content\/uploads\/2024\/06\/71-NAL-1.jpg\" \/>\n\t<meta property=\"og:image:width\" content=\"1200\" \/>\n\t<meta property=\"og:image:height\" content=\"1200\" \/>\n\t<meta property=\"og:image:type\" content=\"image\/jpeg\" \/>\n<meta name=\"author\" content=\"Jeanette\" \/>\n<meta name=\"twitter:card\" content=\"summary_large_image\" \/>\n<meta name=\"twitter:creator\" content=\"@eldiario_net\" \/>\n<meta name=\"twitter:site\" content=\"@eldiario_net\" \/>\n<meta name=\"twitter:label1\" content=\"Escrito por\" \/>\n\t<meta name=\"twitter:data1\" content=\"Jeanette\" \/>\n\t<meta name=\"twitter:label2\" content=\"Tiempo de lectura\" \/>\n\t<meta name=\"twitter:data2\" content=\"3 minutos\" \/>\n<script type=\"application\/ld+json\" class=\"yoast-schema-graph\">{\"@context\":\"https:\\\/\\\/schema.org\",\"@graph\":[{\"@type\":\"Article\",\"@id\":\"https:\\\/\\\/www.eldiario.net\\\/portal\\\/2024\\\/06\\\/15\\\/bolivia-y-paraguay-conmemoran-89-anos-del-cese-de-hostilidades\\\/#article\",\"isPartOf\":{\"@id\":\"https:\\\/\\\/www.eldiario.net\\\/portal\\\/2024\\\/06\\\/15\\\/bolivia-y-paraguay-conmemoran-89-anos-del-cese-de-hostilidades\\\/\"},\"author\":{\"name\":\"Jeanette\",\"@id\":\"https:\\\/\\\/www.eldiario.net\\\/portal\\\/#\\\/schema\\\/person\\\/f46445640444750d7d753ccd04ae01b7\"},\"headline\":\"Bolivia y Paraguay conmemoran 89 a\u00f1os del cese de hostilidades\",\"datePublished\":\"2024-06-15T10:56:35+00:00\",\"mainEntityOfPage\":{\"@id\":\"https:\\\/\\\/www.eldiario.net\\\/portal\\\/2024\\\/06\\\/15\\\/bolivia-y-paraguay-conmemoran-89-anos-del-cese-de-hostilidades\\\/\"},\"wordCount\":638,\"commentCount\":0,\"publisher\":{\"@id\":\"https:\\\/\\\/www.eldiario.net\\\/portal\\\/#organization\"},\"image\":{\"@id\":\"https:\\\/\\\/www.eldiario.net\\\/portal\\\/2024\\\/06\\\/15\\\/bolivia-y-paraguay-conmemoran-89-anos-del-cese-de-hostilidades\\\/#primaryimage\"},\"thumbnailUrl\":\"https:\\\/\\\/www.eldiario.net\\\/portal\\\/wp-content\\\/uploads\\\/2024\\\/06\\\/71-NAL-1.jpg\",\"articleSection\":[\"Nacional\"],\"inLanguage\":\"es\",\"potentialAction\":[{\"@type\":\"CommentAction\",\"name\":\"Comment\",\"target\":[\"https:\\\/\\\/www.eldiario.net\\\/portal\\\/2024\\\/06\\\/15\\\/bolivia-y-paraguay-conmemoran-89-anos-del-cese-de-hostilidades\\\/#respond\"]}]},{\"@type\":\"WebPage\",\"@id\":\"https:\\\/\\\/www.eldiario.net\\\/portal\\\/2024\\\/06\\\/15\\\/bolivia-y-paraguay-conmemoran-89-anos-del-cese-de-hostilidades\\\/\",\"url\":\"https:\\\/\\\/www.eldiario.net\\\/portal\\\/2024\\\/06\\\/15\\\/bolivia-y-paraguay-conmemoran-89-anos-del-cese-de-hostilidades\\\/\",\"name\":\"Bolivia y Paraguay conmemoran 89 a\u00f1os del cese de hostilidades - El Diario - Bolivia\",\"isPartOf\":{\"@id\":\"https:\\\/\\\/www.eldiario.net\\\/portal\\\/#website\"},\"primaryImageOfPage\":{\"@id\":\"https:\\\/\\\/www.eldiario.net\\\/portal\\\/2024\\\/06\\\/15\\\/bolivia-y-paraguay-conmemoran-89-anos-del-cese-de-hostilidades\\\/#primaryimage\"},\"image\":{\"@id\":\"https:\\\/\\\/www.eldiario.net\\\/portal\\\/2024\\\/06\\\/15\\\/bolivia-y-paraguay-conmemoran-89-anos-del-cese-de-hostilidades\\\/#primaryimage\"},\"thumbnailUrl\":\"https:\\\/\\\/www.eldiario.net\\\/portal\\\/wp-content\\\/uploads\\\/2024\\\/06\\\/71-NAL-1.jpg\",\"datePublished\":\"2024-06-15T10:56:35+00:00\",\"breadcrumb\":{\"@id\":\"https:\\\/\\\/www.eldiario.net\\\/portal\\\/2024\\\/06\\\/15\\\/bolivia-y-paraguay-conmemoran-89-anos-del-cese-de-hostilidades\\\/#breadcrumb\"},\"inLanguage\":\"es\",\"potentialAction\":[{\"@type\":\"ReadAction\",\"target\":[\"https:\\\/\\\/www.eldiario.net\\\/portal\\\/2024\\\/06\\\/15\\\/bolivia-y-paraguay-conmemoran-89-anos-del-cese-de-hostilidades\\\/\"]}]},{\"@type\":\"ImageObject\",\"inLanguage\":\"es\",\"@id\":\"https:\\\/\\\/www.eldiario.net\\\/portal\\\/2024\\\/06\\\/15\\\/bolivia-y-paraguay-conmemoran-89-anos-del-cese-de-hostilidades\\\/#primaryimage\",\"url\":\"https:\\\/\\\/www.eldiario.net\\\/portal\\\/wp-content\\\/uploads\\\/2024\\\/06\\\/71-NAL-1.jpg\",\"contentUrl\":\"https:\\\/\\\/www.eldiario.net\\\/portal\\\/wp-content\\\/uploads\\\/2024\\\/06\\\/71-NAL-1.jpg\",\"width\":1200,\"height\":1200,\"caption\":\"ACTO CENTRAL DE LOS 89 A\u00d1OS DEL CESE DE HOSTILIDADES DE LA GUERRA DEL CHACO.\"},{\"@type\":\"BreadcrumbList\",\"@id\":\"https:\\\/\\\/www.eldiario.net\\\/portal\\\/2024\\\/06\\\/15\\\/bolivia-y-paraguay-conmemoran-89-anos-del-cese-de-hostilidades\\\/#breadcrumb\",\"itemListElement\":[{\"@type\":\"ListItem\",\"position\":1,\"name\":\"Portada\",\"item\":\"https:\\\/\\\/www.eldiario.net\\\/portal\\\/\"},{\"@type\":\"ListItem\",\"position\":2,\"name\":\"Bolivia y Paraguay conmemoran 89 a\u00f1os del cese de hostilidades\"}]},{\"@type\":\"WebSite\",\"@id\":\"https:\\\/\\\/www.eldiario.net\\\/portal\\\/#website\",\"url\":\"https:\\\/\\\/www.eldiario.net\\\/portal\\\/\",\"name\":\"El Diario - Decano de la prensa nacional\",\"description\":\"El Diario - Decano de la prensa nacional\",\"publisher\":{\"@id\":\"https:\\\/\\\/www.eldiario.net\\\/portal\\\/#organization\"},\"potentialAction\":[{\"@type\":\"SearchAction\",\"target\":{\"@type\":\"EntryPoint\",\"urlTemplate\":\"https:\\\/\\\/www.eldiario.net\\\/portal\\\/?s={search_term_string}\"},\"query-input\":{\"@type\":\"PropertyValueSpecification\",\"valueRequired\":true,\"valueName\":\"search_term_string\"}}],\"inLanguage\":\"es\"},{\"@type\":\"Organization\",\"@id\":\"https:\\\/\\\/www.eldiario.net\\\/portal\\\/#organization\",\"name\":\"El Diario - Decano de la prensa nacional\",\"url\":\"https:\\\/\\\/www.eldiario.net\\\/portal\\\/\",\"logo\":{\"@type\":\"ImageObject\",\"inLanguage\":\"es\",\"@id\":\"https:\\\/\\\/www.eldiario.net\\\/portal\\\/#\\\/schema\\\/logo\\\/image\\\/\",\"url\":\"https:\\\/\\\/www.eldiario.net\\\/portal\\\/wp-content\\\/uploads\\\/2023\\\/07\\\/logo_ED.jpg\",\"contentUrl\":\"https:\\\/\\\/www.eldiario.net\\\/portal\\\/wp-content\\\/uploads\\\/2023\\\/07\\\/logo_ED.jpg\",\"width\":272,\"height\":52,\"caption\":\"El Diario - Decano de la prensa nacional\"},\"image\":{\"@id\":\"https:\\\/\\\/www.eldiario.net\\\/portal\\\/#\\\/schema\\\/logo\\\/image\\\/\"},\"sameAs\":[\"https:\\\/\\\/www.facebook.com\\\/eldiario.bolivia\\\/\",\"https:\\\/\\\/x.com\\\/eldiario_net\"]},{\"@type\":\"Person\",\"@id\":\"https:\\\/\\\/www.eldiario.net\\\/portal\\\/#\\\/schema\\\/person\\\/f46445640444750d7d753ccd04ae01b7\",\"name\":\"Jeanette\",\"image\":{\"@type\":\"ImageObject\",\"inLanguage\":\"es\",\"@id\":\"https:\\\/\\\/secure.gravatar.com\\\/avatar\\\/3ea2118a5f7dad2b7138b1187a6b7ee55f160b9968b66013c3a3ef39dd7e5798?s=96&d=mm&r=g\",\"url\":\"https:\\\/\\\/secure.gravatar.com\\\/avatar\\\/3ea2118a5f7dad2b7138b1187a6b7ee55f160b9968b66013c3a3ef39dd7e5798?s=96&d=mm&r=g\",\"contentUrl\":\"https:\\\/\\\/secure.gravatar.com\\\/avatar\\\/3ea2118a5f7dad2b7138b1187a6b7ee55f160b9968b66013c3a3ef39dd7e5798?s=96&d=mm&r=g\",\"caption\":\"Jeanette\"},\"sameAs\":[\"https:\\\/\\\/www.eldiario.net\\\/portal\"],\"url\":\"https:\\\/\\\/www.eldiario.net\\\/portal\\\/author\\\/jeanette\\\/\"}]}<\/script>\n<!-- \/ Yoast SEO plugin. -->","yoast_head_json":{"title":"Bolivia y Paraguay conmemoran 89 a\u00f1os del cese de hostilidades - El Diario - Bolivia","robots":{"index":"index","follow":"follow","max-snippet":"max-snippet:-1","max-image-preview":"max-image-preview:large","max-video-preview":"max-video-preview:-1"},"canonical":"https:\/\/www.eldiario.net\/portal\/2024\/06\/15\/bolivia-y-paraguay-conmemoran-89-anos-del-cese-de-hostilidades\/","og_locale":"es_ES","og_type":"article","og_title":"Bolivia y Paraguay conmemoran 89 a\u00f1os del cese de hostilidades - El Diario - Bolivia","og_description":"La conmemoraci\u00f3n del 89 aniversario del cese de hostilidades de la Guerra del Chaco, que enfrent\u00f3 a Bolivia y Paraguay, fue realizada ayer en la poblaci\u00f3n de Villa Montes y en la ciudad de Santa Cruz de la Sierra. \u201cSon dos hermanos pa\u00edses que se enfrentaron hace 89 a\u00f1os por intereses de transnacionales, por el [&hellip;]","og_url":"https:\/\/www.eldiario.net\/portal\/2024\/06\/15\/bolivia-y-paraguay-conmemoran-89-anos-del-cese-de-hostilidades\/","og_site_name":"El Diario - Bolivia","article_publisher":"https:\/\/www.facebook.com\/eldiario.bolivia\/","article_published_time":"2024-06-15T10:56:35+00:00","og_image":[{"width":1200,"height":1200,"url":"https:\/\/www.eldiario.net\/portal\/wp-content\/uploads\/2024\/06\/71-NAL-1.jpg","type":"image\/jpeg"}],"author":"Jeanette","twitter_card":"summary_large_image","twitter_creator":"@eldiario_net","twitter_site":"@eldiario_net","twitter_misc":{"Escrito por":"Jeanette","Tiempo de lectura":"3 minutos"},"schema":{"@context":"https:\/\/schema.org","@graph":[{"@type":"Article","@id":"https:\/\/www.eldiario.net\/portal\/2024\/06\/15\/bolivia-y-paraguay-conmemoran-89-anos-del-cese-de-hostilidades\/#article","isPartOf":{"@id":"https:\/\/www.eldiario.net\/portal\/2024\/06\/15\/bolivia-y-paraguay-conmemoran-89-anos-del-cese-de-hostilidades\/"},"author":{"name":"Jeanette","@id":"https:\/\/www.eldiario.net\/portal\/#\/schema\/person\/f46445640444750d7d753ccd04ae01b7"},"headline":"Bolivia y Paraguay conmemoran 89 a\u00f1os del cese de hostilidades","datePublished":"2024-06-15T10:56:35+00:00","mainEntityOfPage":{"@id":"https:\/\/www.eldiario.net\/portal\/2024\/06\/15\/bolivia-y-paraguay-conmemoran-89-anos-del-cese-de-hostilidades\/"},"wordCount":638,"commentCount":0,"publisher":{"@id":"https:\/\/www.eldiario.net\/portal\/#organization"},"image":{"@id":"https:\/\/www.eldiario.net\/portal\/2024\/06\/15\/bolivia-y-paraguay-conmemoran-89-anos-del-cese-de-hostilidades\/#primaryimage"},"thumbnailUrl":"https:\/\/www.eldiario.net\/portal\/wp-content\/uploads\/2024\/06\/71-NAL-1.jpg","articleSection":["Nacional"],"inLanguage":"es","potentialAction":[{"@type":"CommentAction","name":"Comment","target":["https:\/\/www.eldiario.net\/portal\/2024\/06\/15\/bolivia-y-paraguay-conmemoran-89-anos-del-cese-de-hostilidades\/#respond"]}]},{"@type":"WebPage","@id":"https:\/\/www.eldiario.net\/portal\/2024\/06\/15\/bolivia-y-paraguay-conmemoran-89-anos-del-cese-de-hostilidades\/","url":"https:\/\/www.eldiario.net\/portal\/2024\/06\/15\/bolivia-y-paraguay-conmemoran-89-anos-del-cese-de-hostilidades\/","name":"Bolivia y Paraguay conmemoran 89 a\u00f1os del cese de hostilidades - El Diario - Bolivia","isPartOf":{"@id":"https:\/\/www.eldiario.net\/portal\/#website"},"primaryImageOfPage":{"@id":"https:\/\/www.eldiario.net\/portal\/2024\/06\/15\/bolivia-y-paraguay-conmemoran-89-anos-del-cese-de-hostilidades\/#primaryimage"},"image":{"@id":"https:\/\/www.eldiario.net\/portal\/2024\/06\/15\/bolivia-y-paraguay-conmemoran-89-anos-del-cese-de-hostilidades\/#primaryimage"},"thumbnailUrl":"https:\/\/www.eldiario.net\/portal\/wp-content\/uploads\/2024\/06\/71-NAL-1.jpg","datePublished":"2024-06-15T10:56:35+00:00","breadcrumb":{"@id":"https:\/\/www.eldiario.net\/portal\/2024\/06\/15\/bolivia-y-paraguay-conmemoran-89-anos-del-cese-de-hostilidades\/#breadcrumb"},"inLanguage":"es","potentialAction":[{"@type":"ReadAction","target":["https:\/\/www.eldiario.net\/portal\/2024\/06\/15\/bolivia-y-paraguay-conmemoran-89-anos-del-cese-de-hostilidades\/"]}]},{"@type":"ImageObject","inLanguage":"es","@id":"https:\/\/www.eldiario.net\/portal\/2024\/06\/15\/bolivia-y-paraguay-conmemoran-89-anos-del-cese-de-hostilidades\/#primaryimage","url":"https:\/\/www.eldiario.net\/portal\/wp-content\/uploads\/2024\/06\/71-NAL-1.jpg","contentUrl":"https:\/\/www.eldiario.net\/portal\/wp-content\/uploads\/2024\/06\/71-NAL-1.jpg","width":1200,"height":1200,"caption":"ACTO CENTRAL DE LOS 89 A\u00d1OS DEL CESE DE HOSTILIDADES DE LA GUERRA DEL CHACO."},{"@type":"BreadcrumbList","@id":"https:\/\/www.eldiario.net\/portal\/2024\/06\/15\/bolivia-y-paraguay-conmemoran-89-anos-del-cese-de-hostilidades\/#breadcrumb","itemListElement":[{"@type":"ListItem","position":1,"name":"Portada","item":"https:\/\/www.eldiario.net\/portal\/"},{"@type":"ListItem","position":2,"name":"Bolivia y Paraguay conmemoran 89 a\u00f1os del cese de hostilidades"}]},{"@type":"WebSite","@id":"https:\/\/www.eldiario.net\/portal\/#website","url":"https:\/\/www.eldiario.net\/portal\/","name":"El Diario - Decano de la prensa nacional","description":"El Diario - Decano de la prensa nacional","publisher":{"@id":"https:\/\/www.eldiario.net\/portal\/#organization"},"potentialAction":[{"@type":"SearchAction","target":{"@type":"EntryPoint","urlTemplate":"https:\/\/www.eldiario.net\/portal\/?s={search_term_string}"},"query-input":{"@type":"PropertyValueSpecification","valueRequired":true,"valueName":"search_term_string"}}],"inLanguage":"es"},{"@type":"Organization","@id":"https:\/\/www.eldiario.net\/portal\/#organization","name":"El Diario - Decano de la prensa nacional","url":"https:\/\/www.eldiario.net\/portal\/","logo":{"@type":"ImageObject","inLanguage":"es","@id":"https:\/\/www.eldiario.net\/portal\/#\/schema\/logo\/image\/","url":"https:\/\/www.eldiario.net\/portal\/wp-content\/uploads\/2023\/07\/logo_ED.jpg","contentUrl":"https:\/\/www.eldiario.net\/portal\/wp-content\/uploads\/2023\/07\/logo_ED.jpg","width":272,"height":52,"caption":"El Diario - Decano de la prensa nacional"},"image":{"@id":"https:\/\/www.eldiario.net\/portal\/#\/schema\/logo\/image\/"},"sameAs":["https:\/\/www.facebook.com\/eldiario.bolivia\/","https:\/\/x.com\/eldiario_net"]},{"@type":"Person","@id":"https:\/\/www.eldiario.net\/portal\/#\/schema\/person\/f46445640444750d7d753ccd04ae01b7","name":"Jeanette","image":{"@type":"ImageObject","inLanguage":"es","@id":"https:\/\/secure.gravatar.com\/avatar\/3ea2118a5f7dad2b7138b1187a6b7ee55f160b9968b66013c3a3ef39dd7e5798?s=96&d=mm&r=g","url":"https:\/\/secure.gravatar.com\/avatar\/3ea2118a5f7dad2b7138b1187a6b7ee55f160b9968b66013c3a3ef39dd7e5798?s=96&d=mm&r=g","contentUrl":"https:\/\/secure.gravatar.com\/avatar\/3ea2118a5f7dad2b7138b1187a6b7ee55f160b9968b66013c3a3ef39dd7e5798?s=96&d=mm&r=g","caption":"Jeanette"},"sameAs":["https:\/\/www.eldiario.net\/portal"],"url":"https:\/\/www.eldiario.net\/portal\/author\/jeanette\/"}]}},"_links":{"self":[{"href":"https:\/\/www.eldiario.net\/portal\/wp-json\/wp\/v2\/posts\/227240","targetHints":{"allow":["GET"]}}],"collection":[{"href":"https:\/\/www.eldiario.net\/portal\/wp-json\/wp\/v2\/posts"}],"about":[{"href":"https:\/\/www.eldiario.net\/portal\/wp-json\/wp\/v2\/types\/post"}],"author":[{"embeddable":true,"href":"https:\/\/www.eldiario.net\/portal\/wp-json\/wp\/v2\/users\/1"}],"replies":[{"embeddable":true,"href":"https:\/\/www.eldiario.net\/portal\/wp-json\/wp\/v2\/comments?post=227240"}],"version-history":[{"count":1,"href":"https:\/\/www.eldiario.net\/portal\/wp-json\/wp\/v2\/posts\/227240\/revisions"}],"predecessor-version":[{"id":227242,"href":"https:\/\/www.eldiario.net\/portal\/wp-json\/wp\/v2\/posts\/227240\/revisions\/227242"}],"wp:featuredmedia":[{"embeddable":true,"href":"https:\/\/www.eldiario.net\/portal\/wp-json\/wp\/v2\/media\/227241"}],"wp:attachment":[{"href":"https:\/\/www.eldiario.net\/portal\/wp-json\/wp\/v2\/media?parent=227240"}],"wp:term":[{"taxonomy":"category","embeddable":true,"href":"https:\/\/www.eldiario.net\/portal\/wp-json\/wp\/v2\/categories?post=227240"},{"taxonomy":"post_tag","embeddable":true,"href":"https:\/\/www.eldiario.net\/portal\/wp-json\/wp\/v2\/tags?post=227240"}],"curies":[{"name":"wp","href":"https:\/\/api.w.org\/{rel}","templated":true}]}}