{"id":227234,"date":"2024-06-15T06:54:48","date_gmt":"2024-06-15T10:54:48","guid":{"rendered":"https:\/\/www.eldiario.net\/portal\/?p=227234"},"modified":"2024-06-15T06:54:48","modified_gmt":"2024-06-15T10:54:48","slug":"conade-santa-cruz-respalda-paro-del-transporte-pesado","status":"publish","type":"post","link":"https:\/\/www.eldiario.net\/portal\/2024\/06\/15\/conade-santa-cruz-respalda-paro-del-transporte-pesado\/","title":{"rendered":"Conade Santa Cruz respalda  paro del transporte pesado"},"content":{"rendered":"<p>El Comit\u00e9 de Defensa de la Democracia (Conade) de Santa Cruz se sumar\u00e1 a las protestas que desde este lunes 17 de junio impulsar\u00e1 el transporte pesado y anunci\u00f3 que se realizar\u00e1 bloqueos en las rotondas de Santa Cruz.<br \/>\n\u201cUn llamado a la unidad y la solidaridad de todos los sectores de la sociedad para enfrentar la crisis conjuntamente y exhortamos al Gobierno a actuar con responsabilidad y apertura para evitar mayor sufrimiento a los bolivianos. Si no hay di\u00e1logo con el presidente (Luis Arce), a partir del d\u00eda lunes, en horas de la noche, vamos a salir a todas las rotondas del departamento de Santa Cruz para manifestar la unidad en contra de este Gobierno que no quiere escuchar al pueblo\u201d, dijo el vocero del Conade, Roger Castell\u00f3n, en conferencia de prensa.<br \/>\nLa decisi\u00f3n se asumi\u00f3 en una reuni\u00f3n de emergencia que sostuvo la dirigencia del Conade con el dirigente del transporte pesado de Santa Cruz, Juan Yujra.<br \/>\nEl transporte pesado iniciar\u00e1 un paro indefinido, bloqueo y cierre de fronteras desde este 17 de junio, en protesta por la falta de d\u00f3lares, escasez de combustibles y ante la imposibilidad de dialogar con el presidente, Luis Arce.<br \/>\n\u201cEl sector transporte dio el primer paso. Se viene un paro indefinido el lunes (17 de junio) y nosotros nos estamos sumando a las demandas\u201d, agreg\u00f3 Castell\u00f3n.<br \/>\nEl dirigente del Conade responsabiliz\u00f3 al Gobierno \u201cde las consecuencias\u201d por las medidas de presi\u00f3n que comenzar\u00e1n este lunes pr\u00f3ximo.<br \/>\n\u201cEstamos asumiendo y sum\u00e1ndonos a las demandas donde pedimos al se\u00f1or Arce Catacora a dos cosas muy puntuales: la primera es que transparente lo que pasa en el pa\u00eds ante esta crisis econ\u00f3mica eminente; y la segunda, que acceda al di\u00e1logo con los sectores, que acceda al di\u00e1logo con el transporte pesado y con todos los sectores de la sociedad que hoy se ven afectados\u201d, manifest\u00f3.<br \/>\nYujra ratific\u00f3 las medidas de presi\u00f3n y a\u00f1adi\u00f3 que el \u201cGobierno no nos ha convocado y que, m\u00e1s bien, se est\u00e1 burlado, amenazando, nos ha tratado de golpistas y est\u00e1n haciendo persecuciones a los dirigentes\u201d.<br \/>\n\u201cEl Gobierno en vez de calmar esto, de convocarnos a una reuni\u00f3n, nos est\u00e1 amenazando y est\u00e1 haciendo que la poblaci\u00f3n se levante\u201d, agreg\u00f3 Yujra.<br \/>\nEl ministro de Obras P\u00fablicas, Edgar Monta\u00f1o, ha convocado al sector a diversas reuniones, pero los transportistas rechazan reunirse con \u00e9l y exigen dialogar directamente con Arce.<br \/>\nParalelamente, Monta\u00f1o mantuvo encuentros con otros sectores de transportistas que permiti\u00f3 llegar a acuerdos. (Santa Cruz, Br\u00fajula Digital)<\/p>\n","protected":false},"excerpt":{"rendered":"<p>El Comit\u00e9 de Defensa de la Democracia (Conade) de Santa Cruz se sumar\u00e1 a las protestas que desde este lunes 17 de junio impulsar\u00e1 el transporte pesado y anunci\u00f3 que se realizar\u00e1 bloqueos en las rotondas de Santa Cruz. \u201cUn llamado a la unidad y la solidaridad de todos los sectores de la sociedad para [&hellip;]<\/p>\n","protected":false},"author":1,"featured_media":227235,"comment_status":"open","ping_status":"open","sticky":false,"template":"","format":"standard","meta":{"_acf_changed":false,"footnotes":""},"categories":[12],"tags":[],"class_list":["post-227234","post","type-post","status-publish","format-standard","has-post-thumbnail","category-nacional"],"acf":{"antetitulo":""},"yoast_head":"<!-- This site is optimized with the Yoast SEO plugin v28.4 - https:\/\/yoast.com\/product\/yoast-seo-wordpress\/ -->\n<title>Conade Santa Cruz respalda paro del transporte pesado - El Diario - Bolivia<\/title>\n<meta name=\"robots\" content=\"index, follow, max-snippet:-1, max-image-preview:large, max-video-preview:-1\" \/>\n<link rel=\"canonical\" href=\"https:\/\/www.eldiario.net\/portal\/2024\/06\/15\/conade-santa-cruz-respalda-paro-del-transporte-pesado\/\" \/>\n<meta property=\"og:locale\" content=\"es_ES\" \/>\n<meta property=\"og:type\" content=\"article\" \/>\n<meta property=\"og:title\" content=\"Conade Santa Cruz respalda paro del transporte pesado - El Diario - Bolivia\" \/>\n<meta property=\"og:description\" content=\"El Comit\u00e9 de Defensa de la Democracia (Conade) de Santa Cruz se sumar\u00e1 a las protestas que desde este lunes 17 de junio impulsar\u00e1 el transporte pesado y anunci\u00f3 que se realizar\u00e1 bloqueos en las rotondas de Santa Cruz. \u201cUn llamado a la unidad y la solidaridad de todos los sectores de la sociedad para [&hellip;]\" \/>\n<meta property=\"og:url\" content=\"https:\/\/www.eldiario.net\/portal\/2024\/06\/15\/conade-santa-cruz-respalda-paro-del-transporte-pesado\/\" \/>\n<meta property=\"og:site_name\" content=\"El Diario - Bolivia\" \/>\n<meta property=\"article:publisher\" content=\"https:\/\/www.facebook.com\/eldiario.bolivia\/\" \/>\n<meta property=\"article:published_time\" content=\"2024-06-15T10:54:48+00:00\" \/>\n<meta property=\"og:image\" content=\"https:\/\/www.eldiario.net\/portal\/wp-content\/uploads\/2024\/06\/73-NAL-1.jpg\" \/>\n\t<meta property=\"og:image:width\" content=\"720\" \/>\n\t<meta property=\"og:image:height\" content=\"400\" \/>\n\t<meta property=\"og:image:type\" content=\"image\/jpeg\" \/>\n<meta name=\"author\" content=\"Jeanette\" \/>\n<meta name=\"twitter:card\" content=\"summary_large_image\" \/>\n<meta name=\"twitter:creator\" content=\"@eldiario_net\" \/>\n<meta name=\"twitter:site\" content=\"@eldiario_net\" \/>\n<meta name=\"twitter:label1\" content=\"Escrito por\" \/>\n\t<meta name=\"twitter:data1\" content=\"Jeanette\" \/>\n\t<meta name=\"twitter:label2\" content=\"Tiempo de lectura\" \/>\n\t<meta name=\"twitter:data2\" content=\"3 minutos\" \/>\n<script type=\"application\/ld+json\" class=\"yoast-schema-graph\">{\"@context\":\"https:\\\/\\\/schema.org\",\"@graph\":[{\"@type\":\"Article\",\"@id\":\"https:\\\/\\\/www.eldiario.net\\\/portal\\\/2024\\\/06\\\/15\\\/conade-santa-cruz-respalda-paro-del-transporte-pesado\\\/#article\",\"isPartOf\":{\"@id\":\"https:\\\/\\\/www.eldiario.net\\\/portal\\\/2024\\\/06\\\/15\\\/conade-santa-cruz-respalda-paro-del-transporte-pesado\\\/\"},\"author\":{\"name\":\"Jeanette\",\"@id\":\"https:\\\/\\\/www.eldiario.net\\\/portal\\\/#\\\/schema\\\/person\\\/f46445640444750d7d753ccd04ae01b7\"},\"headline\":\"Conade Santa Cruz respalda paro del transporte pesado\",\"datePublished\":\"2024-06-15T10:54:48+00:00\",\"mainEntityOfPage\":{\"@id\":\"https:\\\/\\\/www.eldiario.net\\\/portal\\\/2024\\\/06\\\/15\\\/conade-santa-cruz-respalda-paro-del-transporte-pesado\\\/\"},\"wordCount\":446,\"commentCount\":0,\"publisher\":{\"@id\":\"https:\\\/\\\/www.eldiario.net\\\/portal\\\/#organization\"},\"image\":{\"@id\":\"https:\\\/\\\/www.eldiario.net\\\/portal\\\/2024\\\/06\\\/15\\\/conade-santa-cruz-respalda-paro-del-transporte-pesado\\\/#primaryimage\"},\"thumbnailUrl\":\"https:\\\/\\\/www.eldiario.net\\\/portal\\\/wp-content\\\/uploads\\\/2024\\\/06\\\/73-NAL-1.jpg\",\"articleSection\":[\"Nacional\"],\"inLanguage\":\"es\",\"potentialAction\":[{\"@type\":\"CommentAction\",\"name\":\"Comment\",\"target\":[\"https:\\\/\\\/www.eldiario.net\\\/portal\\\/2024\\\/06\\\/15\\\/conade-santa-cruz-respalda-paro-del-transporte-pesado\\\/#respond\"]}]},{\"@type\":\"WebPage\",\"@id\":\"https:\\\/\\\/www.eldiario.net\\\/portal\\\/2024\\\/06\\\/15\\\/conade-santa-cruz-respalda-paro-del-transporte-pesado\\\/\",\"url\":\"https:\\\/\\\/www.eldiario.net\\\/portal\\\/2024\\\/06\\\/15\\\/conade-santa-cruz-respalda-paro-del-transporte-pesado\\\/\",\"name\":\"Conade Santa Cruz respalda paro del transporte pesado - El Diario - Bolivia\",\"isPartOf\":{\"@id\":\"https:\\\/\\\/www.eldiario.net\\\/portal\\\/#website\"},\"primaryImageOfPage\":{\"@id\":\"https:\\\/\\\/www.eldiario.net\\\/portal\\\/2024\\\/06\\\/15\\\/conade-santa-cruz-respalda-paro-del-transporte-pesado\\\/#primaryimage\"},\"image\":{\"@id\":\"https:\\\/\\\/www.eldiario.net\\\/portal\\\/2024\\\/06\\\/15\\\/conade-santa-cruz-respalda-paro-del-transporte-pesado\\\/#primaryimage\"},\"thumbnailUrl\":\"https:\\\/\\\/www.eldiario.net\\\/portal\\\/wp-content\\\/uploads\\\/2024\\\/06\\\/73-NAL-1.jpg\",\"datePublished\":\"2024-06-15T10:54:48+00:00\",\"breadcrumb\":{\"@id\":\"https:\\\/\\\/www.eldiario.net\\\/portal\\\/2024\\\/06\\\/15\\\/conade-santa-cruz-respalda-paro-del-transporte-pesado\\\/#breadcrumb\"},\"inLanguage\":\"es\",\"potentialAction\":[{\"@type\":\"ReadAction\",\"target\":[\"https:\\\/\\\/www.eldiario.net\\\/portal\\\/2024\\\/06\\\/15\\\/conade-santa-cruz-respalda-paro-del-transporte-pesado\\\/\"]}]},{\"@type\":\"ImageObject\",\"inLanguage\":\"es\",\"@id\":\"https:\\\/\\\/www.eldiario.net\\\/portal\\\/2024\\\/06\\\/15\\\/conade-santa-cruz-respalda-paro-del-transporte-pesado\\\/#primaryimage\",\"url\":\"https:\\\/\\\/www.eldiario.net\\\/portal\\\/wp-content\\\/uploads\\\/2024\\\/06\\\/73-NAL-1.jpg\",\"contentUrl\":\"https:\\\/\\\/www.eldiario.net\\\/portal\\\/wp-content\\\/uploads\\\/2024\\\/06\\\/73-NAL-1.jpg\",\"width\":720,\"height\":400,\"caption\":\"los Representantes del Conade Santa Cruz.\"},{\"@type\":\"BreadcrumbList\",\"@id\":\"https:\\\/\\\/www.eldiario.net\\\/portal\\\/2024\\\/06\\\/15\\\/conade-santa-cruz-respalda-paro-del-transporte-pesado\\\/#breadcrumb\",\"itemListElement\":[{\"@type\":\"ListItem\",\"position\":1,\"name\":\"Portada\",\"item\":\"https:\\\/\\\/www.eldiario.net\\\/portal\\\/\"},{\"@type\":\"ListItem\",\"position\":2,\"name\":\"Conade Santa Cruz respalda paro del transporte pesado\"}]},{\"@type\":\"WebSite\",\"@id\":\"https:\\\/\\\/www.eldiario.net\\\/portal\\\/#website\",\"url\":\"https:\\\/\\\/www.eldiario.net\\\/portal\\\/\",\"name\":\"El Diario - Decano de la prensa nacional\",\"description\":\"El Diario - Decano de la prensa nacional\",\"publisher\":{\"@id\":\"https:\\\/\\\/www.eldiario.net\\\/portal\\\/#organization\"},\"potentialAction\":[{\"@type\":\"SearchAction\",\"target\":{\"@type\":\"EntryPoint\",\"urlTemplate\":\"https:\\\/\\\/www.eldiario.net\\\/portal\\\/?s={search_term_string}\"},\"query-input\":{\"@type\":\"PropertyValueSpecification\",\"valueRequired\":true,\"valueName\":\"search_term_string\"}}],\"inLanguage\":\"es\"},{\"@type\":\"Organization\",\"@id\":\"https:\\\/\\\/www.eldiario.net\\\/portal\\\/#organization\",\"name\":\"El Diario - Decano de la prensa nacional\",\"url\":\"https:\\\/\\\/www.eldiario.net\\\/portal\\\/\",\"logo\":{\"@type\":\"ImageObject\",\"inLanguage\":\"es\",\"@id\":\"https:\\\/\\\/www.eldiario.net\\\/portal\\\/#\\\/schema\\\/logo\\\/image\\\/\",\"url\":\"https:\\\/\\\/www.eldiario.net\\\/portal\\\/wp-content\\\/uploads\\\/2023\\\/07\\\/logo_ED.jpg\",\"contentUrl\":\"https:\\\/\\\/www.eldiario.net\\\/portal\\\/wp-content\\\/uploads\\\/2023\\\/07\\\/logo_ED.jpg\",\"width\":272,\"height\":52,\"caption\":\"El Diario - Decano de la prensa nacional\"},\"image\":{\"@id\":\"https:\\\/\\\/www.eldiario.net\\\/portal\\\/#\\\/schema\\\/logo\\\/image\\\/\"},\"sameAs\":[\"https:\\\/\\\/www.facebook.com\\\/eldiario.bolivia\\\/\",\"https:\\\/\\\/x.com\\\/eldiario_net\"]},{\"@type\":\"Person\",\"@id\":\"https:\\\/\\\/www.eldiario.net\\\/portal\\\/#\\\/schema\\\/person\\\/f46445640444750d7d753ccd04ae01b7\",\"name\":\"Jeanette\",\"image\":{\"@type\":\"ImageObject\",\"inLanguage\":\"es\",\"@id\":\"https:\\\/\\\/secure.gravatar.com\\\/avatar\\\/3ea2118a5f7dad2b7138b1187a6b7ee55f160b9968b66013c3a3ef39dd7e5798?s=96&d=mm&r=g\",\"url\":\"https:\\\/\\\/secure.gravatar.com\\\/avatar\\\/3ea2118a5f7dad2b7138b1187a6b7ee55f160b9968b66013c3a3ef39dd7e5798?s=96&d=mm&r=g\",\"contentUrl\":\"https:\\\/\\\/secure.gravatar.com\\\/avatar\\\/3ea2118a5f7dad2b7138b1187a6b7ee55f160b9968b66013c3a3ef39dd7e5798?s=96&d=mm&r=g\",\"caption\":\"Jeanette\"},\"sameAs\":[\"https:\\\/\\\/www.eldiario.net\\\/portal\"],\"url\":\"https:\\\/\\\/www.eldiario.net\\\/portal\\\/author\\\/jeanette\\\/\"}]}<\/script>\n<!-- \/ Yoast SEO plugin. -->","yoast_head_json":{"title":"Conade Santa Cruz respalda paro del transporte pesado - El Diario - Bolivia","robots":{"index":"index","follow":"follow","max-snippet":"max-snippet:-1","max-image-preview":"max-image-preview:large","max-video-preview":"max-video-preview:-1"},"canonical":"https:\/\/www.eldiario.net\/portal\/2024\/06\/15\/conade-santa-cruz-respalda-paro-del-transporte-pesado\/","og_locale":"es_ES","og_type":"article","og_title":"Conade Santa Cruz respalda paro del transporte pesado - El Diario - Bolivia","og_description":"El Comit\u00e9 de Defensa de la Democracia (Conade) de Santa Cruz se sumar\u00e1 a las protestas que desde este lunes 17 de junio impulsar\u00e1 el transporte pesado y anunci\u00f3 que se realizar\u00e1 bloqueos en las rotondas de Santa Cruz. \u201cUn llamado a la unidad y la solidaridad de todos los sectores de la sociedad para [&hellip;]","og_url":"https:\/\/www.eldiario.net\/portal\/2024\/06\/15\/conade-santa-cruz-respalda-paro-del-transporte-pesado\/","og_site_name":"El Diario - Bolivia","article_publisher":"https:\/\/www.facebook.com\/eldiario.bolivia\/","article_published_time":"2024-06-15T10:54:48+00:00","og_image":[{"width":720,"height":400,"url":"https:\/\/www.eldiario.net\/portal\/wp-content\/uploads\/2024\/06\/73-NAL-1.jpg","type":"image\/jpeg"}],"author":"Jeanette","twitter_card":"summary_large_image","twitter_creator":"@eldiario_net","twitter_site":"@eldiario_net","twitter_misc":{"Escrito por":"Jeanette","Tiempo de lectura":"3 minutos"},"schema":{"@context":"https:\/\/schema.org","@graph":[{"@type":"Article","@id":"https:\/\/www.eldiario.net\/portal\/2024\/06\/15\/conade-santa-cruz-respalda-paro-del-transporte-pesado\/#article","isPartOf":{"@id":"https:\/\/www.eldiario.net\/portal\/2024\/06\/15\/conade-santa-cruz-respalda-paro-del-transporte-pesado\/"},"author":{"name":"Jeanette","@id":"https:\/\/www.eldiario.net\/portal\/#\/schema\/person\/f46445640444750d7d753ccd04ae01b7"},"headline":"Conade Santa Cruz respalda paro del transporte pesado","datePublished":"2024-06-15T10:54:48+00:00","mainEntityOfPage":{"@id":"https:\/\/www.eldiario.net\/portal\/2024\/06\/15\/conade-santa-cruz-respalda-paro-del-transporte-pesado\/"},"wordCount":446,"commentCount":0,"publisher":{"@id":"https:\/\/www.eldiario.net\/portal\/#organization"},"image":{"@id":"https:\/\/www.eldiario.net\/portal\/2024\/06\/15\/conade-santa-cruz-respalda-paro-del-transporte-pesado\/#primaryimage"},"thumbnailUrl":"https:\/\/www.eldiario.net\/portal\/wp-content\/uploads\/2024\/06\/73-NAL-1.jpg","articleSection":["Nacional"],"inLanguage":"es","potentialAction":[{"@type":"CommentAction","name":"Comment","target":["https:\/\/www.eldiario.net\/portal\/2024\/06\/15\/conade-santa-cruz-respalda-paro-del-transporte-pesado\/#respond"]}]},{"@type":"WebPage","@id":"https:\/\/www.eldiario.net\/portal\/2024\/06\/15\/conade-santa-cruz-respalda-paro-del-transporte-pesado\/","url":"https:\/\/www.eldiario.net\/portal\/2024\/06\/15\/conade-santa-cruz-respalda-paro-del-transporte-pesado\/","name":"Conade Santa Cruz respalda paro del transporte pesado - El Diario - Bolivia","isPartOf":{"@id":"https:\/\/www.eldiario.net\/portal\/#website"},"primaryImageOfPage":{"@id":"https:\/\/www.eldiario.net\/portal\/2024\/06\/15\/conade-santa-cruz-respalda-paro-del-transporte-pesado\/#primaryimage"},"image":{"@id":"https:\/\/www.eldiario.net\/portal\/2024\/06\/15\/conade-santa-cruz-respalda-paro-del-transporte-pesado\/#primaryimage"},"thumbnailUrl":"https:\/\/www.eldiario.net\/portal\/wp-content\/uploads\/2024\/06\/73-NAL-1.jpg","datePublished":"2024-06-15T10:54:48+00:00","breadcrumb":{"@id":"https:\/\/www.eldiario.net\/portal\/2024\/06\/15\/conade-santa-cruz-respalda-paro-del-transporte-pesado\/#breadcrumb"},"inLanguage":"es","potentialAction":[{"@type":"ReadAction","target":["https:\/\/www.eldiario.net\/portal\/2024\/06\/15\/conade-santa-cruz-respalda-paro-del-transporte-pesado\/"]}]},{"@type":"ImageObject","inLanguage":"es","@id":"https:\/\/www.eldiario.net\/portal\/2024\/06\/15\/conade-santa-cruz-respalda-paro-del-transporte-pesado\/#primaryimage","url":"https:\/\/www.eldiario.net\/portal\/wp-content\/uploads\/2024\/06\/73-NAL-1.jpg","contentUrl":"https:\/\/www.eldiario.net\/portal\/wp-content\/uploads\/2024\/06\/73-NAL-1.jpg","width":720,"height":400,"caption":"los Representantes del Conade Santa Cruz."},{"@type":"BreadcrumbList","@id":"https:\/\/www.eldiario.net\/portal\/2024\/06\/15\/conade-santa-cruz-respalda-paro-del-transporte-pesado\/#breadcrumb","itemListElement":[{"@type":"ListItem","position":1,"name":"Portada","item":"https:\/\/www.eldiario.net\/portal\/"},{"@type":"ListItem","position":2,"name":"Conade Santa Cruz respalda paro del transporte pesado"}]},{"@type":"WebSite","@id":"https:\/\/www.eldiario.net\/portal\/#website","url":"https:\/\/www.eldiario.net\/portal\/","name":"El Diario - Decano de la prensa nacional","description":"El Diario - Decano de la prensa nacional","publisher":{"@id":"https:\/\/www.eldiario.net\/portal\/#organization"},"potentialAction":[{"@type":"SearchAction","target":{"@type":"EntryPoint","urlTemplate":"https:\/\/www.eldiario.net\/portal\/?s={search_term_string}"},"query-input":{"@type":"PropertyValueSpecification","valueRequired":true,"valueName":"search_term_string"}}],"inLanguage":"es"},{"@type":"Organization","@id":"https:\/\/www.eldiario.net\/portal\/#organization","name":"El Diario - Decano de la prensa nacional","url":"https:\/\/www.eldiario.net\/portal\/","logo":{"@type":"ImageObject","inLanguage":"es","@id":"https:\/\/www.eldiario.net\/portal\/#\/schema\/logo\/image\/","url":"https:\/\/www.eldiario.net\/portal\/wp-content\/uploads\/2023\/07\/logo_ED.jpg","contentUrl":"https:\/\/www.eldiario.net\/portal\/wp-content\/uploads\/2023\/07\/logo_ED.jpg","width":272,"height":52,"caption":"El Diario - Decano de la prensa nacional"},"image":{"@id":"https:\/\/www.eldiario.net\/portal\/#\/schema\/logo\/image\/"},"sameAs":["https:\/\/www.facebook.com\/eldiario.bolivia\/","https:\/\/x.com\/eldiario_net"]},{"@type":"Person","@id":"https:\/\/www.eldiario.net\/portal\/#\/schema\/person\/f46445640444750d7d753ccd04ae01b7","name":"Jeanette","image":{"@type":"ImageObject","inLanguage":"es","@id":"https:\/\/secure.gravatar.com\/avatar\/3ea2118a5f7dad2b7138b1187a6b7ee55f160b9968b66013c3a3ef39dd7e5798?s=96&d=mm&r=g","url":"https:\/\/secure.gravatar.com\/avatar\/3ea2118a5f7dad2b7138b1187a6b7ee55f160b9968b66013c3a3ef39dd7e5798?s=96&d=mm&r=g","contentUrl":"https:\/\/secure.gravatar.com\/avatar\/3ea2118a5f7dad2b7138b1187a6b7ee55f160b9968b66013c3a3ef39dd7e5798?s=96&d=mm&r=g","caption":"Jeanette"},"sameAs":["https:\/\/www.eldiario.net\/portal"],"url":"https:\/\/www.eldiario.net\/portal\/author\/jeanette\/"}]}},"_links":{"self":[{"href":"https:\/\/www.eldiario.net\/portal\/wp-json\/wp\/v2\/posts\/227234","targetHints":{"allow":["GET"]}}],"collection":[{"href":"https:\/\/www.eldiario.net\/portal\/wp-json\/wp\/v2\/posts"}],"about":[{"href":"https:\/\/www.eldiario.net\/portal\/wp-json\/wp\/v2\/types\/post"}],"author":[{"embeddable":true,"href":"https:\/\/www.eldiario.net\/portal\/wp-json\/wp\/v2\/users\/1"}],"replies":[{"embeddable":true,"href":"https:\/\/www.eldiario.net\/portal\/wp-json\/wp\/v2\/comments?post=227234"}],"version-history":[{"count":1,"href":"https:\/\/www.eldiario.net\/portal\/wp-json\/wp\/v2\/posts\/227234\/revisions"}],"predecessor-version":[{"id":227236,"href":"https:\/\/www.eldiario.net\/portal\/wp-json\/wp\/v2\/posts\/227234\/revisions\/227236"}],"wp:featuredmedia":[{"embeddable":true,"href":"https:\/\/www.eldiario.net\/portal\/wp-json\/wp\/v2\/media\/227235"}],"wp:attachment":[{"href":"https:\/\/www.eldiario.net\/portal\/wp-json\/wp\/v2\/media?parent=227234"}],"wp:term":[{"taxonomy":"category","embeddable":true,"href":"https:\/\/www.eldiario.net\/portal\/wp-json\/wp\/v2\/categories?post=227234"},{"taxonomy":"post_tag","embeddable":true,"href":"https:\/\/www.eldiario.net\/portal\/wp-json\/wp\/v2\/tags?post=227234"}],"curies":[{"name":"wp","href":"https:\/\/api.w.org\/{rel}","templated":true}]}}