{"id":227226,"date":"2024-06-15T06:47:33","date_gmt":"2024-06-15T10:47:33","guid":{"rendered":"https:\/\/www.eldiario.net\/portal\/?p=227226"},"modified":"2024-06-15T06:47:33","modified_gmt":"2024-06-15T10:47:33","slug":"medicos-confirman-paro-de-96-horas-desde-el-lunes","status":"publish","type":"post","link":"https:\/\/www.eldiario.net\/portal\/2024\/06\/15\/medicos-confirman-paro-de-96-horas-desde-el-lunes\/","title":{"rendered":"M\u00e9dicos confirman paro de 96 horas desde el lunes"},"content":{"rendered":"<p>Los m\u00e9dicos del Sindicato de Ramas M\u00e9dicas de Salud P\u00fablica anunciaron que cumplir\u00e1n un paro de 96 horas a partir del lunes 17 de junio, ante la negativa del Gobierno en abrogar el proyecto de ley de la \u201cjubilaci\u00f3n forzosa\u201d.<br \/>\n\u201cAnte el rechazo del Gobierno de anular la disposici\u00f3n de la Jubilaci\u00f3n Forzosa (Proyecto de Ley 035\/23-24). Se instruye: Proceder al paro de 96 horas, lunes 17, martes 18, mi\u00e9rcoles 19 y jueves 20 de junio\u201d, se\u00f1ala un instructivo del Sindicatos de Ramas M\u00e9dicas de Salud P\u00fablica (Sirmes) La Paz.<br \/>\nLos dirigentes m\u00e9dicos del denominado comit\u00e9 \u201cPor una Jubilaci\u00f3n Digna\u201d no ceden en su posici\u00f3n de eliminar el proyecto de ley 035 de Pensiones, la posibilidad de jubilaci\u00f3n a los 65 a\u00f1os, por lo que rompieron el di\u00e1logo en la Comisi\u00f3n de Planificaci\u00f3n y Pol\u00edtica Econ\u00f3mica de Diputados, y decidieron ir a un paro desde el siguiente lunes.<br \/>\nLa extrema medida de presi\u00f3n que convocaron los m\u00e9dicos coincide con el inicio del paro y bloqueo de parte del transporte pesado, al que se unieron gremiales y el denominado Conade.<br \/>\nPor otro lado, el presidente de la Comisi\u00f3n de Planificaci\u00f3n y Pol\u00edtica Econ\u00f3mica de la C\u00e1mara de Diputados, Omar Yujra, lament\u00f3 la actitud de los dirigentes m\u00e9dicos, quienes al dejar la mesa del di\u00e1logo confirmaron que el lunes empezar\u00e1 un paro del sector salud por 96 horas.<br \/>\nEl vicepresidente del Colegio M\u00e9dico de Bolivia, Romel Pereira, dijo a Unitel que las mesas de trabajo se prolongaron por tres meses, \u201cdonde ha habido una argumentaci\u00f3n jur\u00eddica y econ\u00f3mica\u201d, pero en las \u00faltimas horas recibieron comunicados que no condicen con sus demandas, entre ellos archivar la norma.<\/p>\n","protected":false},"excerpt":{"rendered":"<p>Los m\u00e9dicos del Sindicato de Ramas M\u00e9dicas de Salud P\u00fablica anunciaron que cumplir\u00e1n un paro de 96 horas a partir del lunes 17 de junio, ante la negativa del Gobierno en abrogar el proyecto de ley de la \u201cjubilaci\u00f3n forzosa\u201d. \u201cAnte el rechazo del Gobierno de anular la disposici\u00f3n de la Jubilaci\u00f3n Forzosa (Proyecto de [&hellip;]<\/p>\n","protected":false},"author":1,"featured_media":227227,"comment_status":"open","ping_status":"open","sticky":false,"template":"","format":"standard","meta":{"_acf_changed":false,"footnotes":""},"categories":[17],"tags":[],"class_list":["post-227226","post","type-post","status-publish","format-standard","has-post-thumbnail","category-principal"],"acf":{"antetitulo":"Tras ruptura de di\u00e1logo"},"yoast_head":"<!-- This site is optimized with the Yoast SEO plugin v28.4 - https:\/\/yoast.com\/product\/yoast-seo-wordpress\/ -->\n<title>M\u00e9dicos confirman paro de 96 horas desde el lunes - El Diario - Bolivia<\/title>\n<meta name=\"robots\" content=\"index, follow, max-snippet:-1, max-image-preview:large, max-video-preview:-1\" \/>\n<link rel=\"canonical\" href=\"https:\/\/www.eldiario.net\/portal\/2024\/06\/15\/medicos-confirman-paro-de-96-horas-desde-el-lunes\/\" \/>\n<meta property=\"og:locale\" content=\"es_ES\" \/>\n<meta property=\"og:type\" content=\"article\" \/>\n<meta property=\"og:title\" content=\"M\u00e9dicos confirman paro de 96 horas desde el lunes - El Diario - Bolivia\" \/>\n<meta property=\"og:description\" content=\"Los m\u00e9dicos del Sindicato de Ramas M\u00e9dicas de Salud P\u00fablica anunciaron que cumplir\u00e1n un paro de 96 horas a partir del lunes 17 de junio, ante la negativa del Gobierno en abrogar el proyecto de ley de la \u201cjubilaci\u00f3n forzosa\u201d. \u201cAnte el rechazo del Gobierno de anular la disposici\u00f3n de la Jubilaci\u00f3n Forzosa (Proyecto de [&hellip;]\" \/>\n<meta property=\"og:url\" content=\"https:\/\/www.eldiario.net\/portal\/2024\/06\/15\/medicos-confirman-paro-de-96-horas-desde-el-lunes\/\" \/>\n<meta property=\"og:site_name\" content=\"El Diario - Bolivia\" \/>\n<meta property=\"article:publisher\" content=\"https:\/\/www.facebook.com\/eldiario.bolivia\/\" \/>\n<meta property=\"article:published_time\" content=\"2024-06-15T10:47:33+00:00\" \/>\n<meta property=\"og:image\" content=\"https:\/\/www.eldiario.net\/portal\/wp-content\/uploads\/2024\/06\/P-1-20-cm-x-10-3.jpg\" \/>\n\t<meta property=\"og:image:width\" content=\"1200\" \/>\n\t<meta property=\"og:image:height\" content=\"800\" \/>\n\t<meta property=\"og:image:type\" content=\"image\/jpeg\" \/>\n<meta name=\"author\" content=\"Jeanette\" \/>\n<meta name=\"twitter:card\" content=\"summary_large_image\" \/>\n<meta name=\"twitter:creator\" content=\"@eldiario_net\" \/>\n<meta name=\"twitter:site\" content=\"@eldiario_net\" \/>\n<meta name=\"twitter:label1\" content=\"Escrito por\" \/>\n\t<meta name=\"twitter:data1\" content=\"Jeanette\" \/>\n\t<meta name=\"twitter:label2\" content=\"Tiempo de lectura\" \/>\n\t<meta name=\"twitter:data2\" content=\"2 minutos\" \/>\n<script type=\"application\/ld+json\" class=\"yoast-schema-graph\">{\"@context\":\"https:\\\/\\\/schema.org\",\"@graph\":[{\"@type\":\"Article\",\"@id\":\"https:\\\/\\\/www.eldiario.net\\\/portal\\\/2024\\\/06\\\/15\\\/medicos-confirman-paro-de-96-horas-desde-el-lunes\\\/#article\",\"isPartOf\":{\"@id\":\"https:\\\/\\\/www.eldiario.net\\\/portal\\\/2024\\\/06\\\/15\\\/medicos-confirman-paro-de-96-horas-desde-el-lunes\\\/\"},\"author\":{\"name\":\"Jeanette\",\"@id\":\"https:\\\/\\\/www.eldiario.net\\\/portal\\\/#\\\/schema\\\/person\\\/f46445640444750d7d753ccd04ae01b7\"},\"headline\":\"M\u00e9dicos confirman paro de 96 horas desde el lunes\",\"datePublished\":\"2024-06-15T10:47:33+00:00\",\"mainEntityOfPage\":{\"@id\":\"https:\\\/\\\/www.eldiario.net\\\/portal\\\/2024\\\/06\\\/15\\\/medicos-confirman-paro-de-96-horas-desde-el-lunes\\\/\"},\"wordCount\":307,\"commentCount\":0,\"publisher\":{\"@id\":\"https:\\\/\\\/www.eldiario.net\\\/portal\\\/#organization\"},\"image\":{\"@id\":\"https:\\\/\\\/www.eldiario.net\\\/portal\\\/2024\\\/06\\\/15\\\/medicos-confirman-paro-de-96-horas-desde-el-lunes\\\/#primaryimage\"},\"thumbnailUrl\":\"https:\\\/\\\/www.eldiario.net\\\/portal\\\/wp-content\\\/uploads\\\/2024\\\/06\\\/P-1-20-cm-x-10-3.jpg\",\"articleSection\":[\"Principal\"],\"inLanguage\":\"es\",\"potentialAction\":[{\"@type\":\"CommentAction\",\"name\":\"Comment\",\"target\":[\"https:\\\/\\\/www.eldiario.net\\\/portal\\\/2024\\\/06\\\/15\\\/medicos-confirman-paro-de-96-horas-desde-el-lunes\\\/#respond\"]}]},{\"@type\":\"WebPage\",\"@id\":\"https:\\\/\\\/www.eldiario.net\\\/portal\\\/2024\\\/06\\\/15\\\/medicos-confirman-paro-de-96-horas-desde-el-lunes\\\/\",\"url\":\"https:\\\/\\\/www.eldiario.net\\\/portal\\\/2024\\\/06\\\/15\\\/medicos-confirman-paro-de-96-horas-desde-el-lunes\\\/\",\"name\":\"M\u00e9dicos confirman paro de 96 horas desde el lunes - El Diario - Bolivia\",\"isPartOf\":{\"@id\":\"https:\\\/\\\/www.eldiario.net\\\/portal\\\/#website\"},\"primaryImageOfPage\":{\"@id\":\"https:\\\/\\\/www.eldiario.net\\\/portal\\\/2024\\\/06\\\/15\\\/medicos-confirman-paro-de-96-horas-desde-el-lunes\\\/#primaryimage\"},\"image\":{\"@id\":\"https:\\\/\\\/www.eldiario.net\\\/portal\\\/2024\\\/06\\\/15\\\/medicos-confirman-paro-de-96-horas-desde-el-lunes\\\/#primaryimage\"},\"thumbnailUrl\":\"https:\\\/\\\/www.eldiario.net\\\/portal\\\/wp-content\\\/uploads\\\/2024\\\/06\\\/P-1-20-cm-x-10-3.jpg\",\"datePublished\":\"2024-06-15T10:47:33+00:00\",\"breadcrumb\":{\"@id\":\"https:\\\/\\\/www.eldiario.net\\\/portal\\\/2024\\\/06\\\/15\\\/medicos-confirman-paro-de-96-horas-desde-el-lunes\\\/#breadcrumb\"},\"inLanguage\":\"es\",\"potentialAction\":[{\"@type\":\"ReadAction\",\"target\":[\"https:\\\/\\\/www.eldiario.net\\\/portal\\\/2024\\\/06\\\/15\\\/medicos-confirman-paro-de-96-horas-desde-el-lunes\\\/\"]}]},{\"@type\":\"ImageObject\",\"inLanguage\":\"es\",\"@id\":\"https:\\\/\\\/www.eldiario.net\\\/portal\\\/2024\\\/06\\\/15\\\/medicos-confirman-paro-de-96-horas-desde-el-lunes\\\/#primaryimage\",\"url\":\"https:\\\/\\\/www.eldiario.net\\\/portal\\\/wp-content\\\/uploads\\\/2024\\\/06\\\/P-1-20-cm-x-10-3.jpg\",\"contentUrl\":\"https:\\\/\\\/www.eldiario.net\\\/portal\\\/wp-content\\\/uploads\\\/2024\\\/06\\\/P-1-20-cm-x-10-3.jpg\",\"width\":1200,\"height\":800},{\"@type\":\"BreadcrumbList\",\"@id\":\"https:\\\/\\\/www.eldiario.net\\\/portal\\\/2024\\\/06\\\/15\\\/medicos-confirman-paro-de-96-horas-desde-el-lunes\\\/#breadcrumb\",\"itemListElement\":[{\"@type\":\"ListItem\",\"position\":1,\"name\":\"Portada\",\"item\":\"https:\\\/\\\/www.eldiario.net\\\/portal\\\/\"},{\"@type\":\"ListItem\",\"position\":2,\"name\":\"M\u00e9dicos confirman paro de 96 horas desde el lunes\"}]},{\"@type\":\"WebSite\",\"@id\":\"https:\\\/\\\/www.eldiario.net\\\/portal\\\/#website\",\"url\":\"https:\\\/\\\/www.eldiario.net\\\/portal\\\/\",\"name\":\"El Diario - Decano de la prensa nacional\",\"description\":\"El Diario - Decano de la prensa nacional\",\"publisher\":{\"@id\":\"https:\\\/\\\/www.eldiario.net\\\/portal\\\/#organization\"},\"potentialAction\":[{\"@type\":\"SearchAction\",\"target\":{\"@type\":\"EntryPoint\",\"urlTemplate\":\"https:\\\/\\\/www.eldiario.net\\\/portal\\\/?s={search_term_string}\"},\"query-input\":{\"@type\":\"PropertyValueSpecification\",\"valueRequired\":true,\"valueName\":\"search_term_string\"}}],\"inLanguage\":\"es\"},{\"@type\":\"Organization\",\"@id\":\"https:\\\/\\\/www.eldiario.net\\\/portal\\\/#organization\",\"name\":\"El Diario - Decano de la prensa nacional\",\"url\":\"https:\\\/\\\/www.eldiario.net\\\/portal\\\/\",\"logo\":{\"@type\":\"ImageObject\",\"inLanguage\":\"es\",\"@id\":\"https:\\\/\\\/www.eldiario.net\\\/portal\\\/#\\\/schema\\\/logo\\\/image\\\/\",\"url\":\"https:\\\/\\\/www.eldiario.net\\\/portal\\\/wp-content\\\/uploads\\\/2023\\\/07\\\/logo_ED.jpg\",\"contentUrl\":\"https:\\\/\\\/www.eldiario.net\\\/portal\\\/wp-content\\\/uploads\\\/2023\\\/07\\\/logo_ED.jpg\",\"width\":272,\"height\":52,\"caption\":\"El Diario - Decano de la prensa nacional\"},\"image\":{\"@id\":\"https:\\\/\\\/www.eldiario.net\\\/portal\\\/#\\\/schema\\\/logo\\\/image\\\/\"},\"sameAs\":[\"https:\\\/\\\/www.facebook.com\\\/eldiario.bolivia\\\/\",\"https:\\\/\\\/x.com\\\/eldiario_net\"]},{\"@type\":\"Person\",\"@id\":\"https:\\\/\\\/www.eldiario.net\\\/portal\\\/#\\\/schema\\\/person\\\/f46445640444750d7d753ccd04ae01b7\",\"name\":\"Jeanette\",\"image\":{\"@type\":\"ImageObject\",\"inLanguage\":\"es\",\"@id\":\"https:\\\/\\\/secure.gravatar.com\\\/avatar\\\/3ea2118a5f7dad2b7138b1187a6b7ee55f160b9968b66013c3a3ef39dd7e5798?s=96&d=mm&r=g\",\"url\":\"https:\\\/\\\/secure.gravatar.com\\\/avatar\\\/3ea2118a5f7dad2b7138b1187a6b7ee55f160b9968b66013c3a3ef39dd7e5798?s=96&d=mm&r=g\",\"contentUrl\":\"https:\\\/\\\/secure.gravatar.com\\\/avatar\\\/3ea2118a5f7dad2b7138b1187a6b7ee55f160b9968b66013c3a3ef39dd7e5798?s=96&d=mm&r=g\",\"caption\":\"Jeanette\"},\"sameAs\":[\"https:\\\/\\\/www.eldiario.net\\\/portal\"],\"url\":\"https:\\\/\\\/www.eldiario.net\\\/portal\\\/author\\\/jeanette\\\/\"}]}<\/script>\n<!-- \/ Yoast SEO plugin. -->","yoast_head_json":{"title":"M\u00e9dicos confirman paro de 96 horas desde el lunes - El Diario - Bolivia","robots":{"index":"index","follow":"follow","max-snippet":"max-snippet:-1","max-image-preview":"max-image-preview:large","max-video-preview":"max-video-preview:-1"},"canonical":"https:\/\/www.eldiario.net\/portal\/2024\/06\/15\/medicos-confirman-paro-de-96-horas-desde-el-lunes\/","og_locale":"es_ES","og_type":"article","og_title":"M\u00e9dicos confirman paro de 96 horas desde el lunes - El Diario - Bolivia","og_description":"Los m\u00e9dicos del Sindicato de Ramas M\u00e9dicas de Salud P\u00fablica anunciaron que cumplir\u00e1n un paro de 96 horas a partir del lunes 17 de junio, ante la negativa del Gobierno en abrogar el proyecto de ley de la \u201cjubilaci\u00f3n forzosa\u201d. \u201cAnte el rechazo del Gobierno de anular la disposici\u00f3n de la Jubilaci\u00f3n Forzosa (Proyecto de [&hellip;]","og_url":"https:\/\/www.eldiario.net\/portal\/2024\/06\/15\/medicos-confirman-paro-de-96-horas-desde-el-lunes\/","og_site_name":"El Diario - Bolivia","article_publisher":"https:\/\/www.facebook.com\/eldiario.bolivia\/","article_published_time":"2024-06-15T10:47:33+00:00","og_image":[{"width":1200,"height":800,"url":"https:\/\/www.eldiario.net\/portal\/wp-content\/uploads\/2024\/06\/P-1-20-cm-x-10-3.jpg","type":"image\/jpeg"}],"author":"Jeanette","twitter_card":"summary_large_image","twitter_creator":"@eldiario_net","twitter_site":"@eldiario_net","twitter_misc":{"Escrito por":"Jeanette","Tiempo de lectura":"2 minutos"},"schema":{"@context":"https:\/\/schema.org","@graph":[{"@type":"Article","@id":"https:\/\/www.eldiario.net\/portal\/2024\/06\/15\/medicos-confirman-paro-de-96-horas-desde-el-lunes\/#article","isPartOf":{"@id":"https:\/\/www.eldiario.net\/portal\/2024\/06\/15\/medicos-confirman-paro-de-96-horas-desde-el-lunes\/"},"author":{"name":"Jeanette","@id":"https:\/\/www.eldiario.net\/portal\/#\/schema\/person\/f46445640444750d7d753ccd04ae01b7"},"headline":"M\u00e9dicos confirman paro de 96 horas desde el lunes","datePublished":"2024-06-15T10:47:33+00:00","mainEntityOfPage":{"@id":"https:\/\/www.eldiario.net\/portal\/2024\/06\/15\/medicos-confirman-paro-de-96-horas-desde-el-lunes\/"},"wordCount":307,"commentCount":0,"publisher":{"@id":"https:\/\/www.eldiario.net\/portal\/#organization"},"image":{"@id":"https:\/\/www.eldiario.net\/portal\/2024\/06\/15\/medicos-confirman-paro-de-96-horas-desde-el-lunes\/#primaryimage"},"thumbnailUrl":"https:\/\/www.eldiario.net\/portal\/wp-content\/uploads\/2024\/06\/P-1-20-cm-x-10-3.jpg","articleSection":["Principal"],"inLanguage":"es","potentialAction":[{"@type":"CommentAction","name":"Comment","target":["https:\/\/www.eldiario.net\/portal\/2024\/06\/15\/medicos-confirman-paro-de-96-horas-desde-el-lunes\/#respond"]}]},{"@type":"WebPage","@id":"https:\/\/www.eldiario.net\/portal\/2024\/06\/15\/medicos-confirman-paro-de-96-horas-desde-el-lunes\/","url":"https:\/\/www.eldiario.net\/portal\/2024\/06\/15\/medicos-confirman-paro-de-96-horas-desde-el-lunes\/","name":"M\u00e9dicos confirman paro de 96 horas desde el lunes - El Diario - Bolivia","isPartOf":{"@id":"https:\/\/www.eldiario.net\/portal\/#website"},"primaryImageOfPage":{"@id":"https:\/\/www.eldiario.net\/portal\/2024\/06\/15\/medicos-confirman-paro-de-96-horas-desde-el-lunes\/#primaryimage"},"image":{"@id":"https:\/\/www.eldiario.net\/portal\/2024\/06\/15\/medicos-confirman-paro-de-96-horas-desde-el-lunes\/#primaryimage"},"thumbnailUrl":"https:\/\/www.eldiario.net\/portal\/wp-content\/uploads\/2024\/06\/P-1-20-cm-x-10-3.jpg","datePublished":"2024-06-15T10:47:33+00:00","breadcrumb":{"@id":"https:\/\/www.eldiario.net\/portal\/2024\/06\/15\/medicos-confirman-paro-de-96-horas-desde-el-lunes\/#breadcrumb"},"inLanguage":"es","potentialAction":[{"@type":"ReadAction","target":["https:\/\/www.eldiario.net\/portal\/2024\/06\/15\/medicos-confirman-paro-de-96-horas-desde-el-lunes\/"]}]},{"@type":"ImageObject","inLanguage":"es","@id":"https:\/\/www.eldiario.net\/portal\/2024\/06\/15\/medicos-confirman-paro-de-96-horas-desde-el-lunes\/#primaryimage","url":"https:\/\/www.eldiario.net\/portal\/wp-content\/uploads\/2024\/06\/P-1-20-cm-x-10-3.jpg","contentUrl":"https:\/\/www.eldiario.net\/portal\/wp-content\/uploads\/2024\/06\/P-1-20-cm-x-10-3.jpg","width":1200,"height":800},{"@type":"BreadcrumbList","@id":"https:\/\/www.eldiario.net\/portal\/2024\/06\/15\/medicos-confirman-paro-de-96-horas-desde-el-lunes\/#breadcrumb","itemListElement":[{"@type":"ListItem","position":1,"name":"Portada","item":"https:\/\/www.eldiario.net\/portal\/"},{"@type":"ListItem","position":2,"name":"M\u00e9dicos confirman paro de 96 horas desde el lunes"}]},{"@type":"WebSite","@id":"https:\/\/www.eldiario.net\/portal\/#website","url":"https:\/\/www.eldiario.net\/portal\/","name":"El Diario - Decano de la prensa nacional","description":"El Diario - Decano de la prensa nacional","publisher":{"@id":"https:\/\/www.eldiario.net\/portal\/#organization"},"potentialAction":[{"@type":"SearchAction","target":{"@type":"EntryPoint","urlTemplate":"https:\/\/www.eldiario.net\/portal\/?s={search_term_string}"},"query-input":{"@type":"PropertyValueSpecification","valueRequired":true,"valueName":"search_term_string"}}],"inLanguage":"es"},{"@type":"Organization","@id":"https:\/\/www.eldiario.net\/portal\/#organization","name":"El Diario - Decano de la prensa nacional","url":"https:\/\/www.eldiario.net\/portal\/","logo":{"@type":"ImageObject","inLanguage":"es","@id":"https:\/\/www.eldiario.net\/portal\/#\/schema\/logo\/image\/","url":"https:\/\/www.eldiario.net\/portal\/wp-content\/uploads\/2023\/07\/logo_ED.jpg","contentUrl":"https:\/\/www.eldiario.net\/portal\/wp-content\/uploads\/2023\/07\/logo_ED.jpg","width":272,"height":52,"caption":"El Diario - Decano de la prensa nacional"},"image":{"@id":"https:\/\/www.eldiario.net\/portal\/#\/schema\/logo\/image\/"},"sameAs":["https:\/\/www.facebook.com\/eldiario.bolivia\/","https:\/\/x.com\/eldiario_net"]},{"@type":"Person","@id":"https:\/\/www.eldiario.net\/portal\/#\/schema\/person\/f46445640444750d7d753ccd04ae01b7","name":"Jeanette","image":{"@type":"ImageObject","inLanguage":"es","@id":"https:\/\/secure.gravatar.com\/avatar\/3ea2118a5f7dad2b7138b1187a6b7ee55f160b9968b66013c3a3ef39dd7e5798?s=96&d=mm&r=g","url":"https:\/\/secure.gravatar.com\/avatar\/3ea2118a5f7dad2b7138b1187a6b7ee55f160b9968b66013c3a3ef39dd7e5798?s=96&d=mm&r=g","contentUrl":"https:\/\/secure.gravatar.com\/avatar\/3ea2118a5f7dad2b7138b1187a6b7ee55f160b9968b66013c3a3ef39dd7e5798?s=96&d=mm&r=g","caption":"Jeanette"},"sameAs":["https:\/\/www.eldiario.net\/portal"],"url":"https:\/\/www.eldiario.net\/portal\/author\/jeanette\/"}]}},"_links":{"self":[{"href":"https:\/\/www.eldiario.net\/portal\/wp-json\/wp\/v2\/posts\/227226","targetHints":{"allow":["GET"]}}],"collection":[{"href":"https:\/\/www.eldiario.net\/portal\/wp-json\/wp\/v2\/posts"}],"about":[{"href":"https:\/\/www.eldiario.net\/portal\/wp-json\/wp\/v2\/types\/post"}],"author":[{"embeddable":true,"href":"https:\/\/www.eldiario.net\/portal\/wp-json\/wp\/v2\/users\/1"}],"replies":[{"embeddable":true,"href":"https:\/\/www.eldiario.net\/portal\/wp-json\/wp\/v2\/comments?post=227226"}],"version-history":[{"count":1,"href":"https:\/\/www.eldiario.net\/portal\/wp-json\/wp\/v2\/posts\/227226\/revisions"}],"predecessor-version":[{"id":227228,"href":"https:\/\/www.eldiario.net\/portal\/wp-json\/wp\/v2\/posts\/227226\/revisions\/227228"}],"wp:featuredmedia":[{"embeddable":true,"href":"https:\/\/www.eldiario.net\/portal\/wp-json\/wp\/v2\/media\/227227"}],"wp:attachment":[{"href":"https:\/\/www.eldiario.net\/portal\/wp-json\/wp\/v2\/media?parent=227226"}],"wp:term":[{"taxonomy":"category","embeddable":true,"href":"https:\/\/www.eldiario.net\/portal\/wp-json\/wp\/v2\/categories?post=227226"},{"taxonomy":"post_tag","embeddable":true,"href":"https:\/\/www.eldiario.net\/portal\/wp-json\/wp\/v2\/tags?post=227226"}],"curies":[{"name":"wp","href":"https:\/\/api.w.org\/{rel}","templated":true}]}}