{"id":227224,"date":"2024-06-15T06:46:23","date_gmt":"2024-06-15T10:46:23","guid":{"rendered":"https:\/\/www.eldiario.net\/portal\/?p=227224"},"modified":"2024-06-15T20:15:35","modified_gmt":"2024-06-16T00:15:35","slug":"transporte-pesado-y-el-gobierno-acuerdan-instalar-mesas-de-trabajo","status":"publish","type":"post","link":"https:\/\/www.eldiario.net\/portal\/2024\/06\/15\/transporte-pesado-y-el-gobierno-acuerdan-instalar-mesas-de-trabajo\/","title":{"rendered":"Transporte pesado y el Gobierno  acuerdan instalar mesas de trabajo"},"content":{"rendered":"<p class=\"v1MsoNormal\">Los dirigentes de la C\u00e1mara Boliviana de Transporte (CBT) acordaron con el Gobierno la instalaci\u00f3n de\u00a0las mesas de trabajo para atender el pliego de demandas durante esta jornada. La reuni\u00f3n acordada ser\u00e1 con el objetivo de evitar el bloqueo nacional indefinido desde el lunes.<\/p>\n<p class=\"v1MsoNormal\">La cita fue fijada luego de un encuentro previo entre el dirigente de la CBT, H\u00e9ctor Mercado, junto con el ministro de Obras P\u00fablicas Servicios y Vivienda, Edgar Monta\u00f1o, y un grupo de viceministros de diferentes \u00e1reas en la ciudad de Cochabamba.<\/p>\n<p class=\"v1MsoNormal\">Las mesas t\u00e9cnicas comenzar\u00e1n desde las 09.00 en las instalaciones de la C\u00e1mara Departamental de Transporte de Cochabamba (CDTC). Se prev\u00e9 adem\u00e1s la participaci\u00f3n de la presidenta de la Aduana Nacional, Karina Serrudo; de YPFB, Armin Dorgathen, y del Servicio de Impuestos Nacionales, Mario Caz\u00f3n.<\/p>\n<p class=\"v1MsoNormal\">\u00abSe va empezar con estas mesas de di\u00e1logo con estas mesas t\u00e9cnicas, para dar soluci\u00f3n caso por caso o sino de manera general tambi\u00e9n. Vamos a ir informando del avance a la poblaci\u00f3n para que se pueda evitar el bloqueo del d\u00eda lunes\u00bb, a\u00f1adi\u00f3 Monta\u00f1o.<\/p>\n<p class=\"v1MsoNormal\">Durante la reuni\u00f3n previa, Mercado indic\u00f3 que fue \u00abbastante acalorada\u00bb, pero que al final se acord\u00f3 que se instalar\u00e1n las mesas de trabajo. Para este s\u00e1bado, el dirigente indic\u00f3 que acudir\u00e1n los representantes del pa\u00eds del transporte pesado.<\/p>\n<p class=\"v1MsoNormal\">\u00a0\u00abCabe aclarar que nosotros no estamos firmando nada, estamos entrando en un di\u00e1logo para poder solucionar y que no se lleve a cabo el bloqueo el d\u00eda lunes, seguimos de pie y esperamos que el presidente (Luis Arce) solucione toda la problem\u00e1tica que vamos a llevar en las mesas de trabajo\u00bb, a\u00f1adi\u00f3.<\/p>\n<p class=\"v1MsoNormal\">Las principales demandas del transporte pesado son el abastecimiento de combustible, la falta de d\u00f3lares, entre otras.<\/p>\n<p class=\"v1MsoNormal\">Monta\u00f1o record\u00f3 que el domingo ya se encuentra agendado con el presidente Luis Arce la reuni\u00f3n con la CBT para escucharlos luego de haberse concluido con las mesas t\u00e9cnicas de trabajo con autoridades del Gobierno.<\/p>\n<p class=\"v1MsoNormal\">De no encontrarse soluciones a sus demandas, se mantiene presente el bloqueo indefino de carreteras del pa\u00eds con cierre de fronteras. En las \u00faltimas horas el Conade decidi\u00f3 sumarse a las movilizaciones en la capital cruce\u00f1a. (Erbol)<\/p>\n","protected":false},"excerpt":{"rendered":"<p>Los dirigentes de la C\u00e1mara Boliviana de Transporte (CBT) acordaron con el Gobierno la instalaci\u00f3n de\u00a0las mesas de trabajo para atender el pliego de demandas durante esta jornada. La reuni\u00f3n acordada ser\u00e1 con el objetivo de evitar el bloqueo nacional indefinido desde el lunes. La cita fue fijada luego de un encuentro previo entre el [&hellip;]<\/p>\n","protected":false},"author":1,"featured_media":227420,"comment_status":"open","ping_status":"open","sticky":false,"template":"","format":"standard","meta":{"_acf_changed":false,"footnotes":""},"categories":[15],"tags":[],"class_list":["post-227224","post","type-post","status-publish","format-standard","has-post-thumbnail","category-portada"],"acf":{"antetitulo":"Se buscan frenar los bloqueos"},"yoast_head":"<!-- This site is optimized with the Yoast SEO plugin v28.4 - https:\/\/yoast.com\/product\/yoast-seo-wordpress\/ -->\n<title>Transporte pesado y el Gobierno acuerdan instalar mesas de trabajo - El Diario - Bolivia<\/title>\n<meta name=\"robots\" content=\"index, follow, max-snippet:-1, max-image-preview:large, max-video-preview:-1\" \/>\n<link rel=\"canonical\" href=\"https:\/\/www.eldiario.net\/portal\/2024\/06\/15\/transporte-pesado-y-el-gobierno-acuerdan-instalar-mesas-de-trabajo\/\" \/>\n<meta property=\"og:locale\" content=\"es_ES\" \/>\n<meta property=\"og:type\" content=\"article\" \/>\n<meta property=\"og:title\" content=\"Transporte pesado y el Gobierno acuerdan instalar mesas de trabajo - El Diario - Bolivia\" \/>\n<meta property=\"og:description\" content=\"Los dirigentes de la C\u00e1mara Boliviana de Transporte (CBT) acordaron con el Gobierno la instalaci\u00f3n de\u00a0las mesas de trabajo para atender el pliego de demandas durante esta jornada. La reuni\u00f3n acordada ser\u00e1 con el objetivo de evitar el bloqueo nacional indefinido desde el lunes. La cita fue fijada luego de un encuentro previo entre el [&hellip;]\" \/>\n<meta property=\"og:url\" content=\"https:\/\/www.eldiario.net\/portal\/2024\/06\/15\/transporte-pesado-y-el-gobierno-acuerdan-instalar-mesas-de-trabajo\/\" \/>\n<meta property=\"og:site_name\" content=\"El Diario - Bolivia\" \/>\n<meta property=\"article:publisher\" content=\"https:\/\/www.facebook.com\/eldiario.bolivia\/\" \/>\n<meta property=\"article:published_time\" content=\"2024-06-15T10:46:23+00:00\" \/>\n<meta property=\"article:modified_time\" content=\"2024-06-16T00:15:35+00:00\" \/>\n<meta property=\"og:image\" content=\"https:\/\/www.eldiario.net\/portal\/wp-content\/uploads\/2024\/06\/reunion_transporte.jpg\" \/>\n\t<meta property=\"og:image:width\" content=\"1600\" \/>\n\t<meta property=\"og:image:height\" content=\"1066\" \/>\n\t<meta property=\"og:image:type\" content=\"image\/jpeg\" \/>\n<meta name=\"author\" content=\"Jeanette\" \/>\n<meta name=\"twitter:card\" content=\"summary_large_image\" \/>\n<meta name=\"twitter:creator\" content=\"@eldiario_net\" \/>\n<meta name=\"twitter:site\" content=\"@eldiario_net\" \/>\n<meta name=\"twitter:label1\" content=\"Escrito por\" \/>\n\t<meta name=\"twitter:data1\" content=\"Jeanette\" \/>\n\t<meta name=\"twitter:label2\" content=\"Tiempo de lectura\" \/>\n\t<meta name=\"twitter:data2\" content=\"2 minutos\" \/>\n<script type=\"application\/ld+json\" class=\"yoast-schema-graph\">{\"@context\":\"https:\\\/\\\/schema.org\",\"@graph\":[{\"@type\":\"Article\",\"@id\":\"https:\\\/\\\/www.eldiario.net\\\/portal\\\/2024\\\/06\\\/15\\\/transporte-pesado-y-el-gobierno-acuerdan-instalar-mesas-de-trabajo\\\/#article\",\"isPartOf\":{\"@id\":\"https:\\\/\\\/www.eldiario.net\\\/portal\\\/2024\\\/06\\\/15\\\/transporte-pesado-y-el-gobierno-acuerdan-instalar-mesas-de-trabajo\\\/\"},\"author\":{\"name\":\"Jeanette\",\"@id\":\"https:\\\/\\\/www.eldiario.net\\\/portal\\\/#\\\/schema\\\/person\\\/f46445640444750d7d753ccd04ae01b7\"},\"headline\":\"Transporte pesado y el Gobierno acuerdan instalar mesas de trabajo\",\"datePublished\":\"2024-06-15T10:46:23+00:00\",\"dateModified\":\"2024-06-16T00:15:35+00:00\",\"mainEntityOfPage\":{\"@id\":\"https:\\\/\\\/www.eldiario.net\\\/portal\\\/2024\\\/06\\\/15\\\/transporte-pesado-y-el-gobierno-acuerdan-instalar-mesas-de-trabajo\\\/\"},\"wordCount\":400,\"commentCount\":0,\"publisher\":{\"@id\":\"https:\\\/\\\/www.eldiario.net\\\/portal\\\/#organization\"},\"image\":{\"@id\":\"https:\\\/\\\/www.eldiario.net\\\/portal\\\/2024\\\/06\\\/15\\\/transporte-pesado-y-el-gobierno-acuerdan-instalar-mesas-de-trabajo\\\/#primaryimage\"},\"thumbnailUrl\":\"https:\\\/\\\/www.eldiario.net\\\/portal\\\/wp-content\\\/uploads\\\/2024\\\/06\\\/reunion_transporte.jpg\",\"articleSection\":[\"Portada\"],\"inLanguage\":\"es\",\"potentialAction\":[{\"@type\":\"CommentAction\",\"name\":\"Comment\",\"target\":[\"https:\\\/\\\/www.eldiario.net\\\/portal\\\/2024\\\/06\\\/15\\\/transporte-pesado-y-el-gobierno-acuerdan-instalar-mesas-de-trabajo\\\/#respond\"]}]},{\"@type\":\"WebPage\",\"@id\":\"https:\\\/\\\/www.eldiario.net\\\/portal\\\/2024\\\/06\\\/15\\\/transporte-pesado-y-el-gobierno-acuerdan-instalar-mesas-de-trabajo\\\/\",\"url\":\"https:\\\/\\\/www.eldiario.net\\\/portal\\\/2024\\\/06\\\/15\\\/transporte-pesado-y-el-gobierno-acuerdan-instalar-mesas-de-trabajo\\\/\",\"name\":\"Transporte pesado y el Gobierno acuerdan instalar mesas de trabajo - El Diario - Bolivia\",\"isPartOf\":{\"@id\":\"https:\\\/\\\/www.eldiario.net\\\/portal\\\/#website\"},\"primaryImageOfPage\":{\"@id\":\"https:\\\/\\\/www.eldiario.net\\\/portal\\\/2024\\\/06\\\/15\\\/transporte-pesado-y-el-gobierno-acuerdan-instalar-mesas-de-trabajo\\\/#primaryimage\"},\"image\":{\"@id\":\"https:\\\/\\\/www.eldiario.net\\\/portal\\\/2024\\\/06\\\/15\\\/transporte-pesado-y-el-gobierno-acuerdan-instalar-mesas-de-trabajo\\\/#primaryimage\"},\"thumbnailUrl\":\"https:\\\/\\\/www.eldiario.net\\\/portal\\\/wp-content\\\/uploads\\\/2024\\\/06\\\/reunion_transporte.jpg\",\"datePublished\":\"2024-06-15T10:46:23+00:00\",\"dateModified\":\"2024-06-16T00:15:35+00:00\",\"breadcrumb\":{\"@id\":\"https:\\\/\\\/www.eldiario.net\\\/portal\\\/2024\\\/06\\\/15\\\/transporte-pesado-y-el-gobierno-acuerdan-instalar-mesas-de-trabajo\\\/#breadcrumb\"},\"inLanguage\":\"es\",\"potentialAction\":[{\"@type\":\"ReadAction\",\"target\":[\"https:\\\/\\\/www.eldiario.net\\\/portal\\\/2024\\\/06\\\/15\\\/transporte-pesado-y-el-gobierno-acuerdan-instalar-mesas-de-trabajo\\\/\"]}]},{\"@type\":\"ImageObject\",\"inLanguage\":\"es\",\"@id\":\"https:\\\/\\\/www.eldiario.net\\\/portal\\\/2024\\\/06\\\/15\\\/transporte-pesado-y-el-gobierno-acuerdan-instalar-mesas-de-trabajo\\\/#primaryimage\",\"url\":\"https:\\\/\\\/www.eldiario.net\\\/portal\\\/wp-content\\\/uploads\\\/2024\\\/06\\\/reunion_transporte.jpg\",\"contentUrl\":\"https:\\\/\\\/www.eldiario.net\\\/portal\\\/wp-content\\\/uploads\\\/2024\\\/06\\\/reunion_transporte.jpg\",\"width\":1600,\"height\":1066},{\"@type\":\"BreadcrumbList\",\"@id\":\"https:\\\/\\\/www.eldiario.net\\\/portal\\\/2024\\\/06\\\/15\\\/transporte-pesado-y-el-gobierno-acuerdan-instalar-mesas-de-trabajo\\\/#breadcrumb\",\"itemListElement\":[{\"@type\":\"ListItem\",\"position\":1,\"name\":\"Portada\",\"item\":\"https:\\\/\\\/www.eldiario.net\\\/portal\\\/\"},{\"@type\":\"ListItem\",\"position\":2,\"name\":\"Transporte pesado y el Gobierno acuerdan instalar mesas de trabajo\"}]},{\"@type\":\"WebSite\",\"@id\":\"https:\\\/\\\/www.eldiario.net\\\/portal\\\/#website\",\"url\":\"https:\\\/\\\/www.eldiario.net\\\/portal\\\/\",\"name\":\"El Diario - Decano de la prensa nacional\",\"description\":\"El Diario - Decano de la prensa nacional\",\"publisher\":{\"@id\":\"https:\\\/\\\/www.eldiario.net\\\/portal\\\/#organization\"},\"potentialAction\":[{\"@type\":\"SearchAction\",\"target\":{\"@type\":\"EntryPoint\",\"urlTemplate\":\"https:\\\/\\\/www.eldiario.net\\\/portal\\\/?s={search_term_string}\"},\"query-input\":{\"@type\":\"PropertyValueSpecification\",\"valueRequired\":true,\"valueName\":\"search_term_string\"}}],\"inLanguage\":\"es\"},{\"@type\":\"Organization\",\"@id\":\"https:\\\/\\\/www.eldiario.net\\\/portal\\\/#organization\",\"name\":\"El Diario - Decano de la prensa nacional\",\"url\":\"https:\\\/\\\/www.eldiario.net\\\/portal\\\/\",\"logo\":{\"@type\":\"ImageObject\",\"inLanguage\":\"es\",\"@id\":\"https:\\\/\\\/www.eldiario.net\\\/portal\\\/#\\\/schema\\\/logo\\\/image\\\/\",\"url\":\"https:\\\/\\\/www.eldiario.net\\\/portal\\\/wp-content\\\/uploads\\\/2023\\\/07\\\/logo_ED.jpg\",\"contentUrl\":\"https:\\\/\\\/www.eldiario.net\\\/portal\\\/wp-content\\\/uploads\\\/2023\\\/07\\\/logo_ED.jpg\",\"width\":272,\"height\":52,\"caption\":\"El Diario - Decano de la prensa nacional\"},\"image\":{\"@id\":\"https:\\\/\\\/www.eldiario.net\\\/portal\\\/#\\\/schema\\\/logo\\\/image\\\/\"},\"sameAs\":[\"https:\\\/\\\/www.facebook.com\\\/eldiario.bolivia\\\/\",\"https:\\\/\\\/x.com\\\/eldiario_net\"]},{\"@type\":\"Person\",\"@id\":\"https:\\\/\\\/www.eldiario.net\\\/portal\\\/#\\\/schema\\\/person\\\/f46445640444750d7d753ccd04ae01b7\",\"name\":\"Jeanette\",\"image\":{\"@type\":\"ImageObject\",\"inLanguage\":\"es\",\"@id\":\"https:\\\/\\\/secure.gravatar.com\\\/avatar\\\/3ea2118a5f7dad2b7138b1187a6b7ee55f160b9968b66013c3a3ef39dd7e5798?s=96&d=mm&r=g\",\"url\":\"https:\\\/\\\/secure.gravatar.com\\\/avatar\\\/3ea2118a5f7dad2b7138b1187a6b7ee55f160b9968b66013c3a3ef39dd7e5798?s=96&d=mm&r=g\",\"contentUrl\":\"https:\\\/\\\/secure.gravatar.com\\\/avatar\\\/3ea2118a5f7dad2b7138b1187a6b7ee55f160b9968b66013c3a3ef39dd7e5798?s=96&d=mm&r=g\",\"caption\":\"Jeanette\"},\"sameAs\":[\"https:\\\/\\\/www.eldiario.net\\\/portal\"],\"url\":\"https:\\\/\\\/www.eldiario.net\\\/portal\\\/author\\\/jeanette\\\/\"}]}<\/script>\n<!-- \/ Yoast SEO plugin. -->","yoast_head_json":{"title":"Transporte pesado y el Gobierno acuerdan instalar mesas de trabajo - El Diario - Bolivia","robots":{"index":"index","follow":"follow","max-snippet":"max-snippet:-1","max-image-preview":"max-image-preview:large","max-video-preview":"max-video-preview:-1"},"canonical":"https:\/\/www.eldiario.net\/portal\/2024\/06\/15\/transporte-pesado-y-el-gobierno-acuerdan-instalar-mesas-de-trabajo\/","og_locale":"es_ES","og_type":"article","og_title":"Transporte pesado y el Gobierno acuerdan instalar mesas de trabajo - El Diario - Bolivia","og_description":"Los dirigentes de la C\u00e1mara Boliviana de Transporte (CBT) acordaron con el Gobierno la instalaci\u00f3n de\u00a0las mesas de trabajo para atender el pliego de demandas durante esta jornada. La reuni\u00f3n acordada ser\u00e1 con el objetivo de evitar el bloqueo nacional indefinido desde el lunes. La cita fue fijada luego de un encuentro previo entre el [&hellip;]","og_url":"https:\/\/www.eldiario.net\/portal\/2024\/06\/15\/transporte-pesado-y-el-gobierno-acuerdan-instalar-mesas-de-trabajo\/","og_site_name":"El Diario - Bolivia","article_publisher":"https:\/\/www.facebook.com\/eldiario.bolivia\/","article_published_time":"2024-06-15T10:46:23+00:00","article_modified_time":"2024-06-16T00:15:35+00:00","og_image":[{"width":1600,"height":1066,"url":"https:\/\/www.eldiario.net\/portal\/wp-content\/uploads\/2024\/06\/reunion_transporte.jpg","type":"image\/jpeg"}],"author":"Jeanette","twitter_card":"summary_large_image","twitter_creator":"@eldiario_net","twitter_site":"@eldiario_net","twitter_misc":{"Escrito por":"Jeanette","Tiempo de lectura":"2 minutos"},"schema":{"@context":"https:\/\/schema.org","@graph":[{"@type":"Article","@id":"https:\/\/www.eldiario.net\/portal\/2024\/06\/15\/transporte-pesado-y-el-gobierno-acuerdan-instalar-mesas-de-trabajo\/#article","isPartOf":{"@id":"https:\/\/www.eldiario.net\/portal\/2024\/06\/15\/transporte-pesado-y-el-gobierno-acuerdan-instalar-mesas-de-trabajo\/"},"author":{"name":"Jeanette","@id":"https:\/\/www.eldiario.net\/portal\/#\/schema\/person\/f46445640444750d7d753ccd04ae01b7"},"headline":"Transporte pesado y el Gobierno acuerdan instalar mesas de trabajo","datePublished":"2024-06-15T10:46:23+00:00","dateModified":"2024-06-16T00:15:35+00:00","mainEntityOfPage":{"@id":"https:\/\/www.eldiario.net\/portal\/2024\/06\/15\/transporte-pesado-y-el-gobierno-acuerdan-instalar-mesas-de-trabajo\/"},"wordCount":400,"commentCount":0,"publisher":{"@id":"https:\/\/www.eldiario.net\/portal\/#organization"},"image":{"@id":"https:\/\/www.eldiario.net\/portal\/2024\/06\/15\/transporte-pesado-y-el-gobierno-acuerdan-instalar-mesas-de-trabajo\/#primaryimage"},"thumbnailUrl":"https:\/\/www.eldiario.net\/portal\/wp-content\/uploads\/2024\/06\/reunion_transporte.jpg","articleSection":["Portada"],"inLanguage":"es","potentialAction":[{"@type":"CommentAction","name":"Comment","target":["https:\/\/www.eldiario.net\/portal\/2024\/06\/15\/transporte-pesado-y-el-gobierno-acuerdan-instalar-mesas-de-trabajo\/#respond"]}]},{"@type":"WebPage","@id":"https:\/\/www.eldiario.net\/portal\/2024\/06\/15\/transporte-pesado-y-el-gobierno-acuerdan-instalar-mesas-de-trabajo\/","url":"https:\/\/www.eldiario.net\/portal\/2024\/06\/15\/transporte-pesado-y-el-gobierno-acuerdan-instalar-mesas-de-trabajo\/","name":"Transporte pesado y el Gobierno acuerdan instalar mesas de trabajo - El Diario - Bolivia","isPartOf":{"@id":"https:\/\/www.eldiario.net\/portal\/#website"},"primaryImageOfPage":{"@id":"https:\/\/www.eldiario.net\/portal\/2024\/06\/15\/transporte-pesado-y-el-gobierno-acuerdan-instalar-mesas-de-trabajo\/#primaryimage"},"image":{"@id":"https:\/\/www.eldiario.net\/portal\/2024\/06\/15\/transporte-pesado-y-el-gobierno-acuerdan-instalar-mesas-de-trabajo\/#primaryimage"},"thumbnailUrl":"https:\/\/www.eldiario.net\/portal\/wp-content\/uploads\/2024\/06\/reunion_transporte.jpg","datePublished":"2024-06-15T10:46:23+00:00","dateModified":"2024-06-16T00:15:35+00:00","breadcrumb":{"@id":"https:\/\/www.eldiario.net\/portal\/2024\/06\/15\/transporte-pesado-y-el-gobierno-acuerdan-instalar-mesas-de-trabajo\/#breadcrumb"},"inLanguage":"es","potentialAction":[{"@type":"ReadAction","target":["https:\/\/www.eldiario.net\/portal\/2024\/06\/15\/transporte-pesado-y-el-gobierno-acuerdan-instalar-mesas-de-trabajo\/"]}]},{"@type":"ImageObject","inLanguage":"es","@id":"https:\/\/www.eldiario.net\/portal\/2024\/06\/15\/transporte-pesado-y-el-gobierno-acuerdan-instalar-mesas-de-trabajo\/#primaryimage","url":"https:\/\/www.eldiario.net\/portal\/wp-content\/uploads\/2024\/06\/reunion_transporte.jpg","contentUrl":"https:\/\/www.eldiario.net\/portal\/wp-content\/uploads\/2024\/06\/reunion_transporte.jpg","width":1600,"height":1066},{"@type":"BreadcrumbList","@id":"https:\/\/www.eldiario.net\/portal\/2024\/06\/15\/transporte-pesado-y-el-gobierno-acuerdan-instalar-mesas-de-trabajo\/#breadcrumb","itemListElement":[{"@type":"ListItem","position":1,"name":"Portada","item":"https:\/\/www.eldiario.net\/portal\/"},{"@type":"ListItem","position":2,"name":"Transporte pesado y el Gobierno acuerdan instalar mesas de trabajo"}]},{"@type":"WebSite","@id":"https:\/\/www.eldiario.net\/portal\/#website","url":"https:\/\/www.eldiario.net\/portal\/","name":"El Diario - Decano de la prensa nacional","description":"El Diario - Decano de la prensa nacional","publisher":{"@id":"https:\/\/www.eldiario.net\/portal\/#organization"},"potentialAction":[{"@type":"SearchAction","target":{"@type":"EntryPoint","urlTemplate":"https:\/\/www.eldiario.net\/portal\/?s={search_term_string}"},"query-input":{"@type":"PropertyValueSpecification","valueRequired":true,"valueName":"search_term_string"}}],"inLanguage":"es"},{"@type":"Organization","@id":"https:\/\/www.eldiario.net\/portal\/#organization","name":"El Diario - Decano de la prensa nacional","url":"https:\/\/www.eldiario.net\/portal\/","logo":{"@type":"ImageObject","inLanguage":"es","@id":"https:\/\/www.eldiario.net\/portal\/#\/schema\/logo\/image\/","url":"https:\/\/www.eldiario.net\/portal\/wp-content\/uploads\/2023\/07\/logo_ED.jpg","contentUrl":"https:\/\/www.eldiario.net\/portal\/wp-content\/uploads\/2023\/07\/logo_ED.jpg","width":272,"height":52,"caption":"El Diario - Decano de la prensa nacional"},"image":{"@id":"https:\/\/www.eldiario.net\/portal\/#\/schema\/logo\/image\/"},"sameAs":["https:\/\/www.facebook.com\/eldiario.bolivia\/","https:\/\/x.com\/eldiario_net"]},{"@type":"Person","@id":"https:\/\/www.eldiario.net\/portal\/#\/schema\/person\/f46445640444750d7d753ccd04ae01b7","name":"Jeanette","image":{"@type":"ImageObject","inLanguage":"es","@id":"https:\/\/secure.gravatar.com\/avatar\/3ea2118a5f7dad2b7138b1187a6b7ee55f160b9968b66013c3a3ef39dd7e5798?s=96&d=mm&r=g","url":"https:\/\/secure.gravatar.com\/avatar\/3ea2118a5f7dad2b7138b1187a6b7ee55f160b9968b66013c3a3ef39dd7e5798?s=96&d=mm&r=g","contentUrl":"https:\/\/secure.gravatar.com\/avatar\/3ea2118a5f7dad2b7138b1187a6b7ee55f160b9968b66013c3a3ef39dd7e5798?s=96&d=mm&r=g","caption":"Jeanette"},"sameAs":["https:\/\/www.eldiario.net\/portal"],"url":"https:\/\/www.eldiario.net\/portal\/author\/jeanette\/"}]}},"_links":{"self":[{"href":"https:\/\/www.eldiario.net\/portal\/wp-json\/wp\/v2\/posts\/227224","targetHints":{"allow":["GET"]}}],"collection":[{"href":"https:\/\/www.eldiario.net\/portal\/wp-json\/wp\/v2\/posts"}],"about":[{"href":"https:\/\/www.eldiario.net\/portal\/wp-json\/wp\/v2\/types\/post"}],"author":[{"embeddable":true,"href":"https:\/\/www.eldiario.net\/portal\/wp-json\/wp\/v2\/users\/1"}],"replies":[{"embeddable":true,"href":"https:\/\/www.eldiario.net\/portal\/wp-json\/wp\/v2\/comments?post=227224"}],"version-history":[{"count":1,"href":"https:\/\/www.eldiario.net\/portal\/wp-json\/wp\/v2\/posts\/227224\/revisions"}],"predecessor-version":[{"id":227225,"href":"https:\/\/www.eldiario.net\/portal\/wp-json\/wp\/v2\/posts\/227224\/revisions\/227225"}],"wp:featuredmedia":[{"embeddable":true,"href":"https:\/\/www.eldiario.net\/portal\/wp-json\/wp\/v2\/media\/227420"}],"wp:attachment":[{"href":"https:\/\/www.eldiario.net\/portal\/wp-json\/wp\/v2\/media?parent=227224"}],"wp:term":[{"taxonomy":"category","embeddable":true,"href":"https:\/\/www.eldiario.net\/portal\/wp-json\/wp\/v2\/categories?post=227224"},{"taxonomy":"post_tag","embeddable":true,"href":"https:\/\/www.eldiario.net\/portal\/wp-json\/wp\/v2\/tags?post=227224"}],"curies":[{"name":"wp","href":"https:\/\/api.w.org\/{rel}","templated":true}]}}