{"id":227212,"date":"2024-06-15T06:42:32","date_gmt":"2024-06-15T10:42:32","guid":{"rendered":"https:\/\/www.eldiario.net\/portal\/?p=227212"},"modified":"2024-06-15T06:42:32","modified_gmt":"2024-06-15T10:42:32","slug":"putin-ordenara-alto-al-fuego-si-ucrania-retira-sus-tropas","status":"publish","type":"post","link":"https:\/\/www.eldiario.net\/portal\/2024\/06\/15\/putin-ordenara-alto-al-fuego-si-ucrania-retira-sus-tropas\/","title":{"rendered":"Putin ordenar\u00e1 alto al fuego  si Ucrania retira sus tropas"},"content":{"rendered":"<p class=\"v1MsoNormal\">El presidente de Rusia, Vlad\u00edmir Putin, asegur\u00f3 ayer que ordenar\u00e1 un inmediato alto el fuego tan pronto como Ucrania retire sus tropas de las cuatro regiones anexionadas por Mosc\u00fa en el este y sur del pa\u00eds y renuncie a sus planes de ingresar en la OTAN.<\/p>\n<p class=\"v1MsoNormal\">\u00abTan pronto como Kiev anuncie que est\u00e1 dispuesto a esta decisi\u00f3n e inicie una retirada real de las tropas de esas regiones y tambi\u00e9n comunique oficialmente su renuncia a los planes a ingresar en la OTAN, se impartir\u00e1 inmediatamente de nuestra parte la orden de cesar el fuego y comenzar negociaciones\u00bb, dijo Putin ante la plana mayor del Ministerio de Exteriores.<\/p>\n<p class=\"v1MsoNormal\">En una intervenci\u00f3n transmitida en directo por la televisi\u00f3n, el mandatario ruso subray\u00f3 que \u00ablas tropas ucranianas deben retirarse completamente de todo el territorio de las rep\u00fablicas populares de Donetsk y Lugansk, y de las regiones de Jers\u00f3n y Zaporoyia. Entonces las negociaciones ser\u00e1n posibles\u00bb.<\/p>\n<p class=\"v1MsoNormal\">Precis\u00f3 que se refiere al territorio administrativo de esas cuatro regiones, cuando Ucrania logr\u00f3 la independencia de la URSS en 1991, ya que a d\u00eda de hoy el Ej\u00e9rcito ruso no las controla en su totalidad.<\/p>\n<p class=\"v1MsoNormal\">El l\u00edder ruso tambi\u00e9n asegur\u00f3 que Rusia se compromete a garantizar el repliegue \u00abseguro y sin obst\u00e1culos\u00bb de las unidades militares ucranianas.<\/p>\n<p class=\"v1MsoNormal\">\n<p class=\"v1MsoNormal\">UNA UCRANIA \u00abNEUTRAL Y NO NUCLEAR\u00bb<\/p>\n<p class=\"v1MsoNormal\">Putin ha dejado claro que Rusia exige una Ucrania \u00abneutral, fuera de bloques y no nuclear\u00bb junto a la desmilitarizaci\u00f3n y desnazificaci\u00f3n del pa\u00eds, dos de los objetivos marcados cuando orden\u00f3 el inicio de la campa\u00f1a militar en febrero de 2022.<\/p>\n<p class=\"v1MsoNormal\">\u00abSin lugar a dudas, deben ser garantizados plenamente los derechos, libertades e intereses de los ciudadanos rusoparlantes de Ucrania; debe reconocerse la nueva realidad territorial; el estatus de Crimea y Sebastopol, y las rep\u00fablicas de Donetsk y Lugansk, y las regiones de Jers\u00f3n y Zaporiyia como entes de la Federaci\u00f3n Rusa\u00bb, a\u00f1adi\u00f3.<\/p>\n<p class=\"v1MsoNormal\">Adem\u00e1s, el l\u00edder ruso resalt\u00f3 que todos estos compromisos deben ser acu\u00f1ados como acuerdos internacionales, lo que incluir\u00eda tambi\u00e9n \u00abla cancelaci\u00f3n de todas las sanciones contra Rusia\u00bb.<\/p>\n<p class=\"v1MsoNormal\">\n<p class=\"v1MsoNormal\">EL FIN DE LA GUERRA<\/p>\n<p class=\"v1MsoNormal\">\u00abConsidero que Rusia propone una variante que permitir\u00e1 poner fin realmente a la guerra en Ucrania. Es decir, llamamos a pasar una tr\u00e1gica p\u00e1gina de la historia\u00bb, dijo.<\/p>\n<p class=\"v1MsoNormal\">Al mismo tiempo, Putin advirti\u00f3 de que \u00absi Kiev y las capitales occidentales renuncian a esto, como en el pasado, ser\u00e1n al fin y al cabo responsables pol\u00edtica y moralmente por la continuaci\u00f3n del derramamiento de sangre\u00bb.<\/p>\n<p class=\"v1MsoNormal\">\u00abEvidentemente, la situaci\u00f3n sobre el terreno, en el frente de batalla, cambiar\u00e1 y no en favor del r\u00e9gimen de Kiev y las condiciones para el inicio de negociaciones ser\u00e1 otras\u00bb, subray\u00f3.<\/p>\n<p class=\"v1MsoNormal\">Putin, quien volvi\u00f3 a denunciar que el ucraniano Volod\u00edmir Zelenski, es un presidente \u00abileg\u00edtimo\u00bb que est\u00e1 usurpando el poder tras expirar su mandato el pasado 20 de mayo, puso estas condiciones en v\u00edspera de la cumbre de la paz de Suiza.<\/p>\n<p class=\"v1MsoNormal\">\u00abYa podemos adelantar que (en Suiza) todo se reducir\u00e1 a conversaciones vagas de car\u00e1cter demag\u00f3gico y una nueva tanda de acusaciones contra Rusia\u00bb, asever\u00f3.<\/p>\n<p class=\"v1MsoNormal\">\n<p class=\"v1MsoNormal\">KIEV A LA PROPUESTA DE \u00abALTO EL FUEGO\u00bb<\/p>\n<p class=\"v1MsoNormal\">El consejero de la oficina presidencial ucraniana Mijailo Podoliak respondi\u00f3 a la oferta hecha p\u00fablica por el presidente ruso, Vlad\u00edmir Putin, de declarar un alto el fuego si Ucrania entrega sus territorios que est\u00e1n ocupados por Rusia y dijo que la oferta del l\u00edder del Kremlin no es una \u00abpropuesta de paz\u00bb, sino \u00abel paquete est\u00e1ndar (de exigencias) del agresor\u00bb.<\/p>\n<p class=\"v1MsoNormal\">\u00abNo hay nuevas propuestas de paz por parte de Rusia. La entidad Putin ha formulado simplemente el &#8216;paquete est\u00e1ndar del agresor&#8217; que ya hemos escuchado muchas veces\u00bb, dijo Podoliak en su cuenta de la red social X.<\/p>\n<p class=\"v1MsoNormal\">Seg\u00fan el consejero presidencial, las condiciones de Putin para declarar un alto el fuego -que incluyen, adem\u00e1s de la retirada ucraniana de sus propios territorios ocupados por Rusia, la renuncia de Kiev a entrar en la OTAN- es \u00abaltamente ofensiva para la legalidad internacional\u00bb y demuestra la \u00abincapacidad\u00bb de la clase dirigente rusa de \u00abevaluar la realidad de forma adecuada\u00bb.<\/p>\n<p class=\"v1MsoNormal\">\u00abPunto por punto, la \u00abpropuesta de la Federaci\u00f3n Rusia\u00bb consiste en: \u00ab1. C\u00e9denos tus territorios. 2. Abandona tu soberan\u00eda y deja de tener entidad. 3. Renuncia a tu protecci\u00f3n (sin membres\u00eda ni alianzas)\u00bb, escribi\u00f3 Podoliak, que record\u00f3 adem\u00e1s que Putin espera que se le levanten las sanciones internacionales a cambio de un acuerdo de este tipo.<\/p>\n<p class=\"v1MsoNormal\">Asimismo, calific\u00f3 de \u00abfarsa\u00bb el mensaje lanzado por Putin, que, a juicio de Podoliak, demuestra que quiere \u00abno pagar por esta guerra y continuarla en nuevos formatos\u00bb.<\/p>\n<p class=\"v1MsoNormal\">El consejero de la oficina presidencial ucraniana Mijailo Podoliak respondi\u00f3 a la oferta hecha p\u00fablica por el presidente ruso, Vlad\u00edmir Putin, de declarar un alto el fuego si Ucrania entrega sus territorios que est\u00e1n ocupados por Rusia y dijo que la oferta del l\u00edder del Kremlin no es una \u00abpropuesta de paz\u00bb, sino \u00abel paquete est\u00e1ndar (de exigencias) del agresor\u00bb. (EFE)<\/p>\n","protected":false},"excerpt":{"rendered":"<p>El presidente de Rusia, Vlad\u00edmir Putin, asegur\u00f3 ayer que ordenar\u00e1 un inmediato alto el fuego tan pronto como Ucrania retire sus tropas de las cuatro regiones anexionadas por Mosc\u00fa en el este y sur del pa\u00eds y renuncie a sus planes de ingresar en la OTAN. \u00abTan pronto como Kiev anuncie que est\u00e1 dispuesto a [&hellip;]<\/p>\n","protected":false},"author":1,"featured_media":227213,"comment_status":"open","ping_status":"open","sticky":false,"template":"","format":"standard","meta":{"_acf_changed":false,"footnotes":""},"categories":[15],"tags":[],"class_list":["post-227212","post","type-post","status-publish","format-standard","has-post-thumbnail","category-portada"],"acf":{"antetitulo":"Adem\u00e1s pide que renuncie a OTAN"},"yoast_head":"<!-- This site is optimized with the Yoast SEO plugin v28.3 - https:\/\/yoast.com\/product\/yoast-seo-wordpress\/ -->\n<title>Putin ordenar\u00e1 alto al fuego si Ucrania retira sus tropas - El Diario - Bolivia<\/title>\n<meta name=\"robots\" content=\"index, follow, max-snippet:-1, max-image-preview:large, max-video-preview:-1\" \/>\n<link rel=\"canonical\" href=\"https:\/\/www.eldiario.net\/portal\/2024\/06\/15\/putin-ordenara-alto-al-fuego-si-ucrania-retira-sus-tropas\/\" \/>\n<meta property=\"og:locale\" content=\"es_ES\" \/>\n<meta property=\"og:type\" content=\"article\" \/>\n<meta property=\"og:title\" content=\"Putin ordenar\u00e1 alto al fuego si Ucrania retira sus tropas - El Diario - Bolivia\" \/>\n<meta property=\"og:description\" content=\"El presidente de Rusia, Vlad\u00edmir Putin, asegur\u00f3 ayer que ordenar\u00e1 un inmediato alto el fuego tan pronto como Ucrania retire sus tropas de las cuatro regiones anexionadas por Mosc\u00fa en el este y sur del pa\u00eds y renuncie a sus planes de ingresar en la OTAN. \u00abTan pronto como Kiev anuncie que est\u00e1 dispuesto a [&hellip;]\" \/>\n<meta property=\"og:url\" content=\"https:\/\/www.eldiario.net\/portal\/2024\/06\/15\/putin-ordenara-alto-al-fuego-si-ucrania-retira-sus-tropas\/\" \/>\n<meta property=\"og:site_name\" content=\"El Diario - Bolivia\" \/>\n<meta property=\"article:publisher\" content=\"https:\/\/www.facebook.com\/eldiario.bolivia\/\" \/>\n<meta property=\"article:published_time\" content=\"2024-06-15T10:42:32+00:00\" \/>\n<meta property=\"og:image\" content=\"https:\/\/www.eldiario.net\/portal\/wp-content\/uploads\/2024\/06\/P-5-10-cm-x-7-1.webp\" \/>\n\t<meta property=\"og:image:width\" content=\"900\" \/>\n\t<meta property=\"og:image:height\" content=\"567\" \/>\n\t<meta property=\"og:image:type\" content=\"image\/webp\" \/>\n<meta name=\"author\" content=\"Jeanette\" \/>\n<meta name=\"twitter:card\" content=\"summary_large_image\" \/>\n<meta name=\"twitter:creator\" content=\"@eldiario_net\" \/>\n<meta name=\"twitter:site\" content=\"@eldiario_net\" \/>\n<meta name=\"twitter:label1\" content=\"Escrito por\" \/>\n\t<meta name=\"twitter:data1\" content=\"Jeanette\" \/>\n\t<meta name=\"twitter:label2\" content=\"Tiempo de lectura\" \/>\n\t<meta name=\"twitter:data2\" content=\"4 minutos\" \/>\n<script type=\"application\/ld+json\" class=\"yoast-schema-graph\">{\"@context\":\"https:\\\/\\\/schema.org\",\"@graph\":[{\"@type\":\"Article\",\"@id\":\"https:\\\/\\\/www.eldiario.net\\\/portal\\\/2024\\\/06\\\/15\\\/putin-ordenara-alto-al-fuego-si-ucrania-retira-sus-tropas\\\/#article\",\"isPartOf\":{\"@id\":\"https:\\\/\\\/www.eldiario.net\\\/portal\\\/2024\\\/06\\\/15\\\/putin-ordenara-alto-al-fuego-si-ucrania-retira-sus-tropas\\\/\"},\"author\":{\"name\":\"Jeanette\",\"@id\":\"https:\\\/\\\/www.eldiario.net\\\/portal\\\/#\\\/schema\\\/person\\\/f46445640444750d7d753ccd04ae01b7\"},\"headline\":\"Putin ordenar\u00e1 alto al fuego si Ucrania retira sus tropas\",\"datePublished\":\"2024-06-15T10:42:32+00:00\",\"mainEntityOfPage\":{\"@id\":\"https:\\\/\\\/www.eldiario.net\\\/portal\\\/2024\\\/06\\\/15\\\/putin-ordenara-alto-al-fuego-si-ucrania-retira-sus-tropas\\\/\"},\"wordCount\":874,\"commentCount\":0,\"publisher\":{\"@id\":\"https:\\\/\\\/www.eldiario.net\\\/portal\\\/#organization\"},\"image\":{\"@id\":\"https:\\\/\\\/www.eldiario.net\\\/portal\\\/2024\\\/06\\\/15\\\/putin-ordenara-alto-al-fuego-si-ucrania-retira-sus-tropas\\\/#primaryimage\"},\"thumbnailUrl\":\"https:\\\/\\\/www.eldiario.net\\\/portal\\\/wp-content\\\/uploads\\\/2024\\\/06\\\/P-5-10-cm-x-7-1.webp\",\"articleSection\":[\"Portada\"],\"inLanguage\":\"es\",\"potentialAction\":[{\"@type\":\"CommentAction\",\"name\":\"Comment\",\"target\":[\"https:\\\/\\\/www.eldiario.net\\\/portal\\\/2024\\\/06\\\/15\\\/putin-ordenara-alto-al-fuego-si-ucrania-retira-sus-tropas\\\/#respond\"]}]},{\"@type\":\"WebPage\",\"@id\":\"https:\\\/\\\/www.eldiario.net\\\/portal\\\/2024\\\/06\\\/15\\\/putin-ordenara-alto-al-fuego-si-ucrania-retira-sus-tropas\\\/\",\"url\":\"https:\\\/\\\/www.eldiario.net\\\/portal\\\/2024\\\/06\\\/15\\\/putin-ordenara-alto-al-fuego-si-ucrania-retira-sus-tropas\\\/\",\"name\":\"Putin ordenar\u00e1 alto al fuego si Ucrania retira sus tropas - El Diario - Bolivia\",\"isPartOf\":{\"@id\":\"https:\\\/\\\/www.eldiario.net\\\/portal\\\/#website\"},\"primaryImageOfPage\":{\"@id\":\"https:\\\/\\\/www.eldiario.net\\\/portal\\\/2024\\\/06\\\/15\\\/putin-ordenara-alto-al-fuego-si-ucrania-retira-sus-tropas\\\/#primaryimage\"},\"image\":{\"@id\":\"https:\\\/\\\/www.eldiario.net\\\/portal\\\/2024\\\/06\\\/15\\\/putin-ordenara-alto-al-fuego-si-ucrania-retira-sus-tropas\\\/#primaryimage\"},\"thumbnailUrl\":\"https:\\\/\\\/www.eldiario.net\\\/portal\\\/wp-content\\\/uploads\\\/2024\\\/06\\\/P-5-10-cm-x-7-1.webp\",\"datePublished\":\"2024-06-15T10:42:32+00:00\",\"breadcrumb\":{\"@id\":\"https:\\\/\\\/www.eldiario.net\\\/portal\\\/2024\\\/06\\\/15\\\/putin-ordenara-alto-al-fuego-si-ucrania-retira-sus-tropas\\\/#breadcrumb\"},\"inLanguage\":\"es\",\"potentialAction\":[{\"@type\":\"ReadAction\",\"target\":[\"https:\\\/\\\/www.eldiario.net\\\/portal\\\/2024\\\/06\\\/15\\\/putin-ordenara-alto-al-fuego-si-ucrania-retira-sus-tropas\\\/\"]}]},{\"@type\":\"ImageObject\",\"inLanguage\":\"es\",\"@id\":\"https:\\\/\\\/www.eldiario.net\\\/portal\\\/2024\\\/06\\\/15\\\/putin-ordenara-alto-al-fuego-si-ucrania-retira-sus-tropas\\\/#primaryimage\",\"url\":\"https:\\\/\\\/www.eldiario.net\\\/portal\\\/wp-content\\\/uploads\\\/2024\\\/06\\\/P-5-10-cm-x-7-1.webp\",\"contentUrl\":\"https:\\\/\\\/www.eldiario.net\\\/portal\\\/wp-content\\\/uploads\\\/2024\\\/06\\\/P-5-10-cm-x-7-1.webp\",\"width\":900,\"height\":567,\"caption\":\"La propuesta del presidente Vlad\u00edmir Putin es seguida por la poblaci\u00f3n rusa.\"},{\"@type\":\"BreadcrumbList\",\"@id\":\"https:\\\/\\\/www.eldiario.net\\\/portal\\\/2024\\\/06\\\/15\\\/putin-ordenara-alto-al-fuego-si-ucrania-retira-sus-tropas\\\/#breadcrumb\",\"itemListElement\":[{\"@type\":\"ListItem\",\"position\":1,\"name\":\"Portada\",\"item\":\"https:\\\/\\\/www.eldiario.net\\\/portal\\\/\"},{\"@type\":\"ListItem\",\"position\":2,\"name\":\"Putin ordenar\u00e1 alto al fuego si Ucrania retira sus tropas\"}]},{\"@type\":\"WebSite\",\"@id\":\"https:\\\/\\\/www.eldiario.net\\\/portal\\\/#website\",\"url\":\"https:\\\/\\\/www.eldiario.net\\\/portal\\\/\",\"name\":\"El Diario - Decano de la prensa nacional\",\"description\":\"El Diario - Decano de la prensa nacional\",\"publisher\":{\"@id\":\"https:\\\/\\\/www.eldiario.net\\\/portal\\\/#organization\"},\"potentialAction\":[{\"@type\":\"SearchAction\",\"target\":{\"@type\":\"EntryPoint\",\"urlTemplate\":\"https:\\\/\\\/www.eldiario.net\\\/portal\\\/?s={search_term_string}\"},\"query-input\":{\"@type\":\"PropertyValueSpecification\",\"valueRequired\":true,\"valueName\":\"search_term_string\"}}],\"inLanguage\":\"es\"},{\"@type\":\"Organization\",\"@id\":\"https:\\\/\\\/www.eldiario.net\\\/portal\\\/#organization\",\"name\":\"El Diario - Decano de la prensa nacional\",\"url\":\"https:\\\/\\\/www.eldiario.net\\\/portal\\\/\",\"logo\":{\"@type\":\"ImageObject\",\"inLanguage\":\"es\",\"@id\":\"https:\\\/\\\/www.eldiario.net\\\/portal\\\/#\\\/schema\\\/logo\\\/image\\\/\",\"url\":\"https:\\\/\\\/www.eldiario.net\\\/portal\\\/wp-content\\\/uploads\\\/2023\\\/07\\\/logo_ED.jpg\",\"contentUrl\":\"https:\\\/\\\/www.eldiario.net\\\/portal\\\/wp-content\\\/uploads\\\/2023\\\/07\\\/logo_ED.jpg\",\"width\":272,\"height\":52,\"caption\":\"El Diario - Decano de la prensa nacional\"},\"image\":{\"@id\":\"https:\\\/\\\/www.eldiario.net\\\/portal\\\/#\\\/schema\\\/logo\\\/image\\\/\"},\"sameAs\":[\"https:\\\/\\\/www.facebook.com\\\/eldiario.bolivia\\\/\",\"https:\\\/\\\/x.com\\\/eldiario_net\"]},{\"@type\":\"Person\",\"@id\":\"https:\\\/\\\/www.eldiario.net\\\/portal\\\/#\\\/schema\\\/person\\\/f46445640444750d7d753ccd04ae01b7\",\"name\":\"Jeanette\",\"image\":{\"@type\":\"ImageObject\",\"inLanguage\":\"es\",\"@id\":\"https:\\\/\\\/secure.gravatar.com\\\/avatar\\\/3ea2118a5f7dad2b7138b1187a6b7ee55f160b9968b66013c3a3ef39dd7e5798?s=96&d=mm&r=g\",\"url\":\"https:\\\/\\\/secure.gravatar.com\\\/avatar\\\/3ea2118a5f7dad2b7138b1187a6b7ee55f160b9968b66013c3a3ef39dd7e5798?s=96&d=mm&r=g\",\"contentUrl\":\"https:\\\/\\\/secure.gravatar.com\\\/avatar\\\/3ea2118a5f7dad2b7138b1187a6b7ee55f160b9968b66013c3a3ef39dd7e5798?s=96&d=mm&r=g\",\"caption\":\"Jeanette\"},\"sameAs\":[\"https:\\\/\\\/www.eldiario.net\\\/portal\"],\"url\":\"https:\\\/\\\/www.eldiario.net\\\/portal\\\/author\\\/jeanette\\\/\"}]}<\/script>\n<!-- \/ Yoast SEO plugin. -->","yoast_head_json":{"title":"Putin ordenar\u00e1 alto al fuego si Ucrania retira sus tropas - El Diario - Bolivia","robots":{"index":"index","follow":"follow","max-snippet":"max-snippet:-1","max-image-preview":"max-image-preview:large","max-video-preview":"max-video-preview:-1"},"canonical":"https:\/\/www.eldiario.net\/portal\/2024\/06\/15\/putin-ordenara-alto-al-fuego-si-ucrania-retira-sus-tropas\/","og_locale":"es_ES","og_type":"article","og_title":"Putin ordenar\u00e1 alto al fuego si Ucrania retira sus tropas - El Diario - Bolivia","og_description":"El presidente de Rusia, Vlad\u00edmir Putin, asegur\u00f3 ayer que ordenar\u00e1 un inmediato alto el fuego tan pronto como Ucrania retire sus tropas de las cuatro regiones anexionadas por Mosc\u00fa en el este y sur del pa\u00eds y renuncie a sus planes de ingresar en la OTAN. \u00abTan pronto como Kiev anuncie que est\u00e1 dispuesto a [&hellip;]","og_url":"https:\/\/www.eldiario.net\/portal\/2024\/06\/15\/putin-ordenara-alto-al-fuego-si-ucrania-retira-sus-tropas\/","og_site_name":"El Diario - Bolivia","article_publisher":"https:\/\/www.facebook.com\/eldiario.bolivia\/","article_published_time":"2024-06-15T10:42:32+00:00","og_image":[{"width":900,"height":567,"url":"https:\/\/www.eldiario.net\/portal\/wp-content\/uploads\/2024\/06\/P-5-10-cm-x-7-1.webp","type":"image\/webp"}],"author":"Jeanette","twitter_card":"summary_large_image","twitter_creator":"@eldiario_net","twitter_site":"@eldiario_net","twitter_misc":{"Escrito por":"Jeanette","Tiempo de lectura":"4 minutos"},"schema":{"@context":"https:\/\/schema.org","@graph":[{"@type":"Article","@id":"https:\/\/www.eldiario.net\/portal\/2024\/06\/15\/putin-ordenara-alto-al-fuego-si-ucrania-retira-sus-tropas\/#article","isPartOf":{"@id":"https:\/\/www.eldiario.net\/portal\/2024\/06\/15\/putin-ordenara-alto-al-fuego-si-ucrania-retira-sus-tropas\/"},"author":{"name":"Jeanette","@id":"https:\/\/www.eldiario.net\/portal\/#\/schema\/person\/f46445640444750d7d753ccd04ae01b7"},"headline":"Putin ordenar\u00e1 alto al fuego si Ucrania retira sus tropas","datePublished":"2024-06-15T10:42:32+00:00","mainEntityOfPage":{"@id":"https:\/\/www.eldiario.net\/portal\/2024\/06\/15\/putin-ordenara-alto-al-fuego-si-ucrania-retira-sus-tropas\/"},"wordCount":874,"commentCount":0,"publisher":{"@id":"https:\/\/www.eldiario.net\/portal\/#organization"},"image":{"@id":"https:\/\/www.eldiario.net\/portal\/2024\/06\/15\/putin-ordenara-alto-al-fuego-si-ucrania-retira-sus-tropas\/#primaryimage"},"thumbnailUrl":"https:\/\/www.eldiario.net\/portal\/wp-content\/uploads\/2024\/06\/P-5-10-cm-x-7-1.webp","articleSection":["Portada"],"inLanguage":"es","potentialAction":[{"@type":"CommentAction","name":"Comment","target":["https:\/\/www.eldiario.net\/portal\/2024\/06\/15\/putin-ordenara-alto-al-fuego-si-ucrania-retira-sus-tropas\/#respond"]}]},{"@type":"WebPage","@id":"https:\/\/www.eldiario.net\/portal\/2024\/06\/15\/putin-ordenara-alto-al-fuego-si-ucrania-retira-sus-tropas\/","url":"https:\/\/www.eldiario.net\/portal\/2024\/06\/15\/putin-ordenara-alto-al-fuego-si-ucrania-retira-sus-tropas\/","name":"Putin ordenar\u00e1 alto al fuego si Ucrania retira sus tropas - El Diario - Bolivia","isPartOf":{"@id":"https:\/\/www.eldiario.net\/portal\/#website"},"primaryImageOfPage":{"@id":"https:\/\/www.eldiario.net\/portal\/2024\/06\/15\/putin-ordenara-alto-al-fuego-si-ucrania-retira-sus-tropas\/#primaryimage"},"image":{"@id":"https:\/\/www.eldiario.net\/portal\/2024\/06\/15\/putin-ordenara-alto-al-fuego-si-ucrania-retira-sus-tropas\/#primaryimage"},"thumbnailUrl":"https:\/\/www.eldiario.net\/portal\/wp-content\/uploads\/2024\/06\/P-5-10-cm-x-7-1.webp","datePublished":"2024-06-15T10:42:32+00:00","breadcrumb":{"@id":"https:\/\/www.eldiario.net\/portal\/2024\/06\/15\/putin-ordenara-alto-al-fuego-si-ucrania-retira-sus-tropas\/#breadcrumb"},"inLanguage":"es","potentialAction":[{"@type":"ReadAction","target":["https:\/\/www.eldiario.net\/portal\/2024\/06\/15\/putin-ordenara-alto-al-fuego-si-ucrania-retira-sus-tropas\/"]}]},{"@type":"ImageObject","inLanguage":"es","@id":"https:\/\/www.eldiario.net\/portal\/2024\/06\/15\/putin-ordenara-alto-al-fuego-si-ucrania-retira-sus-tropas\/#primaryimage","url":"https:\/\/www.eldiario.net\/portal\/wp-content\/uploads\/2024\/06\/P-5-10-cm-x-7-1.webp","contentUrl":"https:\/\/www.eldiario.net\/portal\/wp-content\/uploads\/2024\/06\/P-5-10-cm-x-7-1.webp","width":900,"height":567,"caption":"La propuesta del presidente Vlad\u00edmir Putin es seguida por la poblaci\u00f3n rusa."},{"@type":"BreadcrumbList","@id":"https:\/\/www.eldiario.net\/portal\/2024\/06\/15\/putin-ordenara-alto-al-fuego-si-ucrania-retira-sus-tropas\/#breadcrumb","itemListElement":[{"@type":"ListItem","position":1,"name":"Portada","item":"https:\/\/www.eldiario.net\/portal\/"},{"@type":"ListItem","position":2,"name":"Putin ordenar\u00e1 alto al fuego si Ucrania retira sus tropas"}]},{"@type":"WebSite","@id":"https:\/\/www.eldiario.net\/portal\/#website","url":"https:\/\/www.eldiario.net\/portal\/","name":"El Diario - Decano de la prensa nacional","description":"El Diario - Decano de la prensa nacional","publisher":{"@id":"https:\/\/www.eldiario.net\/portal\/#organization"},"potentialAction":[{"@type":"SearchAction","target":{"@type":"EntryPoint","urlTemplate":"https:\/\/www.eldiario.net\/portal\/?s={search_term_string}"},"query-input":{"@type":"PropertyValueSpecification","valueRequired":true,"valueName":"search_term_string"}}],"inLanguage":"es"},{"@type":"Organization","@id":"https:\/\/www.eldiario.net\/portal\/#organization","name":"El Diario - Decano de la prensa nacional","url":"https:\/\/www.eldiario.net\/portal\/","logo":{"@type":"ImageObject","inLanguage":"es","@id":"https:\/\/www.eldiario.net\/portal\/#\/schema\/logo\/image\/","url":"https:\/\/www.eldiario.net\/portal\/wp-content\/uploads\/2023\/07\/logo_ED.jpg","contentUrl":"https:\/\/www.eldiario.net\/portal\/wp-content\/uploads\/2023\/07\/logo_ED.jpg","width":272,"height":52,"caption":"El Diario - Decano de la prensa nacional"},"image":{"@id":"https:\/\/www.eldiario.net\/portal\/#\/schema\/logo\/image\/"},"sameAs":["https:\/\/www.facebook.com\/eldiario.bolivia\/","https:\/\/x.com\/eldiario_net"]},{"@type":"Person","@id":"https:\/\/www.eldiario.net\/portal\/#\/schema\/person\/f46445640444750d7d753ccd04ae01b7","name":"Jeanette","image":{"@type":"ImageObject","inLanguage":"es","@id":"https:\/\/secure.gravatar.com\/avatar\/3ea2118a5f7dad2b7138b1187a6b7ee55f160b9968b66013c3a3ef39dd7e5798?s=96&d=mm&r=g","url":"https:\/\/secure.gravatar.com\/avatar\/3ea2118a5f7dad2b7138b1187a6b7ee55f160b9968b66013c3a3ef39dd7e5798?s=96&d=mm&r=g","contentUrl":"https:\/\/secure.gravatar.com\/avatar\/3ea2118a5f7dad2b7138b1187a6b7ee55f160b9968b66013c3a3ef39dd7e5798?s=96&d=mm&r=g","caption":"Jeanette"},"sameAs":["https:\/\/www.eldiario.net\/portal"],"url":"https:\/\/www.eldiario.net\/portal\/author\/jeanette\/"}]}},"_links":{"self":[{"href":"https:\/\/www.eldiario.net\/portal\/wp-json\/wp\/v2\/posts\/227212","targetHints":{"allow":["GET"]}}],"collection":[{"href":"https:\/\/www.eldiario.net\/portal\/wp-json\/wp\/v2\/posts"}],"about":[{"href":"https:\/\/www.eldiario.net\/portal\/wp-json\/wp\/v2\/types\/post"}],"author":[{"embeddable":true,"href":"https:\/\/www.eldiario.net\/portal\/wp-json\/wp\/v2\/users\/1"}],"replies":[{"embeddable":true,"href":"https:\/\/www.eldiario.net\/portal\/wp-json\/wp\/v2\/comments?post=227212"}],"version-history":[{"count":1,"href":"https:\/\/www.eldiario.net\/portal\/wp-json\/wp\/v2\/posts\/227212\/revisions"}],"predecessor-version":[{"id":227214,"href":"https:\/\/www.eldiario.net\/portal\/wp-json\/wp\/v2\/posts\/227212\/revisions\/227214"}],"wp:featuredmedia":[{"embeddable":true,"href":"https:\/\/www.eldiario.net\/portal\/wp-json\/wp\/v2\/media\/227213"}],"wp:attachment":[{"href":"https:\/\/www.eldiario.net\/portal\/wp-json\/wp\/v2\/media?parent=227212"}],"wp:term":[{"taxonomy":"category","embeddable":true,"href":"https:\/\/www.eldiario.net\/portal\/wp-json\/wp\/v2\/categories?post=227212"},{"taxonomy":"post_tag","embeddable":true,"href":"https:\/\/www.eldiario.net\/portal\/wp-json\/wp\/v2\/tags?post=227212"}],"curies":[{"name":"wp","href":"https:\/\/api.w.org\/{rel}","templated":true}]}}