{"id":227193,"date":"2024-06-14T16:07:39","date_gmt":"2024-06-14T20:07:39","guid":{"rendered":"https:\/\/www.eldiario.net\/portal\/?p=227193"},"modified":"2024-06-14T16:08:27","modified_gmt":"2024-06-14T20:08:27","slug":"en-la-paz-prosigue-retiro-de-placas-de-vehiculos-por-deudas-por-tributos-municipales","status":"publish","type":"post","link":"https:\/\/www.eldiario.net\/portal\/2024\/06\/14\/en-la-paz-prosigue-retiro-de-placas-de-vehiculos-por-deudas-por-tributos-municipales\/","title":{"rendered":"La Paz: prosigue retiro de placas de veh\u00edculos por deudas por tributos municipales"},"content":{"rendered":"<p>El retiro de placas a veh\u00edculos cuyos due\u00f1os tienen deudas por impuestos municipales prosigue en la ciudad de La Paz. En esta jornada se aplic\u00f3 la medida en seis motorizados, porque sus propietarios no pagaron sus tributos en la Alcald\u00eda de La Paz hace m\u00e1s de diez a\u00f1os.<\/p>\n<p>La informaci\u00f3n fue proporcionada por la directora de la Administraci\u00f3n Tributaria Municipal, Noem\u00ed Lastra, quien explic\u00f3 que los autom\u00f3viles fueron ubicados y retenidos con operativos realizados por la tranca de Urujara.<\/p>\n<p>Citada en una nota de prensa institucional, mencion\u00f3 que tambi\u00e9n se coloc\u00f3 120 stickers a veh\u00edculos cuyos due\u00f1os tienen una deuda tributaria menor a Bs 5.000 bolivianos.<\/p>\n<p>La autoridad edil indic\u00f3 que tres contribuyentes regularizaron el pago de sus impuestos municipales para evitar el retiro de las placas de sus motorizados.<\/p>\n<p>&nbsp;<\/p>\n","protected":false},"excerpt":{"rendered":"<p>El retiro de placas a veh\u00edculos cuyos due\u00f1os tienen deudas por impuestos municipales prosigue en la ciudad de La Paz. En esta jornada se aplic\u00f3 la medida en seis motorizados, porque sus propietarios no pagaron sus tributos en la Alcald\u00eda de La Paz hace m\u00e1s de diez a\u00f1os. La informaci\u00f3n fue proporcionada por la directora [&hellip;]<\/p>\n","protected":false},"author":2,"featured_media":227194,"comment_status":"open","ping_status":"open","sticky":false,"template":"","format":"standard","meta":{"_acf_changed":false,"footnotes":""},"categories":[51],"tags":[],"class_list":["post-227193","post","type-post","status-publish","format-standard","has-post-thumbnail","category-ultima-hora"],"acf":{"antetitulo":""},"yoast_head":"<!-- This site is optimized with the Yoast SEO plugin v28.3 - https:\/\/yoast.com\/product\/yoast-seo-wordpress\/ -->\n<title>La Paz: prosigue retiro de placas de veh\u00edculos por deudas por tributos municipales - El Diario - Bolivia<\/title>\n<meta name=\"robots\" content=\"index, follow, max-snippet:-1, max-image-preview:large, max-video-preview:-1\" \/>\n<link rel=\"canonical\" href=\"https:\/\/www.eldiario.net\/portal\/2024\/06\/14\/en-la-paz-prosigue-retiro-de-placas-de-vehiculos-por-deudas-por-tributos-municipales\/\" \/>\n<meta property=\"og:locale\" content=\"es_ES\" \/>\n<meta property=\"og:type\" content=\"article\" \/>\n<meta property=\"og:title\" content=\"La Paz: prosigue retiro de placas de veh\u00edculos por deudas por tributos municipales - El Diario - Bolivia\" \/>\n<meta property=\"og:description\" content=\"El retiro de placas a veh\u00edculos cuyos due\u00f1os tienen deudas por impuestos municipales prosigue en la ciudad de La Paz. En esta jornada se aplic\u00f3 la medida en seis motorizados, porque sus propietarios no pagaron sus tributos en la Alcald\u00eda de La Paz hace m\u00e1s de diez a\u00f1os. La informaci\u00f3n fue proporcionada por la directora [&hellip;]\" \/>\n<meta property=\"og:url\" content=\"https:\/\/www.eldiario.net\/portal\/2024\/06\/14\/en-la-paz-prosigue-retiro-de-placas-de-vehiculos-por-deudas-por-tributos-municipales\/\" \/>\n<meta property=\"og:site_name\" content=\"El Diario - Bolivia\" \/>\n<meta property=\"article:publisher\" content=\"https:\/\/www.facebook.com\/eldiario.bolivia\/\" \/>\n<meta property=\"article:published_time\" content=\"2024-06-14T20:07:39+00:00\" \/>\n<meta property=\"article:modified_time\" content=\"2024-06-14T20:08:27+00:00\" \/>\n<meta property=\"og:image\" content=\"https:\/\/www.eldiario.net\/portal\/wp-content\/uploads\/2024\/06\/URUJARA-14.jpg\" \/>\n\t<meta property=\"og:image:width\" content=\"696\" \/>\n\t<meta property=\"og:image:height\" content=\"534\" \/>\n\t<meta property=\"og:image:type\" content=\"image\/jpeg\" \/>\n<meta name=\"author\" content=\"luis Camacho\" \/>\n<meta name=\"twitter:card\" content=\"summary_large_image\" \/>\n<meta name=\"twitter:creator\" content=\"@eldiario_net\" \/>\n<meta name=\"twitter:site\" content=\"@eldiario_net\" \/>\n<meta name=\"twitter:label1\" content=\"Escrito por\" \/>\n\t<meta name=\"twitter:data1\" content=\"luis Camacho\" \/>\n\t<meta name=\"twitter:label2\" content=\"Tiempo de lectura\" \/>\n\t<meta name=\"twitter:data2\" content=\"1 minuto\" \/>\n<script type=\"application\/ld+json\" class=\"yoast-schema-graph\">{\"@context\":\"https:\\\/\\\/schema.org\",\"@graph\":[{\"@type\":\"Article\",\"@id\":\"https:\\\/\\\/www.eldiario.net\\\/portal\\\/2024\\\/06\\\/14\\\/en-la-paz-prosigue-retiro-de-placas-de-vehiculos-por-deudas-por-tributos-municipales\\\/#article\",\"isPartOf\":{\"@id\":\"https:\\\/\\\/www.eldiario.net\\\/portal\\\/2024\\\/06\\\/14\\\/en-la-paz-prosigue-retiro-de-placas-de-vehiculos-por-deudas-por-tributos-municipales\\\/\"},\"author\":{\"name\":\"luis Camacho\",\"@id\":\"https:\\\/\\\/www.eldiario.net\\\/portal\\\/#\\\/schema\\\/person\\\/cab1ae4db27e5f008a62cbffb05fbfee\"},\"headline\":\"La Paz: prosigue retiro de placas de veh\u00edculos por deudas por tributos municipales\",\"datePublished\":\"2024-06-14T20:07:39+00:00\",\"dateModified\":\"2024-06-14T20:08:27+00:00\",\"mainEntityOfPage\":{\"@id\":\"https:\\\/\\\/www.eldiario.net\\\/portal\\\/2024\\\/06\\\/14\\\/en-la-paz-prosigue-retiro-de-placas-de-vehiculos-por-deudas-por-tributos-municipales\\\/\"},\"wordCount\":154,\"commentCount\":0,\"publisher\":{\"@id\":\"https:\\\/\\\/www.eldiario.net\\\/portal\\\/#organization\"},\"image\":{\"@id\":\"https:\\\/\\\/www.eldiario.net\\\/portal\\\/2024\\\/06\\\/14\\\/en-la-paz-prosigue-retiro-de-placas-de-vehiculos-por-deudas-por-tributos-municipales\\\/#primaryimage\"},\"thumbnailUrl\":\"https:\\\/\\\/www.eldiario.net\\\/portal\\\/wp-content\\\/uploads\\\/2024\\\/06\\\/URUJARA-14.jpg\",\"articleSection\":[\"\u00daltima Hora\"],\"inLanguage\":\"es\",\"potentialAction\":[{\"@type\":\"CommentAction\",\"name\":\"Comment\",\"target\":[\"https:\\\/\\\/www.eldiario.net\\\/portal\\\/2024\\\/06\\\/14\\\/en-la-paz-prosigue-retiro-de-placas-de-vehiculos-por-deudas-por-tributos-municipales\\\/#respond\"]}]},{\"@type\":\"WebPage\",\"@id\":\"https:\\\/\\\/www.eldiario.net\\\/portal\\\/2024\\\/06\\\/14\\\/en-la-paz-prosigue-retiro-de-placas-de-vehiculos-por-deudas-por-tributos-municipales\\\/\",\"url\":\"https:\\\/\\\/www.eldiario.net\\\/portal\\\/2024\\\/06\\\/14\\\/en-la-paz-prosigue-retiro-de-placas-de-vehiculos-por-deudas-por-tributos-municipales\\\/\",\"name\":\"La Paz: prosigue retiro de placas de veh\u00edculos por deudas por tributos municipales - El Diario - Bolivia\",\"isPartOf\":{\"@id\":\"https:\\\/\\\/www.eldiario.net\\\/portal\\\/#website\"},\"primaryImageOfPage\":{\"@id\":\"https:\\\/\\\/www.eldiario.net\\\/portal\\\/2024\\\/06\\\/14\\\/en-la-paz-prosigue-retiro-de-placas-de-vehiculos-por-deudas-por-tributos-municipales\\\/#primaryimage\"},\"image\":{\"@id\":\"https:\\\/\\\/www.eldiario.net\\\/portal\\\/2024\\\/06\\\/14\\\/en-la-paz-prosigue-retiro-de-placas-de-vehiculos-por-deudas-por-tributos-municipales\\\/#primaryimage\"},\"thumbnailUrl\":\"https:\\\/\\\/www.eldiario.net\\\/portal\\\/wp-content\\\/uploads\\\/2024\\\/06\\\/URUJARA-14.jpg\",\"datePublished\":\"2024-06-14T20:07:39+00:00\",\"dateModified\":\"2024-06-14T20:08:27+00:00\",\"breadcrumb\":{\"@id\":\"https:\\\/\\\/www.eldiario.net\\\/portal\\\/2024\\\/06\\\/14\\\/en-la-paz-prosigue-retiro-de-placas-de-vehiculos-por-deudas-por-tributos-municipales\\\/#breadcrumb\"},\"inLanguage\":\"es\",\"potentialAction\":[{\"@type\":\"ReadAction\",\"target\":[\"https:\\\/\\\/www.eldiario.net\\\/portal\\\/2024\\\/06\\\/14\\\/en-la-paz-prosigue-retiro-de-placas-de-vehiculos-por-deudas-por-tributos-municipales\\\/\"]}]},{\"@type\":\"ImageObject\",\"inLanguage\":\"es\",\"@id\":\"https:\\\/\\\/www.eldiario.net\\\/portal\\\/2024\\\/06\\\/14\\\/en-la-paz-prosigue-retiro-de-placas-de-vehiculos-por-deudas-por-tributos-municipales\\\/#primaryimage\",\"url\":\"https:\\\/\\\/www.eldiario.net\\\/portal\\\/wp-content\\\/uploads\\\/2024\\\/06\\\/URUJARA-14.jpg\",\"contentUrl\":\"https:\\\/\\\/www.eldiario.net\\\/portal\\\/wp-content\\\/uploads\\\/2024\\\/06\\\/URUJARA-14.jpg\",\"width\":696,\"height\":534,\"caption\":\"Foto. Agencia Municipal de Noticias.\"},{\"@type\":\"BreadcrumbList\",\"@id\":\"https:\\\/\\\/www.eldiario.net\\\/portal\\\/2024\\\/06\\\/14\\\/en-la-paz-prosigue-retiro-de-placas-de-vehiculos-por-deudas-por-tributos-municipales\\\/#breadcrumb\",\"itemListElement\":[{\"@type\":\"ListItem\",\"position\":1,\"name\":\"Portada\",\"item\":\"https:\\\/\\\/www.eldiario.net\\\/portal\\\/\"},{\"@type\":\"ListItem\",\"position\":2,\"name\":\"La Paz: prosigue retiro de placas de veh\u00edculos por deudas por tributos municipales\"}]},{\"@type\":\"WebSite\",\"@id\":\"https:\\\/\\\/www.eldiario.net\\\/portal\\\/#website\",\"url\":\"https:\\\/\\\/www.eldiario.net\\\/portal\\\/\",\"name\":\"El Diario - Decano de la prensa nacional\",\"description\":\"El Diario - Decano de la prensa nacional\",\"publisher\":{\"@id\":\"https:\\\/\\\/www.eldiario.net\\\/portal\\\/#organization\"},\"potentialAction\":[{\"@type\":\"SearchAction\",\"target\":{\"@type\":\"EntryPoint\",\"urlTemplate\":\"https:\\\/\\\/www.eldiario.net\\\/portal\\\/?s={search_term_string}\"},\"query-input\":{\"@type\":\"PropertyValueSpecification\",\"valueRequired\":true,\"valueName\":\"search_term_string\"}}],\"inLanguage\":\"es\"},{\"@type\":\"Organization\",\"@id\":\"https:\\\/\\\/www.eldiario.net\\\/portal\\\/#organization\",\"name\":\"El Diario - Decano de la prensa nacional\",\"url\":\"https:\\\/\\\/www.eldiario.net\\\/portal\\\/\",\"logo\":{\"@type\":\"ImageObject\",\"inLanguage\":\"es\",\"@id\":\"https:\\\/\\\/www.eldiario.net\\\/portal\\\/#\\\/schema\\\/logo\\\/image\\\/\",\"url\":\"https:\\\/\\\/www.eldiario.net\\\/portal\\\/wp-content\\\/uploads\\\/2023\\\/07\\\/logo_ED.jpg\",\"contentUrl\":\"https:\\\/\\\/www.eldiario.net\\\/portal\\\/wp-content\\\/uploads\\\/2023\\\/07\\\/logo_ED.jpg\",\"width\":272,\"height\":52,\"caption\":\"El Diario - Decano de la prensa nacional\"},\"image\":{\"@id\":\"https:\\\/\\\/www.eldiario.net\\\/portal\\\/#\\\/schema\\\/logo\\\/image\\\/\"},\"sameAs\":[\"https:\\\/\\\/www.facebook.com\\\/eldiario.bolivia\\\/\",\"https:\\\/\\\/x.com\\\/eldiario_net\"]},{\"@type\":\"Person\",\"@id\":\"https:\\\/\\\/www.eldiario.net\\\/portal\\\/#\\\/schema\\\/person\\\/cab1ae4db27e5f008a62cbffb05fbfee\",\"name\":\"luis Camacho\",\"image\":{\"@type\":\"ImageObject\",\"inLanguage\":\"es\",\"@id\":\"https:\\\/\\\/secure.gravatar.com\\\/avatar\\\/69ecb836b3826d5a2501bf06ab2a2f2c8ab211cc846758f395df21684cb38313?s=96&d=mm&r=g\",\"url\":\"https:\\\/\\\/secure.gravatar.com\\\/avatar\\\/69ecb836b3826d5a2501bf06ab2a2f2c8ab211cc846758f395df21684cb38313?s=96&d=mm&r=g\",\"contentUrl\":\"https:\\\/\\\/secure.gravatar.com\\\/avatar\\\/69ecb836b3826d5a2501bf06ab2a2f2c8ab211cc846758f395df21684cb38313?s=96&d=mm&r=g\",\"caption\":\"luis Camacho\"},\"url\":\"https:\\\/\\\/www.eldiario.net\\\/portal\\\/author\\\/luis\\\/\"}]}<\/script>\n<!-- \/ Yoast SEO plugin. -->","yoast_head_json":{"title":"La Paz: prosigue retiro de placas de veh\u00edculos por deudas por tributos municipales - El Diario - Bolivia","robots":{"index":"index","follow":"follow","max-snippet":"max-snippet:-1","max-image-preview":"max-image-preview:large","max-video-preview":"max-video-preview:-1"},"canonical":"https:\/\/www.eldiario.net\/portal\/2024\/06\/14\/en-la-paz-prosigue-retiro-de-placas-de-vehiculos-por-deudas-por-tributos-municipales\/","og_locale":"es_ES","og_type":"article","og_title":"La Paz: prosigue retiro de placas de veh\u00edculos por deudas por tributos municipales - El Diario - Bolivia","og_description":"El retiro de placas a veh\u00edculos cuyos due\u00f1os tienen deudas por impuestos municipales prosigue en la ciudad de La Paz. En esta jornada se aplic\u00f3 la medida en seis motorizados, porque sus propietarios no pagaron sus tributos en la Alcald\u00eda de La Paz hace m\u00e1s de diez a\u00f1os. La informaci\u00f3n fue proporcionada por la directora [&hellip;]","og_url":"https:\/\/www.eldiario.net\/portal\/2024\/06\/14\/en-la-paz-prosigue-retiro-de-placas-de-vehiculos-por-deudas-por-tributos-municipales\/","og_site_name":"El Diario - Bolivia","article_publisher":"https:\/\/www.facebook.com\/eldiario.bolivia\/","article_published_time":"2024-06-14T20:07:39+00:00","article_modified_time":"2024-06-14T20:08:27+00:00","og_image":[{"width":696,"height":534,"url":"https:\/\/www.eldiario.net\/portal\/wp-content\/uploads\/2024\/06\/URUJARA-14.jpg","type":"image\/jpeg"}],"author":"luis Camacho","twitter_card":"summary_large_image","twitter_creator":"@eldiario_net","twitter_site":"@eldiario_net","twitter_misc":{"Escrito por":"luis Camacho","Tiempo de lectura":"1 minuto"},"schema":{"@context":"https:\/\/schema.org","@graph":[{"@type":"Article","@id":"https:\/\/www.eldiario.net\/portal\/2024\/06\/14\/en-la-paz-prosigue-retiro-de-placas-de-vehiculos-por-deudas-por-tributos-municipales\/#article","isPartOf":{"@id":"https:\/\/www.eldiario.net\/portal\/2024\/06\/14\/en-la-paz-prosigue-retiro-de-placas-de-vehiculos-por-deudas-por-tributos-municipales\/"},"author":{"name":"luis Camacho","@id":"https:\/\/www.eldiario.net\/portal\/#\/schema\/person\/cab1ae4db27e5f008a62cbffb05fbfee"},"headline":"La Paz: prosigue retiro de placas de veh\u00edculos por deudas por tributos municipales","datePublished":"2024-06-14T20:07:39+00:00","dateModified":"2024-06-14T20:08:27+00:00","mainEntityOfPage":{"@id":"https:\/\/www.eldiario.net\/portal\/2024\/06\/14\/en-la-paz-prosigue-retiro-de-placas-de-vehiculos-por-deudas-por-tributos-municipales\/"},"wordCount":154,"commentCount":0,"publisher":{"@id":"https:\/\/www.eldiario.net\/portal\/#organization"},"image":{"@id":"https:\/\/www.eldiario.net\/portal\/2024\/06\/14\/en-la-paz-prosigue-retiro-de-placas-de-vehiculos-por-deudas-por-tributos-municipales\/#primaryimage"},"thumbnailUrl":"https:\/\/www.eldiario.net\/portal\/wp-content\/uploads\/2024\/06\/URUJARA-14.jpg","articleSection":["\u00daltima Hora"],"inLanguage":"es","potentialAction":[{"@type":"CommentAction","name":"Comment","target":["https:\/\/www.eldiario.net\/portal\/2024\/06\/14\/en-la-paz-prosigue-retiro-de-placas-de-vehiculos-por-deudas-por-tributos-municipales\/#respond"]}]},{"@type":"WebPage","@id":"https:\/\/www.eldiario.net\/portal\/2024\/06\/14\/en-la-paz-prosigue-retiro-de-placas-de-vehiculos-por-deudas-por-tributos-municipales\/","url":"https:\/\/www.eldiario.net\/portal\/2024\/06\/14\/en-la-paz-prosigue-retiro-de-placas-de-vehiculos-por-deudas-por-tributos-municipales\/","name":"La Paz: prosigue retiro de placas de veh\u00edculos por deudas por tributos municipales - El Diario - Bolivia","isPartOf":{"@id":"https:\/\/www.eldiario.net\/portal\/#website"},"primaryImageOfPage":{"@id":"https:\/\/www.eldiario.net\/portal\/2024\/06\/14\/en-la-paz-prosigue-retiro-de-placas-de-vehiculos-por-deudas-por-tributos-municipales\/#primaryimage"},"image":{"@id":"https:\/\/www.eldiario.net\/portal\/2024\/06\/14\/en-la-paz-prosigue-retiro-de-placas-de-vehiculos-por-deudas-por-tributos-municipales\/#primaryimage"},"thumbnailUrl":"https:\/\/www.eldiario.net\/portal\/wp-content\/uploads\/2024\/06\/URUJARA-14.jpg","datePublished":"2024-06-14T20:07:39+00:00","dateModified":"2024-06-14T20:08:27+00:00","breadcrumb":{"@id":"https:\/\/www.eldiario.net\/portal\/2024\/06\/14\/en-la-paz-prosigue-retiro-de-placas-de-vehiculos-por-deudas-por-tributos-municipales\/#breadcrumb"},"inLanguage":"es","potentialAction":[{"@type":"ReadAction","target":["https:\/\/www.eldiario.net\/portal\/2024\/06\/14\/en-la-paz-prosigue-retiro-de-placas-de-vehiculos-por-deudas-por-tributos-municipales\/"]}]},{"@type":"ImageObject","inLanguage":"es","@id":"https:\/\/www.eldiario.net\/portal\/2024\/06\/14\/en-la-paz-prosigue-retiro-de-placas-de-vehiculos-por-deudas-por-tributos-municipales\/#primaryimage","url":"https:\/\/www.eldiario.net\/portal\/wp-content\/uploads\/2024\/06\/URUJARA-14.jpg","contentUrl":"https:\/\/www.eldiario.net\/portal\/wp-content\/uploads\/2024\/06\/URUJARA-14.jpg","width":696,"height":534,"caption":"Foto. Agencia Municipal de Noticias."},{"@type":"BreadcrumbList","@id":"https:\/\/www.eldiario.net\/portal\/2024\/06\/14\/en-la-paz-prosigue-retiro-de-placas-de-vehiculos-por-deudas-por-tributos-municipales\/#breadcrumb","itemListElement":[{"@type":"ListItem","position":1,"name":"Portada","item":"https:\/\/www.eldiario.net\/portal\/"},{"@type":"ListItem","position":2,"name":"La Paz: prosigue retiro de placas de veh\u00edculos por deudas por tributos municipales"}]},{"@type":"WebSite","@id":"https:\/\/www.eldiario.net\/portal\/#website","url":"https:\/\/www.eldiario.net\/portal\/","name":"El Diario - Decano de la prensa nacional","description":"El Diario - Decano de la prensa nacional","publisher":{"@id":"https:\/\/www.eldiario.net\/portal\/#organization"},"potentialAction":[{"@type":"SearchAction","target":{"@type":"EntryPoint","urlTemplate":"https:\/\/www.eldiario.net\/portal\/?s={search_term_string}"},"query-input":{"@type":"PropertyValueSpecification","valueRequired":true,"valueName":"search_term_string"}}],"inLanguage":"es"},{"@type":"Organization","@id":"https:\/\/www.eldiario.net\/portal\/#organization","name":"El Diario - Decano de la prensa nacional","url":"https:\/\/www.eldiario.net\/portal\/","logo":{"@type":"ImageObject","inLanguage":"es","@id":"https:\/\/www.eldiario.net\/portal\/#\/schema\/logo\/image\/","url":"https:\/\/www.eldiario.net\/portal\/wp-content\/uploads\/2023\/07\/logo_ED.jpg","contentUrl":"https:\/\/www.eldiario.net\/portal\/wp-content\/uploads\/2023\/07\/logo_ED.jpg","width":272,"height":52,"caption":"El Diario - Decano de la prensa nacional"},"image":{"@id":"https:\/\/www.eldiario.net\/portal\/#\/schema\/logo\/image\/"},"sameAs":["https:\/\/www.facebook.com\/eldiario.bolivia\/","https:\/\/x.com\/eldiario_net"]},{"@type":"Person","@id":"https:\/\/www.eldiario.net\/portal\/#\/schema\/person\/cab1ae4db27e5f008a62cbffb05fbfee","name":"luis Camacho","image":{"@type":"ImageObject","inLanguage":"es","@id":"https:\/\/secure.gravatar.com\/avatar\/69ecb836b3826d5a2501bf06ab2a2f2c8ab211cc846758f395df21684cb38313?s=96&d=mm&r=g","url":"https:\/\/secure.gravatar.com\/avatar\/69ecb836b3826d5a2501bf06ab2a2f2c8ab211cc846758f395df21684cb38313?s=96&d=mm&r=g","contentUrl":"https:\/\/secure.gravatar.com\/avatar\/69ecb836b3826d5a2501bf06ab2a2f2c8ab211cc846758f395df21684cb38313?s=96&d=mm&r=g","caption":"luis Camacho"},"url":"https:\/\/www.eldiario.net\/portal\/author\/luis\/"}]}},"_links":{"self":[{"href":"https:\/\/www.eldiario.net\/portal\/wp-json\/wp\/v2\/posts\/227193","targetHints":{"allow":["GET"]}}],"collection":[{"href":"https:\/\/www.eldiario.net\/portal\/wp-json\/wp\/v2\/posts"}],"about":[{"href":"https:\/\/www.eldiario.net\/portal\/wp-json\/wp\/v2\/types\/post"}],"author":[{"embeddable":true,"href":"https:\/\/www.eldiario.net\/portal\/wp-json\/wp\/v2\/users\/2"}],"replies":[{"embeddable":true,"href":"https:\/\/www.eldiario.net\/portal\/wp-json\/wp\/v2\/comments?post=227193"}],"version-history":[{"count":2,"href":"https:\/\/www.eldiario.net\/portal\/wp-json\/wp\/v2\/posts\/227193\/revisions"}],"predecessor-version":[{"id":227196,"href":"https:\/\/www.eldiario.net\/portal\/wp-json\/wp\/v2\/posts\/227193\/revisions\/227196"}],"wp:featuredmedia":[{"embeddable":true,"href":"https:\/\/www.eldiario.net\/portal\/wp-json\/wp\/v2\/media\/227194"}],"wp:attachment":[{"href":"https:\/\/www.eldiario.net\/portal\/wp-json\/wp\/v2\/media?parent=227193"}],"wp:term":[{"taxonomy":"category","embeddable":true,"href":"https:\/\/www.eldiario.net\/portal\/wp-json\/wp\/v2\/categories?post=227193"},{"taxonomy":"post_tag","embeddable":true,"href":"https:\/\/www.eldiario.net\/portal\/wp-json\/wp\/v2\/tags?post=227193"}],"curies":[{"name":"wp","href":"https:\/\/api.w.org\/{rel}","templated":true}]}}