{"id":227179,"date":"2024-06-14T11:52:34","date_gmt":"2024-06-14T15:52:34","guid":{"rendered":"https:\/\/www.eldiario.net\/portal\/?p=227179"},"modified":"2024-06-14T12:07:28","modified_gmt":"2024-06-14T16:07:28","slug":"beni-reanudan-despegues-y-aterrizajes-en-el-aeropuerto-de-rurrenabaque","status":"publish","type":"post","link":"https:\/\/www.eldiario.net\/portal\/2024\/06\/14\/beni-reanudan-despegues-y-aterrizajes-en-el-aeropuerto-de-rurrenabaque\/","title":{"rendered":"Beni: reanudan despegues y aterrizajes en el aeropuerto de Rurrenabaque"},"content":{"rendered":"<p>Las operaciones a\u00e9reas fueron reanudadas en el aeropuerto de Rurrenabaque del departamento de Beni, una vez disipada una nubosidad que imped\u00eda la visibilidad para vuelos.<\/p>\n<p>Seg\u00fan un comunicado de la empresa estatal Navegaci\u00f3n A\u00e9rea y Aeropuertos Bolivianos, los despegues y aterrizajes fueron suspendidos all\u00e1, cerca de las 7:00, porque se ten\u00eda un techo de nubes demasiado bajo.<\/p>\n<p>Las normativas para operaciones a\u00e9reas determinan que la realizaci\u00f3n de vuelos precisan que la nubosidad por inmediaciones de un aeropuerto est\u00e9 por encima de los 700 pies de altura.<\/p>\n","protected":false},"excerpt":{"rendered":"<p>Las operaciones a\u00e9reas fueron reanudadas en el aeropuerto de Rurrenabaque del departamento de Beni, una vez disipada una nubosidad que imped\u00eda la visibilidad para vuelos. Seg\u00fan un comunicado de la empresa estatal Navegaci\u00f3n A\u00e9rea y Aeropuertos Bolivianos, los despegues y aterrizajes fueron suspendidos all\u00e1, cerca de las 7:00, porque se ten\u00eda un techo de nubes [&hellip;]<\/p>\n","protected":false},"author":2,"featured_media":227180,"comment_status":"open","ping_status":"open","sticky":false,"template":"","format":"standard","meta":{"_acf_changed":false,"footnotes":""},"categories":[51],"tags":[],"class_list":["post-227179","post","type-post","status-publish","format-standard","has-post-thumbnail","category-ultima-hora"],"acf":{"antetitulo":""},"yoast_head":"<!-- This site is optimized with the Yoast SEO plugin v28.3 - https:\/\/yoast.com\/product\/yoast-seo-wordpress\/ -->\n<title>Beni: reanudan despegues y aterrizajes en el aeropuerto de Rurrenabaque - El Diario - Bolivia<\/title>\n<meta name=\"robots\" content=\"index, follow, max-snippet:-1, max-image-preview:large, max-video-preview:-1\" \/>\n<link rel=\"canonical\" href=\"https:\/\/www.eldiario.net\/portal\/2024\/06\/14\/beni-reanudan-despegues-y-aterrizajes-en-el-aeropuerto-de-rurrenabaque\/\" \/>\n<meta property=\"og:locale\" content=\"es_ES\" \/>\n<meta property=\"og:type\" content=\"article\" \/>\n<meta property=\"og:title\" content=\"Beni: reanudan despegues y aterrizajes en el aeropuerto de Rurrenabaque - El Diario - Bolivia\" \/>\n<meta property=\"og:description\" content=\"Las operaciones a\u00e9reas fueron reanudadas en el aeropuerto de Rurrenabaque del departamento de Beni, una vez disipada una nubosidad que imped\u00eda la visibilidad para vuelos. Seg\u00fan un comunicado de la empresa estatal Navegaci\u00f3n A\u00e9rea y Aeropuertos Bolivianos, los despegues y aterrizajes fueron suspendidos all\u00e1, cerca de las 7:00, porque se ten\u00eda un techo de nubes [&hellip;]\" \/>\n<meta property=\"og:url\" content=\"https:\/\/www.eldiario.net\/portal\/2024\/06\/14\/beni-reanudan-despegues-y-aterrizajes-en-el-aeropuerto-de-rurrenabaque\/\" \/>\n<meta property=\"og:site_name\" content=\"El Diario - Bolivia\" \/>\n<meta property=\"article:publisher\" content=\"https:\/\/www.facebook.com\/eldiario.bolivia\/\" \/>\n<meta property=\"article:published_time\" content=\"2024-06-14T15:52:34+00:00\" \/>\n<meta property=\"article:modified_time\" content=\"2024-06-14T16:07:28+00:00\" \/>\n<meta property=\"og:image\" content=\"https:\/\/www.eldiario.net\/portal\/wp-content\/uploads\/2024\/06\/RURRE-14.jpg\" \/>\n\t<meta property=\"og:image:width\" content=\"1000\" \/>\n\t<meta property=\"og:image:height\" content=\"611\" \/>\n\t<meta property=\"og:image:type\" content=\"image\/jpeg\" \/>\n<meta name=\"author\" content=\"luis Camacho\" \/>\n<meta name=\"twitter:card\" content=\"summary_large_image\" \/>\n<meta name=\"twitter:creator\" content=\"@eldiario_net\" \/>\n<meta name=\"twitter:site\" content=\"@eldiario_net\" \/>\n<meta name=\"twitter:label1\" content=\"Escrito por\" \/>\n\t<meta name=\"twitter:data1\" content=\"luis Camacho\" \/>\n\t<meta name=\"twitter:label2\" content=\"Tiempo de lectura\" \/>\n\t<meta name=\"twitter:data2\" content=\"1 minuto\" \/>\n<script type=\"application\/ld+json\" class=\"yoast-schema-graph\">{\"@context\":\"https:\\\/\\\/schema.org\",\"@graph\":[{\"@type\":\"Article\",\"@id\":\"https:\\\/\\\/www.eldiario.net\\\/portal\\\/2024\\\/06\\\/14\\\/beni-reanudan-despegues-y-aterrizajes-en-el-aeropuerto-de-rurrenabaque\\\/#article\",\"isPartOf\":{\"@id\":\"https:\\\/\\\/www.eldiario.net\\\/portal\\\/2024\\\/06\\\/14\\\/beni-reanudan-despegues-y-aterrizajes-en-el-aeropuerto-de-rurrenabaque\\\/\"},\"author\":{\"name\":\"luis Camacho\",\"@id\":\"https:\\\/\\\/www.eldiario.net\\\/portal\\\/#\\\/schema\\\/person\\\/cab1ae4db27e5f008a62cbffb05fbfee\"},\"headline\":\"Beni: reanudan despegues y aterrizajes en el aeropuerto de Rurrenabaque\",\"datePublished\":\"2024-06-14T15:52:34+00:00\",\"dateModified\":\"2024-06-14T16:07:28+00:00\",\"mainEntityOfPage\":{\"@id\":\"https:\\\/\\\/www.eldiario.net\\\/portal\\\/2024\\\/06\\\/14\\\/beni-reanudan-despegues-y-aterrizajes-en-el-aeropuerto-de-rurrenabaque\\\/\"},\"wordCount\":102,\"commentCount\":0,\"publisher\":{\"@id\":\"https:\\\/\\\/www.eldiario.net\\\/portal\\\/#organization\"},\"image\":{\"@id\":\"https:\\\/\\\/www.eldiario.net\\\/portal\\\/2024\\\/06\\\/14\\\/beni-reanudan-despegues-y-aterrizajes-en-el-aeropuerto-de-rurrenabaque\\\/#primaryimage\"},\"thumbnailUrl\":\"https:\\\/\\\/www.eldiario.net\\\/portal\\\/wp-content\\\/uploads\\\/2024\\\/06\\\/RURRE-14.jpg\",\"articleSection\":[\"\u00daltima Hora\"],\"inLanguage\":\"es\",\"potentialAction\":[{\"@type\":\"CommentAction\",\"name\":\"Comment\",\"target\":[\"https:\\\/\\\/www.eldiario.net\\\/portal\\\/2024\\\/06\\\/14\\\/beni-reanudan-despegues-y-aterrizajes-en-el-aeropuerto-de-rurrenabaque\\\/#respond\"]}]},{\"@type\":\"WebPage\",\"@id\":\"https:\\\/\\\/www.eldiario.net\\\/portal\\\/2024\\\/06\\\/14\\\/beni-reanudan-despegues-y-aterrizajes-en-el-aeropuerto-de-rurrenabaque\\\/\",\"url\":\"https:\\\/\\\/www.eldiario.net\\\/portal\\\/2024\\\/06\\\/14\\\/beni-reanudan-despegues-y-aterrizajes-en-el-aeropuerto-de-rurrenabaque\\\/\",\"name\":\"Beni: reanudan despegues y aterrizajes en el aeropuerto de Rurrenabaque - El Diario - Bolivia\",\"isPartOf\":{\"@id\":\"https:\\\/\\\/www.eldiario.net\\\/portal\\\/#website\"},\"primaryImageOfPage\":{\"@id\":\"https:\\\/\\\/www.eldiario.net\\\/portal\\\/2024\\\/06\\\/14\\\/beni-reanudan-despegues-y-aterrizajes-en-el-aeropuerto-de-rurrenabaque\\\/#primaryimage\"},\"image\":{\"@id\":\"https:\\\/\\\/www.eldiario.net\\\/portal\\\/2024\\\/06\\\/14\\\/beni-reanudan-despegues-y-aterrizajes-en-el-aeropuerto-de-rurrenabaque\\\/#primaryimage\"},\"thumbnailUrl\":\"https:\\\/\\\/www.eldiario.net\\\/portal\\\/wp-content\\\/uploads\\\/2024\\\/06\\\/RURRE-14.jpg\",\"datePublished\":\"2024-06-14T15:52:34+00:00\",\"dateModified\":\"2024-06-14T16:07:28+00:00\",\"breadcrumb\":{\"@id\":\"https:\\\/\\\/www.eldiario.net\\\/portal\\\/2024\\\/06\\\/14\\\/beni-reanudan-despegues-y-aterrizajes-en-el-aeropuerto-de-rurrenabaque\\\/#breadcrumb\"},\"inLanguage\":\"es\",\"potentialAction\":[{\"@type\":\"ReadAction\",\"target\":[\"https:\\\/\\\/www.eldiario.net\\\/portal\\\/2024\\\/06\\\/14\\\/beni-reanudan-despegues-y-aterrizajes-en-el-aeropuerto-de-rurrenabaque\\\/\"]}]},{\"@type\":\"ImageObject\",\"inLanguage\":\"es\",\"@id\":\"https:\\\/\\\/www.eldiario.net\\\/portal\\\/2024\\\/06\\\/14\\\/beni-reanudan-despegues-y-aterrizajes-en-el-aeropuerto-de-rurrenabaque\\\/#primaryimage\",\"url\":\"https:\\\/\\\/www.eldiario.net\\\/portal\\\/wp-content\\\/uploads\\\/2024\\\/06\\\/RURRE-14.jpg\",\"contentUrl\":\"https:\\\/\\\/www.eldiario.net\\\/portal\\\/wp-content\\\/uploads\\\/2024\\\/06\\\/RURRE-14.jpg\",\"width\":1000,\"height\":611,\"caption\":\"Foto: MOPSV.\"},{\"@type\":\"BreadcrumbList\",\"@id\":\"https:\\\/\\\/www.eldiario.net\\\/portal\\\/2024\\\/06\\\/14\\\/beni-reanudan-despegues-y-aterrizajes-en-el-aeropuerto-de-rurrenabaque\\\/#breadcrumb\",\"itemListElement\":[{\"@type\":\"ListItem\",\"position\":1,\"name\":\"Portada\",\"item\":\"https:\\\/\\\/www.eldiario.net\\\/portal\\\/\"},{\"@type\":\"ListItem\",\"position\":2,\"name\":\"Beni: reanudan despegues y aterrizajes en el aeropuerto de Rurrenabaque\"}]},{\"@type\":\"WebSite\",\"@id\":\"https:\\\/\\\/www.eldiario.net\\\/portal\\\/#website\",\"url\":\"https:\\\/\\\/www.eldiario.net\\\/portal\\\/\",\"name\":\"El Diario - Decano de la prensa nacional\",\"description\":\"El Diario - Decano de la prensa nacional\",\"publisher\":{\"@id\":\"https:\\\/\\\/www.eldiario.net\\\/portal\\\/#organization\"},\"potentialAction\":[{\"@type\":\"SearchAction\",\"target\":{\"@type\":\"EntryPoint\",\"urlTemplate\":\"https:\\\/\\\/www.eldiario.net\\\/portal\\\/?s={search_term_string}\"},\"query-input\":{\"@type\":\"PropertyValueSpecification\",\"valueRequired\":true,\"valueName\":\"search_term_string\"}}],\"inLanguage\":\"es\"},{\"@type\":\"Organization\",\"@id\":\"https:\\\/\\\/www.eldiario.net\\\/portal\\\/#organization\",\"name\":\"El Diario - Decano de la prensa nacional\",\"url\":\"https:\\\/\\\/www.eldiario.net\\\/portal\\\/\",\"logo\":{\"@type\":\"ImageObject\",\"inLanguage\":\"es\",\"@id\":\"https:\\\/\\\/www.eldiario.net\\\/portal\\\/#\\\/schema\\\/logo\\\/image\\\/\",\"url\":\"https:\\\/\\\/www.eldiario.net\\\/portal\\\/wp-content\\\/uploads\\\/2023\\\/07\\\/logo_ED.jpg\",\"contentUrl\":\"https:\\\/\\\/www.eldiario.net\\\/portal\\\/wp-content\\\/uploads\\\/2023\\\/07\\\/logo_ED.jpg\",\"width\":272,\"height\":52,\"caption\":\"El Diario - Decano de la prensa nacional\"},\"image\":{\"@id\":\"https:\\\/\\\/www.eldiario.net\\\/portal\\\/#\\\/schema\\\/logo\\\/image\\\/\"},\"sameAs\":[\"https:\\\/\\\/www.facebook.com\\\/eldiario.bolivia\\\/\",\"https:\\\/\\\/x.com\\\/eldiario_net\"]},{\"@type\":\"Person\",\"@id\":\"https:\\\/\\\/www.eldiario.net\\\/portal\\\/#\\\/schema\\\/person\\\/cab1ae4db27e5f008a62cbffb05fbfee\",\"name\":\"luis Camacho\",\"image\":{\"@type\":\"ImageObject\",\"inLanguage\":\"es\",\"@id\":\"https:\\\/\\\/secure.gravatar.com\\\/avatar\\\/69ecb836b3826d5a2501bf06ab2a2f2c8ab211cc846758f395df21684cb38313?s=96&d=mm&r=g\",\"url\":\"https:\\\/\\\/secure.gravatar.com\\\/avatar\\\/69ecb836b3826d5a2501bf06ab2a2f2c8ab211cc846758f395df21684cb38313?s=96&d=mm&r=g\",\"contentUrl\":\"https:\\\/\\\/secure.gravatar.com\\\/avatar\\\/69ecb836b3826d5a2501bf06ab2a2f2c8ab211cc846758f395df21684cb38313?s=96&d=mm&r=g\",\"caption\":\"luis Camacho\"},\"url\":\"https:\\\/\\\/www.eldiario.net\\\/portal\\\/author\\\/luis\\\/\"}]}<\/script>\n<!-- \/ Yoast SEO plugin. -->","yoast_head_json":{"title":"Beni: reanudan despegues y aterrizajes en el aeropuerto de Rurrenabaque - El Diario - Bolivia","robots":{"index":"index","follow":"follow","max-snippet":"max-snippet:-1","max-image-preview":"max-image-preview:large","max-video-preview":"max-video-preview:-1"},"canonical":"https:\/\/www.eldiario.net\/portal\/2024\/06\/14\/beni-reanudan-despegues-y-aterrizajes-en-el-aeropuerto-de-rurrenabaque\/","og_locale":"es_ES","og_type":"article","og_title":"Beni: reanudan despegues y aterrizajes en el aeropuerto de Rurrenabaque - El Diario - Bolivia","og_description":"Las operaciones a\u00e9reas fueron reanudadas en el aeropuerto de Rurrenabaque del departamento de Beni, una vez disipada una nubosidad que imped\u00eda la visibilidad para vuelos. Seg\u00fan un comunicado de la empresa estatal Navegaci\u00f3n A\u00e9rea y Aeropuertos Bolivianos, los despegues y aterrizajes fueron suspendidos all\u00e1, cerca de las 7:00, porque se ten\u00eda un techo de nubes [&hellip;]","og_url":"https:\/\/www.eldiario.net\/portal\/2024\/06\/14\/beni-reanudan-despegues-y-aterrizajes-en-el-aeropuerto-de-rurrenabaque\/","og_site_name":"El Diario - Bolivia","article_publisher":"https:\/\/www.facebook.com\/eldiario.bolivia\/","article_published_time":"2024-06-14T15:52:34+00:00","article_modified_time":"2024-06-14T16:07:28+00:00","og_image":[{"width":1000,"height":611,"url":"https:\/\/www.eldiario.net\/portal\/wp-content\/uploads\/2024\/06\/RURRE-14.jpg","type":"image\/jpeg"}],"author":"luis Camacho","twitter_card":"summary_large_image","twitter_creator":"@eldiario_net","twitter_site":"@eldiario_net","twitter_misc":{"Escrito por":"luis Camacho","Tiempo de lectura":"1 minuto"},"schema":{"@context":"https:\/\/schema.org","@graph":[{"@type":"Article","@id":"https:\/\/www.eldiario.net\/portal\/2024\/06\/14\/beni-reanudan-despegues-y-aterrizajes-en-el-aeropuerto-de-rurrenabaque\/#article","isPartOf":{"@id":"https:\/\/www.eldiario.net\/portal\/2024\/06\/14\/beni-reanudan-despegues-y-aterrizajes-en-el-aeropuerto-de-rurrenabaque\/"},"author":{"name":"luis Camacho","@id":"https:\/\/www.eldiario.net\/portal\/#\/schema\/person\/cab1ae4db27e5f008a62cbffb05fbfee"},"headline":"Beni: reanudan despegues y aterrizajes en el aeropuerto de Rurrenabaque","datePublished":"2024-06-14T15:52:34+00:00","dateModified":"2024-06-14T16:07:28+00:00","mainEntityOfPage":{"@id":"https:\/\/www.eldiario.net\/portal\/2024\/06\/14\/beni-reanudan-despegues-y-aterrizajes-en-el-aeropuerto-de-rurrenabaque\/"},"wordCount":102,"commentCount":0,"publisher":{"@id":"https:\/\/www.eldiario.net\/portal\/#organization"},"image":{"@id":"https:\/\/www.eldiario.net\/portal\/2024\/06\/14\/beni-reanudan-despegues-y-aterrizajes-en-el-aeropuerto-de-rurrenabaque\/#primaryimage"},"thumbnailUrl":"https:\/\/www.eldiario.net\/portal\/wp-content\/uploads\/2024\/06\/RURRE-14.jpg","articleSection":["\u00daltima Hora"],"inLanguage":"es","potentialAction":[{"@type":"CommentAction","name":"Comment","target":["https:\/\/www.eldiario.net\/portal\/2024\/06\/14\/beni-reanudan-despegues-y-aterrizajes-en-el-aeropuerto-de-rurrenabaque\/#respond"]}]},{"@type":"WebPage","@id":"https:\/\/www.eldiario.net\/portal\/2024\/06\/14\/beni-reanudan-despegues-y-aterrizajes-en-el-aeropuerto-de-rurrenabaque\/","url":"https:\/\/www.eldiario.net\/portal\/2024\/06\/14\/beni-reanudan-despegues-y-aterrizajes-en-el-aeropuerto-de-rurrenabaque\/","name":"Beni: reanudan despegues y aterrizajes en el aeropuerto de Rurrenabaque - El Diario - Bolivia","isPartOf":{"@id":"https:\/\/www.eldiario.net\/portal\/#website"},"primaryImageOfPage":{"@id":"https:\/\/www.eldiario.net\/portal\/2024\/06\/14\/beni-reanudan-despegues-y-aterrizajes-en-el-aeropuerto-de-rurrenabaque\/#primaryimage"},"image":{"@id":"https:\/\/www.eldiario.net\/portal\/2024\/06\/14\/beni-reanudan-despegues-y-aterrizajes-en-el-aeropuerto-de-rurrenabaque\/#primaryimage"},"thumbnailUrl":"https:\/\/www.eldiario.net\/portal\/wp-content\/uploads\/2024\/06\/RURRE-14.jpg","datePublished":"2024-06-14T15:52:34+00:00","dateModified":"2024-06-14T16:07:28+00:00","breadcrumb":{"@id":"https:\/\/www.eldiario.net\/portal\/2024\/06\/14\/beni-reanudan-despegues-y-aterrizajes-en-el-aeropuerto-de-rurrenabaque\/#breadcrumb"},"inLanguage":"es","potentialAction":[{"@type":"ReadAction","target":["https:\/\/www.eldiario.net\/portal\/2024\/06\/14\/beni-reanudan-despegues-y-aterrizajes-en-el-aeropuerto-de-rurrenabaque\/"]}]},{"@type":"ImageObject","inLanguage":"es","@id":"https:\/\/www.eldiario.net\/portal\/2024\/06\/14\/beni-reanudan-despegues-y-aterrizajes-en-el-aeropuerto-de-rurrenabaque\/#primaryimage","url":"https:\/\/www.eldiario.net\/portal\/wp-content\/uploads\/2024\/06\/RURRE-14.jpg","contentUrl":"https:\/\/www.eldiario.net\/portal\/wp-content\/uploads\/2024\/06\/RURRE-14.jpg","width":1000,"height":611,"caption":"Foto: MOPSV."},{"@type":"BreadcrumbList","@id":"https:\/\/www.eldiario.net\/portal\/2024\/06\/14\/beni-reanudan-despegues-y-aterrizajes-en-el-aeropuerto-de-rurrenabaque\/#breadcrumb","itemListElement":[{"@type":"ListItem","position":1,"name":"Portada","item":"https:\/\/www.eldiario.net\/portal\/"},{"@type":"ListItem","position":2,"name":"Beni: reanudan despegues y aterrizajes en el aeropuerto de Rurrenabaque"}]},{"@type":"WebSite","@id":"https:\/\/www.eldiario.net\/portal\/#website","url":"https:\/\/www.eldiario.net\/portal\/","name":"El Diario - Decano de la prensa nacional","description":"El Diario - Decano de la prensa nacional","publisher":{"@id":"https:\/\/www.eldiario.net\/portal\/#organization"},"potentialAction":[{"@type":"SearchAction","target":{"@type":"EntryPoint","urlTemplate":"https:\/\/www.eldiario.net\/portal\/?s={search_term_string}"},"query-input":{"@type":"PropertyValueSpecification","valueRequired":true,"valueName":"search_term_string"}}],"inLanguage":"es"},{"@type":"Organization","@id":"https:\/\/www.eldiario.net\/portal\/#organization","name":"El Diario - Decano de la prensa nacional","url":"https:\/\/www.eldiario.net\/portal\/","logo":{"@type":"ImageObject","inLanguage":"es","@id":"https:\/\/www.eldiario.net\/portal\/#\/schema\/logo\/image\/","url":"https:\/\/www.eldiario.net\/portal\/wp-content\/uploads\/2023\/07\/logo_ED.jpg","contentUrl":"https:\/\/www.eldiario.net\/portal\/wp-content\/uploads\/2023\/07\/logo_ED.jpg","width":272,"height":52,"caption":"El Diario - Decano de la prensa nacional"},"image":{"@id":"https:\/\/www.eldiario.net\/portal\/#\/schema\/logo\/image\/"},"sameAs":["https:\/\/www.facebook.com\/eldiario.bolivia\/","https:\/\/x.com\/eldiario_net"]},{"@type":"Person","@id":"https:\/\/www.eldiario.net\/portal\/#\/schema\/person\/cab1ae4db27e5f008a62cbffb05fbfee","name":"luis Camacho","image":{"@type":"ImageObject","inLanguage":"es","@id":"https:\/\/secure.gravatar.com\/avatar\/69ecb836b3826d5a2501bf06ab2a2f2c8ab211cc846758f395df21684cb38313?s=96&d=mm&r=g","url":"https:\/\/secure.gravatar.com\/avatar\/69ecb836b3826d5a2501bf06ab2a2f2c8ab211cc846758f395df21684cb38313?s=96&d=mm&r=g","contentUrl":"https:\/\/secure.gravatar.com\/avatar\/69ecb836b3826d5a2501bf06ab2a2f2c8ab211cc846758f395df21684cb38313?s=96&d=mm&r=g","caption":"luis Camacho"},"url":"https:\/\/www.eldiario.net\/portal\/author\/luis\/"}]}},"_links":{"self":[{"href":"https:\/\/www.eldiario.net\/portal\/wp-json\/wp\/v2\/posts\/227179","targetHints":{"allow":["GET"]}}],"collection":[{"href":"https:\/\/www.eldiario.net\/portal\/wp-json\/wp\/v2\/posts"}],"about":[{"href":"https:\/\/www.eldiario.net\/portal\/wp-json\/wp\/v2\/types\/post"}],"author":[{"embeddable":true,"href":"https:\/\/www.eldiario.net\/portal\/wp-json\/wp\/v2\/users\/2"}],"replies":[{"embeddable":true,"href":"https:\/\/www.eldiario.net\/portal\/wp-json\/wp\/v2\/comments?post=227179"}],"version-history":[{"count":4,"href":"https:\/\/www.eldiario.net\/portal\/wp-json\/wp\/v2\/posts\/227179\/revisions"}],"predecessor-version":[{"id":227184,"href":"https:\/\/www.eldiario.net\/portal\/wp-json\/wp\/v2\/posts\/227179\/revisions\/227184"}],"wp:featuredmedia":[{"embeddable":true,"href":"https:\/\/www.eldiario.net\/portal\/wp-json\/wp\/v2\/media\/227180"}],"wp:attachment":[{"href":"https:\/\/www.eldiario.net\/portal\/wp-json\/wp\/v2\/media?parent=227179"}],"wp:term":[{"taxonomy":"category","embeddable":true,"href":"https:\/\/www.eldiario.net\/portal\/wp-json\/wp\/v2\/categories?post=227179"},{"taxonomy":"post_tag","embeddable":true,"href":"https:\/\/www.eldiario.net\/portal\/wp-json\/wp\/v2\/tags?post=227179"}],"curies":[{"name":"wp","href":"https:\/\/api.w.org\/{rel}","templated":true}]}}