{"id":227139,"date":"2024-06-14T06:31:54","date_gmt":"2024-06-14T10:31:54","guid":{"rendered":"https:\/\/www.eldiario.net\/portal\/?p=227139"},"modified":"2024-06-14T06:31:54","modified_gmt":"2024-06-14T10:31:54","slug":"llaman-a-resistencia-y-rechazo-a-destruccion-de-la-amazonia","status":"publish","type":"post","link":"https:\/\/www.eldiario.net\/portal\/2024\/06\/14\/llaman-a-resistencia-y-rechazo-a-destruccion-de-la-amazonia\/","title":{"rendered":"Llaman a resistencia y rechazo  a destrucci\u00f3n de la Amazon\u00eda"},"content":{"rendered":"<p>El XI Foro Social Panamaz\u00f3nico (Fospa) que se realiza en Rurrenabaque y San Buenaventura, con la presencia de m\u00e1s de mil participantes de nueve pa\u00edses, tuvo llamados a la resistencia, rechazo a la destrucci\u00f3n de la Amazon\u00eda, rituales ancestrales y un minuto de silencio por los ocho ind\u00edgenas tsimanes que fallecieron aplastados por un puente en Santa Ana del Yacuma, la semana pasada.<br \/>\nLos cuatro ejes de trabajo (pueblos ind\u00edgenas, Madre Tierra, extractivismos y mujeres) empezaron a trabajar simult\u00e1neamente en diferentes puntos de ambas ciudades, que est\u00e1n separadas \u00fanicamente por el r\u00edo Beni, pero que est\u00e1n unidas por este evento internacional de la sociedad civil.<br \/>\nEl eje 1, referido a los pueblos ind\u00edgenas y poblaciones amaz\u00f3nicas, arranc\u00f3 con un minuto de silencio por los ocho ind\u00edgenas fallecidos en el accidente del puente de Santa Ana del Yacuma y una protesta porque, en primera instancia, fueron enterrados en bolsas, en una fosa com\u00fan y en un cementerio para v\u00edctimas de la covid-19. Tambi\u00e9n hubo el rezo del padre nuestro a cargo de un sacerdote, adem\u00e1s de invocatorias a los ancestros y a los dioses de los diversos pueblos ind\u00edgenas.<br \/>\nEl coordinador del programa Nina de Unitas, Walter Limache, quien moder\u00f3 el primer panel, hizo un resumen de las intervenciones indicando que \u201clos gobiernos est\u00e1n cambiando la vida de los pueblos ind\u00edgenas, pero no para bien, sino que est\u00e1n vulnerando sus derechos\u201d.<br \/>\nEl eje 2, referido a la Madre Tierra, tiene como eje principal el agua y, en el caso de Bolivia, los participantes llegaron con un acuerdo que incluye seis estrategias para garantizar ese derecho de la gente.<br \/>\nAGUA S\u00cd, ORO NO<br \/>\nLos 374 metros de longitud del puente que une las poblaciones de San Buenaventura y Rurrenabaque sobre el r\u00edo Beni quedaron completamente cubiertos por una multitudinaria marcha realizada en defensa de la Amazon\u00eda.<br \/>\n\u201cAgua s\u00ed, oro no\u201d, \u201cel agua no se vende, el agua se defiende\u201d, \u201cni oro, ni coca, la selva no se toca\u201d, fueron algunas de las arengas pronunciadas por los manifestantes que llegaron de nueve pa\u00edses para reunirse en el XI Foro Social Panamaz\u00f3nico, una articulaci\u00f3n de la sociedad civil en defensa del medio ambiente, el agua y los territorios ind\u00edgenas.<br \/>\nNo s\u00f3lo los participantes marcharon, tambi\u00e9n se unieron pobladores de San Buenaventura y Rurrenabaque, entre ellos los guardaparques y el alcalde de esta localidad El\u00edas Moreno, quien lleg\u00f3 hasta la mitad del puente para dar la bienvenida a los visitantes.<br \/>\nMientras la marcha cruzaba por el puente, personas en una decena de balsas realizaban su propia manifestaci\u00f3n, pero por agua. Sus ocupantes portaban la bandera del Patuj\u00fa y lanzaban petardos al aire como se\u00f1al de acompa\u00f1amiento.<br \/>\nLos marchistas luego hicieron un recorrido por la plaza de Rurrenabaque hasta llegar a la avenida costanera, donde se instal\u00f3 una tarima para dar lugar a los discursos de los l\u00edderes del evento internacional.<br \/>\nLa presidenta de la Confederaci\u00f3n Nacional de Mujeres Ind\u00edgenas de Bolivia (Cnamib), Wilma Mendoza, se\u00f1al\u00f3 que se deben elaborar estrategias efectivas, \u201cbasta de palabras, hay que demostrar con acciones desde donde estemos las organizaciones (\u2026). Est\u00e1 en nuestras manos accionar ya, pero ya\u201d, areng\u00f3 la l\u00edder ind\u00edgena. (Sumando Voces\/Br\u00fajula Digital)<\/p>\n\r\n                <style type=\"text\/css\">\r\n                    \r\n                    #tdi_1  .td-doubleSlider-2 .td-item1 {\r\n                        background: url(https:\/\/www.eldiario.net\/portal\/wp-content\/uploads\/2024\/06\/10-NAL-COLOR-2-80x60.jpg) 0 0 no-repeat;\r\n                    }\r\n                    #tdi_1  .td-doubleSlider-2 .td-item2 {\r\n                        background: url(https:\/\/www.eldiario.net\/portal\/wp-content\/uploads\/2024\/06\/11-NAL-COLOR-2-80x60.jpg) 0 0 no-repeat;\r\n                    }\r\n                <\/style>\r\n\r\n                <div id=\"tdi_1\" class=\"td-gallery td-slide-on-2-columns\">\r\n                    <div class=\"post_td_gallery\">\r\n                        <div class=\"td-gallery-slide-top\">\r\n                           <div class=\"td-gallery-title\"><\/div>\r\n\r\n                            <div class=\"td-gallery-controls-wrapper\">\r\n                                <div class=\"td-gallery-slide-count\"><span class=\"td-gallery-slide-item-focus\">1<\/span> de 2<\/div>\r\n                                <div class=\"td-gallery-slide-prev-next-but\">\r\n                                    <i class = \"td-icon-left doubleSliderPrevButton\"><\/i>\r\n                                    <i class = \"td-icon-right doubleSliderNextButton\"><\/i>\r\n                                <\/div>\r\n                            <\/div>\r\n                        <\/div>\r\n\r\n                        <div class = \"td-doubleSlider-1 \">\r\n                            <div class = \"td-slider\">\r\n                                \r\n                    <div class = \"td-slide-item td-item1\">\r\n                        <figure class=\"td-slide-galery-figure td-slide-popup-gallery\">\r\n                            <a class=\"slide-gallery-image-link\" href=\"https:\/\/www.eldiario.net\/portal\/wp-content\/uploads\/2024\/06\/10-NAL-COLOR-2.jpg\" title=\"10-NAL-COLOR\"  data-caption=\"La marcha recorri\u00f3 el puente que une a San Buenaventura y Rurrenabaque. \"  data-description=\"\">\r\n                                <img decoding=\"async\" src=\"https:\/\/www.eldiario.net\/portal\/wp-content\/uploads\/2024\/06\/10-NAL-COLOR-2.jpg\" srcset=\"https:\/\/www.eldiario.net\/portal\/wp-content\/uploads\/2024\/06\/10-NAL-COLOR-2.jpg 720w, https:\/\/www.eldiario.net\/portal\/wp-content\/uploads\/2024\/06\/10-NAL-COLOR-2-300x166.jpg 300w, https:\/\/www.eldiario.net\/portal\/wp-content\/uploads\/2024\/06\/10-NAL-COLOR-2-696x386.jpg 696w\" sizes=\"(max-width: 720px) 100vw, 720px\" alt=\"\">\r\n                            <\/a>\r\n                            <figcaption class = \"td-slide-caption td-gallery-slide-content\"><div class = \"td-gallery-slide-copywrite\">La marcha recorri\u00f3 el puente que une a San Buenaventura y Rurrenabaque. <\/div><\/figcaption>\r\n                        <\/figure>\r\n                    <\/div>\r\n                    <div class = \"td-slide-item td-item2\">\r\n                        <figure class=\"td-slide-galery-figure td-slide-popup-gallery\">\r\n                            <a class=\"slide-gallery-image-link\" href=\"https:\/\/www.eldiario.net\/portal\/wp-content\/uploads\/2024\/06\/11-NAL-COLOR-2.jpg\" title=\"11-NAL-COLOR\"  data-caption=\"PARTICIPANTES EN EL FOSPA.\"  data-description=\"\">\r\n                                <img decoding=\"async\" src=\"https:\/\/www.eldiario.net\/portal\/wp-content\/uploads\/2024\/06\/11-NAL-COLOR-2.jpg\" srcset=\"https:\/\/www.eldiario.net\/portal\/wp-content\/uploads\/2024\/06\/11-NAL-COLOR-2.jpg 720w, https:\/\/www.eldiario.net\/portal\/wp-content\/uploads\/2024\/06\/11-NAL-COLOR-2-300x166.jpg 300w, https:\/\/www.eldiario.net\/portal\/wp-content\/uploads\/2024\/06\/11-NAL-COLOR-2-696x386.jpg 696w\" sizes=\"(max-width: 720px) 100vw, 720px\" alt=\"\">\r\n                            <\/a>\r\n                            <figcaption class = \"td-slide-caption td-gallery-slide-content\"><div class = \"td-gallery-slide-copywrite\">PARTICIPANTES EN EL FOSPA.<\/div><\/figcaption>\r\n                        <\/figure>\r\n                    <\/div>\r\n                            <\/div>\r\n                        <\/div>\r\n\r\n                        <div class = \"td-doubleSlider-2\">\r\n                            <div class = \"td-slider\">\r\n                                \r\n                    <div class = \"td-button td-item1\">\r\n                        <div class = \"td-border\"><\/div>\r\n                    <\/div>\r\n                    <div class = \"td-button td-item2\">\r\n                        <div class = \"td-border\"><\/div>\r\n                    <\/div>\r\n                            <\/div>\r\n                        <\/div>\r\n\r\n                    <\/div>\r\n\r\n                <\/div>\r\n                \n","protected":false},"excerpt":{"rendered":"<p>El XI Foro Social Panamaz\u00f3nico (Fospa) que se realiza en Rurrenabaque y San Buenaventura, con la presencia de m\u00e1s de mil participantes de nueve pa\u00edses, tuvo llamados a la resistencia, rechazo a la destrucci\u00f3n de la Amazon\u00eda, rituales ancestrales y un minuto de silencio por los ocho ind\u00edgenas tsimanes que fallecieron aplastados por un puente [&hellip;]<\/p>\n","protected":false},"author":1,"featured_media":227140,"comment_status":"open","ping_status":"open","sticky":false,"template":"","format":"standard","meta":{"_acf_changed":false,"footnotes":""},"categories":[12],"tags":[],"class_list":["post-227139","post","type-post","status-publish","format-standard","has-post-thumbnail","category-nacional"],"acf":{"antetitulo":""},"yoast_head":"<!-- This site is optimized with the Yoast SEO plugin v28.4 - https:\/\/yoast.com\/product\/yoast-seo-wordpress\/ -->\n<title>Llaman a resistencia y rechazo a destrucci\u00f3n de la Amazon\u00eda - El Diario - Bolivia<\/title>\n<meta name=\"robots\" content=\"index, follow, max-snippet:-1, max-image-preview:large, max-video-preview:-1\" \/>\n<link rel=\"canonical\" href=\"https:\/\/www.eldiario.net\/portal\/2024\/06\/14\/llaman-a-resistencia-y-rechazo-a-destruccion-de-la-amazonia\/\" \/>\n<meta property=\"og:locale\" content=\"es_ES\" \/>\n<meta property=\"og:type\" content=\"article\" \/>\n<meta property=\"og:title\" content=\"Llaman a resistencia y rechazo a destrucci\u00f3n de la Amazon\u00eda - El Diario - Bolivia\" \/>\n<meta property=\"og:description\" content=\"El XI Foro Social Panamaz\u00f3nico (Fospa) que se realiza en Rurrenabaque y San Buenaventura, con la presencia de m\u00e1s de mil participantes de nueve pa\u00edses, tuvo llamados a la resistencia, rechazo a la destrucci\u00f3n de la Amazon\u00eda, rituales ancestrales y un minuto de silencio por los ocho ind\u00edgenas tsimanes que fallecieron aplastados por un puente [&hellip;]\" \/>\n<meta property=\"og:url\" content=\"https:\/\/www.eldiario.net\/portal\/2024\/06\/14\/llaman-a-resistencia-y-rechazo-a-destruccion-de-la-amazonia\/\" \/>\n<meta property=\"og:site_name\" content=\"El Diario - Bolivia\" \/>\n<meta property=\"article:publisher\" content=\"https:\/\/www.facebook.com\/eldiario.bolivia\/\" \/>\n<meta property=\"article:published_time\" content=\"2024-06-14T10:31:54+00:00\" \/>\n<meta property=\"og:image\" content=\"https:\/\/www.eldiario.net\/portal\/wp-content\/uploads\/2024\/06\/10-NAL-COLOR-2.jpg\" \/>\n\t<meta property=\"og:image:width\" content=\"720\" \/>\n\t<meta property=\"og:image:height\" content=\"399\" \/>\n\t<meta property=\"og:image:type\" content=\"image\/jpeg\" \/>\n<meta name=\"author\" content=\"Jeanette\" \/>\n<meta name=\"twitter:card\" content=\"summary_large_image\" \/>\n<meta name=\"twitter:creator\" content=\"@eldiario_net\" \/>\n<meta name=\"twitter:site\" content=\"@eldiario_net\" \/>\n<meta name=\"twitter:label1\" content=\"Escrito por\" \/>\n\t<meta name=\"twitter:data1\" content=\"Jeanette\" \/>\n\t<meta name=\"twitter:label2\" content=\"Tiempo de lectura\" \/>\n\t<meta name=\"twitter:data2\" content=\"3 minutos\" \/>\n<script type=\"application\/ld+json\" class=\"yoast-schema-graph\">{\"@context\":\"https:\\\/\\\/schema.org\",\"@graph\":[{\"@type\":\"Article\",\"@id\":\"https:\\\/\\\/www.eldiario.net\\\/portal\\\/2024\\\/06\\\/14\\\/llaman-a-resistencia-y-rechazo-a-destruccion-de-la-amazonia\\\/#article\",\"isPartOf\":{\"@id\":\"https:\\\/\\\/www.eldiario.net\\\/portal\\\/2024\\\/06\\\/14\\\/llaman-a-resistencia-y-rechazo-a-destruccion-de-la-amazonia\\\/\"},\"author\":{\"name\":\"Jeanette\",\"@id\":\"https:\\\/\\\/www.eldiario.net\\\/portal\\\/#\\\/schema\\\/person\\\/f46445640444750d7d753ccd04ae01b7\"},\"headline\":\"Llaman a resistencia y rechazo a destrucci\u00f3n de la Amazon\u00eda\",\"datePublished\":\"2024-06-14T10:31:54+00:00\",\"mainEntityOfPage\":{\"@id\":\"https:\\\/\\\/www.eldiario.net\\\/portal\\\/2024\\\/06\\\/14\\\/llaman-a-resistencia-y-rechazo-a-destruccion-de-la-amazonia\\\/\"},\"wordCount\":584,\"commentCount\":0,\"publisher\":{\"@id\":\"https:\\\/\\\/www.eldiario.net\\\/portal\\\/#organization\"},\"image\":{\"@id\":\"https:\\\/\\\/www.eldiario.net\\\/portal\\\/2024\\\/06\\\/14\\\/llaman-a-resistencia-y-rechazo-a-destruccion-de-la-amazonia\\\/#primaryimage\"},\"thumbnailUrl\":\"https:\\\/\\\/www.eldiario.net\\\/portal\\\/wp-content\\\/uploads\\\/2024\\\/06\\\/10-NAL-COLOR-2.jpg\",\"articleSection\":[\"Nacional\"],\"inLanguage\":\"es\",\"potentialAction\":[{\"@type\":\"CommentAction\",\"name\":\"Comment\",\"target\":[\"https:\\\/\\\/www.eldiario.net\\\/portal\\\/2024\\\/06\\\/14\\\/llaman-a-resistencia-y-rechazo-a-destruccion-de-la-amazonia\\\/#respond\"]}]},{\"@type\":\"WebPage\",\"@id\":\"https:\\\/\\\/www.eldiario.net\\\/portal\\\/2024\\\/06\\\/14\\\/llaman-a-resistencia-y-rechazo-a-destruccion-de-la-amazonia\\\/\",\"url\":\"https:\\\/\\\/www.eldiario.net\\\/portal\\\/2024\\\/06\\\/14\\\/llaman-a-resistencia-y-rechazo-a-destruccion-de-la-amazonia\\\/\",\"name\":\"Llaman a resistencia y rechazo a destrucci\u00f3n de la Amazon\u00eda - El Diario - Bolivia\",\"isPartOf\":{\"@id\":\"https:\\\/\\\/www.eldiario.net\\\/portal\\\/#website\"},\"primaryImageOfPage\":{\"@id\":\"https:\\\/\\\/www.eldiario.net\\\/portal\\\/2024\\\/06\\\/14\\\/llaman-a-resistencia-y-rechazo-a-destruccion-de-la-amazonia\\\/#primaryimage\"},\"image\":{\"@id\":\"https:\\\/\\\/www.eldiario.net\\\/portal\\\/2024\\\/06\\\/14\\\/llaman-a-resistencia-y-rechazo-a-destruccion-de-la-amazonia\\\/#primaryimage\"},\"thumbnailUrl\":\"https:\\\/\\\/www.eldiario.net\\\/portal\\\/wp-content\\\/uploads\\\/2024\\\/06\\\/10-NAL-COLOR-2.jpg\",\"datePublished\":\"2024-06-14T10:31:54+00:00\",\"breadcrumb\":{\"@id\":\"https:\\\/\\\/www.eldiario.net\\\/portal\\\/2024\\\/06\\\/14\\\/llaman-a-resistencia-y-rechazo-a-destruccion-de-la-amazonia\\\/#breadcrumb\"},\"inLanguage\":\"es\",\"potentialAction\":[{\"@type\":\"ReadAction\",\"target\":[\"https:\\\/\\\/www.eldiario.net\\\/portal\\\/2024\\\/06\\\/14\\\/llaman-a-resistencia-y-rechazo-a-destruccion-de-la-amazonia\\\/\"]}]},{\"@type\":\"ImageObject\",\"inLanguage\":\"es\",\"@id\":\"https:\\\/\\\/www.eldiario.net\\\/portal\\\/2024\\\/06\\\/14\\\/llaman-a-resistencia-y-rechazo-a-destruccion-de-la-amazonia\\\/#primaryimage\",\"url\":\"https:\\\/\\\/www.eldiario.net\\\/portal\\\/wp-content\\\/uploads\\\/2024\\\/06\\\/10-NAL-COLOR-2.jpg\",\"contentUrl\":\"https:\\\/\\\/www.eldiario.net\\\/portal\\\/wp-content\\\/uploads\\\/2024\\\/06\\\/10-NAL-COLOR-2.jpg\",\"width\":720,\"height\":399,\"caption\":\"La marcha recorri\u00f3 el puente que une a San Buenaventura y Rurrenabaque.\"},{\"@type\":\"BreadcrumbList\",\"@id\":\"https:\\\/\\\/www.eldiario.net\\\/portal\\\/2024\\\/06\\\/14\\\/llaman-a-resistencia-y-rechazo-a-destruccion-de-la-amazonia\\\/#breadcrumb\",\"itemListElement\":[{\"@type\":\"ListItem\",\"position\":1,\"name\":\"Portada\",\"item\":\"https:\\\/\\\/www.eldiario.net\\\/portal\\\/\"},{\"@type\":\"ListItem\",\"position\":2,\"name\":\"Llaman a resistencia y rechazo a destrucci\u00f3n de la Amazon\u00eda\"}]},{\"@type\":\"WebSite\",\"@id\":\"https:\\\/\\\/www.eldiario.net\\\/portal\\\/#website\",\"url\":\"https:\\\/\\\/www.eldiario.net\\\/portal\\\/\",\"name\":\"El Diario - Decano de la prensa nacional\",\"description\":\"El Diario - Decano de la prensa nacional\",\"publisher\":{\"@id\":\"https:\\\/\\\/www.eldiario.net\\\/portal\\\/#organization\"},\"potentialAction\":[{\"@type\":\"SearchAction\",\"target\":{\"@type\":\"EntryPoint\",\"urlTemplate\":\"https:\\\/\\\/www.eldiario.net\\\/portal\\\/?s={search_term_string}\"},\"query-input\":{\"@type\":\"PropertyValueSpecification\",\"valueRequired\":true,\"valueName\":\"search_term_string\"}}],\"inLanguage\":\"es\"},{\"@type\":\"Organization\",\"@id\":\"https:\\\/\\\/www.eldiario.net\\\/portal\\\/#organization\",\"name\":\"El Diario - Decano de la prensa nacional\",\"url\":\"https:\\\/\\\/www.eldiario.net\\\/portal\\\/\",\"logo\":{\"@type\":\"ImageObject\",\"inLanguage\":\"es\",\"@id\":\"https:\\\/\\\/www.eldiario.net\\\/portal\\\/#\\\/schema\\\/logo\\\/image\\\/\",\"url\":\"https:\\\/\\\/www.eldiario.net\\\/portal\\\/wp-content\\\/uploads\\\/2023\\\/07\\\/logo_ED.jpg\",\"contentUrl\":\"https:\\\/\\\/www.eldiario.net\\\/portal\\\/wp-content\\\/uploads\\\/2023\\\/07\\\/logo_ED.jpg\",\"width\":272,\"height\":52,\"caption\":\"El Diario - Decano de la prensa nacional\"},\"image\":{\"@id\":\"https:\\\/\\\/www.eldiario.net\\\/portal\\\/#\\\/schema\\\/logo\\\/image\\\/\"},\"sameAs\":[\"https:\\\/\\\/www.facebook.com\\\/eldiario.bolivia\\\/\",\"https:\\\/\\\/x.com\\\/eldiario_net\"]},{\"@type\":\"Person\",\"@id\":\"https:\\\/\\\/www.eldiario.net\\\/portal\\\/#\\\/schema\\\/person\\\/f46445640444750d7d753ccd04ae01b7\",\"name\":\"Jeanette\",\"image\":{\"@type\":\"ImageObject\",\"inLanguage\":\"es\",\"@id\":\"https:\\\/\\\/secure.gravatar.com\\\/avatar\\\/3ea2118a5f7dad2b7138b1187a6b7ee55f160b9968b66013c3a3ef39dd7e5798?s=96&d=mm&r=g\",\"url\":\"https:\\\/\\\/secure.gravatar.com\\\/avatar\\\/3ea2118a5f7dad2b7138b1187a6b7ee55f160b9968b66013c3a3ef39dd7e5798?s=96&d=mm&r=g\",\"contentUrl\":\"https:\\\/\\\/secure.gravatar.com\\\/avatar\\\/3ea2118a5f7dad2b7138b1187a6b7ee55f160b9968b66013c3a3ef39dd7e5798?s=96&d=mm&r=g\",\"caption\":\"Jeanette\"},\"sameAs\":[\"https:\\\/\\\/www.eldiario.net\\\/portal\"],\"url\":\"https:\\\/\\\/www.eldiario.net\\\/portal\\\/author\\\/jeanette\\\/\"}]}<\/script>\n<!-- \/ Yoast SEO plugin. -->","yoast_head_json":{"title":"Llaman a resistencia y rechazo a destrucci\u00f3n de la Amazon\u00eda - El Diario - Bolivia","robots":{"index":"index","follow":"follow","max-snippet":"max-snippet:-1","max-image-preview":"max-image-preview:large","max-video-preview":"max-video-preview:-1"},"canonical":"https:\/\/www.eldiario.net\/portal\/2024\/06\/14\/llaman-a-resistencia-y-rechazo-a-destruccion-de-la-amazonia\/","og_locale":"es_ES","og_type":"article","og_title":"Llaman a resistencia y rechazo a destrucci\u00f3n de la Amazon\u00eda - El Diario - Bolivia","og_description":"El XI Foro Social Panamaz\u00f3nico (Fospa) que se realiza en Rurrenabaque y San Buenaventura, con la presencia de m\u00e1s de mil participantes de nueve pa\u00edses, tuvo llamados a la resistencia, rechazo a la destrucci\u00f3n de la Amazon\u00eda, rituales ancestrales y un minuto de silencio por los ocho ind\u00edgenas tsimanes que fallecieron aplastados por un puente [&hellip;]","og_url":"https:\/\/www.eldiario.net\/portal\/2024\/06\/14\/llaman-a-resistencia-y-rechazo-a-destruccion-de-la-amazonia\/","og_site_name":"El Diario - Bolivia","article_publisher":"https:\/\/www.facebook.com\/eldiario.bolivia\/","article_published_time":"2024-06-14T10:31:54+00:00","og_image":[{"width":720,"height":399,"url":"https:\/\/www.eldiario.net\/portal\/wp-content\/uploads\/2024\/06\/10-NAL-COLOR-2.jpg","type":"image\/jpeg"}],"author":"Jeanette","twitter_card":"summary_large_image","twitter_creator":"@eldiario_net","twitter_site":"@eldiario_net","twitter_misc":{"Escrito por":"Jeanette","Tiempo de lectura":"3 minutos"},"schema":{"@context":"https:\/\/schema.org","@graph":[{"@type":"Article","@id":"https:\/\/www.eldiario.net\/portal\/2024\/06\/14\/llaman-a-resistencia-y-rechazo-a-destruccion-de-la-amazonia\/#article","isPartOf":{"@id":"https:\/\/www.eldiario.net\/portal\/2024\/06\/14\/llaman-a-resistencia-y-rechazo-a-destruccion-de-la-amazonia\/"},"author":{"name":"Jeanette","@id":"https:\/\/www.eldiario.net\/portal\/#\/schema\/person\/f46445640444750d7d753ccd04ae01b7"},"headline":"Llaman a resistencia y rechazo a destrucci\u00f3n de la Amazon\u00eda","datePublished":"2024-06-14T10:31:54+00:00","mainEntityOfPage":{"@id":"https:\/\/www.eldiario.net\/portal\/2024\/06\/14\/llaman-a-resistencia-y-rechazo-a-destruccion-de-la-amazonia\/"},"wordCount":584,"commentCount":0,"publisher":{"@id":"https:\/\/www.eldiario.net\/portal\/#organization"},"image":{"@id":"https:\/\/www.eldiario.net\/portal\/2024\/06\/14\/llaman-a-resistencia-y-rechazo-a-destruccion-de-la-amazonia\/#primaryimage"},"thumbnailUrl":"https:\/\/www.eldiario.net\/portal\/wp-content\/uploads\/2024\/06\/10-NAL-COLOR-2.jpg","articleSection":["Nacional"],"inLanguage":"es","potentialAction":[{"@type":"CommentAction","name":"Comment","target":["https:\/\/www.eldiario.net\/portal\/2024\/06\/14\/llaman-a-resistencia-y-rechazo-a-destruccion-de-la-amazonia\/#respond"]}]},{"@type":"WebPage","@id":"https:\/\/www.eldiario.net\/portal\/2024\/06\/14\/llaman-a-resistencia-y-rechazo-a-destruccion-de-la-amazonia\/","url":"https:\/\/www.eldiario.net\/portal\/2024\/06\/14\/llaman-a-resistencia-y-rechazo-a-destruccion-de-la-amazonia\/","name":"Llaman a resistencia y rechazo a destrucci\u00f3n de la Amazon\u00eda - El Diario - Bolivia","isPartOf":{"@id":"https:\/\/www.eldiario.net\/portal\/#website"},"primaryImageOfPage":{"@id":"https:\/\/www.eldiario.net\/portal\/2024\/06\/14\/llaman-a-resistencia-y-rechazo-a-destruccion-de-la-amazonia\/#primaryimage"},"image":{"@id":"https:\/\/www.eldiario.net\/portal\/2024\/06\/14\/llaman-a-resistencia-y-rechazo-a-destruccion-de-la-amazonia\/#primaryimage"},"thumbnailUrl":"https:\/\/www.eldiario.net\/portal\/wp-content\/uploads\/2024\/06\/10-NAL-COLOR-2.jpg","datePublished":"2024-06-14T10:31:54+00:00","breadcrumb":{"@id":"https:\/\/www.eldiario.net\/portal\/2024\/06\/14\/llaman-a-resistencia-y-rechazo-a-destruccion-de-la-amazonia\/#breadcrumb"},"inLanguage":"es","potentialAction":[{"@type":"ReadAction","target":["https:\/\/www.eldiario.net\/portal\/2024\/06\/14\/llaman-a-resistencia-y-rechazo-a-destruccion-de-la-amazonia\/"]}]},{"@type":"ImageObject","inLanguage":"es","@id":"https:\/\/www.eldiario.net\/portal\/2024\/06\/14\/llaman-a-resistencia-y-rechazo-a-destruccion-de-la-amazonia\/#primaryimage","url":"https:\/\/www.eldiario.net\/portal\/wp-content\/uploads\/2024\/06\/10-NAL-COLOR-2.jpg","contentUrl":"https:\/\/www.eldiario.net\/portal\/wp-content\/uploads\/2024\/06\/10-NAL-COLOR-2.jpg","width":720,"height":399,"caption":"La marcha recorri\u00f3 el puente que une a San Buenaventura y Rurrenabaque."},{"@type":"BreadcrumbList","@id":"https:\/\/www.eldiario.net\/portal\/2024\/06\/14\/llaman-a-resistencia-y-rechazo-a-destruccion-de-la-amazonia\/#breadcrumb","itemListElement":[{"@type":"ListItem","position":1,"name":"Portada","item":"https:\/\/www.eldiario.net\/portal\/"},{"@type":"ListItem","position":2,"name":"Llaman a resistencia y rechazo a destrucci\u00f3n de la Amazon\u00eda"}]},{"@type":"WebSite","@id":"https:\/\/www.eldiario.net\/portal\/#website","url":"https:\/\/www.eldiario.net\/portal\/","name":"El Diario - Decano de la prensa nacional","description":"El Diario - Decano de la prensa nacional","publisher":{"@id":"https:\/\/www.eldiario.net\/portal\/#organization"},"potentialAction":[{"@type":"SearchAction","target":{"@type":"EntryPoint","urlTemplate":"https:\/\/www.eldiario.net\/portal\/?s={search_term_string}"},"query-input":{"@type":"PropertyValueSpecification","valueRequired":true,"valueName":"search_term_string"}}],"inLanguage":"es"},{"@type":"Organization","@id":"https:\/\/www.eldiario.net\/portal\/#organization","name":"El Diario - Decano de la prensa nacional","url":"https:\/\/www.eldiario.net\/portal\/","logo":{"@type":"ImageObject","inLanguage":"es","@id":"https:\/\/www.eldiario.net\/portal\/#\/schema\/logo\/image\/","url":"https:\/\/www.eldiario.net\/portal\/wp-content\/uploads\/2023\/07\/logo_ED.jpg","contentUrl":"https:\/\/www.eldiario.net\/portal\/wp-content\/uploads\/2023\/07\/logo_ED.jpg","width":272,"height":52,"caption":"El Diario - Decano de la prensa nacional"},"image":{"@id":"https:\/\/www.eldiario.net\/portal\/#\/schema\/logo\/image\/"},"sameAs":["https:\/\/www.facebook.com\/eldiario.bolivia\/","https:\/\/x.com\/eldiario_net"]},{"@type":"Person","@id":"https:\/\/www.eldiario.net\/portal\/#\/schema\/person\/f46445640444750d7d753ccd04ae01b7","name":"Jeanette","image":{"@type":"ImageObject","inLanguage":"es","@id":"https:\/\/secure.gravatar.com\/avatar\/3ea2118a5f7dad2b7138b1187a6b7ee55f160b9968b66013c3a3ef39dd7e5798?s=96&d=mm&r=g","url":"https:\/\/secure.gravatar.com\/avatar\/3ea2118a5f7dad2b7138b1187a6b7ee55f160b9968b66013c3a3ef39dd7e5798?s=96&d=mm&r=g","contentUrl":"https:\/\/secure.gravatar.com\/avatar\/3ea2118a5f7dad2b7138b1187a6b7ee55f160b9968b66013c3a3ef39dd7e5798?s=96&d=mm&r=g","caption":"Jeanette"},"sameAs":["https:\/\/www.eldiario.net\/portal"],"url":"https:\/\/www.eldiario.net\/portal\/author\/jeanette\/"}]}},"_links":{"self":[{"href":"https:\/\/www.eldiario.net\/portal\/wp-json\/wp\/v2\/posts\/227139","targetHints":{"allow":["GET"]}}],"collection":[{"href":"https:\/\/www.eldiario.net\/portal\/wp-json\/wp\/v2\/posts"}],"about":[{"href":"https:\/\/www.eldiario.net\/portal\/wp-json\/wp\/v2\/types\/post"}],"author":[{"embeddable":true,"href":"https:\/\/www.eldiario.net\/portal\/wp-json\/wp\/v2\/users\/1"}],"replies":[{"embeddable":true,"href":"https:\/\/www.eldiario.net\/portal\/wp-json\/wp\/v2\/comments?post=227139"}],"version-history":[{"count":1,"href":"https:\/\/www.eldiario.net\/portal\/wp-json\/wp\/v2\/posts\/227139\/revisions"}],"predecessor-version":[{"id":227142,"href":"https:\/\/www.eldiario.net\/portal\/wp-json\/wp\/v2\/posts\/227139\/revisions\/227142"}],"wp:featuredmedia":[{"embeddable":true,"href":"https:\/\/www.eldiario.net\/portal\/wp-json\/wp\/v2\/media\/227140"}],"wp:attachment":[{"href":"https:\/\/www.eldiario.net\/portal\/wp-json\/wp\/v2\/media?parent=227139"}],"wp:term":[{"taxonomy":"category","embeddable":true,"href":"https:\/\/www.eldiario.net\/portal\/wp-json\/wp\/v2\/categories?post=227139"},{"taxonomy":"post_tag","embeddable":true,"href":"https:\/\/www.eldiario.net\/portal\/wp-json\/wp\/v2\/tags?post=227139"}],"curies":[{"name":"wp","href":"https:\/\/api.w.org\/{rel}","templated":true}]}}