{"id":227137,"date":"2024-06-14T06:31:04","date_gmt":"2024-06-14T10:31:04","guid":{"rendered":"https:\/\/www.eldiario.net\/portal\/?p=227137"},"modified":"2024-06-14T06:31:04","modified_gmt":"2024-06-14T10:31:04","slug":"viajes-entre-cochabamba-y-santa-cruz-por-via-antigua","status":"publish","type":"post","link":"https:\/\/www.eldiario.net\/portal\/2024\/06\/14\/viajes-entre-cochabamba-y-santa-cruz-por-via-antigua\/","title":{"rendered":"Viajes entre Cochabamba y  Santa Cruz por v\u00eda antigua"},"content":{"rendered":"<p>Los viajes entre las ciudades de Santa Cruz y Cochabamba se realizan solamente por la v\u00eda antigua, debido a que diferentes sectores de Yapacan\u00ed contin\u00faan con un bloqueo demandando a la Asamblea Legislativa Plurinacional (ALP) la aprobaci\u00f3n de un proyecto de ley que viabiliza un cr\u00e9dito externo para la construcci\u00f3n del tramo Norte Integrado-Yapacan\u00ed.<br \/>\nEsta movilizaci\u00f3n ha provocado el cierre de la carretera nueva que une Cochabamba con Santa Cruz e impidiendo la transitabilidad normal de los veh\u00edculos por el sector, tanto del transporte pesado como liviano.<br \/>\nAnte la situaci\u00f3n, desde las terminales de buses han informado que las salidas contin\u00faan suspendidos por esta ruta debido a la medida de presi\u00f3n, por lo que los buses solo realizan viajes por la carretera antigua.<br \/>\nDesde la Terminal de Cochabamba, las diferentes empresas que ofertan los pasajes, manifiestan que ir por la v\u00eda antigua implica m\u00e1s horas de viaje, por lo cual tambi\u00e9n se requiere de m\u00e1s combustible, lo que implica un gasto extra para las flotas.<br \/>\nPese a la situaci\u00f3n, han aclarado que los precios de los pasajes se mantienen y no han sido incrementados, debido a que hay poca afluencia de pasajeros.<br \/>\nUn panorama similar se registra en la Terminal Bimodal, donde los viajeros se encuentran con esta situaci\u00f3n y se ven forzados a comprar los pasajes por esta ruta ya que necesitan llegar a su destino.<br \/>\nEn el caso de Santa Cruz, esta carretera es un acceso que los une con varios departamentos, como Cochabamba, Oruro, La Paz y Sucre, por lo que su cierre causa un perjuicio mayor. (Santa Cruz, agencias)<\/p>\n","protected":false},"excerpt":{"rendered":"<p>Los viajes entre las ciudades de Santa Cruz y Cochabamba se realizan solamente por la v\u00eda antigua, debido a que diferentes sectores de Yapacan\u00ed contin\u00faan con un bloqueo demandando a la Asamblea Legislativa Plurinacional (ALP) la aprobaci\u00f3n de un proyecto de ley que viabiliza un cr\u00e9dito externo para la construcci\u00f3n del tramo Norte Integrado-Yapacan\u00ed. Esta [&hellip;]<\/p>\n","protected":false},"author":1,"featured_media":194726,"comment_status":"open","ping_status":"open","sticky":false,"template":"","format":"standard","meta":{"_acf_changed":false,"footnotes":""},"categories":[12],"tags":[],"class_list":["post-227137","post","type-post","status-publish","format-standard","has-post-thumbnail","category-nacional"],"acf":{"antetitulo":"Debido a bloqueo en Yapacan\u00ed"},"yoast_head":"<!-- This site is optimized with the Yoast SEO plugin v28.4 - https:\/\/yoast.com\/product\/yoast-seo-wordpress\/ -->\n<title>Viajes entre Cochabamba y Santa Cruz por v\u00eda antigua - El Diario - Bolivia<\/title>\n<meta name=\"robots\" content=\"index, follow, max-snippet:-1, max-image-preview:large, max-video-preview:-1\" \/>\n<link rel=\"canonical\" href=\"https:\/\/www.eldiario.net\/portal\/2024\/06\/14\/viajes-entre-cochabamba-y-santa-cruz-por-via-antigua\/\" \/>\n<meta property=\"og:locale\" content=\"es_ES\" \/>\n<meta property=\"og:type\" content=\"article\" \/>\n<meta property=\"og:title\" content=\"Viajes entre Cochabamba y Santa Cruz por v\u00eda antigua - El Diario - Bolivia\" \/>\n<meta property=\"og:description\" content=\"Los viajes entre las ciudades de Santa Cruz y Cochabamba se realizan solamente por la v\u00eda antigua, debido a que diferentes sectores de Yapacan\u00ed contin\u00faan con un bloqueo demandando a la Asamblea Legislativa Plurinacional (ALP) la aprobaci\u00f3n de un proyecto de ley que viabiliza un cr\u00e9dito externo para la construcci\u00f3n del tramo Norte Integrado-Yapacan\u00ed. Esta [&hellip;]\" \/>\n<meta property=\"og:url\" content=\"https:\/\/www.eldiario.net\/portal\/2024\/06\/14\/viajes-entre-cochabamba-y-santa-cruz-por-via-antigua\/\" \/>\n<meta property=\"og:site_name\" content=\"El Diario - Bolivia\" \/>\n<meta property=\"article:publisher\" content=\"https:\/\/www.facebook.com\/eldiario.bolivia\/\" \/>\n<meta property=\"article:published_time\" content=\"2024-06-14T10:31:04+00:00\" \/>\n<meta property=\"og:image\" content=\"https:\/\/www.eldiario.net\/portal\/wp-content\/uploads\/2023\/12\/Nacional.jpg\" \/>\n\t<meta property=\"og:image:width\" content=\"800\" \/>\n\t<meta property=\"og:image:height\" content=\"500\" \/>\n\t<meta property=\"og:image:type\" content=\"image\/jpeg\" \/>\n<meta name=\"author\" content=\"Jeanette\" \/>\n<meta name=\"twitter:card\" content=\"summary_large_image\" \/>\n<meta name=\"twitter:creator\" content=\"@eldiario_net\" \/>\n<meta name=\"twitter:site\" content=\"@eldiario_net\" \/>\n<meta name=\"twitter:label1\" content=\"Escrito por\" \/>\n\t<meta name=\"twitter:data1\" content=\"Jeanette\" \/>\n\t<meta name=\"twitter:label2\" content=\"Tiempo de lectura\" \/>\n\t<meta name=\"twitter:data2\" content=\"2 minutos\" \/>\n<script type=\"application\/ld+json\" class=\"yoast-schema-graph\">{\"@context\":\"https:\\\/\\\/schema.org\",\"@graph\":[{\"@type\":\"Article\",\"@id\":\"https:\\\/\\\/www.eldiario.net\\\/portal\\\/2024\\\/06\\\/14\\\/viajes-entre-cochabamba-y-santa-cruz-por-via-antigua\\\/#article\",\"isPartOf\":{\"@id\":\"https:\\\/\\\/www.eldiario.net\\\/portal\\\/2024\\\/06\\\/14\\\/viajes-entre-cochabamba-y-santa-cruz-por-via-antigua\\\/\"},\"author\":{\"name\":\"Jeanette\",\"@id\":\"https:\\\/\\\/www.eldiario.net\\\/portal\\\/#\\\/schema\\\/person\\\/f46445640444750d7d753ccd04ae01b7\"},\"headline\":\"Viajes entre Cochabamba y Santa Cruz por v\u00eda antigua\",\"datePublished\":\"2024-06-14T10:31:04+00:00\",\"mainEntityOfPage\":{\"@id\":\"https:\\\/\\\/www.eldiario.net\\\/portal\\\/2024\\\/06\\\/14\\\/viajes-entre-cochabamba-y-santa-cruz-por-via-antigua\\\/\"},\"wordCount\":289,\"commentCount\":0,\"publisher\":{\"@id\":\"https:\\\/\\\/www.eldiario.net\\\/portal\\\/#organization\"},\"image\":{\"@id\":\"https:\\\/\\\/www.eldiario.net\\\/portal\\\/2024\\\/06\\\/14\\\/viajes-entre-cochabamba-y-santa-cruz-por-via-antigua\\\/#primaryimage\"},\"thumbnailUrl\":\"https:\\\/\\\/www.eldiario.net\\\/portal\\\/wp-content\\\/uploads\\\/2023\\\/12\\\/Nacional.jpg\",\"articleSection\":[\"Nacional\"],\"inLanguage\":\"es\",\"potentialAction\":[{\"@type\":\"CommentAction\",\"name\":\"Comment\",\"target\":[\"https:\\\/\\\/www.eldiario.net\\\/portal\\\/2024\\\/06\\\/14\\\/viajes-entre-cochabamba-y-santa-cruz-por-via-antigua\\\/#respond\"]}]},{\"@type\":\"WebPage\",\"@id\":\"https:\\\/\\\/www.eldiario.net\\\/portal\\\/2024\\\/06\\\/14\\\/viajes-entre-cochabamba-y-santa-cruz-por-via-antigua\\\/\",\"url\":\"https:\\\/\\\/www.eldiario.net\\\/portal\\\/2024\\\/06\\\/14\\\/viajes-entre-cochabamba-y-santa-cruz-por-via-antigua\\\/\",\"name\":\"Viajes entre Cochabamba y Santa Cruz por v\u00eda antigua - El Diario - Bolivia\",\"isPartOf\":{\"@id\":\"https:\\\/\\\/www.eldiario.net\\\/portal\\\/#website\"},\"primaryImageOfPage\":{\"@id\":\"https:\\\/\\\/www.eldiario.net\\\/portal\\\/2024\\\/06\\\/14\\\/viajes-entre-cochabamba-y-santa-cruz-por-via-antigua\\\/#primaryimage\"},\"image\":{\"@id\":\"https:\\\/\\\/www.eldiario.net\\\/portal\\\/2024\\\/06\\\/14\\\/viajes-entre-cochabamba-y-santa-cruz-por-via-antigua\\\/#primaryimage\"},\"thumbnailUrl\":\"https:\\\/\\\/www.eldiario.net\\\/portal\\\/wp-content\\\/uploads\\\/2023\\\/12\\\/Nacional.jpg\",\"datePublished\":\"2024-06-14T10:31:04+00:00\",\"breadcrumb\":{\"@id\":\"https:\\\/\\\/www.eldiario.net\\\/portal\\\/2024\\\/06\\\/14\\\/viajes-entre-cochabamba-y-santa-cruz-por-via-antigua\\\/#breadcrumb\"},\"inLanguage\":\"es\",\"potentialAction\":[{\"@type\":\"ReadAction\",\"target\":[\"https:\\\/\\\/www.eldiario.net\\\/portal\\\/2024\\\/06\\\/14\\\/viajes-entre-cochabamba-y-santa-cruz-por-via-antigua\\\/\"]}]},{\"@type\":\"ImageObject\",\"inLanguage\":\"es\",\"@id\":\"https:\\\/\\\/www.eldiario.net\\\/portal\\\/2024\\\/06\\\/14\\\/viajes-entre-cochabamba-y-santa-cruz-por-via-antigua\\\/#primaryimage\",\"url\":\"https:\\\/\\\/www.eldiario.net\\\/portal\\\/wp-content\\\/uploads\\\/2023\\\/12\\\/Nacional.jpg\",\"contentUrl\":\"https:\\\/\\\/www.eldiario.net\\\/portal\\\/wp-content\\\/uploads\\\/2023\\\/12\\\/Nacional.jpg\",\"width\":800,\"height\":500},{\"@type\":\"BreadcrumbList\",\"@id\":\"https:\\\/\\\/www.eldiario.net\\\/portal\\\/2024\\\/06\\\/14\\\/viajes-entre-cochabamba-y-santa-cruz-por-via-antigua\\\/#breadcrumb\",\"itemListElement\":[{\"@type\":\"ListItem\",\"position\":1,\"name\":\"Portada\",\"item\":\"https:\\\/\\\/www.eldiario.net\\\/portal\\\/\"},{\"@type\":\"ListItem\",\"position\":2,\"name\":\"Viajes entre Cochabamba y Santa Cruz por v\u00eda antigua\"}]},{\"@type\":\"WebSite\",\"@id\":\"https:\\\/\\\/www.eldiario.net\\\/portal\\\/#website\",\"url\":\"https:\\\/\\\/www.eldiario.net\\\/portal\\\/\",\"name\":\"El Diario - Decano de la prensa nacional\",\"description\":\"El Diario - Decano de la prensa nacional\",\"publisher\":{\"@id\":\"https:\\\/\\\/www.eldiario.net\\\/portal\\\/#organization\"},\"potentialAction\":[{\"@type\":\"SearchAction\",\"target\":{\"@type\":\"EntryPoint\",\"urlTemplate\":\"https:\\\/\\\/www.eldiario.net\\\/portal\\\/?s={search_term_string}\"},\"query-input\":{\"@type\":\"PropertyValueSpecification\",\"valueRequired\":true,\"valueName\":\"search_term_string\"}}],\"inLanguage\":\"es\"},{\"@type\":\"Organization\",\"@id\":\"https:\\\/\\\/www.eldiario.net\\\/portal\\\/#organization\",\"name\":\"El Diario - Decano de la prensa nacional\",\"url\":\"https:\\\/\\\/www.eldiario.net\\\/portal\\\/\",\"logo\":{\"@type\":\"ImageObject\",\"inLanguage\":\"es\",\"@id\":\"https:\\\/\\\/www.eldiario.net\\\/portal\\\/#\\\/schema\\\/logo\\\/image\\\/\",\"url\":\"https:\\\/\\\/www.eldiario.net\\\/portal\\\/wp-content\\\/uploads\\\/2023\\\/07\\\/logo_ED.jpg\",\"contentUrl\":\"https:\\\/\\\/www.eldiario.net\\\/portal\\\/wp-content\\\/uploads\\\/2023\\\/07\\\/logo_ED.jpg\",\"width\":272,\"height\":52,\"caption\":\"El Diario - Decano de la prensa nacional\"},\"image\":{\"@id\":\"https:\\\/\\\/www.eldiario.net\\\/portal\\\/#\\\/schema\\\/logo\\\/image\\\/\"},\"sameAs\":[\"https:\\\/\\\/www.facebook.com\\\/eldiario.bolivia\\\/\",\"https:\\\/\\\/x.com\\\/eldiario_net\"]},{\"@type\":\"Person\",\"@id\":\"https:\\\/\\\/www.eldiario.net\\\/portal\\\/#\\\/schema\\\/person\\\/f46445640444750d7d753ccd04ae01b7\",\"name\":\"Jeanette\",\"image\":{\"@type\":\"ImageObject\",\"inLanguage\":\"es\",\"@id\":\"https:\\\/\\\/secure.gravatar.com\\\/avatar\\\/3ea2118a5f7dad2b7138b1187a6b7ee55f160b9968b66013c3a3ef39dd7e5798?s=96&d=mm&r=g\",\"url\":\"https:\\\/\\\/secure.gravatar.com\\\/avatar\\\/3ea2118a5f7dad2b7138b1187a6b7ee55f160b9968b66013c3a3ef39dd7e5798?s=96&d=mm&r=g\",\"contentUrl\":\"https:\\\/\\\/secure.gravatar.com\\\/avatar\\\/3ea2118a5f7dad2b7138b1187a6b7ee55f160b9968b66013c3a3ef39dd7e5798?s=96&d=mm&r=g\",\"caption\":\"Jeanette\"},\"sameAs\":[\"https:\\\/\\\/www.eldiario.net\\\/portal\"],\"url\":\"https:\\\/\\\/www.eldiario.net\\\/portal\\\/author\\\/jeanette\\\/\"}]}<\/script>\n<!-- \/ Yoast SEO plugin. -->","yoast_head_json":{"title":"Viajes entre Cochabamba y Santa Cruz por v\u00eda antigua - El Diario - Bolivia","robots":{"index":"index","follow":"follow","max-snippet":"max-snippet:-1","max-image-preview":"max-image-preview:large","max-video-preview":"max-video-preview:-1"},"canonical":"https:\/\/www.eldiario.net\/portal\/2024\/06\/14\/viajes-entre-cochabamba-y-santa-cruz-por-via-antigua\/","og_locale":"es_ES","og_type":"article","og_title":"Viajes entre Cochabamba y Santa Cruz por v\u00eda antigua - El Diario - Bolivia","og_description":"Los viajes entre las ciudades de Santa Cruz y Cochabamba se realizan solamente por la v\u00eda antigua, debido a que diferentes sectores de Yapacan\u00ed contin\u00faan con un bloqueo demandando a la Asamblea Legislativa Plurinacional (ALP) la aprobaci\u00f3n de un proyecto de ley que viabiliza un cr\u00e9dito externo para la construcci\u00f3n del tramo Norte Integrado-Yapacan\u00ed. Esta [&hellip;]","og_url":"https:\/\/www.eldiario.net\/portal\/2024\/06\/14\/viajes-entre-cochabamba-y-santa-cruz-por-via-antigua\/","og_site_name":"El Diario - Bolivia","article_publisher":"https:\/\/www.facebook.com\/eldiario.bolivia\/","article_published_time":"2024-06-14T10:31:04+00:00","og_image":[{"width":800,"height":500,"url":"https:\/\/www.eldiario.net\/portal\/wp-content\/uploads\/2023\/12\/Nacional.jpg","type":"image\/jpeg"}],"author":"Jeanette","twitter_card":"summary_large_image","twitter_creator":"@eldiario_net","twitter_site":"@eldiario_net","twitter_misc":{"Escrito por":"Jeanette","Tiempo de lectura":"2 minutos"},"schema":{"@context":"https:\/\/schema.org","@graph":[{"@type":"Article","@id":"https:\/\/www.eldiario.net\/portal\/2024\/06\/14\/viajes-entre-cochabamba-y-santa-cruz-por-via-antigua\/#article","isPartOf":{"@id":"https:\/\/www.eldiario.net\/portal\/2024\/06\/14\/viajes-entre-cochabamba-y-santa-cruz-por-via-antigua\/"},"author":{"name":"Jeanette","@id":"https:\/\/www.eldiario.net\/portal\/#\/schema\/person\/f46445640444750d7d753ccd04ae01b7"},"headline":"Viajes entre Cochabamba y Santa Cruz por v\u00eda antigua","datePublished":"2024-06-14T10:31:04+00:00","mainEntityOfPage":{"@id":"https:\/\/www.eldiario.net\/portal\/2024\/06\/14\/viajes-entre-cochabamba-y-santa-cruz-por-via-antigua\/"},"wordCount":289,"commentCount":0,"publisher":{"@id":"https:\/\/www.eldiario.net\/portal\/#organization"},"image":{"@id":"https:\/\/www.eldiario.net\/portal\/2024\/06\/14\/viajes-entre-cochabamba-y-santa-cruz-por-via-antigua\/#primaryimage"},"thumbnailUrl":"https:\/\/www.eldiario.net\/portal\/wp-content\/uploads\/2023\/12\/Nacional.jpg","articleSection":["Nacional"],"inLanguage":"es","potentialAction":[{"@type":"CommentAction","name":"Comment","target":["https:\/\/www.eldiario.net\/portal\/2024\/06\/14\/viajes-entre-cochabamba-y-santa-cruz-por-via-antigua\/#respond"]}]},{"@type":"WebPage","@id":"https:\/\/www.eldiario.net\/portal\/2024\/06\/14\/viajes-entre-cochabamba-y-santa-cruz-por-via-antigua\/","url":"https:\/\/www.eldiario.net\/portal\/2024\/06\/14\/viajes-entre-cochabamba-y-santa-cruz-por-via-antigua\/","name":"Viajes entre Cochabamba y Santa Cruz por v\u00eda antigua - El Diario - Bolivia","isPartOf":{"@id":"https:\/\/www.eldiario.net\/portal\/#website"},"primaryImageOfPage":{"@id":"https:\/\/www.eldiario.net\/portal\/2024\/06\/14\/viajes-entre-cochabamba-y-santa-cruz-por-via-antigua\/#primaryimage"},"image":{"@id":"https:\/\/www.eldiario.net\/portal\/2024\/06\/14\/viajes-entre-cochabamba-y-santa-cruz-por-via-antigua\/#primaryimage"},"thumbnailUrl":"https:\/\/www.eldiario.net\/portal\/wp-content\/uploads\/2023\/12\/Nacional.jpg","datePublished":"2024-06-14T10:31:04+00:00","breadcrumb":{"@id":"https:\/\/www.eldiario.net\/portal\/2024\/06\/14\/viajes-entre-cochabamba-y-santa-cruz-por-via-antigua\/#breadcrumb"},"inLanguage":"es","potentialAction":[{"@type":"ReadAction","target":["https:\/\/www.eldiario.net\/portal\/2024\/06\/14\/viajes-entre-cochabamba-y-santa-cruz-por-via-antigua\/"]}]},{"@type":"ImageObject","inLanguage":"es","@id":"https:\/\/www.eldiario.net\/portal\/2024\/06\/14\/viajes-entre-cochabamba-y-santa-cruz-por-via-antigua\/#primaryimage","url":"https:\/\/www.eldiario.net\/portal\/wp-content\/uploads\/2023\/12\/Nacional.jpg","contentUrl":"https:\/\/www.eldiario.net\/portal\/wp-content\/uploads\/2023\/12\/Nacional.jpg","width":800,"height":500},{"@type":"BreadcrumbList","@id":"https:\/\/www.eldiario.net\/portal\/2024\/06\/14\/viajes-entre-cochabamba-y-santa-cruz-por-via-antigua\/#breadcrumb","itemListElement":[{"@type":"ListItem","position":1,"name":"Portada","item":"https:\/\/www.eldiario.net\/portal\/"},{"@type":"ListItem","position":2,"name":"Viajes entre Cochabamba y Santa Cruz por v\u00eda antigua"}]},{"@type":"WebSite","@id":"https:\/\/www.eldiario.net\/portal\/#website","url":"https:\/\/www.eldiario.net\/portal\/","name":"El Diario - Decano de la prensa nacional","description":"El Diario - Decano de la prensa nacional","publisher":{"@id":"https:\/\/www.eldiario.net\/portal\/#organization"},"potentialAction":[{"@type":"SearchAction","target":{"@type":"EntryPoint","urlTemplate":"https:\/\/www.eldiario.net\/portal\/?s={search_term_string}"},"query-input":{"@type":"PropertyValueSpecification","valueRequired":true,"valueName":"search_term_string"}}],"inLanguage":"es"},{"@type":"Organization","@id":"https:\/\/www.eldiario.net\/portal\/#organization","name":"El Diario - Decano de la prensa nacional","url":"https:\/\/www.eldiario.net\/portal\/","logo":{"@type":"ImageObject","inLanguage":"es","@id":"https:\/\/www.eldiario.net\/portal\/#\/schema\/logo\/image\/","url":"https:\/\/www.eldiario.net\/portal\/wp-content\/uploads\/2023\/07\/logo_ED.jpg","contentUrl":"https:\/\/www.eldiario.net\/portal\/wp-content\/uploads\/2023\/07\/logo_ED.jpg","width":272,"height":52,"caption":"El Diario - Decano de la prensa nacional"},"image":{"@id":"https:\/\/www.eldiario.net\/portal\/#\/schema\/logo\/image\/"},"sameAs":["https:\/\/www.facebook.com\/eldiario.bolivia\/","https:\/\/x.com\/eldiario_net"]},{"@type":"Person","@id":"https:\/\/www.eldiario.net\/portal\/#\/schema\/person\/f46445640444750d7d753ccd04ae01b7","name":"Jeanette","image":{"@type":"ImageObject","inLanguage":"es","@id":"https:\/\/secure.gravatar.com\/avatar\/3ea2118a5f7dad2b7138b1187a6b7ee55f160b9968b66013c3a3ef39dd7e5798?s=96&d=mm&r=g","url":"https:\/\/secure.gravatar.com\/avatar\/3ea2118a5f7dad2b7138b1187a6b7ee55f160b9968b66013c3a3ef39dd7e5798?s=96&d=mm&r=g","contentUrl":"https:\/\/secure.gravatar.com\/avatar\/3ea2118a5f7dad2b7138b1187a6b7ee55f160b9968b66013c3a3ef39dd7e5798?s=96&d=mm&r=g","caption":"Jeanette"},"sameAs":["https:\/\/www.eldiario.net\/portal"],"url":"https:\/\/www.eldiario.net\/portal\/author\/jeanette\/"}]}},"_links":{"self":[{"href":"https:\/\/www.eldiario.net\/portal\/wp-json\/wp\/v2\/posts\/227137","targetHints":{"allow":["GET"]}}],"collection":[{"href":"https:\/\/www.eldiario.net\/portal\/wp-json\/wp\/v2\/posts"}],"about":[{"href":"https:\/\/www.eldiario.net\/portal\/wp-json\/wp\/v2\/types\/post"}],"author":[{"embeddable":true,"href":"https:\/\/www.eldiario.net\/portal\/wp-json\/wp\/v2\/users\/1"}],"replies":[{"embeddable":true,"href":"https:\/\/www.eldiario.net\/portal\/wp-json\/wp\/v2\/comments?post=227137"}],"version-history":[{"count":1,"href":"https:\/\/www.eldiario.net\/portal\/wp-json\/wp\/v2\/posts\/227137\/revisions"}],"predecessor-version":[{"id":227138,"href":"https:\/\/www.eldiario.net\/portal\/wp-json\/wp\/v2\/posts\/227137\/revisions\/227138"}],"wp:featuredmedia":[{"embeddable":true,"href":"https:\/\/www.eldiario.net\/portal\/wp-json\/wp\/v2\/media\/194726"}],"wp:attachment":[{"href":"https:\/\/www.eldiario.net\/portal\/wp-json\/wp\/v2\/media?parent=227137"}],"wp:term":[{"taxonomy":"category","embeddable":true,"href":"https:\/\/www.eldiario.net\/portal\/wp-json\/wp\/v2\/categories?post=227137"},{"taxonomy":"post_tag","embeddable":true,"href":"https:\/\/www.eldiario.net\/portal\/wp-json\/wp\/v2\/tags?post=227137"}],"curies":[{"name":"wp","href":"https:\/\/api.w.org\/{rel}","templated":true}]}}