{"id":227132,"date":"2024-06-14T06:26:53","date_gmt":"2024-06-14T10:26:53","guid":{"rendered":"https:\/\/www.eldiario.net\/portal\/?p=227132"},"modified":"2024-06-14T06:26:53","modified_gmt":"2024-06-14T10:26:53","slug":"defensoria-del-pueblo-pide-proteger-a-menores-de-explotacion-economica","status":"publish","type":"post","link":"https:\/\/www.eldiario.net\/portal\/2024\/06\/14\/defensoria-del-pueblo-pide-proteger-a-menores-de-explotacion-economica\/","title":{"rendered":"Defensor\u00eda del Pueblo pide proteger a menores de explotaci\u00f3n econ\u00f3mica"},"content":{"rendered":"<p>La Defensor\u00eda del Pueblo de Bolivia pidi\u00f3 al Estado que proteja a ni\u00f1os y adolescentes de la explotaci\u00f3n econ\u00f3mica y de cualquier actividad laboral que interfiera con su educaci\u00f3n o atente contra su dignidad y salud, a prop\u00f3sito del D\u00eda Mundial contra el Trabajo Infantil.<br \/>\nLa entidad exhort\u00f3 ayer, en un comunicado, al Estado boliviano \u201ca cumplir plenamente con su mandato legal de proteger\u201d a los menores de la \u201cexplotaci\u00f3n econ\u00f3mica y el desempe\u00f1o\u201d de cualquier trabajo que \u201cpueda entorpecer su educaci\u00f3n, que implique peligro, que sea insalubre o atentatorio a su dignidad y desarrollo integral\u201d.<br \/>\nLa Defensor\u00eda record\u00f3 que la Organizaci\u00f3n Internacional del Trabajo (OIT) define el trabajo infantil como el que \u201cpriva a ni\u00f1as y ni\u00f1os de su ni\u00f1ez, potencial y dignidad, y que es perjudicial para su desarrollo f\u00edsico y psicol\u00f3gico\u201d.<br \/>\nCon datos de la Encuesta de Ni\u00f1os y Ni\u00f1as Adolescentes 2016 realizada por el Instituto Nacional de Estad\u00edstica (INE), la instituci\u00f3n se\u00f1al\u00f3 que de los tres millones de menores de entre 5 y 17 a\u00f1os que hay en el pa\u00eds, 739.000, es decir el 24,4% realizan alguna actividad laboral y otros 2,3 millones, el 75,6%, no trabajan.<br \/>\nDe los menores trabajadores, 132.000 tienen entre 5 y 9 a\u00f1os, 271.000 entre 10 y 13 a\u00f1os, y 321.000 entre 14 y 17 a\u00f1os, lo que supone que \u201cel 55,66% de esta poblaci\u00f3n laboral es menor de 14 a\u00f1os\u201d, la edad m\u00ednima permitida en el C\u00f3digo Ni\u00f1a, Ni\u00f1o y Adolescente, agreg\u00f3.<br \/>\nLa Defensor\u00eda mencion\u00f3 que, seg\u00fan estimaciones de la OIT, a nivel mundial, 160 millones de ni\u00f1os y adolescentes de 5 a 17 a\u00f1os realizaron trabajo infantil en 2020, y de esa cantidad, 79 millones est\u00e1n involucrados en trabajos peligrosos \u201cque pueden da\u00f1ar su salud, seguridad o moral\u201d.<br \/>\n\u201cEs imperativo entender que el fen\u00f3meno del trabajo infantil es complejo y no puede abordarse \u00fanicamente desde una sola perspectiva, requiere la corresponsabilidad del Estado, la sociedad y la familia, con acciones conjuntas orientadas a mejorar progresivamente las condiciones de vida de esta poblaci\u00f3n\u201d, afirm\u00f3 la entidad defensorial.<br \/>\nTambi\u00e9n indic\u00f3 que pese a que los menores \u201ctienen derecho a estar protegidos contra el trabajo infantil y la explotaci\u00f3n econ\u00f3mica, a\u00fan se observan omisiones que perpet\u00faan la vulneraci\u00f3n de sus derechos\u201d.<br \/>\nLa entidad cit\u00f3 como ejemplo de esto, la falta de aprobaci\u00f3n y ejecuci\u00f3n del \u201cPrograma de Prevenci\u00f3n y Protecci\u00f3n Social para Ni\u00f1as, Ni\u00f1os y Adolescentes menores de 14 a\u00f1os en actividad laboral\u201d, previsto en el C\u00f3digo Ni\u00f1a, Ni\u00f1o y Adolescente.<br \/>\nAdem\u00e1s, la Defensor\u00eda sostuvo que seguir\u00e1 \u201cforjando acciones en la defensa y protecci\u00f3n de los derechos de la ni\u00f1ez y adolescencia dirigidas al cumplimiento de las obligaciones del Estado en todos sus niveles\u201d. (BD\/EFE)<\/p>\n","protected":false},"excerpt":{"rendered":"<p>La Defensor\u00eda del Pueblo de Bolivia pidi\u00f3 al Estado que proteja a ni\u00f1os y adolescentes de la explotaci\u00f3n econ\u00f3mica y de cualquier actividad laboral que interfiera con su educaci\u00f3n o atente contra su dignidad y salud, a prop\u00f3sito del D\u00eda Mundial contra el Trabajo Infantil. La entidad exhort\u00f3 ayer, en un comunicado, al Estado boliviano [&hellip;]<\/p>\n","protected":false},"author":1,"featured_media":194726,"comment_status":"open","ping_status":"open","sticky":false,"template":"","format":"standard","meta":{"_acf_changed":false,"footnotes":""},"categories":[12],"tags":[],"class_list":["post-227132","post","type-post","status-publish","format-standard","has-post-thumbnail","category-nacional"],"acf":{"antetitulo":"D\u00eda Mundial contra Trabajo Infantil"},"yoast_head":"<!-- This site is optimized with the Yoast SEO plugin v28.4 - https:\/\/yoast.com\/product\/yoast-seo-wordpress\/ -->\n<title>Defensor\u00eda del Pueblo pide proteger a menores de explotaci\u00f3n econ\u00f3mica - El Diario - Bolivia<\/title>\n<meta name=\"robots\" content=\"index, follow, max-snippet:-1, max-image-preview:large, max-video-preview:-1\" \/>\n<link rel=\"canonical\" href=\"https:\/\/www.eldiario.net\/portal\/2024\/06\/14\/defensoria-del-pueblo-pide-proteger-a-menores-de-explotacion-economica\/\" \/>\n<meta property=\"og:locale\" content=\"es_ES\" \/>\n<meta property=\"og:type\" content=\"article\" \/>\n<meta property=\"og:title\" content=\"Defensor\u00eda del Pueblo pide proteger a menores de explotaci\u00f3n econ\u00f3mica - El Diario - Bolivia\" \/>\n<meta property=\"og:description\" content=\"La Defensor\u00eda del Pueblo de Bolivia pidi\u00f3 al Estado que proteja a ni\u00f1os y adolescentes de la explotaci\u00f3n econ\u00f3mica y de cualquier actividad laboral que interfiera con su educaci\u00f3n o atente contra su dignidad y salud, a prop\u00f3sito del D\u00eda Mundial contra el Trabajo Infantil. La entidad exhort\u00f3 ayer, en un comunicado, al Estado boliviano [&hellip;]\" \/>\n<meta property=\"og:url\" content=\"https:\/\/www.eldiario.net\/portal\/2024\/06\/14\/defensoria-del-pueblo-pide-proteger-a-menores-de-explotacion-economica\/\" \/>\n<meta property=\"og:site_name\" content=\"El Diario - Bolivia\" \/>\n<meta property=\"article:publisher\" content=\"https:\/\/www.facebook.com\/eldiario.bolivia\/\" \/>\n<meta property=\"article:published_time\" content=\"2024-06-14T10:26:53+00:00\" \/>\n<meta property=\"og:image\" content=\"https:\/\/www.eldiario.net\/portal\/wp-content\/uploads\/2023\/12\/Nacional.jpg\" \/>\n\t<meta property=\"og:image:width\" content=\"800\" \/>\n\t<meta property=\"og:image:height\" content=\"500\" \/>\n\t<meta property=\"og:image:type\" content=\"image\/jpeg\" \/>\n<meta name=\"author\" content=\"Jeanette\" \/>\n<meta name=\"twitter:card\" content=\"summary_large_image\" \/>\n<meta name=\"twitter:creator\" content=\"@eldiario_net\" \/>\n<meta name=\"twitter:site\" content=\"@eldiario_net\" \/>\n<meta name=\"twitter:label1\" content=\"Escrito por\" \/>\n\t<meta name=\"twitter:data1\" content=\"Jeanette\" \/>\n\t<meta name=\"twitter:label2\" content=\"Tiempo de lectura\" \/>\n\t<meta name=\"twitter:data2\" content=\"3 minutos\" \/>\n<script type=\"application\/ld+json\" class=\"yoast-schema-graph\">{\"@context\":\"https:\\\/\\\/schema.org\",\"@graph\":[{\"@type\":\"Article\",\"@id\":\"https:\\\/\\\/www.eldiario.net\\\/portal\\\/2024\\\/06\\\/14\\\/defensoria-del-pueblo-pide-proteger-a-menores-de-explotacion-economica\\\/#article\",\"isPartOf\":{\"@id\":\"https:\\\/\\\/www.eldiario.net\\\/portal\\\/2024\\\/06\\\/14\\\/defensoria-del-pueblo-pide-proteger-a-menores-de-explotacion-economica\\\/\"},\"author\":{\"name\":\"Jeanette\",\"@id\":\"https:\\\/\\\/www.eldiario.net\\\/portal\\\/#\\\/schema\\\/person\\\/f46445640444750d7d753ccd04ae01b7\"},\"headline\":\"Defensor\u00eda del Pueblo pide proteger a menores de explotaci\u00f3n econ\u00f3mica\",\"datePublished\":\"2024-06-14T10:26:53+00:00\",\"mainEntityOfPage\":{\"@id\":\"https:\\\/\\\/www.eldiario.net\\\/portal\\\/2024\\\/06\\\/14\\\/defensoria-del-pueblo-pide-proteger-a-menores-de-explotacion-economica\\\/\"},\"wordCount\":495,\"commentCount\":0,\"publisher\":{\"@id\":\"https:\\\/\\\/www.eldiario.net\\\/portal\\\/#organization\"},\"image\":{\"@id\":\"https:\\\/\\\/www.eldiario.net\\\/portal\\\/2024\\\/06\\\/14\\\/defensoria-del-pueblo-pide-proteger-a-menores-de-explotacion-economica\\\/#primaryimage\"},\"thumbnailUrl\":\"https:\\\/\\\/www.eldiario.net\\\/portal\\\/wp-content\\\/uploads\\\/2023\\\/12\\\/Nacional.jpg\",\"articleSection\":[\"Nacional\"],\"inLanguage\":\"es\",\"potentialAction\":[{\"@type\":\"CommentAction\",\"name\":\"Comment\",\"target\":[\"https:\\\/\\\/www.eldiario.net\\\/portal\\\/2024\\\/06\\\/14\\\/defensoria-del-pueblo-pide-proteger-a-menores-de-explotacion-economica\\\/#respond\"]}]},{\"@type\":\"WebPage\",\"@id\":\"https:\\\/\\\/www.eldiario.net\\\/portal\\\/2024\\\/06\\\/14\\\/defensoria-del-pueblo-pide-proteger-a-menores-de-explotacion-economica\\\/\",\"url\":\"https:\\\/\\\/www.eldiario.net\\\/portal\\\/2024\\\/06\\\/14\\\/defensoria-del-pueblo-pide-proteger-a-menores-de-explotacion-economica\\\/\",\"name\":\"Defensor\u00eda del Pueblo pide proteger a menores de explotaci\u00f3n econ\u00f3mica - El Diario - Bolivia\",\"isPartOf\":{\"@id\":\"https:\\\/\\\/www.eldiario.net\\\/portal\\\/#website\"},\"primaryImageOfPage\":{\"@id\":\"https:\\\/\\\/www.eldiario.net\\\/portal\\\/2024\\\/06\\\/14\\\/defensoria-del-pueblo-pide-proteger-a-menores-de-explotacion-economica\\\/#primaryimage\"},\"image\":{\"@id\":\"https:\\\/\\\/www.eldiario.net\\\/portal\\\/2024\\\/06\\\/14\\\/defensoria-del-pueblo-pide-proteger-a-menores-de-explotacion-economica\\\/#primaryimage\"},\"thumbnailUrl\":\"https:\\\/\\\/www.eldiario.net\\\/portal\\\/wp-content\\\/uploads\\\/2023\\\/12\\\/Nacional.jpg\",\"datePublished\":\"2024-06-14T10:26:53+00:00\",\"breadcrumb\":{\"@id\":\"https:\\\/\\\/www.eldiario.net\\\/portal\\\/2024\\\/06\\\/14\\\/defensoria-del-pueblo-pide-proteger-a-menores-de-explotacion-economica\\\/#breadcrumb\"},\"inLanguage\":\"es\",\"potentialAction\":[{\"@type\":\"ReadAction\",\"target\":[\"https:\\\/\\\/www.eldiario.net\\\/portal\\\/2024\\\/06\\\/14\\\/defensoria-del-pueblo-pide-proteger-a-menores-de-explotacion-economica\\\/\"]}]},{\"@type\":\"ImageObject\",\"inLanguage\":\"es\",\"@id\":\"https:\\\/\\\/www.eldiario.net\\\/portal\\\/2024\\\/06\\\/14\\\/defensoria-del-pueblo-pide-proteger-a-menores-de-explotacion-economica\\\/#primaryimage\",\"url\":\"https:\\\/\\\/www.eldiario.net\\\/portal\\\/wp-content\\\/uploads\\\/2023\\\/12\\\/Nacional.jpg\",\"contentUrl\":\"https:\\\/\\\/www.eldiario.net\\\/portal\\\/wp-content\\\/uploads\\\/2023\\\/12\\\/Nacional.jpg\",\"width\":800,\"height\":500},{\"@type\":\"BreadcrumbList\",\"@id\":\"https:\\\/\\\/www.eldiario.net\\\/portal\\\/2024\\\/06\\\/14\\\/defensoria-del-pueblo-pide-proteger-a-menores-de-explotacion-economica\\\/#breadcrumb\",\"itemListElement\":[{\"@type\":\"ListItem\",\"position\":1,\"name\":\"Portada\",\"item\":\"https:\\\/\\\/www.eldiario.net\\\/portal\\\/\"},{\"@type\":\"ListItem\",\"position\":2,\"name\":\"Defensor\u00eda del Pueblo pide proteger a menores de explotaci\u00f3n econ\u00f3mica\"}]},{\"@type\":\"WebSite\",\"@id\":\"https:\\\/\\\/www.eldiario.net\\\/portal\\\/#website\",\"url\":\"https:\\\/\\\/www.eldiario.net\\\/portal\\\/\",\"name\":\"El Diario - Decano de la prensa nacional\",\"description\":\"El Diario - Decano de la prensa nacional\",\"publisher\":{\"@id\":\"https:\\\/\\\/www.eldiario.net\\\/portal\\\/#organization\"},\"potentialAction\":[{\"@type\":\"SearchAction\",\"target\":{\"@type\":\"EntryPoint\",\"urlTemplate\":\"https:\\\/\\\/www.eldiario.net\\\/portal\\\/?s={search_term_string}\"},\"query-input\":{\"@type\":\"PropertyValueSpecification\",\"valueRequired\":true,\"valueName\":\"search_term_string\"}}],\"inLanguage\":\"es\"},{\"@type\":\"Organization\",\"@id\":\"https:\\\/\\\/www.eldiario.net\\\/portal\\\/#organization\",\"name\":\"El Diario - Decano de la prensa nacional\",\"url\":\"https:\\\/\\\/www.eldiario.net\\\/portal\\\/\",\"logo\":{\"@type\":\"ImageObject\",\"inLanguage\":\"es\",\"@id\":\"https:\\\/\\\/www.eldiario.net\\\/portal\\\/#\\\/schema\\\/logo\\\/image\\\/\",\"url\":\"https:\\\/\\\/www.eldiario.net\\\/portal\\\/wp-content\\\/uploads\\\/2023\\\/07\\\/logo_ED.jpg\",\"contentUrl\":\"https:\\\/\\\/www.eldiario.net\\\/portal\\\/wp-content\\\/uploads\\\/2023\\\/07\\\/logo_ED.jpg\",\"width\":272,\"height\":52,\"caption\":\"El Diario - Decano de la prensa nacional\"},\"image\":{\"@id\":\"https:\\\/\\\/www.eldiario.net\\\/portal\\\/#\\\/schema\\\/logo\\\/image\\\/\"},\"sameAs\":[\"https:\\\/\\\/www.facebook.com\\\/eldiario.bolivia\\\/\",\"https:\\\/\\\/x.com\\\/eldiario_net\"]},{\"@type\":\"Person\",\"@id\":\"https:\\\/\\\/www.eldiario.net\\\/portal\\\/#\\\/schema\\\/person\\\/f46445640444750d7d753ccd04ae01b7\",\"name\":\"Jeanette\",\"image\":{\"@type\":\"ImageObject\",\"inLanguage\":\"es\",\"@id\":\"https:\\\/\\\/secure.gravatar.com\\\/avatar\\\/3ea2118a5f7dad2b7138b1187a6b7ee55f160b9968b66013c3a3ef39dd7e5798?s=96&d=mm&r=g\",\"url\":\"https:\\\/\\\/secure.gravatar.com\\\/avatar\\\/3ea2118a5f7dad2b7138b1187a6b7ee55f160b9968b66013c3a3ef39dd7e5798?s=96&d=mm&r=g\",\"contentUrl\":\"https:\\\/\\\/secure.gravatar.com\\\/avatar\\\/3ea2118a5f7dad2b7138b1187a6b7ee55f160b9968b66013c3a3ef39dd7e5798?s=96&d=mm&r=g\",\"caption\":\"Jeanette\"},\"sameAs\":[\"https:\\\/\\\/www.eldiario.net\\\/portal\"],\"url\":\"https:\\\/\\\/www.eldiario.net\\\/portal\\\/author\\\/jeanette\\\/\"}]}<\/script>\n<!-- \/ Yoast SEO plugin. -->","yoast_head_json":{"title":"Defensor\u00eda del Pueblo pide proteger a menores de explotaci\u00f3n econ\u00f3mica - El Diario - Bolivia","robots":{"index":"index","follow":"follow","max-snippet":"max-snippet:-1","max-image-preview":"max-image-preview:large","max-video-preview":"max-video-preview:-1"},"canonical":"https:\/\/www.eldiario.net\/portal\/2024\/06\/14\/defensoria-del-pueblo-pide-proteger-a-menores-de-explotacion-economica\/","og_locale":"es_ES","og_type":"article","og_title":"Defensor\u00eda del Pueblo pide proteger a menores de explotaci\u00f3n econ\u00f3mica - El Diario - Bolivia","og_description":"La Defensor\u00eda del Pueblo de Bolivia pidi\u00f3 al Estado que proteja a ni\u00f1os y adolescentes de la explotaci\u00f3n econ\u00f3mica y de cualquier actividad laboral que interfiera con su educaci\u00f3n o atente contra su dignidad y salud, a prop\u00f3sito del D\u00eda Mundial contra el Trabajo Infantil. La entidad exhort\u00f3 ayer, en un comunicado, al Estado boliviano [&hellip;]","og_url":"https:\/\/www.eldiario.net\/portal\/2024\/06\/14\/defensoria-del-pueblo-pide-proteger-a-menores-de-explotacion-economica\/","og_site_name":"El Diario - Bolivia","article_publisher":"https:\/\/www.facebook.com\/eldiario.bolivia\/","article_published_time":"2024-06-14T10:26:53+00:00","og_image":[{"width":800,"height":500,"url":"https:\/\/www.eldiario.net\/portal\/wp-content\/uploads\/2023\/12\/Nacional.jpg","type":"image\/jpeg"}],"author":"Jeanette","twitter_card":"summary_large_image","twitter_creator":"@eldiario_net","twitter_site":"@eldiario_net","twitter_misc":{"Escrito por":"Jeanette","Tiempo de lectura":"3 minutos"},"schema":{"@context":"https:\/\/schema.org","@graph":[{"@type":"Article","@id":"https:\/\/www.eldiario.net\/portal\/2024\/06\/14\/defensoria-del-pueblo-pide-proteger-a-menores-de-explotacion-economica\/#article","isPartOf":{"@id":"https:\/\/www.eldiario.net\/portal\/2024\/06\/14\/defensoria-del-pueblo-pide-proteger-a-menores-de-explotacion-economica\/"},"author":{"name":"Jeanette","@id":"https:\/\/www.eldiario.net\/portal\/#\/schema\/person\/f46445640444750d7d753ccd04ae01b7"},"headline":"Defensor\u00eda del Pueblo pide proteger a menores de explotaci\u00f3n econ\u00f3mica","datePublished":"2024-06-14T10:26:53+00:00","mainEntityOfPage":{"@id":"https:\/\/www.eldiario.net\/portal\/2024\/06\/14\/defensoria-del-pueblo-pide-proteger-a-menores-de-explotacion-economica\/"},"wordCount":495,"commentCount":0,"publisher":{"@id":"https:\/\/www.eldiario.net\/portal\/#organization"},"image":{"@id":"https:\/\/www.eldiario.net\/portal\/2024\/06\/14\/defensoria-del-pueblo-pide-proteger-a-menores-de-explotacion-economica\/#primaryimage"},"thumbnailUrl":"https:\/\/www.eldiario.net\/portal\/wp-content\/uploads\/2023\/12\/Nacional.jpg","articleSection":["Nacional"],"inLanguage":"es","potentialAction":[{"@type":"CommentAction","name":"Comment","target":["https:\/\/www.eldiario.net\/portal\/2024\/06\/14\/defensoria-del-pueblo-pide-proteger-a-menores-de-explotacion-economica\/#respond"]}]},{"@type":"WebPage","@id":"https:\/\/www.eldiario.net\/portal\/2024\/06\/14\/defensoria-del-pueblo-pide-proteger-a-menores-de-explotacion-economica\/","url":"https:\/\/www.eldiario.net\/portal\/2024\/06\/14\/defensoria-del-pueblo-pide-proteger-a-menores-de-explotacion-economica\/","name":"Defensor\u00eda del Pueblo pide proteger a menores de explotaci\u00f3n econ\u00f3mica - El Diario - Bolivia","isPartOf":{"@id":"https:\/\/www.eldiario.net\/portal\/#website"},"primaryImageOfPage":{"@id":"https:\/\/www.eldiario.net\/portal\/2024\/06\/14\/defensoria-del-pueblo-pide-proteger-a-menores-de-explotacion-economica\/#primaryimage"},"image":{"@id":"https:\/\/www.eldiario.net\/portal\/2024\/06\/14\/defensoria-del-pueblo-pide-proteger-a-menores-de-explotacion-economica\/#primaryimage"},"thumbnailUrl":"https:\/\/www.eldiario.net\/portal\/wp-content\/uploads\/2023\/12\/Nacional.jpg","datePublished":"2024-06-14T10:26:53+00:00","breadcrumb":{"@id":"https:\/\/www.eldiario.net\/portal\/2024\/06\/14\/defensoria-del-pueblo-pide-proteger-a-menores-de-explotacion-economica\/#breadcrumb"},"inLanguage":"es","potentialAction":[{"@type":"ReadAction","target":["https:\/\/www.eldiario.net\/portal\/2024\/06\/14\/defensoria-del-pueblo-pide-proteger-a-menores-de-explotacion-economica\/"]}]},{"@type":"ImageObject","inLanguage":"es","@id":"https:\/\/www.eldiario.net\/portal\/2024\/06\/14\/defensoria-del-pueblo-pide-proteger-a-menores-de-explotacion-economica\/#primaryimage","url":"https:\/\/www.eldiario.net\/portal\/wp-content\/uploads\/2023\/12\/Nacional.jpg","contentUrl":"https:\/\/www.eldiario.net\/portal\/wp-content\/uploads\/2023\/12\/Nacional.jpg","width":800,"height":500},{"@type":"BreadcrumbList","@id":"https:\/\/www.eldiario.net\/portal\/2024\/06\/14\/defensoria-del-pueblo-pide-proteger-a-menores-de-explotacion-economica\/#breadcrumb","itemListElement":[{"@type":"ListItem","position":1,"name":"Portada","item":"https:\/\/www.eldiario.net\/portal\/"},{"@type":"ListItem","position":2,"name":"Defensor\u00eda del Pueblo pide proteger a menores de explotaci\u00f3n econ\u00f3mica"}]},{"@type":"WebSite","@id":"https:\/\/www.eldiario.net\/portal\/#website","url":"https:\/\/www.eldiario.net\/portal\/","name":"El Diario - Decano de la prensa nacional","description":"El Diario - Decano de la prensa nacional","publisher":{"@id":"https:\/\/www.eldiario.net\/portal\/#organization"},"potentialAction":[{"@type":"SearchAction","target":{"@type":"EntryPoint","urlTemplate":"https:\/\/www.eldiario.net\/portal\/?s={search_term_string}"},"query-input":{"@type":"PropertyValueSpecification","valueRequired":true,"valueName":"search_term_string"}}],"inLanguage":"es"},{"@type":"Organization","@id":"https:\/\/www.eldiario.net\/portal\/#organization","name":"El Diario - Decano de la prensa nacional","url":"https:\/\/www.eldiario.net\/portal\/","logo":{"@type":"ImageObject","inLanguage":"es","@id":"https:\/\/www.eldiario.net\/portal\/#\/schema\/logo\/image\/","url":"https:\/\/www.eldiario.net\/portal\/wp-content\/uploads\/2023\/07\/logo_ED.jpg","contentUrl":"https:\/\/www.eldiario.net\/portal\/wp-content\/uploads\/2023\/07\/logo_ED.jpg","width":272,"height":52,"caption":"El Diario - Decano de la prensa nacional"},"image":{"@id":"https:\/\/www.eldiario.net\/portal\/#\/schema\/logo\/image\/"},"sameAs":["https:\/\/www.facebook.com\/eldiario.bolivia\/","https:\/\/x.com\/eldiario_net"]},{"@type":"Person","@id":"https:\/\/www.eldiario.net\/portal\/#\/schema\/person\/f46445640444750d7d753ccd04ae01b7","name":"Jeanette","image":{"@type":"ImageObject","inLanguage":"es","@id":"https:\/\/secure.gravatar.com\/avatar\/3ea2118a5f7dad2b7138b1187a6b7ee55f160b9968b66013c3a3ef39dd7e5798?s=96&d=mm&r=g","url":"https:\/\/secure.gravatar.com\/avatar\/3ea2118a5f7dad2b7138b1187a6b7ee55f160b9968b66013c3a3ef39dd7e5798?s=96&d=mm&r=g","contentUrl":"https:\/\/secure.gravatar.com\/avatar\/3ea2118a5f7dad2b7138b1187a6b7ee55f160b9968b66013c3a3ef39dd7e5798?s=96&d=mm&r=g","caption":"Jeanette"},"sameAs":["https:\/\/www.eldiario.net\/portal"],"url":"https:\/\/www.eldiario.net\/portal\/author\/jeanette\/"}]}},"_links":{"self":[{"href":"https:\/\/www.eldiario.net\/portal\/wp-json\/wp\/v2\/posts\/227132","targetHints":{"allow":["GET"]}}],"collection":[{"href":"https:\/\/www.eldiario.net\/portal\/wp-json\/wp\/v2\/posts"}],"about":[{"href":"https:\/\/www.eldiario.net\/portal\/wp-json\/wp\/v2\/types\/post"}],"author":[{"embeddable":true,"href":"https:\/\/www.eldiario.net\/portal\/wp-json\/wp\/v2\/users\/1"}],"replies":[{"embeddable":true,"href":"https:\/\/www.eldiario.net\/portal\/wp-json\/wp\/v2\/comments?post=227132"}],"version-history":[{"count":1,"href":"https:\/\/www.eldiario.net\/portal\/wp-json\/wp\/v2\/posts\/227132\/revisions"}],"predecessor-version":[{"id":227133,"href":"https:\/\/www.eldiario.net\/portal\/wp-json\/wp\/v2\/posts\/227132\/revisions\/227133"}],"wp:featuredmedia":[{"embeddable":true,"href":"https:\/\/www.eldiario.net\/portal\/wp-json\/wp\/v2\/media\/194726"}],"wp:attachment":[{"href":"https:\/\/www.eldiario.net\/portal\/wp-json\/wp\/v2\/media?parent=227132"}],"wp:term":[{"taxonomy":"category","embeddable":true,"href":"https:\/\/www.eldiario.net\/portal\/wp-json\/wp\/v2\/categories?post=227132"},{"taxonomy":"post_tag","embeddable":true,"href":"https:\/\/www.eldiario.net\/portal\/wp-json\/wp\/v2\/tags?post=227132"}],"curies":[{"name":"wp","href":"https:\/\/api.w.org\/{rel}","templated":true}]}}