{"id":227130,"date":"2024-06-14T06:25:30","date_gmt":"2024-06-14T10:25:30","guid":{"rendered":"https:\/\/www.eldiario.net\/portal\/?p=227130"},"modified":"2024-06-14T06:25:30","modified_gmt":"2024-06-14T10:25:30","slug":"la-inflacion-crece-y-el-boliviano-se-achica","status":"publish","type":"post","link":"https:\/\/www.eldiario.net\/portal\/2024\/06\/14\/la-inflacion-crece-y-el-boliviano-se-achica\/","title":{"rendered":"La inflaci\u00f3n crece y el boliviano se achica"},"content":{"rendered":"<p>La inflaci\u00f3n y el consumidor<\/p>\n<p>El \u00faltimo dato de la inflaci\u00f3n de la econom\u00eda de Bolivia reflejada en su \u00cdndice de Precios al Consumidor (IPC) a mayo fue de 0,63%, siendo el m\u00e1s elevado en lo que va del a\u00f1o. Adem\u00e1s, la inflaci\u00f3n acumulada en estos cinco primeros meses del a\u00f1o 2024, preocupa, se alcanz\u00f3 el 92% de toda la inflaci\u00f3n registrada en 2023, que fue del 2,12%. Ya logramos m\u00e1s del 50% de la meta inflacionaria del gobierno nacional para este 2024, de 3,6%. Otro dato, tomando en cuenta los datos del IPC a mayo de cada gesti\u00f3n, tanto mensual, interanual y acumulado, desde el 2018 hasta la fecha, mayo de 2024 es el m\u00e1s elevado en estos \u00faltimos siete a\u00f1os en todos esos indicadores. Se observa un proceso sostenido, continuo y acelerado de elevaci\u00f3n de precios, lo que, sin dudas, afecta al comportamiento del consumidor nacional, reduciendo su poder adquisitivo y generando expectativas negativas sobre su econom\u00eda.<br \/>\nCuando ocurre lo anteriormente explicado, los compradores\/consumidores experimentan una p\u00e9rdida en su poder adquisitivo, es decir sus ingresos (dinero) alcanzan para comprar menos productos o adquirir menos servicios. Por ejemplo, hay varios productos de la canasta b\u00e1sica familiar que han subido considerablemente, sobre todo el tomate, arroz, otros, lo cual ha modificado inclusive la gastronom\u00eda familiar y comercial en el pa\u00eds.<br \/>\nCuando suben los precios, el consumidor modifica su comportamiento de compra haciendo una priorizaci\u00f3n en sus gastos, dejando a un lado art\u00edculos de belleza, lujo, entretenimiento y otros, dando m\u00e1s importancia a los de alimentaci\u00f3n y salud, claro, eso depender\u00e1 mucho de las elasticidades de sus ingresos, las cuales son mayores en las familias y hogares de clase media a alta econ\u00f3micamente hablando.<br \/>\nSe estima, que, en los \u00faltimos 6 meses, el poder adquisitivo de los bolivianos se deprimi\u00f3 en promedio un 20 a 30%, por la subida de precios, debido principalmente a la escasez de d\u00f3lares. Si bien de algunos productos su alza es temporal (por inundaciones, sequ\u00edas, heladas), de otros la tendencia ser\u00e1 a mantenerse o a subir a medida que no haya divisas para importar y\/o \u00e9stas sean m\u00e1s caras en el mercado informal.<br \/>\nLo cierto es que este nuevo proceso inflacionario est\u00e1 afectando el comportamiento de los consumidores del pa\u00eds, sobre todo de aquellos de \u201cbajos ingresos\u201d. Igualmente, est\u00e1 influyendo en las perspectivas y expectativas de los mismos, que pueden impulsar a compras masivas, irracionales y compulsivas, generando escasez e inflaci\u00f3n. El solo hecho de pensar que se deval\u00fae la moneda local o que las cosas sigan subiendo de precio, factores econ\u00f3micos, pol\u00edticos, sociales, otros, impulsa a este fen\u00f3meno.<\/p>\n<p>La industria nacional no es ajena<br \/>\na la inflaci\u00f3n<br \/>\nAl haber escasez de d\u00f3lares, esto limita la competitividad de la industria nacional, ya que encarece sus costos de producci\u00f3n, comercializaci\u00f3n y venta de sus bienes o servicios, porque debe importar materias primas, insumos, bienes tecnol\u00f3gicos, de capital y otros con un mayor precio, debido a que la divisa americana tiene un precio que supera los Bs 8,30 en el mercado paralelo o informal, con una tendencia al alza. Si a esto se le suma las comisiones por transferencias bancarias, y otros gastos en d\u00f3lares, esto le a\u00f1ade mayor peso financiero a las empresas, lo cual les resta competitividad debido a que sus precios suben paulatinamente.<br \/>\nEsto hizo que varias industrias, empresas, emprendimientos y unidades productivas en el pa\u00eds transfieran estos costos al consumidor final, en forma de precios m\u00e1s elevados de sus productos o servicios. Esto quita competitividad, ya que el consumidor al tener una mayor carencia en su capacidad de compra, por la devaluaci\u00f3n de la moneda por inflaci\u00f3n, hace que busque art\u00edculos de menor precio, sobre todo de contrabando, lo cuales son muy consumidos por ese factor y porque los precios de productos nacionales son m\u00e1s elevados.<br \/>\nLa adaptaci\u00f3n de la industria nacional es relativa, la mayor\u00eda est\u00e1 subiendo poco a poco sus precios de venta al p\u00fablico, a pesar que a algunas les quitar\u00e1 competitividad, pero a otras, como en el caso de los medicamentos, la poblaci\u00f3n se adapta por temas de salud. Otras industrias nacionales, buscan mantener sus precios anteriores, aunque esto les suponga menor utilidad y un fuerte reajuste a sus finanzas, con tal de no perder mercado ni clientes. Sin embargo, es un el\u00e1stico que en cualquier momento se puede romper, sobre todo por la influencia del comercio informal y el gran peso que tiene el contrabando en nuestra econom\u00eda.<br \/>\nAqu\u00ed es clave el marketing publicitario, sobre todo en RRSS, para mantener o captar m\u00e1s clientes, a pesar de un incremento en los precios de sus productos, m\u00e1s all\u00e1 si son producidos en el pa\u00eds o son importados para su comercializaci\u00f3n. Si sigue esta tendencia inflacionaria, no solo se afectar\u00e1 el comportamiento del consumidor, sino que tambi\u00e9n puede conllevar a una afectaci\u00f3n a la industria nacional, por menores ventas y mayores costos, apuntando a una ca\u00edda de la productividad y empleo en el pa\u00eds.<\/p>\n<p>Reducir la inflaci\u00f3n, una tarea de todos<br \/>\nLa inflaci\u00f3n no es mala ni buena, todo depende de c\u00f3mo se encuentre nuestra econom\u00eda, tanto su sector p\u00fablico, privado, sus empresas, las familias, Bolivia en s\u00ed. Si consideramos que nuestra econom\u00eda, seg\u00fan el Banco Mundial y el Fondo Monetario Internacional, no crecer\u00e1 m\u00e1s del 1,6% en 2024, con una posibilidad de entrar en un proceso recesivo, sumarle a esto una mayor inflaci\u00f3n, no es bueno.<br \/>\nPor esto es prioritario que el gobierno nacional, en coordinaci\u00f3n con los gobiernos sub nacionales y el sector privado, establezcan medidas o acciones que permitan aliviar la escasez de d\u00f3lares, reducir el tipo de cambio informal y desinflen la presi\u00f3n inflacionaria que, si bien afecta a la industria nacional, lo hace principalmente a las familias bolivianas, contrayendo su poder adquisitivo, lo cual genera incertidumbre y las bases para un conflicto social mayor.<\/p>\n<p>El autor es Presidente del Colegio Departamental de Economistas de Tarija.<\/p>\n","protected":false},"excerpt":{"rendered":"<p>La inflaci\u00f3n y el consumidor El \u00faltimo dato de la inflaci\u00f3n de la econom\u00eda de Bolivia reflejada en su \u00cdndice de Precios al Consumidor (IPC) a mayo fue de 0,63%, siendo el m\u00e1s elevado en lo que va del a\u00f1o. Adem\u00e1s, la inflaci\u00f3n acumulada en estos cinco primeros meses del a\u00f1o 2024, preocupa, se alcanz\u00f3 [&hellip;]<\/p>\n","protected":false},"author":1,"featured_media":159873,"comment_status":"open","ping_status":"open","sticky":false,"template":"","format":"standard","meta":{"_acf_changed":false,"footnotes":""},"categories":[9],"tags":[],"class_list":["post-227130","post","type-post","status-publish","format-standard","has-post-thumbnail","category-opinion"],"acf":{"antetitulo":""},"yoast_head":"<!-- This site is optimized with the Yoast SEO plugin v28.4 - https:\/\/yoast.com\/product\/yoast-seo-wordpress\/ -->\n<title>La inflaci\u00f3n crece y el boliviano se achica - El Diario - Bolivia<\/title>\n<meta name=\"robots\" content=\"index, follow, max-snippet:-1, max-image-preview:large, max-video-preview:-1\" \/>\n<link rel=\"canonical\" href=\"https:\/\/www.eldiario.net\/portal\/2024\/06\/14\/la-inflacion-crece-y-el-boliviano-se-achica\/\" \/>\n<meta property=\"og:locale\" content=\"es_ES\" \/>\n<meta property=\"og:type\" content=\"article\" \/>\n<meta property=\"og:title\" content=\"La inflaci\u00f3n crece y el boliviano se achica - El Diario - Bolivia\" \/>\n<meta property=\"og:description\" content=\"La inflaci\u00f3n y el consumidor El \u00faltimo dato de la inflaci\u00f3n de la econom\u00eda de Bolivia reflejada en su \u00cdndice de Precios al Consumidor (IPC) a mayo fue de 0,63%, siendo el m\u00e1s elevado en lo que va del a\u00f1o. Adem\u00e1s, la inflaci\u00f3n acumulada en estos cinco primeros meses del a\u00f1o 2024, preocupa, se alcanz\u00f3 [&hellip;]\" \/>\n<meta property=\"og:url\" content=\"https:\/\/www.eldiario.net\/portal\/2024\/06\/14\/la-inflacion-crece-y-el-boliviano-se-achica\/\" \/>\n<meta property=\"og:site_name\" content=\"El Diario - Bolivia\" \/>\n<meta property=\"article:publisher\" content=\"https:\/\/www.facebook.com\/eldiario.bolivia\/\" \/>\n<meta property=\"article:published_time\" content=\"2024-06-14T10:25:30+00:00\" \/>\n<meta property=\"og:image\" content=\"https:\/\/www.eldiario.net\/portal\/wp-content\/uploads\/2023\/06\/Luis-Fernando-Romero-Torrejon.jpg\" \/>\n\t<meta property=\"og:image:width\" content=\"1200\" \/>\n\t<meta property=\"og:image:height\" content=\"628\" \/>\n\t<meta property=\"og:image:type\" content=\"image\/jpeg\" \/>\n<meta name=\"author\" content=\"Jeanette\" \/>\n<meta name=\"twitter:card\" content=\"summary_large_image\" \/>\n<meta name=\"twitter:creator\" content=\"@eldiario_net\" \/>\n<meta name=\"twitter:site\" content=\"@eldiario_net\" \/>\n<meta name=\"twitter:label1\" content=\"Escrito por\" \/>\n\t<meta name=\"twitter:data1\" content=\"Jeanette\" \/>\n\t<meta name=\"twitter:label2\" content=\"Tiempo de lectura\" \/>\n\t<meta name=\"twitter:data2\" content=\"5 minutos\" \/>\n<script type=\"application\/ld+json\" class=\"yoast-schema-graph\">{\"@context\":\"https:\\\/\\\/schema.org\",\"@graph\":[{\"@type\":\"Article\",\"@id\":\"https:\\\/\\\/www.eldiario.net\\\/portal\\\/2024\\\/06\\\/14\\\/la-inflacion-crece-y-el-boliviano-se-achica\\\/#article\",\"isPartOf\":{\"@id\":\"https:\\\/\\\/www.eldiario.net\\\/portal\\\/2024\\\/06\\\/14\\\/la-inflacion-crece-y-el-boliviano-se-achica\\\/\"},\"author\":{\"name\":\"Jeanette\",\"@id\":\"https:\\\/\\\/www.eldiario.net\\\/portal\\\/#\\\/schema\\\/person\\\/f46445640444750d7d753ccd04ae01b7\"},\"headline\":\"La inflaci\u00f3n crece y el boliviano se achica\",\"datePublished\":\"2024-06-14T10:25:30+00:00\",\"mainEntityOfPage\":{\"@id\":\"https:\\\/\\\/www.eldiario.net\\\/portal\\\/2024\\\/06\\\/14\\\/la-inflacion-crece-y-el-boliviano-se-achica\\\/\"},\"wordCount\":1046,\"commentCount\":0,\"publisher\":{\"@id\":\"https:\\\/\\\/www.eldiario.net\\\/portal\\\/#organization\"},\"image\":{\"@id\":\"https:\\\/\\\/www.eldiario.net\\\/portal\\\/2024\\\/06\\\/14\\\/la-inflacion-crece-y-el-boliviano-se-achica\\\/#primaryimage\"},\"thumbnailUrl\":\"https:\\\/\\\/www.eldiario.net\\\/portal\\\/wp-content\\\/uploads\\\/2023\\\/06\\\/Luis-Fernando-Romero-Torrejon.jpg\",\"articleSection\":[\"Opini\u00f3n\"],\"inLanguage\":\"es\",\"potentialAction\":[{\"@type\":\"CommentAction\",\"name\":\"Comment\",\"target\":[\"https:\\\/\\\/www.eldiario.net\\\/portal\\\/2024\\\/06\\\/14\\\/la-inflacion-crece-y-el-boliviano-se-achica\\\/#respond\"]}]},{\"@type\":\"WebPage\",\"@id\":\"https:\\\/\\\/www.eldiario.net\\\/portal\\\/2024\\\/06\\\/14\\\/la-inflacion-crece-y-el-boliviano-se-achica\\\/\",\"url\":\"https:\\\/\\\/www.eldiario.net\\\/portal\\\/2024\\\/06\\\/14\\\/la-inflacion-crece-y-el-boliviano-se-achica\\\/\",\"name\":\"La inflaci\u00f3n crece y el boliviano se achica - El Diario - Bolivia\",\"isPartOf\":{\"@id\":\"https:\\\/\\\/www.eldiario.net\\\/portal\\\/#website\"},\"primaryImageOfPage\":{\"@id\":\"https:\\\/\\\/www.eldiario.net\\\/portal\\\/2024\\\/06\\\/14\\\/la-inflacion-crece-y-el-boliviano-se-achica\\\/#primaryimage\"},\"image\":{\"@id\":\"https:\\\/\\\/www.eldiario.net\\\/portal\\\/2024\\\/06\\\/14\\\/la-inflacion-crece-y-el-boliviano-se-achica\\\/#primaryimage\"},\"thumbnailUrl\":\"https:\\\/\\\/www.eldiario.net\\\/portal\\\/wp-content\\\/uploads\\\/2023\\\/06\\\/Luis-Fernando-Romero-Torrejon.jpg\",\"datePublished\":\"2024-06-14T10:25:30+00:00\",\"breadcrumb\":{\"@id\":\"https:\\\/\\\/www.eldiario.net\\\/portal\\\/2024\\\/06\\\/14\\\/la-inflacion-crece-y-el-boliviano-se-achica\\\/#breadcrumb\"},\"inLanguage\":\"es\",\"potentialAction\":[{\"@type\":\"ReadAction\",\"target\":[\"https:\\\/\\\/www.eldiario.net\\\/portal\\\/2024\\\/06\\\/14\\\/la-inflacion-crece-y-el-boliviano-se-achica\\\/\"]}]},{\"@type\":\"ImageObject\",\"inLanguage\":\"es\",\"@id\":\"https:\\\/\\\/www.eldiario.net\\\/portal\\\/2024\\\/06\\\/14\\\/la-inflacion-crece-y-el-boliviano-se-achica\\\/#primaryimage\",\"url\":\"https:\\\/\\\/www.eldiario.net\\\/portal\\\/wp-content\\\/uploads\\\/2023\\\/06\\\/Luis-Fernando-Romero-Torrejon.jpg\",\"contentUrl\":\"https:\\\/\\\/www.eldiario.net\\\/portal\\\/wp-content\\\/uploads\\\/2023\\\/06\\\/Luis-Fernando-Romero-Torrejon.jpg\",\"width\":1200,\"height\":628,\"caption\":\"Luis Fernando Romero Torrej\u00f3n\"},{\"@type\":\"BreadcrumbList\",\"@id\":\"https:\\\/\\\/www.eldiario.net\\\/portal\\\/2024\\\/06\\\/14\\\/la-inflacion-crece-y-el-boliviano-se-achica\\\/#breadcrumb\",\"itemListElement\":[{\"@type\":\"ListItem\",\"position\":1,\"name\":\"Portada\",\"item\":\"https:\\\/\\\/www.eldiario.net\\\/portal\\\/\"},{\"@type\":\"ListItem\",\"position\":2,\"name\":\"La inflaci\u00f3n crece y el boliviano se achica\"}]},{\"@type\":\"WebSite\",\"@id\":\"https:\\\/\\\/www.eldiario.net\\\/portal\\\/#website\",\"url\":\"https:\\\/\\\/www.eldiario.net\\\/portal\\\/\",\"name\":\"El Diario - Decano de la prensa nacional\",\"description\":\"El Diario - Decano de la prensa nacional\",\"publisher\":{\"@id\":\"https:\\\/\\\/www.eldiario.net\\\/portal\\\/#organization\"},\"potentialAction\":[{\"@type\":\"SearchAction\",\"target\":{\"@type\":\"EntryPoint\",\"urlTemplate\":\"https:\\\/\\\/www.eldiario.net\\\/portal\\\/?s={search_term_string}\"},\"query-input\":{\"@type\":\"PropertyValueSpecification\",\"valueRequired\":true,\"valueName\":\"search_term_string\"}}],\"inLanguage\":\"es\"},{\"@type\":\"Organization\",\"@id\":\"https:\\\/\\\/www.eldiario.net\\\/portal\\\/#organization\",\"name\":\"El Diario - Decano de la prensa nacional\",\"url\":\"https:\\\/\\\/www.eldiario.net\\\/portal\\\/\",\"logo\":{\"@type\":\"ImageObject\",\"inLanguage\":\"es\",\"@id\":\"https:\\\/\\\/www.eldiario.net\\\/portal\\\/#\\\/schema\\\/logo\\\/image\\\/\",\"url\":\"https:\\\/\\\/www.eldiario.net\\\/portal\\\/wp-content\\\/uploads\\\/2023\\\/07\\\/logo_ED.jpg\",\"contentUrl\":\"https:\\\/\\\/www.eldiario.net\\\/portal\\\/wp-content\\\/uploads\\\/2023\\\/07\\\/logo_ED.jpg\",\"width\":272,\"height\":52,\"caption\":\"El Diario - Decano de la prensa nacional\"},\"image\":{\"@id\":\"https:\\\/\\\/www.eldiario.net\\\/portal\\\/#\\\/schema\\\/logo\\\/image\\\/\"},\"sameAs\":[\"https:\\\/\\\/www.facebook.com\\\/eldiario.bolivia\\\/\",\"https:\\\/\\\/x.com\\\/eldiario_net\"]},{\"@type\":\"Person\",\"@id\":\"https:\\\/\\\/www.eldiario.net\\\/portal\\\/#\\\/schema\\\/person\\\/f46445640444750d7d753ccd04ae01b7\",\"name\":\"Jeanette\",\"image\":{\"@type\":\"ImageObject\",\"inLanguage\":\"es\",\"@id\":\"https:\\\/\\\/secure.gravatar.com\\\/avatar\\\/3ea2118a5f7dad2b7138b1187a6b7ee55f160b9968b66013c3a3ef39dd7e5798?s=96&d=mm&r=g\",\"url\":\"https:\\\/\\\/secure.gravatar.com\\\/avatar\\\/3ea2118a5f7dad2b7138b1187a6b7ee55f160b9968b66013c3a3ef39dd7e5798?s=96&d=mm&r=g\",\"contentUrl\":\"https:\\\/\\\/secure.gravatar.com\\\/avatar\\\/3ea2118a5f7dad2b7138b1187a6b7ee55f160b9968b66013c3a3ef39dd7e5798?s=96&d=mm&r=g\",\"caption\":\"Jeanette\"},\"sameAs\":[\"https:\\\/\\\/www.eldiario.net\\\/portal\"],\"url\":\"https:\\\/\\\/www.eldiario.net\\\/portal\\\/author\\\/jeanette\\\/\"}]}<\/script>\n<!-- \/ Yoast SEO plugin. -->","yoast_head_json":{"title":"La inflaci\u00f3n crece y el boliviano se achica - El Diario - Bolivia","robots":{"index":"index","follow":"follow","max-snippet":"max-snippet:-1","max-image-preview":"max-image-preview:large","max-video-preview":"max-video-preview:-1"},"canonical":"https:\/\/www.eldiario.net\/portal\/2024\/06\/14\/la-inflacion-crece-y-el-boliviano-se-achica\/","og_locale":"es_ES","og_type":"article","og_title":"La inflaci\u00f3n crece y el boliviano se achica - El Diario - Bolivia","og_description":"La inflaci\u00f3n y el consumidor El \u00faltimo dato de la inflaci\u00f3n de la econom\u00eda de Bolivia reflejada en su \u00cdndice de Precios al Consumidor (IPC) a mayo fue de 0,63%, siendo el m\u00e1s elevado en lo que va del a\u00f1o. Adem\u00e1s, la inflaci\u00f3n acumulada en estos cinco primeros meses del a\u00f1o 2024, preocupa, se alcanz\u00f3 [&hellip;]","og_url":"https:\/\/www.eldiario.net\/portal\/2024\/06\/14\/la-inflacion-crece-y-el-boliviano-se-achica\/","og_site_name":"El Diario - Bolivia","article_publisher":"https:\/\/www.facebook.com\/eldiario.bolivia\/","article_published_time":"2024-06-14T10:25:30+00:00","og_image":[{"width":1200,"height":628,"url":"https:\/\/www.eldiario.net\/portal\/wp-content\/uploads\/2023\/06\/Luis-Fernando-Romero-Torrejon.jpg","type":"image\/jpeg"}],"author":"Jeanette","twitter_card":"summary_large_image","twitter_creator":"@eldiario_net","twitter_site":"@eldiario_net","twitter_misc":{"Escrito por":"Jeanette","Tiempo de lectura":"5 minutos"},"schema":{"@context":"https:\/\/schema.org","@graph":[{"@type":"Article","@id":"https:\/\/www.eldiario.net\/portal\/2024\/06\/14\/la-inflacion-crece-y-el-boliviano-se-achica\/#article","isPartOf":{"@id":"https:\/\/www.eldiario.net\/portal\/2024\/06\/14\/la-inflacion-crece-y-el-boliviano-se-achica\/"},"author":{"name":"Jeanette","@id":"https:\/\/www.eldiario.net\/portal\/#\/schema\/person\/f46445640444750d7d753ccd04ae01b7"},"headline":"La inflaci\u00f3n crece y el boliviano se achica","datePublished":"2024-06-14T10:25:30+00:00","mainEntityOfPage":{"@id":"https:\/\/www.eldiario.net\/portal\/2024\/06\/14\/la-inflacion-crece-y-el-boliviano-se-achica\/"},"wordCount":1046,"commentCount":0,"publisher":{"@id":"https:\/\/www.eldiario.net\/portal\/#organization"},"image":{"@id":"https:\/\/www.eldiario.net\/portal\/2024\/06\/14\/la-inflacion-crece-y-el-boliviano-se-achica\/#primaryimage"},"thumbnailUrl":"https:\/\/www.eldiario.net\/portal\/wp-content\/uploads\/2023\/06\/Luis-Fernando-Romero-Torrejon.jpg","articleSection":["Opini\u00f3n"],"inLanguage":"es","potentialAction":[{"@type":"CommentAction","name":"Comment","target":["https:\/\/www.eldiario.net\/portal\/2024\/06\/14\/la-inflacion-crece-y-el-boliviano-se-achica\/#respond"]}]},{"@type":"WebPage","@id":"https:\/\/www.eldiario.net\/portal\/2024\/06\/14\/la-inflacion-crece-y-el-boliviano-se-achica\/","url":"https:\/\/www.eldiario.net\/portal\/2024\/06\/14\/la-inflacion-crece-y-el-boliviano-se-achica\/","name":"La inflaci\u00f3n crece y el boliviano se achica - El Diario - Bolivia","isPartOf":{"@id":"https:\/\/www.eldiario.net\/portal\/#website"},"primaryImageOfPage":{"@id":"https:\/\/www.eldiario.net\/portal\/2024\/06\/14\/la-inflacion-crece-y-el-boliviano-se-achica\/#primaryimage"},"image":{"@id":"https:\/\/www.eldiario.net\/portal\/2024\/06\/14\/la-inflacion-crece-y-el-boliviano-se-achica\/#primaryimage"},"thumbnailUrl":"https:\/\/www.eldiario.net\/portal\/wp-content\/uploads\/2023\/06\/Luis-Fernando-Romero-Torrejon.jpg","datePublished":"2024-06-14T10:25:30+00:00","breadcrumb":{"@id":"https:\/\/www.eldiario.net\/portal\/2024\/06\/14\/la-inflacion-crece-y-el-boliviano-se-achica\/#breadcrumb"},"inLanguage":"es","potentialAction":[{"@type":"ReadAction","target":["https:\/\/www.eldiario.net\/portal\/2024\/06\/14\/la-inflacion-crece-y-el-boliviano-se-achica\/"]}]},{"@type":"ImageObject","inLanguage":"es","@id":"https:\/\/www.eldiario.net\/portal\/2024\/06\/14\/la-inflacion-crece-y-el-boliviano-se-achica\/#primaryimage","url":"https:\/\/www.eldiario.net\/portal\/wp-content\/uploads\/2023\/06\/Luis-Fernando-Romero-Torrejon.jpg","contentUrl":"https:\/\/www.eldiario.net\/portal\/wp-content\/uploads\/2023\/06\/Luis-Fernando-Romero-Torrejon.jpg","width":1200,"height":628,"caption":"Luis Fernando Romero Torrej\u00f3n"},{"@type":"BreadcrumbList","@id":"https:\/\/www.eldiario.net\/portal\/2024\/06\/14\/la-inflacion-crece-y-el-boliviano-se-achica\/#breadcrumb","itemListElement":[{"@type":"ListItem","position":1,"name":"Portada","item":"https:\/\/www.eldiario.net\/portal\/"},{"@type":"ListItem","position":2,"name":"La inflaci\u00f3n crece y el boliviano se achica"}]},{"@type":"WebSite","@id":"https:\/\/www.eldiario.net\/portal\/#website","url":"https:\/\/www.eldiario.net\/portal\/","name":"El Diario - Decano de la prensa nacional","description":"El Diario - Decano de la prensa nacional","publisher":{"@id":"https:\/\/www.eldiario.net\/portal\/#organization"},"potentialAction":[{"@type":"SearchAction","target":{"@type":"EntryPoint","urlTemplate":"https:\/\/www.eldiario.net\/portal\/?s={search_term_string}"},"query-input":{"@type":"PropertyValueSpecification","valueRequired":true,"valueName":"search_term_string"}}],"inLanguage":"es"},{"@type":"Organization","@id":"https:\/\/www.eldiario.net\/portal\/#organization","name":"El Diario - Decano de la prensa nacional","url":"https:\/\/www.eldiario.net\/portal\/","logo":{"@type":"ImageObject","inLanguage":"es","@id":"https:\/\/www.eldiario.net\/portal\/#\/schema\/logo\/image\/","url":"https:\/\/www.eldiario.net\/portal\/wp-content\/uploads\/2023\/07\/logo_ED.jpg","contentUrl":"https:\/\/www.eldiario.net\/portal\/wp-content\/uploads\/2023\/07\/logo_ED.jpg","width":272,"height":52,"caption":"El Diario - Decano de la prensa nacional"},"image":{"@id":"https:\/\/www.eldiario.net\/portal\/#\/schema\/logo\/image\/"},"sameAs":["https:\/\/www.facebook.com\/eldiario.bolivia\/","https:\/\/x.com\/eldiario_net"]},{"@type":"Person","@id":"https:\/\/www.eldiario.net\/portal\/#\/schema\/person\/f46445640444750d7d753ccd04ae01b7","name":"Jeanette","image":{"@type":"ImageObject","inLanguage":"es","@id":"https:\/\/secure.gravatar.com\/avatar\/3ea2118a5f7dad2b7138b1187a6b7ee55f160b9968b66013c3a3ef39dd7e5798?s=96&d=mm&r=g","url":"https:\/\/secure.gravatar.com\/avatar\/3ea2118a5f7dad2b7138b1187a6b7ee55f160b9968b66013c3a3ef39dd7e5798?s=96&d=mm&r=g","contentUrl":"https:\/\/secure.gravatar.com\/avatar\/3ea2118a5f7dad2b7138b1187a6b7ee55f160b9968b66013c3a3ef39dd7e5798?s=96&d=mm&r=g","caption":"Jeanette"},"sameAs":["https:\/\/www.eldiario.net\/portal"],"url":"https:\/\/www.eldiario.net\/portal\/author\/jeanette\/"}]}},"_links":{"self":[{"href":"https:\/\/www.eldiario.net\/portal\/wp-json\/wp\/v2\/posts\/227130","targetHints":{"allow":["GET"]}}],"collection":[{"href":"https:\/\/www.eldiario.net\/portal\/wp-json\/wp\/v2\/posts"}],"about":[{"href":"https:\/\/www.eldiario.net\/portal\/wp-json\/wp\/v2\/types\/post"}],"author":[{"embeddable":true,"href":"https:\/\/www.eldiario.net\/portal\/wp-json\/wp\/v2\/users\/1"}],"replies":[{"embeddable":true,"href":"https:\/\/www.eldiario.net\/portal\/wp-json\/wp\/v2\/comments?post=227130"}],"version-history":[{"count":1,"href":"https:\/\/www.eldiario.net\/portal\/wp-json\/wp\/v2\/posts\/227130\/revisions"}],"predecessor-version":[{"id":227131,"href":"https:\/\/www.eldiario.net\/portal\/wp-json\/wp\/v2\/posts\/227130\/revisions\/227131"}],"wp:featuredmedia":[{"embeddable":true,"href":"https:\/\/www.eldiario.net\/portal\/wp-json\/wp\/v2\/media\/159873"}],"wp:attachment":[{"href":"https:\/\/www.eldiario.net\/portal\/wp-json\/wp\/v2\/media?parent=227130"}],"wp:term":[{"taxonomy":"category","embeddable":true,"href":"https:\/\/www.eldiario.net\/portal\/wp-json\/wp\/v2\/categories?post=227130"},{"taxonomy":"post_tag","embeddable":true,"href":"https:\/\/www.eldiario.net\/portal\/wp-json\/wp\/v2\/tags?post=227130"}],"curies":[{"name":"wp","href":"https:\/\/api.w.org\/{rel}","templated":true}]}}