{"id":227128,"date":"2024-06-14T06:25:01","date_gmt":"2024-06-14T10:25:01","guid":{"rendered":"https:\/\/www.eldiario.net\/portal\/?p=227128"},"modified":"2024-06-14T06:25:01","modified_gmt":"2024-06-14T10:25:01","slug":"adios-al-tren-electrico","status":"publish","type":"post","link":"https:\/\/www.eldiario.net\/portal\/2024\/06\/14\/adios-al-tren-electrico\/","title":{"rendered":"Adi\u00f3s al Tren El\u00e9ctrico"},"content":{"rendered":"<div>I<\/div>\n<div><\/div>\n<div>Desde hace tiempo, en notas publicadas en EL DIARIO hemos insistido para que en la Avenida Zabaleta se construya un danz\u00f3dromo, donde se desarrollen los bailes del Gran Poder, la Entrada Universitaria, y cuanta manifestaci\u00f3n folkl\u00f3rica se da en esta \u201cciudad maravilla\u201d de La Paz, que le dan m\u00e1s bien un tinte pueblerino, cuando ya goza de ser una urbe cosmopolita. Esos espect\u00e1culos hermosos y grandiosos merecen un sitio acorde a su magnificencia.\u00a0 La tradicional Feria de Alasita tambi\u00e9n de itinerante pueda tambi\u00e9n localizarse en ese lugar de manera permanente. Aun las manifestaciones pol\u00edticas, adecuadamente programadas y organizadas, deber\u00edan dejar de causar caos y desorden en esta ciudad, precisamente en el centro, originando el desorden econ\u00f3mico y embrollo administrativo de esta urbe magn\u00edficamente coronada por el majestuoso Illimani.<\/div>\n<div>Hemos advertido, adem\u00e1s, el peligro que acecha a las \u00e1reas bald\u00edas, por h\u00e1biles loteadores, tan prestos a apropiarse de ellas en concomitancias con arquitectos, abogados y funcionarios corruptos.\u00a0 Y he aqu\u00ed que est\u00e1 sucediendo esto al pie de la letra. En un recorrido por esa arteria,\u00a0 primero se le\u00eda carteles de \u201cpropiedad privada\u201d y, al poco tiempo, ya fueron levantadas edificaciones sin que nadie reclame. Ni Juntas de Vecinos ni Fiscales, menos Procuradores Generales del Estado, ni los Alcaldes; pues, de acuerdo con una ley de comienzos del siglo pasado, los aires de rio son propiedad municipal hasta la cima de su coronamiento. Entonces, sobre esos terrenos que hab\u00edamos sugerido para el danz\u00f3dromo, solamente est\u00e1 la voz de los que amamos a La Paz, para que sea verdaderamente \u201cciudad maravilla\u201d. Publicamos muchas notas que de nada sirvieron, Ahora que los aires del r\u00edo de la Av. Zabaleta est\u00e1n ocupados por propiedad privada, ya no existe otro sitio para construir el danzodromo de la ciudad de La Paz y otros anexos.<\/div>\n<div><\/div>\n<div>II<\/div>\n<div>Ahora vayamos al tema del t\u00edtulo de este ensayo. Desde muchos a\u00f1os atr\u00e1s se habl\u00f3 del tren el\u00e9ctrico sobre el r\u00edo Choqueyapu para resolver el espantoso tr\u00e1fico vehicular de la urbe. Ning\u00fan alcalde pudo acometer la obra, m\u00e1s bien cada cual emprendi\u00f3 sendas avenidas hacia el sur, como trabajos que se terminen en una gesti\u00f3n municipal, nunca se han emprendido obras de largo aliento que se ejecuten en dos o tres gestiones, como habr\u00eda durado el tren el\u00e9ctrico o bala que est\u00e1n admirando las ciudades modernas. \u00daltimamente han surgido los telef\u00e9ricos que, si bien son un atractivo moderno de la urbe, no resuelven el problema del transporte urbano, desordenado y ca\u00f3tico de La Paz.<\/div>\n<div>El tren el\u00e9ctrico desde Ovejuyo a la ciudad de Viacha, pasando por las ciudades de La Paz y El Alto precisaba un estudio bien planificado, pasando encima del Choqueyapu, evitando las construcciones sobre el rio. La millonada de dinero de los telef\u00e9ricos hubiera servido en buena parte para el tren bala o lo que se llame y las conexiones a El Alto a ser servidas por pintorescos seis o m\u00e1s funiculares.\u00a0 A la construcci\u00f3n de edificios sobre el Choqueyapu se agrega hoy que la Alcald\u00eda proyecta una Nueva Avenida de La Paz hacia el Sur, sobre el rio, con lo que definitivamente se dir\u00e1 Adi\u00f3s al Tren El\u00e9ctrico.<\/div>\n<div>Entonces se deber\u00e1 proyectar m\u00e1s bien un telef\u00e9rico de Ovejuyo a una falda del Illimani, como un atractivo esplendoroso de turismo, con hoteles confortables y restaurantes en las cimas arboladas y jardines espectaculares, qui\u00e9n sabe hasta con pistas de sky.<\/div>\n<div>Lo que nos falta a los bolivianos es pensar y so\u00f1ar a lo grande, como es nuestra naturaleza grandiosa.<\/div>\n<div><\/div>\n<div>El autor es fundador del Parque Nacional Torotoro.<\/div>\n","protected":false},"excerpt":{"rendered":"<p>I Desde hace tiempo, en notas publicadas en EL DIARIO hemos insistido para que en la Avenida Zabaleta se construya un danz\u00f3dromo, donde se desarrollen los bailes del Gran Poder, la Entrada Universitaria, y cuanta manifestaci\u00f3n folkl\u00f3rica se da en esta \u201cciudad maravilla\u201d de La Paz, que le dan m\u00e1s bien un tinte pueblerino, cuando [&hellip;]<\/p>\n","protected":false},"author":1,"featured_media":194790,"comment_status":"open","ping_status":"open","sticky":false,"template":"","format":"standard","meta":{"_acf_changed":false,"footnotes":""},"categories":[9],"tags":[],"class_list":["post-227128","post","type-post","status-publish","format-standard","has-post-thumbnail","category-opinion"],"acf":{"antetitulo":""},"yoast_head":"<!-- This site is optimized with the Yoast SEO plugin v28.4 - https:\/\/yoast.com\/product\/yoast-seo-wordpress\/ -->\n<title>Adi\u00f3s al Tren El\u00e9ctrico - El Diario - Bolivia<\/title>\n<meta name=\"robots\" content=\"index, follow, max-snippet:-1, max-image-preview:large, max-video-preview:-1\" \/>\n<link rel=\"canonical\" href=\"https:\/\/www.eldiario.net\/portal\/2024\/06\/14\/adios-al-tren-electrico\/\" \/>\n<meta property=\"og:locale\" content=\"es_ES\" \/>\n<meta property=\"og:type\" content=\"article\" \/>\n<meta property=\"og:title\" content=\"Adi\u00f3s al Tren El\u00e9ctrico - El Diario - Bolivia\" \/>\n<meta property=\"og:description\" content=\"I Desde hace tiempo, en notas publicadas en EL DIARIO hemos insistido para que en la Avenida Zabaleta se construya un danz\u00f3dromo, donde se desarrollen los bailes del Gran Poder, la Entrada Universitaria, y cuanta manifestaci\u00f3n folkl\u00f3rica se da en esta \u201cciudad maravilla\u201d de La Paz, que le dan m\u00e1s bien un tinte pueblerino, cuando [&hellip;]\" \/>\n<meta property=\"og:url\" content=\"https:\/\/www.eldiario.net\/portal\/2024\/06\/14\/adios-al-tren-electrico\/\" \/>\n<meta property=\"og:site_name\" content=\"El Diario - Bolivia\" \/>\n<meta property=\"article:publisher\" content=\"https:\/\/www.facebook.com\/eldiario.bolivia\/\" \/>\n<meta property=\"article:published_time\" content=\"2024-06-14T10:25:01+00:00\" \/>\n<meta property=\"og:image\" content=\"https:\/\/www.eldiario.net\/portal\/wp-content\/uploads\/2023\/12\/Opinion.jpg\" \/>\n\t<meta property=\"og:image:width\" content=\"800\" \/>\n\t<meta property=\"og:image:height\" content=\"500\" \/>\n\t<meta property=\"og:image:type\" content=\"image\/jpeg\" \/>\n<meta name=\"author\" content=\"Jeanette\" \/>\n<meta name=\"twitter:card\" content=\"summary_large_image\" \/>\n<meta name=\"twitter:creator\" content=\"@eldiario_net\" \/>\n<meta name=\"twitter:site\" content=\"@eldiario_net\" \/>\n<meta name=\"twitter:label1\" content=\"Escrito por\" \/>\n\t<meta name=\"twitter:data1\" content=\"Jeanette\" \/>\n\t<meta name=\"twitter:label2\" content=\"Tiempo de lectura\" \/>\n\t<meta name=\"twitter:data2\" content=\"3 minutos\" \/>\n<script type=\"application\/ld+json\" class=\"yoast-schema-graph\">{\"@context\":\"https:\\\/\\\/schema.org\",\"@graph\":[{\"@type\":\"Article\",\"@id\":\"https:\\\/\\\/www.eldiario.net\\\/portal\\\/2024\\\/06\\\/14\\\/adios-al-tren-electrico\\\/#article\",\"isPartOf\":{\"@id\":\"https:\\\/\\\/www.eldiario.net\\\/portal\\\/2024\\\/06\\\/14\\\/adios-al-tren-electrico\\\/\"},\"author\":{\"name\":\"Jeanette\",\"@id\":\"https:\\\/\\\/www.eldiario.net\\\/portal\\\/#\\\/schema\\\/person\\\/f46445640444750d7d753ccd04ae01b7\"},\"headline\":\"Adi\u00f3s al Tren El\u00e9ctrico\",\"datePublished\":\"2024-06-14T10:25:01+00:00\",\"mainEntityOfPage\":{\"@id\":\"https:\\\/\\\/www.eldiario.net\\\/portal\\\/2024\\\/06\\\/14\\\/adios-al-tren-electrico\\\/\"},\"wordCount\":639,\"commentCount\":0,\"publisher\":{\"@id\":\"https:\\\/\\\/www.eldiario.net\\\/portal\\\/#organization\"},\"image\":{\"@id\":\"https:\\\/\\\/www.eldiario.net\\\/portal\\\/2024\\\/06\\\/14\\\/adios-al-tren-electrico\\\/#primaryimage\"},\"thumbnailUrl\":\"https:\\\/\\\/www.eldiario.net\\\/portal\\\/wp-content\\\/uploads\\\/2023\\\/12\\\/Opinion.jpg\",\"articleSection\":[\"Opini\u00f3n\"],\"inLanguage\":\"es\",\"potentialAction\":[{\"@type\":\"CommentAction\",\"name\":\"Comment\",\"target\":[\"https:\\\/\\\/www.eldiario.net\\\/portal\\\/2024\\\/06\\\/14\\\/adios-al-tren-electrico\\\/#respond\"]}]},{\"@type\":\"WebPage\",\"@id\":\"https:\\\/\\\/www.eldiario.net\\\/portal\\\/2024\\\/06\\\/14\\\/adios-al-tren-electrico\\\/\",\"url\":\"https:\\\/\\\/www.eldiario.net\\\/portal\\\/2024\\\/06\\\/14\\\/adios-al-tren-electrico\\\/\",\"name\":\"Adi\u00f3s al Tren El\u00e9ctrico - El Diario - Bolivia\",\"isPartOf\":{\"@id\":\"https:\\\/\\\/www.eldiario.net\\\/portal\\\/#website\"},\"primaryImageOfPage\":{\"@id\":\"https:\\\/\\\/www.eldiario.net\\\/portal\\\/2024\\\/06\\\/14\\\/adios-al-tren-electrico\\\/#primaryimage\"},\"image\":{\"@id\":\"https:\\\/\\\/www.eldiario.net\\\/portal\\\/2024\\\/06\\\/14\\\/adios-al-tren-electrico\\\/#primaryimage\"},\"thumbnailUrl\":\"https:\\\/\\\/www.eldiario.net\\\/portal\\\/wp-content\\\/uploads\\\/2023\\\/12\\\/Opinion.jpg\",\"datePublished\":\"2024-06-14T10:25:01+00:00\",\"breadcrumb\":{\"@id\":\"https:\\\/\\\/www.eldiario.net\\\/portal\\\/2024\\\/06\\\/14\\\/adios-al-tren-electrico\\\/#breadcrumb\"},\"inLanguage\":\"es\",\"potentialAction\":[{\"@type\":\"ReadAction\",\"target\":[\"https:\\\/\\\/www.eldiario.net\\\/portal\\\/2024\\\/06\\\/14\\\/adios-al-tren-electrico\\\/\"]}]},{\"@type\":\"ImageObject\",\"inLanguage\":\"es\",\"@id\":\"https:\\\/\\\/www.eldiario.net\\\/portal\\\/2024\\\/06\\\/14\\\/adios-al-tren-electrico\\\/#primaryimage\",\"url\":\"https:\\\/\\\/www.eldiario.net\\\/portal\\\/wp-content\\\/uploads\\\/2023\\\/12\\\/Opinion.jpg\",\"contentUrl\":\"https:\\\/\\\/www.eldiario.net\\\/portal\\\/wp-content\\\/uploads\\\/2023\\\/12\\\/Opinion.jpg\",\"width\":800,\"height\":500},{\"@type\":\"BreadcrumbList\",\"@id\":\"https:\\\/\\\/www.eldiario.net\\\/portal\\\/2024\\\/06\\\/14\\\/adios-al-tren-electrico\\\/#breadcrumb\",\"itemListElement\":[{\"@type\":\"ListItem\",\"position\":1,\"name\":\"Portada\",\"item\":\"https:\\\/\\\/www.eldiario.net\\\/portal\\\/\"},{\"@type\":\"ListItem\",\"position\":2,\"name\":\"Adi\u00f3s al Tren El\u00e9ctrico\"}]},{\"@type\":\"WebSite\",\"@id\":\"https:\\\/\\\/www.eldiario.net\\\/portal\\\/#website\",\"url\":\"https:\\\/\\\/www.eldiario.net\\\/portal\\\/\",\"name\":\"El Diario - Decano de la prensa nacional\",\"description\":\"El Diario - Decano de la prensa nacional\",\"publisher\":{\"@id\":\"https:\\\/\\\/www.eldiario.net\\\/portal\\\/#organization\"},\"potentialAction\":[{\"@type\":\"SearchAction\",\"target\":{\"@type\":\"EntryPoint\",\"urlTemplate\":\"https:\\\/\\\/www.eldiario.net\\\/portal\\\/?s={search_term_string}\"},\"query-input\":{\"@type\":\"PropertyValueSpecification\",\"valueRequired\":true,\"valueName\":\"search_term_string\"}}],\"inLanguage\":\"es\"},{\"@type\":\"Organization\",\"@id\":\"https:\\\/\\\/www.eldiario.net\\\/portal\\\/#organization\",\"name\":\"El Diario - Decano de la prensa nacional\",\"url\":\"https:\\\/\\\/www.eldiario.net\\\/portal\\\/\",\"logo\":{\"@type\":\"ImageObject\",\"inLanguage\":\"es\",\"@id\":\"https:\\\/\\\/www.eldiario.net\\\/portal\\\/#\\\/schema\\\/logo\\\/image\\\/\",\"url\":\"https:\\\/\\\/www.eldiario.net\\\/portal\\\/wp-content\\\/uploads\\\/2023\\\/07\\\/logo_ED.jpg\",\"contentUrl\":\"https:\\\/\\\/www.eldiario.net\\\/portal\\\/wp-content\\\/uploads\\\/2023\\\/07\\\/logo_ED.jpg\",\"width\":272,\"height\":52,\"caption\":\"El Diario - Decano de la prensa nacional\"},\"image\":{\"@id\":\"https:\\\/\\\/www.eldiario.net\\\/portal\\\/#\\\/schema\\\/logo\\\/image\\\/\"},\"sameAs\":[\"https:\\\/\\\/www.facebook.com\\\/eldiario.bolivia\\\/\",\"https:\\\/\\\/x.com\\\/eldiario_net\"]},{\"@type\":\"Person\",\"@id\":\"https:\\\/\\\/www.eldiario.net\\\/portal\\\/#\\\/schema\\\/person\\\/f46445640444750d7d753ccd04ae01b7\",\"name\":\"Jeanette\",\"image\":{\"@type\":\"ImageObject\",\"inLanguage\":\"es\",\"@id\":\"https:\\\/\\\/secure.gravatar.com\\\/avatar\\\/3ea2118a5f7dad2b7138b1187a6b7ee55f160b9968b66013c3a3ef39dd7e5798?s=96&d=mm&r=g\",\"url\":\"https:\\\/\\\/secure.gravatar.com\\\/avatar\\\/3ea2118a5f7dad2b7138b1187a6b7ee55f160b9968b66013c3a3ef39dd7e5798?s=96&d=mm&r=g\",\"contentUrl\":\"https:\\\/\\\/secure.gravatar.com\\\/avatar\\\/3ea2118a5f7dad2b7138b1187a6b7ee55f160b9968b66013c3a3ef39dd7e5798?s=96&d=mm&r=g\",\"caption\":\"Jeanette\"},\"sameAs\":[\"https:\\\/\\\/www.eldiario.net\\\/portal\"],\"url\":\"https:\\\/\\\/www.eldiario.net\\\/portal\\\/author\\\/jeanette\\\/\"}]}<\/script>\n<!-- \/ Yoast SEO plugin. -->","yoast_head_json":{"title":"Adi\u00f3s al Tren El\u00e9ctrico - El Diario - Bolivia","robots":{"index":"index","follow":"follow","max-snippet":"max-snippet:-1","max-image-preview":"max-image-preview:large","max-video-preview":"max-video-preview:-1"},"canonical":"https:\/\/www.eldiario.net\/portal\/2024\/06\/14\/adios-al-tren-electrico\/","og_locale":"es_ES","og_type":"article","og_title":"Adi\u00f3s al Tren El\u00e9ctrico - El Diario - Bolivia","og_description":"I Desde hace tiempo, en notas publicadas en EL DIARIO hemos insistido para que en la Avenida Zabaleta se construya un danz\u00f3dromo, donde se desarrollen los bailes del Gran Poder, la Entrada Universitaria, y cuanta manifestaci\u00f3n folkl\u00f3rica se da en esta \u201cciudad maravilla\u201d de La Paz, que le dan m\u00e1s bien un tinte pueblerino, cuando [&hellip;]","og_url":"https:\/\/www.eldiario.net\/portal\/2024\/06\/14\/adios-al-tren-electrico\/","og_site_name":"El Diario - Bolivia","article_publisher":"https:\/\/www.facebook.com\/eldiario.bolivia\/","article_published_time":"2024-06-14T10:25:01+00:00","og_image":[{"width":800,"height":500,"url":"https:\/\/www.eldiario.net\/portal\/wp-content\/uploads\/2023\/12\/Opinion.jpg","type":"image\/jpeg"}],"author":"Jeanette","twitter_card":"summary_large_image","twitter_creator":"@eldiario_net","twitter_site":"@eldiario_net","twitter_misc":{"Escrito por":"Jeanette","Tiempo de lectura":"3 minutos"},"schema":{"@context":"https:\/\/schema.org","@graph":[{"@type":"Article","@id":"https:\/\/www.eldiario.net\/portal\/2024\/06\/14\/adios-al-tren-electrico\/#article","isPartOf":{"@id":"https:\/\/www.eldiario.net\/portal\/2024\/06\/14\/adios-al-tren-electrico\/"},"author":{"name":"Jeanette","@id":"https:\/\/www.eldiario.net\/portal\/#\/schema\/person\/f46445640444750d7d753ccd04ae01b7"},"headline":"Adi\u00f3s al Tren El\u00e9ctrico","datePublished":"2024-06-14T10:25:01+00:00","mainEntityOfPage":{"@id":"https:\/\/www.eldiario.net\/portal\/2024\/06\/14\/adios-al-tren-electrico\/"},"wordCount":639,"commentCount":0,"publisher":{"@id":"https:\/\/www.eldiario.net\/portal\/#organization"},"image":{"@id":"https:\/\/www.eldiario.net\/portal\/2024\/06\/14\/adios-al-tren-electrico\/#primaryimage"},"thumbnailUrl":"https:\/\/www.eldiario.net\/portal\/wp-content\/uploads\/2023\/12\/Opinion.jpg","articleSection":["Opini\u00f3n"],"inLanguage":"es","potentialAction":[{"@type":"CommentAction","name":"Comment","target":["https:\/\/www.eldiario.net\/portal\/2024\/06\/14\/adios-al-tren-electrico\/#respond"]}]},{"@type":"WebPage","@id":"https:\/\/www.eldiario.net\/portal\/2024\/06\/14\/adios-al-tren-electrico\/","url":"https:\/\/www.eldiario.net\/portal\/2024\/06\/14\/adios-al-tren-electrico\/","name":"Adi\u00f3s al Tren El\u00e9ctrico - El Diario - Bolivia","isPartOf":{"@id":"https:\/\/www.eldiario.net\/portal\/#website"},"primaryImageOfPage":{"@id":"https:\/\/www.eldiario.net\/portal\/2024\/06\/14\/adios-al-tren-electrico\/#primaryimage"},"image":{"@id":"https:\/\/www.eldiario.net\/portal\/2024\/06\/14\/adios-al-tren-electrico\/#primaryimage"},"thumbnailUrl":"https:\/\/www.eldiario.net\/portal\/wp-content\/uploads\/2023\/12\/Opinion.jpg","datePublished":"2024-06-14T10:25:01+00:00","breadcrumb":{"@id":"https:\/\/www.eldiario.net\/portal\/2024\/06\/14\/adios-al-tren-electrico\/#breadcrumb"},"inLanguage":"es","potentialAction":[{"@type":"ReadAction","target":["https:\/\/www.eldiario.net\/portal\/2024\/06\/14\/adios-al-tren-electrico\/"]}]},{"@type":"ImageObject","inLanguage":"es","@id":"https:\/\/www.eldiario.net\/portal\/2024\/06\/14\/adios-al-tren-electrico\/#primaryimage","url":"https:\/\/www.eldiario.net\/portal\/wp-content\/uploads\/2023\/12\/Opinion.jpg","contentUrl":"https:\/\/www.eldiario.net\/portal\/wp-content\/uploads\/2023\/12\/Opinion.jpg","width":800,"height":500},{"@type":"BreadcrumbList","@id":"https:\/\/www.eldiario.net\/portal\/2024\/06\/14\/adios-al-tren-electrico\/#breadcrumb","itemListElement":[{"@type":"ListItem","position":1,"name":"Portada","item":"https:\/\/www.eldiario.net\/portal\/"},{"@type":"ListItem","position":2,"name":"Adi\u00f3s al Tren El\u00e9ctrico"}]},{"@type":"WebSite","@id":"https:\/\/www.eldiario.net\/portal\/#website","url":"https:\/\/www.eldiario.net\/portal\/","name":"El Diario - Decano de la prensa nacional","description":"El Diario - Decano de la prensa nacional","publisher":{"@id":"https:\/\/www.eldiario.net\/portal\/#organization"},"potentialAction":[{"@type":"SearchAction","target":{"@type":"EntryPoint","urlTemplate":"https:\/\/www.eldiario.net\/portal\/?s={search_term_string}"},"query-input":{"@type":"PropertyValueSpecification","valueRequired":true,"valueName":"search_term_string"}}],"inLanguage":"es"},{"@type":"Organization","@id":"https:\/\/www.eldiario.net\/portal\/#organization","name":"El Diario - Decano de la prensa nacional","url":"https:\/\/www.eldiario.net\/portal\/","logo":{"@type":"ImageObject","inLanguage":"es","@id":"https:\/\/www.eldiario.net\/portal\/#\/schema\/logo\/image\/","url":"https:\/\/www.eldiario.net\/portal\/wp-content\/uploads\/2023\/07\/logo_ED.jpg","contentUrl":"https:\/\/www.eldiario.net\/portal\/wp-content\/uploads\/2023\/07\/logo_ED.jpg","width":272,"height":52,"caption":"El Diario - Decano de la prensa nacional"},"image":{"@id":"https:\/\/www.eldiario.net\/portal\/#\/schema\/logo\/image\/"},"sameAs":["https:\/\/www.facebook.com\/eldiario.bolivia\/","https:\/\/x.com\/eldiario_net"]},{"@type":"Person","@id":"https:\/\/www.eldiario.net\/portal\/#\/schema\/person\/f46445640444750d7d753ccd04ae01b7","name":"Jeanette","image":{"@type":"ImageObject","inLanguage":"es","@id":"https:\/\/secure.gravatar.com\/avatar\/3ea2118a5f7dad2b7138b1187a6b7ee55f160b9968b66013c3a3ef39dd7e5798?s=96&d=mm&r=g","url":"https:\/\/secure.gravatar.com\/avatar\/3ea2118a5f7dad2b7138b1187a6b7ee55f160b9968b66013c3a3ef39dd7e5798?s=96&d=mm&r=g","contentUrl":"https:\/\/secure.gravatar.com\/avatar\/3ea2118a5f7dad2b7138b1187a6b7ee55f160b9968b66013c3a3ef39dd7e5798?s=96&d=mm&r=g","caption":"Jeanette"},"sameAs":["https:\/\/www.eldiario.net\/portal"],"url":"https:\/\/www.eldiario.net\/portal\/author\/jeanette\/"}]}},"_links":{"self":[{"href":"https:\/\/www.eldiario.net\/portal\/wp-json\/wp\/v2\/posts\/227128","targetHints":{"allow":["GET"]}}],"collection":[{"href":"https:\/\/www.eldiario.net\/portal\/wp-json\/wp\/v2\/posts"}],"about":[{"href":"https:\/\/www.eldiario.net\/portal\/wp-json\/wp\/v2\/types\/post"}],"author":[{"embeddable":true,"href":"https:\/\/www.eldiario.net\/portal\/wp-json\/wp\/v2\/users\/1"}],"replies":[{"embeddable":true,"href":"https:\/\/www.eldiario.net\/portal\/wp-json\/wp\/v2\/comments?post=227128"}],"version-history":[{"count":1,"href":"https:\/\/www.eldiario.net\/portal\/wp-json\/wp\/v2\/posts\/227128\/revisions"}],"predecessor-version":[{"id":227129,"href":"https:\/\/www.eldiario.net\/portal\/wp-json\/wp\/v2\/posts\/227128\/revisions\/227129"}],"wp:featuredmedia":[{"embeddable":true,"href":"https:\/\/www.eldiario.net\/portal\/wp-json\/wp\/v2\/media\/194790"}],"wp:attachment":[{"href":"https:\/\/www.eldiario.net\/portal\/wp-json\/wp\/v2\/media?parent=227128"}],"wp:term":[{"taxonomy":"category","embeddable":true,"href":"https:\/\/www.eldiario.net\/portal\/wp-json\/wp\/v2\/categories?post=227128"},{"taxonomy":"post_tag","embeddable":true,"href":"https:\/\/www.eldiario.net\/portal\/wp-json\/wp\/v2\/tags?post=227128"}],"curies":[{"name":"wp","href":"https:\/\/api.w.org\/{rel}","templated":true}]}}