{"id":227126,"date":"2024-06-14T06:24:07","date_gmt":"2024-06-14T10:24:07","guid":{"rendered":"https:\/\/www.eldiario.net\/portal\/?p=227126"},"modified":"2024-06-14T06:24:07","modified_gmt":"2024-06-14T10:24:07","slug":"raza-o-poder-2","status":"publish","type":"post","link":"https:\/\/www.eldiario.net\/portal\/2024\/06\/14\/raza-o-poder-2\/","title":{"rendered":"\u00bfRaza o poder?"},"content":{"rendered":"<p>Del Alto Per\u00fa netamente ind\u00edgena y luego de la Bolivia independiente surgi\u00f3 con el transcurrir del tiempo una naci\u00f3n cada vez m\u00e1s mestiza, con algunas ciudades donde exist\u00eda un importante patronazgo criollo, de estirpe hispana, que fue el dominante. Sin estad\u00edsticas a la mano, se podr\u00e1 estimar que, a comienzos del siglo pasado la mitad de la poblaci\u00f3n o hasta un 60% era ind\u00edgena y el resto mestiza, con un 10% de blancos que rondar\u00edan en algo m\u00e1s de 100 mil habitantes. Bolivia era entonces una naci\u00f3n ind\u00edgena como hoy es mayoritariamente mestiza. Los indios, agricultores por lo general, abandonaron el campo y se fueron incorporando a las ciudades a lo largo del Siglo XX, debido a su pobreza secular y al desenga\u00f1o en que los sumi\u00f3 la Revoluci\u00f3n Nacional, que presuntamente los liberar\u00eda. El mestizaje evolucion\u00f3 tanto entonces, que hoy, es, sin lugar a dudas y con ventaja, la mayor poblaci\u00f3n boliviana. Los campos han quedado despoblados y las ciudades han crecido y el ejemplo m\u00e1s claro est\u00e1 en El Alto de La Paz. Ante el lento desarrollo de un pa\u00eds que se debat\u00eda en permanentes crisis pol\u00edticas a comienzos de los 90, que iniciaba un lento y sufrido retorno a la democracia, empe\u00f1ado en pagar sus deudas y con precios bajos de sus materias primas, surgieron Evo Morales y el Movimiento al Socialismo (MAS), deplorando contra unos presuntos gobiernos sectarios, excluyentes, que solo se entend\u00edan entre blancoides, y que ignoraban a los ind\u00edgenas, que eran m\u00e1s del 80% de la poblaci\u00f3n. Eso era una mentira, pero una buena carta para hacer pol\u00edtica. De ese 80% a que se refer\u00eda Morales ya no exist\u00edan m\u00e1s un 30% de ind\u00edgenas y el resto eran mestizos. Porque, efectivamente, la mitad o m\u00e1s de la poblaci\u00f3n boliviana es mestiza, en los Andes, los valles y la llanura.<br \/>\nGarc\u00eda Linera fue el ide\u00f3logo elocuente y fantasioso lanzado a transformar a Bolivia en un Estado ind\u00edgena que, como condici\u00f3n, estuviera presidido por un indio. Y antes David Choquehuanca ya ven\u00eda siendo el nebuloso y misterioso hechicero del \u201caimarismo\u201d profundo, un folcl\u00f3rico nigromante que, con pretensiones de augur romano, deploraba a los \u201ckaras\u201d y vaticinaba (vaticina a\u00fan) un futuro promisorio para Bolivia junto a la Madre Tierra y al Dios Sol. Al \u00fanico que no le interesaban \u201cper se\u201d los indios, ni los mestizos, ni los cholos, ni los \u201ckaras\u201d blancuzcos, era a Evo Morales, que no ten\u00eda la mirada puesta en el color de la piel de nadie, sino el olfato en el olor de la banda presidencial. Claro que para eso necesitaba un discurso conmovedor, que emocionara, que convenciera, que se alejara de la err\u00e1tica y empobrecida \u201cdemocracia pactada\u201d y no hab\u00eda otro que el drama del infeliz indio despreciado por el blanco, humillado y excluido por inhumanos forasteros en su propia tierra originaria. Como ejemplo del abuso de los extranjeros y de los descendientes de los conquistadores espa\u00f1oles, se pon\u00eda \u00e9l mismo para que nadie dudara, contando tristes historias, falsas o ciertas, que enternec\u00edan fuera y dentro de Bolivia. El discurso ind\u00edgena peg\u00f3 inmediatamente porque era atrevido, propon\u00eda un cambio, y se lo notaba sincero.<br \/>\nEn su segundo intento electoral el 2005, Morales gan\u00f3 las elecciones presidenciales y comenz\u00f3 a realizar cambios con una nueva visi\u00f3n de pa\u00eds que sorprendi\u00f3 a muchos y que cont\u00f3 con gran apoyo popular. En febrero del 2009 se promulg\u00f3 la nueva Constituci\u00f3n y vino la refundaci\u00f3n de Bolivia que conform\u00f3 el Estado Plurinacional, inspirado en la revoluci\u00f3n democr\u00e1tica y cultural, el socialismo comunitario, y una serie de nuevas normas entre las que se dispon\u00eda un mandato por cinco a\u00f1os con una reelecci\u00f3n por \u00fanica vez de manera continua y con la novedad de la segunda vuelta en caso de que el candidato ganador no obtuviera el 50% m\u00e1s uno en el primer escrutinio.<br \/>\nLas etnias le interesaron a Morales solo como la gran fachada de su Estado Plurinacional, aunque lo que concentr\u00f3 m\u00e1s su preocupaci\u00f3n fue el amor por el mando. Ya no importaba la Pachamama (eso se lo dejaba a Choquehuanca) sino la permanencia, primero en el viejo palacio y luego en el edificio fara\u00f3nico. Cinco veces fue candidato, burlando tramposamente la Constituci\u00f3n y un refer\u00e9ndum que no se lo permit\u00edan y hoy tiene a la naci\u00f3n en vilo porque exige que se le acepten terciar en una sexta candidatura.<br \/>\nMorales va a continuar en su empe\u00f1o de retomar el poder para ajustar cuentas con sus compa\u00f1eros que lo abandonaron, pero, sobre todo, para sentir su dominio sobre el pa\u00eds. Su ansia de se\u00f1or\u00edo, de superioridad, es tal, que est\u00e1 dispuesto a provocar una cat\u00e1strofe para que le den campo en la candidatura y hasta amenazar la estabilidad de la gesti\u00f3n del presidente Arce si es necesario.<br \/>\nA Morales no le interesa la raza india, su sobrevivencia, y desconoce ol\u00edmpicamente a los mestizos. Su \u00fanica devoci\u00f3n es el retorno al poder, porque cree que es el lugar que le corresponde.<\/p>\n","protected":false},"excerpt":{"rendered":"<p>Del Alto Per\u00fa netamente ind\u00edgena y luego de la Bolivia independiente surgi\u00f3 con el transcurrir del tiempo una naci\u00f3n cada vez m\u00e1s mestiza, con algunas ciudades donde exist\u00eda un importante patronazgo criollo, de estirpe hispana, que fue el dominante. Sin estad\u00edsticas a la mano, se podr\u00e1 estimar que, a comienzos del siglo pasado la mitad [&hellip;]<\/p>\n","protected":false},"author":1,"featured_media":157472,"comment_status":"open","ping_status":"open","sticky":false,"template":"","format":"standard","meta":{"_acf_changed":false,"footnotes":""},"categories":[9],"tags":[],"class_list":["post-227126","post","type-post","status-publish","format-standard","has-post-thumbnail","category-opinion"],"acf":{"antetitulo":""},"yoast_head":"<!-- This site is optimized with the Yoast SEO plugin v28.4 - https:\/\/yoast.com\/product\/yoast-seo-wordpress\/ -->\n<title>\u00bfRaza o poder? - El Diario - Bolivia<\/title>\n<meta name=\"robots\" content=\"index, follow, max-snippet:-1, max-image-preview:large, max-video-preview:-1\" \/>\n<link rel=\"canonical\" href=\"https:\/\/www.eldiario.net\/portal\/2024\/06\/14\/raza-o-poder-2\/\" \/>\n<meta property=\"og:locale\" content=\"es_ES\" \/>\n<meta property=\"og:type\" content=\"article\" \/>\n<meta property=\"og:title\" content=\"\u00bfRaza o poder? - El Diario - Bolivia\" \/>\n<meta property=\"og:description\" content=\"Del Alto Per\u00fa netamente ind\u00edgena y luego de la Bolivia independiente surgi\u00f3 con el transcurrir del tiempo una naci\u00f3n cada vez m\u00e1s mestiza, con algunas ciudades donde exist\u00eda un importante patronazgo criollo, de estirpe hispana, que fue el dominante. Sin estad\u00edsticas a la mano, se podr\u00e1 estimar que, a comienzos del siglo pasado la mitad [&hellip;]\" \/>\n<meta property=\"og:url\" content=\"https:\/\/www.eldiario.net\/portal\/2024\/06\/14\/raza-o-poder-2\/\" \/>\n<meta property=\"og:site_name\" content=\"El Diario - Bolivia\" \/>\n<meta property=\"article:publisher\" content=\"https:\/\/www.facebook.com\/eldiario.bolivia\/\" \/>\n<meta property=\"article:published_time\" content=\"2024-06-14T10:24:07+00:00\" \/>\n<meta property=\"og:image\" content=\"https:\/\/www.eldiario.net\/portal\/wp-content\/uploads\/2023\/06\/Manfredo-Kempff-Suarez.jpg\" \/>\n\t<meta property=\"og:image:width\" content=\"1200\" \/>\n\t<meta property=\"og:image:height\" content=\"628\" \/>\n\t<meta property=\"og:image:type\" content=\"image\/jpeg\" \/>\n<meta name=\"author\" content=\"Jeanette\" \/>\n<meta name=\"twitter:card\" content=\"summary_large_image\" \/>\n<meta name=\"twitter:creator\" content=\"@eldiario_net\" \/>\n<meta name=\"twitter:site\" content=\"@eldiario_net\" \/>\n<meta name=\"twitter:label1\" content=\"Escrito por\" \/>\n\t<meta name=\"twitter:data1\" content=\"Jeanette\" \/>\n\t<meta name=\"twitter:label2\" content=\"Tiempo de lectura\" \/>\n\t<meta name=\"twitter:data2\" content=\"4 minutos\" \/>\n<script type=\"application\/ld+json\" class=\"yoast-schema-graph\">{\"@context\":\"https:\\\/\\\/schema.org\",\"@graph\":[{\"@type\":\"Article\",\"@id\":\"https:\\\/\\\/www.eldiario.net\\\/portal\\\/2024\\\/06\\\/14\\\/raza-o-poder-2\\\/#article\",\"isPartOf\":{\"@id\":\"https:\\\/\\\/www.eldiario.net\\\/portal\\\/2024\\\/06\\\/14\\\/raza-o-poder-2\\\/\"},\"author\":{\"name\":\"Jeanette\",\"@id\":\"https:\\\/\\\/www.eldiario.net\\\/portal\\\/#\\\/schema\\\/person\\\/f46445640444750d7d753ccd04ae01b7\"},\"headline\":\"\u00bfRaza o poder?\",\"datePublished\":\"2024-06-14T10:24:07+00:00\",\"mainEntityOfPage\":{\"@id\":\"https:\\\/\\\/www.eldiario.net\\\/portal\\\/2024\\\/06\\\/14\\\/raza-o-poder-2\\\/\"},\"wordCount\":890,\"commentCount\":0,\"publisher\":{\"@id\":\"https:\\\/\\\/www.eldiario.net\\\/portal\\\/#organization\"},\"image\":{\"@id\":\"https:\\\/\\\/www.eldiario.net\\\/portal\\\/2024\\\/06\\\/14\\\/raza-o-poder-2\\\/#primaryimage\"},\"thumbnailUrl\":\"https:\\\/\\\/www.eldiario.net\\\/portal\\\/wp-content\\\/uploads\\\/2023\\\/06\\\/Manfredo-Kempff-Suarez.jpg\",\"articleSection\":[\"Opini\u00f3n\"],\"inLanguage\":\"es\",\"potentialAction\":[{\"@type\":\"CommentAction\",\"name\":\"Comment\",\"target\":[\"https:\\\/\\\/www.eldiario.net\\\/portal\\\/2024\\\/06\\\/14\\\/raza-o-poder-2\\\/#respond\"]}]},{\"@type\":\"WebPage\",\"@id\":\"https:\\\/\\\/www.eldiario.net\\\/portal\\\/2024\\\/06\\\/14\\\/raza-o-poder-2\\\/\",\"url\":\"https:\\\/\\\/www.eldiario.net\\\/portal\\\/2024\\\/06\\\/14\\\/raza-o-poder-2\\\/\",\"name\":\"\u00bfRaza o poder? - El Diario - Bolivia\",\"isPartOf\":{\"@id\":\"https:\\\/\\\/www.eldiario.net\\\/portal\\\/#website\"},\"primaryImageOfPage\":{\"@id\":\"https:\\\/\\\/www.eldiario.net\\\/portal\\\/2024\\\/06\\\/14\\\/raza-o-poder-2\\\/#primaryimage\"},\"image\":{\"@id\":\"https:\\\/\\\/www.eldiario.net\\\/portal\\\/2024\\\/06\\\/14\\\/raza-o-poder-2\\\/#primaryimage\"},\"thumbnailUrl\":\"https:\\\/\\\/www.eldiario.net\\\/portal\\\/wp-content\\\/uploads\\\/2023\\\/06\\\/Manfredo-Kempff-Suarez.jpg\",\"datePublished\":\"2024-06-14T10:24:07+00:00\",\"breadcrumb\":{\"@id\":\"https:\\\/\\\/www.eldiario.net\\\/portal\\\/2024\\\/06\\\/14\\\/raza-o-poder-2\\\/#breadcrumb\"},\"inLanguage\":\"es\",\"potentialAction\":[{\"@type\":\"ReadAction\",\"target\":[\"https:\\\/\\\/www.eldiario.net\\\/portal\\\/2024\\\/06\\\/14\\\/raza-o-poder-2\\\/\"]}]},{\"@type\":\"ImageObject\",\"inLanguage\":\"es\",\"@id\":\"https:\\\/\\\/www.eldiario.net\\\/portal\\\/2024\\\/06\\\/14\\\/raza-o-poder-2\\\/#primaryimage\",\"url\":\"https:\\\/\\\/www.eldiario.net\\\/portal\\\/wp-content\\\/uploads\\\/2023\\\/06\\\/Manfredo-Kempff-Suarez.jpg\",\"contentUrl\":\"https:\\\/\\\/www.eldiario.net\\\/portal\\\/wp-content\\\/uploads\\\/2023\\\/06\\\/Manfredo-Kempff-Suarez.jpg\",\"width\":1200,\"height\":628},{\"@type\":\"BreadcrumbList\",\"@id\":\"https:\\\/\\\/www.eldiario.net\\\/portal\\\/2024\\\/06\\\/14\\\/raza-o-poder-2\\\/#breadcrumb\",\"itemListElement\":[{\"@type\":\"ListItem\",\"position\":1,\"name\":\"Portada\",\"item\":\"https:\\\/\\\/www.eldiario.net\\\/portal\\\/\"},{\"@type\":\"ListItem\",\"position\":2,\"name\":\"\u00bfRaza o poder?\"}]},{\"@type\":\"WebSite\",\"@id\":\"https:\\\/\\\/www.eldiario.net\\\/portal\\\/#website\",\"url\":\"https:\\\/\\\/www.eldiario.net\\\/portal\\\/\",\"name\":\"El Diario - Decano de la prensa nacional\",\"description\":\"El Diario - Decano de la prensa nacional\",\"publisher\":{\"@id\":\"https:\\\/\\\/www.eldiario.net\\\/portal\\\/#organization\"},\"potentialAction\":[{\"@type\":\"SearchAction\",\"target\":{\"@type\":\"EntryPoint\",\"urlTemplate\":\"https:\\\/\\\/www.eldiario.net\\\/portal\\\/?s={search_term_string}\"},\"query-input\":{\"@type\":\"PropertyValueSpecification\",\"valueRequired\":true,\"valueName\":\"search_term_string\"}}],\"inLanguage\":\"es\"},{\"@type\":\"Organization\",\"@id\":\"https:\\\/\\\/www.eldiario.net\\\/portal\\\/#organization\",\"name\":\"El Diario - Decano de la prensa nacional\",\"url\":\"https:\\\/\\\/www.eldiario.net\\\/portal\\\/\",\"logo\":{\"@type\":\"ImageObject\",\"inLanguage\":\"es\",\"@id\":\"https:\\\/\\\/www.eldiario.net\\\/portal\\\/#\\\/schema\\\/logo\\\/image\\\/\",\"url\":\"https:\\\/\\\/www.eldiario.net\\\/portal\\\/wp-content\\\/uploads\\\/2023\\\/07\\\/logo_ED.jpg\",\"contentUrl\":\"https:\\\/\\\/www.eldiario.net\\\/portal\\\/wp-content\\\/uploads\\\/2023\\\/07\\\/logo_ED.jpg\",\"width\":272,\"height\":52,\"caption\":\"El Diario - Decano de la prensa nacional\"},\"image\":{\"@id\":\"https:\\\/\\\/www.eldiario.net\\\/portal\\\/#\\\/schema\\\/logo\\\/image\\\/\"},\"sameAs\":[\"https:\\\/\\\/www.facebook.com\\\/eldiario.bolivia\\\/\",\"https:\\\/\\\/x.com\\\/eldiario_net\"]},{\"@type\":\"Person\",\"@id\":\"https:\\\/\\\/www.eldiario.net\\\/portal\\\/#\\\/schema\\\/person\\\/f46445640444750d7d753ccd04ae01b7\",\"name\":\"Jeanette\",\"image\":{\"@type\":\"ImageObject\",\"inLanguage\":\"es\",\"@id\":\"https:\\\/\\\/secure.gravatar.com\\\/avatar\\\/3ea2118a5f7dad2b7138b1187a6b7ee55f160b9968b66013c3a3ef39dd7e5798?s=96&d=mm&r=g\",\"url\":\"https:\\\/\\\/secure.gravatar.com\\\/avatar\\\/3ea2118a5f7dad2b7138b1187a6b7ee55f160b9968b66013c3a3ef39dd7e5798?s=96&d=mm&r=g\",\"contentUrl\":\"https:\\\/\\\/secure.gravatar.com\\\/avatar\\\/3ea2118a5f7dad2b7138b1187a6b7ee55f160b9968b66013c3a3ef39dd7e5798?s=96&d=mm&r=g\",\"caption\":\"Jeanette\"},\"sameAs\":[\"https:\\\/\\\/www.eldiario.net\\\/portal\"],\"url\":\"https:\\\/\\\/www.eldiario.net\\\/portal\\\/author\\\/jeanette\\\/\"}]}<\/script>\n<!-- \/ Yoast SEO plugin. -->","yoast_head_json":{"title":"\u00bfRaza o poder? - El Diario - Bolivia","robots":{"index":"index","follow":"follow","max-snippet":"max-snippet:-1","max-image-preview":"max-image-preview:large","max-video-preview":"max-video-preview:-1"},"canonical":"https:\/\/www.eldiario.net\/portal\/2024\/06\/14\/raza-o-poder-2\/","og_locale":"es_ES","og_type":"article","og_title":"\u00bfRaza o poder? - El Diario - Bolivia","og_description":"Del Alto Per\u00fa netamente ind\u00edgena y luego de la Bolivia independiente surgi\u00f3 con el transcurrir del tiempo una naci\u00f3n cada vez m\u00e1s mestiza, con algunas ciudades donde exist\u00eda un importante patronazgo criollo, de estirpe hispana, que fue el dominante. Sin estad\u00edsticas a la mano, se podr\u00e1 estimar que, a comienzos del siglo pasado la mitad [&hellip;]","og_url":"https:\/\/www.eldiario.net\/portal\/2024\/06\/14\/raza-o-poder-2\/","og_site_name":"El Diario - Bolivia","article_publisher":"https:\/\/www.facebook.com\/eldiario.bolivia\/","article_published_time":"2024-06-14T10:24:07+00:00","og_image":[{"width":1200,"height":628,"url":"https:\/\/www.eldiario.net\/portal\/wp-content\/uploads\/2023\/06\/Manfredo-Kempff-Suarez.jpg","type":"image\/jpeg"}],"author":"Jeanette","twitter_card":"summary_large_image","twitter_creator":"@eldiario_net","twitter_site":"@eldiario_net","twitter_misc":{"Escrito por":"Jeanette","Tiempo de lectura":"4 minutos"},"schema":{"@context":"https:\/\/schema.org","@graph":[{"@type":"Article","@id":"https:\/\/www.eldiario.net\/portal\/2024\/06\/14\/raza-o-poder-2\/#article","isPartOf":{"@id":"https:\/\/www.eldiario.net\/portal\/2024\/06\/14\/raza-o-poder-2\/"},"author":{"name":"Jeanette","@id":"https:\/\/www.eldiario.net\/portal\/#\/schema\/person\/f46445640444750d7d753ccd04ae01b7"},"headline":"\u00bfRaza o poder?","datePublished":"2024-06-14T10:24:07+00:00","mainEntityOfPage":{"@id":"https:\/\/www.eldiario.net\/portal\/2024\/06\/14\/raza-o-poder-2\/"},"wordCount":890,"commentCount":0,"publisher":{"@id":"https:\/\/www.eldiario.net\/portal\/#organization"},"image":{"@id":"https:\/\/www.eldiario.net\/portal\/2024\/06\/14\/raza-o-poder-2\/#primaryimage"},"thumbnailUrl":"https:\/\/www.eldiario.net\/portal\/wp-content\/uploads\/2023\/06\/Manfredo-Kempff-Suarez.jpg","articleSection":["Opini\u00f3n"],"inLanguage":"es","potentialAction":[{"@type":"CommentAction","name":"Comment","target":["https:\/\/www.eldiario.net\/portal\/2024\/06\/14\/raza-o-poder-2\/#respond"]}]},{"@type":"WebPage","@id":"https:\/\/www.eldiario.net\/portal\/2024\/06\/14\/raza-o-poder-2\/","url":"https:\/\/www.eldiario.net\/portal\/2024\/06\/14\/raza-o-poder-2\/","name":"\u00bfRaza o poder? - El Diario - Bolivia","isPartOf":{"@id":"https:\/\/www.eldiario.net\/portal\/#website"},"primaryImageOfPage":{"@id":"https:\/\/www.eldiario.net\/portal\/2024\/06\/14\/raza-o-poder-2\/#primaryimage"},"image":{"@id":"https:\/\/www.eldiario.net\/portal\/2024\/06\/14\/raza-o-poder-2\/#primaryimage"},"thumbnailUrl":"https:\/\/www.eldiario.net\/portal\/wp-content\/uploads\/2023\/06\/Manfredo-Kempff-Suarez.jpg","datePublished":"2024-06-14T10:24:07+00:00","breadcrumb":{"@id":"https:\/\/www.eldiario.net\/portal\/2024\/06\/14\/raza-o-poder-2\/#breadcrumb"},"inLanguage":"es","potentialAction":[{"@type":"ReadAction","target":["https:\/\/www.eldiario.net\/portal\/2024\/06\/14\/raza-o-poder-2\/"]}]},{"@type":"ImageObject","inLanguage":"es","@id":"https:\/\/www.eldiario.net\/portal\/2024\/06\/14\/raza-o-poder-2\/#primaryimage","url":"https:\/\/www.eldiario.net\/portal\/wp-content\/uploads\/2023\/06\/Manfredo-Kempff-Suarez.jpg","contentUrl":"https:\/\/www.eldiario.net\/portal\/wp-content\/uploads\/2023\/06\/Manfredo-Kempff-Suarez.jpg","width":1200,"height":628},{"@type":"BreadcrumbList","@id":"https:\/\/www.eldiario.net\/portal\/2024\/06\/14\/raza-o-poder-2\/#breadcrumb","itemListElement":[{"@type":"ListItem","position":1,"name":"Portada","item":"https:\/\/www.eldiario.net\/portal\/"},{"@type":"ListItem","position":2,"name":"\u00bfRaza o poder?"}]},{"@type":"WebSite","@id":"https:\/\/www.eldiario.net\/portal\/#website","url":"https:\/\/www.eldiario.net\/portal\/","name":"El Diario - Decano de la prensa nacional","description":"El Diario - Decano de la prensa nacional","publisher":{"@id":"https:\/\/www.eldiario.net\/portal\/#organization"},"potentialAction":[{"@type":"SearchAction","target":{"@type":"EntryPoint","urlTemplate":"https:\/\/www.eldiario.net\/portal\/?s={search_term_string}"},"query-input":{"@type":"PropertyValueSpecification","valueRequired":true,"valueName":"search_term_string"}}],"inLanguage":"es"},{"@type":"Organization","@id":"https:\/\/www.eldiario.net\/portal\/#organization","name":"El Diario - Decano de la prensa nacional","url":"https:\/\/www.eldiario.net\/portal\/","logo":{"@type":"ImageObject","inLanguage":"es","@id":"https:\/\/www.eldiario.net\/portal\/#\/schema\/logo\/image\/","url":"https:\/\/www.eldiario.net\/portal\/wp-content\/uploads\/2023\/07\/logo_ED.jpg","contentUrl":"https:\/\/www.eldiario.net\/portal\/wp-content\/uploads\/2023\/07\/logo_ED.jpg","width":272,"height":52,"caption":"El Diario - Decano de la prensa nacional"},"image":{"@id":"https:\/\/www.eldiario.net\/portal\/#\/schema\/logo\/image\/"},"sameAs":["https:\/\/www.facebook.com\/eldiario.bolivia\/","https:\/\/x.com\/eldiario_net"]},{"@type":"Person","@id":"https:\/\/www.eldiario.net\/portal\/#\/schema\/person\/f46445640444750d7d753ccd04ae01b7","name":"Jeanette","image":{"@type":"ImageObject","inLanguage":"es","@id":"https:\/\/secure.gravatar.com\/avatar\/3ea2118a5f7dad2b7138b1187a6b7ee55f160b9968b66013c3a3ef39dd7e5798?s=96&d=mm&r=g","url":"https:\/\/secure.gravatar.com\/avatar\/3ea2118a5f7dad2b7138b1187a6b7ee55f160b9968b66013c3a3ef39dd7e5798?s=96&d=mm&r=g","contentUrl":"https:\/\/secure.gravatar.com\/avatar\/3ea2118a5f7dad2b7138b1187a6b7ee55f160b9968b66013c3a3ef39dd7e5798?s=96&d=mm&r=g","caption":"Jeanette"},"sameAs":["https:\/\/www.eldiario.net\/portal"],"url":"https:\/\/www.eldiario.net\/portal\/author\/jeanette\/"}]}},"_links":{"self":[{"href":"https:\/\/www.eldiario.net\/portal\/wp-json\/wp\/v2\/posts\/227126","targetHints":{"allow":["GET"]}}],"collection":[{"href":"https:\/\/www.eldiario.net\/portal\/wp-json\/wp\/v2\/posts"}],"about":[{"href":"https:\/\/www.eldiario.net\/portal\/wp-json\/wp\/v2\/types\/post"}],"author":[{"embeddable":true,"href":"https:\/\/www.eldiario.net\/portal\/wp-json\/wp\/v2\/users\/1"}],"replies":[{"embeddable":true,"href":"https:\/\/www.eldiario.net\/portal\/wp-json\/wp\/v2\/comments?post=227126"}],"version-history":[{"count":1,"href":"https:\/\/www.eldiario.net\/portal\/wp-json\/wp\/v2\/posts\/227126\/revisions"}],"predecessor-version":[{"id":227127,"href":"https:\/\/www.eldiario.net\/portal\/wp-json\/wp\/v2\/posts\/227126\/revisions\/227127"}],"wp:featuredmedia":[{"embeddable":true,"href":"https:\/\/www.eldiario.net\/portal\/wp-json\/wp\/v2\/media\/157472"}],"wp:attachment":[{"href":"https:\/\/www.eldiario.net\/portal\/wp-json\/wp\/v2\/media?parent=227126"}],"wp:term":[{"taxonomy":"category","embeddable":true,"href":"https:\/\/www.eldiario.net\/portal\/wp-json\/wp\/v2\/categories?post=227126"},{"taxonomy":"post_tag","embeddable":true,"href":"https:\/\/www.eldiario.net\/portal\/wp-json\/wp\/v2\/tags?post=227126"}],"curies":[{"name":"wp","href":"https:\/\/api.w.org\/{rel}","templated":true}]}}