{"id":227114,"date":"2024-06-14T06:21:23","date_gmt":"2024-06-14T10:21:23","guid":{"rendered":"https:\/\/www.eldiario.net\/portal\/?p=227114"},"modified":"2024-06-14T06:21:23","modified_gmt":"2024-06-14T10:21:23","slug":"arce-debe-bajar-tension-social-promulgando-ley-antiprorroga-2","status":"publish","type":"post","link":"https:\/\/www.eldiario.net\/portal\/2024\/06\/14\/arce-debe-bajar-tension-social-promulgando-ley-antiprorroga-2\/","title":{"rendered":"Arce debe bajar tensi\u00f3n social  promulgando ley antipr\u00f3rroga"},"content":{"rendered":"<p>Reiterando la legalidad de la reciente sesi\u00f3n plenaria de Asamblea Legislativa Plurinacional (ALP), convocada y presidida por el presidente del Senado, Andr\u00f3nico Rodr\u00edguez, en la que se sancion\u00f3 un proyecto de ley que cesa las funciones a las actuales cabezas del \u00d3rgano Judicial, miembros de la bancada de Comunidad Ciudadana (CC) en Diputados, se\u00f1alaron que est\u00e1 en manos del presidente Luis Arce, promulgar la norma y bajar la tensi\u00f3n social que se registra en el pa\u00eds.<br \/>\nEn conferencia de prensa, Enrique Urquidi, jefe de bancada de CC en Diputados, se\u00f1al\u00f3 que la sesi\u00f3n plenaria del Parlamento nacional, realizada el jueves de la semana pasada, fue producto del acuerdo entre la mayor\u00eda de los parlamentarios que componen este \u00d3rgano del Estado, con un mensaje claro para las exautoridades judiciales y sus intentos de permanecer en funciones que no les competen.<br \/>\n\u201cLa Asamblea en la sesi\u00f3n del pasado jueves, ha definido y tomado la decisi\u00f3n de aprobar la iniciativa legislativa de Comunidad Ciudadana, con la cual se ha cesado de sus funciones a los \u2018autoprorrogados\u2019 que han estado usurpando funciones en altas instancias judiciales\u201d, asegur\u00f3 el legislador representante del departamento de Oruro.<br \/>\nEn criterio de Urquidi, el pronunciamiento de la ALP es oficial y el apoyo recibido por las fuerzas de oposici\u00f3n, sobre todo de Comunidad Ciudadana, es el reflejo de la perseverancia en el pedido de cesar de sus funciones a exautoridades de justicia cuyo mandato feneci\u00f3 en los primeros d\u00edas de la presente gesti\u00f3n.<br \/>\nPor lo expuesto, el asamble\u00edsta de oposici\u00f3n sostuvo que ha quedado en manos del Presidente del Estado, el cumplir con sus deberes constitucionales y promulgar la norma sancionada por la ALP, para as\u00ed poner fin a un tema que ha mantenido paralizada a la Asamblea Legislativa y genera incertidumbre en la poblaci\u00f3n.<br \/>\n\u201cLa ALP ha cumplido y dado su respuesta institucional, ahora est\u00e1 en manos del presidente Luis Arce Catacora y su gobierno, el poder promulgar esta ley. Si al primer mandatario a\u00fan le queda un m\u00ednimo de sensatez, sentido com\u00fan y responsabilidad con el pa\u00eds, debe, en el plazo de diez d\u00edas, promulgar esta ley 075\u201d, dijo.<br \/>\nSobre la consulta remitida al TCP por el vicepresidente David Choquehuanca, en la que se pide un pronunciamiento de esa instancia en relaci\u00f3n a la validez de la sesi\u00f3n plenaria del Parlamento, convocada por el titular del Senado, en la que se aprob\u00f3 y sancion\u00f3 la Ley 075 que cesa las funciones de los denominados \u201cmagistrados autoprorrogados\u201d, Urquidi record\u00f3 que uno de los principales problemas en el \u00faltimo tiempo fue la insistencia del Gobierno por dar legalidad y legitimidad al mandato de autoridades judiciales cuestionadas.<br \/>\n\u201cConstitucionalmente tienen un plazo de diez d\u00edas para promulgar o, en su caso, observar la normativa. M\u00e1s all\u00e1 de la medida asumida por el vicepresidente, nosotros no reconocemos a ese Tribunal Constitucional\u201d, insisti\u00f3<br \/>\nEn ese sentido, el legislador de oposici\u00f3n enfatiz\u00f3 que, en la actual coyuntura, est\u00e1 en manos del presidente Arce, el poder \u201cbajar la tensi\u00f3n, adem\u00e1s de la conflictividad social y generar espacios de di\u00e1logo con la Asamblea\u201d.<br \/>\n\u201cNosotros vamos a aguardar que el Presidente del Estado act\u00fae en consecuencia\u201d, dijo.<br \/>\nEl jueves de la semana pasada, la Asamblea Legislativa Plurinacional, convocada por Andr\u00f3nico Rodr\u00edguez, aprob\u00f3 el proyecto de ley 075 que cesa en el cargo a los magistrados prorrogados del \u00d3rgano Judicial.<br \/>\n\u201cLos Magistrados y Consejeros del Tribunal Constitucional Plurinacional, Tribunal Supremo de Justicia, Tribunal Agroambiental y Consejo de la Magistratura, conforme dispone la Constituci\u00f3n Pol\u00edtica del Estado, cesar\u00e1n en sus funciones el 2 de enero de 2024\u201d, se\u00f1ala el art\u00edculo 2 de dicha norma.<br \/>\nLa aprobaci\u00f3n cont\u00f3 con el apoyo del ala \u201cevista\u201d, Comunidad Ciudadana y Creemos, que se presentaron a la sesi\u00f3n, pese al rechazo del ala \u201carcista\u201d y un dictamen del Tribunal Constitucional que imped\u00eda al titular del Senado realizar la sesi\u00f3n.<br \/>\nAsimismo, se aprob\u00f3 una resoluci\u00f3n para dar continuidad a las elecciones judiciales, un cr\u00e9dito internacional por 176 millones de d\u00f3lares y el Decreto Presidencial de Amnist\u00eda e Indulto.<br \/>\nUna vez concluida la sesi\u00f3n, asamble\u00edstas del ala \u201carcista\u201d en el MAS denunciaron que Andr\u00f3nico Rodr\u00edguez comet\u00eda un delito al llevar adelante una sesi\u00f3n plenaria de la ALP pese a una decisi\u00f3n del TCP que negaba esta posibilidad.<br \/>\nComo medida provisoria, el TCP dispuso suspender la competencia de Andr\u00f3nico para llevar adelante la sesi\u00f3n, pero esta determinaci\u00f3n fue deso\u00edda por los parlamentarios \u201cevistas\u201d y opositores que desconocen la legalidad del Tribunal prorrogado.<br \/>\nDos d\u00edas despu\u00e9s de la pol\u00e9mica sesi\u00f3n, la agencia estatal de noticias inform\u00f3 que el vicepresidente, David Choquehuanca, pidi\u00f3 al TCP, a trav\u00e9s de una nota, pronunciarse sobre lo obrado en la sesi\u00f3n de la ALP, convocada y presidida por el presidente del Senado, pese a una medida cautelar que dispuso suspender la convocatoria.<br \/>\nEn la misiva, se pide \u201cun pronunciamiento constitucional que permita tener certeza jur\u00eddica sobre la validez de esos actos legislativos, para que se imprima la gesti\u00f3n que corresponda o, en su defecto, disponga que se devuelvan esas comunicaciones para reencauzar el procedimiento legislativo que corresponda\u201d.<br \/>\nEn la consulta de Choquehuanca se hace un extenso repaso del recurso presentado por el presidente de la Comisi\u00f3n de Constituci\u00f3n de Diputados, Juan Jos\u00e9 J\u00e1uregui, en contra, precisamente, de la convocatoria a sesi\u00f3n.<br \/>\n\u201cConscientes de que hay que seguir la normativa legal del pa\u00eds, lo que hemos hecho es enviar al TCP una nota para que nos diga si vali\u00f3 o no la notificaci\u00f3n, si fue legal o no\u201d, explic\u00f3.<\/p>\n","protected":false},"excerpt":{"rendered":"<p>Reiterando la legalidad de la reciente sesi\u00f3n plenaria de Asamblea Legislativa Plurinacional (ALP), convocada y presidida por el presidente del Senado, Andr\u00f3nico Rodr\u00edguez, en la que se sancion\u00f3 un proyecto de ley que cesa las funciones a las actuales cabezas del \u00d3rgano Judicial, miembros de la bancada de Comunidad Ciudadana (CC) en Diputados, se\u00f1alaron que [&hellip;]<\/p>\n","protected":false},"author":1,"featured_media":227115,"comment_status":"open","ping_status":"open","sticky":false,"template":"","format":"standard","meta":{"_acf_changed":false,"footnotes":""},"categories":[14],"tags":[],"class_list":["post-227114","post","type-post","status-publish","format-standard","has-post-thumbnail","category-politica"],"acf":{"antetitulo":"Esperan respuesta del Ejecutivo "},"yoast_head":"<!-- This site is optimized with the Yoast SEO plugin v28.4 - https:\/\/yoast.com\/product\/yoast-seo-wordpress\/ -->\n<title>Arce debe bajar tensi\u00f3n social promulgando ley antipr\u00f3rroga - El Diario - Bolivia<\/title>\n<meta name=\"robots\" content=\"index, follow, max-snippet:-1, max-image-preview:large, max-video-preview:-1\" \/>\n<link rel=\"canonical\" href=\"https:\/\/www.eldiario.net\/portal\/2024\/06\/14\/arce-debe-bajar-tension-social-promulgando-ley-antiprorroga-2\/\" \/>\n<meta property=\"og:locale\" content=\"es_ES\" \/>\n<meta property=\"og:type\" content=\"article\" \/>\n<meta property=\"og:title\" content=\"Arce debe bajar tensi\u00f3n social promulgando ley antipr\u00f3rroga - El Diario - Bolivia\" \/>\n<meta property=\"og:description\" content=\"Reiterando la legalidad de la reciente sesi\u00f3n plenaria de Asamblea Legislativa Plurinacional (ALP), convocada y presidida por el presidente del Senado, Andr\u00f3nico Rodr\u00edguez, en la que se sancion\u00f3 un proyecto de ley que cesa las funciones a las actuales cabezas del \u00d3rgano Judicial, miembros de la bancada de Comunidad Ciudadana (CC) en Diputados, se\u00f1alaron que [&hellip;]\" \/>\n<meta property=\"og:url\" content=\"https:\/\/www.eldiario.net\/portal\/2024\/06\/14\/arce-debe-bajar-tension-social-promulgando-ley-antiprorroga-2\/\" \/>\n<meta property=\"og:site_name\" content=\"El Diario - Bolivia\" \/>\n<meta property=\"article:publisher\" content=\"https:\/\/www.facebook.com\/eldiario.bolivia\/\" \/>\n<meta property=\"article:published_time\" content=\"2024-06-14T10:21:23+00:00\" \/>\n<meta property=\"og:image\" content=\"https:\/\/www.eldiario.net\/portal\/wp-content\/uploads\/2024\/06\/40-POL-8.jpg\" \/>\n\t<meta property=\"og:image:width\" content=\"1200\" \/>\n\t<meta property=\"og:image:height\" content=\"675\" \/>\n\t<meta property=\"og:image:type\" content=\"image\/jpeg\" \/>\n<meta name=\"author\" content=\"Jeanette\" \/>\n<meta name=\"twitter:card\" content=\"summary_large_image\" \/>\n<meta name=\"twitter:creator\" content=\"@eldiario_net\" \/>\n<meta name=\"twitter:site\" content=\"@eldiario_net\" \/>\n<meta name=\"twitter:label1\" content=\"Escrito por\" \/>\n\t<meta name=\"twitter:data1\" content=\"Jeanette\" \/>\n\t<meta name=\"twitter:label2\" content=\"Tiempo de lectura\" \/>\n\t<meta name=\"twitter:data2\" content=\"5 minutos\" \/>\n<script type=\"application\/ld+json\" class=\"yoast-schema-graph\">{\"@context\":\"https:\\\/\\\/schema.org\",\"@graph\":[{\"@type\":\"Article\",\"@id\":\"https:\\\/\\\/www.eldiario.net\\\/portal\\\/2024\\\/06\\\/14\\\/arce-debe-bajar-tension-social-promulgando-ley-antiprorroga-2\\\/#article\",\"isPartOf\":{\"@id\":\"https:\\\/\\\/www.eldiario.net\\\/portal\\\/2024\\\/06\\\/14\\\/arce-debe-bajar-tension-social-promulgando-ley-antiprorroga-2\\\/\"},\"author\":{\"name\":\"Jeanette\",\"@id\":\"https:\\\/\\\/www.eldiario.net\\\/portal\\\/#\\\/schema\\\/person\\\/f46445640444750d7d753ccd04ae01b7\"},\"headline\":\"Arce debe bajar tensi\u00f3n social promulgando ley antipr\u00f3rroga\",\"datePublished\":\"2024-06-14T10:21:23+00:00\",\"mainEntityOfPage\":{\"@id\":\"https:\\\/\\\/www.eldiario.net\\\/portal\\\/2024\\\/06\\\/14\\\/arce-debe-bajar-tension-social-promulgando-ley-antiprorroga-2\\\/\"},\"wordCount\":979,\"commentCount\":0,\"publisher\":{\"@id\":\"https:\\\/\\\/www.eldiario.net\\\/portal\\\/#organization\"},\"image\":{\"@id\":\"https:\\\/\\\/www.eldiario.net\\\/portal\\\/2024\\\/06\\\/14\\\/arce-debe-bajar-tension-social-promulgando-ley-antiprorroga-2\\\/#primaryimage\"},\"thumbnailUrl\":\"https:\\\/\\\/www.eldiario.net\\\/portal\\\/wp-content\\\/uploads\\\/2024\\\/06\\\/40-POL-8.jpg\",\"articleSection\":[\"Pol\u00edtica\"],\"inLanguage\":\"es\",\"potentialAction\":[{\"@type\":\"CommentAction\",\"name\":\"Comment\",\"target\":[\"https:\\\/\\\/www.eldiario.net\\\/portal\\\/2024\\\/06\\\/14\\\/arce-debe-bajar-tension-social-promulgando-ley-antiprorroga-2\\\/#respond\"]}]},{\"@type\":\"WebPage\",\"@id\":\"https:\\\/\\\/www.eldiario.net\\\/portal\\\/2024\\\/06\\\/14\\\/arce-debe-bajar-tension-social-promulgando-ley-antiprorroga-2\\\/\",\"url\":\"https:\\\/\\\/www.eldiario.net\\\/portal\\\/2024\\\/06\\\/14\\\/arce-debe-bajar-tension-social-promulgando-ley-antiprorroga-2\\\/\",\"name\":\"Arce debe bajar tensi\u00f3n social promulgando ley antipr\u00f3rroga - El Diario - Bolivia\",\"isPartOf\":{\"@id\":\"https:\\\/\\\/www.eldiario.net\\\/portal\\\/#website\"},\"primaryImageOfPage\":{\"@id\":\"https:\\\/\\\/www.eldiario.net\\\/portal\\\/2024\\\/06\\\/14\\\/arce-debe-bajar-tension-social-promulgando-ley-antiprorroga-2\\\/#primaryimage\"},\"image\":{\"@id\":\"https:\\\/\\\/www.eldiario.net\\\/portal\\\/2024\\\/06\\\/14\\\/arce-debe-bajar-tension-social-promulgando-ley-antiprorroga-2\\\/#primaryimage\"},\"thumbnailUrl\":\"https:\\\/\\\/www.eldiario.net\\\/portal\\\/wp-content\\\/uploads\\\/2024\\\/06\\\/40-POL-8.jpg\",\"datePublished\":\"2024-06-14T10:21:23+00:00\",\"breadcrumb\":{\"@id\":\"https:\\\/\\\/www.eldiario.net\\\/portal\\\/2024\\\/06\\\/14\\\/arce-debe-bajar-tension-social-promulgando-ley-antiprorroga-2\\\/#breadcrumb\"},\"inLanguage\":\"es\",\"potentialAction\":[{\"@type\":\"ReadAction\",\"target\":[\"https:\\\/\\\/www.eldiario.net\\\/portal\\\/2024\\\/06\\\/14\\\/arce-debe-bajar-tension-social-promulgando-ley-antiprorroga-2\\\/\"]}]},{\"@type\":\"ImageObject\",\"inLanguage\":\"es\",\"@id\":\"https:\\\/\\\/www.eldiario.net\\\/portal\\\/2024\\\/06\\\/14\\\/arce-debe-bajar-tension-social-promulgando-ley-antiprorroga-2\\\/#primaryimage\",\"url\":\"https:\\\/\\\/www.eldiario.net\\\/portal\\\/wp-content\\\/uploads\\\/2024\\\/06\\\/40-POL-8.jpg\",\"contentUrl\":\"https:\\\/\\\/www.eldiario.net\\\/portal\\\/wp-content\\\/uploads\\\/2024\\\/06\\\/40-POL-8.jpg\",\"width\":1200,\"height\":675,\"caption\":\"Bancada de CC en Diputados\"},{\"@type\":\"BreadcrumbList\",\"@id\":\"https:\\\/\\\/www.eldiario.net\\\/portal\\\/2024\\\/06\\\/14\\\/arce-debe-bajar-tension-social-promulgando-ley-antiprorroga-2\\\/#breadcrumb\",\"itemListElement\":[{\"@type\":\"ListItem\",\"position\":1,\"name\":\"Portada\",\"item\":\"https:\\\/\\\/www.eldiario.net\\\/portal\\\/\"},{\"@type\":\"ListItem\",\"position\":2,\"name\":\"Arce debe bajar tensi\u00f3n social promulgando ley antipr\u00f3rroga\"}]},{\"@type\":\"WebSite\",\"@id\":\"https:\\\/\\\/www.eldiario.net\\\/portal\\\/#website\",\"url\":\"https:\\\/\\\/www.eldiario.net\\\/portal\\\/\",\"name\":\"El Diario - Decano de la prensa nacional\",\"description\":\"El Diario - Decano de la prensa nacional\",\"publisher\":{\"@id\":\"https:\\\/\\\/www.eldiario.net\\\/portal\\\/#organization\"},\"potentialAction\":[{\"@type\":\"SearchAction\",\"target\":{\"@type\":\"EntryPoint\",\"urlTemplate\":\"https:\\\/\\\/www.eldiario.net\\\/portal\\\/?s={search_term_string}\"},\"query-input\":{\"@type\":\"PropertyValueSpecification\",\"valueRequired\":true,\"valueName\":\"search_term_string\"}}],\"inLanguage\":\"es\"},{\"@type\":\"Organization\",\"@id\":\"https:\\\/\\\/www.eldiario.net\\\/portal\\\/#organization\",\"name\":\"El Diario - Decano de la prensa nacional\",\"url\":\"https:\\\/\\\/www.eldiario.net\\\/portal\\\/\",\"logo\":{\"@type\":\"ImageObject\",\"inLanguage\":\"es\",\"@id\":\"https:\\\/\\\/www.eldiario.net\\\/portal\\\/#\\\/schema\\\/logo\\\/image\\\/\",\"url\":\"https:\\\/\\\/www.eldiario.net\\\/portal\\\/wp-content\\\/uploads\\\/2023\\\/07\\\/logo_ED.jpg\",\"contentUrl\":\"https:\\\/\\\/www.eldiario.net\\\/portal\\\/wp-content\\\/uploads\\\/2023\\\/07\\\/logo_ED.jpg\",\"width\":272,\"height\":52,\"caption\":\"El Diario - Decano de la prensa nacional\"},\"image\":{\"@id\":\"https:\\\/\\\/www.eldiario.net\\\/portal\\\/#\\\/schema\\\/logo\\\/image\\\/\"},\"sameAs\":[\"https:\\\/\\\/www.facebook.com\\\/eldiario.bolivia\\\/\",\"https:\\\/\\\/x.com\\\/eldiario_net\"]},{\"@type\":\"Person\",\"@id\":\"https:\\\/\\\/www.eldiario.net\\\/portal\\\/#\\\/schema\\\/person\\\/f46445640444750d7d753ccd04ae01b7\",\"name\":\"Jeanette\",\"image\":{\"@type\":\"ImageObject\",\"inLanguage\":\"es\",\"@id\":\"https:\\\/\\\/secure.gravatar.com\\\/avatar\\\/3ea2118a5f7dad2b7138b1187a6b7ee55f160b9968b66013c3a3ef39dd7e5798?s=96&d=mm&r=g\",\"url\":\"https:\\\/\\\/secure.gravatar.com\\\/avatar\\\/3ea2118a5f7dad2b7138b1187a6b7ee55f160b9968b66013c3a3ef39dd7e5798?s=96&d=mm&r=g\",\"contentUrl\":\"https:\\\/\\\/secure.gravatar.com\\\/avatar\\\/3ea2118a5f7dad2b7138b1187a6b7ee55f160b9968b66013c3a3ef39dd7e5798?s=96&d=mm&r=g\",\"caption\":\"Jeanette\"},\"sameAs\":[\"https:\\\/\\\/www.eldiario.net\\\/portal\"],\"url\":\"https:\\\/\\\/www.eldiario.net\\\/portal\\\/author\\\/jeanette\\\/\"}]}<\/script>\n<!-- \/ Yoast SEO plugin. -->","yoast_head_json":{"title":"Arce debe bajar tensi\u00f3n social promulgando ley antipr\u00f3rroga - El Diario - Bolivia","robots":{"index":"index","follow":"follow","max-snippet":"max-snippet:-1","max-image-preview":"max-image-preview:large","max-video-preview":"max-video-preview:-1"},"canonical":"https:\/\/www.eldiario.net\/portal\/2024\/06\/14\/arce-debe-bajar-tension-social-promulgando-ley-antiprorroga-2\/","og_locale":"es_ES","og_type":"article","og_title":"Arce debe bajar tensi\u00f3n social promulgando ley antipr\u00f3rroga - El Diario - Bolivia","og_description":"Reiterando la legalidad de la reciente sesi\u00f3n plenaria de Asamblea Legislativa Plurinacional (ALP), convocada y presidida por el presidente del Senado, Andr\u00f3nico Rodr\u00edguez, en la que se sancion\u00f3 un proyecto de ley que cesa las funciones a las actuales cabezas del \u00d3rgano Judicial, miembros de la bancada de Comunidad Ciudadana (CC) en Diputados, se\u00f1alaron que [&hellip;]","og_url":"https:\/\/www.eldiario.net\/portal\/2024\/06\/14\/arce-debe-bajar-tension-social-promulgando-ley-antiprorroga-2\/","og_site_name":"El Diario - Bolivia","article_publisher":"https:\/\/www.facebook.com\/eldiario.bolivia\/","article_published_time":"2024-06-14T10:21:23+00:00","og_image":[{"width":1200,"height":675,"url":"https:\/\/www.eldiario.net\/portal\/wp-content\/uploads\/2024\/06\/40-POL-8.jpg","type":"image\/jpeg"}],"author":"Jeanette","twitter_card":"summary_large_image","twitter_creator":"@eldiario_net","twitter_site":"@eldiario_net","twitter_misc":{"Escrito por":"Jeanette","Tiempo de lectura":"5 minutos"},"schema":{"@context":"https:\/\/schema.org","@graph":[{"@type":"Article","@id":"https:\/\/www.eldiario.net\/portal\/2024\/06\/14\/arce-debe-bajar-tension-social-promulgando-ley-antiprorroga-2\/#article","isPartOf":{"@id":"https:\/\/www.eldiario.net\/portal\/2024\/06\/14\/arce-debe-bajar-tension-social-promulgando-ley-antiprorroga-2\/"},"author":{"name":"Jeanette","@id":"https:\/\/www.eldiario.net\/portal\/#\/schema\/person\/f46445640444750d7d753ccd04ae01b7"},"headline":"Arce debe bajar tensi\u00f3n social promulgando ley antipr\u00f3rroga","datePublished":"2024-06-14T10:21:23+00:00","mainEntityOfPage":{"@id":"https:\/\/www.eldiario.net\/portal\/2024\/06\/14\/arce-debe-bajar-tension-social-promulgando-ley-antiprorroga-2\/"},"wordCount":979,"commentCount":0,"publisher":{"@id":"https:\/\/www.eldiario.net\/portal\/#organization"},"image":{"@id":"https:\/\/www.eldiario.net\/portal\/2024\/06\/14\/arce-debe-bajar-tension-social-promulgando-ley-antiprorroga-2\/#primaryimage"},"thumbnailUrl":"https:\/\/www.eldiario.net\/portal\/wp-content\/uploads\/2024\/06\/40-POL-8.jpg","articleSection":["Pol\u00edtica"],"inLanguage":"es","potentialAction":[{"@type":"CommentAction","name":"Comment","target":["https:\/\/www.eldiario.net\/portal\/2024\/06\/14\/arce-debe-bajar-tension-social-promulgando-ley-antiprorroga-2\/#respond"]}]},{"@type":"WebPage","@id":"https:\/\/www.eldiario.net\/portal\/2024\/06\/14\/arce-debe-bajar-tension-social-promulgando-ley-antiprorroga-2\/","url":"https:\/\/www.eldiario.net\/portal\/2024\/06\/14\/arce-debe-bajar-tension-social-promulgando-ley-antiprorroga-2\/","name":"Arce debe bajar tensi\u00f3n social promulgando ley antipr\u00f3rroga - El Diario - Bolivia","isPartOf":{"@id":"https:\/\/www.eldiario.net\/portal\/#website"},"primaryImageOfPage":{"@id":"https:\/\/www.eldiario.net\/portal\/2024\/06\/14\/arce-debe-bajar-tension-social-promulgando-ley-antiprorroga-2\/#primaryimage"},"image":{"@id":"https:\/\/www.eldiario.net\/portal\/2024\/06\/14\/arce-debe-bajar-tension-social-promulgando-ley-antiprorroga-2\/#primaryimage"},"thumbnailUrl":"https:\/\/www.eldiario.net\/portal\/wp-content\/uploads\/2024\/06\/40-POL-8.jpg","datePublished":"2024-06-14T10:21:23+00:00","breadcrumb":{"@id":"https:\/\/www.eldiario.net\/portal\/2024\/06\/14\/arce-debe-bajar-tension-social-promulgando-ley-antiprorroga-2\/#breadcrumb"},"inLanguage":"es","potentialAction":[{"@type":"ReadAction","target":["https:\/\/www.eldiario.net\/portal\/2024\/06\/14\/arce-debe-bajar-tension-social-promulgando-ley-antiprorroga-2\/"]}]},{"@type":"ImageObject","inLanguage":"es","@id":"https:\/\/www.eldiario.net\/portal\/2024\/06\/14\/arce-debe-bajar-tension-social-promulgando-ley-antiprorroga-2\/#primaryimage","url":"https:\/\/www.eldiario.net\/portal\/wp-content\/uploads\/2024\/06\/40-POL-8.jpg","contentUrl":"https:\/\/www.eldiario.net\/portal\/wp-content\/uploads\/2024\/06\/40-POL-8.jpg","width":1200,"height":675,"caption":"Bancada de CC en Diputados"},{"@type":"BreadcrumbList","@id":"https:\/\/www.eldiario.net\/portal\/2024\/06\/14\/arce-debe-bajar-tension-social-promulgando-ley-antiprorroga-2\/#breadcrumb","itemListElement":[{"@type":"ListItem","position":1,"name":"Portada","item":"https:\/\/www.eldiario.net\/portal\/"},{"@type":"ListItem","position":2,"name":"Arce debe bajar tensi\u00f3n social promulgando ley antipr\u00f3rroga"}]},{"@type":"WebSite","@id":"https:\/\/www.eldiario.net\/portal\/#website","url":"https:\/\/www.eldiario.net\/portal\/","name":"El Diario - Decano de la prensa nacional","description":"El Diario - Decano de la prensa nacional","publisher":{"@id":"https:\/\/www.eldiario.net\/portal\/#organization"},"potentialAction":[{"@type":"SearchAction","target":{"@type":"EntryPoint","urlTemplate":"https:\/\/www.eldiario.net\/portal\/?s={search_term_string}"},"query-input":{"@type":"PropertyValueSpecification","valueRequired":true,"valueName":"search_term_string"}}],"inLanguage":"es"},{"@type":"Organization","@id":"https:\/\/www.eldiario.net\/portal\/#organization","name":"El Diario - Decano de la prensa nacional","url":"https:\/\/www.eldiario.net\/portal\/","logo":{"@type":"ImageObject","inLanguage":"es","@id":"https:\/\/www.eldiario.net\/portal\/#\/schema\/logo\/image\/","url":"https:\/\/www.eldiario.net\/portal\/wp-content\/uploads\/2023\/07\/logo_ED.jpg","contentUrl":"https:\/\/www.eldiario.net\/portal\/wp-content\/uploads\/2023\/07\/logo_ED.jpg","width":272,"height":52,"caption":"El Diario - Decano de la prensa nacional"},"image":{"@id":"https:\/\/www.eldiario.net\/portal\/#\/schema\/logo\/image\/"},"sameAs":["https:\/\/www.facebook.com\/eldiario.bolivia\/","https:\/\/x.com\/eldiario_net"]},{"@type":"Person","@id":"https:\/\/www.eldiario.net\/portal\/#\/schema\/person\/f46445640444750d7d753ccd04ae01b7","name":"Jeanette","image":{"@type":"ImageObject","inLanguage":"es","@id":"https:\/\/secure.gravatar.com\/avatar\/3ea2118a5f7dad2b7138b1187a6b7ee55f160b9968b66013c3a3ef39dd7e5798?s=96&d=mm&r=g","url":"https:\/\/secure.gravatar.com\/avatar\/3ea2118a5f7dad2b7138b1187a6b7ee55f160b9968b66013c3a3ef39dd7e5798?s=96&d=mm&r=g","contentUrl":"https:\/\/secure.gravatar.com\/avatar\/3ea2118a5f7dad2b7138b1187a6b7ee55f160b9968b66013c3a3ef39dd7e5798?s=96&d=mm&r=g","caption":"Jeanette"},"sameAs":["https:\/\/www.eldiario.net\/portal"],"url":"https:\/\/www.eldiario.net\/portal\/author\/jeanette\/"}]}},"_links":{"self":[{"href":"https:\/\/www.eldiario.net\/portal\/wp-json\/wp\/v2\/posts\/227114","targetHints":{"allow":["GET"]}}],"collection":[{"href":"https:\/\/www.eldiario.net\/portal\/wp-json\/wp\/v2\/posts"}],"about":[{"href":"https:\/\/www.eldiario.net\/portal\/wp-json\/wp\/v2\/types\/post"}],"author":[{"embeddable":true,"href":"https:\/\/www.eldiario.net\/portal\/wp-json\/wp\/v2\/users\/1"}],"replies":[{"embeddable":true,"href":"https:\/\/www.eldiario.net\/portal\/wp-json\/wp\/v2\/comments?post=227114"}],"version-history":[{"count":1,"href":"https:\/\/www.eldiario.net\/portal\/wp-json\/wp\/v2\/posts\/227114\/revisions"}],"predecessor-version":[{"id":227116,"href":"https:\/\/www.eldiario.net\/portal\/wp-json\/wp\/v2\/posts\/227114\/revisions\/227116"}],"wp:featuredmedia":[{"embeddable":true,"href":"https:\/\/www.eldiario.net\/portal\/wp-json\/wp\/v2\/media\/227115"}],"wp:attachment":[{"href":"https:\/\/www.eldiario.net\/portal\/wp-json\/wp\/v2\/media?parent=227114"}],"wp:term":[{"taxonomy":"category","embeddable":true,"href":"https:\/\/www.eldiario.net\/portal\/wp-json\/wp\/v2\/categories?post=227114"},{"taxonomy":"post_tag","embeddable":true,"href":"https:\/\/www.eldiario.net\/portal\/wp-json\/wp\/v2\/tags?post=227114"}],"curies":[{"name":"wp","href":"https:\/\/api.w.org\/{rel}","templated":true}]}}