{"id":227104,"date":"2024-06-14T06:18:03","date_gmt":"2024-06-14T10:18:03","guid":{"rendered":"https:\/\/www.eldiario.net\/portal\/?p=227104"},"modified":"2024-06-14T06:18:03","modified_gmt":"2024-06-14T10:18:03","slug":"amplian-15-minutos-mas-horario-invernal","status":"publish","type":"post","link":"https:\/\/www.eldiario.net\/portal\/2024\/06\/14\/amplian-15-minutos-mas-horario-invernal\/","title":{"rendered":"Ampl\u00edan 15 minutos  m\u00e1s horario invernal"},"content":{"rendered":"<p>Con el objetivo de resguardar la salud de la poblaci\u00f3n estudiantil pace\u00f1a, el director departamental de Educaci\u00f3n, Basilio P\u00e9rez, inform\u00f3 que se determin\u00f3 ampliar el horario invernal por 15 minutos m\u00e1s en las unidades educativas de La Paz, El Alto y las provincias.<br \/>\n\u201cPara precautelar la salud de nuestros estudiantes, especialmente, a consecuencia de las bajas temperaturas, para dar seguridad, estamos ampliando el horario de invierno en 15 minutos, tanto en el ingreso como en la salida en horas de la tarde, para la ciudad de El Alto, La Paz, provincias del altiplano y los valles\u201d, se\u00f1al\u00f3 la autoridad educativa.<br \/>\nEs decir, los estudiantes de unidades educativas fiscales, privadas y de convenio, del turno de la ma\u00f1ana ingresar\u00e1n 45 minutos despu\u00e9s de su horario habitual y los que asisten al turno de la tarde saldr\u00e1n 45 minutos antes que de costumbre.<br \/>\nReiter\u00f3 que en la zona tropical \u201cest\u00e1 vigente el horario normal, porque no tenemos mayores problemas\u201d.<br \/>\nDe acuerdo con P\u00e9rez, la determinaci\u00f3n fue asumida tras analizar las recomendaciones y los reportes del Servicio Departamental de Salud (Sedes) y del Servicio Nacional de Meteorolog\u00eda e Hidrolog\u00eda (Senamhi).<br \/>\nAl respecto, sostuvo que varios establecimientos educativos del departamento reportaron la ausencia de entre uno a tres estudiantes por curso debido a alg\u00fan tipo de infecci\u00f3n respiratoria.<br \/>\nAdem\u00e1s, el Senamhi advirti\u00f3 que este invierno, que comienza el 21 de junio, ser\u00e1 uno de los \u201cm\u00e1s dif\u00edciles y crudo\u201d de los \u00faltimos a\u00f1os, se reportar\u00e1n temperaturas que descender\u00e1n y se sentir\u00e1n m\u00e1s durante las primeras horas de la ma\u00f1ana y en la noche.<br \/>\nEl director departamental de Educaci\u00f3n, insisti\u00f3 a los padres de familia en que los estudiantes asistan abrigados a sus unidades educativas y record\u00f3 que no se debe exigir el uso de uniforme, al menos, durante esta temporada.<br \/>\nVACUNAS<br \/>\nEN ESCOLARES<br \/>\nEl viceministro de Promoci\u00f3n, Vigilancia Epidemiol\u00f3gica y Medicina Tradicional, Max Enr\u00edquez, inform\u00f3 que hasta la fecha se aplicaron 612.732 dosis de la vacuna contra la influenza, de las cuales 153.732 corresponden a infantes en etapa escolar.<br \/>\n\u201cYa tenemos 612.732 dosis aplicadas, 153.732 a ni\u00f1os y 459.000 a adultos (\u2026). Los ni\u00f1os de dos a 12 a\u00f1os, es un grupo que est\u00e1 respondiendo bastante bien. En menos de 10 d\u00edas ha respondido mejor que cualquiera de los otros grupos (de riesgo)\u201d, se\u00f1al\u00f3 la autoridad gubernamental.<br \/>\nLa vacuna contra la influenza protege de los tipos de virus m\u00e1s peligrosos que circulan en el pa\u00eds y en el mundo, como la Influenza A (H1N1), Influenza A (H3N2), e Influenza B. Por ello, autoridades exhortan a que los grupos de riesgo, principalmente, acudan a la vacunaci\u00f3n.<br \/>\n\u201cHemos superado el 17 por ciento, en casi siete d\u00edas de vacunaci\u00f3n a este grupo escolar, es importante porque vamos a lograr vacunar a todos los ni\u00f1os (\u2026). Estamos pidiendo a las personas del grupo de riesgo que sean los que primero se vacunen contra la influenza\u201d, indic\u00f3.<\/p>\n","protected":false},"excerpt":{"rendered":"<p>Con el objetivo de resguardar la salud de la poblaci\u00f3n estudiantil pace\u00f1a, el director departamental de Educaci\u00f3n, Basilio P\u00e9rez, inform\u00f3 que se determin\u00f3 ampliar el horario invernal por 15 minutos m\u00e1s en las unidades educativas de La Paz, El Alto y las provincias. \u201cPara precautelar la salud de nuestros estudiantes, especialmente, a consecuencia de las [&hellip;]<\/p>\n","protected":false},"author":1,"featured_media":227105,"comment_status":"open","ping_status":"open","sticky":false,"template":"","format":"standard","meta":{"_acf_changed":false,"footnotes":""},"categories":[12],"tags":[],"class_list":["post-227104","post","type-post","status-publish","format-standard","has-post-thumbnail","category-nacional"],"acf":{"antetitulo":"No aplica para colegios de la zona tropical"},"yoast_head":"<!-- This site is optimized with the Yoast SEO plugin v28.4 - https:\/\/yoast.com\/product\/yoast-seo-wordpress\/ -->\n<title>Ampl\u00edan 15 minutos m\u00e1s horario invernal - El Diario - Bolivia<\/title>\n<meta name=\"robots\" content=\"index, follow, max-snippet:-1, max-image-preview:large, max-video-preview:-1\" \/>\n<link rel=\"canonical\" href=\"https:\/\/www.eldiario.net\/portal\/2024\/06\/14\/amplian-15-minutos-mas-horario-invernal\/\" \/>\n<meta property=\"og:locale\" content=\"es_ES\" \/>\n<meta property=\"og:type\" content=\"article\" \/>\n<meta property=\"og:title\" content=\"Ampl\u00edan 15 minutos m\u00e1s horario invernal - El Diario - Bolivia\" \/>\n<meta property=\"og:description\" content=\"Con el objetivo de resguardar la salud de la poblaci\u00f3n estudiantil pace\u00f1a, el director departamental de Educaci\u00f3n, Basilio P\u00e9rez, inform\u00f3 que se determin\u00f3 ampliar el horario invernal por 15 minutos m\u00e1s en las unidades educativas de La Paz, El Alto y las provincias. \u201cPara precautelar la salud de nuestros estudiantes, especialmente, a consecuencia de las [&hellip;]\" \/>\n<meta property=\"og:url\" content=\"https:\/\/www.eldiario.net\/portal\/2024\/06\/14\/amplian-15-minutos-mas-horario-invernal\/\" \/>\n<meta property=\"og:site_name\" content=\"El Diario - Bolivia\" \/>\n<meta property=\"article:publisher\" content=\"https:\/\/www.facebook.com\/eldiario.bolivia\/\" \/>\n<meta property=\"article:published_time\" content=\"2024-06-14T10:18:03+00:00\" \/>\n<meta property=\"og:image\" content=\"https:\/\/www.eldiario.net\/portal\/wp-content\/uploads\/2024\/06\/F1-amplian.jpg\" \/>\n\t<meta property=\"og:image:width\" content=\"1200\" \/>\n\t<meta property=\"og:image:height\" content=\"800\" \/>\n\t<meta property=\"og:image:type\" content=\"image\/jpeg\" \/>\n<meta name=\"author\" content=\"Jeanette\" \/>\n<meta name=\"twitter:card\" content=\"summary_large_image\" \/>\n<meta name=\"twitter:creator\" content=\"@eldiario_net\" \/>\n<meta name=\"twitter:site\" content=\"@eldiario_net\" \/>\n<meta name=\"twitter:label1\" content=\"Escrito por\" \/>\n\t<meta name=\"twitter:data1\" content=\"Jeanette\" \/>\n\t<meta name=\"twitter:label2\" content=\"Tiempo de lectura\" \/>\n\t<meta name=\"twitter:data2\" content=\"3 minutos\" \/>\n<script type=\"application\/ld+json\" class=\"yoast-schema-graph\">{\"@context\":\"https:\\\/\\\/schema.org\",\"@graph\":[{\"@type\":\"Article\",\"@id\":\"https:\\\/\\\/www.eldiario.net\\\/portal\\\/2024\\\/06\\\/14\\\/amplian-15-minutos-mas-horario-invernal\\\/#article\",\"isPartOf\":{\"@id\":\"https:\\\/\\\/www.eldiario.net\\\/portal\\\/2024\\\/06\\\/14\\\/amplian-15-minutos-mas-horario-invernal\\\/\"},\"author\":{\"name\":\"Jeanette\",\"@id\":\"https:\\\/\\\/www.eldiario.net\\\/portal\\\/#\\\/schema\\\/person\\\/f46445640444750d7d753ccd04ae01b7\"},\"headline\":\"Ampl\u00edan 15 minutos m\u00e1s horario invernal\",\"datePublished\":\"2024-06-14T10:18:03+00:00\",\"mainEntityOfPage\":{\"@id\":\"https:\\\/\\\/www.eldiario.net\\\/portal\\\/2024\\\/06\\\/14\\\/amplian-15-minutos-mas-horario-invernal\\\/\"},\"wordCount\":513,\"commentCount\":0,\"publisher\":{\"@id\":\"https:\\\/\\\/www.eldiario.net\\\/portal\\\/#organization\"},\"image\":{\"@id\":\"https:\\\/\\\/www.eldiario.net\\\/portal\\\/2024\\\/06\\\/14\\\/amplian-15-minutos-mas-horario-invernal\\\/#primaryimage\"},\"thumbnailUrl\":\"https:\\\/\\\/www.eldiario.net\\\/portal\\\/wp-content\\\/uploads\\\/2024\\\/06\\\/F1-amplian.jpg\",\"articleSection\":[\"Nacional\"],\"inLanguage\":\"es\",\"potentialAction\":[{\"@type\":\"CommentAction\",\"name\":\"Comment\",\"target\":[\"https:\\\/\\\/www.eldiario.net\\\/portal\\\/2024\\\/06\\\/14\\\/amplian-15-minutos-mas-horario-invernal\\\/#respond\"]}]},{\"@type\":\"WebPage\",\"@id\":\"https:\\\/\\\/www.eldiario.net\\\/portal\\\/2024\\\/06\\\/14\\\/amplian-15-minutos-mas-horario-invernal\\\/\",\"url\":\"https:\\\/\\\/www.eldiario.net\\\/portal\\\/2024\\\/06\\\/14\\\/amplian-15-minutos-mas-horario-invernal\\\/\",\"name\":\"Ampl\u00edan 15 minutos m\u00e1s horario invernal - El Diario - Bolivia\",\"isPartOf\":{\"@id\":\"https:\\\/\\\/www.eldiario.net\\\/portal\\\/#website\"},\"primaryImageOfPage\":{\"@id\":\"https:\\\/\\\/www.eldiario.net\\\/portal\\\/2024\\\/06\\\/14\\\/amplian-15-minutos-mas-horario-invernal\\\/#primaryimage\"},\"image\":{\"@id\":\"https:\\\/\\\/www.eldiario.net\\\/portal\\\/2024\\\/06\\\/14\\\/amplian-15-minutos-mas-horario-invernal\\\/#primaryimage\"},\"thumbnailUrl\":\"https:\\\/\\\/www.eldiario.net\\\/portal\\\/wp-content\\\/uploads\\\/2024\\\/06\\\/F1-amplian.jpg\",\"datePublished\":\"2024-06-14T10:18:03+00:00\",\"breadcrumb\":{\"@id\":\"https:\\\/\\\/www.eldiario.net\\\/portal\\\/2024\\\/06\\\/14\\\/amplian-15-minutos-mas-horario-invernal\\\/#breadcrumb\"},\"inLanguage\":\"es\",\"potentialAction\":[{\"@type\":\"ReadAction\",\"target\":[\"https:\\\/\\\/www.eldiario.net\\\/portal\\\/2024\\\/06\\\/14\\\/amplian-15-minutos-mas-horario-invernal\\\/\"]}]},{\"@type\":\"ImageObject\",\"inLanguage\":\"es\",\"@id\":\"https:\\\/\\\/www.eldiario.net\\\/portal\\\/2024\\\/06\\\/14\\\/amplian-15-minutos-mas-horario-invernal\\\/#primaryimage\",\"url\":\"https:\\\/\\\/www.eldiario.net\\\/portal\\\/wp-content\\\/uploads\\\/2024\\\/06\\\/F1-amplian.jpg\",\"contentUrl\":\"https:\\\/\\\/www.eldiario.net\\\/portal\\\/wp-content\\\/uploads\\\/2024\\\/06\\\/F1-amplian.jpg\",\"width\":1200,\"height\":800,\"caption\":\"La medida evitar\u00e1, en algo, las horas con mayor intensidad de fr\u00edo.\"},{\"@type\":\"BreadcrumbList\",\"@id\":\"https:\\\/\\\/www.eldiario.net\\\/portal\\\/2024\\\/06\\\/14\\\/amplian-15-minutos-mas-horario-invernal\\\/#breadcrumb\",\"itemListElement\":[{\"@type\":\"ListItem\",\"position\":1,\"name\":\"Portada\",\"item\":\"https:\\\/\\\/www.eldiario.net\\\/portal\\\/\"},{\"@type\":\"ListItem\",\"position\":2,\"name\":\"Ampl\u00edan 15 minutos m\u00e1s horario invernal\"}]},{\"@type\":\"WebSite\",\"@id\":\"https:\\\/\\\/www.eldiario.net\\\/portal\\\/#website\",\"url\":\"https:\\\/\\\/www.eldiario.net\\\/portal\\\/\",\"name\":\"El Diario - Decano de la prensa nacional\",\"description\":\"El Diario - Decano de la prensa nacional\",\"publisher\":{\"@id\":\"https:\\\/\\\/www.eldiario.net\\\/portal\\\/#organization\"},\"potentialAction\":[{\"@type\":\"SearchAction\",\"target\":{\"@type\":\"EntryPoint\",\"urlTemplate\":\"https:\\\/\\\/www.eldiario.net\\\/portal\\\/?s={search_term_string}\"},\"query-input\":{\"@type\":\"PropertyValueSpecification\",\"valueRequired\":true,\"valueName\":\"search_term_string\"}}],\"inLanguage\":\"es\"},{\"@type\":\"Organization\",\"@id\":\"https:\\\/\\\/www.eldiario.net\\\/portal\\\/#organization\",\"name\":\"El Diario - Decano de la prensa nacional\",\"url\":\"https:\\\/\\\/www.eldiario.net\\\/portal\\\/\",\"logo\":{\"@type\":\"ImageObject\",\"inLanguage\":\"es\",\"@id\":\"https:\\\/\\\/www.eldiario.net\\\/portal\\\/#\\\/schema\\\/logo\\\/image\\\/\",\"url\":\"https:\\\/\\\/www.eldiario.net\\\/portal\\\/wp-content\\\/uploads\\\/2023\\\/07\\\/logo_ED.jpg\",\"contentUrl\":\"https:\\\/\\\/www.eldiario.net\\\/portal\\\/wp-content\\\/uploads\\\/2023\\\/07\\\/logo_ED.jpg\",\"width\":272,\"height\":52,\"caption\":\"El Diario - Decano de la prensa nacional\"},\"image\":{\"@id\":\"https:\\\/\\\/www.eldiario.net\\\/portal\\\/#\\\/schema\\\/logo\\\/image\\\/\"},\"sameAs\":[\"https:\\\/\\\/www.facebook.com\\\/eldiario.bolivia\\\/\",\"https:\\\/\\\/x.com\\\/eldiario_net\"]},{\"@type\":\"Person\",\"@id\":\"https:\\\/\\\/www.eldiario.net\\\/portal\\\/#\\\/schema\\\/person\\\/f46445640444750d7d753ccd04ae01b7\",\"name\":\"Jeanette\",\"image\":{\"@type\":\"ImageObject\",\"inLanguage\":\"es\",\"@id\":\"https:\\\/\\\/secure.gravatar.com\\\/avatar\\\/3ea2118a5f7dad2b7138b1187a6b7ee55f160b9968b66013c3a3ef39dd7e5798?s=96&d=mm&r=g\",\"url\":\"https:\\\/\\\/secure.gravatar.com\\\/avatar\\\/3ea2118a5f7dad2b7138b1187a6b7ee55f160b9968b66013c3a3ef39dd7e5798?s=96&d=mm&r=g\",\"contentUrl\":\"https:\\\/\\\/secure.gravatar.com\\\/avatar\\\/3ea2118a5f7dad2b7138b1187a6b7ee55f160b9968b66013c3a3ef39dd7e5798?s=96&d=mm&r=g\",\"caption\":\"Jeanette\"},\"sameAs\":[\"https:\\\/\\\/www.eldiario.net\\\/portal\"],\"url\":\"https:\\\/\\\/www.eldiario.net\\\/portal\\\/author\\\/jeanette\\\/\"}]}<\/script>\n<!-- \/ Yoast SEO plugin. -->","yoast_head_json":{"title":"Ampl\u00edan 15 minutos m\u00e1s horario invernal - El Diario - Bolivia","robots":{"index":"index","follow":"follow","max-snippet":"max-snippet:-1","max-image-preview":"max-image-preview:large","max-video-preview":"max-video-preview:-1"},"canonical":"https:\/\/www.eldiario.net\/portal\/2024\/06\/14\/amplian-15-minutos-mas-horario-invernal\/","og_locale":"es_ES","og_type":"article","og_title":"Ampl\u00edan 15 minutos m\u00e1s horario invernal - El Diario - Bolivia","og_description":"Con el objetivo de resguardar la salud de la poblaci\u00f3n estudiantil pace\u00f1a, el director departamental de Educaci\u00f3n, Basilio P\u00e9rez, inform\u00f3 que se determin\u00f3 ampliar el horario invernal por 15 minutos m\u00e1s en las unidades educativas de La Paz, El Alto y las provincias. \u201cPara precautelar la salud de nuestros estudiantes, especialmente, a consecuencia de las [&hellip;]","og_url":"https:\/\/www.eldiario.net\/portal\/2024\/06\/14\/amplian-15-minutos-mas-horario-invernal\/","og_site_name":"El Diario - Bolivia","article_publisher":"https:\/\/www.facebook.com\/eldiario.bolivia\/","article_published_time":"2024-06-14T10:18:03+00:00","og_image":[{"width":1200,"height":800,"url":"https:\/\/www.eldiario.net\/portal\/wp-content\/uploads\/2024\/06\/F1-amplian.jpg","type":"image\/jpeg"}],"author":"Jeanette","twitter_card":"summary_large_image","twitter_creator":"@eldiario_net","twitter_site":"@eldiario_net","twitter_misc":{"Escrito por":"Jeanette","Tiempo de lectura":"3 minutos"},"schema":{"@context":"https:\/\/schema.org","@graph":[{"@type":"Article","@id":"https:\/\/www.eldiario.net\/portal\/2024\/06\/14\/amplian-15-minutos-mas-horario-invernal\/#article","isPartOf":{"@id":"https:\/\/www.eldiario.net\/portal\/2024\/06\/14\/amplian-15-minutos-mas-horario-invernal\/"},"author":{"name":"Jeanette","@id":"https:\/\/www.eldiario.net\/portal\/#\/schema\/person\/f46445640444750d7d753ccd04ae01b7"},"headline":"Ampl\u00edan 15 minutos m\u00e1s horario invernal","datePublished":"2024-06-14T10:18:03+00:00","mainEntityOfPage":{"@id":"https:\/\/www.eldiario.net\/portal\/2024\/06\/14\/amplian-15-minutos-mas-horario-invernal\/"},"wordCount":513,"commentCount":0,"publisher":{"@id":"https:\/\/www.eldiario.net\/portal\/#organization"},"image":{"@id":"https:\/\/www.eldiario.net\/portal\/2024\/06\/14\/amplian-15-minutos-mas-horario-invernal\/#primaryimage"},"thumbnailUrl":"https:\/\/www.eldiario.net\/portal\/wp-content\/uploads\/2024\/06\/F1-amplian.jpg","articleSection":["Nacional"],"inLanguage":"es","potentialAction":[{"@type":"CommentAction","name":"Comment","target":["https:\/\/www.eldiario.net\/portal\/2024\/06\/14\/amplian-15-minutos-mas-horario-invernal\/#respond"]}]},{"@type":"WebPage","@id":"https:\/\/www.eldiario.net\/portal\/2024\/06\/14\/amplian-15-minutos-mas-horario-invernal\/","url":"https:\/\/www.eldiario.net\/portal\/2024\/06\/14\/amplian-15-minutos-mas-horario-invernal\/","name":"Ampl\u00edan 15 minutos m\u00e1s horario invernal - El Diario - Bolivia","isPartOf":{"@id":"https:\/\/www.eldiario.net\/portal\/#website"},"primaryImageOfPage":{"@id":"https:\/\/www.eldiario.net\/portal\/2024\/06\/14\/amplian-15-minutos-mas-horario-invernal\/#primaryimage"},"image":{"@id":"https:\/\/www.eldiario.net\/portal\/2024\/06\/14\/amplian-15-minutos-mas-horario-invernal\/#primaryimage"},"thumbnailUrl":"https:\/\/www.eldiario.net\/portal\/wp-content\/uploads\/2024\/06\/F1-amplian.jpg","datePublished":"2024-06-14T10:18:03+00:00","breadcrumb":{"@id":"https:\/\/www.eldiario.net\/portal\/2024\/06\/14\/amplian-15-minutos-mas-horario-invernal\/#breadcrumb"},"inLanguage":"es","potentialAction":[{"@type":"ReadAction","target":["https:\/\/www.eldiario.net\/portal\/2024\/06\/14\/amplian-15-minutos-mas-horario-invernal\/"]}]},{"@type":"ImageObject","inLanguage":"es","@id":"https:\/\/www.eldiario.net\/portal\/2024\/06\/14\/amplian-15-minutos-mas-horario-invernal\/#primaryimage","url":"https:\/\/www.eldiario.net\/portal\/wp-content\/uploads\/2024\/06\/F1-amplian.jpg","contentUrl":"https:\/\/www.eldiario.net\/portal\/wp-content\/uploads\/2024\/06\/F1-amplian.jpg","width":1200,"height":800,"caption":"La medida evitar\u00e1, en algo, las horas con mayor intensidad de fr\u00edo."},{"@type":"BreadcrumbList","@id":"https:\/\/www.eldiario.net\/portal\/2024\/06\/14\/amplian-15-minutos-mas-horario-invernal\/#breadcrumb","itemListElement":[{"@type":"ListItem","position":1,"name":"Portada","item":"https:\/\/www.eldiario.net\/portal\/"},{"@type":"ListItem","position":2,"name":"Ampl\u00edan 15 minutos m\u00e1s horario invernal"}]},{"@type":"WebSite","@id":"https:\/\/www.eldiario.net\/portal\/#website","url":"https:\/\/www.eldiario.net\/portal\/","name":"El Diario - Decano de la prensa nacional","description":"El Diario - Decano de la prensa nacional","publisher":{"@id":"https:\/\/www.eldiario.net\/portal\/#organization"},"potentialAction":[{"@type":"SearchAction","target":{"@type":"EntryPoint","urlTemplate":"https:\/\/www.eldiario.net\/portal\/?s={search_term_string}"},"query-input":{"@type":"PropertyValueSpecification","valueRequired":true,"valueName":"search_term_string"}}],"inLanguage":"es"},{"@type":"Organization","@id":"https:\/\/www.eldiario.net\/portal\/#organization","name":"El Diario - Decano de la prensa nacional","url":"https:\/\/www.eldiario.net\/portal\/","logo":{"@type":"ImageObject","inLanguage":"es","@id":"https:\/\/www.eldiario.net\/portal\/#\/schema\/logo\/image\/","url":"https:\/\/www.eldiario.net\/portal\/wp-content\/uploads\/2023\/07\/logo_ED.jpg","contentUrl":"https:\/\/www.eldiario.net\/portal\/wp-content\/uploads\/2023\/07\/logo_ED.jpg","width":272,"height":52,"caption":"El Diario - Decano de la prensa nacional"},"image":{"@id":"https:\/\/www.eldiario.net\/portal\/#\/schema\/logo\/image\/"},"sameAs":["https:\/\/www.facebook.com\/eldiario.bolivia\/","https:\/\/x.com\/eldiario_net"]},{"@type":"Person","@id":"https:\/\/www.eldiario.net\/portal\/#\/schema\/person\/f46445640444750d7d753ccd04ae01b7","name":"Jeanette","image":{"@type":"ImageObject","inLanguage":"es","@id":"https:\/\/secure.gravatar.com\/avatar\/3ea2118a5f7dad2b7138b1187a6b7ee55f160b9968b66013c3a3ef39dd7e5798?s=96&d=mm&r=g","url":"https:\/\/secure.gravatar.com\/avatar\/3ea2118a5f7dad2b7138b1187a6b7ee55f160b9968b66013c3a3ef39dd7e5798?s=96&d=mm&r=g","contentUrl":"https:\/\/secure.gravatar.com\/avatar\/3ea2118a5f7dad2b7138b1187a6b7ee55f160b9968b66013c3a3ef39dd7e5798?s=96&d=mm&r=g","caption":"Jeanette"},"sameAs":["https:\/\/www.eldiario.net\/portal"],"url":"https:\/\/www.eldiario.net\/portal\/author\/jeanette\/"}]}},"_links":{"self":[{"href":"https:\/\/www.eldiario.net\/portal\/wp-json\/wp\/v2\/posts\/227104","targetHints":{"allow":["GET"]}}],"collection":[{"href":"https:\/\/www.eldiario.net\/portal\/wp-json\/wp\/v2\/posts"}],"about":[{"href":"https:\/\/www.eldiario.net\/portal\/wp-json\/wp\/v2\/types\/post"}],"author":[{"embeddable":true,"href":"https:\/\/www.eldiario.net\/portal\/wp-json\/wp\/v2\/users\/1"}],"replies":[{"embeddable":true,"href":"https:\/\/www.eldiario.net\/portal\/wp-json\/wp\/v2\/comments?post=227104"}],"version-history":[{"count":1,"href":"https:\/\/www.eldiario.net\/portal\/wp-json\/wp\/v2\/posts\/227104\/revisions"}],"predecessor-version":[{"id":227106,"href":"https:\/\/www.eldiario.net\/portal\/wp-json\/wp\/v2\/posts\/227104\/revisions\/227106"}],"wp:featuredmedia":[{"embeddable":true,"href":"https:\/\/www.eldiario.net\/portal\/wp-json\/wp\/v2\/media\/227105"}],"wp:attachment":[{"href":"https:\/\/www.eldiario.net\/portal\/wp-json\/wp\/v2\/media?parent=227104"}],"wp:term":[{"taxonomy":"category","embeddable":true,"href":"https:\/\/www.eldiario.net\/portal\/wp-json\/wp\/v2\/categories?post=227104"},{"taxonomy":"post_tag","embeddable":true,"href":"https:\/\/www.eldiario.net\/portal\/wp-json\/wp\/v2\/tags?post=227104"}],"curies":[{"name":"wp","href":"https:\/\/api.w.org\/{rel}","templated":true}]}}