{"id":227087,"date":"2024-06-14T06:13:11","date_gmt":"2024-06-14T10:13:11","guid":{"rendered":"https:\/\/www.eldiario.net\/portal\/?p=227087"},"modified":"2024-06-14T06:13:11","modified_gmt":"2024-06-14T10:13:11","slug":"tres-dias-en-el-espacio-cambia-el-cuerpo-y-la-mente-de-astronautas","status":"publish","type":"post","link":"https:\/\/www.eldiario.net\/portal\/2024\/06\/14\/tres-dias-en-el-espacio-cambia-el-cuerpo-y-la-mente-de-astronautas\/","title":{"rendered":"Tres d\u00edas en el espacio cambia el  cuerpo y la mente de astronautas"},"content":{"rendered":"<p>En septiembre de 2021, cuatro tripulantes de la misi\u00f3n Inspiration4 de SpaceX hicieron historia como el primer equipo completamente civil en orbitar la Tierra. Durante su estancia de tres d\u00edas en el espacio rompieron barreras en la exploraci\u00f3n espacial y en la actualidad, proporcionaron datos detallados sobre los efectos de los viajes espaciales breves en el cuerpo humano.<br \/>\nLa tripulaci\u00f3n de Inspiration4, que inclu\u00eda a la m\u00e9dica Hayley Arceneaux, al ingeniero de datos aeroespaciales Chris Sembroski, la geocient\u00edfica Sian Proctor y el empresario multimillonario Jared Isaacman, se someti\u00f3 a pruebas exhaustivas antes, durante y despu\u00e9s del vuelo.<br \/>\nSe llevaron a cabo an\u00e1lisis de sangre, saliva y biopsias de piel, entre otros, proporcionando una visi\u00f3n integral de los efectos del viaje espacial en el cuerpo humano. Las investigaciones recientes, basadas en los datos recopilados durante la misi\u00f3n Inspiration4, arrojaron a la luz c\u00f3mo los viajes espaciales afectan diferentes sistemas del cuerpo humano.<br \/>\nLos estudios, publicados en Nature, revelaron cambios significativos en estructuras cruciales como el cerebro, coraz\u00f3n, m\u00fasculos, ri\u00f1ones y piel. Tambi\u00e9n se observaron alteraciones en la regulaci\u00f3n inmune y los niveles de estr\u00e9s, as\u00ed como en las mitocondrias, las \u201ccentrales energ\u00e9ticas\u201d de las c\u00e9lulas.<br \/>\nEn palabras del bioinform\u00e1tico Afshin Beheshti del Instituto Espacial de Ciencias Blue Marble en Seattle: \u201cCuanto mayor sea la duraci\u00f3n en el espacio, mayor ser\u00e1 el aumento de los riesgos para la salud observados\u201d. Pero aclar\u00f3 que estos datos podr\u00edan ayudar a contrarrestar las consecuencias en futuras misiones.<br \/>\nEL POST MISI\u00d3N<br \/>\nUn aspecto alentador de la investigaci\u00f3n es que m\u00e1s del 95% de los biomarcadores monitoreados regresaron a sus niveles previos al vuelo en los meses posteriores al regreso de la tripulaci\u00f3n.<br \/>\nAllen Liu, profesor de ingenier\u00eda mec\u00e1nica de la Universidad de Michigan, quien no particip\u00f3 en la investigaci\u00f3n, a\u00f1adi\u00f3 a AP: \u201cEsto nos permitir\u00e1 estar mejor preparados cuando enviemos humanos al espacio por cualquier motivo\u201d.<br \/>\nLa misi\u00f3n fue una odisea personal para los miembros de la tripulaci\u00f3n. Arceneaux, asistente m\u00e9dica y sobreviviente de c\u00e1ncer pedi\u00e1trico, se convirti\u00f3 en la estadounidense m\u00e1s joven en orbitar la Tierra.<br \/>\nA pesar de algunos efectos secundarios, la experiencia fue positiva. \u201cMe encanta mi cicatriz espacial\u201d, dijo Arceneaux, quien ten\u00eda 29 a\u00f1os en ese momento.<br \/>\nLOS AVANCES<br \/>\nLa investigaci\u00f3n tambi\u00e9n compar\u00f3 los datos de la misi\u00f3n Inspiration4 con informaci\u00f3n de 64 astronautas que participaron en misiones m\u00e1s prolongadas a bordo de la Estaci\u00f3n Espacial Internacional (ISS) y otras misiones.<br \/>\nEsto permiti\u00f3 analizar los efectos de niveles m\u00e1s altos de radiaci\u00f3n, dado que Inspiration4 vol\u00f3 a una altitud de aproximadamente 370 millas (590 km) sobre la Tierra, m\u00e1s alto que la ISS.<br \/>\n\u201cHasta ahora, las mujeres parecen volver a la l\u00ednea de base (estado previo al vuelo) m\u00e1s r\u00e1pido que los hombres, pero nuestras cifras son demasiado peque\u00f1as para que esto sea definitivo\u201d, explic\u00f3 Mason.<br \/>\nHACIA UNA NUEVA ERA ESPACIAL<br \/>\nEl comienzo de esta \u201csegunda era espacial\u201d se caracteriza por el aumento de misiones comerciales, lo que aceler\u00f3 la urgencia de comprender los riesgos para la salud. Los investigadores est\u00e1n adoptando un enfoque proactivo.<br \/>\n\u201cSe demostr\u00f3 que la respuesta sist\u00e9mica observada en los vuelos espaciales contribuye a una mayor fragilidad en los seres humanos\u201d, explic\u00f3 Beheshti.<br \/>\nLa investigaci\u00f3n tambi\u00e9n se\u00f1ala posibles caminos para mitigar los da\u00f1os causados por la radiaci\u00f3n espacial. Una serie de estudios encontr\u00f3 que ciertas mol\u00e9culas implicadas en la regulaci\u00f3n de la actividad gen\u00e9tica est\u00e1n inhibidas en el espacio, lo que abre la puerta a posibles contramedidas. (Infobae)<\/p>\n","protected":false},"excerpt":{"rendered":"<p>En septiembre de 2021, cuatro tripulantes de la misi\u00f3n Inspiration4 de SpaceX hicieron historia como el primer equipo completamente civil en orbitar la Tierra. Durante su estancia de tres d\u00edas en el espacio rompieron barreras en la exploraci\u00f3n espacial y en la actualidad, proporcionaron datos detallados sobre los efectos de los viajes espaciales breves en [&hellip;]<\/p>\n","protected":false},"author":1,"featured_media":227088,"comment_status":"open","ping_status":"open","sticky":false,"template":"","format":"standard","meta":{"_acf_changed":false,"footnotes":""},"categories":[3],"tags":[],"class_list":["post-227087","post","type-post","status-publish","format-standard","has-post-thumbnail","category-internacional"],"acf":{"antetitulo":"Seg\u00fan estudios y datos"},"yoast_head":"<!-- This site is optimized with the Yoast SEO plugin v28.4 - https:\/\/yoast.com\/product\/yoast-seo-wordpress\/ -->\n<title>Tres d\u00edas en el espacio cambia el cuerpo y la mente de astronautas - El Diario - Bolivia<\/title>\n<meta name=\"robots\" content=\"index, follow, max-snippet:-1, max-image-preview:large, max-video-preview:-1\" \/>\n<link rel=\"canonical\" href=\"https:\/\/www.eldiario.net\/portal\/2024\/06\/14\/tres-dias-en-el-espacio-cambia-el-cuerpo-y-la-mente-de-astronautas\/\" \/>\n<meta property=\"og:locale\" content=\"es_ES\" \/>\n<meta property=\"og:type\" content=\"article\" \/>\n<meta property=\"og:title\" content=\"Tres d\u00edas en el espacio cambia el cuerpo y la mente de astronautas - El Diario - Bolivia\" \/>\n<meta property=\"og:description\" content=\"En septiembre de 2021, cuatro tripulantes de la misi\u00f3n Inspiration4 de SpaceX hicieron historia como el primer equipo completamente civil en orbitar la Tierra. Durante su estancia de tres d\u00edas en el espacio rompieron barreras en la exploraci\u00f3n espacial y en la actualidad, proporcionaron datos detallados sobre los efectos de los viajes espaciales breves en [&hellip;]\" \/>\n<meta property=\"og:url\" content=\"https:\/\/www.eldiario.net\/portal\/2024\/06\/14\/tres-dias-en-el-espacio-cambia-el-cuerpo-y-la-mente-de-astronautas\/\" \/>\n<meta property=\"og:site_name\" content=\"El Diario - Bolivia\" \/>\n<meta property=\"article:publisher\" content=\"https:\/\/www.facebook.com\/eldiario.bolivia\/\" \/>\n<meta property=\"article:published_time\" content=\"2024-06-14T10:13:11+00:00\" \/>\n<meta property=\"og:image\" content=\"https:\/\/www.eldiario.net\/portal\/wp-content\/uploads\/2024\/06\/ASTROS.jpg\" \/>\n\t<meta property=\"og:image:width\" content=\"992\" \/>\n\t<meta property=\"og:image:height\" content=\"606\" \/>\n\t<meta property=\"og:image:type\" content=\"image\/jpeg\" \/>\n<meta name=\"author\" content=\"Jeanette\" \/>\n<meta name=\"twitter:card\" content=\"summary_large_image\" \/>\n<meta name=\"twitter:creator\" content=\"@eldiario_net\" \/>\n<meta name=\"twitter:site\" content=\"@eldiario_net\" \/>\n<meta name=\"twitter:label1\" content=\"Escrito por\" \/>\n\t<meta name=\"twitter:data1\" content=\"Jeanette\" \/>\n\t<meta name=\"twitter:label2\" content=\"Tiempo de lectura\" \/>\n\t<meta name=\"twitter:data2\" content=\"3 minutos\" \/>\n<script type=\"application\/ld+json\" class=\"yoast-schema-graph\">{\"@context\":\"https:\\\/\\\/schema.org\",\"@graph\":[{\"@type\":\"Article\",\"@id\":\"https:\\\/\\\/www.eldiario.net\\\/portal\\\/2024\\\/06\\\/14\\\/tres-dias-en-el-espacio-cambia-el-cuerpo-y-la-mente-de-astronautas\\\/#article\",\"isPartOf\":{\"@id\":\"https:\\\/\\\/www.eldiario.net\\\/portal\\\/2024\\\/06\\\/14\\\/tres-dias-en-el-espacio-cambia-el-cuerpo-y-la-mente-de-astronautas\\\/\"},\"author\":{\"name\":\"Jeanette\",\"@id\":\"https:\\\/\\\/www.eldiario.net\\\/portal\\\/#\\\/schema\\\/person\\\/f46445640444750d7d753ccd04ae01b7\"},\"headline\":\"Tres d\u00edas en el espacio cambia el cuerpo y la mente de astronautas\",\"datePublished\":\"2024-06-14T10:13:11+00:00\",\"mainEntityOfPage\":{\"@id\":\"https:\\\/\\\/www.eldiario.net\\\/portal\\\/2024\\\/06\\\/14\\\/tres-dias-en-el-espacio-cambia-el-cuerpo-y-la-mente-de-astronautas\\\/\"},\"wordCount\":641,\"commentCount\":0,\"publisher\":{\"@id\":\"https:\\\/\\\/www.eldiario.net\\\/portal\\\/#organization\"},\"image\":{\"@id\":\"https:\\\/\\\/www.eldiario.net\\\/portal\\\/2024\\\/06\\\/14\\\/tres-dias-en-el-espacio-cambia-el-cuerpo-y-la-mente-de-astronautas\\\/#primaryimage\"},\"thumbnailUrl\":\"https:\\\/\\\/www.eldiario.net\\\/portal\\\/wp-content\\\/uploads\\\/2024\\\/06\\\/ASTROS.jpg\",\"articleSection\":[\"Internacional\"],\"inLanguage\":\"es\",\"potentialAction\":[{\"@type\":\"CommentAction\",\"name\":\"Comment\",\"target\":[\"https:\\\/\\\/www.eldiario.net\\\/portal\\\/2024\\\/06\\\/14\\\/tres-dias-en-el-espacio-cambia-el-cuerpo-y-la-mente-de-astronautas\\\/#respond\"]}]},{\"@type\":\"WebPage\",\"@id\":\"https:\\\/\\\/www.eldiario.net\\\/portal\\\/2024\\\/06\\\/14\\\/tres-dias-en-el-espacio-cambia-el-cuerpo-y-la-mente-de-astronautas\\\/\",\"url\":\"https:\\\/\\\/www.eldiario.net\\\/portal\\\/2024\\\/06\\\/14\\\/tres-dias-en-el-espacio-cambia-el-cuerpo-y-la-mente-de-astronautas\\\/\",\"name\":\"Tres d\u00edas en el espacio cambia el cuerpo y la mente de astronautas - El Diario - Bolivia\",\"isPartOf\":{\"@id\":\"https:\\\/\\\/www.eldiario.net\\\/portal\\\/#website\"},\"primaryImageOfPage\":{\"@id\":\"https:\\\/\\\/www.eldiario.net\\\/portal\\\/2024\\\/06\\\/14\\\/tres-dias-en-el-espacio-cambia-el-cuerpo-y-la-mente-de-astronautas\\\/#primaryimage\"},\"image\":{\"@id\":\"https:\\\/\\\/www.eldiario.net\\\/portal\\\/2024\\\/06\\\/14\\\/tres-dias-en-el-espacio-cambia-el-cuerpo-y-la-mente-de-astronautas\\\/#primaryimage\"},\"thumbnailUrl\":\"https:\\\/\\\/www.eldiario.net\\\/portal\\\/wp-content\\\/uploads\\\/2024\\\/06\\\/ASTROS.jpg\",\"datePublished\":\"2024-06-14T10:13:11+00:00\",\"breadcrumb\":{\"@id\":\"https:\\\/\\\/www.eldiario.net\\\/portal\\\/2024\\\/06\\\/14\\\/tres-dias-en-el-espacio-cambia-el-cuerpo-y-la-mente-de-astronautas\\\/#breadcrumb\"},\"inLanguage\":\"es\",\"potentialAction\":[{\"@type\":\"ReadAction\",\"target\":[\"https:\\\/\\\/www.eldiario.net\\\/portal\\\/2024\\\/06\\\/14\\\/tres-dias-en-el-espacio-cambia-el-cuerpo-y-la-mente-de-astronautas\\\/\"]}]},{\"@type\":\"ImageObject\",\"inLanguage\":\"es\",\"@id\":\"https:\\\/\\\/www.eldiario.net\\\/portal\\\/2024\\\/06\\\/14\\\/tres-dias-en-el-espacio-cambia-el-cuerpo-y-la-mente-de-astronautas\\\/#primaryimage\",\"url\":\"https:\\\/\\\/www.eldiario.net\\\/portal\\\/wp-content\\\/uploads\\\/2024\\\/06\\\/ASTROS.jpg\",\"contentUrl\":\"https:\\\/\\\/www.eldiario.net\\\/portal\\\/wp-content\\\/uploads\\\/2024\\\/06\\\/ASTROS.jpg\",\"width\":992,\"height\":606,\"caption\":\"LA TRIPULACI\u00d3N4 SE SOMETI\u00d3 A RIGUROSAS PRUEBAS QUE REVELAN EL IMPACTO EN EL CUERPO. Reuters\"},{\"@type\":\"BreadcrumbList\",\"@id\":\"https:\\\/\\\/www.eldiario.net\\\/portal\\\/2024\\\/06\\\/14\\\/tres-dias-en-el-espacio-cambia-el-cuerpo-y-la-mente-de-astronautas\\\/#breadcrumb\",\"itemListElement\":[{\"@type\":\"ListItem\",\"position\":1,\"name\":\"Portada\",\"item\":\"https:\\\/\\\/www.eldiario.net\\\/portal\\\/\"},{\"@type\":\"ListItem\",\"position\":2,\"name\":\"Tres d\u00edas en el espacio cambia el cuerpo y la mente de astronautas\"}]},{\"@type\":\"WebSite\",\"@id\":\"https:\\\/\\\/www.eldiario.net\\\/portal\\\/#website\",\"url\":\"https:\\\/\\\/www.eldiario.net\\\/portal\\\/\",\"name\":\"El Diario - Decano de la prensa nacional\",\"description\":\"El Diario - Decano de la prensa nacional\",\"publisher\":{\"@id\":\"https:\\\/\\\/www.eldiario.net\\\/portal\\\/#organization\"},\"potentialAction\":[{\"@type\":\"SearchAction\",\"target\":{\"@type\":\"EntryPoint\",\"urlTemplate\":\"https:\\\/\\\/www.eldiario.net\\\/portal\\\/?s={search_term_string}\"},\"query-input\":{\"@type\":\"PropertyValueSpecification\",\"valueRequired\":true,\"valueName\":\"search_term_string\"}}],\"inLanguage\":\"es\"},{\"@type\":\"Organization\",\"@id\":\"https:\\\/\\\/www.eldiario.net\\\/portal\\\/#organization\",\"name\":\"El Diario - Decano de la prensa nacional\",\"url\":\"https:\\\/\\\/www.eldiario.net\\\/portal\\\/\",\"logo\":{\"@type\":\"ImageObject\",\"inLanguage\":\"es\",\"@id\":\"https:\\\/\\\/www.eldiario.net\\\/portal\\\/#\\\/schema\\\/logo\\\/image\\\/\",\"url\":\"https:\\\/\\\/www.eldiario.net\\\/portal\\\/wp-content\\\/uploads\\\/2023\\\/07\\\/logo_ED.jpg\",\"contentUrl\":\"https:\\\/\\\/www.eldiario.net\\\/portal\\\/wp-content\\\/uploads\\\/2023\\\/07\\\/logo_ED.jpg\",\"width\":272,\"height\":52,\"caption\":\"El Diario - Decano de la prensa nacional\"},\"image\":{\"@id\":\"https:\\\/\\\/www.eldiario.net\\\/portal\\\/#\\\/schema\\\/logo\\\/image\\\/\"},\"sameAs\":[\"https:\\\/\\\/www.facebook.com\\\/eldiario.bolivia\\\/\",\"https:\\\/\\\/x.com\\\/eldiario_net\"]},{\"@type\":\"Person\",\"@id\":\"https:\\\/\\\/www.eldiario.net\\\/portal\\\/#\\\/schema\\\/person\\\/f46445640444750d7d753ccd04ae01b7\",\"name\":\"Jeanette\",\"image\":{\"@type\":\"ImageObject\",\"inLanguage\":\"es\",\"@id\":\"https:\\\/\\\/secure.gravatar.com\\\/avatar\\\/3ea2118a5f7dad2b7138b1187a6b7ee55f160b9968b66013c3a3ef39dd7e5798?s=96&d=mm&r=g\",\"url\":\"https:\\\/\\\/secure.gravatar.com\\\/avatar\\\/3ea2118a5f7dad2b7138b1187a6b7ee55f160b9968b66013c3a3ef39dd7e5798?s=96&d=mm&r=g\",\"contentUrl\":\"https:\\\/\\\/secure.gravatar.com\\\/avatar\\\/3ea2118a5f7dad2b7138b1187a6b7ee55f160b9968b66013c3a3ef39dd7e5798?s=96&d=mm&r=g\",\"caption\":\"Jeanette\"},\"sameAs\":[\"https:\\\/\\\/www.eldiario.net\\\/portal\"],\"url\":\"https:\\\/\\\/www.eldiario.net\\\/portal\\\/author\\\/jeanette\\\/\"}]}<\/script>\n<!-- \/ Yoast SEO plugin. -->","yoast_head_json":{"title":"Tres d\u00edas en el espacio cambia el cuerpo y la mente de astronautas - El Diario - Bolivia","robots":{"index":"index","follow":"follow","max-snippet":"max-snippet:-1","max-image-preview":"max-image-preview:large","max-video-preview":"max-video-preview:-1"},"canonical":"https:\/\/www.eldiario.net\/portal\/2024\/06\/14\/tres-dias-en-el-espacio-cambia-el-cuerpo-y-la-mente-de-astronautas\/","og_locale":"es_ES","og_type":"article","og_title":"Tres d\u00edas en el espacio cambia el cuerpo y la mente de astronautas - El Diario - Bolivia","og_description":"En septiembre de 2021, cuatro tripulantes de la misi\u00f3n Inspiration4 de SpaceX hicieron historia como el primer equipo completamente civil en orbitar la Tierra. Durante su estancia de tres d\u00edas en el espacio rompieron barreras en la exploraci\u00f3n espacial y en la actualidad, proporcionaron datos detallados sobre los efectos de los viajes espaciales breves en [&hellip;]","og_url":"https:\/\/www.eldiario.net\/portal\/2024\/06\/14\/tres-dias-en-el-espacio-cambia-el-cuerpo-y-la-mente-de-astronautas\/","og_site_name":"El Diario - Bolivia","article_publisher":"https:\/\/www.facebook.com\/eldiario.bolivia\/","article_published_time":"2024-06-14T10:13:11+00:00","og_image":[{"width":992,"height":606,"url":"https:\/\/www.eldiario.net\/portal\/wp-content\/uploads\/2024\/06\/ASTROS.jpg","type":"image\/jpeg"}],"author":"Jeanette","twitter_card":"summary_large_image","twitter_creator":"@eldiario_net","twitter_site":"@eldiario_net","twitter_misc":{"Escrito por":"Jeanette","Tiempo de lectura":"3 minutos"},"schema":{"@context":"https:\/\/schema.org","@graph":[{"@type":"Article","@id":"https:\/\/www.eldiario.net\/portal\/2024\/06\/14\/tres-dias-en-el-espacio-cambia-el-cuerpo-y-la-mente-de-astronautas\/#article","isPartOf":{"@id":"https:\/\/www.eldiario.net\/portal\/2024\/06\/14\/tres-dias-en-el-espacio-cambia-el-cuerpo-y-la-mente-de-astronautas\/"},"author":{"name":"Jeanette","@id":"https:\/\/www.eldiario.net\/portal\/#\/schema\/person\/f46445640444750d7d753ccd04ae01b7"},"headline":"Tres d\u00edas en el espacio cambia el cuerpo y la mente de astronautas","datePublished":"2024-06-14T10:13:11+00:00","mainEntityOfPage":{"@id":"https:\/\/www.eldiario.net\/portal\/2024\/06\/14\/tres-dias-en-el-espacio-cambia-el-cuerpo-y-la-mente-de-astronautas\/"},"wordCount":641,"commentCount":0,"publisher":{"@id":"https:\/\/www.eldiario.net\/portal\/#organization"},"image":{"@id":"https:\/\/www.eldiario.net\/portal\/2024\/06\/14\/tres-dias-en-el-espacio-cambia-el-cuerpo-y-la-mente-de-astronautas\/#primaryimage"},"thumbnailUrl":"https:\/\/www.eldiario.net\/portal\/wp-content\/uploads\/2024\/06\/ASTROS.jpg","articleSection":["Internacional"],"inLanguage":"es","potentialAction":[{"@type":"CommentAction","name":"Comment","target":["https:\/\/www.eldiario.net\/portal\/2024\/06\/14\/tres-dias-en-el-espacio-cambia-el-cuerpo-y-la-mente-de-astronautas\/#respond"]}]},{"@type":"WebPage","@id":"https:\/\/www.eldiario.net\/portal\/2024\/06\/14\/tres-dias-en-el-espacio-cambia-el-cuerpo-y-la-mente-de-astronautas\/","url":"https:\/\/www.eldiario.net\/portal\/2024\/06\/14\/tres-dias-en-el-espacio-cambia-el-cuerpo-y-la-mente-de-astronautas\/","name":"Tres d\u00edas en el espacio cambia el cuerpo y la mente de astronautas - El Diario - Bolivia","isPartOf":{"@id":"https:\/\/www.eldiario.net\/portal\/#website"},"primaryImageOfPage":{"@id":"https:\/\/www.eldiario.net\/portal\/2024\/06\/14\/tres-dias-en-el-espacio-cambia-el-cuerpo-y-la-mente-de-astronautas\/#primaryimage"},"image":{"@id":"https:\/\/www.eldiario.net\/portal\/2024\/06\/14\/tres-dias-en-el-espacio-cambia-el-cuerpo-y-la-mente-de-astronautas\/#primaryimage"},"thumbnailUrl":"https:\/\/www.eldiario.net\/portal\/wp-content\/uploads\/2024\/06\/ASTROS.jpg","datePublished":"2024-06-14T10:13:11+00:00","breadcrumb":{"@id":"https:\/\/www.eldiario.net\/portal\/2024\/06\/14\/tres-dias-en-el-espacio-cambia-el-cuerpo-y-la-mente-de-astronautas\/#breadcrumb"},"inLanguage":"es","potentialAction":[{"@type":"ReadAction","target":["https:\/\/www.eldiario.net\/portal\/2024\/06\/14\/tres-dias-en-el-espacio-cambia-el-cuerpo-y-la-mente-de-astronautas\/"]}]},{"@type":"ImageObject","inLanguage":"es","@id":"https:\/\/www.eldiario.net\/portal\/2024\/06\/14\/tres-dias-en-el-espacio-cambia-el-cuerpo-y-la-mente-de-astronautas\/#primaryimage","url":"https:\/\/www.eldiario.net\/portal\/wp-content\/uploads\/2024\/06\/ASTROS.jpg","contentUrl":"https:\/\/www.eldiario.net\/portal\/wp-content\/uploads\/2024\/06\/ASTROS.jpg","width":992,"height":606,"caption":"LA TRIPULACI\u00d3N4 SE SOMETI\u00d3 A RIGUROSAS PRUEBAS QUE REVELAN EL IMPACTO EN EL CUERPO. Reuters"},{"@type":"BreadcrumbList","@id":"https:\/\/www.eldiario.net\/portal\/2024\/06\/14\/tres-dias-en-el-espacio-cambia-el-cuerpo-y-la-mente-de-astronautas\/#breadcrumb","itemListElement":[{"@type":"ListItem","position":1,"name":"Portada","item":"https:\/\/www.eldiario.net\/portal\/"},{"@type":"ListItem","position":2,"name":"Tres d\u00edas en el espacio cambia el cuerpo y la mente de astronautas"}]},{"@type":"WebSite","@id":"https:\/\/www.eldiario.net\/portal\/#website","url":"https:\/\/www.eldiario.net\/portal\/","name":"El Diario - Decano de la prensa nacional","description":"El Diario - Decano de la prensa nacional","publisher":{"@id":"https:\/\/www.eldiario.net\/portal\/#organization"},"potentialAction":[{"@type":"SearchAction","target":{"@type":"EntryPoint","urlTemplate":"https:\/\/www.eldiario.net\/portal\/?s={search_term_string}"},"query-input":{"@type":"PropertyValueSpecification","valueRequired":true,"valueName":"search_term_string"}}],"inLanguage":"es"},{"@type":"Organization","@id":"https:\/\/www.eldiario.net\/portal\/#organization","name":"El Diario - Decano de la prensa nacional","url":"https:\/\/www.eldiario.net\/portal\/","logo":{"@type":"ImageObject","inLanguage":"es","@id":"https:\/\/www.eldiario.net\/portal\/#\/schema\/logo\/image\/","url":"https:\/\/www.eldiario.net\/portal\/wp-content\/uploads\/2023\/07\/logo_ED.jpg","contentUrl":"https:\/\/www.eldiario.net\/portal\/wp-content\/uploads\/2023\/07\/logo_ED.jpg","width":272,"height":52,"caption":"El Diario - Decano de la prensa nacional"},"image":{"@id":"https:\/\/www.eldiario.net\/portal\/#\/schema\/logo\/image\/"},"sameAs":["https:\/\/www.facebook.com\/eldiario.bolivia\/","https:\/\/x.com\/eldiario_net"]},{"@type":"Person","@id":"https:\/\/www.eldiario.net\/portal\/#\/schema\/person\/f46445640444750d7d753ccd04ae01b7","name":"Jeanette","image":{"@type":"ImageObject","inLanguage":"es","@id":"https:\/\/secure.gravatar.com\/avatar\/3ea2118a5f7dad2b7138b1187a6b7ee55f160b9968b66013c3a3ef39dd7e5798?s=96&d=mm&r=g","url":"https:\/\/secure.gravatar.com\/avatar\/3ea2118a5f7dad2b7138b1187a6b7ee55f160b9968b66013c3a3ef39dd7e5798?s=96&d=mm&r=g","contentUrl":"https:\/\/secure.gravatar.com\/avatar\/3ea2118a5f7dad2b7138b1187a6b7ee55f160b9968b66013c3a3ef39dd7e5798?s=96&d=mm&r=g","caption":"Jeanette"},"sameAs":["https:\/\/www.eldiario.net\/portal"],"url":"https:\/\/www.eldiario.net\/portal\/author\/jeanette\/"}]}},"_links":{"self":[{"href":"https:\/\/www.eldiario.net\/portal\/wp-json\/wp\/v2\/posts\/227087","targetHints":{"allow":["GET"]}}],"collection":[{"href":"https:\/\/www.eldiario.net\/portal\/wp-json\/wp\/v2\/posts"}],"about":[{"href":"https:\/\/www.eldiario.net\/portal\/wp-json\/wp\/v2\/types\/post"}],"author":[{"embeddable":true,"href":"https:\/\/www.eldiario.net\/portal\/wp-json\/wp\/v2\/users\/1"}],"replies":[{"embeddable":true,"href":"https:\/\/www.eldiario.net\/portal\/wp-json\/wp\/v2\/comments?post=227087"}],"version-history":[{"count":1,"href":"https:\/\/www.eldiario.net\/portal\/wp-json\/wp\/v2\/posts\/227087\/revisions"}],"predecessor-version":[{"id":227089,"href":"https:\/\/www.eldiario.net\/portal\/wp-json\/wp\/v2\/posts\/227087\/revisions\/227089"}],"wp:featuredmedia":[{"embeddable":true,"href":"https:\/\/www.eldiario.net\/portal\/wp-json\/wp\/v2\/media\/227088"}],"wp:attachment":[{"href":"https:\/\/www.eldiario.net\/portal\/wp-json\/wp\/v2\/media?parent=227087"}],"wp:term":[{"taxonomy":"category","embeddable":true,"href":"https:\/\/www.eldiario.net\/portal\/wp-json\/wp\/v2\/categories?post=227087"},{"taxonomy":"post_tag","embeddable":true,"href":"https:\/\/www.eldiario.net\/portal\/wp-json\/wp\/v2\/tags?post=227087"}],"curies":[{"name":"wp","href":"https:\/\/api.w.org\/{rel}","templated":true}]}}