{"id":227080,"date":"2024-06-14T06:10:51","date_gmt":"2024-06-14T10:10:51","guid":{"rendered":"https:\/\/www.eldiario.net\/portal\/?p=227080"},"modified":"2024-06-14T06:10:51","modified_gmt":"2024-06-14T10:10:51","slug":"diferencias-notables-detectadas-en-el-grosor-de-la-via-lactea","status":"publish","type":"post","link":"https:\/\/www.eldiario.net\/portal\/2024\/06\/14\/diferencias-notables-detectadas-en-el-grosor-de-la-via-lactea\/","title":{"rendered":"Diferencias notables detectadas  en el grosor de la V\u00eda L\u00e1ctea"},"content":{"rendered":"<p>Un equipo de astr\u00f3nomos pudo deducir el grosor de las regiones interna y externa de nuestra galaxia, la V\u00eda L\u00e1ctea, para descubrir una diferencia dr\u00e1stica y sorprendente entre ambas.<br \/>\nCient\u00edficos del Observatorio Green Bank (GBO) de la National Science Foundation (NSF) de Estados Unidos, que estaban intentando estudiar la conocida como Nube Smith, escondida detr\u00e1s de densas capas de gas y polvo en la V\u00eda L\u00e1ctea.<br \/>\nSe espera que la Nube Smith, que contiene suficiente gas para llenar un mill\u00f3n de soles, se estrelle contra la V\u00eda L\u00e1ctea en unos 27 millones de a\u00f1os. Los astr\u00f3nomos estuvieron intrigados por esta monstruosa nube de alta velocidad desde su descubrimiento en la d\u00e9cada de 1960. El Telescopio Green Bank (GBT) y el telescopio de 20 metros del GBO, junto con el Telescopio Hubble de la NASA\/ESA, son las principales herramientas que se utilizaron para estudiar este enorme y misterioso cuerpo de gas.<br \/>\nEl cient\u00edfico del GBO Toney Minter plane\u00f3 observar el lugar donde parte de la Nube Smith est\u00e1 interactuando ahora con la V\u00eda L\u00e1ctea. A esta distancia, y al otro lado de la V\u00eda L\u00e1ctea, esta observaci\u00f3n es complicada, incluso para un telescopio tan sensible como el GBT. Minter buscaba polvo y emisiones d\u00e9biles de mol\u00e9culas de hidroxilo (OH). La Nube Smith deber\u00eda tener muy poco o nada de polvo y OH, mientras que la mayor\u00eda de las nubes en la V\u00eda L\u00e1ctea contienen ambos. Si Minter encontraba un \u00e1rea de acreci\u00f3n en la V\u00eda L\u00e1ctea donde partes de la Nube Smith hab\u00edan comenzado a mezclarse, ver\u00eda las diferencias en su composici\u00f3n y aprender\u00eda m\u00e1s sobre esta interacci\u00f3n. (Europa Press)<\/p>\n<p>En cambio, la observaci\u00f3n de Minter revel\u00f3 informaci\u00f3n sobre la estructura de la parte interna de nuestra galaxia. Mientras observaba la V\u00eda L\u00e1ctea en busca de mol\u00e9culas de OH en su \u00e1rea objetivo, Minter determin\u00f3 el espesor de la capa de mol\u00e9culas en la galaxia interior.<br \/>\nEsto revel\u00f3 la altura de escala del gas molecular en la V\u00eda L\u00e1ctea interior, que mide alrededor de 100 parsecs, o 330 a\u00f1os luz de di\u00e1metro. Las observaciones de mol\u00e9culas en las partes externas de la V\u00eda L\u00e1ctea son de alrededor de 200 parsecs, o el doble del espesor.<br \/>\n\u00bfQu\u00e9 significa esto para lo que los cient\u00edficos saben sobre la V\u00eda L\u00e1ctea? Minter agrega: \u00abTodo lo que puedo decir actualmente es que los datos que vemos de esta parte de la galaxia interior muestran que es diferente de la galaxia exterior\u00bb.<\/p>\n","protected":false},"excerpt":{"rendered":"<p>Un equipo de astr\u00f3nomos pudo deducir el grosor de las regiones interna y externa de nuestra galaxia, la V\u00eda L\u00e1ctea, para descubrir una diferencia dr\u00e1stica y sorprendente entre ambas. Cient\u00edficos del Observatorio Green Bank (GBO) de la National Science Foundation (NSF) de Estados Unidos, que estaban intentando estudiar la conocida como Nube Smith, escondida detr\u00e1s [&hellip;]<\/p>\n","protected":false},"author":1,"featured_media":194703,"comment_status":"open","ping_status":"open","sticky":false,"template":"","format":"standard","meta":{"_acf_changed":false,"footnotes":""},"categories":[3],"tags":[],"class_list":["post-227080","post","type-post","status-publish","format-standard","has-post-thumbnail","category-internacional"],"acf":{"antetitulo":""},"yoast_head":"<!-- This site is optimized with the Yoast SEO plugin v28.4 - https:\/\/yoast.com\/product\/yoast-seo-wordpress\/ -->\n<title>Diferencias notables detectadas en el grosor de la V\u00eda L\u00e1ctea - El Diario - Bolivia<\/title>\n<meta name=\"robots\" content=\"index, follow, max-snippet:-1, max-image-preview:large, max-video-preview:-1\" \/>\n<link rel=\"canonical\" href=\"https:\/\/www.eldiario.net\/portal\/2024\/06\/14\/diferencias-notables-detectadas-en-el-grosor-de-la-via-lactea\/\" \/>\n<meta property=\"og:locale\" content=\"es_ES\" \/>\n<meta property=\"og:type\" content=\"article\" \/>\n<meta property=\"og:title\" content=\"Diferencias notables detectadas en el grosor de la V\u00eda L\u00e1ctea - El Diario - Bolivia\" \/>\n<meta property=\"og:description\" content=\"Un equipo de astr\u00f3nomos pudo deducir el grosor de las regiones interna y externa de nuestra galaxia, la V\u00eda L\u00e1ctea, para descubrir una diferencia dr\u00e1stica y sorprendente entre ambas. Cient\u00edficos del Observatorio Green Bank (GBO) de la National Science Foundation (NSF) de Estados Unidos, que estaban intentando estudiar la conocida como Nube Smith, escondida detr\u00e1s [&hellip;]\" \/>\n<meta property=\"og:url\" content=\"https:\/\/www.eldiario.net\/portal\/2024\/06\/14\/diferencias-notables-detectadas-en-el-grosor-de-la-via-lactea\/\" \/>\n<meta property=\"og:site_name\" content=\"El Diario - Bolivia\" \/>\n<meta property=\"article:publisher\" content=\"https:\/\/www.facebook.com\/eldiario.bolivia\/\" \/>\n<meta property=\"article:published_time\" content=\"2024-06-14T10:10:51+00:00\" \/>\n<meta property=\"og:image\" content=\"https:\/\/www.eldiario.net\/portal\/wp-content\/uploads\/2023\/12\/Internacional.jpg\" \/>\n\t<meta property=\"og:image:width\" content=\"800\" \/>\n\t<meta property=\"og:image:height\" content=\"500\" \/>\n\t<meta property=\"og:image:type\" content=\"image\/jpeg\" \/>\n<meta name=\"author\" content=\"Jeanette\" \/>\n<meta name=\"twitter:card\" content=\"summary_large_image\" \/>\n<meta name=\"twitter:creator\" content=\"@eldiario_net\" \/>\n<meta name=\"twitter:site\" content=\"@eldiario_net\" \/>\n<meta name=\"twitter:label1\" content=\"Escrito por\" \/>\n\t<meta name=\"twitter:data1\" content=\"Jeanette\" \/>\n\t<meta name=\"twitter:label2\" content=\"Tiempo de lectura\" \/>\n\t<meta name=\"twitter:data2\" content=\"3 minutos\" \/>\n<script type=\"application\/ld+json\" class=\"yoast-schema-graph\">{\"@context\":\"https:\\\/\\\/schema.org\",\"@graph\":[{\"@type\":\"Article\",\"@id\":\"https:\\\/\\\/www.eldiario.net\\\/portal\\\/2024\\\/06\\\/14\\\/diferencias-notables-detectadas-en-el-grosor-de-la-via-lactea\\\/#article\",\"isPartOf\":{\"@id\":\"https:\\\/\\\/www.eldiario.net\\\/portal\\\/2024\\\/06\\\/14\\\/diferencias-notables-detectadas-en-el-grosor-de-la-via-lactea\\\/\"},\"author\":{\"name\":\"Jeanette\",\"@id\":\"https:\\\/\\\/www.eldiario.net\\\/portal\\\/#\\\/schema\\\/person\\\/f46445640444750d7d753ccd04ae01b7\"},\"headline\":\"Diferencias notables detectadas en el grosor de la V\u00eda L\u00e1ctea\",\"datePublished\":\"2024-06-14T10:10:51+00:00\",\"mainEntityOfPage\":{\"@id\":\"https:\\\/\\\/www.eldiario.net\\\/portal\\\/2024\\\/06\\\/14\\\/diferencias-notables-detectadas-en-el-grosor-de-la-via-lactea\\\/\"},\"wordCount\":464,\"commentCount\":0,\"publisher\":{\"@id\":\"https:\\\/\\\/www.eldiario.net\\\/portal\\\/#organization\"},\"image\":{\"@id\":\"https:\\\/\\\/www.eldiario.net\\\/portal\\\/2024\\\/06\\\/14\\\/diferencias-notables-detectadas-en-el-grosor-de-la-via-lactea\\\/#primaryimage\"},\"thumbnailUrl\":\"https:\\\/\\\/www.eldiario.net\\\/portal\\\/wp-content\\\/uploads\\\/2023\\\/12\\\/Internacional.jpg\",\"articleSection\":[\"Internacional\"],\"inLanguage\":\"es\",\"potentialAction\":[{\"@type\":\"CommentAction\",\"name\":\"Comment\",\"target\":[\"https:\\\/\\\/www.eldiario.net\\\/portal\\\/2024\\\/06\\\/14\\\/diferencias-notables-detectadas-en-el-grosor-de-la-via-lactea\\\/#respond\"]}]},{\"@type\":\"WebPage\",\"@id\":\"https:\\\/\\\/www.eldiario.net\\\/portal\\\/2024\\\/06\\\/14\\\/diferencias-notables-detectadas-en-el-grosor-de-la-via-lactea\\\/\",\"url\":\"https:\\\/\\\/www.eldiario.net\\\/portal\\\/2024\\\/06\\\/14\\\/diferencias-notables-detectadas-en-el-grosor-de-la-via-lactea\\\/\",\"name\":\"Diferencias notables detectadas en el grosor de la V\u00eda L\u00e1ctea - El Diario - Bolivia\",\"isPartOf\":{\"@id\":\"https:\\\/\\\/www.eldiario.net\\\/portal\\\/#website\"},\"primaryImageOfPage\":{\"@id\":\"https:\\\/\\\/www.eldiario.net\\\/portal\\\/2024\\\/06\\\/14\\\/diferencias-notables-detectadas-en-el-grosor-de-la-via-lactea\\\/#primaryimage\"},\"image\":{\"@id\":\"https:\\\/\\\/www.eldiario.net\\\/portal\\\/2024\\\/06\\\/14\\\/diferencias-notables-detectadas-en-el-grosor-de-la-via-lactea\\\/#primaryimage\"},\"thumbnailUrl\":\"https:\\\/\\\/www.eldiario.net\\\/portal\\\/wp-content\\\/uploads\\\/2023\\\/12\\\/Internacional.jpg\",\"datePublished\":\"2024-06-14T10:10:51+00:00\",\"breadcrumb\":{\"@id\":\"https:\\\/\\\/www.eldiario.net\\\/portal\\\/2024\\\/06\\\/14\\\/diferencias-notables-detectadas-en-el-grosor-de-la-via-lactea\\\/#breadcrumb\"},\"inLanguage\":\"es\",\"potentialAction\":[{\"@type\":\"ReadAction\",\"target\":[\"https:\\\/\\\/www.eldiario.net\\\/portal\\\/2024\\\/06\\\/14\\\/diferencias-notables-detectadas-en-el-grosor-de-la-via-lactea\\\/\"]}]},{\"@type\":\"ImageObject\",\"inLanguage\":\"es\",\"@id\":\"https:\\\/\\\/www.eldiario.net\\\/portal\\\/2024\\\/06\\\/14\\\/diferencias-notables-detectadas-en-el-grosor-de-la-via-lactea\\\/#primaryimage\",\"url\":\"https:\\\/\\\/www.eldiario.net\\\/portal\\\/wp-content\\\/uploads\\\/2023\\\/12\\\/Internacional.jpg\",\"contentUrl\":\"https:\\\/\\\/www.eldiario.net\\\/portal\\\/wp-content\\\/uploads\\\/2023\\\/12\\\/Internacional.jpg\",\"width\":800,\"height\":500},{\"@type\":\"BreadcrumbList\",\"@id\":\"https:\\\/\\\/www.eldiario.net\\\/portal\\\/2024\\\/06\\\/14\\\/diferencias-notables-detectadas-en-el-grosor-de-la-via-lactea\\\/#breadcrumb\",\"itemListElement\":[{\"@type\":\"ListItem\",\"position\":1,\"name\":\"Portada\",\"item\":\"https:\\\/\\\/www.eldiario.net\\\/portal\\\/\"},{\"@type\":\"ListItem\",\"position\":2,\"name\":\"Diferencias notables detectadas en el grosor de la V\u00eda L\u00e1ctea\"}]},{\"@type\":\"WebSite\",\"@id\":\"https:\\\/\\\/www.eldiario.net\\\/portal\\\/#website\",\"url\":\"https:\\\/\\\/www.eldiario.net\\\/portal\\\/\",\"name\":\"El Diario - Decano de la prensa nacional\",\"description\":\"El Diario - Decano de la prensa nacional\",\"publisher\":{\"@id\":\"https:\\\/\\\/www.eldiario.net\\\/portal\\\/#organization\"},\"potentialAction\":[{\"@type\":\"SearchAction\",\"target\":{\"@type\":\"EntryPoint\",\"urlTemplate\":\"https:\\\/\\\/www.eldiario.net\\\/portal\\\/?s={search_term_string}\"},\"query-input\":{\"@type\":\"PropertyValueSpecification\",\"valueRequired\":true,\"valueName\":\"search_term_string\"}}],\"inLanguage\":\"es\"},{\"@type\":\"Organization\",\"@id\":\"https:\\\/\\\/www.eldiario.net\\\/portal\\\/#organization\",\"name\":\"El Diario - Decano de la prensa nacional\",\"url\":\"https:\\\/\\\/www.eldiario.net\\\/portal\\\/\",\"logo\":{\"@type\":\"ImageObject\",\"inLanguage\":\"es\",\"@id\":\"https:\\\/\\\/www.eldiario.net\\\/portal\\\/#\\\/schema\\\/logo\\\/image\\\/\",\"url\":\"https:\\\/\\\/www.eldiario.net\\\/portal\\\/wp-content\\\/uploads\\\/2023\\\/07\\\/logo_ED.jpg\",\"contentUrl\":\"https:\\\/\\\/www.eldiario.net\\\/portal\\\/wp-content\\\/uploads\\\/2023\\\/07\\\/logo_ED.jpg\",\"width\":272,\"height\":52,\"caption\":\"El Diario - Decano de la prensa nacional\"},\"image\":{\"@id\":\"https:\\\/\\\/www.eldiario.net\\\/portal\\\/#\\\/schema\\\/logo\\\/image\\\/\"},\"sameAs\":[\"https:\\\/\\\/www.facebook.com\\\/eldiario.bolivia\\\/\",\"https:\\\/\\\/x.com\\\/eldiario_net\"]},{\"@type\":\"Person\",\"@id\":\"https:\\\/\\\/www.eldiario.net\\\/portal\\\/#\\\/schema\\\/person\\\/f46445640444750d7d753ccd04ae01b7\",\"name\":\"Jeanette\",\"image\":{\"@type\":\"ImageObject\",\"inLanguage\":\"es\",\"@id\":\"https:\\\/\\\/secure.gravatar.com\\\/avatar\\\/3ea2118a5f7dad2b7138b1187a6b7ee55f160b9968b66013c3a3ef39dd7e5798?s=96&d=mm&r=g\",\"url\":\"https:\\\/\\\/secure.gravatar.com\\\/avatar\\\/3ea2118a5f7dad2b7138b1187a6b7ee55f160b9968b66013c3a3ef39dd7e5798?s=96&d=mm&r=g\",\"contentUrl\":\"https:\\\/\\\/secure.gravatar.com\\\/avatar\\\/3ea2118a5f7dad2b7138b1187a6b7ee55f160b9968b66013c3a3ef39dd7e5798?s=96&d=mm&r=g\",\"caption\":\"Jeanette\"},\"sameAs\":[\"https:\\\/\\\/www.eldiario.net\\\/portal\"],\"url\":\"https:\\\/\\\/www.eldiario.net\\\/portal\\\/author\\\/jeanette\\\/\"}]}<\/script>\n<!-- \/ Yoast SEO plugin. -->","yoast_head_json":{"title":"Diferencias notables detectadas en el grosor de la V\u00eda L\u00e1ctea - El Diario - Bolivia","robots":{"index":"index","follow":"follow","max-snippet":"max-snippet:-1","max-image-preview":"max-image-preview:large","max-video-preview":"max-video-preview:-1"},"canonical":"https:\/\/www.eldiario.net\/portal\/2024\/06\/14\/diferencias-notables-detectadas-en-el-grosor-de-la-via-lactea\/","og_locale":"es_ES","og_type":"article","og_title":"Diferencias notables detectadas en el grosor de la V\u00eda L\u00e1ctea - El Diario - Bolivia","og_description":"Un equipo de astr\u00f3nomos pudo deducir el grosor de las regiones interna y externa de nuestra galaxia, la V\u00eda L\u00e1ctea, para descubrir una diferencia dr\u00e1stica y sorprendente entre ambas. Cient\u00edficos del Observatorio Green Bank (GBO) de la National Science Foundation (NSF) de Estados Unidos, que estaban intentando estudiar la conocida como Nube Smith, escondida detr\u00e1s [&hellip;]","og_url":"https:\/\/www.eldiario.net\/portal\/2024\/06\/14\/diferencias-notables-detectadas-en-el-grosor-de-la-via-lactea\/","og_site_name":"El Diario - Bolivia","article_publisher":"https:\/\/www.facebook.com\/eldiario.bolivia\/","article_published_time":"2024-06-14T10:10:51+00:00","og_image":[{"width":800,"height":500,"url":"https:\/\/www.eldiario.net\/portal\/wp-content\/uploads\/2023\/12\/Internacional.jpg","type":"image\/jpeg"}],"author":"Jeanette","twitter_card":"summary_large_image","twitter_creator":"@eldiario_net","twitter_site":"@eldiario_net","twitter_misc":{"Escrito por":"Jeanette","Tiempo de lectura":"3 minutos"},"schema":{"@context":"https:\/\/schema.org","@graph":[{"@type":"Article","@id":"https:\/\/www.eldiario.net\/portal\/2024\/06\/14\/diferencias-notables-detectadas-en-el-grosor-de-la-via-lactea\/#article","isPartOf":{"@id":"https:\/\/www.eldiario.net\/portal\/2024\/06\/14\/diferencias-notables-detectadas-en-el-grosor-de-la-via-lactea\/"},"author":{"name":"Jeanette","@id":"https:\/\/www.eldiario.net\/portal\/#\/schema\/person\/f46445640444750d7d753ccd04ae01b7"},"headline":"Diferencias notables detectadas en el grosor de la V\u00eda L\u00e1ctea","datePublished":"2024-06-14T10:10:51+00:00","mainEntityOfPage":{"@id":"https:\/\/www.eldiario.net\/portal\/2024\/06\/14\/diferencias-notables-detectadas-en-el-grosor-de-la-via-lactea\/"},"wordCount":464,"commentCount":0,"publisher":{"@id":"https:\/\/www.eldiario.net\/portal\/#organization"},"image":{"@id":"https:\/\/www.eldiario.net\/portal\/2024\/06\/14\/diferencias-notables-detectadas-en-el-grosor-de-la-via-lactea\/#primaryimage"},"thumbnailUrl":"https:\/\/www.eldiario.net\/portal\/wp-content\/uploads\/2023\/12\/Internacional.jpg","articleSection":["Internacional"],"inLanguage":"es","potentialAction":[{"@type":"CommentAction","name":"Comment","target":["https:\/\/www.eldiario.net\/portal\/2024\/06\/14\/diferencias-notables-detectadas-en-el-grosor-de-la-via-lactea\/#respond"]}]},{"@type":"WebPage","@id":"https:\/\/www.eldiario.net\/portal\/2024\/06\/14\/diferencias-notables-detectadas-en-el-grosor-de-la-via-lactea\/","url":"https:\/\/www.eldiario.net\/portal\/2024\/06\/14\/diferencias-notables-detectadas-en-el-grosor-de-la-via-lactea\/","name":"Diferencias notables detectadas en el grosor de la V\u00eda L\u00e1ctea - El Diario - Bolivia","isPartOf":{"@id":"https:\/\/www.eldiario.net\/portal\/#website"},"primaryImageOfPage":{"@id":"https:\/\/www.eldiario.net\/portal\/2024\/06\/14\/diferencias-notables-detectadas-en-el-grosor-de-la-via-lactea\/#primaryimage"},"image":{"@id":"https:\/\/www.eldiario.net\/portal\/2024\/06\/14\/diferencias-notables-detectadas-en-el-grosor-de-la-via-lactea\/#primaryimage"},"thumbnailUrl":"https:\/\/www.eldiario.net\/portal\/wp-content\/uploads\/2023\/12\/Internacional.jpg","datePublished":"2024-06-14T10:10:51+00:00","breadcrumb":{"@id":"https:\/\/www.eldiario.net\/portal\/2024\/06\/14\/diferencias-notables-detectadas-en-el-grosor-de-la-via-lactea\/#breadcrumb"},"inLanguage":"es","potentialAction":[{"@type":"ReadAction","target":["https:\/\/www.eldiario.net\/portal\/2024\/06\/14\/diferencias-notables-detectadas-en-el-grosor-de-la-via-lactea\/"]}]},{"@type":"ImageObject","inLanguage":"es","@id":"https:\/\/www.eldiario.net\/portal\/2024\/06\/14\/diferencias-notables-detectadas-en-el-grosor-de-la-via-lactea\/#primaryimage","url":"https:\/\/www.eldiario.net\/portal\/wp-content\/uploads\/2023\/12\/Internacional.jpg","contentUrl":"https:\/\/www.eldiario.net\/portal\/wp-content\/uploads\/2023\/12\/Internacional.jpg","width":800,"height":500},{"@type":"BreadcrumbList","@id":"https:\/\/www.eldiario.net\/portal\/2024\/06\/14\/diferencias-notables-detectadas-en-el-grosor-de-la-via-lactea\/#breadcrumb","itemListElement":[{"@type":"ListItem","position":1,"name":"Portada","item":"https:\/\/www.eldiario.net\/portal\/"},{"@type":"ListItem","position":2,"name":"Diferencias notables detectadas en el grosor de la V\u00eda L\u00e1ctea"}]},{"@type":"WebSite","@id":"https:\/\/www.eldiario.net\/portal\/#website","url":"https:\/\/www.eldiario.net\/portal\/","name":"El Diario - Decano de la prensa nacional","description":"El Diario - Decano de la prensa nacional","publisher":{"@id":"https:\/\/www.eldiario.net\/portal\/#organization"},"potentialAction":[{"@type":"SearchAction","target":{"@type":"EntryPoint","urlTemplate":"https:\/\/www.eldiario.net\/portal\/?s={search_term_string}"},"query-input":{"@type":"PropertyValueSpecification","valueRequired":true,"valueName":"search_term_string"}}],"inLanguage":"es"},{"@type":"Organization","@id":"https:\/\/www.eldiario.net\/portal\/#organization","name":"El Diario - Decano de la prensa nacional","url":"https:\/\/www.eldiario.net\/portal\/","logo":{"@type":"ImageObject","inLanguage":"es","@id":"https:\/\/www.eldiario.net\/portal\/#\/schema\/logo\/image\/","url":"https:\/\/www.eldiario.net\/portal\/wp-content\/uploads\/2023\/07\/logo_ED.jpg","contentUrl":"https:\/\/www.eldiario.net\/portal\/wp-content\/uploads\/2023\/07\/logo_ED.jpg","width":272,"height":52,"caption":"El Diario - Decano de la prensa nacional"},"image":{"@id":"https:\/\/www.eldiario.net\/portal\/#\/schema\/logo\/image\/"},"sameAs":["https:\/\/www.facebook.com\/eldiario.bolivia\/","https:\/\/x.com\/eldiario_net"]},{"@type":"Person","@id":"https:\/\/www.eldiario.net\/portal\/#\/schema\/person\/f46445640444750d7d753ccd04ae01b7","name":"Jeanette","image":{"@type":"ImageObject","inLanguage":"es","@id":"https:\/\/secure.gravatar.com\/avatar\/3ea2118a5f7dad2b7138b1187a6b7ee55f160b9968b66013c3a3ef39dd7e5798?s=96&d=mm&r=g","url":"https:\/\/secure.gravatar.com\/avatar\/3ea2118a5f7dad2b7138b1187a6b7ee55f160b9968b66013c3a3ef39dd7e5798?s=96&d=mm&r=g","contentUrl":"https:\/\/secure.gravatar.com\/avatar\/3ea2118a5f7dad2b7138b1187a6b7ee55f160b9968b66013c3a3ef39dd7e5798?s=96&d=mm&r=g","caption":"Jeanette"},"sameAs":["https:\/\/www.eldiario.net\/portal"],"url":"https:\/\/www.eldiario.net\/portal\/author\/jeanette\/"}]}},"_links":{"self":[{"href":"https:\/\/www.eldiario.net\/portal\/wp-json\/wp\/v2\/posts\/227080","targetHints":{"allow":["GET"]}}],"collection":[{"href":"https:\/\/www.eldiario.net\/portal\/wp-json\/wp\/v2\/posts"}],"about":[{"href":"https:\/\/www.eldiario.net\/portal\/wp-json\/wp\/v2\/types\/post"}],"author":[{"embeddable":true,"href":"https:\/\/www.eldiario.net\/portal\/wp-json\/wp\/v2\/users\/1"}],"replies":[{"embeddable":true,"href":"https:\/\/www.eldiario.net\/portal\/wp-json\/wp\/v2\/comments?post=227080"}],"version-history":[{"count":1,"href":"https:\/\/www.eldiario.net\/portal\/wp-json\/wp\/v2\/posts\/227080\/revisions"}],"predecessor-version":[{"id":227081,"href":"https:\/\/www.eldiario.net\/portal\/wp-json\/wp\/v2\/posts\/227080\/revisions\/227081"}],"wp:featuredmedia":[{"embeddable":true,"href":"https:\/\/www.eldiario.net\/portal\/wp-json\/wp\/v2\/media\/194703"}],"wp:attachment":[{"href":"https:\/\/www.eldiario.net\/portal\/wp-json\/wp\/v2\/media?parent=227080"}],"wp:term":[{"taxonomy":"category","embeddable":true,"href":"https:\/\/www.eldiario.net\/portal\/wp-json\/wp\/v2\/categories?post=227080"},{"taxonomy":"post_tag","embeddable":true,"href":"https:\/\/www.eldiario.net\/portal\/wp-json\/wp\/v2\/tags?post=227080"}],"curies":[{"name":"wp","href":"https:\/\/api.w.org\/{rel}","templated":true}]}}