{"id":227077,"date":"2024-06-14T06:10:13","date_gmt":"2024-06-14T10:10:13","guid":{"rendered":"https:\/\/www.eldiario.net\/portal\/?p=227077"},"modified":"2024-06-14T06:10:13","modified_gmt":"2024-06-14T10:10:13","slug":"reconstruyen-dos-dias-de-hechos-del-caso-odalys","status":"publish","type":"post","link":"https:\/\/www.eldiario.net\/portal\/2024\/06\/14\/reconstruyen-dos-dias-de-hechos-del-caso-odalys\/","title":{"rendered":"Reconstruyen dos d\u00edas de hechos del caso Odalys"},"content":{"rendered":"<p>A 75 d\u00edas de la desaparici\u00f3n de la joven madre, Odalys Vaquiata, en la regi\u00f3n de los Yungas de La Paz, la Polic\u00eda y la Fiscal\u00eda realizan desde ayer la reconstrucci\u00f3n de los hechos a partir de las declaraciones del imputado, Joel P., la \u00faltima pareja de la mujer y con quien comparti\u00f3 sus \u00faltimos momentos antes de desaparecer.<br \/>\nCerca del mediod\u00eda de ayer, el recorrido inici\u00f3 en el domicilio de Joel; luego, el equipo investigador sigui\u00f3 a un supermercado donde la pareja compr\u00f3 alimentos para su viaje a los Yungas; un tercer punto fue la tranca de Urujara, en horas de la tarde; finalmente, la \u00faltima parada fue en Toca\u00f1a, donde la pareja supuestamente tuvo la discusi\u00f3n y Vaquiata fue vista por \u00faltima vez.<br \/>\n\u201cSe (est\u00e1 haciendo) el recorrido seg\u00fan la versi\u00f3n de la declaraci\u00f3n del imputado y los datos investigativos, informes y triangulaciones que se han podido realizar durante la etapa investigativa\u201d, inform\u00f3 ayer la fiscal de Delitos Contra la Trata y Tr\u00e1fico de Personas, Sheyla Rodr\u00edguez.<br \/>\nLa fiscal agreg\u00f3 que la nueva inspecci\u00f3n t\u00e9cnica ocular contar\u00eda con la participaci\u00f3n de testigos, sindicados, familiares de la v\u00edctima y una comisi\u00f3n de fiscales asignados al caso. Iniciada ayer, la reconstrucci\u00f3n de hechos concluir\u00e1 este viernes, seg\u00fan afirm\u00f3 la abogada, M\u00f3nica Irusta, defensora legal de un allegado del imputado.<br \/>\nCon el objeto de llegar a la verdad hist\u00f3rica de los hechos, se dio a conocer que el recorrido incluir\u00e1 la ruta de Toca\u00f1a a Yolosita, ida y vuelta, de acuerdo con informaci\u00f3n de Br\u00fajula Digital.<\/p>\n<p>IMPLICADOS<br \/>\nLuego de las declaraciones de Joel, un amigo suyo fue sindicado al informar a la Fiscal\u00eda que el 31 de marzo mantuvieron una comunicaci\u00f3n en la que \u00e9ste afirm\u00f3 haber visto a Odalys en Coroico. Sin embargo, el allegado neg\u00f3 cualquier implicaci\u00f3n en el caso y de momento se defiende en libertad.<br \/>\nOtro teniente implicado en el caso, Jos\u00e9 Mar\u00eda A., exclam\u00f3 ser inocente luego de salir ayer de la Fiscal\u00eda y aleg\u00f3 que no planific\u00f3 ning\u00fan crimen con el imputado, como se lo acusa. \u201cSoy inocente en este caso, pido a las autoridades que realicen una investigaci\u00f3n objetiva, nada m\u00e1s\u201d, afirm\u00f3. El uniformado fue sindicado por haber sostenido llamadas telef\u00f3nicas con Joel despu\u00e9s de la desaparici\u00f3n de la mujer.<\/p>\n<p>SIETE VERSIONES<br \/>\nPor su lado, la defensa de la v\u00edctima, Franklin Chocalluka, indic\u00f3 que se espera comprobar el supuesto hecho de que Joel habr\u00eda brindado m\u00e1s de siete versiones sobre la desaparici\u00f3n de su expareja, Odalys Vaquiata. \u201cVamos a poder corroborar todas las contradicciones que (el imputado) ha ido dando todo este tiempo\u201d, explic\u00f3 el jurista.<br \/>\nA lo largo del proceso, se acus\u00f3 al imputado de brindar declaraciones contradictorias respecto a los hechos que ocurrieron entre el 29 y el 30 de marzo de 2024. Al respecto, el joven aleg\u00f3 que no recordaba con claridad los hechos por los efectos del alcohol.<\/p>\n<p>EL CASO<br \/>\nLa mujer de 28 a\u00f1os desapareci\u00f3 el 30 de marzo en Yolosita, ubicada en la provincia Nor Yungas del departamento de La Paz, cuando fue de paseo con su pareja hasta Toca\u00f1a para pasar el feriado largo de Semana Santa.<br \/>\nEl novio indic\u00f3 que ambos tuvieron una discusi\u00f3n y ella se baj\u00f3 del veh\u00edculo en medio de la carretera en los Yungas. Seg\u00fan \u00e9l, la mujer abandon\u00f3 el veh\u00edculo y dej\u00f3 sus pertenencias luego de la pelea, aunque las investigaciones muestran contradicciones con esta versi\u00f3n.<br \/>\nEl imputado cumple detenci\u00f3n preventiva en la c\u00e1rcel de Chonchocoro, emplazada en el municipio de Viacha, junto con su amigo, Jos\u00e9 Mar\u00eda A., quien presuntamente \u201cdirig\u00eda\u201d el accionar de la familia y quien es acusado de filtrar la informaci\u00f3n para entorpecer la investigaci\u00f3n.<\/p>\n<p>&nbsp;<\/p>\n","protected":false},"excerpt":{"rendered":"<p>A 75 d\u00edas de la desaparici\u00f3n de la joven madre, Odalys Vaquiata, en la regi\u00f3n de los Yungas de La Paz, la Polic\u00eda y la Fiscal\u00eda realizan desde ayer la reconstrucci\u00f3n de los hechos a partir de las declaraciones del imputado, Joel P., la \u00faltima pareja de la mujer y con quien comparti\u00f3 sus \u00faltimos [&hellip;]<\/p>\n","protected":false},"author":1,"featured_media":227078,"comment_status":"open","ping_status":"open","sticky":false,"template":"","format":"standard","meta":{"_acf_changed":false,"footnotes":""},"categories":[39],"tags":[],"class_list":["post-227077","post","type-post","status-publish","format-standard","has-post-thumbnail","category-sociedad"],"acf":{"antetitulo":"75 d\u00edas desaparecida"},"yoast_head":"<!-- This site is optimized with the Yoast SEO plugin v28.4 - https:\/\/yoast.com\/product\/yoast-seo-wordpress\/ -->\n<title>Reconstruyen dos d\u00edas de hechos del caso Odalys - El Diario - Bolivia<\/title>\n<meta name=\"robots\" content=\"index, follow, max-snippet:-1, max-image-preview:large, max-video-preview:-1\" \/>\n<link rel=\"canonical\" href=\"https:\/\/www.eldiario.net\/portal\/2024\/06\/14\/reconstruyen-dos-dias-de-hechos-del-caso-odalys\/\" \/>\n<meta property=\"og:locale\" content=\"es_ES\" \/>\n<meta property=\"og:type\" content=\"article\" \/>\n<meta property=\"og:title\" content=\"Reconstruyen dos d\u00edas de hechos del caso Odalys - El Diario - Bolivia\" \/>\n<meta property=\"og:description\" content=\"A 75 d\u00edas de la desaparici\u00f3n de la joven madre, Odalys Vaquiata, en la regi\u00f3n de los Yungas de La Paz, la Polic\u00eda y la Fiscal\u00eda realizan desde ayer la reconstrucci\u00f3n de los hechos a partir de las declaraciones del imputado, Joel P., la \u00faltima pareja de la mujer y con quien comparti\u00f3 sus \u00faltimos [&hellip;]\" \/>\n<meta property=\"og:url\" content=\"https:\/\/www.eldiario.net\/portal\/2024\/06\/14\/reconstruyen-dos-dias-de-hechos-del-caso-odalys\/\" \/>\n<meta property=\"og:site_name\" content=\"El Diario - Bolivia\" \/>\n<meta property=\"article:publisher\" content=\"https:\/\/www.facebook.com\/eldiario.bolivia\/\" \/>\n<meta property=\"article:published_time\" content=\"2024-06-14T10:10:13+00:00\" \/>\n<meta property=\"og:image\" content=\"https:\/\/www.eldiario.net\/portal\/wp-content\/uploads\/2024\/06\/14-ODALYS.jpg\" \/>\n\t<meta property=\"og:image:width\" content=\"992\" \/>\n\t<meta property=\"og:image:height\" content=\"661\" \/>\n\t<meta property=\"og:image:type\" content=\"image\/jpeg\" \/>\n<meta name=\"author\" content=\"Jeanette\" \/>\n<meta name=\"twitter:card\" content=\"summary_large_image\" \/>\n<meta name=\"twitter:creator\" content=\"@eldiario_net\" \/>\n<meta name=\"twitter:site\" content=\"@eldiario_net\" \/>\n<meta name=\"twitter:label1\" content=\"Escrito por\" \/>\n\t<meta name=\"twitter:data1\" content=\"Jeanette\" \/>\n\t<meta name=\"twitter:label2\" content=\"Tiempo de lectura\" \/>\n\t<meta name=\"twitter:data2\" content=\"3 minutos\" \/>\n<script type=\"application\/ld+json\" class=\"yoast-schema-graph\">{\"@context\":\"https:\\\/\\\/schema.org\",\"@graph\":[{\"@type\":\"Article\",\"@id\":\"https:\\\/\\\/www.eldiario.net\\\/portal\\\/2024\\\/06\\\/14\\\/reconstruyen-dos-dias-de-hechos-del-caso-odalys\\\/#article\",\"isPartOf\":{\"@id\":\"https:\\\/\\\/www.eldiario.net\\\/portal\\\/2024\\\/06\\\/14\\\/reconstruyen-dos-dias-de-hechos-del-caso-odalys\\\/\"},\"author\":{\"name\":\"Jeanette\",\"@id\":\"https:\\\/\\\/www.eldiario.net\\\/portal\\\/#\\\/schema\\\/person\\\/f46445640444750d7d753ccd04ae01b7\"},\"headline\":\"Reconstruyen dos d\u00edas de hechos del caso Odalys\",\"datePublished\":\"2024-06-14T10:10:13+00:00\",\"mainEntityOfPage\":{\"@id\":\"https:\\\/\\\/www.eldiario.net\\\/portal\\\/2024\\\/06\\\/14\\\/reconstruyen-dos-dias-de-hechos-del-caso-odalys\\\/\"},\"wordCount\":666,\"commentCount\":0,\"publisher\":{\"@id\":\"https:\\\/\\\/www.eldiario.net\\\/portal\\\/#organization\"},\"image\":{\"@id\":\"https:\\\/\\\/www.eldiario.net\\\/portal\\\/2024\\\/06\\\/14\\\/reconstruyen-dos-dias-de-hechos-del-caso-odalys\\\/#primaryimage\"},\"thumbnailUrl\":\"https:\\\/\\\/www.eldiario.net\\\/portal\\\/wp-content\\\/uploads\\\/2024\\\/06\\\/14-ODALYS.jpg\",\"articleSection\":[\"Sociedad - Seguridad\"],\"inLanguage\":\"es\",\"potentialAction\":[{\"@type\":\"CommentAction\",\"name\":\"Comment\",\"target\":[\"https:\\\/\\\/www.eldiario.net\\\/portal\\\/2024\\\/06\\\/14\\\/reconstruyen-dos-dias-de-hechos-del-caso-odalys\\\/#respond\"]}]},{\"@type\":\"WebPage\",\"@id\":\"https:\\\/\\\/www.eldiario.net\\\/portal\\\/2024\\\/06\\\/14\\\/reconstruyen-dos-dias-de-hechos-del-caso-odalys\\\/\",\"url\":\"https:\\\/\\\/www.eldiario.net\\\/portal\\\/2024\\\/06\\\/14\\\/reconstruyen-dos-dias-de-hechos-del-caso-odalys\\\/\",\"name\":\"Reconstruyen dos d\u00edas de hechos del caso Odalys - El Diario - Bolivia\",\"isPartOf\":{\"@id\":\"https:\\\/\\\/www.eldiario.net\\\/portal\\\/#website\"},\"primaryImageOfPage\":{\"@id\":\"https:\\\/\\\/www.eldiario.net\\\/portal\\\/2024\\\/06\\\/14\\\/reconstruyen-dos-dias-de-hechos-del-caso-odalys\\\/#primaryimage\"},\"image\":{\"@id\":\"https:\\\/\\\/www.eldiario.net\\\/portal\\\/2024\\\/06\\\/14\\\/reconstruyen-dos-dias-de-hechos-del-caso-odalys\\\/#primaryimage\"},\"thumbnailUrl\":\"https:\\\/\\\/www.eldiario.net\\\/portal\\\/wp-content\\\/uploads\\\/2024\\\/06\\\/14-ODALYS.jpg\",\"datePublished\":\"2024-06-14T10:10:13+00:00\",\"breadcrumb\":{\"@id\":\"https:\\\/\\\/www.eldiario.net\\\/portal\\\/2024\\\/06\\\/14\\\/reconstruyen-dos-dias-de-hechos-del-caso-odalys\\\/#breadcrumb\"},\"inLanguage\":\"es\",\"potentialAction\":[{\"@type\":\"ReadAction\",\"target\":[\"https:\\\/\\\/www.eldiario.net\\\/portal\\\/2024\\\/06\\\/14\\\/reconstruyen-dos-dias-de-hechos-del-caso-odalys\\\/\"]}]},{\"@type\":\"ImageObject\",\"inLanguage\":\"es\",\"@id\":\"https:\\\/\\\/www.eldiario.net\\\/portal\\\/2024\\\/06\\\/14\\\/reconstruyen-dos-dias-de-hechos-del-caso-odalys\\\/#primaryimage\",\"url\":\"https:\\\/\\\/www.eldiario.net\\\/portal\\\/wp-content\\\/uploads\\\/2024\\\/06\\\/14-ODALYS.jpg\",\"contentUrl\":\"https:\\\/\\\/www.eldiario.net\\\/portal\\\/wp-content\\\/uploads\\\/2024\\\/06\\\/14-ODALYS.jpg\",\"width\":992,\"height\":661,\"caption\":\"Vaquiata desapareci\u00f3 en Semana Santa a fines de marzo, antes de cumplir 28 a\u00f1os.\"},{\"@type\":\"BreadcrumbList\",\"@id\":\"https:\\\/\\\/www.eldiario.net\\\/portal\\\/2024\\\/06\\\/14\\\/reconstruyen-dos-dias-de-hechos-del-caso-odalys\\\/#breadcrumb\",\"itemListElement\":[{\"@type\":\"ListItem\",\"position\":1,\"name\":\"Portada\",\"item\":\"https:\\\/\\\/www.eldiario.net\\\/portal\\\/\"},{\"@type\":\"ListItem\",\"position\":2,\"name\":\"Reconstruyen dos d\u00edas de hechos del caso Odalys\"}]},{\"@type\":\"WebSite\",\"@id\":\"https:\\\/\\\/www.eldiario.net\\\/portal\\\/#website\",\"url\":\"https:\\\/\\\/www.eldiario.net\\\/portal\\\/\",\"name\":\"El Diario - Decano de la prensa nacional\",\"description\":\"El Diario - Decano de la prensa nacional\",\"publisher\":{\"@id\":\"https:\\\/\\\/www.eldiario.net\\\/portal\\\/#organization\"},\"potentialAction\":[{\"@type\":\"SearchAction\",\"target\":{\"@type\":\"EntryPoint\",\"urlTemplate\":\"https:\\\/\\\/www.eldiario.net\\\/portal\\\/?s={search_term_string}\"},\"query-input\":{\"@type\":\"PropertyValueSpecification\",\"valueRequired\":true,\"valueName\":\"search_term_string\"}}],\"inLanguage\":\"es\"},{\"@type\":\"Organization\",\"@id\":\"https:\\\/\\\/www.eldiario.net\\\/portal\\\/#organization\",\"name\":\"El Diario - Decano de la prensa nacional\",\"url\":\"https:\\\/\\\/www.eldiario.net\\\/portal\\\/\",\"logo\":{\"@type\":\"ImageObject\",\"inLanguage\":\"es\",\"@id\":\"https:\\\/\\\/www.eldiario.net\\\/portal\\\/#\\\/schema\\\/logo\\\/image\\\/\",\"url\":\"https:\\\/\\\/www.eldiario.net\\\/portal\\\/wp-content\\\/uploads\\\/2023\\\/07\\\/logo_ED.jpg\",\"contentUrl\":\"https:\\\/\\\/www.eldiario.net\\\/portal\\\/wp-content\\\/uploads\\\/2023\\\/07\\\/logo_ED.jpg\",\"width\":272,\"height\":52,\"caption\":\"El Diario - Decano de la prensa nacional\"},\"image\":{\"@id\":\"https:\\\/\\\/www.eldiario.net\\\/portal\\\/#\\\/schema\\\/logo\\\/image\\\/\"},\"sameAs\":[\"https:\\\/\\\/www.facebook.com\\\/eldiario.bolivia\\\/\",\"https:\\\/\\\/x.com\\\/eldiario_net\"]},{\"@type\":\"Person\",\"@id\":\"https:\\\/\\\/www.eldiario.net\\\/portal\\\/#\\\/schema\\\/person\\\/f46445640444750d7d753ccd04ae01b7\",\"name\":\"Jeanette\",\"image\":{\"@type\":\"ImageObject\",\"inLanguage\":\"es\",\"@id\":\"https:\\\/\\\/secure.gravatar.com\\\/avatar\\\/3ea2118a5f7dad2b7138b1187a6b7ee55f160b9968b66013c3a3ef39dd7e5798?s=96&d=mm&r=g\",\"url\":\"https:\\\/\\\/secure.gravatar.com\\\/avatar\\\/3ea2118a5f7dad2b7138b1187a6b7ee55f160b9968b66013c3a3ef39dd7e5798?s=96&d=mm&r=g\",\"contentUrl\":\"https:\\\/\\\/secure.gravatar.com\\\/avatar\\\/3ea2118a5f7dad2b7138b1187a6b7ee55f160b9968b66013c3a3ef39dd7e5798?s=96&d=mm&r=g\",\"caption\":\"Jeanette\"},\"sameAs\":[\"https:\\\/\\\/www.eldiario.net\\\/portal\"],\"url\":\"https:\\\/\\\/www.eldiario.net\\\/portal\\\/author\\\/jeanette\\\/\"}]}<\/script>\n<!-- \/ Yoast SEO plugin. -->","yoast_head_json":{"title":"Reconstruyen dos d\u00edas de hechos del caso Odalys - El Diario - Bolivia","robots":{"index":"index","follow":"follow","max-snippet":"max-snippet:-1","max-image-preview":"max-image-preview:large","max-video-preview":"max-video-preview:-1"},"canonical":"https:\/\/www.eldiario.net\/portal\/2024\/06\/14\/reconstruyen-dos-dias-de-hechos-del-caso-odalys\/","og_locale":"es_ES","og_type":"article","og_title":"Reconstruyen dos d\u00edas de hechos del caso Odalys - El Diario - Bolivia","og_description":"A 75 d\u00edas de la desaparici\u00f3n de la joven madre, Odalys Vaquiata, en la regi\u00f3n de los Yungas de La Paz, la Polic\u00eda y la Fiscal\u00eda realizan desde ayer la reconstrucci\u00f3n de los hechos a partir de las declaraciones del imputado, Joel P., la \u00faltima pareja de la mujer y con quien comparti\u00f3 sus \u00faltimos [&hellip;]","og_url":"https:\/\/www.eldiario.net\/portal\/2024\/06\/14\/reconstruyen-dos-dias-de-hechos-del-caso-odalys\/","og_site_name":"El Diario - Bolivia","article_publisher":"https:\/\/www.facebook.com\/eldiario.bolivia\/","article_published_time":"2024-06-14T10:10:13+00:00","og_image":[{"width":992,"height":661,"url":"https:\/\/www.eldiario.net\/portal\/wp-content\/uploads\/2024\/06\/14-ODALYS.jpg","type":"image\/jpeg"}],"author":"Jeanette","twitter_card":"summary_large_image","twitter_creator":"@eldiario_net","twitter_site":"@eldiario_net","twitter_misc":{"Escrito por":"Jeanette","Tiempo de lectura":"3 minutos"},"schema":{"@context":"https:\/\/schema.org","@graph":[{"@type":"Article","@id":"https:\/\/www.eldiario.net\/portal\/2024\/06\/14\/reconstruyen-dos-dias-de-hechos-del-caso-odalys\/#article","isPartOf":{"@id":"https:\/\/www.eldiario.net\/portal\/2024\/06\/14\/reconstruyen-dos-dias-de-hechos-del-caso-odalys\/"},"author":{"name":"Jeanette","@id":"https:\/\/www.eldiario.net\/portal\/#\/schema\/person\/f46445640444750d7d753ccd04ae01b7"},"headline":"Reconstruyen dos d\u00edas de hechos del caso Odalys","datePublished":"2024-06-14T10:10:13+00:00","mainEntityOfPage":{"@id":"https:\/\/www.eldiario.net\/portal\/2024\/06\/14\/reconstruyen-dos-dias-de-hechos-del-caso-odalys\/"},"wordCount":666,"commentCount":0,"publisher":{"@id":"https:\/\/www.eldiario.net\/portal\/#organization"},"image":{"@id":"https:\/\/www.eldiario.net\/portal\/2024\/06\/14\/reconstruyen-dos-dias-de-hechos-del-caso-odalys\/#primaryimage"},"thumbnailUrl":"https:\/\/www.eldiario.net\/portal\/wp-content\/uploads\/2024\/06\/14-ODALYS.jpg","articleSection":["Sociedad - Seguridad"],"inLanguage":"es","potentialAction":[{"@type":"CommentAction","name":"Comment","target":["https:\/\/www.eldiario.net\/portal\/2024\/06\/14\/reconstruyen-dos-dias-de-hechos-del-caso-odalys\/#respond"]}]},{"@type":"WebPage","@id":"https:\/\/www.eldiario.net\/portal\/2024\/06\/14\/reconstruyen-dos-dias-de-hechos-del-caso-odalys\/","url":"https:\/\/www.eldiario.net\/portal\/2024\/06\/14\/reconstruyen-dos-dias-de-hechos-del-caso-odalys\/","name":"Reconstruyen dos d\u00edas de hechos del caso Odalys - El Diario - Bolivia","isPartOf":{"@id":"https:\/\/www.eldiario.net\/portal\/#website"},"primaryImageOfPage":{"@id":"https:\/\/www.eldiario.net\/portal\/2024\/06\/14\/reconstruyen-dos-dias-de-hechos-del-caso-odalys\/#primaryimage"},"image":{"@id":"https:\/\/www.eldiario.net\/portal\/2024\/06\/14\/reconstruyen-dos-dias-de-hechos-del-caso-odalys\/#primaryimage"},"thumbnailUrl":"https:\/\/www.eldiario.net\/portal\/wp-content\/uploads\/2024\/06\/14-ODALYS.jpg","datePublished":"2024-06-14T10:10:13+00:00","breadcrumb":{"@id":"https:\/\/www.eldiario.net\/portal\/2024\/06\/14\/reconstruyen-dos-dias-de-hechos-del-caso-odalys\/#breadcrumb"},"inLanguage":"es","potentialAction":[{"@type":"ReadAction","target":["https:\/\/www.eldiario.net\/portal\/2024\/06\/14\/reconstruyen-dos-dias-de-hechos-del-caso-odalys\/"]}]},{"@type":"ImageObject","inLanguage":"es","@id":"https:\/\/www.eldiario.net\/portal\/2024\/06\/14\/reconstruyen-dos-dias-de-hechos-del-caso-odalys\/#primaryimage","url":"https:\/\/www.eldiario.net\/portal\/wp-content\/uploads\/2024\/06\/14-ODALYS.jpg","contentUrl":"https:\/\/www.eldiario.net\/portal\/wp-content\/uploads\/2024\/06\/14-ODALYS.jpg","width":992,"height":661,"caption":"Vaquiata desapareci\u00f3 en Semana Santa a fines de marzo, antes de cumplir 28 a\u00f1os."},{"@type":"BreadcrumbList","@id":"https:\/\/www.eldiario.net\/portal\/2024\/06\/14\/reconstruyen-dos-dias-de-hechos-del-caso-odalys\/#breadcrumb","itemListElement":[{"@type":"ListItem","position":1,"name":"Portada","item":"https:\/\/www.eldiario.net\/portal\/"},{"@type":"ListItem","position":2,"name":"Reconstruyen dos d\u00edas de hechos del caso Odalys"}]},{"@type":"WebSite","@id":"https:\/\/www.eldiario.net\/portal\/#website","url":"https:\/\/www.eldiario.net\/portal\/","name":"El Diario - Decano de la prensa nacional","description":"El Diario - Decano de la prensa nacional","publisher":{"@id":"https:\/\/www.eldiario.net\/portal\/#organization"},"potentialAction":[{"@type":"SearchAction","target":{"@type":"EntryPoint","urlTemplate":"https:\/\/www.eldiario.net\/portal\/?s={search_term_string}"},"query-input":{"@type":"PropertyValueSpecification","valueRequired":true,"valueName":"search_term_string"}}],"inLanguage":"es"},{"@type":"Organization","@id":"https:\/\/www.eldiario.net\/portal\/#organization","name":"El Diario - Decano de la prensa nacional","url":"https:\/\/www.eldiario.net\/portal\/","logo":{"@type":"ImageObject","inLanguage":"es","@id":"https:\/\/www.eldiario.net\/portal\/#\/schema\/logo\/image\/","url":"https:\/\/www.eldiario.net\/portal\/wp-content\/uploads\/2023\/07\/logo_ED.jpg","contentUrl":"https:\/\/www.eldiario.net\/portal\/wp-content\/uploads\/2023\/07\/logo_ED.jpg","width":272,"height":52,"caption":"El Diario - Decano de la prensa nacional"},"image":{"@id":"https:\/\/www.eldiario.net\/portal\/#\/schema\/logo\/image\/"},"sameAs":["https:\/\/www.facebook.com\/eldiario.bolivia\/","https:\/\/x.com\/eldiario_net"]},{"@type":"Person","@id":"https:\/\/www.eldiario.net\/portal\/#\/schema\/person\/f46445640444750d7d753ccd04ae01b7","name":"Jeanette","image":{"@type":"ImageObject","inLanguage":"es","@id":"https:\/\/secure.gravatar.com\/avatar\/3ea2118a5f7dad2b7138b1187a6b7ee55f160b9968b66013c3a3ef39dd7e5798?s=96&d=mm&r=g","url":"https:\/\/secure.gravatar.com\/avatar\/3ea2118a5f7dad2b7138b1187a6b7ee55f160b9968b66013c3a3ef39dd7e5798?s=96&d=mm&r=g","contentUrl":"https:\/\/secure.gravatar.com\/avatar\/3ea2118a5f7dad2b7138b1187a6b7ee55f160b9968b66013c3a3ef39dd7e5798?s=96&d=mm&r=g","caption":"Jeanette"},"sameAs":["https:\/\/www.eldiario.net\/portal"],"url":"https:\/\/www.eldiario.net\/portal\/author\/jeanette\/"}]}},"_links":{"self":[{"href":"https:\/\/www.eldiario.net\/portal\/wp-json\/wp\/v2\/posts\/227077","targetHints":{"allow":["GET"]}}],"collection":[{"href":"https:\/\/www.eldiario.net\/portal\/wp-json\/wp\/v2\/posts"}],"about":[{"href":"https:\/\/www.eldiario.net\/portal\/wp-json\/wp\/v2\/types\/post"}],"author":[{"embeddable":true,"href":"https:\/\/www.eldiario.net\/portal\/wp-json\/wp\/v2\/users\/1"}],"replies":[{"embeddable":true,"href":"https:\/\/www.eldiario.net\/portal\/wp-json\/wp\/v2\/comments?post=227077"}],"version-history":[{"count":1,"href":"https:\/\/www.eldiario.net\/portal\/wp-json\/wp\/v2\/posts\/227077\/revisions"}],"predecessor-version":[{"id":227079,"href":"https:\/\/www.eldiario.net\/portal\/wp-json\/wp\/v2\/posts\/227077\/revisions\/227079"}],"wp:featuredmedia":[{"embeddable":true,"href":"https:\/\/www.eldiario.net\/portal\/wp-json\/wp\/v2\/media\/227078"}],"wp:attachment":[{"href":"https:\/\/www.eldiario.net\/portal\/wp-json\/wp\/v2\/media?parent=227077"}],"wp:term":[{"taxonomy":"category","embeddable":true,"href":"https:\/\/www.eldiario.net\/portal\/wp-json\/wp\/v2\/categories?post=227077"},{"taxonomy":"post_tag","embeddable":true,"href":"https:\/\/www.eldiario.net\/portal\/wp-json\/wp\/v2\/tags?post=227077"}],"curies":[{"name":"wp","href":"https:\/\/api.w.org\/{rel}","templated":true}]}}